{"id":10367,"date":"2023-05-22T11:47:31","date_gmt":"2023-05-22T09:47:31","guid":{"rendered":"https:\/\/casal.puntzero.cat\/insercion-laboral-que-es\/"},"modified":"2023-05-23T13:09:33","modified_gmt":"2023-05-23T11:09:33","slug":"insercion-laboral-que-es","status":"publish","type":"post","link":"https:\/\/www.casaldelsinfants.org\/es\/actualidad\/insercion-laboral-que-es\/","title":{"rendered":"Qu\u00e9 es la inserci\u00f3n laboral"},"content":{"rendered":"<p><meta charset=\"utf-8\" \/><span style=\"color:#000000;\">La <strong>inserci\u00f3n laboral<\/strong> es el proceso necesario para que una persona pueda conseguir un empleo y forjarse una carrera profesional. Cuanto m\u00e1s se acerca el empleo conseguido a las habilidades y expectativas profesionales de la persona, mejor y m\u00e1s satisfecha se siente \u00e9sta a nivel personal y profesional.\u00a0<\/span><\/p>\n<p dir=\"ltr\"><span style=\"color:#000000;\">En este art\u00edculo os explicaremos qu\u00e9 es la inserci\u00f3n laboral, <strong>a qui\u00e9n van dirigidas las acciones de inserci\u00f3n laboral<\/strong>, cu\u00e1les son las formas de inserci\u00f3n laboral y c\u00f3mo es el <strong>proceso de integraci\u00f3n laboral<\/strong> para los colectivos en riesgo de exclusi\u00f3n.<\/span><br \/>\n\u00a0<\/p>\n<p dir=\"ltr\">\u00a0<\/p>\n<p dir=\"ltr\"><strong><span style=\"font-size:24px;\">\u00bfQu\u00e9 es la inserci\u00f3n laboral?<\/span><\/strong><\/p>\n<p dir=\"ltr\"><span style=\"color:#000000;\">La inserci\u00f3n laboral comienza desde el mismo momento en que una persona decide buscar empleo. Este proceso, en el que la persona conseguir\u00e1 un trabajo y se integrar\u00e1 en el mercado laboral, es la<strong> inserci\u00f3n laboral<\/strong>. Se incluyen en la inserci\u00f3n laboral la presentaci\u00f3n a candidaturas, participar en procesos de selecci\u00f3n haciendo entrevistas, las pr\u00e1cticas profesionales o acabar consiguiendo un empleo.\u00a0<\/span><\/p>\n<p><span style=\"color:#000000;\">Para una buena inserci\u00f3n laboral es importante mantenerse siempre al d\u00eda, actualizando los estudios y conocimientos y aprendiendo cosas nuevas, para adaptarse al mercado de trabajo que est\u00e1 en constante cambio y evoluci\u00f3n.\u00a0<\/span><\/p>\n<p>\n\u00a0<\/p>\n<p dir=\"ltr\"><span style=\"font-size:24px;\"><strong>\u00bfA qui\u00e9n van dirigidas las acciones de inserci\u00f3n laboral?<\/strong><\/span><\/p>\n<p dir=\"ltr\"><span style=\"color:#000000;\">Las acciones de <strong>inserci\u00f3n laboral <\/strong>se dirigen a las personas que est\u00e1n buscando empleo.\u00a0<\/span><\/p>\n<p dir=\"ltr\"><span style=\"color:#000000;\">Los colectivos a los que se suelen destinar estas acciones son:\u00a0<\/span><\/p>\n<ul>\n<li aria-level=\"1\" dir=\"ltr\">\n<p dir=\"ltr\" role=\"presentation\"><span style=\"color:#000000;\"><strong>Personas desempleadas<\/strong>: Son esas personas que est\u00e1n buscando trabajo activamente y pueden necesitar apoyo para encontrar las oportunidades laborales adecuadas para ellas.\u00a0<\/span><\/p>\n<\/li>\n<li aria-level=\"1\" dir=\"ltr\">\n<p dir=\"ltr\" role=\"presentation\"><span style=\"color:#000000;\"><strong>J\u00f3venes<\/strong>: Las personas j\u00f3venes que acaban de terminar sus estudios o que por primera vez van a incorporarse al mercado laboral, pueden acceder a programas de inserci\u00f3n laboral espec\u00edficos. Estos programas les ayudar\u00e1n a adquirir experiencia y nuevas habilidades.\u00a0<\/span><\/p>\n<\/li>\n<li aria-level=\"1\" dir=\"ltr\">\n<p dir=\"ltr\" role=\"presentation\"><span style=\"color:#000000;\"><strong>Personas en riesgo de exclusi\u00f3n social<\/strong>: Las personas en situaci\u00f3n de vulnerabilidad se encuentran con dificultades a\u00f1adidas a la hora de encontrar trabajo, y por eso es conveniente que cuenten con alg\u00fan tipo de apoyo para poder conseguirlo.<\/span><\/p>\n<\/li>\n<\/ul>\n<p>\n\u00a0<\/p>\n<p dir=\"ltr\"><span style=\"font-size:24px;\"><strong>\u00bfCu\u00e1les son las formas de inserci\u00f3n laboral?<\/strong><\/span><\/p>\n<p dir=\"ltr\"><span style=\"color:#000000;\">Las principales <strong>formas de inserci\u00f3n laboral<\/strong>, a menudo dirigidas a las personas j\u00f3venes, son los contratos de formaci\u00f3n y las pr\u00e1cticas profesionales. Los contratos de formaci\u00f3n combinan la formaci\u00f3n con un empleo remunerado, y las pr\u00e1cticas permiten adquirir experiencia laboral en un entorno real, pero no suelen ser remuneradas.\u00a0<\/span><\/p>\n<p dir=\"ltr\"><span style=\"color:#000000;\">Otras formas de inserci\u00f3n laboral son las ayudas para nuevos emprendedores, que buscan fomentar la creaci\u00f3n de nuevos negocios apoyando a las personas que inician un proyecto.\u00a0<\/span><\/p>\n<p dir=\"ltr\"><span style=\"color:#000000;\">Los programas para personas en riesgo de exclusi\u00f3n social, que las ayudan a obtener un empleo, son otra forma de inserci\u00f3n laboral.\u00a0<\/span><\/p>\n<p>\n\u00a0<\/p>\n<p dir=\"ltr\"><span style=\"font-size:24px;\"><strong>\u00bfC\u00f3mo es el proceso de integraci\u00f3n laboral?<\/strong><\/span><\/p>\n<p><span style=\"color:#000000;\">El <strong>proceso de integraci\u00f3n laboral <\/strong>es el proceso a trav\u00e9s del cual la persona se preparar\u00e1, conseguir\u00e1 un empleo y se adaptar\u00e1 a \u00e9l. Este proceso consta de diferentes etapas.\u00a0<\/span><\/p>\n<p dir=\"ltr\"><span style=\"color:#000000;\">En la etapa de orientaci\u00f3n se informa a la persona sobre las oportunidades laborales que existen y que pueden encajar con sus habilidades e intereses profesionales. A continuaci\u00f3n,\u00a0 se pondr\u00e1 el foco en que la persona pueda adquirir nuevas competencias profesionales, en la etapa de formaci\u00f3n.\u00a0<\/span><\/p>\n<p><span style=\"color:#000000;\">La b\u00fasqueda de empleo es otra de las etapas del proceso de integraci\u00f3n laboral. En ella se da apoyo a la persona preparando el curr\u00edculum y las entrevistas, e identificando las oportunidades que pueden serle de inter\u00e9s.\u00a0<\/span><\/p>\n<p><span style=\"color:#000000;\">La \u00faltima etapa del proceso es la integraci\u00f3n en el entorno laboral, que busca que\u00a0 la persona se integre de manera efectiva en el equipo de trabajo al que se acaba de incorporar.\u00a0<\/span><\/p>\n<p>\u00a0<\/p>\n<p dir=\"ltr\"><span style=\"font-size:24px;\"><strong>El proceso de integraci\u00f3n laboral para las personas en riesgo de exclusi\u00f3n<\/strong><\/span><\/p>\n<p><span style=\"color:#000000;\">La<strong> inserci\u00f3n laboral para colectivos en riesgo de exclusi\u00f3n es fundamental <\/strong>para promover la inclusi\u00f3n social y la igualdad de oportunidades. Las personas en riesgo de exclusi\u00f3n social se enfrentan a m\u00e1s obst\u00e1culos y tienen m\u00e1s dificultades para encontrar un trabajo, y por eso se necesitan medidas espec\u00edficas para facilitar que se incorporen al mercado de trabajo.\u00a0<\/span><\/p>\n<p><span style=\"color:#000000;\">Los programas de formaci\u00f3n y capacitaci\u00f3n para estos colectivos son adaptados a sus necesidades. Siempre es\u00a0 importante que los programas de formaci\u00f3n se adapten a las capacidades y contexto de cada persona, pero en el caso de las personas en situaci\u00f3n de vulnerabilidad es imprescindible un enfoque personalizado, que comprenda y tenga en cuenta las circunstancias de cada persona.\u00a0<\/span><\/p>\n<p dir=\"ltr\"><span style=\"color:#000000;\">Para llevar a cabo estos procesos, las personas en riesgo de exclusi\u00f3n pueden apoyarse en organizaciones y entidades especializadas en la inclusi\u00f3n social, como el <strong>Casal dels Infants<\/strong>. A trav\u00e9s de nuestros <strong>programas de formaci\u00f3n e inserci\u00f3n<\/strong>, como Superant Barreres, del que te habl\u00e1bamos en <\/span><u><a href=\"https:\/\/www.casaldelsinfants.org\/es\/actualidad\/cursoasistentepersonalsuperantbarreres\/\" rel=\"nofollow\">esta not\u00edcia<\/a><\/u><span style=\"color:#000000;\">, proporcionamos orientaci\u00f3n, recursos y apoyo a personas en riesgo de exclusi\u00f3n para facilitar su inserci\u00f3n en el mercado laboral.\u00a0<\/span><\/p>\n<p dir=\"ltr\"><span style=\"color:#000000;\">La inserci\u00f3n laboral de las personas en grave situaci\u00f3n de vulnerabilidad social les ayuda a adquirir competencias, experiencia y a mejorar su situaci\u00f3n econ\u00f3mica, pero tambi\u00e9n les ayuda a mejorar su autoestima y la confianza en ellas mismas. Las empodera y las hace volver a sentirse parte de una sociedad que a menudo las estigmatiza y las deja de lado.\u00a0<\/span><\/p>\n<p dir=\"ltr\">\u00a0<\/p>\n<blockquote>\n<p dir=\"ltr\"><meta charset=\"utf-8\" \/><br \/>\n\u00a0<\/p>\n<p dir=\"ltr\"><b id=\"docs-internal-guid-240fcb93-7fff-7c0f-c75f-15a1d857f69f\">Ay\u00fadanos a seguir facilitando la inserci\u00f3n laboral de las personas en riesgo de exclusi\u00f3n.<\/b><\/p>\n<p dir=\"ltr\">Haz un<b id=\"docs-internal-guid-240fcb93-7fff-7c0f-c75f-15a1d857f69f\">\u00a0donativo\u00a0<\/b><a href=\"https:\/\/www.casaldelsinfants.org\/es\/que-puedes-hacer-tu\/haz-un-donativo\/\" rel=\"nofollow\"><u>aqu\u00ed<\/u><\/a><\/p>\n<p dir=\"ltr\">Haz<b id=\"docs-internal-guid-240fcb93-7fff-7c0f-c75f-15a1d857f69f\">\u00a0voluntariado,\u00a0<\/b>inf\u00f3rmate <a href=\"https:\/\/www.casaldelsinfants.org\/es\/que-puedes-hacer-tu\/voluntariado\/\" rel=\"nofollow\"><u>aqu\u00ed\u00a0<\/u><\/a><\/p>\n<\/blockquote>\n<p>\u00a0<\/p>\n","protected":false},"excerpt":{"rendered":"<p>La inserci\u00f3n laboral es el proceso necesario para que una persona pueda conseguir un empleo y forjarse una carrera profesional. Cuanto m\u00e1s se acerca el empleo conseguido a las habilidades y expectativas profesionales de la persona, mejor y m\u00e1s satisfecha se siente \u00e9sta a nivel personal y profesional.\u00a0 En este art\u00edculo os explicaremos qu\u00e9 es [&hellip;]<\/p>\n","protected":false},"author":1,"featured_media":10160,"comment_status":"open","ping_status":"open","sticky":false,"template":"","format":"standard","meta":{"_acf_changed":false,"_et_pb_use_builder":"","_et_pb_old_content":"","_et_gb_content_width":"","inline_featured_image":false,"footnotes":""},"categories":[125],"tags":[],"seus":[],"eixos":[],"class_list":["post-10367","post","type-post","status-publish","format-standard","has-post-thumbnail","hentry","category-noticias"],"acf":[],"yoast_head":"<!-- This site is optimized with the Yoast SEO plugin v27.4 - https:\/\/yoast.com\/product\/yoast-seo-wordpress\/ -->\n<title>Qu\u00e9 \u00e9s la inserci\u00f3n laboral | Noticias<\/title>\n<meta name=\"description\" content=\"La inserci\u00f3n laboral es fundamental para las personas desocupadas y para colectivos como la gente joven o las personas en riesgo de exclusi\u00f3n. La inserci\u00f3n laboral incluye realizar un curr\u00edculum, presentar candidaturas o realizar entrevistas. Si quieres saber m\u00e1s sobre inserci\u00f3n laboral, lee esta noticia.\" \/>\n<meta name=\"robots\" content=\"index, follow, max-snippet:-1, max-image-preview:large, max-video-preview:-1\" \/>\n<link rel=\"canonical\" href=\"https:\/\/www.casaldelsinfants.org\/es\/actualidad\/insercion-laboral-que-es\/\" \/>\n<meta property=\"og:locale\" content=\"es_ES\" \/>\n<meta property=\"og:type\" content=\"article\" \/>\n<meta property=\"og:title\" content=\"Qu\u00e9 \u00e9s la inserci\u00f3n laboral | Noticias\" \/>\n<meta property=\"og:description\" content=\"La inserci\u00f3n laboral es fundamental para las personas desocupadas y para colectivos como la gente joven o las personas en riesgo de exclusi\u00f3n. La inserci\u00f3n laboral incluye realizar un curr\u00edculum, presentar candidaturas o realizar entrevistas. Si quieres saber m\u00e1s sobre inserci\u00f3n laboral, lee esta noticia.\" \/>\n<meta property=\"og:url\" content=\"https:\/\/www.casaldelsinfants.org\/es\/actualidad\/insercion-laboral-que-es\/\" \/>\n<meta property=\"og:site_name\" content=\"Casal dels Infants\" \/>\n<meta property=\"article:publisher\" content=\"https:\/\/www.facebook.com\/casalinfants\" \/>\n<meta property=\"article:published_time\" content=\"2023-05-22T09:47:31+00:00\" \/>\n<meta property=\"article:modified_time\" content=\"2023-05-23T11:09:33+00:00\" \/>\n<meta property=\"og:image\" content=\"https:\/\/www.casaldelsinfants.org\/wp-content\/uploads\/insercio-laboral-casal-dels-infants-1.webp\" \/>\n\t<meta property=\"og:image:width\" content=\"448\" \/>\n\t<meta property=\"og:image:height\" content=\"299\" \/>\n\t<meta property=\"og:image:type\" content=\"image\/jpeg\" \/>\n<meta name=\"author\" content=\"cdiAdmin\" \/>\n<meta name=\"twitter:card\" content=\"summary_large_image\" \/>\n<meta name=\"twitter:creator\" content=\"@casalinfants\" \/>\n<meta name=\"twitter:site\" content=\"@casalinfants\" \/>\n<meta name=\"twitter:label1\" content=\"Escrito por\" \/>\n\t<meta name=\"twitter:data1\" content=\"cdiAdmin\" \/>\n\t<meta name=\"twitter:label2\" content=\"Tiempo de lectura\" \/>\n\t<meta name=\"twitter:data2\" content=\"5 minutos\" \/>\n<script type=\"application\/ld+json\" class=\"yoast-schema-graph\">{\"@context\":\"https:\\\/\\\/schema.org\",\"@graph\":[{\"@type\":\"Article\",\"@id\":\"https:\\\/\\\/www.casaldelsinfants.org\\\/es\\\/actualidad\\\/insercion-laboral-que-es\\\/#article\",\"isPartOf\":{\"@id\":\"https:\\\/\\\/www.casaldelsinfants.org\\\/es\\\/actualidad\\\/insercion-laboral-que-es\\\/\"},\"author\":{\"name\":\"cdiAdmin\",\"@id\":\"https:\\\/\\\/www.casaldelsinfants.org\\\/es\\\/#\\\/schema\\\/person\\\/97707fc8c64900cf36891127dbf9fba8\"},\"headline\":\"Qu\u00e9 es la inserci\u00f3n laboral\",\"datePublished\":\"2023-05-22T09:47:31+00:00\",\"dateModified\":\"2023-05-23T11:09:33+00:00\",\"mainEntityOfPage\":{\"@id\":\"https:\\\/\\\/www.casaldelsinfants.org\\\/es\\\/actualidad\\\/insercion-laboral-que-es\\\/\"},\"wordCount\":955,\"commentCount\":0,\"publisher\":{\"@id\":\"https:\\\/\\\/www.casaldelsinfants.org\\\/es\\\/#organization\"},\"image\":{\"@id\":\"https:\\\/\\\/www.casaldelsinfants.org\\\/es\\\/actualidad\\\/insercion-laboral-que-es\\\/#primaryimage\"},\"thumbnailUrl\":\"https:\\\/\\\/www.casaldelsinfants.org\\\/wp-content\\\/uploads\\\/insercio-laboral-casal-dels-infants-1.webp\",\"articleSection\":[\"Noticia\"],\"inLanguage\":\"es\",\"potentialAction\":[{\"@type\":\"CommentAction\",\"name\":\"Comment\",\"target\":[\"https:\\\/\\\/www.casaldelsinfants.org\\\/es\\\/actualidad\\\/insercion-laboral-que-es\\\/#respond\"]}]},{\"@type\":\"WebPage\",\"@id\":\"https:\\\/\\\/www.casaldelsinfants.org\\\/es\\\/actualidad\\\/insercion-laboral-que-es\\\/\",\"url\":\"https:\\\/\\\/www.casaldelsinfants.org\\\/es\\\/actualidad\\\/insercion-laboral-que-es\\\/\",\"name\":\"Qu\u00e9 \u00e9s la inserci\u00f3n laboral | Noticias\",\"isPartOf\":{\"@id\":\"https:\\\/\\\/www.casaldelsinfants.org\\\/es\\\/#website\"},\"primaryImageOfPage\":{\"@id\":\"https:\\\/\\\/www.casaldelsinfants.org\\\/es\\\/actualidad\\\/insercion-laboral-que-es\\\/#primaryimage\"},\"image\":{\"@id\":\"https:\\\/\\\/www.casaldelsinfants.org\\\/es\\\/actualidad\\\/insercion-laboral-que-es\\\/#primaryimage\"},\"thumbnailUrl\":\"https:\\\/\\\/www.casaldelsinfants.org\\\/wp-content\\\/uploads\\\/insercio-laboral-casal-dels-infants-1.webp\",\"datePublished\":\"2023-05-22T09:47:31+00:00\",\"dateModified\":\"2023-05-23T11:09:33+00:00\",\"description\":\"La inserci\u00f3n laboral es fundamental para las personas desocupadas y para colectivos como la gente joven o las personas en riesgo de exclusi\u00f3n. La inserci\u00f3n laboral incluye realizar un curr\u00edculum, presentar candidaturas o realizar entrevistas. Si quieres saber m\u00e1s sobre inserci\u00f3n laboral, lee esta noticia.\",\"breadcrumb\":{\"@id\":\"https:\\\/\\\/www.casaldelsinfants.org\\\/es\\\/actualidad\\\/insercion-laboral-que-es\\\/#breadcrumb\"},\"inLanguage\":\"es\",\"potentialAction\":[{\"@type\":\"ReadAction\",\"target\":[\"https:\\\/\\\/www.casaldelsinfants.org\\\/es\\\/actualidad\\\/insercion-laboral-que-es\\\/\"]}]},{\"@type\":\"ImageObject\",\"inLanguage\":\"es\",\"@id\":\"https:\\\/\\\/www.casaldelsinfants.org\\\/es\\\/actualidad\\\/insercion-laboral-que-es\\\/#primaryimage\",\"url\":\"https:\\\/\\\/www.casaldelsinfants.org\\\/wp-content\\\/uploads\\\/insercio-laboral-casal-dels-infants-1.webp\",\"contentUrl\":\"https:\\\/\\\/www.casaldelsinfants.org\\\/wp-content\\\/uploads\\\/insercio-laboral-casal-dels-infants-1.webp\",\"width\":448,\"height\":299,\"caption\":\"Fotografia d'stock entrevista de treball\"},{\"@type\":\"BreadcrumbList\",\"@id\":\"https:\\\/\\\/www.casaldelsinfants.org\\\/es\\\/actualidad\\\/insercion-laboral-que-es\\\/#breadcrumb\",\"itemListElement\":[{\"@type\":\"ListItem\",\"position\":1,\"name\":\"Inici\",\"item\":\"https:\\\/\\\/www.casaldelsinfants.org\\\/es\\\/\"},{\"@type\":\"ListItem\",\"position\":2,\"name\":\"Qu\u00e9 es la inserci\u00f3n laboral\"}]},{\"@type\":\"WebSite\",\"@id\":\"https:\\\/\\\/www.casaldelsinfants.org\\\/es\\\/#website\",\"url\":\"https:\\\/\\\/www.casaldelsinfants.org\\\/es\\\/\",\"name\":\"Casal dels Infants\",\"description\":\"\",\"publisher\":{\"@id\":\"https:\\\/\\\/www.casaldelsinfants.org\\\/es\\\/#organization\"},\"potentialAction\":[{\"@type\":\"SearchAction\",\"target\":{\"@type\":\"EntryPoint\",\"urlTemplate\":\"https:\\\/\\\/www.casaldelsinfants.org\\\/es\\\/?s={search_term_string}\"},\"query-input\":{\"@type\":\"PropertyValueSpecification\",\"valueRequired\":true,\"valueName\":\"search_term_string\"}}],\"inLanguage\":\"es\"},{\"@type\":\"Organization\",\"@id\":\"https:\\\/\\\/www.casaldelsinfants.org\\\/es\\\/#organization\",\"name\":\"Casal dels Infants\",\"url\":\"https:\\\/\\\/www.casaldelsinfants.org\\\/es\\\/\",\"logo\":{\"@type\":\"ImageObject\",\"inLanguage\":\"es\",\"@id\":\"https:\\\/\\\/www.casaldelsinfants.org\\\/es\\\/#\\\/schema\\\/logo\\\/image\\\/\",\"url\":\"https:\\\/\\\/www.casaldelsinfants.org\\\/wp-content\\\/uploads\\\/logo-mail.png\",\"contentUrl\":\"https:\\\/\\\/www.casaldelsinfants.org\\\/wp-content\\\/uploads\\\/logo-mail.png\",\"width\":380,\"height\":158,\"caption\":\"Casal dels Infants\"},\"image\":{\"@id\":\"https:\\\/\\\/www.casaldelsinfants.org\\\/es\\\/#\\\/schema\\\/logo\\\/image\\\/\"},\"sameAs\":[\"https:\\\/\\\/www.facebook.com\\\/casalinfants\",\"https:\\\/\\\/x.com\\\/casalinfants\",\"https:\\\/\\\/www.youtube.com\\\/user\\\/CasaldelsInfants1\",\"https:\\\/\\\/www.instagram.com\\\/casalinfants\\\/\",\"https:\\\/\\\/www.linkedin.com\\\/company\\\/casaldelsinfants?trk=organization-update_share-update_actor-text\"]},{\"@type\":\"Person\",\"@id\":\"https:\\\/\\\/www.casaldelsinfants.org\\\/es\\\/#\\\/schema\\\/person\\\/97707fc8c64900cf36891127dbf9fba8\",\"name\":\"cdiAdmin\",\"sameAs\":[\"https:\\\/\\\/casaldelsinfants.org\"]}]}<\/script>\n<!-- \/ Yoast SEO plugin. -->","yoast_head_json":{"title":"Qu\u00e9 \u00e9s la inserci\u00f3n laboral | Noticias","description":"La inserci\u00f3n laboral es fundamental para las personas desocupadas y para colectivos como la gente joven o las personas en riesgo de exclusi\u00f3n. La inserci\u00f3n laboral incluye realizar un curr\u00edculum, presentar candidaturas o realizar entrevistas. Si quieres saber m\u00e1s sobre inserci\u00f3n laboral, lee esta noticia.","robots":{"index":"index","follow":"follow","max-snippet":"max-snippet:-1","max-image-preview":"max-image-preview:large","max-video-preview":"max-video-preview:-1"},"canonical":"https:\/\/www.casaldelsinfants.org\/es\/actualidad\/insercion-laboral-que-es\/","og_locale":"es_ES","og_type":"article","og_title":"Qu\u00e9 \u00e9s la inserci\u00f3n laboral | Noticias","og_description":"La inserci\u00f3n laboral es fundamental para las personas desocupadas y para colectivos como la gente joven o las personas en riesgo de exclusi\u00f3n. La inserci\u00f3n laboral incluye realizar un curr\u00edculum, presentar candidaturas o realizar entrevistas. Si quieres saber m\u00e1s sobre inserci\u00f3n laboral, lee esta noticia.","og_url":"https:\/\/www.casaldelsinfants.org\/es\/actualidad\/insercion-laboral-que-es\/","og_site_name":"Casal dels Infants","article_publisher":"https:\/\/www.facebook.com\/casalinfants","article_published_time":"2023-05-22T09:47:31+00:00","article_modified_time":"2023-05-23T11:09:33+00:00","og_image":[{"width":448,"height":299,"url":"https:\/\/www.casaldelsinfants.org\/wp-content\/uploads\/insercio-laboral-casal-dels-infants-1.webp","type":"image\/jpeg"}],"author":"cdiAdmin","twitter_card":"summary_large_image","twitter_creator":"@casalinfants","twitter_site":"@casalinfants","twitter_misc":{"Escrito por":"cdiAdmin","Tiempo de lectura":"5 minutos"},"schema":{"@context":"https:\/\/schema.org","@graph":[{"@type":"Article","@id":"https:\/\/www.casaldelsinfants.org\/es\/actualidad\/insercion-laboral-que-es\/#article","isPartOf":{"@id":"https:\/\/www.casaldelsinfants.org\/es\/actualidad\/insercion-laboral-que-es\/"},"author":{"name":"cdiAdmin","@id":"https:\/\/www.casaldelsinfants.org\/es\/#\/schema\/person\/97707fc8c64900cf36891127dbf9fba8"},"headline":"Qu\u00e9 es la inserci\u00f3n laboral","datePublished":"2023-05-22T09:47:31+00:00","dateModified":"2023-05-23T11:09:33+00:00","mainEntityOfPage":{"@id":"https:\/\/www.casaldelsinfants.org\/es\/actualidad\/insercion-laboral-que-es\/"},"wordCount":955,"commentCount":0,"publisher":{"@id":"https:\/\/www.casaldelsinfants.org\/es\/#organization"},"image":{"@id":"https:\/\/www.casaldelsinfants.org\/es\/actualidad\/insercion-laboral-que-es\/#primaryimage"},"thumbnailUrl":"https:\/\/www.casaldelsinfants.org\/wp-content\/uploads\/insercio-laboral-casal-dels-infants-1.webp","articleSection":["Noticia"],"inLanguage":"es","potentialAction":[{"@type":"CommentAction","name":"Comment","target":["https:\/\/www.casaldelsinfants.org\/es\/actualidad\/insercion-laboral-que-es\/#respond"]}]},{"@type":"WebPage","@id":"https:\/\/www.casaldelsinfants.org\/es\/actualidad\/insercion-laboral-que-es\/","url":"https:\/\/www.casaldelsinfants.org\/es\/actualidad\/insercion-laboral-que-es\/","name":"Qu\u00e9 \u00e9s la inserci\u00f3n laboral | Noticias","isPartOf":{"@id":"https:\/\/www.casaldelsinfants.org\/es\/#website"},"primaryImageOfPage":{"@id":"https:\/\/www.casaldelsinfants.org\/es\/actualidad\/insercion-laboral-que-es\/#primaryimage"},"image":{"@id":"https:\/\/www.casaldelsinfants.org\/es\/actualidad\/insercion-laboral-que-es\/#primaryimage"},"thumbnailUrl":"https:\/\/www.casaldelsinfants.org\/wp-content\/uploads\/insercio-laboral-casal-dels-infants-1.webp","datePublished":"2023-05-22T09:47:31+00:00","dateModified":"2023-05-23T11:09:33+00:00","description":"La inserci\u00f3n laboral es fundamental para las personas desocupadas y para colectivos como la gente joven o las personas en riesgo de exclusi\u00f3n. La inserci\u00f3n laboral incluye realizar un curr\u00edculum, presentar candidaturas o realizar entrevistas. Si quieres saber m\u00e1s sobre inserci\u00f3n laboral, lee esta noticia.","breadcrumb":{"@id":"https:\/\/www.casaldelsinfants.org\/es\/actualidad\/insercion-laboral-que-es\/#breadcrumb"},"inLanguage":"es","potentialAction":[{"@type":"ReadAction","target":["https:\/\/www.casaldelsinfants.org\/es\/actualidad\/insercion-laboral-que-es\/"]}]},{"@type":"ImageObject","inLanguage":"es","@id":"https:\/\/www.casaldelsinfants.org\/es\/actualidad\/insercion-laboral-que-es\/#primaryimage","url":"https:\/\/www.casaldelsinfants.org\/wp-content\/uploads\/insercio-laboral-casal-dels-infants-1.webp","contentUrl":"https:\/\/www.casaldelsinfants.org\/wp-content\/uploads\/insercio-laboral-casal-dels-infants-1.webp","width":448,"height":299,"caption":"Fotografia d'stock entrevista de treball"},{"@type":"BreadcrumbList","@id":"https:\/\/www.casaldelsinfants.org\/es\/actualidad\/insercion-laboral-que-es\/#breadcrumb","itemListElement":[{"@type":"ListItem","position":1,"name":"Inici","item":"https:\/\/www.casaldelsinfants.org\/es\/"},{"@type":"ListItem","position":2,"name":"Qu\u00e9 es la inserci\u00f3n laboral"}]},{"@type":"WebSite","@id":"https:\/\/www.casaldelsinfants.org\/es\/#website","url":"https:\/\/www.casaldelsinfants.org\/es\/","name":"Casal dels Infants","description":"","publisher":{"@id":"https:\/\/www.casaldelsinfants.org\/es\/#organization"},"potentialAction":[{"@type":"SearchAction","target":{"@type":"EntryPoint","urlTemplate":"https:\/\/www.casaldelsinfants.org\/es\/?s={search_term_string}"},"query-input":{"@type":"PropertyValueSpecification","valueRequired":true,"valueName":"search_term_string"}}],"inLanguage":"es"},{"@type":"Organization","@id":"https:\/\/www.casaldelsinfants.org\/es\/#organization","name":"Casal dels Infants","url":"https:\/\/www.casaldelsinfants.org\/es\/","logo":{"@type":"ImageObject","inLanguage":"es","@id":"https:\/\/www.casaldelsinfants.org\/es\/#\/schema\/logo\/image\/","url":"https:\/\/www.casaldelsinfants.org\/wp-content\/uploads\/logo-mail.png","contentUrl":"https:\/\/www.casaldelsinfants.org\/wp-content\/uploads\/logo-mail.png","width":380,"height":158,"caption":"Casal dels Infants"},"image":{"@id":"https:\/\/www.casaldelsinfants.org\/es\/#\/schema\/logo\/image\/"},"sameAs":["https:\/\/www.facebook.com\/casalinfants","https:\/\/x.com\/casalinfants","https:\/\/www.youtube.com\/user\/CasaldelsInfants1","https:\/\/www.instagram.com\/casalinfants\/","https:\/\/www.linkedin.com\/company\/casaldelsinfants?trk=organization-update_share-update_actor-text"]},{"@type":"Person","@id":"https:\/\/www.casaldelsinfants.org\/es\/#\/schema\/person\/97707fc8c64900cf36891127dbf9fba8","name":"cdiAdmin","sameAs":["https:\/\/casaldelsinfants.org"]}]}},"publishpress_future_action":{"enabled":false,"date":"2026-05-07 22:29:18","action":"change-status","newStatus":"draft","terms":[],"taxonomy":"category","extraData":[]},"publishpress_future_workflow_manual_trigger":{"enabledWorkflows":[]},"_links":{"self":[{"href":"https:\/\/www.casaldelsinfants.org\/es\/wp-json\/wp\/v2\/posts\/10367","targetHints":{"allow":["GET"]}}],"collection":[{"href":"https:\/\/www.casaldelsinfants.org\/es\/wp-json\/wp\/v2\/posts"}],"about":[{"href":"https:\/\/www.casaldelsinfants.org\/es\/wp-json\/wp\/v2\/types\/post"}],"author":[{"embeddable":true,"href":"https:\/\/www.casaldelsinfants.org\/es\/wp-json\/wp\/v2\/users\/1"}],"replies":[{"embeddable":true,"href":"https:\/\/www.casaldelsinfants.org\/es\/wp-json\/wp\/v2\/comments?post=10367"}],"version-history":[{"count":1,"href":"https:\/\/www.casaldelsinfants.org\/es\/wp-json\/wp\/v2\/posts\/10367\/revisions"}],"predecessor-version":[{"id":10368,"href":"https:\/\/www.casaldelsinfants.org\/es\/wp-json\/wp\/v2\/posts\/10367\/revisions\/10368"}],"wp:featuredmedia":[{"embeddable":true,"href":"https:\/\/www.casaldelsinfants.org\/es\/wp-json\/wp\/v2\/media\/10160"}],"wp:attachment":[{"href":"https:\/\/www.casaldelsinfants.org\/es\/wp-json\/wp\/v2\/media?parent=10367"}],"wp:term":[{"taxonomy":"category","embeddable":true,"href":"https:\/\/www.casaldelsinfants.org\/es\/wp-json\/wp\/v2\/categories?post=10367"},{"taxonomy":"post_tag","embeddable":true,"href":"https:\/\/www.casaldelsinfants.org\/es\/wp-json\/wp\/v2\/tags?post=10367"},{"taxonomy":"seus","embeddable":true,"href":"https:\/\/www.casaldelsinfants.org\/es\/wp-json\/wp\/v2\/seus?post=10367"},{"taxonomy":"eixos","embeddable":true,"href":"https:\/\/www.casaldelsinfants.org\/es\/wp-json\/wp\/v2\/eixos?post=10367"}],"curies":[{"name":"wp","href":"https:\/\/api.w.org\/{rel}","templated":true}]}}