{"id":10369,"date":"2023-05-18T09:01:42","date_gmt":"2023-05-18T07:01:42","guid":{"rendered":"https:\/\/casal.puntzero.cat\/donatpluscast\/"},"modified":"2023-05-23T13:09:43","modified_gmt":"2023-05-23T11:09:43","slug":"donatpluscast","status":"publish","type":"post","link":"https:\/\/www.casaldelsinfants.org\/es\/actualidad\/donatpluscast\/","title":{"rendered":"Dona\u2019t+: clases de lengua, inform\u00e1tica e inserci\u00f3n laboral para mujeres reci\u00e9n llegadas"},"content":{"rendered":"<p><meta charset=\"utf-8\" \/><\/p>\n<div class=\"video-embed-field-responsive-video form-group\"><iframe loading=\"lazy\" width=\"854\" height=\"480\" frameborder=\"0\" allowfullscreen=\"allowfullscreen\" src=\"https:\/\/www.youtube.com\/embed\/8RbcgNB2rWQ?autoplay=0&amp;start=0&amp;rel=0\"><\/iframe>\n<\/div>\n<p dir=\"ltr\">\u00a0<\/p>\n<p dir=\"ltr\"><meta charset=\"utf-8\" \/><\/p>\n<p dir=\"ltr\"><span style=\"color:#000000;\">La clase de inform\u00e1tica empieza a las 10:30, pero Silvia, participante del programa <strong>Dona\u2019t+ del Casal dels Infants de Badalona<\/strong>, se ha avanzado al resto de compa\u00f1eras y ha llegado antes. Viene acompa\u00f1ada de su hija de un a\u00f1o y medio, que trae en un cochecito pero de tanto en cuanto sale espabiladamente para andar de un lado a otro. Para Silvia tambi\u00e9n es un rato para hablar con I\u00f1igo, el educador del Espai Tecnol\u00f2gic Comunitari la Betsaida, con una mezcla de ingl\u00e9s y castellano, que est\u00e1 aprendiendo a las clases del Casal.\u00a0<\/span><\/p>\n<p dir=\"ltr\"><span style=\"color:#000000;\">Silvia es una de las 15 mujeres que participan en el programa Dona\u2019t+, <strong>un curso para la inserci\u00f3n al mundo laboral dirigido a mujeres reci\u00e9n llegadas con cargas familiares<\/strong>, con poco dominio del castellano y catal\u00e1n y poca o nula experiencia laboral en Catalunya. Ha empezado este curso en el Casal dels Infants de Badalona, con el objetivo que estas mujeres puedan aprender el idioma, acercarse al mundo digital, ense\u00f1arles el mercado laboral actual y mejorar la autonom\u00eda diaria, creando una red de apoyo y v\u00ednculo entre ellas, mientras sus hijos e hijas est\u00e1n en la escuela.\u00a0<\/span><\/p>\n<p dir=\"ltr\"><span style=\"color:#000000;\"><strong>El equipo educativo detect\u00f3 que estas mujeres migradas se quedaban en casa <\/strong>cuidando del hijo o hija cuando este a\u00fan no estaba escolarizado, y que segu\u00edan haci\u00e9ndolo cuando el ni\u00f1o iba a la escuela. Adem\u00e1s, el \u00fanico ingreso que recib\u00edan en las casas era el sueldo del marido, mientras que las mujeres que se quedaban en casa ten\u00edan el potencial para conseguir un trabajo y as\u00ed mejorar los ingresos del hogar.\u00a0<\/span><\/p>\n<p dir=\"ltr\"><span style=\"color:#000000;\">Para llegar a ellas, el equipo del Casal se coordin\u00f3 con los agentes sociales del barrio para recibir derivaciones e hizo difusi\u00f3n con carteles impresos y redes sociales. \u201cComo intent\u00e1bamos llegar a gente que no habla catal\u00e1n o castellano, hacer carteles solo en estos idiomas no ten\u00eda demasiado sentido. <strong>Hicimos carteles tambi\u00e9n en urd\u00fa y \u00e1rabe<\/strong>, que son las dos lenguas que m\u00e1s se hablan en el barrio despu\u00e9s del catal\u00e1n y el castellano\u201d, explica I\u00f1igo Alcorta, educador responsable del Espai Tecnol\u00f2gic Comunitari la Betsaida.\u00a0<\/span><\/p>\n<p>\n\u00a0<\/p>\n<h2 dir=\"ltr\"><strong>Tres servicios de la Betsaida implicados en el Dona\u2019t+<\/strong><\/h2>\n<p dir=\"ltr\"><span style=\"color:#000000;\">El programa tiene tres patas, que se llevan a cabo en tres servicios del Casal: <\/span><strong><u><a href=\"https:\/\/www.casaldelsinfants.org\/es\/actualidad\/entrevista\/\" target=\"_blank\" rel=\"noopener\">Aula de Lleng\u00fces<\/a><\/u><\/strong><span style=\"color:#000000;\"><strong>, Rumb a la feina y el Espai Tecnol\u00f2gic Comunitari<\/strong>. Cada uno se enfoca en trabajar los tres ejes principales de Dona\u2019t+. Los lunes, las mujeres van al Aula de Lleng\u00fces para las <strong>clases de castellano<\/strong>, con la intenci\u00f3n de hacer clases tambi\u00e9n en catal\u00e1n cuando tengan una base del primero. Las primeras clases estuvieron enfocadas en conocerse entre ellas todo aprendiendo c\u00f3mo presentarse en castellano, trabajaron vocabulario b\u00e1sico para el d\u00eda a d\u00eda, y recientemente han pasado a aprender palabras y frases para el \u00e1mbito laboral, en una entrevista de trabajo y otras situaciones. \u201cCuando aprenden el castellano, tienen confianza para que despu\u00e9s en la calle se atrevan a hablar con gente que no conocen, y no necesitan una persona intermediaria. Ellas mismas se abren al mundo cuando salen de aqu\u00ed\u201d, explica Nawal El Boute, educadora del Aula de Lleng\u00fces.\u00a0<\/span><\/p>\n<p dir=\"ltr\">\u00a0<\/p>\n<div class=\"video-embed-field-responsive-video form-group\"><iframe loading=\"lazy\" width=\"854\" height=\"480\" frameborder=\"0\" allowfullscreen=\"allowfullscreen\" src=\"https:\/\/www.youtube.com\/embed\/-40Nu1ladQU?autoplay=0&amp;start=0&amp;rel=0\"><\/iframe>\n<\/div>\n<p dir=\"ltr\">\u00a0<\/p>\n<p dir=\"ltr\"><span style=\"color:#000000;\">Los martes van a clase con Elena Hereu, educadora de Rumb a la Feina, del programa de Formaci\u00f3n e Inserci\u00f3n Laboral (FIL) del Casal dels Infants. En estas clases <strong>las mujeres se preparan para entrar en el mundo laboral, se les ense\u00f1a como funciona el mercado de trabajo en Catalunya y qu\u00e9 sectores existen<\/strong> para que sepan qu\u00e9 posibilidades de trabajo hay. Algunas de ellas no han trabajado nunca en el estado espa\u00f1ol pero s\u00ed en su pa\u00eds de or\u00edgen, y otras lo han hecho sin contrato laboral. Algunas, incluso, han ido a la universidad, pero en la gran mayor\u00eda siempre se han dedicado a las tareas de casa y de cuidados, explica Elena. Ahora\u00a0 ya est\u00e1n en la fase de empezar a <strong>escribir una carta de presentaci\u00f3n, elaborar un curr\u00edculum y practicar entrevistas de trabajo<\/strong>. \u201cEs importante que ellas vean que tienen muchas cosas a aportar a nivel de competencias personales. Quiz\u00e1s no han trabajado oficialmente pero s\u00ed que han aprendido muchas cosas, por haberse dedicado a los hijos, por haber cuidado a gente mayor, por poder tirar una casa y una familia adelante; tienen muchas cosas a aportar\u201d, afirma Elena.\u00a0<\/span><\/p>\n<p class=\"destacat-noticia\" dir=\"ltr\"><span style=\"color:#f39c12;\">Elena Hereu, educadora de Rumb a la feina:<\/span><span style=\"color:#000000;\"> \u00abEstas muejeres quiz\u00e1s no han trabajado oficialmente pero s\u00ed que han aprendido muchas cosas, por haberse dedicado a los hijos, por haber cuidado a gente mayor, por poder tirar una casa y una familia adelante; tienen muchas cosas a aportar\u00bb<\/span><\/p>\n<p dir=\"ltr\"><span style=\"color:#000000;\">Hoy, que es mi\u00e9rcoles, y tambi\u00e9n los jueves, las mujeres vienen a <strong>clase inform\u00e1tica<\/strong>. Seis de ellas se sientan alrededor de una mesa con los ordenadores port\u00e1tiles delante, mientras escuchan a I\u00f1igo explicar como funciona Infojobs, un portal de ofertas de trabajo, ahora que dominan un poco m\u00e1s el uso de ordenadores, de internet y de herramientas como el Gmail o el Drive.\u00a0<\/span><\/p>\n<p dir=\"ltr\"><span style=\"color:#000000;\">A pesar de utilizar el m\u00f3vil a menudo, las competencias digitales de las mujeres eran escasas, ya que o bien no tienen ordenador en casa o bien tienen el de su hijo o hija, pero no lo sab\u00edan utilizar, explica I\u00f1igo. \u201c<strong>Antes no sab\u00eda como buscar cosas por internet, ahora lo puedo hacer yo sola<\/strong>. Cada d\u00eda siento que aprendo palabras nuevas y me siento un poco mejor\u201d, asegura Sinam, participante del Dona\u2019t+. A su lado, Afia afirma todo lo que dice su compa\u00f1era, o podr\u00edamos decir, amiga. Afia empez\u00f3 el curso sin saber hablar catal\u00e1n o castellano y necesitaba que le fueran traduciendo las cosas al urdu. Ahora, habiendo pasado poco m\u00e1s de medio a\u00f1o, es ella la que traduce del castellano al urdu para las compa\u00f1eras que les cuesta seguirlo.\u00a0<\/span><\/p>\n<p>\n\u00a0<\/p>\n<h2 dir=\"ltr\"><strong>Espacio para aprender y hacer amigas<\/strong><\/h2>\n<p dir=\"ltr\"><span style=\"color:#000000;\">Dona\u2019t+, a parte de ser un lugar de aprendizaje y para adquirir competencias ling\u00fc\u00edsticas, digitales y laborales, es <strong>un espacio para que las mujeres hagan red m\u00e1s all\u00e1 de su familia<\/strong> o las personas de su comunidad, para conocerse y compartir. \u201cHemos podido ver que entre ellas han hecho mucha pi\u00f1a, incluso siendo de culturas y nacionalidades diferentes. Ellas dicen que vienen aqu\u00ed con sus amigas. Muchas no se conoc\u00edan antes y ahora quedan por el barrio y quedan para venir juntas\u201d, relata Elena.\u00a0<\/span><\/p>\n<p dir=\"ltr\"><span style=\"color:#000000;\">Viniendo cada d\u00eda al Casal se demuestran a ellas mismas que tienen muchas habilidades, que son capaces de aprender y da pie a <strong>deconstruir la idea que por ser mujeres se tienen que quedar en casa<\/strong>. \u201cCada d\u00eda vengo, s\u00e9 que tengo clases y que tengo que hacer cosas para mi. Me siento cambiada, antes por la ma\u00f1ana llevaba los ni\u00f1os a la escuela, volv\u00eda a casa, preparaba la comida, llegaba la hora que los ni\u00f1os volvieran\u2026 No ten\u00eda tiempo para m\u00ed, y ahora siento que este tiempo es para m\u00ed\u201d, afirma Sinam.\u00a0<\/span><\/p>\n<p class=\"destacat-noticia\" dir=\"ltr\"><span style=\"color:#f39c12;\">Sinam Assarda, participante del Dona&#8217;t+:<\/span> \u00ab<span style=\"color:#000000;\">Me siento cambiada, antes por la ma\u00f1ana llevaba los ni\u00f1os a la escuela, volv\u00eda a casa, preparaba la comida, llegaba la hora que los ni\u00f1os volvieran\u2026 No ten\u00eda tiempo para m\u00ed, y ahora siento que este tiempo es para m\u00ed\u00bb<\/span><\/p>\n<p dir=\"ltr\"><span style=\"color:#000000;\">Adem\u00e1s, si tienen hijos o hijas de 0 a 3 a\u00f1os que no est\u00e1n escolarizados pueden venir con ellos y ellas, ayudando as\u00ed a la <strong>conciliaci\u00f3n familiar<\/strong> que les cuesta encontrar en otros sitios. Se ayudan entre ellas para cuidar del ni\u00f1o o ni\u00f1a, y refuerza el v\u00ednculo que comparten como madres.\u00a0<\/span><\/p>\n<p>\u00a0<\/p>\n<p>\u00a0<\/p>\n","protected":false},"excerpt":{"rendered":"<p>\u00a0 La clase de inform\u00e1tica empieza a las 10:30, pero Silvia, participante del programa Dona\u2019t+ del Casal dels Infants de Badalona, se ha avanzado al resto de compa\u00f1eras y ha llegado antes. Viene acompa\u00f1ada de su hija de un a\u00f1o y medio, que trae en un cochecito pero de tanto en cuanto sale espabiladamente para [&hellip;]<\/p>\n","protected":false},"author":1,"featured_media":0,"comment_status":"open","ping_status":"open","sticky":false,"template":"","format":"standard","meta":{"_acf_changed":false,"_et_pb_use_builder":"","_et_pb_old_content":"","_et_gb_content_width":"","inline_featured_image":false,"footnotes":""},"categories":[125],"tags":[],"seus":[15,155],"eixos":[102],"class_list":{"0":"post-10369","1":"post","2":"type-post","3":"status-publish","4":"format-standard","5":"hentry","6":"category-noticias","7":"seus-badalona","9":"eixos-jovenes"},"acf":[],"yoast_head":"<!-- This site is optimized with the Yoast SEO plugin v27.4 - https:\/\/yoast.com\/product\/yoast-seo-wordpress\/ -->\n<title>Dona&#039;t+ en el Casal dels Infants de Badalona<\/title>\n<meta name=\"robots\" content=\"index, follow, max-snippet:-1, max-image-preview:large, max-video-preview:-1\" \/>\n<link rel=\"canonical\" href=\"https:\/\/www.casaldelsinfants.org\/es\/actualidad\/donatpluscast\/\" \/>\n<meta property=\"og:locale\" content=\"es_ES\" \/>\n<meta property=\"og:type\" content=\"article\" \/>\n<meta property=\"og:title\" content=\"Dona&#039;t+ en el Casal dels Infants de Badalona\" \/>\n<meta property=\"og:description\" content=\"\u00a0 La clase de inform\u00e1tica empieza a las 10:30, pero Silvia, participante del programa Dona\u2019t+ del Casal dels Infants de Badalona, se ha avanzado al resto de compa\u00f1eras y ha llegado antes. Viene acompa\u00f1ada de su hija de un a\u00f1o y medio, que trae en un cochecito pero de tanto en cuanto sale espabiladamente para [&hellip;]\" \/>\n<meta property=\"og:url\" content=\"https:\/\/www.casaldelsinfants.org\/es\/actualidad\/donatpluscast\/\" \/>\n<meta property=\"og:site_name\" content=\"Casal dels Infants\" \/>\n<meta property=\"article:publisher\" content=\"https:\/\/www.facebook.com\/casalinfants\" \/>\n<meta property=\"article:published_time\" content=\"2023-05-18T07:01:42+00:00\" \/>\n<meta property=\"article:modified_time\" content=\"2023-05-23T11:09:43+00:00\" \/>\n<meta name=\"author\" content=\"cdiAdmin\" \/>\n<meta name=\"twitter:card\" content=\"summary_large_image\" \/>\n<meta name=\"twitter:creator\" content=\"@casalinfants\" \/>\n<meta name=\"twitter:site\" content=\"@casalinfants\" \/>\n<meta name=\"twitter:label1\" content=\"Escrito por\" \/>\n\t<meta name=\"twitter:data1\" content=\"cdiAdmin\" \/>\n\t<meta name=\"twitter:label2\" content=\"Tiempo de lectura\" \/>\n\t<meta name=\"twitter:data2\" content=\"7 minutos\" \/>\n<script type=\"application\/ld+json\" class=\"yoast-schema-graph\">{\"@context\":\"https:\\\/\\\/schema.org\",\"@graph\":[{\"@type\":\"Article\",\"@id\":\"https:\\\/\\\/www.casaldelsinfants.org\\\/es\\\/actualidad\\\/donatpluscast\\\/#article\",\"isPartOf\":{\"@id\":\"https:\\\/\\\/www.casaldelsinfants.org\\\/es\\\/actualidad\\\/donatpluscast\\\/\"},\"author\":{\"name\":\"cdiAdmin\",\"@id\":\"https:\\\/\\\/www.casaldelsinfants.org\\\/es\\\/#\\\/schema\\\/person\\\/97707fc8c64900cf36891127dbf9fba8\"},\"headline\":\"Dona\u2019t+: clases de lengua, inform\u00e1tica e inserci\u00f3n laboral para mujeres reci\u00e9n llegadas\",\"datePublished\":\"2023-05-18T07:01:42+00:00\",\"dateModified\":\"2023-05-23T11:09:43+00:00\",\"mainEntityOfPage\":{\"@id\":\"https:\\\/\\\/www.casaldelsinfants.org\\\/es\\\/actualidad\\\/donatpluscast\\\/\"},\"wordCount\":1343,\"commentCount\":0,\"publisher\":{\"@id\":\"https:\\\/\\\/www.casaldelsinfants.org\\\/es\\\/#organization\"},\"articleSection\":[\"Noticia\"],\"inLanguage\":\"es\",\"potentialAction\":[{\"@type\":\"CommentAction\",\"name\":\"Comment\",\"target\":[\"https:\\\/\\\/www.casaldelsinfants.org\\\/es\\\/actualidad\\\/donatpluscast\\\/#respond\"]}]},{\"@type\":\"WebPage\",\"@id\":\"https:\\\/\\\/www.casaldelsinfants.org\\\/es\\\/actualidad\\\/donatpluscast\\\/\",\"url\":\"https:\\\/\\\/www.casaldelsinfants.org\\\/es\\\/actualidad\\\/donatpluscast\\\/\",\"name\":\"Dona&#039;t+ en el Casal dels Infants de Badalona\",\"isPartOf\":{\"@id\":\"https:\\\/\\\/www.casaldelsinfants.org\\\/es\\\/#website\"},\"datePublished\":\"2023-05-18T07:01:42+00:00\",\"dateModified\":\"2023-05-23T11:09:43+00:00\",\"breadcrumb\":{\"@id\":\"https:\\\/\\\/www.casaldelsinfants.org\\\/es\\\/actualidad\\\/donatpluscast\\\/#breadcrumb\"},\"inLanguage\":\"es\",\"potentialAction\":[{\"@type\":\"ReadAction\",\"target\":[\"https:\\\/\\\/www.casaldelsinfants.org\\\/es\\\/actualidad\\\/donatpluscast\\\/\"]}]},{\"@type\":\"BreadcrumbList\",\"@id\":\"https:\\\/\\\/www.casaldelsinfants.org\\\/es\\\/actualidad\\\/donatpluscast\\\/#breadcrumb\",\"itemListElement\":[{\"@type\":\"ListItem\",\"position\":1,\"name\":\"Inici\",\"item\":\"https:\\\/\\\/www.casaldelsinfants.org\\\/es\\\/\"},{\"@type\":\"ListItem\",\"position\":2,\"name\":\"Dona\u2019t+: clases de lengua, inform\u00e1tica e inserci\u00f3n laboral para mujeres reci\u00e9n llegadas\"}]},{\"@type\":\"WebSite\",\"@id\":\"https:\\\/\\\/www.casaldelsinfants.org\\\/es\\\/#website\",\"url\":\"https:\\\/\\\/www.casaldelsinfants.org\\\/es\\\/\",\"name\":\"Casal dels Infants\",\"description\":\"\",\"publisher\":{\"@id\":\"https:\\\/\\\/www.casaldelsinfants.org\\\/es\\\/#organization\"},\"potentialAction\":[{\"@type\":\"SearchAction\",\"target\":{\"@type\":\"EntryPoint\",\"urlTemplate\":\"https:\\\/\\\/www.casaldelsinfants.org\\\/es\\\/?s={search_term_string}\"},\"query-input\":{\"@type\":\"PropertyValueSpecification\",\"valueRequired\":true,\"valueName\":\"search_term_string\"}}],\"inLanguage\":\"es\"},{\"@type\":\"Organization\",\"@id\":\"https:\\\/\\\/www.casaldelsinfants.org\\\/es\\\/#organization\",\"name\":\"Casal dels Infants\",\"url\":\"https:\\\/\\\/www.casaldelsinfants.org\\\/es\\\/\",\"logo\":{\"@type\":\"ImageObject\",\"inLanguage\":\"es\",\"@id\":\"https:\\\/\\\/www.casaldelsinfants.org\\\/es\\\/#\\\/schema\\\/logo\\\/image\\\/\",\"url\":\"https:\\\/\\\/www.casaldelsinfants.org\\\/wp-content\\\/uploads\\\/logo-mail.png\",\"contentUrl\":\"https:\\\/\\\/www.casaldelsinfants.org\\\/wp-content\\\/uploads\\\/logo-mail.png\",\"width\":380,\"height\":158,\"caption\":\"Casal dels Infants\"},\"image\":{\"@id\":\"https:\\\/\\\/www.casaldelsinfants.org\\\/es\\\/#\\\/schema\\\/logo\\\/image\\\/\"},\"sameAs\":[\"https:\\\/\\\/www.facebook.com\\\/casalinfants\",\"https:\\\/\\\/x.com\\\/casalinfants\",\"https:\\\/\\\/www.youtube.com\\\/user\\\/CasaldelsInfants1\",\"https:\\\/\\\/www.instagram.com\\\/casalinfants\\\/\",\"https:\\\/\\\/www.linkedin.com\\\/company\\\/casaldelsinfants?trk=organization-update_share-update_actor-text\"]},{\"@type\":\"Person\",\"@id\":\"https:\\\/\\\/www.casaldelsinfants.org\\\/es\\\/#\\\/schema\\\/person\\\/97707fc8c64900cf36891127dbf9fba8\",\"name\":\"cdiAdmin\",\"sameAs\":[\"https:\\\/\\\/casaldelsinfants.org\"]}]}<\/script>\n<!-- \/ Yoast SEO plugin. -->","yoast_head_json":{"title":"Dona&#039;t+ en el Casal dels Infants de Badalona","robots":{"index":"index","follow":"follow","max-snippet":"max-snippet:-1","max-image-preview":"max-image-preview:large","max-video-preview":"max-video-preview:-1"},"canonical":"https:\/\/www.casaldelsinfants.org\/es\/actualidad\/donatpluscast\/","og_locale":"es_ES","og_type":"article","og_title":"Dona&#039;t+ en el Casal dels Infants de Badalona","og_description":"\u00a0 La clase de inform\u00e1tica empieza a las 10:30, pero Silvia, participante del programa Dona\u2019t+ del Casal dels Infants de Badalona, se ha avanzado al resto de compa\u00f1eras y ha llegado antes. Viene acompa\u00f1ada de su hija de un a\u00f1o y medio, que trae en un cochecito pero de tanto en cuanto sale espabiladamente para [&hellip;]","og_url":"https:\/\/www.casaldelsinfants.org\/es\/actualidad\/donatpluscast\/","og_site_name":"Casal dels Infants","article_publisher":"https:\/\/www.facebook.com\/casalinfants","article_published_time":"2023-05-18T07:01:42+00:00","article_modified_time":"2023-05-23T11:09:43+00:00","author":"cdiAdmin","twitter_card":"summary_large_image","twitter_creator":"@casalinfants","twitter_site":"@casalinfants","twitter_misc":{"Escrito por":"cdiAdmin","Tiempo de lectura":"7 minutos"},"schema":{"@context":"https:\/\/schema.org","@graph":[{"@type":"Article","@id":"https:\/\/www.casaldelsinfants.org\/es\/actualidad\/donatpluscast\/#article","isPartOf":{"@id":"https:\/\/www.casaldelsinfants.org\/es\/actualidad\/donatpluscast\/"},"author":{"name":"cdiAdmin","@id":"https:\/\/www.casaldelsinfants.org\/es\/#\/schema\/person\/97707fc8c64900cf36891127dbf9fba8"},"headline":"Dona\u2019t+: clases de lengua, inform\u00e1tica e inserci\u00f3n laboral para mujeres reci\u00e9n llegadas","datePublished":"2023-05-18T07:01:42+00:00","dateModified":"2023-05-23T11:09:43+00:00","mainEntityOfPage":{"@id":"https:\/\/www.casaldelsinfants.org\/es\/actualidad\/donatpluscast\/"},"wordCount":1343,"commentCount":0,"publisher":{"@id":"https:\/\/www.casaldelsinfants.org\/es\/#organization"},"articleSection":["Noticia"],"inLanguage":"es","potentialAction":[{"@type":"CommentAction","name":"Comment","target":["https:\/\/www.casaldelsinfants.org\/es\/actualidad\/donatpluscast\/#respond"]}]},{"@type":"WebPage","@id":"https:\/\/www.casaldelsinfants.org\/es\/actualidad\/donatpluscast\/","url":"https:\/\/www.casaldelsinfants.org\/es\/actualidad\/donatpluscast\/","name":"Dona&#039;t+ en el Casal dels Infants de Badalona","isPartOf":{"@id":"https:\/\/www.casaldelsinfants.org\/es\/#website"},"datePublished":"2023-05-18T07:01:42+00:00","dateModified":"2023-05-23T11:09:43+00:00","breadcrumb":{"@id":"https:\/\/www.casaldelsinfants.org\/es\/actualidad\/donatpluscast\/#breadcrumb"},"inLanguage":"es","potentialAction":[{"@type":"ReadAction","target":["https:\/\/www.casaldelsinfants.org\/es\/actualidad\/donatpluscast\/"]}]},{"@type":"BreadcrumbList","@id":"https:\/\/www.casaldelsinfants.org\/es\/actualidad\/donatpluscast\/#breadcrumb","itemListElement":[{"@type":"ListItem","position":1,"name":"Inici","item":"https:\/\/www.casaldelsinfants.org\/es\/"},{"@type":"ListItem","position":2,"name":"Dona\u2019t+: clases de lengua, inform\u00e1tica e inserci\u00f3n laboral para mujeres reci\u00e9n llegadas"}]},{"@type":"WebSite","@id":"https:\/\/www.casaldelsinfants.org\/es\/#website","url":"https:\/\/www.casaldelsinfants.org\/es\/","name":"Casal dels Infants","description":"","publisher":{"@id":"https:\/\/www.casaldelsinfants.org\/es\/#organization"},"potentialAction":[{"@type":"SearchAction","target":{"@type":"EntryPoint","urlTemplate":"https:\/\/www.casaldelsinfants.org\/es\/?s={search_term_string}"},"query-input":{"@type":"PropertyValueSpecification","valueRequired":true,"valueName":"search_term_string"}}],"inLanguage":"es"},{"@type":"Organization","@id":"https:\/\/www.casaldelsinfants.org\/es\/#organization","name":"Casal dels Infants","url":"https:\/\/www.casaldelsinfants.org\/es\/","logo":{"@type":"ImageObject","inLanguage":"es","@id":"https:\/\/www.casaldelsinfants.org\/es\/#\/schema\/logo\/image\/","url":"https:\/\/www.casaldelsinfants.org\/wp-content\/uploads\/logo-mail.png","contentUrl":"https:\/\/www.casaldelsinfants.org\/wp-content\/uploads\/logo-mail.png","width":380,"height":158,"caption":"Casal dels Infants"},"image":{"@id":"https:\/\/www.casaldelsinfants.org\/es\/#\/schema\/logo\/image\/"},"sameAs":["https:\/\/www.facebook.com\/casalinfants","https:\/\/x.com\/casalinfants","https:\/\/www.youtube.com\/user\/CasaldelsInfants1","https:\/\/www.instagram.com\/casalinfants\/","https:\/\/www.linkedin.com\/company\/casaldelsinfants?trk=organization-update_share-update_actor-text"]},{"@type":"Person","@id":"https:\/\/www.casaldelsinfants.org\/es\/#\/schema\/person\/97707fc8c64900cf36891127dbf9fba8","name":"cdiAdmin","sameAs":["https:\/\/casaldelsinfants.org"]}]}},"publishpress_future_action":{"enabled":false,"date":"2026-05-09 09:43:17","action":"change-status","newStatus":"draft","terms":[],"taxonomy":"category","extraData":[]},"publishpress_future_workflow_manual_trigger":{"enabledWorkflows":[]},"_links":{"self":[{"href":"https:\/\/www.casaldelsinfants.org\/es\/wp-json\/wp\/v2\/posts\/10369","targetHints":{"allow":["GET"]}}],"collection":[{"href":"https:\/\/www.casaldelsinfants.org\/es\/wp-json\/wp\/v2\/posts"}],"about":[{"href":"https:\/\/www.casaldelsinfants.org\/es\/wp-json\/wp\/v2\/types\/post"}],"author":[{"embeddable":true,"href":"https:\/\/www.casaldelsinfants.org\/es\/wp-json\/wp\/v2\/users\/1"}],"replies":[{"embeddable":true,"href":"https:\/\/www.casaldelsinfants.org\/es\/wp-json\/wp\/v2\/comments?post=10369"}],"version-history":[{"count":1,"href":"https:\/\/www.casaldelsinfants.org\/es\/wp-json\/wp\/v2\/posts\/10369\/revisions"}],"predecessor-version":[{"id":10371,"href":"https:\/\/www.casaldelsinfants.org\/es\/wp-json\/wp\/v2\/posts\/10369\/revisions\/10371"}],"wp:attachment":[{"href":"https:\/\/www.casaldelsinfants.org\/es\/wp-json\/wp\/v2\/media?parent=10369"}],"wp:term":[{"taxonomy":"category","embeddable":true,"href":"https:\/\/www.casaldelsinfants.org\/es\/wp-json\/wp\/v2\/categories?post=10369"},{"taxonomy":"post_tag","embeddable":true,"href":"https:\/\/www.casaldelsinfants.org\/es\/wp-json\/wp\/v2\/tags?post=10369"},{"taxonomy":"seus","embeddable":true,"href":"https:\/\/www.casaldelsinfants.org\/es\/wp-json\/wp\/v2\/seus?post=10369"},{"taxonomy":"eixos","embeddable":true,"href":"https:\/\/www.casaldelsinfants.org\/es\/wp-json\/wp\/v2\/eixos?post=10369"}],"curies":[{"name":"wp","href":"https:\/\/api.w.org\/{rel}","templated":true}]}}