{"id":10372,"date":"2023-05-17T13:56:10","date_gmt":"2023-05-17T11:56:10","guid":{"rendered":"https:\/\/casal.puntzero.cat\/entrevistanawalelboutecast\/"},"modified":"2023-05-23T13:09:53","modified_gmt":"2023-05-23T11:09:53","slug":"entrevistanawalelboutecast","status":"publish","type":"post","link":"https:\/\/www.casaldelsinfants.org\/es\/actualidad\/entrevistanawalelboutecast\/","title":{"rendered":"&quot;Mis alumnos dicen: \u00abSi la profesora es marroqu\u00ed y ha llegado hasta aqu\u00ed con el catal\u00e1n y el castellano, \u00bfpor qu\u00e9 no yo?\u00bb&quot;"},"content":{"rendered":"<p><strong>Para alguien que no conozca el servicio, \u00bfqu\u00e9 es el Aula de Lenguas?<\/strong><\/p>\n<p><meta charset=\"utf-8\" \/><\/p>\n<p dir=\"ltr\"><span style=\"color:#000000;\">Es un espacio donde se hacen cursos de catal\u00e1n b\u00e1sico y tres de castellano (dos b\u00e1sicos y uno avanzado) para personas migradas. En cada curso se hacen dos sesiones semanales de una hora y media. Somos una mezcla de todo el mundo, con gente de muchas nacionalidades.<\/span><\/p>\n<p>\u00a0<\/p>\n<p dir=\"ltr\"><strong>Lamentablemente, no es habitual que una persona migrada sea profesora de catal\u00e1n y castellano. \u00bfC\u00f3mo has llegado hasta aqu\u00ed?<\/strong><\/p>\n<p dir=\"ltr\"><span style=\"color:#000000;\">Llegu\u00e9 en 2008 por reagrupamiento familiar, justo ahora estoy tramitando la nacionalidad espa\u00f1ola. Desde que llegu\u00e9 no he parado de hacer cursos. Primero de castellano, y despu\u00e9s he acabado haciendo m\u00e1s de catal\u00e1n. De catal\u00e1n tengo un B2, y sigo aprendi\u00e9ndolo en l\u00ednea, para seguir mejorando. Ya hab\u00eda hecho de profesora de lenguas en la fundaci\u00f3n Bay Al-Thaqafa, y este curso me han contratado en el Casal dels Infants a trav\u00e9s de la l\u00ednea ESAL del Programa Trabajo y Formaci\u00f3n, con el apoyo del Servicio de Ocupaci\u00f3n Estatal (SEPE) y del Servicio de Ocupaci\u00f3n de Catalunya (SOC).<\/span><\/p>\n<p>\u00a0<\/p>\n<p dir=\"ltr\"><strong>\u00bfTe sientes un referente para tu alumnado?<\/strong><\/p>\n<p dir=\"ltr\"><span style=\"color:#000000;\">S\u00ed, y tanto. La primera vez que entraron en clase dijeron: \u201c\u00a1Esta es marroqu\u00ed! \u00a1La profe es marroqu\u00ed! \u00bfC\u00f3mo lo ha hecho para hablar as\u00ed de bien?\u201d. Ahora ellos tienen m\u00e1s voluntad de estudiar, digamos. \u201cA ver si llegamos donde ha llegado ella, \u00bfpor qu\u00e9 no?\u201d. Y me preguntan: \u201c\u00bfCu\u00e1nto tiempo te ha llevado hablar as\u00ed de bien?\u201d. Y les digo que con el castellano, seis meses. \u201c\u00a1\u00bfSeis meses?! Entonces, este a\u00f1o, si me pongo las pilas, ya est\u00e1, \u00bfno?\u201d. Y yo digo: \u201cS\u00ed, \u00bfy por qu\u00e9 no?\u201d. De hecho, hay mujeres que se emocionaron el primer d\u00eda que dijeron una frase entera en castellano. Lloramos todos.<\/span><\/p>\n<p dir=\"ltr\">\u00a0<\/p>\n<p class=\"destacat-noticia\" dir=\"ltr\"><span style=\"color:#000000;\">\u00abAhora mis alumnos tienen m\u00e1s voluntad de estudiar, digamos.\u00a0\u00abA ver si llegamos donde ha llegado ella, \u00bfpor qu\u00e9 no?\u00bb\u201d<\/span><\/p>\n<p>\u00a0<\/p>\n<p dir=\"ltr\"><strong>\u00bfQu\u00e9 te parece que haya personas catalanoparlantes que por defecto hablan en castellano a las personas migradas?<\/strong><\/p>\n<p dir=\"ltr\"><span style=\"color:#000000;\">Yo intento empezar la conversaci\u00f3n, para que la persona sepa que hablo catal\u00e1n. Entonces me dicen: \u201cAh, \u00bfseguimos la conversaci\u00f3n en catal\u00e1n?\u201d, y yo digo: \u201cPor qu\u00e9 no? Si de momento no te he dicho lo contrario, sigamos\u201d. Aqu\u00ed me encuentro mucha gente que tiene miedo: piensan que si no estudian castellano no aprender\u00e1n catal\u00e1n. Piensan que es el puente: castellano primero y despu\u00e9s catal\u00e1n. Jo les aconsejo aprender ambas, y ya est\u00e1.<\/span><\/p>\n<p dir=\"ltr\">\u00a0<\/p>\n<p class=\"destacat-noticia\" dir=\"ltr\"><span style=\"color:#000000;\">\u00abYo intento empezar la conversaci\u00f3n, para que la persona sepa que hablo catal\u00e1n. Entonces me dicen:\u00a0\u00abAh, seguimos la conversaci\u00f3n en catal\u00e1n?\u00bb, y yo digo: \u00ab\u00bfPor qu\u00e9 no?\u00a0Si de momento no te he dicho lo contrario, \u00a1seguimos!\u00bb\u201d<\/span><\/p>\n<p>\u00a0<\/p>\n<p dir=\"ltr\"><strong>\u00bfQue las personas migradas con hijos aprendan el catal\u00e1n y el castellano, les permite participar m\u00e1s en la educaci\u00f3n de sus hijos e hijas?<\/strong><\/p>\n<p dir=\"ltr\"><span style=\"color:#000000;\">S\u00ed, y tanto. Cuando hablo con madres y padres de c\u00f3mo lo hacen en la escuela, para hablar con la maestra, en las reuniones\u2026 me dicen que no van. Yo les digo que tengan confianza, que vayan y hablen. Y lo est\u00e1n haciendo. Y con los ni\u00f1os, les digo que se pongan con ellos a hacer los deberes, que si el ni\u00f1o sabe un poco m\u00e1s que ellos, se ayuden mutuamente. Los deberes que les pongo yo en el Aula de Lleng\u00fces les digo que los pueden hacer con los hijos e hijas.<\/span><\/p>\n<p>\u00a0<\/p>\n<p><span style=\"color:#000000;\">Con el apoyo de:<\/span><\/p>\n<p><span style=\"color:#000000;\"><img decoding=\"async\" alt=\"Logo del SOC\" data-entity-type=\"file\" data-entity-uuid=\"a4688c79-e553-48dd-8c09-d73c2daf84ee\" data-image-style=\"medium\" src=\"\/wp-content\/uploads\/inline-images\/logo-vector-soc-servei-d-ocupacio-de-catalunya-1.jpg\" width=\"220\" height=\"56\" typeof=\"foaf:Image\" class=\"align-left\" \/><\/span><\/p>\n<p>\u00a0<\/p>\n<p>\u00a0<\/p>\n<p><img decoding=\"async\" alt=\"Logo SEPE\" data-entity-type=\"file\" data-entity-uuid=\"46807eae-638a-4864-b03f-9b880363ba77\" data-image-style=\"medium\" src=\"\/wp-content\/uploads\/inline-images\/MTES%2BSEPE_H_COLOR.jpg\" width=\"220\" height=\"64\" typeof=\"foaf:Image\" class=\"align-left\" \/><\/p>\n","protected":false},"excerpt":{"rendered":"<div class=\"video-embed-field-responsive-video form-group\"><iframe loading=\"lazy\" width=\"854\" height=\"480\" frameborder=\"0\" allowfullscreen=\"allowfullscreen\" src=\"https:\/\/www.youtube.com\/embed\/-40Nu1ladQU?autoplay=0&amp;start=0&amp;rel=0\"><\/iframe>\n<\/div>\n<p class=\"text-align-center\">\u00a0<\/p>\n<p class=\"text-align-center\"><meta charset=\"utf-8\" \/>Nawal el Boute es marroqu\u00ed y vive en Catalunya desdes 20008. Hoy nos la encontramos en la Betsaida, la sede del Casal dels Infants de Badalona, a punto para dar una de las clases de catal\u00e1n b\u00e1sico para personas migradas del Aula de Lenguas. Hace un rato ha acabo una clase de castellano. Hablando con ella del aprendizaje de lenguas no deja de repetir \u201c\u00bfpor qu\u00e9 no?\u201d, un reflejo del empuje y las ganas de aprender que la hacen un referente para su alumnado.<\/p>\n<p class=\"text-align-center\">\u00a0<\/p>\n","protected":false},"author":1,"featured_media":0,"comment_status":"open","ping_status":"open","sticky":false,"template":"","format":"standard","meta":{"_acf_changed":false,"_et_pb_use_builder":"","_et_pb_old_content":"","_et_gb_content_width":"","inline_featured_image":false,"footnotes":""},"categories":[127],"tags":[],"seus":[15,155],"eixos":[110],"class_list":{"0":"post-10372","1":"post","2":"type-post","3":"status-publish","4":"format-standard","5":"hentry","6":"category-entrevista","7":"seus-badalona","9":"eixos-comunidad-casal-dels-infants"},"acf":[],"yoast_head":"<!-- This site is optimized with the Yoast SEO plugin v27.4 - https:\/\/yoast.com\/product\/yoast-seo-wordpress\/ -->\n<title>Entrevista a la Nawal el Boute, professora de l&#039;Aula de Lleng\u00fces<\/title>\n<meta name=\"description\" content=\"La Nawal el Boute \u00e9s marroquina i professora de l&#039;Aula de Lleng\u00fces del Casal dels Infants de Badalona, on dona classes de catal\u00e0 i castell\u00e0. Amb ella com a referent, els seus alumnes es veuen capa\u00e7os d&#039;aprendre totes dues lleng\u00fces.\" \/>\n<meta name=\"robots\" content=\"index, follow, max-snippet:-1, max-image-preview:large, max-video-preview:-1\" \/>\n<link rel=\"canonical\" href=\"https:\/\/www.casaldelsinfants.org\/es\/actualidad\/entrevistanawalelboutecast\/\" \/>\n<meta property=\"og:locale\" content=\"es_ES\" \/>\n<meta property=\"og:type\" content=\"article\" \/>\n<meta property=\"og:title\" content=\"Entrevista a la Nawal el Boute, professora de l&#039;Aula de Lleng\u00fces\" \/>\n<meta property=\"og:description\" content=\"La Nawal el Boute \u00e9s marroquina i professora de l&#039;Aula de Lleng\u00fces del Casal dels Infants de Badalona, on dona classes de catal\u00e0 i castell\u00e0. Amb ella com a referent, els seus alumnes es veuen capa\u00e7os d&#039;aprendre totes dues lleng\u00fces.\" \/>\n<meta property=\"og:url\" content=\"https:\/\/www.casaldelsinfants.org\/es\/actualidad\/entrevistanawalelboutecast\/\" \/>\n<meta property=\"og:site_name\" content=\"Casal dels Infants\" \/>\n<meta property=\"article:publisher\" content=\"https:\/\/www.facebook.com\/casalinfants\" \/>\n<meta property=\"article:published_time\" content=\"2023-05-17T11:56:10+00:00\" \/>\n<meta property=\"article:modified_time\" content=\"2023-05-23T11:09:53+00:00\" \/>\n<meta name=\"author\" content=\"cdiAdmin\" \/>\n<meta name=\"twitter:card\" content=\"summary_large_image\" \/>\n<meta name=\"twitter:creator\" content=\"@casalinfants\" \/>\n<meta name=\"twitter:site\" content=\"@casalinfants\" \/>\n<meta name=\"twitter:label1\" content=\"Escrito por\" \/>\n\t<meta name=\"twitter:data1\" content=\"cdiAdmin\" \/>\n\t<meta name=\"twitter:label2\" content=\"Tiempo de lectura\" \/>\n\t<meta name=\"twitter:data2\" content=\"3 minutos\" \/>\n<script type=\"application\/ld+json\" class=\"yoast-schema-graph\">{\"@context\":\"https:\\\/\\\/schema.org\",\"@graph\":[{\"@type\":\"Article\",\"@id\":\"https:\\\/\\\/www.casaldelsinfants.org\\\/es\\\/actualidad\\\/entrevistanawalelboutecast\\\/#article\",\"isPartOf\":{\"@id\":\"https:\\\/\\\/www.casaldelsinfants.org\\\/es\\\/actualidad\\\/entrevistanawalelboutecast\\\/\"},\"author\":{\"name\":\"cdiAdmin\",\"@id\":\"https:\\\/\\\/www.casaldelsinfants.org\\\/es\\\/#\\\/schema\\\/person\\\/97707fc8c64900cf36891127dbf9fba8\"},\"headline\":\"&quot;Mis alumnos dicen: \u00abSi la profesora es marroqu\u00ed y ha llegado hasta aqu\u00ed con el catal\u00e1n y el castellano, \u00bfpor qu\u00e9 no yo?\u00bb&quot;\",\"datePublished\":\"2023-05-17T11:56:10+00:00\",\"dateModified\":\"2023-05-23T11:09:53+00:00\",\"mainEntityOfPage\":{\"@id\":\"https:\\\/\\\/www.casaldelsinfants.org\\\/es\\\/actualidad\\\/entrevistanawalelboutecast\\\/\"},\"wordCount\":630,\"commentCount\":0,\"publisher\":{\"@id\":\"https:\\\/\\\/www.casaldelsinfants.org\\\/es\\\/#organization\"},\"articleSection\":[\"Entrevista\"],\"inLanguage\":\"es\",\"potentialAction\":[{\"@type\":\"CommentAction\",\"name\":\"Comment\",\"target\":[\"https:\\\/\\\/www.casaldelsinfants.org\\\/es\\\/actualidad\\\/entrevistanawalelboutecast\\\/#respond\"]}]},{\"@type\":\"WebPage\",\"@id\":\"https:\\\/\\\/www.casaldelsinfants.org\\\/es\\\/actualidad\\\/entrevistanawalelboutecast\\\/\",\"url\":\"https:\\\/\\\/www.casaldelsinfants.org\\\/es\\\/actualidad\\\/entrevistanawalelboutecast\\\/\",\"name\":\"Entrevista a la Nawal el Boute, professora de l&#039;Aula de Lleng\u00fces\",\"isPartOf\":{\"@id\":\"https:\\\/\\\/www.casaldelsinfants.org\\\/es\\\/#website\"},\"datePublished\":\"2023-05-17T11:56:10+00:00\",\"dateModified\":\"2023-05-23T11:09:53+00:00\",\"description\":\"La Nawal el Boute \u00e9s marroquina i professora de l&#039;Aula de Lleng\u00fces del Casal dels Infants de Badalona, on dona classes de catal\u00e0 i castell\u00e0. Amb ella com a referent, els seus alumnes es veuen capa\u00e7os d&#039;aprendre totes dues lleng\u00fces.\",\"breadcrumb\":{\"@id\":\"https:\\\/\\\/www.casaldelsinfants.org\\\/es\\\/actualidad\\\/entrevistanawalelboutecast\\\/#breadcrumb\"},\"inLanguage\":\"es\",\"potentialAction\":[{\"@type\":\"ReadAction\",\"target\":[\"https:\\\/\\\/www.casaldelsinfants.org\\\/es\\\/actualidad\\\/entrevistanawalelboutecast\\\/\"]}]},{\"@type\":\"BreadcrumbList\",\"@id\":\"https:\\\/\\\/www.casaldelsinfants.org\\\/es\\\/actualidad\\\/entrevistanawalelboutecast\\\/#breadcrumb\",\"itemListElement\":[{\"@type\":\"ListItem\",\"position\":1,\"name\":\"Inici\",\"item\":\"https:\\\/\\\/www.casaldelsinfants.org\\\/es\\\/\"},{\"@type\":\"ListItem\",\"position\":2,\"name\":\"&quot;Mis alumnos dicen: \u00abSi la profesora es marroqu\u00ed y ha llegado hasta aqu\u00ed con el catal\u00e1n y el castellano, \u00bfpor qu\u00e9 no yo?\u00bb&quot;\"}]},{\"@type\":\"WebSite\",\"@id\":\"https:\\\/\\\/www.casaldelsinfants.org\\\/es\\\/#website\",\"url\":\"https:\\\/\\\/www.casaldelsinfants.org\\\/es\\\/\",\"name\":\"Casal dels Infants\",\"description\":\"\",\"publisher\":{\"@id\":\"https:\\\/\\\/www.casaldelsinfants.org\\\/es\\\/#organization\"},\"potentialAction\":[{\"@type\":\"SearchAction\",\"target\":{\"@type\":\"EntryPoint\",\"urlTemplate\":\"https:\\\/\\\/www.casaldelsinfants.org\\\/es\\\/?s={search_term_string}\"},\"query-input\":{\"@type\":\"PropertyValueSpecification\",\"valueRequired\":true,\"valueName\":\"search_term_string\"}}],\"inLanguage\":\"es\"},{\"@type\":\"Organization\",\"@id\":\"https:\\\/\\\/www.casaldelsinfants.org\\\/es\\\/#organization\",\"name\":\"Casal dels Infants\",\"url\":\"https:\\\/\\\/www.casaldelsinfants.org\\\/es\\\/\",\"logo\":{\"@type\":\"ImageObject\",\"inLanguage\":\"es\",\"@id\":\"https:\\\/\\\/www.casaldelsinfants.org\\\/es\\\/#\\\/schema\\\/logo\\\/image\\\/\",\"url\":\"https:\\\/\\\/www.casaldelsinfants.org\\\/wp-content\\\/uploads\\\/logo-mail.png\",\"contentUrl\":\"https:\\\/\\\/www.casaldelsinfants.org\\\/wp-content\\\/uploads\\\/logo-mail.png\",\"width\":380,\"height\":158,\"caption\":\"Casal dels Infants\"},\"image\":{\"@id\":\"https:\\\/\\\/www.casaldelsinfants.org\\\/es\\\/#\\\/schema\\\/logo\\\/image\\\/\"},\"sameAs\":[\"https:\\\/\\\/www.facebook.com\\\/casalinfants\",\"https:\\\/\\\/x.com\\\/casalinfants\",\"https:\\\/\\\/www.youtube.com\\\/user\\\/CasaldelsInfants1\",\"https:\\\/\\\/www.instagram.com\\\/casalinfants\\\/\",\"https:\\\/\\\/www.linkedin.com\\\/company\\\/casaldelsinfants?trk=organization-update_share-update_actor-text\"]},{\"@type\":\"Person\",\"@id\":\"https:\\\/\\\/www.casaldelsinfants.org\\\/es\\\/#\\\/schema\\\/person\\\/97707fc8c64900cf36891127dbf9fba8\",\"name\":\"cdiAdmin\",\"sameAs\":[\"https:\\\/\\\/casaldelsinfants.org\"]}]}<\/script>\n<!-- \/ Yoast SEO plugin. -->","yoast_head_json":{"title":"Entrevista a la Nawal el Boute, professora de l&#039;Aula de Lleng\u00fces","description":"La Nawal el Boute \u00e9s marroquina i professora de l&#039;Aula de Lleng\u00fces del Casal dels Infants de Badalona, on dona classes de catal\u00e0 i castell\u00e0. Amb ella com a referent, els seus alumnes es veuen capa\u00e7os d&#039;aprendre totes dues lleng\u00fces.","robots":{"index":"index","follow":"follow","max-snippet":"max-snippet:-1","max-image-preview":"max-image-preview:large","max-video-preview":"max-video-preview:-1"},"canonical":"https:\/\/www.casaldelsinfants.org\/es\/actualidad\/entrevistanawalelboutecast\/","og_locale":"es_ES","og_type":"article","og_title":"Entrevista a la Nawal el Boute, professora de l&#039;Aula de Lleng\u00fces","og_description":"La Nawal el Boute \u00e9s marroquina i professora de l&#039;Aula de Lleng\u00fces del Casal dels Infants de Badalona, on dona classes de catal\u00e0 i castell\u00e0. Amb ella com a referent, els seus alumnes es veuen capa\u00e7os d&#039;aprendre totes dues lleng\u00fces.","og_url":"https:\/\/www.casaldelsinfants.org\/es\/actualidad\/entrevistanawalelboutecast\/","og_site_name":"Casal dels Infants","article_publisher":"https:\/\/www.facebook.com\/casalinfants","article_published_time":"2023-05-17T11:56:10+00:00","article_modified_time":"2023-05-23T11:09:53+00:00","author":"cdiAdmin","twitter_card":"summary_large_image","twitter_creator":"@casalinfants","twitter_site":"@casalinfants","twitter_misc":{"Escrito por":"cdiAdmin","Tiempo de lectura":"3 minutos"},"schema":{"@context":"https:\/\/schema.org","@graph":[{"@type":"Article","@id":"https:\/\/www.casaldelsinfants.org\/es\/actualidad\/entrevistanawalelboutecast\/#article","isPartOf":{"@id":"https:\/\/www.casaldelsinfants.org\/es\/actualidad\/entrevistanawalelboutecast\/"},"author":{"name":"cdiAdmin","@id":"https:\/\/www.casaldelsinfants.org\/es\/#\/schema\/person\/97707fc8c64900cf36891127dbf9fba8"},"headline":"&quot;Mis alumnos dicen: \u00abSi la profesora es marroqu\u00ed y ha llegado hasta aqu\u00ed con el catal\u00e1n y el castellano, \u00bfpor qu\u00e9 no yo?\u00bb&quot;","datePublished":"2023-05-17T11:56:10+00:00","dateModified":"2023-05-23T11:09:53+00:00","mainEntityOfPage":{"@id":"https:\/\/www.casaldelsinfants.org\/es\/actualidad\/entrevistanawalelboutecast\/"},"wordCount":630,"commentCount":0,"publisher":{"@id":"https:\/\/www.casaldelsinfants.org\/es\/#organization"},"articleSection":["Entrevista"],"inLanguage":"es","potentialAction":[{"@type":"CommentAction","name":"Comment","target":["https:\/\/www.casaldelsinfants.org\/es\/actualidad\/entrevistanawalelboutecast\/#respond"]}]},{"@type":"WebPage","@id":"https:\/\/www.casaldelsinfants.org\/es\/actualidad\/entrevistanawalelboutecast\/","url":"https:\/\/www.casaldelsinfants.org\/es\/actualidad\/entrevistanawalelboutecast\/","name":"Entrevista a la Nawal el Boute, professora de l&#039;Aula de Lleng\u00fces","isPartOf":{"@id":"https:\/\/www.casaldelsinfants.org\/es\/#website"},"datePublished":"2023-05-17T11:56:10+00:00","dateModified":"2023-05-23T11:09:53+00:00","description":"La Nawal el Boute \u00e9s marroquina i professora de l&#039;Aula de Lleng\u00fces del Casal dels Infants de Badalona, on dona classes de catal\u00e0 i castell\u00e0. Amb ella com a referent, els seus alumnes es veuen capa\u00e7os d&#039;aprendre totes dues lleng\u00fces.","breadcrumb":{"@id":"https:\/\/www.casaldelsinfants.org\/es\/actualidad\/entrevistanawalelboutecast\/#breadcrumb"},"inLanguage":"es","potentialAction":[{"@type":"ReadAction","target":["https:\/\/www.casaldelsinfants.org\/es\/actualidad\/entrevistanawalelboutecast\/"]}]},{"@type":"BreadcrumbList","@id":"https:\/\/www.casaldelsinfants.org\/es\/actualidad\/entrevistanawalelboutecast\/#breadcrumb","itemListElement":[{"@type":"ListItem","position":1,"name":"Inici","item":"https:\/\/www.casaldelsinfants.org\/es\/"},{"@type":"ListItem","position":2,"name":"&quot;Mis alumnos dicen: \u00abSi la profesora es marroqu\u00ed y ha llegado hasta aqu\u00ed con el catal\u00e1n y el castellano, \u00bfpor qu\u00e9 no yo?\u00bb&quot;"}]},{"@type":"WebSite","@id":"https:\/\/www.casaldelsinfants.org\/es\/#website","url":"https:\/\/www.casaldelsinfants.org\/es\/","name":"Casal dels Infants","description":"","publisher":{"@id":"https:\/\/www.casaldelsinfants.org\/es\/#organization"},"potentialAction":[{"@type":"SearchAction","target":{"@type":"EntryPoint","urlTemplate":"https:\/\/www.casaldelsinfants.org\/es\/?s={search_term_string}"},"query-input":{"@type":"PropertyValueSpecification","valueRequired":true,"valueName":"search_term_string"}}],"inLanguage":"es"},{"@type":"Organization","@id":"https:\/\/www.casaldelsinfants.org\/es\/#organization","name":"Casal dels Infants","url":"https:\/\/www.casaldelsinfants.org\/es\/","logo":{"@type":"ImageObject","inLanguage":"es","@id":"https:\/\/www.casaldelsinfants.org\/es\/#\/schema\/logo\/image\/","url":"https:\/\/www.casaldelsinfants.org\/wp-content\/uploads\/logo-mail.png","contentUrl":"https:\/\/www.casaldelsinfants.org\/wp-content\/uploads\/logo-mail.png","width":380,"height":158,"caption":"Casal dels Infants"},"image":{"@id":"https:\/\/www.casaldelsinfants.org\/es\/#\/schema\/logo\/image\/"},"sameAs":["https:\/\/www.facebook.com\/casalinfants","https:\/\/x.com\/casalinfants","https:\/\/www.youtube.com\/user\/CasaldelsInfants1","https:\/\/www.instagram.com\/casalinfants\/","https:\/\/www.linkedin.com\/company\/casaldelsinfants?trk=organization-update_share-update_actor-text"]},{"@type":"Person","@id":"https:\/\/www.casaldelsinfants.org\/es\/#\/schema\/person\/97707fc8c64900cf36891127dbf9fba8","name":"cdiAdmin","sameAs":["https:\/\/casaldelsinfants.org"]}]}},"publishpress_future_action":{"enabled":false,"date":"2026-05-09 00:47:50","action":"change-status","newStatus":"draft","terms":[],"taxonomy":"category","extraData":[]},"publishpress_future_workflow_manual_trigger":{"enabledWorkflows":[]},"_links":{"self":[{"href":"https:\/\/www.casaldelsinfants.org\/es\/wp-json\/wp\/v2\/posts\/10372","targetHints":{"allow":["GET"]}}],"collection":[{"href":"https:\/\/www.casaldelsinfants.org\/es\/wp-json\/wp\/v2\/posts"}],"about":[{"href":"https:\/\/www.casaldelsinfants.org\/es\/wp-json\/wp\/v2\/types\/post"}],"author":[{"embeddable":true,"href":"https:\/\/www.casaldelsinfants.org\/es\/wp-json\/wp\/v2\/users\/1"}],"replies":[{"embeddable":true,"href":"https:\/\/www.casaldelsinfants.org\/es\/wp-json\/wp\/v2\/comments?post=10372"}],"version-history":[{"count":1,"href":"https:\/\/www.casaldelsinfants.org\/es\/wp-json\/wp\/v2\/posts\/10372\/revisions"}],"predecessor-version":[{"id":10374,"href":"https:\/\/www.casaldelsinfants.org\/es\/wp-json\/wp\/v2\/posts\/10372\/revisions\/10374"}],"wp:attachment":[{"href":"https:\/\/www.casaldelsinfants.org\/es\/wp-json\/wp\/v2\/media?parent=10372"}],"wp:term":[{"taxonomy":"category","embeddable":true,"href":"https:\/\/www.casaldelsinfants.org\/es\/wp-json\/wp\/v2\/categories?post=10372"},{"taxonomy":"post_tag","embeddable":true,"href":"https:\/\/www.casaldelsinfants.org\/es\/wp-json\/wp\/v2\/tags?post=10372"},{"taxonomy":"seus","embeddable":true,"href":"https:\/\/www.casaldelsinfants.org\/es\/wp-json\/wp\/v2\/seus?post=10372"},{"taxonomy":"eixos","embeddable":true,"href":"https:\/\/www.casaldelsinfants.org\/es\/wp-json\/wp\/v2\/eixos?post=10372"}],"curies":[{"name":"wp","href":"https:\/\/api.w.org\/{rel}","templated":true}]}}