{"id":10375,"date":"2023-05-16T10:58:31","date_gmt":"2023-05-16T08:58:31","guid":{"rendered":"https:\/\/casal.puntzero.cat\/intervencionsocioeducativa\/"},"modified":"2023-05-23T13:10:28","modified_gmt":"2023-05-23T11:10:28","slug":"intervencionsocioeducativa","status":"publish","type":"post","link":"https:\/\/www.casaldelsinfants.org\/es\/actualidad\/intervencionsocioeducativa\/","title":{"rendered":"\u00bfQu\u00e9 es la intervenci\u00f3n socioeducativa?"},"content":{"rendered":"<p><meta charset=\"utf-8\" \/><\/p>\n<p dir=\"ltr\"><span style=\"color:#000000;\">En el Casal dels Infants entendemos la intervenci\u00f3n socioeducativa con ni\u00f1os, ni\u00f1as, j\u00f3venes y familias en situaci\u00f3n de vulnerabilidad como el acompa\u00f1amiento que les ofrecemos para que refuercen cuatro competencias clave para superar el riesgo de exclusi\u00f3n social, adapt\u00e1ndonos a cada etapa vital.<\/span><\/p>\n<p>\u00a0<\/p>\n<h2 dir=\"ltr\"><strong>\u00bfCu\u00e1les son los \u00e1mbitos de intervenci\u00f3n socioeducativa?<\/strong><\/h2>\n<p dir=\"ltr\"><span style=\"color:#000000;\">Los \u00e1mbitos de las competencias clave que trabajamos en nuestra intervenci\u00f3n socioeducativa son los siguientes:<\/span><\/p>\n<ul>\n<li aria-level=\"1\" dir=\"ltr\">\n<h3 dir=\"ltr\" role=\"presentation\"><span style=\"color:#000000;\">Competencias personales<\/span><\/h3>\n<\/li>\n<\/ul>\n<p dir=\"ltr\"><span style=\"color:#000000;\">Son las necesarias par la realizaci\u00f3n y el desarrollo de la persona y suponen la base del resto de competencias, con las cuales se interrelacionan. Incluyen las competencias comunicativas y las relacionadas con la autonom\u00eda y la iniciativa personal.<\/span><\/p>\n<ul>\n<li aria-level=\"1\" dir=\"ltr\">\n<h3 dir=\"ltr\" role=\"presentation\"><span style=\"color:#000000;\">Competencias sociales para la participaci\u00f3n<\/span><\/h3>\n<\/li>\n<\/ul>\n<p dir=\"ltr\"><span style=\"color:#000000;\">Permiten la interacci\u00f3n social en entornos diversos . Est\u00e1n realacionadas con la diversidad cultural, el esp\u00edritu cr\u00edtico, la solidaridad, la convivencia, el trabajo en equipo, la asertividad y el di\u00e1logo.<\/span><\/p>\n<ul>\n<li aria-level=\"1\" dir=\"ltr\">\n<h3 dir=\"ltr\" role=\"presentation\"><span style=\"color:#000000;\">Competencias para el \u00e9xito educativo y formativo<\/span><\/h3>\n<\/li>\n<\/ul>\n<p dir=\"ltr\"><span style=\"color:#000000;\">Posibilitan la integraci\u00f3n de los aprendizajes escolares necesarios para alcanzar la educaci\u00f3n b\u00e1sica obligatoria y adquirir motivaci\u00f3n, favorecen la continuidad formativa en estudios postobligatorios y la inserci\u00f3n laboral.<\/span><\/p>\n<ul>\n<li aria-level=\"1\" dir=\"ltr\">\n<h3 dir=\"ltr\" role=\"presentation\"><span style=\"color:#000000;\">Competencias para desarrollar relaciones familiares positivas<\/span><\/h3>\n<\/li>\n<\/ul>\n<p dir=\"ltr\" role=\"presentation\"><span style=\"color:#000000;\">Incidimos en el desarrollo de competencias que favorezcan las relaciones familiares positivas y las habilidades de los progenitores para ejercer una crianza saludable<\/span><\/p>\n<p>\u00a0<\/p>\n<h2 dir=\"ltr\"><strong>\u00bfCu\u00e1les son las t\u00e9cnicas socioeducativas?<\/strong><\/h2>\n<p dir=\"ltr\"><span style=\"color:#000000;\">Estos son los principios pedag\u00f3gicos que rigen nuestra acci\u00f3n social y las t\u00e9cnicas y tareas socioeducativas relacionadas:<\/span><\/p>\n<p>\u00a0<\/p>\n<ul dir=\"ltr\">\n<li>\n<h3><span style=\"color:#000000;\">Las personas en el centro<\/span><\/h3>\n<\/li>\n<\/ul>\n<p dir=\"ltr\"><span style=\"color:#000000;\">Consideramos la persona el centro de todo, contemplando su entorno y contexto. <\/span><\/p>\n<ul>\n<li><span style=\"color:#000000;\">Seguimos el modelo de relaci\u00f3n de ayuda: el educadora acompa\u00f1a y orienta, la persona decide y potencia sus cambios.<\/span><\/li>\n<li aria-level=\"1\" dir=\"ltr\">\n<p dir=\"ltr\" role=\"presentation\"><span style=\"color:#000000;\">Promovemos la escucha, la empat\u00eda, los espacios de reflexi\u00f3n y debata, la confianza y la corresponsabilidad<\/span><\/p>\n<\/li>\n<\/ul>\n<p dir=\"ltr\">\u00a0<\/p>\n<ul dir=\"ltr\">\n<li>\n<h3><span style=\"color:#000000;\">La fuerza del grupo<\/span><\/h3>\n<\/li>\n<\/ul>\n<p dir=\"ltr\"><span style=\"color:#000000;\">La din\u00e1mica grupal es una herramienta fundamental del trabajo socioeducativo, en el \u00e1mbito cognitivo, relacional y emocional<\/span><\/p>\n<ul>\n<li aria-level=\"1\" dir=\"ltr\">\n<p dir=\"ltr\" role=\"presentation\"><span style=\"color:#000000;\">Generamos cohesi\u00f3n grupal con roles para cada participante<\/span><\/p>\n<\/li>\n<li aria-level=\"1\" dir=\"ltr\">\n<p dir=\"ltr\" role=\"presentation\"><span style=\"color:#000000;\">Potenciamos la autogesti\u00f3n y la toma de decisiones compartida<\/span><\/p>\n<\/li>\n<li aria-level=\"1\" dir=\"ltr\">\n<p dir=\"ltr\" role=\"presentation\"><span style=\"color:#000000;\">Ofrecemos espacios de conocimiento donde construir redes de apoyo<\/span><\/p>\n<\/li>\n<li aria-level=\"1\" dir=\"ltr\">\n<p dir=\"ltr\" role=\"presentation\"><span style=\"color:#000000;\">Afrontamos la resoluci\u00f3n de los conflictos y el reconocimiento de m\u00e9ritos con ayuda del grupo<\/span><\/p>\n<\/li>\n<li aria-level=\"1\" dir=\"ltr\">\n<p dir=\"ltr\" role=\"presentation\"><span style=\"color:#000000;\">Conectamos las personas con toros grupos de la comunidad<\/span><\/p>\n<\/li>\n<\/ul>\n<p>\u00a0<\/p>\n<ul dir=\"ltr\">\n<li>\n<h3><span style=\"color:#000000;\">La participaci\u00f3n<\/span><\/h3>\n<\/li>\n<\/ul>\n<p dir=\"ltr\"><span style=\"color:#000000;\">La participaci\u00f3n es un derecho que permite a los ni\u00f1os, ni\u00f1as, adolescentes, j\u00f3venes y familias ser protagonistas de sus cambios y de la transformaci\u00f3n de los barrios.<\/span><\/p>\n<ul>\n<li aria-level=\"1\" dir=\"ltr\">\n<p dir=\"ltr\" role=\"presentation\"><span style=\"color:#000000;\">Apostamos por espacios de rotllana (sentarse en c\u00edrculo) y asambleas, para tener voz, reflexionar, decidir, tener consciencia de grupo, autogestionarse y generar acuerdos en la toma de decisiones.<\/span><\/p>\n<\/li>\n<li aria-level=\"1\" dir=\"ltr\">\n<p dir=\"ltr\" role=\"presentation\"><span style=\"color:#000000;\">Promovemos los grupos motor de participantes para impulsar iniciativas<\/span><\/p>\n<\/li>\n<li aria-level=\"1\" dir=\"ltr\">\n<p dir=\"ltr\" role=\"presentation\"><span style=\"color:#000000;\">Facilitamos espacios para la participaci\u00f3n de las familias<\/span><\/p>\n<\/li>\n<li aria-level=\"1\" dir=\"ltr\">\n<p dir=\"ltr\" role=\"presentation\"><span style=\"color:#000000;\">Promovemos consejos de participaci\u00f3n y decisi\u00f3n<\/span><\/p>\n<\/li>\n<\/ul>\n<p>\u00a0<\/p>\n<ul dir=\"ltr\">\n<li>\n<h3><span style=\"color:#000000;\">La coeducaci\u00f3n<\/span><\/h3>\n<\/li>\n<\/ul>\n<p dir=\"ltr\"><span style=\"color:#000000;\">Promovemos una educaci\u00f3n con perspectiva de g\u00e9nero que potencia la igualdad real de oportunidades y la eliminaci\u00f3n de todo tipo de discriminaci\u00f3n por raz\u00f3n de g\u00e9nero<\/span><\/p>\n<ul>\n<li aria-level=\"1\" dir=\"ltr\">\n<p dir=\"ltr\" role=\"presentation\"><span style=\"color:#000000;\">Generamos servicios espec\u00edficos para responder a las necesidades de chicas y mujers<\/span><\/p>\n<\/li>\n<li aria-level=\"1\" dir=\"ltr\">\n<p dir=\"ltr\" role=\"presentation\"><span style=\"color:#000000;\">Desmontamos estereotipos\u00a0 roles de g\u00e9nero a trav\u00e9s del pensamiento cr\u00edtico<\/span><\/p>\n<\/li>\n<li aria-level=\"1\" dir=\"ltr\">\n<p dir=\"ltr\" role=\"presentation\"><span style=\"color:#000000;\">Prevenimos las relaciones abusivas<\/span><\/p>\n<\/li>\n<li aria-level=\"1\" dir=\"ltr\">\n<p dir=\"ltr\" role=\"presentation\"><span style=\"color:#000000;\">Trabajamos en red con entidades especializadas en violencia de g\u00e9nero y coeducaci\u00f3n<\/span><\/p>\n<\/li>\n<\/ul>\n<p>\u00a0<\/p>\n<ul dir=\"ltr\">\n<li>\n<h3><span style=\"color:#000000;\">El respeto a la diversidad<\/span><\/h3>\n<\/li>\n<\/ul>\n<p dir=\"ltr\"><span style=\"color:#000000;\">Visibilizamos la diversidad y la incorporamos como un valor.<\/span><\/p>\n<ul>\n<li aria-level=\"1\" dir=\"ltr\">\n<p dir=\"ltr\" role=\"presentation\"><span style=\"color:#000000;\">Utilizamos un lenguaje inclusivo<\/span><\/p>\n<\/li>\n<li aria-level=\"1\" dir=\"ltr\">\n<p dir=\"ltr\" role=\"presentation\"><span style=\"color:#000000;\">Generamos espacios y actividades que favorezcan la interculturalidad<\/span><\/p>\n<\/li>\n<li aria-level=\"1\" dir=\"ltr\">\n<p dir=\"ltr\" role=\"presentation\"><span style=\"color:#000000;\">Aprovechamos las potencialidades que supone la diversidad en los equipos y grupos de participantes<\/span><\/p>\n<\/li>\n<li aria-level=\"1\" dir=\"ltr\">\n<p dir=\"ltr\" role=\"presentation\"><span style=\"color:#000000;\">Sensibilizamos en relaci\u00f3n a la diversidad<\/span><\/p>\n<\/li>\n<li aria-level=\"1\" dir=\"ltr\">\n<p dir=\"ltr\" role=\"presentation\"><span style=\"color:#000000;\">Luchamos contra la discriminaci\u00f3n racista, los rumores y los estereotipos<\/span><\/p>\n<\/li>\n<\/ul>\n<p dir=\"ltr\">\u00a0<\/p>\n<ul dir=\"ltr\">\n<li>\n<h3><span style=\"color:#000000;\">El aprendizaje significativo<\/span><\/h3>\n<\/li>\n<\/ul>\n<p dir=\"ltr\"><span style=\"color:#000000;\">Creemos en un aprendizaje conectado a los intereses de la personas y donde esta sea la protagonista.<\/span><\/p>\n<ul>\n<li aria-level=\"1\" dir=\"ltr\">\n<p dir=\"ltr\" role=\"presentation\"><span style=\"color:#000000;\">Indagamos en un aprendizaje conectado a los intereses de la persona y donde esta es la protagonista.<\/span><\/p>\n<\/li>\n<li aria-level=\"1\" dir=\"ltr\">\n<p dir=\"ltr\" role=\"presentation\"><span style=\"color:#000000;\">Indagamos en las aficiones, sue\u00f1os e intereses de los participantes<\/span><\/p>\n<\/li>\n<li aria-level=\"1\" dir=\"ltr\">\n<p dir=\"ltr\" role=\"presentation\"><span style=\"color:#000000;\">Fomentamos que piensen en lugar de darles respuestas<\/span><\/p>\n<\/li>\n<li aria-level=\"1\" dir=\"ltr\">\n<p dir=\"ltr\" role=\"presentation\"><span style=\"color:#000000;\">Ofrecemos rincones o ambientes de aprendizaje y experimentaci\u00f3n<\/span><\/p>\n<\/li>\n<li aria-level=\"1\" dir=\"ltr\">\n<p dir=\"ltr\" role=\"presentation\"><span style=\"color:#000000;\">Reforzamos los \u00e9xitos y animamos a continuar<\/span><\/p>\n<\/li>\n<\/ul>\n<p>\u00a0<\/p>\n<ul dir=\"ltr\">\n<li>\n<h3><span style=\"color:#000000;\">La educaci\u00f3n en valores<\/span><\/h3>\n<\/li>\n<\/ul>\n<p dir=\"ltr\"><span style=\"color:#000000;\">Promovemos los valores democr\u00e1ticos, la solidaridad, el esp\u00edritu cr\u00edtico, la igualdad y el respeto, la interculturalidad y la sostenibilidad, entre otros.<\/span><\/p>\n<ul>\n<li aria-level=\"1\" dir=\"ltr\">\n<p dir=\"ltr\" role=\"presentation\"><span style=\"color:#000000;\">Fomentamos espacios de reflexi\u00f3n y participaci\u00f3n<\/span><\/p>\n<\/li>\n<li aria-level=\"1\" dir=\"ltr\">\n<p dir=\"ltr\" role=\"presentation\"><span style=\"color:#000000;\">Transmitimos valores con el ejemplo, no s\u00f3lo de palabra<\/span><\/p>\n<\/li>\n<li aria-level=\"1\" dir=\"ltr\">\n<p dir=\"ltr\" role=\"presentation\"><span style=\"color:#000000;\">Informamos y debatimos sobre temas de actualidad que afectan a los derechos de las personas que acompa\u00f1amos<\/span><\/p>\n<\/li>\n<\/ul>\n<p>\n\u00a0<\/p>\n<ul dir=\"ltr\">\n<li>\n<h3><span style=\"color:#000000;\">Potenciar contextos estimulantes<\/span><\/h3>\n<\/li>\n<\/ul>\n<p dir=\"ltr\"><span style=\"color:#000000;\">Ofrecemos espacios y experiencias para potenciar las relaciones sociales, la obertura de perspectivas, el disfrute y la experimentaci\u00f3n.<\/span><\/p>\n<ul>\n<li aria-level=\"1\" dir=\"ltr\">\n<p dir=\"ltr\" role=\"presentation\"><span style=\"color:#000000;\">Ofrecemos un espacio seguro de participaci\u00f3n y relaci\u00f3n<\/span><\/p>\n<\/li>\n<li aria-level=\"1\" dir=\"ltr\">\n<p dir=\"ltr\" role=\"presentation\"><span style=\"color:#000000;\">Proponemos actividades, retos y experiencias motivadoras, con opci\u00f3n de elecci\u00f3n<\/span><\/p>\n<\/li>\n<li aria-level=\"1\" dir=\"ltr\">\n<p dir=\"ltr\" role=\"presentation\"><span style=\"color:#000000;\">Favorecemos la descubierta del entorno cercano, de la naturaleza y de propuestas culturales<\/span><\/p>\n<\/li>\n<li aria-level=\"1\" dir=\"ltr\">\n<p dir=\"ltr\" role=\"presentation\"><span style=\"color:#000000;\">Abrimos perspectivas y rompemos limitaciones autoimpuestas<\/span><\/p>\n<\/li>\n<\/ul>\n<p>\u00a0<\/p>\n<ul dir=\"ltr\">\n<li>\n<h3><span style=\"color:#000000;\">La visi\u00f3n hol\u00edstica<\/span><\/h3>\n<\/li>\n<\/ul>\n<p dir=\"ltr\"><span style=\"color:#000000;\">Acompa\u00f1amos a las personas desde una perspectiva integral que tiene en cuenta todos los \u00e1mbitos de su desarrollo, los factores que inciden en este y sus relaciones con los dem\u00e1s.\u00a0<\/span><\/p>\n<ul>\n<li aria-level=\"1\" dir=\"ltr\">\n<p dir=\"ltr\" role=\"presentation\"><span style=\"color:#000000;\">Tenemos en cuenta esta globalidad cuando atendemos y valoramos a la persona<\/span><\/p>\n<\/li>\n<li aria-level=\"1\" dir=\"ltr\">\n<p dir=\"ltr\" role=\"presentation\"><span style=\"color:#000000;\">Trabajamos en red para proporcionar un acompa\u00f1amiento integral<\/span><\/p>\n<\/li>\n<li aria-level=\"1\" dir=\"ltr\">\n<p dir=\"ltr\" role=\"presentation\"><span style=\"color:#000000;\">Potenciamos los v\u00ednculos y las redes de apoyo entre personas<\/span><\/p>\n<\/li>\n<\/ul>\n<p>\u00a0<\/p>\n<ul dir=\"ltr\">\n<li>\n<h3><span style=\"color:#000000;\">Acompa\u00f1amos el ciclo vital<\/span><\/h3>\n<\/li>\n<\/ul>\n<p dir=\"ltr\"><span style=\"color:#000000;\">Acompa\u00f1amos a las personas para que en cada etapa vital logren las competencias para la autonom\u00eda y la superaci\u00f3n del riesgo de exclusi\u00f3n social.<\/span><\/p>\n<ul>\n<li aria-level=\"1\" dir=\"ltr\">\n<p dir=\"ltr\" role=\"presentation\"><span style=\"color:#000000;\">Adaptamos la acci\u00f3n socioeducativa a la edad y a las circunstancias de las personas<\/span><\/p>\n<\/li>\n<li aria-level=\"1\" dir=\"ltr\">\n<p dir=\"ltr\" role=\"presentation\"><span style=\"color:#000000;\">Derivamos la persona al recurso m\u00e1s adecuado para su momento vital, tambi\u00e9n a recursos externos.<\/span><\/p>\n<\/li>\n<\/ul>\n<p dir=\"ltr\" role=\"presentation\">\u00a0<\/p>\n<p dir=\"ltr\" role=\"presentation\">\u00a0<\/p>\n","protected":false},"excerpt":{"rendered":"<p>En el Casal dels Infants entendemos la intervenci\u00f3n socioeducativa con ni\u00f1os, ni\u00f1as, j\u00f3venes y familias en situaci\u00f3n de vulnerabilidad como el acompa\u00f1amiento que les ofrecemos para que refuercen cuatro competencias clave para superar el riesgo de exclusi\u00f3n social, adapt\u00e1ndonos a cada etapa vital. \u00a0 \u00bfCu\u00e1les son los \u00e1mbitos de intervenci\u00f3n socioeducativa? Los \u00e1mbitos de las [&hellip;]<\/p>\n","protected":false},"author":1,"featured_media":10168,"comment_status":"open","ping_status":"open","sticky":false,"template":"","format":"standard","meta":{"_acf_changed":false,"_et_pb_use_builder":"","_et_pb_old_content":"","_et_gb_content_width":"","inline_featured_image":false,"footnotes":""},"categories":[125],"tags":[],"seus":[],"eixos":[],"class_list":["post-10375","post","type-post","status-publish","format-standard","has-post-thumbnail","hentry","category-noticias"],"acf":[],"yoast_head":"<!-- This site is optimized with the Yoast SEO plugin v27.4 - https:\/\/yoast.com\/product\/yoast-seo-wordpress\/ -->\n<title>Intervenci\u00f3n socioeducativa<\/title>\n<meta name=\"robots\" content=\"index, follow, max-snippet:-1, max-image-preview:large, max-video-preview:-1\" \/>\n<link rel=\"canonical\" href=\"https:\/\/www.casaldelsinfants.org\/es\/actualidad\/intervencionsocioeducativa\/\" \/>\n<meta property=\"og:locale\" content=\"es_ES\" \/>\n<meta property=\"og:type\" content=\"article\" \/>\n<meta property=\"og:title\" content=\"Intervenci\u00f3n socioeducativa\" \/>\n<meta property=\"og:description\" content=\"En el Casal dels Infants entendemos la intervenci\u00f3n socioeducativa con ni\u00f1os, ni\u00f1as, j\u00f3venes y familias en situaci\u00f3n de vulnerabilidad como el acompa\u00f1amiento que les ofrecemos para que refuercen cuatro competencias clave para superar el riesgo de exclusi\u00f3n social, adapt\u00e1ndonos a cada etapa vital. \u00a0 \u00bfCu\u00e1les son los \u00e1mbitos de intervenci\u00f3n socioeducativa? Los \u00e1mbitos de las [&hellip;]\" \/>\n<meta property=\"og:url\" content=\"https:\/\/www.casaldelsinfants.org\/es\/actualidad\/intervencionsocioeducativa\/\" \/>\n<meta property=\"og:site_name\" content=\"Casal dels Infants\" \/>\n<meta property=\"article:publisher\" content=\"https:\/\/www.facebook.com\/casalinfants\" \/>\n<meta property=\"article:published_time\" content=\"2023-05-16T08:58:31+00:00\" \/>\n<meta property=\"article:modified_time\" content=\"2023-05-23T11:10:28+00:00\" \/>\n<meta property=\"og:image\" content=\"https:\/\/www.casaldelsinfants.org\/wp-content\/uploads\/casal_dels_infants_intervencio_socioeducativa-1.webp\" \/>\n\t<meta property=\"og:image:width\" content=\"600\" \/>\n\t<meta property=\"og:image:height\" content=\"400\" \/>\n\t<meta property=\"og:image:type\" content=\"image\/jpeg\" \/>\n<meta name=\"author\" content=\"cdiAdmin\" \/>\n<meta name=\"twitter:card\" content=\"summary_large_image\" \/>\n<meta name=\"twitter:creator\" content=\"@casalinfants\" \/>\n<meta name=\"twitter:site\" content=\"@casalinfants\" \/>\n<meta name=\"twitter:label1\" content=\"Escrito por\" \/>\n\t<meta name=\"twitter:data1\" content=\"cdiAdmin\" \/>\n\t<meta name=\"twitter:label2\" content=\"Tiempo de lectura\" \/>\n\t<meta name=\"twitter:data2\" content=\"5 minutos\" \/>\n<script type=\"application\/ld+json\" class=\"yoast-schema-graph\">{\"@context\":\"https:\\\/\\\/schema.org\",\"@graph\":[{\"@type\":\"Article\",\"@id\":\"https:\\\/\\\/www.casaldelsinfants.org\\\/es\\\/actualidad\\\/intervencionsocioeducativa\\\/#article\",\"isPartOf\":{\"@id\":\"https:\\\/\\\/www.casaldelsinfants.org\\\/es\\\/actualidad\\\/intervencionsocioeducativa\\\/\"},\"author\":{\"name\":\"cdiAdmin\",\"@id\":\"https:\\\/\\\/www.casaldelsinfants.org\\\/es\\\/#\\\/schema\\\/person\\\/97707fc8c64900cf36891127dbf9fba8\"},\"headline\":\"\u00bfQu\u00e9 es la intervenci\u00f3n socioeducativa?\",\"datePublished\":\"2023-05-16T08:58:31+00:00\",\"dateModified\":\"2023-05-23T11:10:28+00:00\",\"mainEntityOfPage\":{\"@id\":\"https:\\\/\\\/www.casaldelsinfants.org\\\/es\\\/actualidad\\\/intervencionsocioeducativa\\\/\"},\"wordCount\":954,\"commentCount\":0,\"publisher\":{\"@id\":\"https:\\\/\\\/www.casaldelsinfants.org\\\/es\\\/#organization\"},\"image\":{\"@id\":\"https:\\\/\\\/www.casaldelsinfants.org\\\/es\\\/actualidad\\\/intervencionsocioeducativa\\\/#primaryimage\"},\"thumbnailUrl\":\"https:\\\/\\\/www.casaldelsinfants.org\\\/wp-content\\\/uploads\\\/casal_dels_infants_intervencio_socioeducativa-1.webp\",\"articleSection\":[\"Noticia\"],\"inLanguage\":\"es\",\"potentialAction\":[{\"@type\":\"CommentAction\",\"name\":\"Comment\",\"target\":[\"https:\\\/\\\/www.casaldelsinfants.org\\\/es\\\/actualidad\\\/intervencionsocioeducativa\\\/#respond\"]}]},{\"@type\":\"WebPage\",\"@id\":\"https:\\\/\\\/www.casaldelsinfants.org\\\/es\\\/actualidad\\\/intervencionsocioeducativa\\\/\",\"url\":\"https:\\\/\\\/www.casaldelsinfants.org\\\/es\\\/actualidad\\\/intervencionsocioeducativa\\\/\",\"name\":\"Intervenci\u00f3n socioeducativa\",\"isPartOf\":{\"@id\":\"https:\\\/\\\/www.casaldelsinfants.org\\\/es\\\/#website\"},\"primaryImageOfPage\":{\"@id\":\"https:\\\/\\\/www.casaldelsinfants.org\\\/es\\\/actualidad\\\/intervencionsocioeducativa\\\/#primaryimage\"},\"image\":{\"@id\":\"https:\\\/\\\/www.casaldelsinfants.org\\\/es\\\/actualidad\\\/intervencionsocioeducativa\\\/#primaryimage\"},\"thumbnailUrl\":\"https:\\\/\\\/www.casaldelsinfants.org\\\/wp-content\\\/uploads\\\/casal_dels_infants_intervencio_socioeducativa-1.webp\",\"datePublished\":\"2023-05-16T08:58:31+00:00\",\"dateModified\":\"2023-05-23T11:10:28+00:00\",\"breadcrumb\":{\"@id\":\"https:\\\/\\\/www.casaldelsinfants.org\\\/es\\\/actualidad\\\/intervencionsocioeducativa\\\/#breadcrumb\"},\"inLanguage\":\"es\",\"potentialAction\":[{\"@type\":\"ReadAction\",\"target\":[\"https:\\\/\\\/www.casaldelsinfants.org\\\/es\\\/actualidad\\\/intervencionsocioeducativa\\\/\"]}]},{\"@type\":\"ImageObject\",\"inLanguage\":\"es\",\"@id\":\"https:\\\/\\\/www.casaldelsinfants.org\\\/es\\\/actualidad\\\/intervencionsocioeducativa\\\/#primaryimage\",\"url\":\"https:\\\/\\\/www.casaldelsinfants.org\\\/wp-content\\\/uploads\\\/casal_dels_infants_intervencio_socioeducativa-1.webp\",\"contentUrl\":\"https:\\\/\\\/www.casaldelsinfants.org\\\/wp-content\\\/uploads\\\/casal_dels_infants_intervencio_socioeducativa-1.webp\",\"width\":600,\"height\":400,\"caption\":\"Jove voluntari fent intervenci\u00f3 amb petits\"},{\"@type\":\"BreadcrumbList\",\"@id\":\"https:\\\/\\\/www.casaldelsinfants.org\\\/es\\\/actualidad\\\/intervencionsocioeducativa\\\/#breadcrumb\",\"itemListElement\":[{\"@type\":\"ListItem\",\"position\":1,\"name\":\"Inici\",\"item\":\"https:\\\/\\\/www.casaldelsinfants.org\\\/es\\\/\"},{\"@type\":\"ListItem\",\"position\":2,\"name\":\"\u00bfQu\u00e9 es la intervenci\u00f3n socioeducativa?\"}]},{\"@type\":\"WebSite\",\"@id\":\"https:\\\/\\\/www.casaldelsinfants.org\\\/es\\\/#website\",\"url\":\"https:\\\/\\\/www.casaldelsinfants.org\\\/es\\\/\",\"name\":\"Casal dels Infants\",\"description\":\"\",\"publisher\":{\"@id\":\"https:\\\/\\\/www.casaldelsinfants.org\\\/es\\\/#organization\"},\"potentialAction\":[{\"@type\":\"SearchAction\",\"target\":{\"@type\":\"EntryPoint\",\"urlTemplate\":\"https:\\\/\\\/www.casaldelsinfants.org\\\/es\\\/?s={search_term_string}\"},\"query-input\":{\"@type\":\"PropertyValueSpecification\",\"valueRequired\":true,\"valueName\":\"search_term_string\"}}],\"inLanguage\":\"es\"},{\"@type\":\"Organization\",\"@id\":\"https:\\\/\\\/www.casaldelsinfants.org\\\/es\\\/#organization\",\"name\":\"Casal dels Infants\",\"url\":\"https:\\\/\\\/www.casaldelsinfants.org\\\/es\\\/\",\"logo\":{\"@type\":\"ImageObject\",\"inLanguage\":\"es\",\"@id\":\"https:\\\/\\\/www.casaldelsinfants.org\\\/es\\\/#\\\/schema\\\/logo\\\/image\\\/\",\"url\":\"https:\\\/\\\/www.casaldelsinfants.org\\\/wp-content\\\/uploads\\\/logo-mail.png\",\"contentUrl\":\"https:\\\/\\\/www.casaldelsinfants.org\\\/wp-content\\\/uploads\\\/logo-mail.png\",\"width\":380,\"height\":158,\"caption\":\"Casal dels Infants\"},\"image\":{\"@id\":\"https:\\\/\\\/www.casaldelsinfants.org\\\/es\\\/#\\\/schema\\\/logo\\\/image\\\/\"},\"sameAs\":[\"https:\\\/\\\/www.facebook.com\\\/casalinfants\",\"https:\\\/\\\/x.com\\\/casalinfants\",\"https:\\\/\\\/www.youtube.com\\\/user\\\/CasaldelsInfants1\",\"https:\\\/\\\/www.instagram.com\\\/casalinfants\\\/\",\"https:\\\/\\\/www.linkedin.com\\\/company\\\/casaldelsinfants?trk=organization-update_share-update_actor-text\"]},{\"@type\":\"Person\",\"@id\":\"https:\\\/\\\/www.casaldelsinfants.org\\\/es\\\/#\\\/schema\\\/person\\\/97707fc8c64900cf36891127dbf9fba8\",\"name\":\"cdiAdmin\",\"sameAs\":[\"https:\\\/\\\/casaldelsinfants.org\"]}]}<\/script>\n<!-- \/ Yoast SEO plugin. -->","yoast_head_json":{"title":"Intervenci\u00f3n socioeducativa","robots":{"index":"index","follow":"follow","max-snippet":"max-snippet:-1","max-image-preview":"max-image-preview:large","max-video-preview":"max-video-preview:-1"},"canonical":"https:\/\/www.casaldelsinfants.org\/es\/actualidad\/intervencionsocioeducativa\/","og_locale":"es_ES","og_type":"article","og_title":"Intervenci\u00f3n socioeducativa","og_description":"En el Casal dels Infants entendemos la intervenci\u00f3n socioeducativa con ni\u00f1os, ni\u00f1as, j\u00f3venes y familias en situaci\u00f3n de vulnerabilidad como el acompa\u00f1amiento que les ofrecemos para que refuercen cuatro competencias clave para superar el riesgo de exclusi\u00f3n social, adapt\u00e1ndonos a cada etapa vital. \u00a0 \u00bfCu\u00e1les son los \u00e1mbitos de intervenci\u00f3n socioeducativa? Los \u00e1mbitos de las [&hellip;]","og_url":"https:\/\/www.casaldelsinfants.org\/es\/actualidad\/intervencionsocioeducativa\/","og_site_name":"Casal dels Infants","article_publisher":"https:\/\/www.facebook.com\/casalinfants","article_published_time":"2023-05-16T08:58:31+00:00","article_modified_time":"2023-05-23T11:10:28+00:00","og_image":[{"width":600,"height":400,"url":"https:\/\/www.casaldelsinfants.org\/wp-content\/uploads\/casal_dels_infants_intervencio_socioeducativa-1.webp","type":"image\/jpeg"}],"author":"cdiAdmin","twitter_card":"summary_large_image","twitter_creator":"@casalinfants","twitter_site":"@casalinfants","twitter_misc":{"Escrito por":"cdiAdmin","Tiempo de lectura":"5 minutos"},"schema":{"@context":"https:\/\/schema.org","@graph":[{"@type":"Article","@id":"https:\/\/www.casaldelsinfants.org\/es\/actualidad\/intervencionsocioeducativa\/#article","isPartOf":{"@id":"https:\/\/www.casaldelsinfants.org\/es\/actualidad\/intervencionsocioeducativa\/"},"author":{"name":"cdiAdmin","@id":"https:\/\/www.casaldelsinfants.org\/es\/#\/schema\/person\/97707fc8c64900cf36891127dbf9fba8"},"headline":"\u00bfQu\u00e9 es la intervenci\u00f3n socioeducativa?","datePublished":"2023-05-16T08:58:31+00:00","dateModified":"2023-05-23T11:10:28+00:00","mainEntityOfPage":{"@id":"https:\/\/www.casaldelsinfants.org\/es\/actualidad\/intervencionsocioeducativa\/"},"wordCount":954,"commentCount":0,"publisher":{"@id":"https:\/\/www.casaldelsinfants.org\/es\/#organization"},"image":{"@id":"https:\/\/www.casaldelsinfants.org\/es\/actualidad\/intervencionsocioeducativa\/#primaryimage"},"thumbnailUrl":"https:\/\/www.casaldelsinfants.org\/wp-content\/uploads\/casal_dels_infants_intervencio_socioeducativa-1.webp","articleSection":["Noticia"],"inLanguage":"es","potentialAction":[{"@type":"CommentAction","name":"Comment","target":["https:\/\/www.casaldelsinfants.org\/es\/actualidad\/intervencionsocioeducativa\/#respond"]}]},{"@type":"WebPage","@id":"https:\/\/www.casaldelsinfants.org\/es\/actualidad\/intervencionsocioeducativa\/","url":"https:\/\/www.casaldelsinfants.org\/es\/actualidad\/intervencionsocioeducativa\/","name":"Intervenci\u00f3n socioeducativa","isPartOf":{"@id":"https:\/\/www.casaldelsinfants.org\/es\/#website"},"primaryImageOfPage":{"@id":"https:\/\/www.casaldelsinfants.org\/es\/actualidad\/intervencionsocioeducativa\/#primaryimage"},"image":{"@id":"https:\/\/www.casaldelsinfants.org\/es\/actualidad\/intervencionsocioeducativa\/#primaryimage"},"thumbnailUrl":"https:\/\/www.casaldelsinfants.org\/wp-content\/uploads\/casal_dels_infants_intervencio_socioeducativa-1.webp","datePublished":"2023-05-16T08:58:31+00:00","dateModified":"2023-05-23T11:10:28+00:00","breadcrumb":{"@id":"https:\/\/www.casaldelsinfants.org\/es\/actualidad\/intervencionsocioeducativa\/#breadcrumb"},"inLanguage":"es","potentialAction":[{"@type":"ReadAction","target":["https:\/\/www.casaldelsinfants.org\/es\/actualidad\/intervencionsocioeducativa\/"]}]},{"@type":"ImageObject","inLanguage":"es","@id":"https:\/\/www.casaldelsinfants.org\/es\/actualidad\/intervencionsocioeducativa\/#primaryimage","url":"https:\/\/www.casaldelsinfants.org\/wp-content\/uploads\/casal_dels_infants_intervencio_socioeducativa-1.webp","contentUrl":"https:\/\/www.casaldelsinfants.org\/wp-content\/uploads\/casal_dels_infants_intervencio_socioeducativa-1.webp","width":600,"height":400,"caption":"Jove voluntari fent intervenci\u00f3 amb petits"},{"@type":"BreadcrumbList","@id":"https:\/\/www.casaldelsinfants.org\/es\/actualidad\/intervencionsocioeducativa\/#breadcrumb","itemListElement":[{"@type":"ListItem","position":1,"name":"Inici","item":"https:\/\/www.casaldelsinfants.org\/es\/"},{"@type":"ListItem","position":2,"name":"\u00bfQu\u00e9 es la intervenci\u00f3n socioeducativa?"}]},{"@type":"WebSite","@id":"https:\/\/www.casaldelsinfants.org\/es\/#website","url":"https:\/\/www.casaldelsinfants.org\/es\/","name":"Casal dels Infants","description":"","publisher":{"@id":"https:\/\/www.casaldelsinfants.org\/es\/#organization"},"potentialAction":[{"@type":"SearchAction","target":{"@type":"EntryPoint","urlTemplate":"https:\/\/www.casaldelsinfants.org\/es\/?s={search_term_string}"},"query-input":{"@type":"PropertyValueSpecification","valueRequired":true,"valueName":"search_term_string"}}],"inLanguage":"es"},{"@type":"Organization","@id":"https:\/\/www.casaldelsinfants.org\/es\/#organization","name":"Casal dels Infants","url":"https:\/\/www.casaldelsinfants.org\/es\/","logo":{"@type":"ImageObject","inLanguage":"es","@id":"https:\/\/www.casaldelsinfants.org\/es\/#\/schema\/logo\/image\/","url":"https:\/\/www.casaldelsinfants.org\/wp-content\/uploads\/logo-mail.png","contentUrl":"https:\/\/www.casaldelsinfants.org\/wp-content\/uploads\/logo-mail.png","width":380,"height":158,"caption":"Casal dels Infants"},"image":{"@id":"https:\/\/www.casaldelsinfants.org\/es\/#\/schema\/logo\/image\/"},"sameAs":["https:\/\/www.facebook.com\/casalinfants","https:\/\/x.com\/casalinfants","https:\/\/www.youtube.com\/user\/CasaldelsInfants1","https:\/\/www.instagram.com\/casalinfants\/","https:\/\/www.linkedin.com\/company\/casaldelsinfants?trk=organization-update_share-update_actor-text"]},{"@type":"Person","@id":"https:\/\/www.casaldelsinfants.org\/es\/#\/schema\/person\/97707fc8c64900cf36891127dbf9fba8","name":"cdiAdmin","sameAs":["https:\/\/casaldelsinfants.org"]}]}},"publishpress_future_action":{"enabled":false,"date":"2026-05-09 10:58:40","action":"change-status","newStatus":"draft","terms":[],"taxonomy":"category","extraData":[]},"publishpress_future_workflow_manual_trigger":{"enabledWorkflows":[]},"_links":{"self":[{"href":"https:\/\/www.casaldelsinfants.org\/es\/wp-json\/wp\/v2\/posts\/10375","targetHints":{"allow":["GET"]}}],"collection":[{"href":"https:\/\/www.casaldelsinfants.org\/es\/wp-json\/wp\/v2\/posts"}],"about":[{"href":"https:\/\/www.casaldelsinfants.org\/es\/wp-json\/wp\/v2\/types\/post"}],"author":[{"embeddable":true,"href":"https:\/\/www.casaldelsinfants.org\/es\/wp-json\/wp\/v2\/users\/1"}],"replies":[{"embeddable":true,"href":"https:\/\/www.casaldelsinfants.org\/es\/wp-json\/wp\/v2\/comments?post=10375"}],"version-history":[{"count":1,"href":"https:\/\/www.casaldelsinfants.org\/es\/wp-json\/wp\/v2\/posts\/10375\/revisions"}],"predecessor-version":[{"id":10380,"href":"https:\/\/www.casaldelsinfants.org\/es\/wp-json\/wp\/v2\/posts\/10375\/revisions\/10380"}],"wp:featuredmedia":[{"embeddable":true,"href":"https:\/\/www.casaldelsinfants.org\/es\/wp-json\/wp\/v2\/media\/10168"}],"wp:attachment":[{"href":"https:\/\/www.casaldelsinfants.org\/es\/wp-json\/wp\/v2\/media?parent=10375"}],"wp:term":[{"taxonomy":"category","embeddable":true,"href":"https:\/\/www.casaldelsinfants.org\/es\/wp-json\/wp\/v2\/categories?post=10375"},{"taxonomy":"post_tag","embeddable":true,"href":"https:\/\/www.casaldelsinfants.org\/es\/wp-json\/wp\/v2\/tags?post=10375"},{"taxonomy":"seus","embeddable":true,"href":"https:\/\/www.casaldelsinfants.org\/es\/wp-json\/wp\/v2\/seus?post=10375"},{"taxonomy":"eixos","embeddable":true,"href":"https:\/\/www.casaldelsinfants.org\/es\/wp-json\/wp\/v2\/eixos?post=10375"}],"curies":[{"name":"wp","href":"https:\/\/api.w.org\/{rel}","templated":true}]}}