{"id":10390,"date":"2023-04-26T09:08:00","date_gmt":"2023-04-26T07:08:00","guid":{"rendered":"https:\/\/casal.puntzero.cat\/riesgodepobrezaoexclusionni%c3%b1os\/"},"modified":"2023-05-23T13:11:28","modified_gmt":"2023-05-23T11:11:28","slug":"riesgodepobrezaoexclusionni%c3%b1os","status":"publish","type":"post","link":"https:\/\/www.casaldelsinfants.org\/es\/actualidad\/riesgodepobrezaoexclusionnic3b1os\/","title":{"rendered":"Uno de cada tres ni\u00f1os en Catalunya, en riesgo de pobreza o exclusi\u00f3n social (un a\u00f1o m\u00e1s)"},"content":{"rendered":"<p><span style=\"color:#000000;\">Los datos de la Encuesta de Condiciones de Vida, publicadas este lunes por el Institut\u00a0d&#8217;Estad\u00edstica de Catalunya, nos muestran una realidad grave y cronificada de la infancia: el a\u00f1o pasado 436.000 ni\u00f1os y ni\u00f1as, uno de cada tres, se encontraba en riesgo de pobreza o exclusi\u00f3n social. Los ni\u00f1os fueron el grupo de edad m\u00e1s afectado por esta situaci\u00f3n, mientras en el conjunto de la poblaci\u00f3n una de cada cuatro personas se encontraba en esta situaci\u00f3n. El riesgo cay\u00f3 menos de un 1% en los ni\u00f1os y ni\u00f1as, mientras que en el conjunto de la poblaci\u00f3n baj\u00f3 un 5%.\u00a0<\/span><\/p>\n<p><span style=\"color:#000000;\">Volvemos a constatar como las prestaciones sociales no rescatan los ni\u00f1os y ni\u00f1as de la vulnerabilidad: solo uno de cada cuatro menores supera el riesgo de pobreza gracias a las pensiones o prestaciones p\u00fablicas. Este impacto de las transferencias sociales es el mismo que hab\u00eda el 2016, antes de la creaci\u00f3n de la Renda Garantida de Ciudadan\u00eda y el Ingreso M\u00ednimo Vital, las dos principales pol\u00edticas de rendas condicionadas que deber\u00edan garantizar el bienestar de los ni\u00f1os y no lo est\u00e1n consiguiendo. En cambio, m\u00e1s de la mitad de la poblaci\u00f3n en riesgo de pobreza de todas las edades sale de ella gracias a pensiones o prestaciones.\u00a0<\/span><\/p>\n<p class=\"destacat-noticia\"><span style=\"color:#000000;\">Solo uno de cada cuatro ni\u00f1os y ni\u00f1as supera el riesgo de pobreza gracias a las pensiones o prestaciones p\u00fablicas, cuando en el conjunto de grupos de edad m\u00e1s de la mitad de personas en riesgo salen de ella gracias a estas transferencias sociales.\u00a0<\/span><\/p>\n<p><span style=\"color:#000000;\">Otro indicador preocupante es un incremento de ni\u00f1os y ni\u00f1as con privaci\u00f3n material severa. El a\u00f1o pasado se lleg\u00f3 a la proporci\u00f3n m\u00e1s alta en la \u00faltima d\u00e9cada (11,6%). En los j\u00f3venes, los datos son a\u00fan m\u00e1s alarmantes: el 12,1% sufre privaci\u00f3n material severa, el doble que hace solo dos a\u00f1os.\u00a0<\/span><\/p>\n<p class=\"destacat-noticia\"><span style=\"color:#000000;\">Hay un 11,6% de ni\u00f1os y ni\u00f1as y un 12,1% de j\u00f3venes con privaci\u00f3n material severa, las cifras m\u00e1s altas en la \u00faltima d\u00e9cada\u00a0<\/span><\/p>\n<p><span style=\"color:#000000;\">Por lo que hace al contexto de las familias, el 2022 tener hijos segu\u00eda incrementando mucho el riesgo de pobreza (del 15% al 24%), seg\u00fan la encuesta. La situaci\u00f3n de las familias monoparentales, a pesar que se mantuvo en grave vulnerabilidad, mejor\u00f3 ligeramente: cuatro de cada diez se encontraba en riesgo de pobreza, mientras el 2021 se encontraban m\u00e1s de la mitad.\u00a0<\/span><\/p>\n<p>\u00a0<\/p>\n<p><strong>La pobreza energ\u00e9tica en la infancia se dispara<\/strong><\/p>\n<p><span style=\"color:#000000;\">El deterioro m\u00e1s destacado en las condiciones de vida de los ni\u00f1os lo encontramos en el fuerte crecimiento de la pobreza energ\u00e9tica. Uno de cada cinco ni\u00f1os y ni\u00f1as menores de 16 a\u00f1os vive en un hogar que no se puede permitir mantener la vivienda a una temperatura adecuada, cuando el 2020 era el 11,6% y el 2017, menos de la mitad (9%).\u00a0<\/span><\/p>\n<p><span style=\"color:#000000;\">Esta proporci\u00f3n se repite en los gastos de la vivienda, que son una carga cada vez menos asumible para las familias con hijos. Uno de cada cinco menores de 16 a\u00f1os vive en un hogar donde hay retrasos en el pago de los gastos de vivienda principal, cuando el 2017 se daba en menos de la mitad (9%).\u00a0<\/span><\/p>\n<p class=\"destacat-noticia\"><span style=\"color:#000000;\">Uno de cada cinco ni\u00f1os y ni\u00f1as vive en un hogar que no se puede permitir mantener la vivienda en una temperatura adecuada y donde no hay retrasos en el pago de gatos de la vivienda. En ambos casos, m\u00e1s del doble que hace cinco a\u00f1os.\u00a0<\/span><\/p>\n<p>\u00a0<\/p>\n<p><strong>Pol\u00edticas para garantizar el bienestar de todos los ni\u00f1os y ni\u00f1as<\/strong><\/p>\n<p><span style=\"color:#000000;\">Tal y como recogemos en nuestro posicionamiento institucional de incidencia pol\u00edtica, desde el Casal dels Infants planteamos un seguido de medidas prioritarias que har\u00eda falta adoptar desde las administraciones p\u00fablicas para garantizar el derecho de los ni\u00f1os y ni\u00f1as a un nivel m\u00ednimo de bienestar, que resumimos a continuaci\u00f3n.\u00a0<\/span><\/p>\n<blockquote>\n<ul>\n<li>\n<p><span style=\"color:#000000;\"><strong>Priorizar la inversi\u00f3n p\u00fablica en\u00a0Zones d\u2019Actuaci\u00f3 Preferent<\/strong>, tal y como establece la Ley de derechos y las oportunidades en la infancia y la adolescencia (LDOIA), identificadas a partir de indicadores de las situaciones de riesgo en la infancia y adolescencia.\u00a0<\/span><\/p>\n<\/li>\n<\/ul>\n<ul>\n<li>\n<p><span style=\"color:#000000;\"><strong>Garantizar la dotaci\u00f3n del financiamiento y los recursos necesarios a los Equipos de Atenci\u00f3n a la Infancia y la Adolescencia (EAIA),\u00a0<\/strong>como servicio especializado y multidisciplinario en el sistema de protecci\u00f3n a la infancia y la adolescencia. Su actuaci\u00f3n no se puede limitar a los casos de riesgo m\u00e1s extremo, sino\u00a0que tiene que ser tambi\u00e9n preventiva.\u00a0<\/span><\/p>\n<\/li>\n<li>\n<p><span style=\"color:#000000;\"><strong>Garantizar una dotaci\u00f3n de recursos y personal suficientes a los Servicios Sociales territoriales<\/strong>\u00a0para garantizar una atenci\u00f3n adecuada y con la frecuencia necesaria a las familias con\u00a0ni\u00f1os y ni\u00f1as a cargo en situaci\u00f3n de vulnerabilidad.\u00a0\u00a0<\/span><\/p>\n<\/li>\n<li>\n<p><span style=\"color:#000000;\"><strong>Evaluar el despliegue del nuevo modelo de servicios de intervenci\u00f3n socioeducativa (modelo SIS) y garantizar su financiamiento.<\/strong> Corregir la falta de recursos por parte de los entes locales a la hora de complementar la aportaci\u00f3n de la Generalitat para el financiamiento de estos servicios.\u00a0<\/span><\/p>\n<\/li>\n<li>\n<p><span style=\"color:#000000;\"><strong>Fijar por leyes los ingresos necesarios para garantizar el derecho subjetivo del ni\u00f1o a un nivel de vida adecuado<\/strong>, tal y como establecen la Convenci\u00f3n de Derechos del Ni\u00f1o y la Ley de derechos y las oportunidades en la infancia y la adolescencia. A partir de aqu\u00ed, la Renda Garantida, el Ingreso M\u00ednimo Vital o una prestaci\u00f3n complementaria tienen que asegurar este nivel de ingresos a los ni\u00f1os que no lo tienen cubierto por su familia.<\/span><\/p>\n<\/li>\n<li>\n<p><span style=\"color:#000000;\">Ante la ineficacia de las pol\u00edticas de garant\u00eda de rendas condicionadas a la hora de reducir el riesgo de pobreza (especialmente en la infancia), hace falta <strong>avanzar hacia un modelo de Renda B\u00e1sica Universal<\/strong>.\u00a0<\/span><\/p>\n<\/li>\n<li>\n<p><span style=\"color:#000000;\"><strong>Implementar el incremento del 8% del indicador de renda de suficiencia de Catalunya (IRSC) <\/strong>previsto en los presupuestos del 2023 y establecer un modelo de revisi\u00f3n del indicador que evite congelaciones y se adecue a la inflaci\u00f3n acumulada.\u00a0\u00a0<\/span><\/p>\n<\/li>\n<li>\n<p><span style=\"color:#000000;\"><strong>Hace falta garantizar que el sistema de prestaciones sea eficiente y minimice las trabas administraciones y de brecha digital en el proceso de tramitaci\u00f3n. <\/strong>Hace falta recuperar los espacios de tramitaci\u00f3n presencial de las prestaciones sociales para evitar que muchas familias queden excluidas.\u00a0<\/span><\/p>\n<\/li>\n<li>\n<p><span style=\"color:#000000;\"><strong>Garantizar un alquiler social a las familias en situaci\u00f3n de vulnerabilidad antes de ejecutar un desahucio<\/strong>, tal y como prev\u00e9 la ley 24\/2015, de medidas urgentes para afrontar la emergencia en el \u00e1mbito de la vivienda y la pobreza energ\u00e9tica. El realojo tiene que garantizar condiciones adecuadas para las familias con ni\u00f1os a cargo, haciendo prevaler el inter\u00e9s superior del ni\u00f1o y evitando soluciones temporales y precarias como albergues o residencias. En el caso que sean viviendas de grandes tenedores, velar para que estos garanticen una vivienda social a las familias en riesgo de exclusi\u00f3n, tal y como establece la ley 1\/2022 para afrontar la emergencia en el \u00e1mbito de la vivienda.\u00a0<\/span><\/p>\n<\/li>\n<\/ul>\n<\/blockquote>\n<p>\u00a0<\/p>\n","protected":false},"excerpt":{"rendered":"<p>Los datos de la Encuesta de Condiciones de Vida, publicadas este lunes por el Institut\u00a0d&#8217;Estad\u00edstica de Catalunya, nos muestran una realidad grave y cronificada de la infancia: el a\u00f1o pasado 436.000 ni\u00f1os y ni\u00f1as, uno de cada tres, se encontraba en riesgo de pobreza o exclusi\u00f3n social. Los ni\u00f1os fueron el grupo de edad m\u00e1s [&hellip;]<\/p>\n","protected":false},"author":1,"featured_media":10194,"comment_status":"open","ping_status":"open","sticky":false,"template":"","format":"standard","meta":{"_acf_changed":false,"_et_pb_use_builder":"","_et_pb_old_content":"","_et_gb_content_width":"","inline_featured_image":false,"footnotes":""},"categories":[125],"tags":[],"seus":[],"eixos":[],"class_list":["post-10390","post","type-post","status-publish","format-standard","has-post-thumbnail","hentry","category-noticias"],"acf":[],"yoast_head":"<!-- This site is optimized with the Yoast SEO plugin v27.4 - https:\/\/yoast.com\/product\/yoast-seo-wordpress\/ -->\n<title>Uno de cada tres ni\u00f1os en Catalunya, en riesgo de pobreza o exclusi\u00f3n social (un a\u00f1o m\u00e1s) - Casal dels Infants<\/title>\n<meta name=\"robots\" content=\"index, follow, max-snippet:-1, max-image-preview:large, max-video-preview:-1\" \/>\n<link rel=\"canonical\" href=\"https:\/\/www.casaldelsinfants.org\/es\/actualidad\/riesgodepobrezaoexclusionnic3b1os\/\" \/>\n<meta property=\"og:locale\" content=\"es_ES\" \/>\n<meta property=\"og:type\" content=\"article\" \/>\n<meta property=\"og:title\" content=\"Uno de cada tres ni\u00f1os en Catalunya, en riesgo de pobreza o exclusi\u00f3n social (un a\u00f1o m\u00e1s) - Casal dels Infants\" \/>\n<meta property=\"og:description\" content=\"Los datos de la Encuesta de Condiciones de Vida, publicadas este lunes por el Institut\u00a0d&#8217;Estad\u00edstica de Catalunya, nos muestran una realidad grave y cronificada de la infancia: el a\u00f1o pasado 436.000 ni\u00f1os y ni\u00f1as, uno de cada tres, se encontraba en riesgo de pobreza o exclusi\u00f3n social. Los ni\u00f1os fueron el grupo de edad m\u00e1s [&hellip;]\" \/>\n<meta property=\"og:url\" content=\"https:\/\/www.casaldelsinfants.org\/es\/actualidad\/riesgodepobrezaoexclusionnic3b1os\/\" \/>\n<meta property=\"og:site_name\" content=\"Casal dels Infants\" \/>\n<meta property=\"article:publisher\" content=\"https:\/\/www.facebook.com\/casalinfants\" \/>\n<meta property=\"article:published_time\" content=\"2023-04-26T07:08:00+00:00\" \/>\n<meta property=\"article:modified_time\" content=\"2023-05-23T11:11:28+00:00\" \/>\n<meta property=\"og:image\" content=\"https:\/\/www.casaldelsinfants.org\/wp-content\/uploads\/foto_infant_casal_dels_infants_eqv_2022-1.webp\" \/>\n\t<meta property=\"og:image:width\" content=\"600\" \/>\n\t<meta property=\"og:image:height\" content=\"400\" \/>\n\t<meta property=\"og:image:type\" content=\"image\/jpeg\" \/>\n<meta name=\"author\" content=\"cdiAdmin\" \/>\n<meta name=\"twitter:card\" content=\"summary_large_image\" \/>\n<meta name=\"twitter:creator\" content=\"@casalinfants\" \/>\n<meta name=\"twitter:site\" content=\"@casalinfants\" \/>\n<meta name=\"twitter:label1\" content=\"Escrito por\" \/>\n\t<meta name=\"twitter:data1\" content=\"cdiAdmin\" \/>\n\t<meta name=\"twitter:label2\" content=\"Tiempo de lectura\" \/>\n\t<meta name=\"twitter:data2\" content=\"6 minutos\" \/>\n<script type=\"application\/ld+json\" class=\"yoast-schema-graph\">{\"@context\":\"https:\\\/\\\/schema.org\",\"@graph\":[{\"@type\":\"Article\",\"@id\":\"https:\\\/\\\/www.casaldelsinfants.org\\\/es\\\/actualidad\\\/riesgodepobrezaoexclusionnic3b1os\\\/#article\",\"isPartOf\":{\"@id\":\"https:\\\/\\\/www.casaldelsinfants.org\\\/es\\\/actualidad\\\/riesgodepobrezaoexclusionnic3b1os\\\/\"},\"author\":{\"name\":\"cdiAdmin\",\"@id\":\"https:\\\/\\\/www.casaldelsinfants.org\\\/es\\\/#\\\/schema\\\/person\\\/97707fc8c64900cf36891127dbf9fba8\"},\"headline\":\"Uno de cada tres ni\u00f1os en Catalunya, en riesgo de pobreza o exclusi\u00f3n social (un a\u00f1o m\u00e1s)\",\"datePublished\":\"2023-04-26T07:08:00+00:00\",\"dateModified\":\"2023-05-23T11:11:28+00:00\",\"mainEntityOfPage\":{\"@id\":\"https:\\\/\\\/www.casaldelsinfants.org\\\/es\\\/actualidad\\\/riesgodepobrezaoexclusionnic3b1os\\\/\"},\"wordCount\":1212,\"commentCount\":0,\"publisher\":{\"@id\":\"https:\\\/\\\/www.casaldelsinfants.org\\\/es\\\/#organization\"},\"image\":{\"@id\":\"https:\\\/\\\/www.casaldelsinfants.org\\\/es\\\/actualidad\\\/riesgodepobrezaoexclusionnic3b1os\\\/#primaryimage\"},\"thumbnailUrl\":\"https:\\\/\\\/www.casaldelsinfants.org\\\/wp-content\\\/uploads\\\/foto_infant_casal_dels_infants_eqv_2022-1.webp\",\"articleSection\":[\"Noticia\"],\"inLanguage\":\"es\",\"potentialAction\":[{\"@type\":\"CommentAction\",\"name\":\"Comment\",\"target\":[\"https:\\\/\\\/www.casaldelsinfants.org\\\/es\\\/actualidad\\\/riesgodepobrezaoexclusionnic3b1os\\\/#respond\"]}]},{\"@type\":\"WebPage\",\"@id\":\"https:\\\/\\\/www.casaldelsinfants.org\\\/es\\\/actualidad\\\/riesgodepobrezaoexclusionnic3b1os\\\/\",\"url\":\"https:\\\/\\\/www.casaldelsinfants.org\\\/es\\\/actualidad\\\/riesgodepobrezaoexclusionnic3b1os\\\/\",\"name\":\"Uno de cada tres ni\u00f1os en Catalunya, en riesgo de pobreza o exclusi\u00f3n social (un a\u00f1o m\u00e1s) - Casal dels Infants\",\"isPartOf\":{\"@id\":\"https:\\\/\\\/www.casaldelsinfants.org\\\/es\\\/#website\"},\"primaryImageOfPage\":{\"@id\":\"https:\\\/\\\/www.casaldelsinfants.org\\\/es\\\/actualidad\\\/riesgodepobrezaoexclusionnic3b1os\\\/#primaryimage\"},\"image\":{\"@id\":\"https:\\\/\\\/www.casaldelsinfants.org\\\/es\\\/actualidad\\\/riesgodepobrezaoexclusionnic3b1os\\\/#primaryimage\"},\"thumbnailUrl\":\"https:\\\/\\\/www.casaldelsinfants.org\\\/wp-content\\\/uploads\\\/foto_infant_casal_dels_infants_eqv_2022-1.webp\",\"datePublished\":\"2023-04-26T07:08:00+00:00\",\"dateModified\":\"2023-05-23T11:11:28+00:00\",\"breadcrumb\":{\"@id\":\"https:\\\/\\\/www.casaldelsinfants.org\\\/es\\\/actualidad\\\/riesgodepobrezaoexclusionnic3b1os\\\/#breadcrumb\"},\"inLanguage\":\"es\",\"potentialAction\":[{\"@type\":\"ReadAction\",\"target\":[\"https:\\\/\\\/www.casaldelsinfants.org\\\/es\\\/actualidad\\\/riesgodepobrezaoexclusionnic3b1os\\\/\"]}]},{\"@type\":\"ImageObject\",\"inLanguage\":\"es\",\"@id\":\"https:\\\/\\\/www.casaldelsinfants.org\\\/es\\\/actualidad\\\/riesgodepobrezaoexclusionnic3b1os\\\/#primaryimage\",\"url\":\"https:\\\/\\\/www.casaldelsinfants.org\\\/wp-content\\\/uploads\\\/foto_infant_casal_dels_infants_eqv_2022-1.webp\",\"contentUrl\":\"https:\\\/\\\/www.casaldelsinfants.org\\\/wp-content\\\/uploads\\\/foto_infant_casal_dels_infants_eqv_2022-1.webp\",\"width\":600,\"height\":400,\"caption\":\"Fotografia detall de nen jugant al terra\"},{\"@type\":\"BreadcrumbList\",\"@id\":\"https:\\\/\\\/www.casaldelsinfants.org\\\/es\\\/actualidad\\\/riesgodepobrezaoexclusionnic3b1os\\\/#breadcrumb\",\"itemListElement\":[{\"@type\":\"ListItem\",\"position\":1,\"name\":\"Inici\",\"item\":\"https:\\\/\\\/www.casaldelsinfants.org\\\/es\\\/\"},{\"@type\":\"ListItem\",\"position\":2,\"name\":\"Uno de cada tres ni\u00f1os en Catalunya, en riesgo de pobreza o exclusi\u00f3n social (un a\u00f1o m\u00e1s)\"}]},{\"@type\":\"WebSite\",\"@id\":\"https:\\\/\\\/www.casaldelsinfants.org\\\/es\\\/#website\",\"url\":\"https:\\\/\\\/www.casaldelsinfants.org\\\/es\\\/\",\"name\":\"Casal dels Infants\",\"description\":\"\",\"publisher\":{\"@id\":\"https:\\\/\\\/www.casaldelsinfants.org\\\/es\\\/#organization\"},\"potentialAction\":[{\"@type\":\"SearchAction\",\"target\":{\"@type\":\"EntryPoint\",\"urlTemplate\":\"https:\\\/\\\/www.casaldelsinfants.org\\\/es\\\/?s={search_term_string}\"},\"query-input\":{\"@type\":\"PropertyValueSpecification\",\"valueRequired\":true,\"valueName\":\"search_term_string\"}}],\"inLanguage\":\"es\"},{\"@type\":\"Organization\",\"@id\":\"https:\\\/\\\/www.casaldelsinfants.org\\\/es\\\/#organization\",\"name\":\"Casal dels Infants\",\"url\":\"https:\\\/\\\/www.casaldelsinfants.org\\\/es\\\/\",\"logo\":{\"@type\":\"ImageObject\",\"inLanguage\":\"es\",\"@id\":\"https:\\\/\\\/www.casaldelsinfants.org\\\/es\\\/#\\\/schema\\\/logo\\\/image\\\/\",\"url\":\"https:\\\/\\\/www.casaldelsinfants.org\\\/wp-content\\\/uploads\\\/logo-mail.png\",\"contentUrl\":\"https:\\\/\\\/www.casaldelsinfants.org\\\/wp-content\\\/uploads\\\/logo-mail.png\",\"width\":380,\"height\":158,\"caption\":\"Casal dels Infants\"},\"image\":{\"@id\":\"https:\\\/\\\/www.casaldelsinfants.org\\\/es\\\/#\\\/schema\\\/logo\\\/image\\\/\"},\"sameAs\":[\"https:\\\/\\\/www.facebook.com\\\/casalinfants\",\"https:\\\/\\\/x.com\\\/casalinfants\",\"https:\\\/\\\/www.youtube.com\\\/user\\\/CasaldelsInfants1\",\"https:\\\/\\\/www.instagram.com\\\/casalinfants\\\/\",\"https:\\\/\\\/www.linkedin.com\\\/company\\\/casaldelsinfants?trk=organization-update_share-update_actor-text\"]},{\"@type\":\"Person\",\"@id\":\"https:\\\/\\\/www.casaldelsinfants.org\\\/es\\\/#\\\/schema\\\/person\\\/97707fc8c64900cf36891127dbf9fba8\",\"name\":\"cdiAdmin\",\"sameAs\":[\"https:\\\/\\\/casaldelsinfants.org\"]}]}<\/script>\n<!-- \/ Yoast SEO plugin. -->","yoast_head_json":{"title":"Uno de cada tres ni\u00f1os en Catalunya, en riesgo de pobreza o exclusi\u00f3n social (un a\u00f1o m\u00e1s) - Casal dels Infants","robots":{"index":"index","follow":"follow","max-snippet":"max-snippet:-1","max-image-preview":"max-image-preview:large","max-video-preview":"max-video-preview:-1"},"canonical":"https:\/\/www.casaldelsinfants.org\/es\/actualidad\/riesgodepobrezaoexclusionnic3b1os\/","og_locale":"es_ES","og_type":"article","og_title":"Uno de cada tres ni\u00f1os en Catalunya, en riesgo de pobreza o exclusi\u00f3n social (un a\u00f1o m\u00e1s) - Casal dels Infants","og_description":"Los datos de la Encuesta de Condiciones de Vida, publicadas este lunes por el Institut\u00a0d&#8217;Estad\u00edstica de Catalunya, nos muestran una realidad grave y cronificada de la infancia: el a\u00f1o pasado 436.000 ni\u00f1os y ni\u00f1as, uno de cada tres, se encontraba en riesgo de pobreza o exclusi\u00f3n social. Los ni\u00f1os fueron el grupo de edad m\u00e1s [&hellip;]","og_url":"https:\/\/www.casaldelsinfants.org\/es\/actualidad\/riesgodepobrezaoexclusionnic3b1os\/","og_site_name":"Casal dels Infants","article_publisher":"https:\/\/www.facebook.com\/casalinfants","article_published_time":"2023-04-26T07:08:00+00:00","article_modified_time":"2023-05-23T11:11:28+00:00","og_image":[{"width":600,"height":400,"url":"https:\/\/www.casaldelsinfants.org\/wp-content\/uploads\/foto_infant_casal_dels_infants_eqv_2022-1.webp","type":"image\/jpeg"}],"author":"cdiAdmin","twitter_card":"summary_large_image","twitter_creator":"@casalinfants","twitter_site":"@casalinfants","twitter_misc":{"Escrito por":"cdiAdmin","Tiempo de lectura":"6 minutos"},"schema":{"@context":"https:\/\/schema.org","@graph":[{"@type":"Article","@id":"https:\/\/www.casaldelsinfants.org\/es\/actualidad\/riesgodepobrezaoexclusionnic3b1os\/#article","isPartOf":{"@id":"https:\/\/www.casaldelsinfants.org\/es\/actualidad\/riesgodepobrezaoexclusionnic3b1os\/"},"author":{"name":"cdiAdmin","@id":"https:\/\/www.casaldelsinfants.org\/es\/#\/schema\/person\/97707fc8c64900cf36891127dbf9fba8"},"headline":"Uno de cada tres ni\u00f1os en Catalunya, en riesgo de pobreza o exclusi\u00f3n social (un a\u00f1o m\u00e1s)","datePublished":"2023-04-26T07:08:00+00:00","dateModified":"2023-05-23T11:11:28+00:00","mainEntityOfPage":{"@id":"https:\/\/www.casaldelsinfants.org\/es\/actualidad\/riesgodepobrezaoexclusionnic3b1os\/"},"wordCount":1212,"commentCount":0,"publisher":{"@id":"https:\/\/www.casaldelsinfants.org\/es\/#organization"},"image":{"@id":"https:\/\/www.casaldelsinfants.org\/es\/actualidad\/riesgodepobrezaoexclusionnic3b1os\/#primaryimage"},"thumbnailUrl":"https:\/\/www.casaldelsinfants.org\/wp-content\/uploads\/foto_infant_casal_dels_infants_eqv_2022-1.webp","articleSection":["Noticia"],"inLanguage":"es","potentialAction":[{"@type":"CommentAction","name":"Comment","target":["https:\/\/www.casaldelsinfants.org\/es\/actualidad\/riesgodepobrezaoexclusionnic3b1os\/#respond"]}]},{"@type":"WebPage","@id":"https:\/\/www.casaldelsinfants.org\/es\/actualidad\/riesgodepobrezaoexclusionnic3b1os\/","url":"https:\/\/www.casaldelsinfants.org\/es\/actualidad\/riesgodepobrezaoexclusionnic3b1os\/","name":"Uno de cada tres ni\u00f1os en Catalunya, en riesgo de pobreza o exclusi\u00f3n social (un a\u00f1o m\u00e1s) - Casal dels Infants","isPartOf":{"@id":"https:\/\/www.casaldelsinfants.org\/es\/#website"},"primaryImageOfPage":{"@id":"https:\/\/www.casaldelsinfants.org\/es\/actualidad\/riesgodepobrezaoexclusionnic3b1os\/#primaryimage"},"image":{"@id":"https:\/\/www.casaldelsinfants.org\/es\/actualidad\/riesgodepobrezaoexclusionnic3b1os\/#primaryimage"},"thumbnailUrl":"https:\/\/www.casaldelsinfants.org\/wp-content\/uploads\/foto_infant_casal_dels_infants_eqv_2022-1.webp","datePublished":"2023-04-26T07:08:00+00:00","dateModified":"2023-05-23T11:11:28+00:00","breadcrumb":{"@id":"https:\/\/www.casaldelsinfants.org\/es\/actualidad\/riesgodepobrezaoexclusionnic3b1os\/#breadcrumb"},"inLanguage":"es","potentialAction":[{"@type":"ReadAction","target":["https:\/\/www.casaldelsinfants.org\/es\/actualidad\/riesgodepobrezaoexclusionnic3b1os\/"]}]},{"@type":"ImageObject","inLanguage":"es","@id":"https:\/\/www.casaldelsinfants.org\/es\/actualidad\/riesgodepobrezaoexclusionnic3b1os\/#primaryimage","url":"https:\/\/www.casaldelsinfants.org\/wp-content\/uploads\/foto_infant_casal_dels_infants_eqv_2022-1.webp","contentUrl":"https:\/\/www.casaldelsinfants.org\/wp-content\/uploads\/foto_infant_casal_dels_infants_eqv_2022-1.webp","width":600,"height":400,"caption":"Fotografia detall de nen jugant al terra"},{"@type":"BreadcrumbList","@id":"https:\/\/www.casaldelsinfants.org\/es\/actualidad\/riesgodepobrezaoexclusionnic3b1os\/#breadcrumb","itemListElement":[{"@type":"ListItem","position":1,"name":"Inici","item":"https:\/\/www.casaldelsinfants.org\/es\/"},{"@type":"ListItem","position":2,"name":"Uno de cada tres ni\u00f1os en Catalunya, en riesgo de pobreza o exclusi\u00f3n social (un a\u00f1o m\u00e1s)"}]},{"@type":"WebSite","@id":"https:\/\/www.casaldelsinfants.org\/es\/#website","url":"https:\/\/www.casaldelsinfants.org\/es\/","name":"Casal dels Infants","description":"","publisher":{"@id":"https:\/\/www.casaldelsinfants.org\/es\/#organization"},"potentialAction":[{"@type":"SearchAction","target":{"@type":"EntryPoint","urlTemplate":"https:\/\/www.casaldelsinfants.org\/es\/?s={search_term_string}"},"query-input":{"@type":"PropertyValueSpecification","valueRequired":true,"valueName":"search_term_string"}}],"inLanguage":"es"},{"@type":"Organization","@id":"https:\/\/www.casaldelsinfants.org\/es\/#organization","name":"Casal dels Infants","url":"https:\/\/www.casaldelsinfants.org\/es\/","logo":{"@type":"ImageObject","inLanguage":"es","@id":"https:\/\/www.casaldelsinfants.org\/es\/#\/schema\/logo\/image\/","url":"https:\/\/www.casaldelsinfants.org\/wp-content\/uploads\/logo-mail.png","contentUrl":"https:\/\/www.casaldelsinfants.org\/wp-content\/uploads\/logo-mail.png","width":380,"height":158,"caption":"Casal dels Infants"},"image":{"@id":"https:\/\/www.casaldelsinfants.org\/es\/#\/schema\/logo\/image\/"},"sameAs":["https:\/\/www.facebook.com\/casalinfants","https:\/\/x.com\/casalinfants","https:\/\/www.youtube.com\/user\/CasaldelsInfants1","https:\/\/www.instagram.com\/casalinfants\/","https:\/\/www.linkedin.com\/company\/casaldelsinfants?trk=organization-update_share-update_actor-text"]},{"@type":"Person","@id":"https:\/\/www.casaldelsinfants.org\/es\/#\/schema\/person\/97707fc8c64900cf36891127dbf9fba8","name":"cdiAdmin","sameAs":["https:\/\/casaldelsinfants.org"]}]}},"publishpress_future_action":{"enabled":false,"date":"2026-05-09 01:54:29","action":"change-status","newStatus":"draft","terms":[],"taxonomy":"category","extraData":[]},"publishpress_future_workflow_manual_trigger":{"enabledWorkflows":[]},"_links":{"self":[{"href":"https:\/\/www.casaldelsinfants.org\/es\/wp-json\/wp\/v2\/posts\/10390","targetHints":{"allow":["GET"]}}],"collection":[{"href":"https:\/\/www.casaldelsinfants.org\/es\/wp-json\/wp\/v2\/posts"}],"about":[{"href":"https:\/\/www.casaldelsinfants.org\/es\/wp-json\/wp\/v2\/types\/post"}],"author":[{"embeddable":true,"href":"https:\/\/www.casaldelsinfants.org\/es\/wp-json\/wp\/v2\/users\/1"}],"replies":[{"embeddable":true,"href":"https:\/\/www.casaldelsinfants.org\/es\/wp-json\/wp\/v2\/comments?post=10390"}],"version-history":[{"count":1,"href":"https:\/\/www.casaldelsinfants.org\/es\/wp-json\/wp\/v2\/posts\/10390\/revisions"}],"predecessor-version":[{"id":10391,"href":"https:\/\/www.casaldelsinfants.org\/es\/wp-json\/wp\/v2\/posts\/10390\/revisions\/10391"}],"wp:featuredmedia":[{"embeddable":true,"href":"https:\/\/www.casaldelsinfants.org\/es\/wp-json\/wp\/v2\/media\/10194"}],"wp:attachment":[{"href":"https:\/\/www.casaldelsinfants.org\/es\/wp-json\/wp\/v2\/media?parent=10390"}],"wp:term":[{"taxonomy":"category","embeddable":true,"href":"https:\/\/www.casaldelsinfants.org\/es\/wp-json\/wp\/v2\/categories?post=10390"},{"taxonomy":"post_tag","embeddable":true,"href":"https:\/\/www.casaldelsinfants.org\/es\/wp-json\/wp\/v2\/tags?post=10390"},{"taxonomy":"seus","embeddable":true,"href":"https:\/\/www.casaldelsinfants.org\/es\/wp-json\/wp\/v2\/seus?post=10390"},{"taxonomy":"eixos","embeddable":true,"href":"https:\/\/www.casaldelsinfants.org\/es\/wp-json\/wp\/v2\/eixos?post=10390"}],"curies":[{"name":"wp","href":"https:\/\/api.w.org\/{rel}","templated":true}]}}