{"id":10392,"date":"2023-04-21T11:37:57","date_gmt":"2023-04-21T09:37:57","guid":{"rendered":"https:\/\/casal.puntzero.cat\/santjordienelcasal2023\/"},"modified":"2023-10-19T16:24:28","modified_gmt":"2023-10-19T14:24:28","slug":"santjordienelcasal2023","status":"publish","type":"post","link":"https:\/\/www.casaldelsinfants.org\/es\/actualidad\/santjordienelcasal2023\/","title":{"rendered":"Libros, teatro, arte y m\u00e1s para celebrar Sant Jordi en el Casal"},"content":{"rendered":"<p dir=\"ltr\"><span style=\"color: #000000;\">Este domingo 23 de abril se celebra en Catalunya la <strong>Diada de Sant Jordi<\/strong>, una de las fiestas y tradiciones preferidas de los catalanes y catalanas. Durante todo el a\u00f1o, en el Casal dels Infants <strong>reivindicamos la lectura y la escritura como claves en la educaci\u00f3n y la inclusi\u00f3n social<\/strong> de todos los ni\u00f1os, ni\u00f1as y j\u00f3venes, y fomentamos el h\u00e1bito lector\u00a0entre ni\u00f1os y adolescentes en riesgo de exclusi\u00f3n. Este Sant Jordi, como cada a\u00f1o, hemos reforzado estos espacios de lectura y hemos hecho actividades y din\u00e1micas para celebrar y recordar la leyenda de Sant Jordi, d\u00e1ndole una vuelta para actualizar y modernizar la historia.\u00a0<\/span><\/p>\n<p dir=\"ltr\"><span style=\"color: #000000;\">En el <strong>Raval<\/strong>, los ni\u00f1os y ni\u00f1as del <strong>Centro Abierto Infantil (COI) <\/strong>han hecho\u00a0todo tipo de actividades. Los m\u00e1s peque\u00f1os, de entre 3 y 8 a\u00f1os, han dise\u00f1ado y elaborado sus puntos de libro y han hecho rosas en talleres de manualidades. los de entre 8 y 10 a\u00f1os han participado en unos juegos florales de manera individual, en parejas o por grupos, mientras los de 10 y 12 a\u00f1os han escrito una historia entre todos y todas y la han plasmado sobre un mural. En el <strong>Centro Abierto Adolescente (COA)<\/strong>, los chicos y chicas participaron la tarde del viernes 21 en un espect\u00e1culo de talento de diferentes disciplinas art\u00edsticas donde la obra ten\u00eda\u00a0que estar vinculada a Sant Jordi. Las familias del <strong>Casal Familiar<\/strong> han estado intercambiando la semana pasada y tambi\u00e9n lo har\u00e1n esta,\u00a0y tambi\u00e9n entre todas est\u00e1n elaborando una historia que los ni\u00f1os y ni\u00f1as leer\u00e1n y har\u00e1n dibujos relacionados.\u00a0<\/span><\/p>\n<p dir=\"ltr\"><span style=\"color: #000000;\">Tambi\u00e9n en el Raval, los chicos y chicas de la <strong>Unidad de Escolarizaci\u00f3n Compartida (UEC)<\/strong> han utilizado la\u00a0imaginaci\u00f3n, expresi\u00f3n escrita en catal\u00e1n y la deconstrucci\u00f3n de estereotipos de g\u00e9nero para escribir un final alternativo de Sant Jordi a partir de Santa Jordina. Tambi\u00e9n han escrito un poema y han hecho una visita a una biblioteca.\u00a0<\/span><\/p>\n<p dir=\"ltr\"><span style=\"color: #000000;\">En <strong>Santa Coloma<\/strong>, las mujeres de <strong>El Hilo del Casal<\/strong>, el grupo de costura del Casal Familiar, han estado preparando materiales para vender de manera simb\u00f3lica en el <strong>tenderete\u00a0que puso el Casal el 23 de abril en la pla\u00e7a de la Vila<\/strong>.\u00a0En <strong>Vincles<\/strong>, las madres y sus hijos e hijas han aprendido\u00a0la historia de la leyenda de Sant Jordi con un cuento y t\u00edteres, y han hecho un mural de un drag\u00f3n con pintura de dedos.\u00a0<\/span><\/p>\n<p><img decoding=\"async\" class=\"align-center\" src=\"\/wp-content\/uploads\/inline-images\/WhatsApp%20Image%202023-04-24%20at%2009.30.30.jpeg\" alt=\"Nois i noies somriuen a c\u00e0mera mentre estan en rotllana per ballar sardanes.\" width=\"480\" height=\"360\" data-entity-type=\"file\" data-entity-uuid=\"fed8daba-a444-4a1f-a217-92b2295b70be\" data-image-style=\"large\" \/><\/p>\n<p dir=\"ltr\"><span style=\"color: #000000;\">En <strong>Badalona<\/strong>, los chicos y chicas del <strong>Centro Socioeducativo Adolescente Sant Roc<\/strong> dinamizaron\u00a0<strong>actividades en la pla\u00e7a Sant Elies la tarde del 21 de abril<\/strong>, junto con otras entidades y abiertas al barrio. Las actividades incluyen juegos de cultura popular que proporciona la Biblioteca Sant Roc y el Ayuntamiento de Badalona. Los Petits, Mitjans y Grans del <strong>COI de Sant Roc<\/strong> pasaron\u00a0la tarde disfrutando de estos juegos y actividades. En <strong>COI Betsaida<\/strong>, los y las adolescentes dinamizaron\u00a04 \u00e1reas durante la tarde, cada uno con su tem\u00e1tica -cuentacuentos, creaci\u00f3n de un punto de libro, biblioteca, manualidades de rosas- para ni\u00f1os y ni\u00f1as de Petits, Mitjans y Grans.\u00a0<\/span><\/p>\n<p dir=\"ltr\"><span style=\"color: #000000;\">En <strong>La Mina y el Bes\u00f2s<\/strong>, los ni\u00f1os y ni\u00f1as del <strong>Centro Socioeducativo Cascavell<\/strong> han le\u00eddo la leyenda tradicional y han creado una obrea de teatro que inclu\u00eda un cambio de rol de g\u00e9nero, eliminaba la violencia y a\u00f1ad\u00eda un elemento del servicio. Pasado el fin de semana de Sant Jordi, har\u00e1n un taller de cocina donde preparar\u00e1n un drag\u00f3n con fresas, pl\u00e1tanos y chocolate negro. Los chicos y chicas de <strong>COA Bes\u00f2s<\/strong> han participado en un concurso literario as\u00ed como un taller de cocina intercultural, y las familias del <strong>Fem Fam\u00edlia <\/strong>han visitado la Biblioteca Font de la Mina para participar en el taller de cuentacuentos y manualidades, han participado en el Concurso Literario de Sant Jordi de la Fundaci\u00f3 Pere Closa, y la tarde de viernes participaron\u00a0en las actividades comunitarias que organiza el Centre Cultural Bes\u00f2s.<\/span><\/p>\n<p><img decoding=\"async\" class=\"align-center\" src=\"\/wp-content\/uploads\/inline-images\/salt%20snat%20jordi.png\" alt=\"Nena dibuixa un punt de llibre. \" width=\"134\" height=\"220\" data-entity-type=\"file\" data-entity-uuid=\"e6abc1ca-6097-4042-9415-3e26976e5f58\" data-image-style=\"medium\" \/><\/p>\n<p dir=\"ltr\"><span style=\"color: #000000;\">En <strong>Salt<\/strong>, los ni\u00f1os, ni\u00f1as, adolescentes y familias han participado en un concurso\u00a0de puntos de libros, en que los y las participantes de cada grupo de edad (peque\u00f1a infancia, infancia, adolescencia y familias) han votado el que m\u00e1s les guste para representar cada servicio. Los puntos ganadores se imprimieron y estaban disponibles en el <strong>tenderete<\/strong> del Casal, junto con tote bags dise\u00f1adas por los ni\u00f1os y ni\u00f1as, el <strong>domingo 23 en el Passeig de Girona<\/strong>, en Salt. En <strong>COA<\/strong>, tambi\u00e9n, han aprovechado la tem\u00e1tica del drag\u00f3n de Sant Jordi para hablar de bienestar emocional, miedos y rabias internas. Lo han hecho a trav\u00e9s de la expresi\u00f3n art\u00edstica con barro, donde cada joven ha elaborado y pintado su drag\u00f3n, los cuales tambi\u00e9n estaban\u00a0expuestos en el tenderete.\u00a0<\/span><\/p>\n<blockquote><p><strong>Haz posible que continuemos acompa\u00f1ando y apoyando a ni\u00f1os, ni\u00f1as, j\u00f3venes y familias en situaci\u00f3n de vulnerabilidad.\u00a0<\/strong><\/p>\n<p>Haz\u00a0<strong>voluntariado<\/strong>. Inf\u00f3rmate\u00a0<a href=\"https:\/\/www.casaldelsinfants.org\/que-pots-fer-tu\/voluntariat\/\" target=\"_blank\" rel=\"noopener\"><u>aqu\u00ed<\/u><\/a>.<\/p>\n<p>Haz un\u00a0<strong>donativo<\/strong>\u00a0<a href=\"https:\/\/www.casaldelsinfants.org\/dona-ara\/\" target=\"_blank\" rel=\"noopener\"><u>aqu\u00ed<\/u><\/a>.<\/p><\/blockquote>\n","protected":false},"excerpt":{"rendered":"<p>Este domingo 23 de abril se celebra en Catalunya la Diada de Sant Jordi, una de las fiestas y tradiciones preferidas de los catalanes y catalanas. Durante todo el a\u00f1o, en el Casal dels Infants reivindicamos la lectura y la escritura como claves en la educaci\u00f3n y la inclusi\u00f3n social de todos los ni\u00f1os, ni\u00f1as [&hellip;]<\/p>\n","protected":false},"author":1,"featured_media":10198,"comment_status":"open","ping_status":"open","sticky":false,"template":"","format":"standard","meta":{"_acf_changed":false,"_et_pb_use_builder":"","_et_pb_old_content":"","_et_gb_content_width":"","inline_featured_image":false,"footnotes":""},"categories":[125],"tags":[],"seus":[],"eixos":[110],"class_list":["post-10392","post","type-post","status-publish","format-standard","has-post-thumbnail","hentry","category-noticias","eixos-comunidad-casal-dels-infants"],"acf":[],"yoast_head":"<!-- This site is optimized with the Yoast SEO plugin v27.4 - https:\/\/yoast.com\/product\/yoast-seo-wordpress\/ -->\n<title>Sant Jordi 2023<\/title>\n<meta name=\"robots\" content=\"index, follow, max-snippet:-1, max-image-preview:large, max-video-preview:-1\" \/>\n<link rel=\"canonical\" href=\"https:\/\/www.casaldelsinfants.org\/es\/actualidad\/santjordienelcasal2023\/\" \/>\n<meta property=\"og:locale\" content=\"es_ES\" \/>\n<meta property=\"og:type\" content=\"article\" \/>\n<meta property=\"og:title\" content=\"Sant Jordi 2023\" \/>\n<meta property=\"og:description\" content=\"Este domingo 23 de abril se celebra en Catalunya la Diada de Sant Jordi, una de las fiestas y tradiciones preferidas de los catalanes y catalanas. Durante todo el a\u00f1o, en el Casal dels Infants reivindicamos la lectura y la escritura como claves en la educaci\u00f3n y la inclusi\u00f3n social de todos los ni\u00f1os, ni\u00f1as [&hellip;]\" \/>\n<meta property=\"og:url\" content=\"https:\/\/www.casaldelsinfants.org\/es\/actualidad\/santjordienelcasal2023\/\" \/>\n<meta property=\"og:site_name\" content=\"Casal dels Infants\" \/>\n<meta property=\"article:publisher\" content=\"https:\/\/www.facebook.com\/casalinfants\" \/>\n<meta property=\"article:published_time\" content=\"2023-04-21T09:37:57+00:00\" \/>\n<meta property=\"article:modified_time\" content=\"2023-10-19T14:24:28+00:00\" \/>\n<meta property=\"og:image\" content=\"https:\/\/www.casaldelsinfants.org\/wp-content\/uploads\/1240694-scaled-1.webp\" \/>\n\t<meta property=\"og:image:width\" content=\"2560\" \/>\n\t<meta property=\"og:image:height\" content=\"1922\" \/>\n\t<meta property=\"og:image:type\" content=\"image\/jpeg\" \/>\n<meta name=\"author\" content=\"cdiAdmin\" \/>\n<meta name=\"twitter:card\" content=\"summary_large_image\" \/>\n<meta name=\"twitter:creator\" content=\"@casalinfants\" \/>\n<meta name=\"twitter:site\" content=\"@casalinfants\" \/>\n<meta name=\"twitter:label1\" content=\"Escrito por\" \/>\n\t<meta name=\"twitter:data1\" content=\"cdiAdmin\" \/>\n\t<meta name=\"twitter:label2\" content=\"Tiempo de lectura\" \/>\n\t<meta name=\"twitter:data2\" content=\"5 minutos\" \/>\n<script type=\"application\/ld+json\" class=\"yoast-schema-graph\">{\"@context\":\"https:\\\/\\\/schema.org\",\"@graph\":[{\"@type\":\"Article\",\"@id\":\"https:\\\/\\\/www.casaldelsinfants.org\\\/es\\\/actualidad\\\/santjordienelcasal2023\\\/#article\",\"isPartOf\":{\"@id\":\"https:\\\/\\\/www.casaldelsinfants.org\\\/es\\\/actualidad\\\/santjordienelcasal2023\\\/\"},\"author\":{\"name\":\"cdiAdmin\",\"@id\":\"https:\\\/\\\/www.casaldelsinfants.org\\\/es\\\/#\\\/schema\\\/person\\\/97707fc8c64900cf36891127dbf9fba8\"},\"headline\":\"Libros, teatro, arte y m\u00e1s para celebrar Sant Jordi en el Casal\",\"datePublished\":\"2023-04-21T09:37:57+00:00\",\"dateModified\":\"2023-10-19T14:24:28+00:00\",\"mainEntityOfPage\":{\"@id\":\"https:\\\/\\\/www.casaldelsinfants.org\\\/es\\\/actualidad\\\/santjordienelcasal2023\\\/\"},\"wordCount\":880,\"commentCount\":0,\"publisher\":{\"@id\":\"https:\\\/\\\/www.casaldelsinfants.org\\\/es\\\/#organization\"},\"image\":{\"@id\":\"https:\\\/\\\/www.casaldelsinfants.org\\\/es\\\/actualidad\\\/santjordienelcasal2023\\\/#primaryimage\"},\"thumbnailUrl\":\"https:\\\/\\\/www.casaldelsinfants.org\\\/wp-content\\\/uploads\\\/1240694-scaled-1.webp\",\"articleSection\":[\"Noticia\"],\"inLanguage\":\"es\",\"potentialAction\":[{\"@type\":\"CommentAction\",\"name\":\"Comment\",\"target\":[\"https:\\\/\\\/www.casaldelsinfants.org\\\/es\\\/actualidad\\\/santjordienelcasal2023\\\/#respond\"]}]},{\"@type\":\"WebPage\",\"@id\":\"https:\\\/\\\/www.casaldelsinfants.org\\\/es\\\/actualidad\\\/santjordienelcasal2023\\\/\",\"url\":\"https:\\\/\\\/www.casaldelsinfants.org\\\/es\\\/actualidad\\\/santjordienelcasal2023\\\/\",\"name\":\"Sant Jordi 2023\",\"isPartOf\":{\"@id\":\"https:\\\/\\\/www.casaldelsinfants.org\\\/es\\\/#website\"},\"primaryImageOfPage\":{\"@id\":\"https:\\\/\\\/www.casaldelsinfants.org\\\/es\\\/actualidad\\\/santjordienelcasal2023\\\/#primaryimage\"},\"image\":{\"@id\":\"https:\\\/\\\/www.casaldelsinfants.org\\\/es\\\/actualidad\\\/santjordienelcasal2023\\\/#primaryimage\"},\"thumbnailUrl\":\"https:\\\/\\\/www.casaldelsinfants.org\\\/wp-content\\\/uploads\\\/1240694-scaled-1.webp\",\"datePublished\":\"2023-04-21T09:37:57+00:00\",\"dateModified\":\"2023-10-19T14:24:28+00:00\",\"breadcrumb\":{\"@id\":\"https:\\\/\\\/www.casaldelsinfants.org\\\/es\\\/actualidad\\\/santjordienelcasal2023\\\/#breadcrumb\"},\"inLanguage\":\"es\",\"potentialAction\":[{\"@type\":\"ReadAction\",\"target\":[\"https:\\\/\\\/www.casaldelsinfants.org\\\/es\\\/actualidad\\\/santjordienelcasal2023\\\/\"]}]},{\"@type\":\"ImageObject\",\"inLanguage\":\"es\",\"@id\":\"https:\\\/\\\/www.casaldelsinfants.org\\\/es\\\/actualidad\\\/santjordienelcasal2023\\\/#primaryimage\",\"url\":\"https:\\\/\\\/www.casaldelsinfants.org\\\/wp-content\\\/uploads\\\/1240694-scaled-1.webp\",\"contentUrl\":\"https:\\\/\\\/www.casaldelsinfants.org\\\/wp-content\\\/uploads\\\/1240694-scaled-1.webp\",\"width\":2560,\"height\":1922,\"caption\":\"Nens llegint\"},{\"@type\":\"BreadcrumbList\",\"@id\":\"https:\\\/\\\/www.casaldelsinfants.org\\\/es\\\/actualidad\\\/santjordienelcasal2023\\\/#breadcrumb\",\"itemListElement\":[{\"@type\":\"ListItem\",\"position\":1,\"name\":\"Inici\",\"item\":\"https:\\\/\\\/www.casaldelsinfants.org\\\/es\\\/\"},{\"@type\":\"ListItem\",\"position\":2,\"name\":\"Libros, teatro, arte y m\u00e1s para celebrar Sant Jordi en el Casal\"}]},{\"@type\":\"WebSite\",\"@id\":\"https:\\\/\\\/www.casaldelsinfants.org\\\/es\\\/#website\",\"url\":\"https:\\\/\\\/www.casaldelsinfants.org\\\/es\\\/\",\"name\":\"Casal dels Infants\",\"description\":\"\",\"publisher\":{\"@id\":\"https:\\\/\\\/www.casaldelsinfants.org\\\/es\\\/#organization\"},\"potentialAction\":[{\"@type\":\"SearchAction\",\"target\":{\"@type\":\"EntryPoint\",\"urlTemplate\":\"https:\\\/\\\/www.casaldelsinfants.org\\\/es\\\/?s={search_term_string}\"},\"query-input\":{\"@type\":\"PropertyValueSpecification\",\"valueRequired\":true,\"valueName\":\"search_term_string\"}}],\"inLanguage\":\"es\"},{\"@type\":\"Organization\",\"@id\":\"https:\\\/\\\/www.casaldelsinfants.org\\\/es\\\/#organization\",\"name\":\"Casal dels Infants\",\"url\":\"https:\\\/\\\/www.casaldelsinfants.org\\\/es\\\/\",\"logo\":{\"@type\":\"ImageObject\",\"inLanguage\":\"es\",\"@id\":\"https:\\\/\\\/www.casaldelsinfants.org\\\/es\\\/#\\\/schema\\\/logo\\\/image\\\/\",\"url\":\"https:\\\/\\\/www.casaldelsinfants.org\\\/wp-content\\\/uploads\\\/logo-mail.png\",\"contentUrl\":\"https:\\\/\\\/www.casaldelsinfants.org\\\/wp-content\\\/uploads\\\/logo-mail.png\",\"width\":380,\"height\":158,\"caption\":\"Casal dels Infants\"},\"image\":{\"@id\":\"https:\\\/\\\/www.casaldelsinfants.org\\\/es\\\/#\\\/schema\\\/logo\\\/image\\\/\"},\"sameAs\":[\"https:\\\/\\\/www.facebook.com\\\/casalinfants\",\"https:\\\/\\\/x.com\\\/casalinfants\",\"https:\\\/\\\/www.youtube.com\\\/user\\\/CasaldelsInfants1\",\"https:\\\/\\\/www.instagram.com\\\/casalinfants\\\/\",\"https:\\\/\\\/www.linkedin.com\\\/company\\\/casaldelsinfants?trk=organization-update_share-update_actor-text\"]},{\"@type\":\"Person\",\"@id\":\"https:\\\/\\\/www.casaldelsinfants.org\\\/es\\\/#\\\/schema\\\/person\\\/97707fc8c64900cf36891127dbf9fba8\",\"name\":\"cdiAdmin\",\"sameAs\":[\"https:\\\/\\\/casaldelsinfants.org\"]}]}<\/script>\n<!-- \/ Yoast SEO plugin. -->","yoast_head_json":{"title":"Sant Jordi 2023","robots":{"index":"index","follow":"follow","max-snippet":"max-snippet:-1","max-image-preview":"max-image-preview:large","max-video-preview":"max-video-preview:-1"},"canonical":"https:\/\/www.casaldelsinfants.org\/es\/actualidad\/santjordienelcasal2023\/","og_locale":"es_ES","og_type":"article","og_title":"Sant Jordi 2023","og_description":"Este domingo 23 de abril se celebra en Catalunya la Diada de Sant Jordi, una de las fiestas y tradiciones preferidas de los catalanes y catalanas. Durante todo el a\u00f1o, en el Casal dels Infants reivindicamos la lectura y la escritura como claves en la educaci\u00f3n y la inclusi\u00f3n social de todos los ni\u00f1os, ni\u00f1as [&hellip;]","og_url":"https:\/\/www.casaldelsinfants.org\/es\/actualidad\/santjordienelcasal2023\/","og_site_name":"Casal dels Infants","article_publisher":"https:\/\/www.facebook.com\/casalinfants","article_published_time":"2023-04-21T09:37:57+00:00","article_modified_time":"2023-10-19T14:24:28+00:00","og_image":[{"width":2560,"height":1922,"url":"https:\/\/www.casaldelsinfants.org\/wp-content\/uploads\/1240694-scaled-1.webp","type":"image\/jpeg"}],"author":"cdiAdmin","twitter_card":"summary_large_image","twitter_creator":"@casalinfants","twitter_site":"@casalinfants","twitter_misc":{"Escrito por":"cdiAdmin","Tiempo de lectura":"5 minutos"},"schema":{"@context":"https:\/\/schema.org","@graph":[{"@type":"Article","@id":"https:\/\/www.casaldelsinfants.org\/es\/actualidad\/santjordienelcasal2023\/#article","isPartOf":{"@id":"https:\/\/www.casaldelsinfants.org\/es\/actualidad\/santjordienelcasal2023\/"},"author":{"name":"cdiAdmin","@id":"https:\/\/www.casaldelsinfants.org\/es\/#\/schema\/person\/97707fc8c64900cf36891127dbf9fba8"},"headline":"Libros, teatro, arte y m\u00e1s para celebrar Sant Jordi en el Casal","datePublished":"2023-04-21T09:37:57+00:00","dateModified":"2023-10-19T14:24:28+00:00","mainEntityOfPage":{"@id":"https:\/\/www.casaldelsinfants.org\/es\/actualidad\/santjordienelcasal2023\/"},"wordCount":880,"commentCount":0,"publisher":{"@id":"https:\/\/www.casaldelsinfants.org\/es\/#organization"},"image":{"@id":"https:\/\/www.casaldelsinfants.org\/es\/actualidad\/santjordienelcasal2023\/#primaryimage"},"thumbnailUrl":"https:\/\/www.casaldelsinfants.org\/wp-content\/uploads\/1240694-scaled-1.webp","articleSection":["Noticia"],"inLanguage":"es","potentialAction":[{"@type":"CommentAction","name":"Comment","target":["https:\/\/www.casaldelsinfants.org\/es\/actualidad\/santjordienelcasal2023\/#respond"]}]},{"@type":"WebPage","@id":"https:\/\/www.casaldelsinfants.org\/es\/actualidad\/santjordienelcasal2023\/","url":"https:\/\/www.casaldelsinfants.org\/es\/actualidad\/santjordienelcasal2023\/","name":"Sant Jordi 2023","isPartOf":{"@id":"https:\/\/www.casaldelsinfants.org\/es\/#website"},"primaryImageOfPage":{"@id":"https:\/\/www.casaldelsinfants.org\/es\/actualidad\/santjordienelcasal2023\/#primaryimage"},"image":{"@id":"https:\/\/www.casaldelsinfants.org\/es\/actualidad\/santjordienelcasal2023\/#primaryimage"},"thumbnailUrl":"https:\/\/www.casaldelsinfants.org\/wp-content\/uploads\/1240694-scaled-1.webp","datePublished":"2023-04-21T09:37:57+00:00","dateModified":"2023-10-19T14:24:28+00:00","breadcrumb":{"@id":"https:\/\/www.casaldelsinfants.org\/es\/actualidad\/santjordienelcasal2023\/#breadcrumb"},"inLanguage":"es","potentialAction":[{"@type":"ReadAction","target":["https:\/\/www.casaldelsinfants.org\/es\/actualidad\/santjordienelcasal2023\/"]}]},{"@type":"ImageObject","inLanguage":"es","@id":"https:\/\/www.casaldelsinfants.org\/es\/actualidad\/santjordienelcasal2023\/#primaryimage","url":"https:\/\/www.casaldelsinfants.org\/wp-content\/uploads\/1240694-scaled-1.webp","contentUrl":"https:\/\/www.casaldelsinfants.org\/wp-content\/uploads\/1240694-scaled-1.webp","width":2560,"height":1922,"caption":"Nens llegint"},{"@type":"BreadcrumbList","@id":"https:\/\/www.casaldelsinfants.org\/es\/actualidad\/santjordienelcasal2023\/#breadcrumb","itemListElement":[{"@type":"ListItem","position":1,"name":"Inici","item":"https:\/\/www.casaldelsinfants.org\/es\/"},{"@type":"ListItem","position":2,"name":"Libros, teatro, arte y m\u00e1s para celebrar Sant Jordi en el Casal"}]},{"@type":"WebSite","@id":"https:\/\/www.casaldelsinfants.org\/es\/#website","url":"https:\/\/www.casaldelsinfants.org\/es\/","name":"Casal dels Infants","description":"","publisher":{"@id":"https:\/\/www.casaldelsinfants.org\/es\/#organization"},"potentialAction":[{"@type":"SearchAction","target":{"@type":"EntryPoint","urlTemplate":"https:\/\/www.casaldelsinfants.org\/es\/?s={search_term_string}"},"query-input":{"@type":"PropertyValueSpecification","valueRequired":true,"valueName":"search_term_string"}}],"inLanguage":"es"},{"@type":"Organization","@id":"https:\/\/www.casaldelsinfants.org\/es\/#organization","name":"Casal dels Infants","url":"https:\/\/www.casaldelsinfants.org\/es\/","logo":{"@type":"ImageObject","inLanguage":"es","@id":"https:\/\/www.casaldelsinfants.org\/es\/#\/schema\/logo\/image\/","url":"https:\/\/www.casaldelsinfants.org\/wp-content\/uploads\/logo-mail.png","contentUrl":"https:\/\/www.casaldelsinfants.org\/wp-content\/uploads\/logo-mail.png","width":380,"height":158,"caption":"Casal dels Infants"},"image":{"@id":"https:\/\/www.casaldelsinfants.org\/es\/#\/schema\/logo\/image\/"},"sameAs":["https:\/\/www.facebook.com\/casalinfants","https:\/\/x.com\/casalinfants","https:\/\/www.youtube.com\/user\/CasaldelsInfants1","https:\/\/www.instagram.com\/casalinfants\/","https:\/\/www.linkedin.com\/company\/casaldelsinfants?trk=organization-update_share-update_actor-text"]},{"@type":"Person","@id":"https:\/\/www.casaldelsinfants.org\/es\/#\/schema\/person\/97707fc8c64900cf36891127dbf9fba8","name":"cdiAdmin","sameAs":["https:\/\/casaldelsinfants.org"]}]}},"publishpress_future_action":{"enabled":false,"date":"2026-05-09 02:05:07","action":"change-status","newStatus":"draft","terms":[],"taxonomy":"category","extraData":[]},"publishpress_future_workflow_manual_trigger":{"enabledWorkflows":[]},"_links":{"self":[{"href":"https:\/\/www.casaldelsinfants.org\/es\/wp-json\/wp\/v2\/posts\/10392","targetHints":{"allow":["GET"]}}],"collection":[{"href":"https:\/\/www.casaldelsinfants.org\/es\/wp-json\/wp\/v2\/posts"}],"about":[{"href":"https:\/\/www.casaldelsinfants.org\/es\/wp-json\/wp\/v2\/types\/post"}],"author":[{"embeddable":true,"href":"https:\/\/www.casaldelsinfants.org\/es\/wp-json\/wp\/v2\/users\/1"}],"replies":[{"embeddable":true,"href":"https:\/\/www.casaldelsinfants.org\/es\/wp-json\/wp\/v2\/comments?post=10392"}],"version-history":[{"count":2,"href":"https:\/\/www.casaldelsinfants.org\/es\/wp-json\/wp\/v2\/posts\/10392\/revisions"}],"predecessor-version":[{"id":14697,"href":"https:\/\/www.casaldelsinfants.org\/es\/wp-json\/wp\/v2\/posts\/10392\/revisions\/14697"}],"wp:featuredmedia":[{"embeddable":true,"href":"https:\/\/www.casaldelsinfants.org\/es\/wp-json\/wp\/v2\/media\/10198"}],"wp:attachment":[{"href":"https:\/\/www.casaldelsinfants.org\/es\/wp-json\/wp\/v2\/media?parent=10392"}],"wp:term":[{"taxonomy":"category","embeddable":true,"href":"https:\/\/www.casaldelsinfants.org\/es\/wp-json\/wp\/v2\/categories?post=10392"},{"taxonomy":"post_tag","embeddable":true,"href":"https:\/\/www.casaldelsinfants.org\/es\/wp-json\/wp\/v2\/tags?post=10392"},{"taxonomy":"seus","embeddable":true,"href":"https:\/\/www.casaldelsinfants.org\/es\/wp-json\/wp\/v2\/seus?post=10392"},{"taxonomy":"eixos","embeddable":true,"href":"https:\/\/www.casaldelsinfants.org\/es\/wp-json\/wp\/v2\/eixos?post=10392"}],"curies":[{"name":"wp","href":"https:\/\/api.w.org\/{rel}","templated":true}]}}