{"id":10394,"date":"2023-04-19T08:30:33","date_gmt":"2023-04-19T06:30:33","guid":{"rendered":"https:\/\/casal.puntzero.cat\/operacionbikini\/"},"modified":"2023-10-26T12:28:03","modified_gmt":"2023-10-26T10:28:03","slug":"operacionbikini","status":"publish","type":"post","link":"https:\/\/www.casaldelsinfants.org\/es\/actualidad\/operacionbikini\/","title":{"rendered":"Desmontamos la presi\u00f3n est\u00e9tica y reivindicamos la diversidad corporal con J\u00falia Barcel\u00f3"},"content":{"rendered":"<p>&nbsp;<\/p>\n<div class=\"video-embed-field-responsive-video form-group\"><iframe loading=\"lazy\" src=\"https:\/\/www.youtube.com\/embed\/L414Krlgek8?autoplay=0&amp;start=0&amp;rel=0\" width=\"854\" height=\"480\" frameborder=\"0\" allowfullscreen=\"allowfullscreen\"><\/iframe><\/div>\n<p dir=\"ltr\"><span style=\"color: #000000;\">Los chicos y chicas del <strong>Centro Abierto Llefi\u00e0 del Casal dels Infants de Badalona<\/strong> recibieron la visita de <strong>J\u00falia Barcel\u00f3<\/strong>, actriz, activista feminista y autora del libro &#8216;Operaci\u00f3n Bikini&#8217; (<\/span><u><a href=\"https:\/\/www.editorialflamboyant.com\/libro\/operacion-bikini\/\" target=\"_blank\" rel=\"nofollow noopener\">Editorial Flamboyant<\/a><\/u><span style=\"color: #000000;\">), con quien, siguiendo el hilo narrativo del libro, hablaron de presi\u00f3n est\u00e9tica, diversidad corporal y el movimiento \u00abbody neutral\u00bb, entre otros.\u00a0<\/span><\/p>\n<p dir=\"ltr\"><span style=\"color: #000000;\"><strong>&#8216;Operaci\u00f3n Bikini&#8217;<\/strong>, con las ilustraciones de Camille Vannier, es la historia de Sol, una chica de 14 a\u00f1os que un d\u00eda la invitan a una fiesta a la playa pero le da verg\u00fcenza ense\u00f1ar su cuerpo en bikini. Aqu\u00ed empezar\u00e1 su viaje interior para intentar cambiar su cuerpo en tiempo r\u00e9cord, siguiendo lo que le han ense\u00f1ado: ir al gimnasio y comer poco. \u00abEn este camino, explicado con lenguaje de c\u00f3mic, y divertido pero con rigor para seguir la <strong>teor\u00eda feminista de la liberaci\u00f3n corporal<\/strong>, Sol har\u00e1 un mont\u00f3n de cosas para cambiar su cuerpo, hasta que quiz\u00e1s se d\u00e9 cuenta que no es la manera\u00bb, explicaba J\u00falia Barcel\u00f3, autora de libro.\u00a0<\/span><\/p>\n<p dir=\"ltr\"><span style=\"color: #000000;\">\u00abEs un libro muy chulo y curioso\u00bb, dec\u00eda Ismael, de 12 a\u00f1os, participante en el Casal dels Infants de Badalona. \u00abEs un libro interesante que <strong>habla sobre la realidad de muchas personas que no les gusta su propio cuerpo<\/strong>, y es bueno porque los ni\u00f1os y adolescentes aprendan\u00bb, a\u00f1adi\u00f3 Scarlet, de 15 a\u00f1os, despu\u00e9s de la visita de J\u00falia.\u00a0<\/span><\/p>\n<p><img decoding=\"async\" class=\"align-center\" src=\"\/wp-content\/uploads\/inline-images\/net%20CAST.00_00_02_40.Imagen%20fija002.jpg\" alt=\"Nois i noies asseguts a les cadires en una semirotllana escolten una presentaci\u00f3.\" width=\"480\" height=\"270\" data-entity-type=\"file\" data-entity-uuid=\"41441ffd-0386-40e7-9f54-57f141e3f2f3\" data-image-style=\"large\" \/><\/p>\n<p><span style=\"color: #000000;\">Siguiendo el camino personal de Sol hacia la liberaci\u00f3n corporal, J\u00falia fue introduciendo a los chicos y chicas conceptos como la <strong>presi\u00f3n est\u00e9tica<\/strong>, la <strong>cultura de la dieta<\/strong>, el <em><strong>body shaming<\/strong><\/em> (verg\u00fcenza corporal), <em><strong>body neutrality<\/strong><\/em> (neutralidad\u00a0corporal), <strong>cuerpos normativos<\/strong> y <strong>diversidad corporal<\/strong>. Pues, los chicos y chicas aprendieron que la presi\u00f3n est\u00e9tica no es natural para los humanos sino que es un constructo social, as\u00ed como maneras de deshacerse de ella y vivir de manera m\u00e1s liberadora. \u00abTal y como se ha construido la presi\u00f3n est\u00e9tica y la verg\u00fcenza corporal, las tenemos que poder deconstruir; <strong>igual que hemos aprendido a odiar nuestros cuerpos, podemos aprender a quererlos y respetarlos<\/strong>\u00ab, insist\u00eda J\u00falia.\u00a0<\/span><\/p>\n<p class=\"destacat-noticia\"><strong><span style=\"font-size: 24px;\"><span style=\"color: #f1c40f;\">J\u00falia Barcel\u00f3, autora de \u00abOperaci\u00f3n Bikini\u00bb:<\/span><span style=\"color: #000000;\"> \u00abIgual que hemos aprendido a odiar nuestros cuerpos, podemos aprender a quererlos y respetarlos\u00bb<\/span><\/span><\/strong><\/p>\n<p dir=\"ltr\"><span style=\"color: #000000;\">En un mundo digitalizado y donde los adolescentes tienen acceso a contenido ilimitado de v\u00eddeos cargados de filtros y c\u00e1nones de belleza excluyentes, las <strong>redes sociales<\/strong> son una vida de acceso a todo esto, pero si se aprenden a gestionar pueden ser una herramienta para ir m\u00e1s all\u00e1 y \u00abver corporalidades que quiz\u00e1s en otros espacios no ver\u00edan\u00bb, a\u00f1ade J\u00falia. Tambi\u00e9n, las redes pueden ser una <strong>fuente de informaci\u00f3n para aprender m\u00e1s<\/strong>. Una de las maneras de luchar contra esta presi\u00f3n es saber de donde viene. \u00abHay marcas, hay personas con nombres y apellidos que se quieren enriquecer gracias a nuestras inseguridades\u00bb, se\u00f1ala la autora.\u00a0<\/span><\/p>\n<p dir=\"ltr\"><span style=\"color: #000000;\">Para acabar la sesi\u00f3n, los chicos y chicas hicieron una ronda de preguntas a J\u00falia, algunas que surgieron all\u00ed mismo y de otras que se hab\u00edan preparado por grupos previamente. Entre reflexiones sobre el libro, su trabajo y su vida, se abri\u00f3 el mel\u00f3n de las inseguridades. \u00abQuiz\u00e1s siempre tendr\u00e9 inseguridades\u00bb, respondi\u00f3 J\u00falia, \u00abpero<strong> lo importante es que no me limiten y poder continuar haciendo las cosas que quiero hacer<\/strong>\u00ab.\u00a0<\/span><\/p>\n<blockquote><p><strong>Haz posible que continuemos acompa\u00f1ando y apoyando a ni\u00f1os, ni\u00f1as, j\u00f3venes y familias en situaci\u00f3n de vulnerabilidad.\u00a0<\/strong><\/p>\n<p>Haz\u00a0<strong>voluntariado<\/strong>. Inf\u00f3rmate\u00a0<a href=\"https:\/\/www.casaldelsinfants.org\/que-pots-fer-tu\/voluntariat\/\" target=\"_blank\" rel=\"noopener\"><u>aqu\u00ed<\/u><\/a>.<\/p>\n<p>Haz un\u00a0<strong>donativo<\/strong>\u00a0<a href=\"https:\/\/www.casaldelsinfants.org\/es\/dona-ahora\/\" target=\"_blank\" rel=\"noopener\"><u>aqu\u00ed<\/u><\/a>.<\/p><\/blockquote>\n","protected":false},"excerpt":{"rendered":"<p>&nbsp; Los chicos y chicas del Centro Abierto Llefi\u00e0 del Casal dels Infants de Badalona recibieron la visita de J\u00falia Barcel\u00f3, actriz, activista feminista y autora del libro &#8216;Operaci\u00f3n Bikini&#8217; (Editorial Flamboyant), con quien, siguiendo el hilo narrativo del libro, hablaron de presi\u00f3n est\u00e9tica, diversidad corporal y el movimiento \u00abbody neutral\u00bb, entre otros.\u00a0 &#8216;Operaci\u00f3n Bikini&#8217;, [&hellip;]<\/p>\n","protected":false},"author":1,"featured_media":0,"comment_status":"open","ping_status":"open","sticky":false,"template":"","format":"standard","meta":{"_acf_changed":false,"_et_pb_use_builder":"","_et_pb_old_content":"","_et_gb_content_width":"","inline_featured_image":false,"footnotes":""},"categories":[125],"tags":[],"seus":[155],"eixos":[153],"class_list":["post-10394","post","type-post","status-publish","format-standard","hentry","category-noticias","seus-badalona","eixos-proyectos-solidarios"],"acf":[],"yoast_head":"<!-- This site is optimized with the Yoast SEO plugin v27.4 - https:\/\/yoast.com\/product\/yoast-seo-wordpress\/ -->\n<title>Visita de J\u00falia Barcel\u00f3, autora de &quot;Operaci\u00f3n Bikni&quot;, al Casal dels Infants de Badalona<\/title>\n<meta name=\"robots\" content=\"index, follow, max-snippet:-1, max-image-preview:large, max-video-preview:-1\" \/>\n<link rel=\"canonical\" href=\"https:\/\/www.casaldelsinfants.org\/es\/actualidad\/operacionbikini\/\" \/>\n<meta property=\"og:locale\" content=\"es_ES\" \/>\n<meta property=\"og:type\" content=\"article\" \/>\n<meta property=\"og:title\" content=\"Visita de J\u00falia Barcel\u00f3, autora de &quot;Operaci\u00f3n Bikni&quot;, al Casal dels Infants de Badalona\" \/>\n<meta property=\"og:description\" content=\"&nbsp; Los chicos y chicas del Centro Abierto Llefi\u00e0 del Casal dels Infants de Badalona recibieron la visita de J\u00falia Barcel\u00f3, actriz, activista feminista y autora del libro &#8216;Operaci\u00f3n Bikini&#8217; (Editorial Flamboyant), con quien, siguiendo el hilo narrativo del libro, hablaron de presi\u00f3n est\u00e9tica, diversidad corporal y el movimiento \u00abbody neutral\u00bb, entre otros.\u00a0 &#8216;Operaci\u00f3n Bikini&#8217;, [&hellip;]\" \/>\n<meta property=\"og:url\" content=\"https:\/\/www.casaldelsinfants.org\/es\/actualidad\/operacionbikini\/\" \/>\n<meta property=\"og:site_name\" content=\"Casal dels Infants\" \/>\n<meta property=\"article:publisher\" content=\"https:\/\/www.facebook.com\/casalinfants\" \/>\n<meta property=\"article:published_time\" content=\"2023-04-19T06:30:33+00:00\" \/>\n<meta property=\"article:modified_time\" content=\"2023-10-26T10:28:03+00:00\" \/>\n<meta name=\"author\" content=\"cdiAdmin\" \/>\n<meta name=\"twitter:card\" content=\"summary_large_image\" \/>\n<meta name=\"twitter:creator\" content=\"@casalinfants\" \/>\n<meta name=\"twitter:site\" content=\"@casalinfants\" \/>\n<meta name=\"twitter:label1\" content=\"Escrito por\" \/>\n\t<meta name=\"twitter:data1\" content=\"cdiAdmin\" \/>\n\t<meta name=\"twitter:label2\" content=\"Tiempo de lectura\" \/>\n\t<meta name=\"twitter:data2\" content=\"3 minutos\" \/>\n<script type=\"application\/ld+json\" class=\"yoast-schema-graph\">{\"@context\":\"https:\\\/\\\/schema.org\",\"@graph\":[{\"@type\":\"Article\",\"@id\":\"https:\\\/\\\/www.casaldelsinfants.org\\\/es\\\/actualidad\\\/operacionbikini\\\/#article\",\"isPartOf\":{\"@id\":\"https:\\\/\\\/www.casaldelsinfants.org\\\/es\\\/actualidad\\\/operacionbikini\\\/\"},\"author\":{\"name\":\"cdiAdmin\",\"@id\":\"https:\\\/\\\/www.casaldelsinfants.org\\\/es\\\/#\\\/schema\\\/person\\\/97707fc8c64900cf36891127dbf9fba8\"},\"headline\":\"Desmontamos la presi\u00f3n est\u00e9tica y reivindicamos la diversidad corporal con J\u00falia Barcel\u00f3\",\"datePublished\":\"2023-04-19T06:30:33+00:00\",\"dateModified\":\"2023-10-26T10:28:03+00:00\",\"mainEntityOfPage\":{\"@id\":\"https:\\\/\\\/www.casaldelsinfants.org\\\/es\\\/actualidad\\\/operacionbikini\\\/\"},\"wordCount\":630,\"commentCount\":0,\"publisher\":{\"@id\":\"https:\\\/\\\/www.casaldelsinfants.org\\\/es\\\/#organization\"},\"articleSection\":[\"Noticia\"],\"inLanguage\":\"es\",\"potentialAction\":[{\"@type\":\"CommentAction\",\"name\":\"Comment\",\"target\":[\"https:\\\/\\\/www.casaldelsinfants.org\\\/es\\\/actualidad\\\/operacionbikini\\\/#respond\"]}]},{\"@type\":\"WebPage\",\"@id\":\"https:\\\/\\\/www.casaldelsinfants.org\\\/es\\\/actualidad\\\/operacionbikini\\\/\",\"url\":\"https:\\\/\\\/www.casaldelsinfants.org\\\/es\\\/actualidad\\\/operacionbikini\\\/\",\"name\":\"Visita de J\u00falia Barcel\u00f3, autora de \\\"Operaci\u00f3n Bikni\\\", al Casal dels Infants de Badalona\",\"isPartOf\":{\"@id\":\"https:\\\/\\\/www.casaldelsinfants.org\\\/es\\\/#website\"},\"datePublished\":\"2023-04-19T06:30:33+00:00\",\"dateModified\":\"2023-10-26T10:28:03+00:00\",\"breadcrumb\":{\"@id\":\"https:\\\/\\\/www.casaldelsinfants.org\\\/es\\\/actualidad\\\/operacionbikini\\\/#breadcrumb\"},\"inLanguage\":\"es\",\"potentialAction\":[{\"@type\":\"ReadAction\",\"target\":[\"https:\\\/\\\/www.casaldelsinfants.org\\\/es\\\/actualidad\\\/operacionbikini\\\/\"]}]},{\"@type\":\"BreadcrumbList\",\"@id\":\"https:\\\/\\\/www.casaldelsinfants.org\\\/es\\\/actualidad\\\/operacionbikini\\\/#breadcrumb\",\"itemListElement\":[{\"@type\":\"ListItem\",\"position\":1,\"name\":\"Inici\",\"item\":\"https:\\\/\\\/www.casaldelsinfants.org\\\/es\\\/\"},{\"@type\":\"ListItem\",\"position\":2,\"name\":\"Desmontamos la presi\u00f3n est\u00e9tica y reivindicamos la diversidad corporal con J\u00falia Barcel\u00f3\"}]},{\"@type\":\"WebSite\",\"@id\":\"https:\\\/\\\/www.casaldelsinfants.org\\\/es\\\/#website\",\"url\":\"https:\\\/\\\/www.casaldelsinfants.org\\\/es\\\/\",\"name\":\"Casal dels Infants\",\"description\":\"\",\"publisher\":{\"@id\":\"https:\\\/\\\/www.casaldelsinfants.org\\\/es\\\/#organization\"},\"potentialAction\":[{\"@type\":\"SearchAction\",\"target\":{\"@type\":\"EntryPoint\",\"urlTemplate\":\"https:\\\/\\\/www.casaldelsinfants.org\\\/es\\\/?s={search_term_string}\"},\"query-input\":{\"@type\":\"PropertyValueSpecification\",\"valueRequired\":true,\"valueName\":\"search_term_string\"}}],\"inLanguage\":\"es\"},{\"@type\":\"Organization\",\"@id\":\"https:\\\/\\\/www.casaldelsinfants.org\\\/es\\\/#organization\",\"name\":\"Casal dels Infants\",\"url\":\"https:\\\/\\\/www.casaldelsinfants.org\\\/es\\\/\",\"logo\":{\"@type\":\"ImageObject\",\"inLanguage\":\"es\",\"@id\":\"https:\\\/\\\/www.casaldelsinfants.org\\\/es\\\/#\\\/schema\\\/logo\\\/image\\\/\",\"url\":\"https:\\\/\\\/www.casaldelsinfants.org\\\/wp-content\\\/uploads\\\/logo-mail.png\",\"contentUrl\":\"https:\\\/\\\/www.casaldelsinfants.org\\\/wp-content\\\/uploads\\\/logo-mail.png\",\"width\":380,\"height\":158,\"caption\":\"Casal dels Infants\"},\"image\":{\"@id\":\"https:\\\/\\\/www.casaldelsinfants.org\\\/es\\\/#\\\/schema\\\/logo\\\/image\\\/\"},\"sameAs\":[\"https:\\\/\\\/www.facebook.com\\\/casalinfants\",\"https:\\\/\\\/x.com\\\/casalinfants\",\"https:\\\/\\\/www.youtube.com\\\/user\\\/CasaldelsInfants1\",\"https:\\\/\\\/www.instagram.com\\\/casalinfants\\\/\",\"https:\\\/\\\/www.linkedin.com\\\/company\\\/casaldelsinfants?trk=organization-update_share-update_actor-text\"]},{\"@type\":\"Person\",\"@id\":\"https:\\\/\\\/www.casaldelsinfants.org\\\/es\\\/#\\\/schema\\\/person\\\/97707fc8c64900cf36891127dbf9fba8\",\"name\":\"cdiAdmin\",\"sameAs\":[\"https:\\\/\\\/casaldelsinfants.org\"]}]}<\/script>\n<!-- \/ Yoast SEO plugin. -->","yoast_head_json":{"title":"Visita de J\u00falia Barcel\u00f3, autora de \"Operaci\u00f3n Bikni\", al Casal dels Infants de Badalona","robots":{"index":"index","follow":"follow","max-snippet":"max-snippet:-1","max-image-preview":"max-image-preview:large","max-video-preview":"max-video-preview:-1"},"canonical":"https:\/\/www.casaldelsinfants.org\/es\/actualidad\/operacionbikini\/","og_locale":"es_ES","og_type":"article","og_title":"Visita de J\u00falia Barcel\u00f3, autora de \"Operaci\u00f3n Bikni\", al Casal dels Infants de Badalona","og_description":"&nbsp; Los chicos y chicas del Centro Abierto Llefi\u00e0 del Casal dels Infants de Badalona recibieron la visita de J\u00falia Barcel\u00f3, actriz, activista feminista y autora del libro &#8216;Operaci\u00f3n Bikini&#8217; (Editorial Flamboyant), con quien, siguiendo el hilo narrativo del libro, hablaron de presi\u00f3n est\u00e9tica, diversidad corporal y el movimiento \u00abbody neutral\u00bb, entre otros.\u00a0 &#8216;Operaci\u00f3n Bikini&#8217;, [&hellip;]","og_url":"https:\/\/www.casaldelsinfants.org\/es\/actualidad\/operacionbikini\/","og_site_name":"Casal dels Infants","article_publisher":"https:\/\/www.facebook.com\/casalinfants","article_published_time":"2023-04-19T06:30:33+00:00","article_modified_time":"2023-10-26T10:28:03+00:00","author":"cdiAdmin","twitter_card":"summary_large_image","twitter_creator":"@casalinfants","twitter_site":"@casalinfants","twitter_misc":{"Escrito por":"cdiAdmin","Tiempo de lectura":"3 minutos"},"schema":{"@context":"https:\/\/schema.org","@graph":[{"@type":"Article","@id":"https:\/\/www.casaldelsinfants.org\/es\/actualidad\/operacionbikini\/#article","isPartOf":{"@id":"https:\/\/www.casaldelsinfants.org\/es\/actualidad\/operacionbikini\/"},"author":{"name":"cdiAdmin","@id":"https:\/\/www.casaldelsinfants.org\/es\/#\/schema\/person\/97707fc8c64900cf36891127dbf9fba8"},"headline":"Desmontamos la presi\u00f3n est\u00e9tica y reivindicamos la diversidad corporal con J\u00falia Barcel\u00f3","datePublished":"2023-04-19T06:30:33+00:00","dateModified":"2023-10-26T10:28:03+00:00","mainEntityOfPage":{"@id":"https:\/\/www.casaldelsinfants.org\/es\/actualidad\/operacionbikini\/"},"wordCount":630,"commentCount":0,"publisher":{"@id":"https:\/\/www.casaldelsinfants.org\/es\/#organization"},"articleSection":["Noticia"],"inLanguage":"es","potentialAction":[{"@type":"CommentAction","name":"Comment","target":["https:\/\/www.casaldelsinfants.org\/es\/actualidad\/operacionbikini\/#respond"]}]},{"@type":"WebPage","@id":"https:\/\/www.casaldelsinfants.org\/es\/actualidad\/operacionbikini\/","url":"https:\/\/www.casaldelsinfants.org\/es\/actualidad\/operacionbikini\/","name":"Visita de J\u00falia Barcel\u00f3, autora de \"Operaci\u00f3n Bikni\", al Casal dels Infants de Badalona","isPartOf":{"@id":"https:\/\/www.casaldelsinfants.org\/es\/#website"},"datePublished":"2023-04-19T06:30:33+00:00","dateModified":"2023-10-26T10:28:03+00:00","breadcrumb":{"@id":"https:\/\/www.casaldelsinfants.org\/es\/actualidad\/operacionbikini\/#breadcrumb"},"inLanguage":"es","potentialAction":[{"@type":"ReadAction","target":["https:\/\/www.casaldelsinfants.org\/es\/actualidad\/operacionbikini\/"]}]},{"@type":"BreadcrumbList","@id":"https:\/\/www.casaldelsinfants.org\/es\/actualidad\/operacionbikini\/#breadcrumb","itemListElement":[{"@type":"ListItem","position":1,"name":"Inici","item":"https:\/\/www.casaldelsinfants.org\/es\/"},{"@type":"ListItem","position":2,"name":"Desmontamos la presi\u00f3n est\u00e9tica y reivindicamos la diversidad corporal con J\u00falia Barcel\u00f3"}]},{"@type":"WebSite","@id":"https:\/\/www.casaldelsinfants.org\/es\/#website","url":"https:\/\/www.casaldelsinfants.org\/es\/","name":"Casal dels Infants","description":"","publisher":{"@id":"https:\/\/www.casaldelsinfants.org\/es\/#organization"},"potentialAction":[{"@type":"SearchAction","target":{"@type":"EntryPoint","urlTemplate":"https:\/\/www.casaldelsinfants.org\/es\/?s={search_term_string}"},"query-input":{"@type":"PropertyValueSpecification","valueRequired":true,"valueName":"search_term_string"}}],"inLanguage":"es"},{"@type":"Organization","@id":"https:\/\/www.casaldelsinfants.org\/es\/#organization","name":"Casal dels Infants","url":"https:\/\/www.casaldelsinfants.org\/es\/","logo":{"@type":"ImageObject","inLanguage":"es","@id":"https:\/\/www.casaldelsinfants.org\/es\/#\/schema\/logo\/image\/","url":"https:\/\/www.casaldelsinfants.org\/wp-content\/uploads\/logo-mail.png","contentUrl":"https:\/\/www.casaldelsinfants.org\/wp-content\/uploads\/logo-mail.png","width":380,"height":158,"caption":"Casal dels Infants"},"image":{"@id":"https:\/\/www.casaldelsinfants.org\/es\/#\/schema\/logo\/image\/"},"sameAs":["https:\/\/www.facebook.com\/casalinfants","https:\/\/x.com\/casalinfants","https:\/\/www.youtube.com\/user\/CasaldelsInfants1","https:\/\/www.instagram.com\/casalinfants\/","https:\/\/www.linkedin.com\/company\/casaldelsinfants?trk=organization-update_share-update_actor-text"]},{"@type":"Person","@id":"https:\/\/www.casaldelsinfants.org\/es\/#\/schema\/person\/97707fc8c64900cf36891127dbf9fba8","name":"cdiAdmin","sameAs":["https:\/\/casaldelsinfants.org"]}]}},"publishpress_future_action":{"enabled":false,"date":"2026-05-09 02:05:07","action":"change-status","newStatus":"draft","terms":[],"taxonomy":"category","extraData":[]},"publishpress_future_workflow_manual_trigger":{"enabledWorkflows":[]},"_links":{"self":[{"href":"https:\/\/www.casaldelsinfants.org\/es\/wp-json\/wp\/v2\/posts\/10394","targetHints":{"allow":["GET"]}}],"collection":[{"href":"https:\/\/www.casaldelsinfants.org\/es\/wp-json\/wp\/v2\/posts"}],"about":[{"href":"https:\/\/www.casaldelsinfants.org\/es\/wp-json\/wp\/v2\/types\/post"}],"author":[{"embeddable":true,"href":"https:\/\/www.casaldelsinfants.org\/es\/wp-json\/wp\/v2\/users\/1"}],"replies":[{"embeddable":true,"href":"https:\/\/www.casaldelsinfants.org\/es\/wp-json\/wp\/v2\/comments?post=10394"}],"version-history":[{"count":2,"href":"https:\/\/www.casaldelsinfants.org\/es\/wp-json\/wp\/v2\/posts\/10394\/revisions"}],"predecessor-version":[{"id":14947,"href":"https:\/\/www.casaldelsinfants.org\/es\/wp-json\/wp\/v2\/posts\/10394\/revisions\/14947"}],"wp:attachment":[{"href":"https:\/\/www.casaldelsinfants.org\/es\/wp-json\/wp\/v2\/media?parent=10394"}],"wp:term":[{"taxonomy":"category","embeddable":true,"href":"https:\/\/www.casaldelsinfants.org\/es\/wp-json\/wp\/v2\/categories?post=10394"},{"taxonomy":"post_tag","embeddable":true,"href":"https:\/\/www.casaldelsinfants.org\/es\/wp-json\/wp\/v2\/tags?post=10394"},{"taxonomy":"seus","embeddable":true,"href":"https:\/\/www.casaldelsinfants.org\/es\/wp-json\/wp\/v2\/seus?post=10394"},{"taxonomy":"eixos","embeddable":true,"href":"https:\/\/www.casaldelsinfants.org\/es\/wp-json\/wp\/v2\/eixos?post=10394"}],"curies":[{"name":"wp","href":"https:\/\/api.w.org\/{rel}","templated":true}]}}