{"id":10406,"date":"2023-03-27T10:16:37","date_gmt":"2023-03-27T08:16:37","guid":{"rendered":"https:\/\/casal.puntzero.cat\/conveniosindicdegreuges\/"},"modified":"2023-05-23T13:12:46","modified_gmt":"2023-05-23T11:12:46","slug":"conveniosindicdegreuges","status":"publish","type":"post","link":"https:\/\/www.casaldelsinfants.org\/es\/actualidad\/conveniosindicdegreuges\/","title":{"rendered":"El S\u00edndic de Greuges y el Casal dels Infants suman esfuerzos por los derechos de la infancia, la juventud y las familias"},"content":{"rendered":"<p><span style=\"color:#000000;\">El <strong>S\u00edndic de Greuges de Catalunya<\/strong> y el <strong>Casal dels Infants<\/strong> hemos establecido un <strong>conveio de colaboraci\u00f3n<\/strong> para fortalecer la defensa de los derechos de la infancia, la adolescencia, la juventud y las familias. El acuerdo lo signaron la s\u00edndica, <strong>Esther Gim\u00e9nez-Salinas<\/strong>, y la directora general de la asociaci\u00f3n, <strong>Rosa Balaguer<\/strong>, el 20 de marzo.<\/span><\/p>\n<p><span style=\"color:#000000;\">El convenio establece una <strong>comunicaci\u00f3n continuada y fluida entre ambas partes<\/strong> para generar sinergias y trabajar casos concretos, as\u00ed como la elaboraci\u00f3n de un <strong>informe semestral<\/strong> por parte del Casal dels Infants que compartiremos con el S\u00edndic. En este informe se recoger\u00e1n vulneraciones de derechos detectadas en participantes de la asociaci\u00f3n, para garantizar los canales de denuncia adecuados y otras acciones asociadas para la defensa de sus derechos.<\/span><\/p>\n<p><span style=\"color:#000000;\">El acuerdo tambi\u00e9n prev\u00e9 la<strong> coordinaci\u00f3n entre el servicio sociojur\u00eddico del Casal dels Infants y el quipo del S\u00edndic<\/strong> para abordar estos casos concretos, y se dedicar\u00e1<strong> especial atenci\u00f3n a la situaci\u00f3n de menores y j\u00f3venes vinculados a procesos migratorios<\/strong>, a ambos lados del Mediterr\u00e1neo. En este aspecto, des del Casal dels Infants podremos aportar informaci\u00f3n y un an\u00e1lisis de la situaci\u00f3n de este colectivo gracias al proyecto Rassif, que impulsamos desde T\u00e1nger y Casablanca para mejorar el trabajo en red en la defensa de los derechos de los ni\u00f1os, ni\u00f1as y j\u00f3venes que migran solos desde Marruecos, desde un enfoque transnacional y basado en los derechos humanos.<\/span><\/p>\n<p><span style=\"color:#000000;\">Finalmente, queda establecido el trabajo conjunto entre ambas organizaciones para <strong>plantear mejoras en el marco normativo<\/strong> en temas clave que suponen un riesgo en la garant\u00ed de los derechos y las oportunidades de la infancia y adolescencia en Catalunya. En esta l\u00ednea, ambas partes nos apoyaremos en la <strong>construcci\u00f3n de una estrategia de incidencia que pueda participar en los mecanismos de las Naciones Unidas <\/strong>de seguimiento de las convenciones de Derechos Humanos ratificadas por el Estado Espa\u00f1ol.<\/span><\/p>\n<p><span style=\"color:#000000;\">El S\u00edndic de Greuges tiene la funci\u00f3n de proteger y defender los derechos y libertades que reconocen la Constituci\u00f3n y el Estat de Catalunya, supervisando la actividad de las administraciones p\u00fablicas en Catalunya, las entidades que dependen de estas y las empresas que gestionan servicios p\u00fablicos o realizan actividades de inter\u00e9s p\u00fablico.<\/span><\/p>\n<p><span style=\"color:#000000;\">El S\u00edndic cuenta con la figura de una adjunta para la defensa de los derechos de los ni\u00f1os, ni\u00f1as y adolescentes, en el contexto de la Convenci\u00f3n de los Derechos del Ni\u00f1o de Naciones Unidas, un cargo que actualmente asume Maria Jes\u00fas Larios. La instituci\u00f3n tambi\u00e9n elabora un informe anual sobre los derechos del ni\u00f1o que presenta ante el Parlament de Catalunya, tal como prev\u00e9 la Ley de los Derechos y las Oportunidades en la Infancia y la Adolescencia.<\/span><\/p>\n","protected":false},"excerpt":{"rendered":"<p>El S\u00edndic de Greuges de Catalunya y el Casal dels Infants hemos establecido un conveio de colaboraci\u00f3n para fortalecer la defensa de los derechos de la infancia, la adolescencia, la juventud y las familias. El acuerdo lo signaron la s\u00edndica, Esther Gim\u00e9nez-Salinas, y la directora general de la asociaci\u00f3n, Rosa Balaguer, el 20 de marzo. [&hellip;]<\/p>\n","protected":false},"author":1,"featured_media":10215,"comment_status":"open","ping_status":"open","sticky":false,"template":"","format":"standard","meta":{"_acf_changed":false,"_et_pb_use_builder":"","_et_pb_old_content":"","_et_gb_content_width":"","inline_featured_image":false,"footnotes":""},"categories":[125],"tags":[],"seus":[],"eixos":[110],"class_list":["post-10406","post","type-post","status-publish","format-standard","has-post-thumbnail","hentry","category-noticias","eixos-comunidad-casal-dels-infants"],"acf":[],"yoast_head":"<!-- This site is optimized with the Yoast SEO plugin v27.4 - https:\/\/yoast.com\/product\/yoast-seo-wordpress\/ -->\n<title>Convenio de colaboraci\u00f3n entre el S\u00edndic de Greuges y el Casal dels Infants para fortalecer los derechos de los ni\u00f1os, ni\u00f1as, j\u00f3venes y familias<\/title>\n<meta name=\"description\" content=\"El S\u00edndic de Greuges de Catalunya y el Casal dels infants hemos establecido un convenio de colaboraci\u00f3n para fortalecer la defensa de los derechos de los ni\u00f1os, ni\u00f1as, adolescentes, j\u00f3venes y familias. El acuerdo lo signaron la s\u00edndica, Esther Gim\u00e9nez-Salinas, y la directora general de la asociaci\u00f3n, Rosa Balaguer, el 20 de marzo.\" \/>\n<meta name=\"robots\" content=\"index, follow, max-snippet:-1, max-image-preview:large, max-video-preview:-1\" \/>\n<link rel=\"canonical\" href=\"https:\/\/www.casaldelsinfants.org\/es\/actualidad\/conveniosindicdegreuges\/\" \/>\n<meta property=\"og:locale\" content=\"es_ES\" \/>\n<meta property=\"og:type\" content=\"article\" \/>\n<meta property=\"og:title\" content=\"Convenio de colaboraci\u00f3n entre el S\u00edndic de Greuges y el Casal dels Infants para fortalecer los derechos de los ni\u00f1os, ni\u00f1as, j\u00f3venes y familias\" \/>\n<meta property=\"og:description\" content=\"El S\u00edndic de Greuges de Catalunya y el Casal dels infants hemos establecido un convenio de colaboraci\u00f3n para fortalecer la defensa de los derechos de los ni\u00f1os, ni\u00f1as, adolescentes, j\u00f3venes y familias. El acuerdo lo signaron la s\u00edndica, Esther Gim\u00e9nez-Salinas, y la directora general de la asociaci\u00f3n, Rosa Balaguer, el 20 de marzo.\" \/>\n<meta property=\"og:url\" content=\"https:\/\/www.casaldelsinfants.org\/es\/actualidad\/conveniosindicdegreuges\/\" \/>\n<meta property=\"og:site_name\" content=\"Casal dels Infants\" \/>\n<meta property=\"article:publisher\" content=\"https:\/\/www.facebook.com\/casalinfants\" \/>\n<meta property=\"article:published_time\" content=\"2023-03-27T08:16:37+00:00\" \/>\n<meta property=\"article:modified_time\" content=\"2023-05-23T11:12:46+00:00\" \/>\n<meta property=\"og:image\" content=\"https:\/\/www.casaldelsinfants.org\/wp-content\/uploads\/conveni_casal_infants_07-scaled-1.webp\" \/>\n\t<meta property=\"og:image:width\" content=\"2560\" \/>\n\t<meta property=\"og:image:height\" content=\"1567\" \/>\n\t<meta property=\"og:image:type\" content=\"image\/jpeg\" \/>\n<meta name=\"author\" content=\"cdiAdmin\" \/>\n<meta name=\"twitter:card\" content=\"summary_large_image\" \/>\n<meta name=\"twitter:creator\" content=\"@casalinfants\" \/>\n<meta name=\"twitter:site\" content=\"@casalinfants\" \/>\n<meta name=\"twitter:label1\" content=\"Escrito por\" \/>\n\t<meta name=\"twitter:data1\" content=\"cdiAdmin\" \/>\n\t<meta name=\"twitter:label2\" content=\"Tiempo de lectura\" \/>\n\t<meta name=\"twitter:data2\" content=\"2 minutos\" \/>\n<script type=\"application\/ld+json\" class=\"yoast-schema-graph\">{\"@context\":\"https:\\\/\\\/schema.org\",\"@graph\":[{\"@type\":\"Article\",\"@id\":\"https:\\\/\\\/www.casaldelsinfants.org\\\/es\\\/actualidad\\\/conveniosindicdegreuges\\\/#article\",\"isPartOf\":{\"@id\":\"https:\\\/\\\/www.casaldelsinfants.org\\\/es\\\/actualidad\\\/conveniosindicdegreuges\\\/\"},\"author\":{\"name\":\"cdiAdmin\",\"@id\":\"https:\\\/\\\/www.casaldelsinfants.org\\\/es\\\/#\\\/schema\\\/person\\\/97707fc8c64900cf36891127dbf9fba8\"},\"headline\":\"El S\u00edndic de Greuges y el Casal dels Infants suman esfuerzos por los derechos de la infancia, la juventud y las familias\",\"datePublished\":\"2023-03-27T08:16:37+00:00\",\"dateModified\":\"2023-05-23T11:12:46+00:00\",\"mainEntityOfPage\":{\"@id\":\"https:\\\/\\\/www.casaldelsinfants.org\\\/es\\\/actualidad\\\/conveniosindicdegreuges\\\/\"},\"wordCount\":505,\"commentCount\":0,\"publisher\":{\"@id\":\"https:\\\/\\\/www.casaldelsinfants.org\\\/es\\\/#organization\"},\"image\":{\"@id\":\"https:\\\/\\\/www.casaldelsinfants.org\\\/es\\\/actualidad\\\/conveniosindicdegreuges\\\/#primaryimage\"},\"thumbnailUrl\":\"https:\\\/\\\/www.casaldelsinfants.org\\\/wp-content\\\/uploads\\\/conveni_casal_infants_07-scaled-1.webp\",\"articleSection\":[\"Noticia\"],\"inLanguage\":\"es\",\"potentialAction\":[{\"@type\":\"CommentAction\",\"name\":\"Comment\",\"target\":[\"https:\\\/\\\/www.casaldelsinfants.org\\\/es\\\/actualidad\\\/conveniosindicdegreuges\\\/#respond\"]}]},{\"@type\":\"WebPage\",\"@id\":\"https:\\\/\\\/www.casaldelsinfants.org\\\/es\\\/actualidad\\\/conveniosindicdegreuges\\\/\",\"url\":\"https:\\\/\\\/www.casaldelsinfants.org\\\/es\\\/actualidad\\\/conveniosindicdegreuges\\\/\",\"name\":\"Convenio de colaboraci\u00f3n entre el S\u00edndic de Greuges y el Casal dels Infants para fortalecer los derechos de los ni\u00f1os, ni\u00f1as, j\u00f3venes y familias\",\"isPartOf\":{\"@id\":\"https:\\\/\\\/www.casaldelsinfants.org\\\/es\\\/#website\"},\"primaryImageOfPage\":{\"@id\":\"https:\\\/\\\/www.casaldelsinfants.org\\\/es\\\/actualidad\\\/conveniosindicdegreuges\\\/#primaryimage\"},\"image\":{\"@id\":\"https:\\\/\\\/www.casaldelsinfants.org\\\/es\\\/actualidad\\\/conveniosindicdegreuges\\\/#primaryimage\"},\"thumbnailUrl\":\"https:\\\/\\\/www.casaldelsinfants.org\\\/wp-content\\\/uploads\\\/conveni_casal_infants_07-scaled-1.webp\",\"datePublished\":\"2023-03-27T08:16:37+00:00\",\"dateModified\":\"2023-05-23T11:12:46+00:00\",\"description\":\"El S\u00edndic de Greuges de Catalunya y el Casal dels infants hemos establecido un convenio de colaboraci\u00f3n para fortalecer la defensa de los derechos de los ni\u00f1os, ni\u00f1as, adolescentes, j\u00f3venes y familias. El acuerdo lo signaron la s\u00edndica, Esther Gim\u00e9nez-Salinas, y la directora general de la asociaci\u00f3n, Rosa Balaguer, el 20 de marzo.\",\"breadcrumb\":{\"@id\":\"https:\\\/\\\/www.casaldelsinfants.org\\\/es\\\/actualidad\\\/conveniosindicdegreuges\\\/#breadcrumb\"},\"inLanguage\":\"es\",\"potentialAction\":[{\"@type\":\"ReadAction\",\"target\":[\"https:\\\/\\\/www.casaldelsinfants.org\\\/es\\\/actualidad\\\/conveniosindicdegreuges\\\/\"]}]},{\"@type\":\"ImageObject\",\"inLanguage\":\"es\",\"@id\":\"https:\\\/\\\/www.casaldelsinfants.org\\\/es\\\/actualidad\\\/conveniosindicdegreuges\\\/#primaryimage\",\"url\":\"https:\\\/\\\/www.casaldelsinfants.org\\\/wp-content\\\/uploads\\\/conveni_casal_infants_07-scaled-1.webp\",\"contentUrl\":\"https:\\\/\\\/www.casaldelsinfants.org\\\/wp-content\\\/uploads\\\/conveni_casal_infants_07-scaled-1.webp\",\"width\":2560,\"height\":1567,\"caption\":\"Esther Gim\u00e9nez-Salinas, i la directora general de l\u2019associaci\u00f3, Rosa Balaguer\"},{\"@type\":\"BreadcrumbList\",\"@id\":\"https:\\\/\\\/www.casaldelsinfants.org\\\/es\\\/actualidad\\\/conveniosindicdegreuges\\\/#breadcrumb\",\"itemListElement\":[{\"@type\":\"ListItem\",\"position\":1,\"name\":\"Inici\",\"item\":\"https:\\\/\\\/www.casaldelsinfants.org\\\/es\\\/\"},{\"@type\":\"ListItem\",\"position\":2,\"name\":\"El S\u00edndic de Greuges y el Casal dels Infants suman esfuerzos por los derechos de la infancia, la juventud y las familias\"}]},{\"@type\":\"WebSite\",\"@id\":\"https:\\\/\\\/www.casaldelsinfants.org\\\/es\\\/#website\",\"url\":\"https:\\\/\\\/www.casaldelsinfants.org\\\/es\\\/\",\"name\":\"Casal dels Infants\",\"description\":\"\",\"publisher\":{\"@id\":\"https:\\\/\\\/www.casaldelsinfants.org\\\/es\\\/#organization\"},\"potentialAction\":[{\"@type\":\"SearchAction\",\"target\":{\"@type\":\"EntryPoint\",\"urlTemplate\":\"https:\\\/\\\/www.casaldelsinfants.org\\\/es\\\/?s={search_term_string}\"},\"query-input\":{\"@type\":\"PropertyValueSpecification\",\"valueRequired\":true,\"valueName\":\"search_term_string\"}}],\"inLanguage\":\"es\"},{\"@type\":\"Organization\",\"@id\":\"https:\\\/\\\/www.casaldelsinfants.org\\\/es\\\/#organization\",\"name\":\"Casal dels Infants\",\"url\":\"https:\\\/\\\/www.casaldelsinfants.org\\\/es\\\/\",\"logo\":{\"@type\":\"ImageObject\",\"inLanguage\":\"es\",\"@id\":\"https:\\\/\\\/www.casaldelsinfants.org\\\/es\\\/#\\\/schema\\\/logo\\\/image\\\/\",\"url\":\"https:\\\/\\\/www.casaldelsinfants.org\\\/wp-content\\\/uploads\\\/logo-mail.png\",\"contentUrl\":\"https:\\\/\\\/www.casaldelsinfants.org\\\/wp-content\\\/uploads\\\/logo-mail.png\",\"width\":380,\"height\":158,\"caption\":\"Casal dels Infants\"},\"image\":{\"@id\":\"https:\\\/\\\/www.casaldelsinfants.org\\\/es\\\/#\\\/schema\\\/logo\\\/image\\\/\"},\"sameAs\":[\"https:\\\/\\\/www.facebook.com\\\/casalinfants\",\"https:\\\/\\\/x.com\\\/casalinfants\",\"https:\\\/\\\/www.youtube.com\\\/user\\\/CasaldelsInfants1\",\"https:\\\/\\\/www.instagram.com\\\/casalinfants\\\/\",\"https:\\\/\\\/www.linkedin.com\\\/company\\\/casaldelsinfants?trk=organization-update_share-update_actor-text\"]},{\"@type\":\"Person\",\"@id\":\"https:\\\/\\\/www.casaldelsinfants.org\\\/es\\\/#\\\/schema\\\/person\\\/97707fc8c64900cf36891127dbf9fba8\",\"name\":\"cdiAdmin\",\"sameAs\":[\"https:\\\/\\\/casaldelsinfants.org\"]}]}<\/script>\n<!-- \/ Yoast SEO plugin. -->","yoast_head_json":{"title":"Convenio de colaboraci\u00f3n entre el S\u00edndic de Greuges y el Casal dels Infants para fortalecer los derechos de los ni\u00f1os, ni\u00f1as, j\u00f3venes y familias","description":"El S\u00edndic de Greuges de Catalunya y el Casal dels infants hemos establecido un convenio de colaboraci\u00f3n para fortalecer la defensa de los derechos de los ni\u00f1os, ni\u00f1as, adolescentes, j\u00f3venes y familias. El acuerdo lo signaron la s\u00edndica, Esther Gim\u00e9nez-Salinas, y la directora general de la asociaci\u00f3n, Rosa Balaguer, el 20 de marzo.","robots":{"index":"index","follow":"follow","max-snippet":"max-snippet:-1","max-image-preview":"max-image-preview:large","max-video-preview":"max-video-preview:-1"},"canonical":"https:\/\/www.casaldelsinfants.org\/es\/actualidad\/conveniosindicdegreuges\/","og_locale":"es_ES","og_type":"article","og_title":"Convenio de colaboraci\u00f3n entre el S\u00edndic de Greuges y el Casal dels Infants para fortalecer los derechos de los ni\u00f1os, ni\u00f1as, j\u00f3venes y familias","og_description":"El S\u00edndic de Greuges de Catalunya y el Casal dels infants hemos establecido un convenio de colaboraci\u00f3n para fortalecer la defensa de los derechos de los ni\u00f1os, ni\u00f1as, adolescentes, j\u00f3venes y familias. El acuerdo lo signaron la s\u00edndica, Esther Gim\u00e9nez-Salinas, y la directora general de la asociaci\u00f3n, Rosa Balaguer, el 20 de marzo.","og_url":"https:\/\/www.casaldelsinfants.org\/es\/actualidad\/conveniosindicdegreuges\/","og_site_name":"Casal dels Infants","article_publisher":"https:\/\/www.facebook.com\/casalinfants","article_published_time":"2023-03-27T08:16:37+00:00","article_modified_time":"2023-05-23T11:12:46+00:00","og_image":[{"width":2560,"height":1567,"url":"https:\/\/www.casaldelsinfants.org\/wp-content\/uploads\/conveni_casal_infants_07-scaled-1.webp","type":"image\/jpeg"}],"author":"cdiAdmin","twitter_card":"summary_large_image","twitter_creator":"@casalinfants","twitter_site":"@casalinfants","twitter_misc":{"Escrito por":"cdiAdmin","Tiempo de lectura":"2 minutos"},"schema":{"@context":"https:\/\/schema.org","@graph":[{"@type":"Article","@id":"https:\/\/www.casaldelsinfants.org\/es\/actualidad\/conveniosindicdegreuges\/#article","isPartOf":{"@id":"https:\/\/www.casaldelsinfants.org\/es\/actualidad\/conveniosindicdegreuges\/"},"author":{"name":"cdiAdmin","@id":"https:\/\/www.casaldelsinfants.org\/es\/#\/schema\/person\/97707fc8c64900cf36891127dbf9fba8"},"headline":"El S\u00edndic de Greuges y el Casal dels Infants suman esfuerzos por los derechos de la infancia, la juventud y las familias","datePublished":"2023-03-27T08:16:37+00:00","dateModified":"2023-05-23T11:12:46+00:00","mainEntityOfPage":{"@id":"https:\/\/www.casaldelsinfants.org\/es\/actualidad\/conveniosindicdegreuges\/"},"wordCount":505,"commentCount":0,"publisher":{"@id":"https:\/\/www.casaldelsinfants.org\/es\/#organization"},"image":{"@id":"https:\/\/www.casaldelsinfants.org\/es\/actualidad\/conveniosindicdegreuges\/#primaryimage"},"thumbnailUrl":"https:\/\/www.casaldelsinfants.org\/wp-content\/uploads\/conveni_casal_infants_07-scaled-1.webp","articleSection":["Noticia"],"inLanguage":"es","potentialAction":[{"@type":"CommentAction","name":"Comment","target":["https:\/\/www.casaldelsinfants.org\/es\/actualidad\/conveniosindicdegreuges\/#respond"]}]},{"@type":"WebPage","@id":"https:\/\/www.casaldelsinfants.org\/es\/actualidad\/conveniosindicdegreuges\/","url":"https:\/\/www.casaldelsinfants.org\/es\/actualidad\/conveniosindicdegreuges\/","name":"Convenio de colaboraci\u00f3n entre el S\u00edndic de Greuges y el Casal dels Infants para fortalecer los derechos de los ni\u00f1os, ni\u00f1as, j\u00f3venes y familias","isPartOf":{"@id":"https:\/\/www.casaldelsinfants.org\/es\/#website"},"primaryImageOfPage":{"@id":"https:\/\/www.casaldelsinfants.org\/es\/actualidad\/conveniosindicdegreuges\/#primaryimage"},"image":{"@id":"https:\/\/www.casaldelsinfants.org\/es\/actualidad\/conveniosindicdegreuges\/#primaryimage"},"thumbnailUrl":"https:\/\/www.casaldelsinfants.org\/wp-content\/uploads\/conveni_casal_infants_07-scaled-1.webp","datePublished":"2023-03-27T08:16:37+00:00","dateModified":"2023-05-23T11:12:46+00:00","description":"El S\u00edndic de Greuges de Catalunya y el Casal dels infants hemos establecido un convenio de colaboraci\u00f3n para fortalecer la defensa de los derechos de los ni\u00f1os, ni\u00f1as, adolescentes, j\u00f3venes y familias. El acuerdo lo signaron la s\u00edndica, Esther Gim\u00e9nez-Salinas, y la directora general de la asociaci\u00f3n, Rosa Balaguer, el 20 de marzo.","breadcrumb":{"@id":"https:\/\/www.casaldelsinfants.org\/es\/actualidad\/conveniosindicdegreuges\/#breadcrumb"},"inLanguage":"es","potentialAction":[{"@type":"ReadAction","target":["https:\/\/www.casaldelsinfants.org\/es\/actualidad\/conveniosindicdegreuges\/"]}]},{"@type":"ImageObject","inLanguage":"es","@id":"https:\/\/www.casaldelsinfants.org\/es\/actualidad\/conveniosindicdegreuges\/#primaryimage","url":"https:\/\/www.casaldelsinfants.org\/wp-content\/uploads\/conveni_casal_infants_07-scaled-1.webp","contentUrl":"https:\/\/www.casaldelsinfants.org\/wp-content\/uploads\/conveni_casal_infants_07-scaled-1.webp","width":2560,"height":1567,"caption":"Esther Gim\u00e9nez-Salinas, i la directora general de l\u2019associaci\u00f3, Rosa Balaguer"},{"@type":"BreadcrumbList","@id":"https:\/\/www.casaldelsinfants.org\/es\/actualidad\/conveniosindicdegreuges\/#breadcrumb","itemListElement":[{"@type":"ListItem","position":1,"name":"Inici","item":"https:\/\/www.casaldelsinfants.org\/es\/"},{"@type":"ListItem","position":2,"name":"El S\u00edndic de Greuges y el Casal dels Infants suman esfuerzos por los derechos de la infancia, la juventud y las familias"}]},{"@type":"WebSite","@id":"https:\/\/www.casaldelsinfants.org\/es\/#website","url":"https:\/\/www.casaldelsinfants.org\/es\/","name":"Casal dels Infants","description":"","publisher":{"@id":"https:\/\/www.casaldelsinfants.org\/es\/#organization"},"potentialAction":[{"@type":"SearchAction","target":{"@type":"EntryPoint","urlTemplate":"https:\/\/www.casaldelsinfants.org\/es\/?s={search_term_string}"},"query-input":{"@type":"PropertyValueSpecification","valueRequired":true,"valueName":"search_term_string"}}],"inLanguage":"es"},{"@type":"Organization","@id":"https:\/\/www.casaldelsinfants.org\/es\/#organization","name":"Casal dels Infants","url":"https:\/\/www.casaldelsinfants.org\/es\/","logo":{"@type":"ImageObject","inLanguage":"es","@id":"https:\/\/www.casaldelsinfants.org\/es\/#\/schema\/logo\/image\/","url":"https:\/\/www.casaldelsinfants.org\/wp-content\/uploads\/logo-mail.png","contentUrl":"https:\/\/www.casaldelsinfants.org\/wp-content\/uploads\/logo-mail.png","width":380,"height":158,"caption":"Casal dels Infants"},"image":{"@id":"https:\/\/www.casaldelsinfants.org\/es\/#\/schema\/logo\/image\/"},"sameAs":["https:\/\/www.facebook.com\/casalinfants","https:\/\/x.com\/casalinfants","https:\/\/www.youtube.com\/user\/CasaldelsInfants1","https:\/\/www.instagram.com\/casalinfants\/","https:\/\/www.linkedin.com\/company\/casaldelsinfants?trk=organization-update_share-update_actor-text"]},{"@type":"Person","@id":"https:\/\/www.casaldelsinfants.org\/es\/#\/schema\/person\/97707fc8c64900cf36891127dbf9fba8","name":"cdiAdmin","sameAs":["https:\/\/casaldelsinfants.org"]}]}},"publishpress_future_action":{"enabled":false,"date":"2026-05-08 14:12:04","action":"change-status","newStatus":"draft","terms":[],"taxonomy":"category","extraData":[]},"publishpress_future_workflow_manual_trigger":{"enabledWorkflows":[]},"_links":{"self":[{"href":"https:\/\/www.casaldelsinfants.org\/es\/wp-json\/wp\/v2\/posts\/10406","targetHints":{"allow":["GET"]}}],"collection":[{"href":"https:\/\/www.casaldelsinfants.org\/es\/wp-json\/wp\/v2\/posts"}],"about":[{"href":"https:\/\/www.casaldelsinfants.org\/es\/wp-json\/wp\/v2\/types\/post"}],"author":[{"embeddable":true,"href":"https:\/\/www.casaldelsinfants.org\/es\/wp-json\/wp\/v2\/users\/1"}],"replies":[{"embeddable":true,"href":"https:\/\/www.casaldelsinfants.org\/es\/wp-json\/wp\/v2\/comments?post=10406"}],"version-history":[{"count":1,"href":"https:\/\/www.casaldelsinfants.org\/es\/wp-json\/wp\/v2\/posts\/10406\/revisions"}],"predecessor-version":[{"id":10407,"href":"https:\/\/www.casaldelsinfants.org\/es\/wp-json\/wp\/v2\/posts\/10406\/revisions\/10407"}],"wp:featuredmedia":[{"embeddable":true,"href":"https:\/\/www.casaldelsinfants.org\/es\/wp-json\/wp\/v2\/media\/10215"}],"wp:attachment":[{"href":"https:\/\/www.casaldelsinfants.org\/es\/wp-json\/wp\/v2\/media?parent=10406"}],"wp:term":[{"taxonomy":"category","embeddable":true,"href":"https:\/\/www.casaldelsinfants.org\/es\/wp-json\/wp\/v2\/categories?post=10406"},{"taxonomy":"post_tag","embeddable":true,"href":"https:\/\/www.casaldelsinfants.org\/es\/wp-json\/wp\/v2\/tags?post=10406"},{"taxonomy":"seus","embeddable":true,"href":"https:\/\/www.casaldelsinfants.org\/es\/wp-json\/wp\/v2\/seus?post=10406"},{"taxonomy":"eixos","embeddable":true,"href":"https:\/\/www.casaldelsinfants.org\/es\/wp-json\/wp\/v2\/eixos?post=10406"}],"curies":[{"name":"wp","href":"https:\/\/api.w.org\/{rel}","templated":true}]}}