{"id":10409,"date":"2023-03-24T12:55:48","date_gmt":"2023-03-24T10:55:48","guid":{"rendered":"https:\/\/casal.puntzero.cat\/8mbesosimaresme\/"},"modified":"2023-10-26T12:50:07","modified_gmt":"2023-10-26T10:50:07","slug":"8mbesosimaresme","status":"publish","type":"post","link":"https:\/\/www.casaldelsinfants.org\/es\/actualidad\/8mbesosimaresme\/","title":{"rendered":"El 8M autogestionado y comunitario del Centreo Socioeducativo Bes\u00f2s Maresme"},"content":{"rendered":"<p dir=\"ltr\"><span style=\"color: #000000;\">El pasado <strong>8M<\/strong>, los ni\u00f1os y ni\u00f1as del Centro Socioeducativo Bes\u00f2s Maresme, del Casal dels Infants del Bes\u00f2s i La Mina, organizaron un <strong>mural participativo en la calle para visibilizar las ni\u00f1as, chicas y mujeres del barrio<\/strong> por el D\u00eda Internacional de la Mujer, en una acci\u00f3n comunitaria que ellos y ellas mismas pensaron, gestionaron y organizaron.<\/span><\/p>\n<p dir=\"ltr\"><span style=\"color: #000000;\">Todo empez\u00f3 con una reflexi\u00f3n sobre el 8M, teniendo en mente la actividad que hab\u00edan hecho para el 25 de noviembre, D\u00eda Internacional de la Erradicaci\u00f3n de la Violencia contras las Mujeres, y con la voluntad de tener una nueva iniciativa para reivindicar el 8M. En asamblea y con\u00a0lluvia de ideas, tomaron la decisi\u00f3n que quer\u00edan hacer un mural simb\u00f3lico para que las ni\u00f1as y mujeres del barrio pudieran dejar su huella, junto con la frase \u00ab<strong>Las mujeres somos fuertes, las mujeres dejamos huella<\/strong>\u00ab. As\u00ed, durante la tarde del 8 de marzo, los vecinos y vecinas que andaban por la Rambla Prim se encontraban con un mural estirado al suelo cada vez m\u00e1s lleno de siluetas de las manos de chicas y mujeres del barrio de Bes\u00f2s y\u00a0Maresme que pararon para dejar su huella y escribir su nombre. Al final del d\u00eda, <strong>140 ni\u00f1as, chicas y mujeres<\/strong> participaron en este mural colaborativo.\u00a0<\/span><\/p>\n<p><img decoding=\"async\" class=\"align-center\" src=\"\/wp-content\/uploads\/inline-images\/Captura%20de%20Pantalla%202023-03-24%20a%20les%2013.52.23.png\" alt=\"Nens i nenes preparant la jornada del 8M.\" width=\"480\" height=\"316\" data-entity-type=\"file\" data-entity-uuid=\"30ffb1e3-721c-4113-824a-ab92ef1d58f6\" data-image-style=\"large\" \/><\/p>\n<p dir=\"ltr\"><span style=\"color: #000000;\">Los 24 ni\u00f1os y ni\u00f1as del CSE Bes\u00f2s Maresme, que tienen entre 9 y 12 a\u00f1os, prepararon y organizaron esta jornada con <strong>criterio asambleario<\/strong>. Todas las ideas y decisiones que se tomaron fueron consensuadas en el grupo, que se dividi\u00f3 en <strong>comisiones para repartirse el trabajo<\/strong>: la comisi\u00f3n del mural cooperativo se encarg\u00f3 de decidir cu\u00e1l ser\u00eda la frase del mural y reunir material para hacerlo, la comisi\u00f3n de dise\u00f1o y realizaci\u00f3n de obsequios elaboraba pulseras, llaveros y imanes que regalar\u00edan a las ni\u00f1as y mujeres que participasen, y la comisi\u00f3n del cartel hizo el esbozo y el dise\u00f1o del cartel para hacer difusi\u00f3n de la actividad por\u00a0las escuelas y el barrio.\u00a0<\/span><\/p>\n<p dir=\"ltr\"><span style=\"color: #000000;\">Una vez llegado el 8 de marzo, las tareas de los ni\u00f1os y ni\u00f1as eran captar interesadas y informarlas sobre la actividad, dar los obsequios y ayudar a reseguir las manos de las ni\u00f1as y mujeres, que se fueron intercambiando entre todos y todas. \u00abFueron ellos y ellas mismas que daban valor a aquello que cada uno pod\u00eda aportar a cada espacio. <strong>Se escuchaban y fueron construyendo en funci\u00f3n de las aportaciones de todos y todas<\/strong>\u00ab, explica Lau Rodr\u00edguez, educadora responsable de CSE Bes\u00f2s-Maresme. Tambi\u00e9n improvisaron una batucada con unos cajones para dar ritmo a la jornada.\u00a0<\/span><\/p>\n<p><img decoding=\"async\" class=\"align-center\" src=\"\/wp-content\/uploads\/inline-images\/Captura%20de%20Pantalla%202023-03-24%20a%20les%2013.52.39.png\" alt=\"Nen ajuda a resseguir la m\u00e0 d'una noia al mural participatiu del 8M.\" width=\"464\" height=\"450\" data-entity-type=\"file\" data-entity-uuid=\"256dabe9-0b44-40b2-9d93-077168b9db45\" data-image-style=\"large\" \/><\/p>\n<p dir=\"ltr\"><span style=\"color: #000000;\">Previamente a la jornada del 8M, los ni\u00f1os y ni\u00f1as fueron haciendo difusi\u00f3n del acto a la escuela Concepci\u00f3n Arenal, donde pasan las tardes los y las participantes de Bes\u00f2s Maresme. Los ni\u00f1os y ni\u00f1as que son alumnos de esta escuela fueron clase por clase a explicar a los dem\u00e1s compa\u00f1eros y compa\u00f1eras el acto estaban organizando. Tambi\u00e9n fueron a diferentes entidades y colectivos del barrio, como el Centro C\u00edvico, <strong>Pla de Barris el Bes\u00f2s i el Maresme<\/strong>, el <strong>Casal de Barri Bes\u00f2s<\/strong>, y la\u00a0<strong>Associaci\u00f3 de Dones Ambar Prim<\/strong>, para explicarles el acto, llevar el cartel y animarles a movilizarse.<\/span><\/p>\n<p><img decoding=\"async\" class=\"align-center\" src=\"\/wp-content\/uploads\/inline-images\/Captura%20de%20Pantalla%202023-03-24%20a%20les%2013.55.45_0.png\" alt=\"Cartell Passarel\u00b7la Intercultural i Feminista 2023\" width=\"135\" height=\"220\" data-entity-type=\"file\" data-entity-uuid=\"1b249f3a-30b0-4b83-956e-afb4a64ff53d\" data-image-style=\"medium\" \/><\/p>\n<p dir=\"ltr\"><span style=\"color: #000000;\">Adem\u00e1ss, el Pla de Desenvolupament Comunitari ha\u00a0invitado a todo el grupo a explicar esta actividad y su proceso, y ense\u00f1ar el resultado final del mural a la <strong>Pasarela\u00a0Intercultural y Feminista<\/strong> del barrio, del ciclo cultural aDONA&#8217;t, donde habr\u00e1 diferentes asociaciones de mujeres y tendr\u00e1 lugar el 31 de marzo a las 18h en la Sala Carlos D\u00edaz del INS Barri Bes\u00f2s. \u00abEl equipo educativo tenemos la sensaci\u00f3n que los ni\u00f1os y ni\u00f1as est\u00e1n abriendo los ojos y aprendiendo que pueden organizar cosas que tienen impacto, y<strong> que a\u00fan que sean ni\u00f1os pueden impactar y ser reivindicativos<\/strong>\u00ab, valora Lau.\u00a0<\/span><\/p>\n<blockquote><p><strong>Haz posible que continuemos acompa\u00f1ando y apoyando a ni\u00f1os, ni\u00f1as, j\u00f3venes y familias en situaci\u00f3n de vulnerabilidad.\u00a0<\/strong><\/p>\n<p>Haz\u00a0<strong>voluntariado<\/strong>. Inf\u00f3rmate\u00a0<a href=\"https:\/\/www.casaldelsinfants.org\/que-pots-fer-tu\/voluntariat\/\" target=\"_blank\" rel=\"noopener\"><u>aqu\u00ed<\/u><\/a>.<\/p>\n<p>Haz un\u00a0<strong>donativo<\/strong>\u00a0<a href=\"https:\/\/www.casaldelsinfants.org\/dona-ara\/\" target=\"_blank\" rel=\"noopener\"><u>aqu\u00ed<\/u><\/a>.<\/p><\/blockquote>\n","protected":false},"excerpt":{"rendered":"<p>El pasado 8M, los ni\u00f1os y ni\u00f1as del Centro Socioeducativo Bes\u00f2s Maresme, del Casal dels Infants del Bes\u00f2s i La Mina, organizaron un mural participativo en la calle para visibilizar las ni\u00f1as, chicas y mujeres del barrio por el D\u00eda Internacional de la Mujer, en una acci\u00f3n comunitaria que ellos y ellas mismas pensaron, gestionaron [&hellip;]<\/p>\n","protected":false},"author":1,"featured_media":10220,"comment_status":"open","ping_status":"open","sticky":false,"template":"","format":"standard","meta":{"_acf_changed":false,"_et_pb_use_builder":"","_et_pb_old_content":"","_et_gb_content_width":"","inline_featured_image":false,"footnotes":""},"categories":[125],"tags":[],"seus":[156],"eixos":[110],"class_list":["post-10409","post","type-post","status-publish","format-standard","has-post-thumbnail","hentry","category-noticias","seus-besos-la-mina","eixos-comunidad-casal-dels-infants"],"acf":[],"yoast_head":"<!-- This site is optimized with the Yoast SEO plugin v27.4 - https:\/\/yoast.com\/product\/yoast-seo-wordpress\/ -->\n<title>8M Bes\u00f2s Maresme<\/title>\n<meta name=\"robots\" content=\"index, follow, max-snippet:-1, max-image-preview:large, max-video-preview:-1\" \/>\n<link rel=\"canonical\" href=\"https:\/\/www.casaldelsinfants.org\/es\/actualidad\/8mbesosimaresme\/\" \/>\n<meta property=\"og:locale\" content=\"es_ES\" \/>\n<meta property=\"og:type\" content=\"article\" \/>\n<meta property=\"og:title\" content=\"8M Bes\u00f2s Maresme\" \/>\n<meta property=\"og:description\" content=\"El pasado 8M, los ni\u00f1os y ni\u00f1as del Centro Socioeducativo Bes\u00f2s Maresme, del Casal dels Infants del Bes\u00f2s i La Mina, organizaron un mural participativo en la calle para visibilizar las ni\u00f1as, chicas y mujeres del barrio por el D\u00eda Internacional de la Mujer, en una acci\u00f3n comunitaria que ellos y ellas mismas pensaron, gestionaron [&hellip;]\" \/>\n<meta property=\"og:url\" content=\"https:\/\/www.casaldelsinfants.org\/es\/actualidad\/8mbesosimaresme\/\" \/>\n<meta property=\"og:site_name\" content=\"Casal dels Infants\" \/>\n<meta property=\"article:publisher\" content=\"https:\/\/www.facebook.com\/casalinfants\" \/>\n<meta property=\"article:published_time\" content=\"2023-03-24T10:55:48+00:00\" \/>\n<meta property=\"article:modified_time\" content=\"2023-10-26T10:50:07+00:00\" \/>\n<meta property=\"og:image\" content=\"https:\/\/www.casaldelsinfants.org\/wp-content\/uploads\/captura_de_pantalla_2023-03-24_a_les_13.52.05-1.webp\" \/>\n\t<meta property=\"og:image:width\" content=\"816\" \/>\n\t<meta property=\"og:image:height\" content=\"556\" \/>\n\t<meta property=\"og:image:type\" content=\"image\/png\" \/>\n<meta name=\"author\" content=\"cdiAdmin\" \/>\n<meta name=\"twitter:card\" content=\"summary_large_image\" \/>\n<meta name=\"twitter:creator\" content=\"@casalinfants\" \/>\n<meta name=\"twitter:site\" content=\"@casalinfants\" \/>\n<meta name=\"twitter:label1\" content=\"Escrito por\" \/>\n\t<meta name=\"twitter:data1\" content=\"cdiAdmin\" \/>\n\t<meta name=\"twitter:label2\" content=\"Tiempo de lectura\" \/>\n\t<meta name=\"twitter:data2\" content=\"4 minutos\" \/>\n<script type=\"application\/ld+json\" class=\"yoast-schema-graph\">{\"@context\":\"https:\\\/\\\/schema.org\",\"@graph\":[{\"@type\":\"Article\",\"@id\":\"https:\\\/\\\/www.casaldelsinfants.org\\\/es\\\/actualidad\\\/8mbesosimaresme\\\/#article\",\"isPartOf\":{\"@id\":\"https:\\\/\\\/www.casaldelsinfants.org\\\/es\\\/actualidad\\\/8mbesosimaresme\\\/\"},\"author\":{\"name\":\"cdiAdmin\",\"@id\":\"https:\\\/\\\/www.casaldelsinfants.org\\\/es\\\/#\\\/schema\\\/person\\\/97707fc8c64900cf36891127dbf9fba8\"},\"headline\":\"El 8M autogestionado y comunitario del Centreo Socioeducativo Bes\u00f2s Maresme\",\"datePublished\":\"2023-03-24T10:55:48+00:00\",\"dateModified\":\"2023-10-26T10:50:07+00:00\",\"mainEntityOfPage\":{\"@id\":\"https:\\\/\\\/www.casaldelsinfants.org\\\/es\\\/actualidad\\\/8mbesosimaresme\\\/\"},\"wordCount\":723,\"commentCount\":0,\"publisher\":{\"@id\":\"https:\\\/\\\/www.casaldelsinfants.org\\\/es\\\/#organization\"},\"image\":{\"@id\":\"https:\\\/\\\/www.casaldelsinfants.org\\\/es\\\/actualidad\\\/8mbesosimaresme\\\/#primaryimage\"},\"thumbnailUrl\":\"https:\\\/\\\/www.casaldelsinfants.org\\\/wp-content\\\/uploads\\\/captura_de_pantalla_2023-03-24_a_les_13.52.05-1.webp\",\"articleSection\":[\"Noticia\"],\"inLanguage\":\"es\",\"potentialAction\":[{\"@type\":\"CommentAction\",\"name\":\"Comment\",\"target\":[\"https:\\\/\\\/www.casaldelsinfants.org\\\/es\\\/actualidad\\\/8mbesosimaresme\\\/#respond\"]}]},{\"@type\":\"WebPage\",\"@id\":\"https:\\\/\\\/www.casaldelsinfants.org\\\/es\\\/actualidad\\\/8mbesosimaresme\\\/\",\"url\":\"https:\\\/\\\/www.casaldelsinfants.org\\\/es\\\/actualidad\\\/8mbesosimaresme\\\/\",\"name\":\"8M Bes\u00f2s Maresme\",\"isPartOf\":{\"@id\":\"https:\\\/\\\/www.casaldelsinfants.org\\\/es\\\/#website\"},\"primaryImageOfPage\":{\"@id\":\"https:\\\/\\\/www.casaldelsinfants.org\\\/es\\\/actualidad\\\/8mbesosimaresme\\\/#primaryimage\"},\"image\":{\"@id\":\"https:\\\/\\\/www.casaldelsinfants.org\\\/es\\\/actualidad\\\/8mbesosimaresme\\\/#primaryimage\"},\"thumbnailUrl\":\"https:\\\/\\\/www.casaldelsinfants.org\\\/wp-content\\\/uploads\\\/captura_de_pantalla_2023-03-24_a_les_13.52.05-1.webp\",\"datePublished\":\"2023-03-24T10:55:48+00:00\",\"dateModified\":\"2023-10-26T10:50:07+00:00\",\"breadcrumb\":{\"@id\":\"https:\\\/\\\/www.casaldelsinfants.org\\\/es\\\/actualidad\\\/8mbesosimaresme\\\/#breadcrumb\"},\"inLanguage\":\"es\",\"potentialAction\":[{\"@type\":\"ReadAction\",\"target\":[\"https:\\\/\\\/www.casaldelsinfants.org\\\/es\\\/actualidad\\\/8mbesosimaresme\\\/\"]}]},{\"@type\":\"ImageObject\",\"inLanguage\":\"es\",\"@id\":\"https:\\\/\\\/www.casaldelsinfants.org\\\/es\\\/actualidad\\\/8mbesosimaresme\\\/#primaryimage\",\"url\":\"https:\\\/\\\/www.casaldelsinfants.org\\\/wp-content\\\/uploads\\\/captura_de_pantalla_2023-03-24_a_les_13.52.05-1.webp\",\"contentUrl\":\"https:\\\/\\\/www.casaldelsinfants.org\\\/wp-content\\\/uploads\\\/captura_de_pantalla_2023-03-24_a_les_13.52.05-1.webp\",\"width\":816,\"height\":556,\"caption\":\"Pancartes amb els nens i nenes pel 8m del Centre Socioeducatiu Bes\u00f2s maresme\"},{\"@type\":\"BreadcrumbList\",\"@id\":\"https:\\\/\\\/www.casaldelsinfants.org\\\/es\\\/actualidad\\\/8mbesosimaresme\\\/#breadcrumb\",\"itemListElement\":[{\"@type\":\"ListItem\",\"position\":1,\"name\":\"Inici\",\"item\":\"https:\\\/\\\/www.casaldelsinfants.org\\\/es\\\/\"},{\"@type\":\"ListItem\",\"position\":2,\"name\":\"El 8M autogestionado y comunitario del Centreo Socioeducativo Bes\u00f2s Maresme\"}]},{\"@type\":\"WebSite\",\"@id\":\"https:\\\/\\\/www.casaldelsinfants.org\\\/es\\\/#website\",\"url\":\"https:\\\/\\\/www.casaldelsinfants.org\\\/es\\\/\",\"name\":\"Casal dels Infants\",\"description\":\"\",\"publisher\":{\"@id\":\"https:\\\/\\\/www.casaldelsinfants.org\\\/es\\\/#organization\"},\"potentialAction\":[{\"@type\":\"SearchAction\",\"target\":{\"@type\":\"EntryPoint\",\"urlTemplate\":\"https:\\\/\\\/www.casaldelsinfants.org\\\/es\\\/?s={search_term_string}\"},\"query-input\":{\"@type\":\"PropertyValueSpecification\",\"valueRequired\":true,\"valueName\":\"search_term_string\"}}],\"inLanguage\":\"es\"},{\"@type\":\"Organization\",\"@id\":\"https:\\\/\\\/www.casaldelsinfants.org\\\/es\\\/#organization\",\"name\":\"Casal dels Infants\",\"url\":\"https:\\\/\\\/www.casaldelsinfants.org\\\/es\\\/\",\"logo\":{\"@type\":\"ImageObject\",\"inLanguage\":\"es\",\"@id\":\"https:\\\/\\\/www.casaldelsinfants.org\\\/es\\\/#\\\/schema\\\/logo\\\/image\\\/\",\"url\":\"https:\\\/\\\/www.casaldelsinfants.org\\\/wp-content\\\/uploads\\\/logo-mail.png\",\"contentUrl\":\"https:\\\/\\\/www.casaldelsinfants.org\\\/wp-content\\\/uploads\\\/logo-mail.png\",\"width\":380,\"height\":158,\"caption\":\"Casal dels Infants\"},\"image\":{\"@id\":\"https:\\\/\\\/www.casaldelsinfants.org\\\/es\\\/#\\\/schema\\\/logo\\\/image\\\/\"},\"sameAs\":[\"https:\\\/\\\/www.facebook.com\\\/casalinfants\",\"https:\\\/\\\/x.com\\\/casalinfants\",\"https:\\\/\\\/www.youtube.com\\\/user\\\/CasaldelsInfants1\",\"https:\\\/\\\/www.instagram.com\\\/casalinfants\\\/\",\"https:\\\/\\\/www.linkedin.com\\\/company\\\/casaldelsinfants?trk=organization-update_share-update_actor-text\"]},{\"@type\":\"Person\",\"@id\":\"https:\\\/\\\/www.casaldelsinfants.org\\\/es\\\/#\\\/schema\\\/person\\\/97707fc8c64900cf36891127dbf9fba8\",\"name\":\"cdiAdmin\",\"sameAs\":[\"https:\\\/\\\/casaldelsinfants.org\"]}]}<\/script>\n<!-- \/ Yoast SEO plugin. -->","yoast_head_json":{"title":"8M Bes\u00f2s Maresme","robots":{"index":"index","follow":"follow","max-snippet":"max-snippet:-1","max-image-preview":"max-image-preview:large","max-video-preview":"max-video-preview:-1"},"canonical":"https:\/\/www.casaldelsinfants.org\/es\/actualidad\/8mbesosimaresme\/","og_locale":"es_ES","og_type":"article","og_title":"8M Bes\u00f2s Maresme","og_description":"El pasado 8M, los ni\u00f1os y ni\u00f1as del Centro Socioeducativo Bes\u00f2s Maresme, del Casal dels Infants del Bes\u00f2s i La Mina, organizaron un mural participativo en la calle para visibilizar las ni\u00f1as, chicas y mujeres del barrio por el D\u00eda Internacional de la Mujer, en una acci\u00f3n comunitaria que ellos y ellas mismas pensaron, gestionaron [&hellip;]","og_url":"https:\/\/www.casaldelsinfants.org\/es\/actualidad\/8mbesosimaresme\/","og_site_name":"Casal dels Infants","article_publisher":"https:\/\/www.facebook.com\/casalinfants","article_published_time":"2023-03-24T10:55:48+00:00","article_modified_time":"2023-10-26T10:50:07+00:00","og_image":[{"width":816,"height":556,"url":"https:\/\/www.casaldelsinfants.org\/wp-content\/uploads\/captura_de_pantalla_2023-03-24_a_les_13.52.05-1.webp","type":"image\/png"}],"author":"cdiAdmin","twitter_card":"summary_large_image","twitter_creator":"@casalinfants","twitter_site":"@casalinfants","twitter_misc":{"Escrito por":"cdiAdmin","Tiempo de lectura":"4 minutos"},"schema":{"@context":"https:\/\/schema.org","@graph":[{"@type":"Article","@id":"https:\/\/www.casaldelsinfants.org\/es\/actualidad\/8mbesosimaresme\/#article","isPartOf":{"@id":"https:\/\/www.casaldelsinfants.org\/es\/actualidad\/8mbesosimaresme\/"},"author":{"name":"cdiAdmin","@id":"https:\/\/www.casaldelsinfants.org\/es\/#\/schema\/person\/97707fc8c64900cf36891127dbf9fba8"},"headline":"El 8M autogestionado y comunitario del Centreo Socioeducativo Bes\u00f2s Maresme","datePublished":"2023-03-24T10:55:48+00:00","dateModified":"2023-10-26T10:50:07+00:00","mainEntityOfPage":{"@id":"https:\/\/www.casaldelsinfants.org\/es\/actualidad\/8mbesosimaresme\/"},"wordCount":723,"commentCount":0,"publisher":{"@id":"https:\/\/www.casaldelsinfants.org\/es\/#organization"},"image":{"@id":"https:\/\/www.casaldelsinfants.org\/es\/actualidad\/8mbesosimaresme\/#primaryimage"},"thumbnailUrl":"https:\/\/www.casaldelsinfants.org\/wp-content\/uploads\/captura_de_pantalla_2023-03-24_a_les_13.52.05-1.webp","articleSection":["Noticia"],"inLanguage":"es","potentialAction":[{"@type":"CommentAction","name":"Comment","target":["https:\/\/www.casaldelsinfants.org\/es\/actualidad\/8mbesosimaresme\/#respond"]}]},{"@type":"WebPage","@id":"https:\/\/www.casaldelsinfants.org\/es\/actualidad\/8mbesosimaresme\/","url":"https:\/\/www.casaldelsinfants.org\/es\/actualidad\/8mbesosimaresme\/","name":"8M Bes\u00f2s Maresme","isPartOf":{"@id":"https:\/\/www.casaldelsinfants.org\/es\/#website"},"primaryImageOfPage":{"@id":"https:\/\/www.casaldelsinfants.org\/es\/actualidad\/8mbesosimaresme\/#primaryimage"},"image":{"@id":"https:\/\/www.casaldelsinfants.org\/es\/actualidad\/8mbesosimaresme\/#primaryimage"},"thumbnailUrl":"https:\/\/www.casaldelsinfants.org\/wp-content\/uploads\/captura_de_pantalla_2023-03-24_a_les_13.52.05-1.webp","datePublished":"2023-03-24T10:55:48+00:00","dateModified":"2023-10-26T10:50:07+00:00","breadcrumb":{"@id":"https:\/\/www.casaldelsinfants.org\/es\/actualidad\/8mbesosimaresme\/#breadcrumb"},"inLanguage":"es","potentialAction":[{"@type":"ReadAction","target":["https:\/\/www.casaldelsinfants.org\/es\/actualidad\/8mbesosimaresme\/"]}]},{"@type":"ImageObject","inLanguage":"es","@id":"https:\/\/www.casaldelsinfants.org\/es\/actualidad\/8mbesosimaresme\/#primaryimage","url":"https:\/\/www.casaldelsinfants.org\/wp-content\/uploads\/captura_de_pantalla_2023-03-24_a_les_13.52.05-1.webp","contentUrl":"https:\/\/www.casaldelsinfants.org\/wp-content\/uploads\/captura_de_pantalla_2023-03-24_a_les_13.52.05-1.webp","width":816,"height":556,"caption":"Pancartes amb els nens i nenes pel 8m del Centre Socioeducatiu Bes\u00f2s maresme"},{"@type":"BreadcrumbList","@id":"https:\/\/www.casaldelsinfants.org\/es\/actualidad\/8mbesosimaresme\/#breadcrumb","itemListElement":[{"@type":"ListItem","position":1,"name":"Inici","item":"https:\/\/www.casaldelsinfants.org\/es\/"},{"@type":"ListItem","position":2,"name":"El 8M autogestionado y comunitario del Centreo Socioeducativo Bes\u00f2s Maresme"}]},{"@type":"WebSite","@id":"https:\/\/www.casaldelsinfants.org\/es\/#website","url":"https:\/\/www.casaldelsinfants.org\/es\/","name":"Casal dels Infants","description":"","publisher":{"@id":"https:\/\/www.casaldelsinfants.org\/es\/#organization"},"potentialAction":[{"@type":"SearchAction","target":{"@type":"EntryPoint","urlTemplate":"https:\/\/www.casaldelsinfants.org\/es\/?s={search_term_string}"},"query-input":{"@type":"PropertyValueSpecification","valueRequired":true,"valueName":"search_term_string"}}],"inLanguage":"es"},{"@type":"Organization","@id":"https:\/\/www.casaldelsinfants.org\/es\/#organization","name":"Casal dels Infants","url":"https:\/\/www.casaldelsinfants.org\/es\/","logo":{"@type":"ImageObject","inLanguage":"es","@id":"https:\/\/www.casaldelsinfants.org\/es\/#\/schema\/logo\/image\/","url":"https:\/\/www.casaldelsinfants.org\/wp-content\/uploads\/logo-mail.png","contentUrl":"https:\/\/www.casaldelsinfants.org\/wp-content\/uploads\/logo-mail.png","width":380,"height":158,"caption":"Casal dels Infants"},"image":{"@id":"https:\/\/www.casaldelsinfants.org\/es\/#\/schema\/logo\/image\/"},"sameAs":["https:\/\/www.facebook.com\/casalinfants","https:\/\/x.com\/casalinfants","https:\/\/www.youtube.com\/user\/CasaldelsInfants1","https:\/\/www.instagram.com\/casalinfants\/","https:\/\/www.linkedin.com\/company\/casaldelsinfants?trk=organization-update_share-update_actor-text"]},{"@type":"Person","@id":"https:\/\/www.casaldelsinfants.org\/es\/#\/schema\/person\/97707fc8c64900cf36891127dbf9fba8","name":"cdiAdmin","sameAs":["https:\/\/casaldelsinfants.org"]}]}},"publishpress_future_action":{"enabled":false,"date":"2026-05-09 02:57:32","action":"change-status","newStatus":"draft","terms":[],"taxonomy":"category","extraData":[]},"publishpress_future_workflow_manual_trigger":{"enabledWorkflows":[]},"_links":{"self":[{"href":"https:\/\/www.casaldelsinfants.org\/es\/wp-json\/wp\/v2\/posts\/10409","targetHints":{"allow":["GET"]}}],"collection":[{"href":"https:\/\/www.casaldelsinfants.org\/es\/wp-json\/wp\/v2\/posts"}],"about":[{"href":"https:\/\/www.casaldelsinfants.org\/es\/wp-json\/wp\/v2\/types\/post"}],"author":[{"embeddable":true,"href":"https:\/\/www.casaldelsinfants.org\/es\/wp-json\/wp\/v2\/users\/1"}],"replies":[{"embeddable":true,"href":"https:\/\/www.casaldelsinfants.org\/es\/wp-json\/wp\/v2\/comments?post=10409"}],"version-history":[{"count":2,"href":"https:\/\/www.casaldelsinfants.org\/es\/wp-json\/wp\/v2\/posts\/10409\/revisions"}],"predecessor-version":[{"id":14958,"href":"https:\/\/www.casaldelsinfants.org\/es\/wp-json\/wp\/v2\/posts\/10409\/revisions\/14958"}],"wp:featuredmedia":[{"embeddable":true,"href":"https:\/\/www.casaldelsinfants.org\/es\/wp-json\/wp\/v2\/media\/10220"}],"wp:attachment":[{"href":"https:\/\/www.casaldelsinfants.org\/es\/wp-json\/wp\/v2\/media?parent=10409"}],"wp:term":[{"taxonomy":"category","embeddable":true,"href":"https:\/\/www.casaldelsinfants.org\/es\/wp-json\/wp\/v2\/categories?post=10409"},{"taxonomy":"post_tag","embeddable":true,"href":"https:\/\/www.casaldelsinfants.org\/es\/wp-json\/wp\/v2\/tags?post=10409"},{"taxonomy":"seus","embeddable":true,"href":"https:\/\/www.casaldelsinfants.org\/es\/wp-json\/wp\/v2\/seus?post=10409"},{"taxonomy":"eixos","embeddable":true,"href":"https:\/\/www.casaldelsinfants.org\/es\/wp-json\/wp\/v2\/eixos?post=10409"}],"curies":[{"name":"wp","href":"https:\/\/api.w.org\/{rel}","templated":true}]}}