{"id":10415,"date":"2023-02-28T12:20:06","date_gmt":"2023-02-28T10:20:06","guid":{"rendered":"https:\/\/casal.puntzero.cat\/prestacionesnacimiento\/"},"modified":"2023-05-23T13:13:48","modified_gmt":"2023-05-23T11:13:48","slug":"prestacionesnacimiento","status":"publish","type":"post","link":"https:\/\/www.casaldelsinfants.org\/es\/actualidad\/prestacionesnacimiento\/","title":{"rendered":"Dar a luz a oscuras: las trabas en las prestaciones por nacimiento"},"content":{"rendered":"<p>\u00a0<\/p>\n<p><meta charset=\"utf-8\" \/><\/p>\n<p dir=\"ltr\"><span style=\"color:#000000;\"><meta charset=\"utf-8\" \/>Lo constatamos en nuestro d\u00eda a d\u00eda, y con los datos oficiales en mano: muchas familias en situaci\u00f3n de vulnerabilidad desconocen las prestaciones por nacimiento para n\u00facleos familiares por debajo de un umbral de ingresos determinado, tanto la que ofrece la Generalitat como la de la Seguridad Social. Muchas de las que s\u00ed que consiguen informarse al respecto tampoco acaban benefici\u00e1ndose de las prestaciones. Ambas prestaciones sociales siguen la tendencia de otras trata de una una clara tendencia en las ayudas p\u00fablicas a familias en situaci\u00f3n de vulnerabilidad con ni\u00f1os y ni\u00f1as a cargo: son r<strong>estrictivas en los requisitos, excluyentes en la informaci\u00f3n y la tramitaci\u00f3n e insuficientes en la reducci\u00f3n de la pobreza<\/strong>. <\/span><\/p>\n<p dir=\"ltr\">\u00a0<\/p>\n<h2 dir=\"ltr\"><strong>\u00bfQu\u00e9 es la prestaci\u00f3n por nacimiento, tutela, adopci\u00f3n o acogida de la Generalitat?<\/strong><\/h2>\n<p dir=\"ltr\"><span style=\"color:#000000;\">Se trata de una prestaci\u00f3n dirigida a familias que acaban de tener un hijo o hija, o bien acaban de tirar adelante un proceso de adopci\u00f3n, tutela o acogida de un ni\u00f1o o ni\u00f1a, y que no superen un l\u00edmite de ingresos establecido. Consiste en un \u00fanico cobro de 650 euros, que en el caso de las familias con t\u00edtulo de monoparental o numerosas asciende a los 750 euros.\u00a0<\/span><\/p>\n<h3 dir=\"ltr\"><span style=\"font-size:20px;\">\u00bfQu\u00e9 trabas excluyentes hay en los requisitos y la tramitaci\u00f3n de esta prestaci\u00f3n de la Generalitat?\u00a0<\/span><\/h3>\n<ul>\n<li aria-level=\"1\" dir=\"ltr\">\n<p dir=\"ltr\" role=\"presentation\"><span style=\"color:#000000;\"><strong>Excluye muchas familias migradas<\/strong>: Solo pueden acceder las familias en que los progenitores residan legalmente en Espanya, y uno de ellos lo tiene que haber hecho durante un m\u00ednimo de cinco a\u00f1os, dos de los cuales tienen que ser inmediatamente anteriores a la data de presentaci\u00f3n de la solicitud. Este requisito es superior al de otras prestaciones, como el caso de la Renda Garantida de Ciudadan\u00eda, donde solo se requiere haber estado empadronado en Catalunya los dos \u00faltimos a\u00f1os.\u00a0<\/span><\/p>\n<\/li>\n<li aria-level=\"1\" dir=\"ltr\">\n<p dir=\"ltr\" role=\"presentation\"><span style=\"color:#000000;\"><strong>Poco tiempo para tramitarla<\/strong>: El plazo para presentarla es de solo un mes desde que nace el ni\u00f1o o ni\u00f1a, en un momento en que las familias tienen que destinar tiempo y esfuerzos a un momento de cambio vital y de cargas en los cuidados, as\u00ed como otros tr\u00e1mites como la inscripci\u00f3n al registro civil del ni\u00f1o o ni\u00f1a. <\/span><\/p>\n<\/li>\n<li aria-level=\"1\" dir=\"ltr\">\n<p dir=\"ltr\" role=\"presentation\"><span style=\"color:#000000;\"><strong>Poca informaci\u00f3n y poco accesible<\/strong>: La informaci\u00f3n sobre la prestaci\u00f3n es claramente insuficiente y muchas familias no la conocen, tal como ha recogido el S\u00edndic de Greuges en su \u00faltimo informe anual sobre los Derechos del Ni\u00f1o y como hemos podido constatar con las familias que acompa\u00f1amos. Se requiere cita previa para tramitarla presencialmente, otra traba para muchas familias en situaci\u00f3n de vulnerabilidad afectadas por la brecha digital, ya que a menudo no cuentan con dispositivos ni competencias digitales suficientes para el tr\u00e1mite.\u00a0<\/span><\/p>\n<\/li>\n<\/ul>\n<p dir=\"ltr\" role=\"presentation\">\u00a0<\/p>\n<h3 dir=\"ltr\"><span style=\"font-size:20px;\">\u00bfPor qu\u00e9 tiene un impacto insuficiente la prestaci\u00f3n por nacimiento, tutela, adopci\u00f3n y acogida de la Generalitat?\u00a0<\/span><\/h3>\n<ul>\n<li aria-level=\"1\" dir=\"ltr\">\n<p dir=\"ltr\" role=\"presentation\"><span style=\"color:#000000;\">En Catalunya <strong>una de cuatro familias con hijos a cargo est\u00e1 en riesgo de pobreza o exclusi\u00f3n social,\u00a0<\/strong>mientras que <strong>solo se otorga la prestaci\u00f3n por nacimiento a las familias del 8% de los neonatos<\/strong><sup>1<\/sup>. <\/span><\/p>\n<\/li>\n<li aria-level=\"1\" dir=\"ltr\">\n<p dir=\"ltr\" role=\"presentation\"><span style=\"color:#000000;\">Consiste\u00a0en <strong>un \u00fanico pago<\/strong>, cuando la prestaci\u00f3n por ni\u00f1o a cargo de la Generalitat (eliminada el 2011) la recib\u00edan anualmente las familias con ni\u00f1os de 0 a 3 a\u00f1os, y de 0 a 6 en las monoparentales y numerosas.\u00a0<\/span><\/p>\n<\/li>\n<li aria-level=\"1\" dir=\"ltr\">\n<p dir=\"ltr\" role=\"presentation\"><span style=\"color:#000000;\"><strong>La cuant\u00eda de la prestaci\u00f3n no ha variado en los \u00faltimos 10 a\u00f1os: <\/strong>El importe se ha mantenido invariable, cuando nos encontramos en un contexto de incremento de la inflaci\u00f3n (el 2022 la variaci\u00f3n interanual del IPC lleg\u00f3 a superar el 10%, y acumulamos un 25% de incremento interanual desde el 2010).\u00a0<\/span><\/p>\n<\/li>\n<\/ul>\n<p dir=\"ltr\" role=\"presentation\">\u00a0<\/p>\n<h2 dir=\"ltr\">\u00bfQu\u00e9 es la prestaci\u00f3n de la Seguridad Social por nacimiento o adopci\u00f3n en familias monoparentales, numerosas o que alguno de los progenitores tiene una discapacidad?\u00a0<\/h2>\n<p dir=\"ltr\"><span style=\"color:#000000;\">De otro lado, la <strong>Seguridad Social<\/strong> ofrece otra <strong>prestaci\u00f3n por nacimiento, espec\u00edficamente para familias numerosas, monoparentales y en los casos de madres o padres con discapacidad<\/strong>, que es compatible con la prestaci\u00f3n por nacimiento de la Generalitat. Tambi\u00e9n hace falta contar con unos ingresos inferiores con un tope establecido. Consiste en un \u00fanico cobro de 1.000 euros.\u00a0<\/span><\/p>\n<p dir=\"ltr\">\u00a0<\/p>\n<h3 dir=\"ltr\"><span style=\"font-size:20px;\">\u00bfQu\u00e9 trabas excluyentes hay en los requisitos y la tramitaci\u00f3n de esta prestaci\u00f3n de la Seguridad Social?\u00a0<\/span><\/h3>\n<ul>\n<li aria-level=\"1\" dir=\"ltr\">\n<p dir=\"ltr\" role=\"presentation\"><span style=\"color:#000000;\"><strong>M\u00e1s tiempo para tramitarla y menos a\u00f1os de residencia exigidos:<\/strong>\u00a0El plazo de pedirla es de cinco a\u00f1os. Hace falta tener permiso de residencia legal espec\u00edfico. En estos dos aspectos, los requisitos son m\u00e1s inclusivos que en la prestaci\u00f3n por nacimiento de la Generalitat.\u00a0<\/span><\/p>\n<\/li>\n<li aria-level=\"1\" dir=\"ltr\">\n<p dir=\"ltr\" role=\"presentation\"><span style=\"color:#000000;\"><strong>Poca informaci\u00f3n y poco accesible:<\/strong> De nuevo, la falta de informaci\u00f3n es generalizada, y la tramitaci\u00f3n se puede hacer de forma presencial pero tambi\u00e9n hace falta cita previa. Los tel\u00e9fonos de informaci\u00f3n de la Seguridad Social para recibir informaci\u00f3n sobre prestaciones se encuentran permanentemente colapsados.\u00a0<\/span><\/p>\n<\/li>\n<\/ul>\n<p dir=\"ltr\" role=\"presentation\">\u00a0<\/p>\n<h3 dir=\"ltr\"><span style=\"font-size:20px;\">\u00bfQu\u00e9 impacto tiene la prestaci\u00f3n de la\u00a0Seguridad Social por nacimiento o adopci\u00f3n en familias monoparentales, numerosas o en que alguno de los progenitores tiene una discapacidad?\u00a0<\/span><\/h3>\n<ul>\n<li aria-level=\"1\" dir=\"ltr\">\n<p dir=\"ltr\" role=\"presentation\"><span style=\"color:#000000;\">En Catalunya, <strong>solo m\u00e1s de 2.850 neonatos\u00a0(el 5%) se benefici\u00f3 de esta prestaci\u00f3n<\/strong>\u00a0el a\u00f1o\u00a02021 (no hay datos espec\u00edficos de qu\u00e9 proporci\u00f3n de ni\u00f1os y ni\u00f1as de familias monoparentales, numerosas o en que uno de los progenitores tiene discapacidad se beneficiaron).<\/span><\/p>\n<\/li>\n<li aria-level=\"1\" dir=\"ltr\">\n<p dir=\"ltr\" role=\"presentation\"><span style=\"color:#000000;\"><strong>La cuant\u00eda de la prestaci\u00f3n no ha variado desde el 2007<\/strong>: Se ha mantenido invariable, a pesar de la inflaci\u00f3n acumulada ya mencionada.<\/span><\/p>\n<\/li>\n<\/ul>\n<p>\u00a0<\/p>\n<h2 dir=\"ltr\">\u00bfQu\u00e9 nos encontramos en el Casal dels Infants?<\/h2>\n<p dir=\"ltr\"><span style=\"color:#000000;\">Nuestro servicio maternoinfantil Vincles acompa\u00f1a ni\u00f1os y ni\u00f1as menores de 0 a 3 a\u00f1os y sus madres en situaci\u00f3n de vulnerabilidad en el barrio del Raval de Barcelona, en Llefi\u00e0 (Badalona), en Santa Rosa y el Raval (Santa Coloma de Gramenet) y en el municipio de Salt. El objetivo del servicio es, por un lado, que las madres cuenten con un espacio de apoyo mutuo y ganen competencias, tanto por su proyecci\u00f3n personal como en la crianza. A los ni\u00f1os y ni\u00f1as pretendemos garantizarlos un espacio de juego, experimentaci\u00f3n y aprendizaje, donde consoliden los h\u00e1bitos y rutinas que deber\u00e1n seguir cuando empiecen la escuela.\u00a0<\/span><\/p>\n<p dir=\"ltr\"><font color=\"#000000\">De las 155 mujeres que actualmente participan en el servicio, solo 17 han pedido la prestaci\u00f3n por nacimiento de la Generalitat (un 11%) y solo siete la han recibido (menos de un 5%). En cuanto a la prestaci\u00f3n por nacimiento en casos de familias monoparentales, numerosas o en que alguno de los progenitores tiene una discapacidad, la han pedido 10 familias de las 47 que cumpl\u00edan estos requisitos (un 21%), y todas ellas la han recibido.\u00a0<\/font><\/p>\n<p dir=\"ltr\">\u00a0<\/p>\n<h2 dir=\"ltr\">\u00bfQu\u00e9 reclamamos?<\/h2>\n<p dir=\"ltr\"><em><strong><span style=\"color:#000000;\">En el caso de la prestaci\u00f3n por nacimiento de ni\u00f1o de\u00a0la Generalitat:\u00a0<\/span><\/strong><\/em><\/p>\n<ul>\n<li aria-level=\"1\" dir=\"ltr\">\n<p dir=\"ltr\" role=\"presentation\"><span style=\"color:#000000;\">Eliminar el requisito que todos dos progenitores hayan de contar con el permiso de residencia y que unos de los dos haya residido cinco a\u00f1os legalmente en el Estado.<\/span><\/p>\n<\/li>\n<li aria-level=\"1\" dir=\"ltr\">\n<p dir=\"ltr\" role=\"presentation\"><span style=\"color:#000000;\">Incrementar el per\u00edodo de solicitud.<\/span><\/p>\n<\/li>\n<\/ul>\n<p dir=\"ltr\"><em><strong><span style=\"color:#000000;\">Tanto en la prestaci\u00f3n por nacimiento de la Generalitat como en la de la Seguridad Social:<\/span><\/strong><\/em><\/p>\n<ul>\n<li aria-level=\"1\" dir=\"ltr\">\n<p dir=\"ltr\" role=\"presentation\"><span style=\"color:#000000;\">Garantizar que el sistema de salud de Catalunya informe a los progenitores sobre ambas prestaciones durante el embarazo y despu\u00e9s del parto. Los Servicios Sociales tambi\u00e9n tienen que ofrecer esta informaci\u00f3n a las familias en riesgo de exclusi\u00f3n social que atienden, cuando estan esperando un hijo o hija.<\/span><\/p>\n<\/li>\n<li aria-level=\"1\" dir=\"ltr\">\n<p dir=\"ltr\" role=\"presentation\"><span style=\"color:#000000;\">Garantizar una tramitaci\u00f3n presencial sin cita previa de ambas prestaciones, que sea \u00e1gil y entendedora para las familias y que no las excluya a causa de la brecha digital.\u00a0<\/span><\/p>\n<\/li>\n<li aria-level=\"1\" dir=\"ltr\">\n<p dir=\"ltr\" role=\"presentation\"><span style=\"color:#000000;\">Una actualizaci\u00f3n de la cuant\u00eda de las prestaciones que compense la inflaci\u00f3n acumulada.\u00a0<\/span><\/p>\n<\/li>\n<\/ul>\n<p>\u00a0<\/p>\n<h3 dir=\"ltr\"><span style=\"font-size:20px;\">\u00bfQu\u00e9 reclamamos en el conjunto de prestaciones sociales dirigidas a las familias con ni\u00f1os o ni\u00f1as a cargo?<\/span><\/h3>\n<p dir=\"ltr\"><strong><span style=\"color:#000000;\">Con urgencia:\u00a0<\/span><\/strong><\/p>\n<ul>\n<li aria-level=\"1\" dir=\"ltr\">\n<p dir=\"ltr\" role=\"presentation\"><span style=\"color:#000000;\">Recuperar la tramitaci\u00f3n presencial y \u00e1gil de las ayudas, prestaciones y otros tr\u00e1mites relacionados con los derechos de las familias con ni\u00f1os y ni\u00f1as en riesgo de exclusi\u00f3n social.\u00a0\u00a0<\/span><\/p>\n<\/li>\n<li aria-level=\"1\" dir=\"ltr\">\n<p dir=\"ltr\" role=\"presentation\"><span style=\"color:#000000;\">Eliminar criterios de acceso restrictivos, como ahora haber residido legalmente durante m\u00e1s de dos a\u00f1os en el Estado.\u00a0\u00a0<\/span><\/p>\n<\/li>\n<li aria-level=\"1\" dir=\"ltr\">\n<p dir=\"ltr\" role=\"presentation\"><span style=\"color:#000000;\">Hacer efectiva la actualizaci\u00f3n del indicador de renda de sufici\u00e8ncia de Catalunya (IRSC), que fija el umbral de ingresos para acceder a prestaciones como la Renda Garantida de Ciudadan\u00eda, as\u00ed como la cuant\u00eda de la prestaci\u00f3n. El IRSC se mantiene congelado desde el 2010, y los presupuestos de la Generalitat del 2023, en tramitaci\u00f3n al Parlamento, preveen incrementarlos en un 8%.\u00a0<\/span><\/p>\n<\/li>\n<\/ul>\n<p dir=\"ltr\"><strong><span style=\"color:#000000;\">A corto\u00a0plazo:\u00a0<\/span><\/strong><\/p>\n<ul>\n<li aria-level=\"1\" dir=\"ltr\">\n<p dir=\"ltr\" role=\"presentation\"><span style=\"color:#000000;\">Es necesario un cambio de criterio en las pol\u00edticas de garant\u00eda de rendas condicionadas. Hace falta, de entrada, <strong>fijar por ley los ingresos necesarios para garantizar el derecho subjetivo del ni\u00f1o a un nivel de vida adecuado<\/strong>, reconocido en el art\u00edculo 27 de la Convenci\u00f3n de los Deerechos del Ni\u00f1o. A partir de aqu\u00ed, la Renda Garantida, el Ingreso M\u00ednimo Vital o una prestaci\u00f3n complementaria tiene que asegurar este nivel de ingresos a los ni\u00f1os y ni\u00f1as que no lo tienen cubierto por su familia.\u00a0<\/span><\/p>\n<\/li>\n<\/ul>\n<p dir=\"ltr\"><strong><span style=\"color:#000000;\">A medio plazo:\u00a0<\/span><\/strong><\/p>\n<ul dir=\"ltr\">\n<li><span style=\"color:#000000;\">Para hacer frente a la cronificaci\u00f3n de las situaciones de vulnerabilidad, en particular en la infancia, desde el Casal dels Infants, en el marco del posicionamiento compartido con la Federaci\u00f3n de Entidades Catalanas de Acci\u00f3n Social (ECAS), defendemos <strong>avanzar hacia un modelo de renda b\u00e1sica universal<\/strong>, desde un enfoque de justicia social que vele por los derechos de todas las personas.\u00a0<\/span><\/li>\n<\/ul>\n<p>\u00a0<\/p>\n<p>\u00a0<\/p>\n<p><span style=\"color:#000000;\"><span style=\"font-size:16px;\"><sup>1\u00a0<\/sup>Fuente: Tasa de riesgo de pobreza del 2021 recogida en la Encuesta de Condiciones de Vida (Idescat); elaboraci\u00f3n propia del porcentaje de neonatos que reciben la prestaci\u00f3n por nacimiento a partir de los datos de nacimientos en Catalunya del 2020 (Idescat), y cifras de prestaciones por nacimiento concedidas, recogidas en la memoria anual del Departament de Treball, Afers Socials i Fam\u00edlies del a\u00f1o 2020. El a\u00f1o de referencia es el 2020 porque la \u00faltima memoria del Departament (actualmente de Derechos Sociales) publicada es de este a\u00f1o.\u00a0<\/span><\/span><\/p>\n<p><meta charset=\"utf-8\" \/><\/p>\n<p dir=\"ltr\">\u00a0<\/p>\n","protected":false},"excerpt":{"rendered":"<p>\u00a0 Lo constatamos en nuestro d\u00eda a d\u00eda, y con los datos oficiales en mano: muchas familias en situaci\u00f3n de vulnerabilidad desconocen las prestaciones por nacimiento para n\u00facleos familiares por debajo de un umbral de ingresos determinado, tanto la que ofrece la Generalitat como la de la Seguridad Social. Muchas de las que s\u00ed que [&hellip;]<\/p>\n","protected":false},"author":1,"featured_media":10232,"comment_status":"open","ping_status":"open","sticky":false,"template":"","format":"standard","meta":{"_acf_changed":false,"_et_pb_use_builder":"","_et_pb_old_content":"","_et_gb_content_width":"","inline_featured_image":false,"footnotes":""},"categories":[105],"tags":[],"seus":[],"eixos":[107],"class_list":["post-10415","post","type-post","status-publish","format-standard","has-post-thumbnail","hentry","category-reportaje","eixos-pequena-infancia"],"acf":[],"yoast_head":"<!-- This site is optimized with the Yoast SEO plugin v27.4 - https:\/\/yoast.com\/product\/yoast-seo-wordpress\/ -->\n<title>Acabar con las trabas en las prestaciones por nacimiento<\/title>\n<meta name=\"description\" content=\"Menos de un 5% de las familias de nuestro servicio maternoinfantil Vincles ha recibido la prestaci\u00f3n por nacimiento de la Generalitat. En las monoparentales y numerosas, una de cada cinco ha recibido la de la Seguridad Social.\" \/>\n<meta name=\"robots\" content=\"index, follow, max-snippet:-1, max-image-preview:large, max-video-preview:-1\" \/>\n<link rel=\"canonical\" href=\"https:\/\/www.casaldelsinfants.org\/es\/actualidad\/prestacionesnacimiento\/\" \/>\n<meta property=\"og:locale\" content=\"es_ES\" \/>\n<meta property=\"og:type\" content=\"article\" \/>\n<meta property=\"og:title\" content=\"Acabar con las trabas en las prestaciones por nacimiento\" \/>\n<meta property=\"og:description\" content=\"Menos de un 5% de las familias de nuestro servicio maternoinfantil Vincles ha recibido la prestaci\u00f3n por nacimiento de la Generalitat. En las monoparentales y numerosas, una de cada cinco ha recibido la de la Seguridad Social.\" \/>\n<meta property=\"og:url\" content=\"https:\/\/www.casaldelsinfants.org\/es\/actualidad\/prestacionesnacimiento\/\" \/>\n<meta property=\"og:site_name\" content=\"Casal dels Infants\" \/>\n<meta property=\"article:publisher\" content=\"https:\/\/www.facebook.com\/casalinfants\" \/>\n<meta property=\"article:published_time\" content=\"2023-02-28T10:20:06+00:00\" \/>\n<meta property=\"article:modified_time\" content=\"2023-05-23T11:13:48+00:00\" \/>\n<meta property=\"og:image\" content=\"https:\/\/www.casaldelsinfants.org\/wp-content\/uploads\/1310490-2.webp\" \/>\n\t<meta property=\"og:image:width\" content=\"1920\" \/>\n\t<meta property=\"og:image:height\" content=\"1080\" \/>\n\t<meta property=\"og:image:type\" content=\"image\/jpeg\" \/>\n<meta name=\"author\" content=\"cdiAdmin\" \/>\n<meta name=\"twitter:card\" content=\"summary_large_image\" \/>\n<meta name=\"twitter:creator\" content=\"@casalinfants\" \/>\n<meta name=\"twitter:site\" content=\"@casalinfants\" \/>\n<meta name=\"twitter:label1\" content=\"Escrito por\" \/>\n\t<meta name=\"twitter:data1\" content=\"cdiAdmin\" \/>\n\t<meta name=\"twitter:label2\" content=\"Tiempo de lectura\" \/>\n\t<meta name=\"twitter:data2\" content=\"8 minutos\" \/>\n<script type=\"application\/ld+json\" class=\"yoast-schema-graph\">{\"@context\":\"https:\\\/\\\/schema.org\",\"@graph\":[{\"@type\":\"Article\",\"@id\":\"https:\\\/\\\/www.casaldelsinfants.org\\\/es\\\/actualidad\\\/prestacionesnacimiento\\\/#article\",\"isPartOf\":{\"@id\":\"https:\\\/\\\/www.casaldelsinfants.org\\\/es\\\/actualidad\\\/prestacionesnacimiento\\\/\"},\"author\":{\"name\":\"cdiAdmin\",\"@id\":\"https:\\\/\\\/www.casaldelsinfants.org\\\/es\\\/#\\\/schema\\\/person\\\/97707fc8c64900cf36891127dbf9fba8\"},\"headline\":\"Dar a luz a oscuras: las trabas en las prestaciones por nacimiento\",\"datePublished\":\"2023-02-28T10:20:06+00:00\",\"dateModified\":\"2023-05-23T11:13:48+00:00\",\"mainEntityOfPage\":{\"@id\":\"https:\\\/\\\/www.casaldelsinfants.org\\\/es\\\/actualidad\\\/prestacionesnacimiento\\\/\"},\"wordCount\":1694,\"commentCount\":0,\"publisher\":{\"@id\":\"https:\\\/\\\/www.casaldelsinfants.org\\\/es\\\/#organization\"},\"image\":{\"@id\":\"https:\\\/\\\/www.casaldelsinfants.org\\\/es\\\/actualidad\\\/prestacionesnacimiento\\\/#primaryimage\"},\"thumbnailUrl\":\"https:\\\/\\\/www.casaldelsinfants.org\\\/wp-content\\\/uploads\\\/1310490-2.webp\",\"articleSection\":[\"Reportaje\"],\"inLanguage\":\"es\",\"potentialAction\":[{\"@type\":\"CommentAction\",\"name\":\"Comment\",\"target\":[\"https:\\\/\\\/www.casaldelsinfants.org\\\/es\\\/actualidad\\\/prestacionesnacimiento\\\/#respond\"]}]},{\"@type\":\"WebPage\",\"@id\":\"https:\\\/\\\/www.casaldelsinfants.org\\\/es\\\/actualidad\\\/prestacionesnacimiento\\\/\",\"url\":\"https:\\\/\\\/www.casaldelsinfants.org\\\/es\\\/actualidad\\\/prestacionesnacimiento\\\/\",\"name\":\"Acabar con las trabas en las prestaciones por nacimiento\",\"isPartOf\":{\"@id\":\"https:\\\/\\\/www.casaldelsinfants.org\\\/es\\\/#website\"},\"primaryImageOfPage\":{\"@id\":\"https:\\\/\\\/www.casaldelsinfants.org\\\/es\\\/actualidad\\\/prestacionesnacimiento\\\/#primaryimage\"},\"image\":{\"@id\":\"https:\\\/\\\/www.casaldelsinfants.org\\\/es\\\/actualidad\\\/prestacionesnacimiento\\\/#primaryimage\"},\"thumbnailUrl\":\"https:\\\/\\\/www.casaldelsinfants.org\\\/wp-content\\\/uploads\\\/1310490-2.webp\",\"datePublished\":\"2023-02-28T10:20:06+00:00\",\"dateModified\":\"2023-05-23T11:13:48+00:00\",\"description\":\"Menos de un 5% de las familias de nuestro servicio maternoinfantil Vincles ha recibido la prestaci\u00f3n por nacimiento de la Generalitat. En las monoparentales y numerosas, una de cada cinco ha recibido la de la Seguridad Social.\",\"breadcrumb\":{\"@id\":\"https:\\\/\\\/www.casaldelsinfants.org\\\/es\\\/actualidad\\\/prestacionesnacimiento\\\/#breadcrumb\"},\"inLanguage\":\"es\",\"potentialAction\":[{\"@type\":\"ReadAction\",\"target\":[\"https:\\\/\\\/www.casaldelsinfants.org\\\/es\\\/actualidad\\\/prestacionesnacimiento\\\/\"]}]},{\"@type\":\"ImageObject\",\"inLanguage\":\"es\",\"@id\":\"https:\\\/\\\/www.casaldelsinfants.org\\\/es\\\/actualidad\\\/prestacionesnacimiento\\\/#primaryimage\",\"url\":\"https:\\\/\\\/www.casaldelsinfants.org\\\/wp-content\\\/uploads\\\/1310490-2.webp\",\"contentUrl\":\"https:\\\/\\\/www.casaldelsinfants.org\\\/wp-content\\\/uploads\\\/1310490-2.webp\",\"width\":1920,\"height\":1080,\"caption\":\"Nena al terra mossegant una joguina\"},{\"@type\":\"BreadcrumbList\",\"@id\":\"https:\\\/\\\/www.casaldelsinfants.org\\\/es\\\/actualidad\\\/prestacionesnacimiento\\\/#breadcrumb\",\"itemListElement\":[{\"@type\":\"ListItem\",\"position\":1,\"name\":\"Inici\",\"item\":\"https:\\\/\\\/www.casaldelsinfants.org\\\/es\\\/\"},{\"@type\":\"ListItem\",\"position\":2,\"name\":\"Dar a luz a oscuras: las trabas en las prestaciones por nacimiento\"}]},{\"@type\":\"WebSite\",\"@id\":\"https:\\\/\\\/www.casaldelsinfants.org\\\/es\\\/#website\",\"url\":\"https:\\\/\\\/www.casaldelsinfants.org\\\/es\\\/\",\"name\":\"Casal dels Infants\",\"description\":\"\",\"publisher\":{\"@id\":\"https:\\\/\\\/www.casaldelsinfants.org\\\/es\\\/#organization\"},\"potentialAction\":[{\"@type\":\"SearchAction\",\"target\":{\"@type\":\"EntryPoint\",\"urlTemplate\":\"https:\\\/\\\/www.casaldelsinfants.org\\\/es\\\/?s={search_term_string}\"},\"query-input\":{\"@type\":\"PropertyValueSpecification\",\"valueRequired\":true,\"valueName\":\"search_term_string\"}}],\"inLanguage\":\"es\"},{\"@type\":\"Organization\",\"@id\":\"https:\\\/\\\/www.casaldelsinfants.org\\\/es\\\/#organization\",\"name\":\"Casal dels Infants\",\"url\":\"https:\\\/\\\/www.casaldelsinfants.org\\\/es\\\/\",\"logo\":{\"@type\":\"ImageObject\",\"inLanguage\":\"es\",\"@id\":\"https:\\\/\\\/www.casaldelsinfants.org\\\/es\\\/#\\\/schema\\\/logo\\\/image\\\/\",\"url\":\"https:\\\/\\\/www.casaldelsinfants.org\\\/wp-content\\\/uploads\\\/logo-mail.png\",\"contentUrl\":\"https:\\\/\\\/www.casaldelsinfants.org\\\/wp-content\\\/uploads\\\/logo-mail.png\",\"width\":380,\"height\":158,\"caption\":\"Casal dels Infants\"},\"image\":{\"@id\":\"https:\\\/\\\/www.casaldelsinfants.org\\\/es\\\/#\\\/schema\\\/logo\\\/image\\\/\"},\"sameAs\":[\"https:\\\/\\\/www.facebook.com\\\/casalinfants\",\"https:\\\/\\\/x.com\\\/casalinfants\",\"https:\\\/\\\/www.youtube.com\\\/user\\\/CasaldelsInfants1\",\"https:\\\/\\\/www.instagram.com\\\/casalinfants\\\/\",\"https:\\\/\\\/www.linkedin.com\\\/company\\\/casaldelsinfants?trk=organization-update_share-update_actor-text\"]},{\"@type\":\"Person\",\"@id\":\"https:\\\/\\\/www.casaldelsinfants.org\\\/es\\\/#\\\/schema\\\/person\\\/97707fc8c64900cf36891127dbf9fba8\",\"name\":\"cdiAdmin\",\"sameAs\":[\"https:\\\/\\\/casaldelsinfants.org\"]}]}<\/script>\n<!-- \/ Yoast SEO plugin. -->","yoast_head_json":{"title":"Acabar con las trabas en las prestaciones por nacimiento","description":"Menos de un 5% de las familias de nuestro servicio maternoinfantil Vincles ha recibido la prestaci\u00f3n por nacimiento de la Generalitat. En las monoparentales y numerosas, una de cada cinco ha recibido la de la Seguridad Social.","robots":{"index":"index","follow":"follow","max-snippet":"max-snippet:-1","max-image-preview":"max-image-preview:large","max-video-preview":"max-video-preview:-1"},"canonical":"https:\/\/www.casaldelsinfants.org\/es\/actualidad\/prestacionesnacimiento\/","og_locale":"es_ES","og_type":"article","og_title":"Acabar con las trabas en las prestaciones por nacimiento","og_description":"Menos de un 5% de las familias de nuestro servicio maternoinfantil Vincles ha recibido la prestaci\u00f3n por nacimiento de la Generalitat. En las monoparentales y numerosas, una de cada cinco ha recibido la de la Seguridad Social.","og_url":"https:\/\/www.casaldelsinfants.org\/es\/actualidad\/prestacionesnacimiento\/","og_site_name":"Casal dels Infants","article_publisher":"https:\/\/www.facebook.com\/casalinfants","article_published_time":"2023-02-28T10:20:06+00:00","article_modified_time":"2023-05-23T11:13:48+00:00","og_image":[{"width":1920,"height":1080,"url":"https:\/\/www.casaldelsinfants.org\/wp-content\/uploads\/1310490-2.webp","type":"image\/jpeg"}],"author":"cdiAdmin","twitter_card":"summary_large_image","twitter_creator":"@casalinfants","twitter_site":"@casalinfants","twitter_misc":{"Escrito por":"cdiAdmin","Tiempo de lectura":"8 minutos"},"schema":{"@context":"https:\/\/schema.org","@graph":[{"@type":"Article","@id":"https:\/\/www.casaldelsinfants.org\/es\/actualidad\/prestacionesnacimiento\/#article","isPartOf":{"@id":"https:\/\/www.casaldelsinfants.org\/es\/actualidad\/prestacionesnacimiento\/"},"author":{"name":"cdiAdmin","@id":"https:\/\/www.casaldelsinfants.org\/es\/#\/schema\/person\/97707fc8c64900cf36891127dbf9fba8"},"headline":"Dar a luz a oscuras: las trabas en las prestaciones por nacimiento","datePublished":"2023-02-28T10:20:06+00:00","dateModified":"2023-05-23T11:13:48+00:00","mainEntityOfPage":{"@id":"https:\/\/www.casaldelsinfants.org\/es\/actualidad\/prestacionesnacimiento\/"},"wordCount":1694,"commentCount":0,"publisher":{"@id":"https:\/\/www.casaldelsinfants.org\/es\/#organization"},"image":{"@id":"https:\/\/www.casaldelsinfants.org\/es\/actualidad\/prestacionesnacimiento\/#primaryimage"},"thumbnailUrl":"https:\/\/www.casaldelsinfants.org\/wp-content\/uploads\/1310490-2.webp","articleSection":["Reportaje"],"inLanguage":"es","potentialAction":[{"@type":"CommentAction","name":"Comment","target":["https:\/\/www.casaldelsinfants.org\/es\/actualidad\/prestacionesnacimiento\/#respond"]}]},{"@type":"WebPage","@id":"https:\/\/www.casaldelsinfants.org\/es\/actualidad\/prestacionesnacimiento\/","url":"https:\/\/www.casaldelsinfants.org\/es\/actualidad\/prestacionesnacimiento\/","name":"Acabar con las trabas en las prestaciones por nacimiento","isPartOf":{"@id":"https:\/\/www.casaldelsinfants.org\/es\/#website"},"primaryImageOfPage":{"@id":"https:\/\/www.casaldelsinfants.org\/es\/actualidad\/prestacionesnacimiento\/#primaryimage"},"image":{"@id":"https:\/\/www.casaldelsinfants.org\/es\/actualidad\/prestacionesnacimiento\/#primaryimage"},"thumbnailUrl":"https:\/\/www.casaldelsinfants.org\/wp-content\/uploads\/1310490-2.webp","datePublished":"2023-02-28T10:20:06+00:00","dateModified":"2023-05-23T11:13:48+00:00","description":"Menos de un 5% de las familias de nuestro servicio maternoinfantil Vincles ha recibido la prestaci\u00f3n por nacimiento de la Generalitat. En las monoparentales y numerosas, una de cada cinco ha recibido la de la Seguridad Social.","breadcrumb":{"@id":"https:\/\/www.casaldelsinfants.org\/es\/actualidad\/prestacionesnacimiento\/#breadcrumb"},"inLanguage":"es","potentialAction":[{"@type":"ReadAction","target":["https:\/\/www.casaldelsinfants.org\/es\/actualidad\/prestacionesnacimiento\/"]}]},{"@type":"ImageObject","inLanguage":"es","@id":"https:\/\/www.casaldelsinfants.org\/es\/actualidad\/prestacionesnacimiento\/#primaryimage","url":"https:\/\/www.casaldelsinfants.org\/wp-content\/uploads\/1310490-2.webp","contentUrl":"https:\/\/www.casaldelsinfants.org\/wp-content\/uploads\/1310490-2.webp","width":1920,"height":1080,"caption":"Nena al terra mossegant una joguina"},{"@type":"BreadcrumbList","@id":"https:\/\/www.casaldelsinfants.org\/es\/actualidad\/prestacionesnacimiento\/#breadcrumb","itemListElement":[{"@type":"ListItem","position":1,"name":"Inici","item":"https:\/\/www.casaldelsinfants.org\/es\/"},{"@type":"ListItem","position":2,"name":"Dar a luz a oscuras: las trabas en las prestaciones por nacimiento"}]},{"@type":"WebSite","@id":"https:\/\/www.casaldelsinfants.org\/es\/#website","url":"https:\/\/www.casaldelsinfants.org\/es\/","name":"Casal dels Infants","description":"","publisher":{"@id":"https:\/\/www.casaldelsinfants.org\/es\/#organization"},"potentialAction":[{"@type":"SearchAction","target":{"@type":"EntryPoint","urlTemplate":"https:\/\/www.casaldelsinfants.org\/es\/?s={search_term_string}"},"query-input":{"@type":"PropertyValueSpecification","valueRequired":true,"valueName":"search_term_string"}}],"inLanguage":"es"},{"@type":"Organization","@id":"https:\/\/www.casaldelsinfants.org\/es\/#organization","name":"Casal dels Infants","url":"https:\/\/www.casaldelsinfants.org\/es\/","logo":{"@type":"ImageObject","inLanguage":"es","@id":"https:\/\/www.casaldelsinfants.org\/es\/#\/schema\/logo\/image\/","url":"https:\/\/www.casaldelsinfants.org\/wp-content\/uploads\/logo-mail.png","contentUrl":"https:\/\/www.casaldelsinfants.org\/wp-content\/uploads\/logo-mail.png","width":380,"height":158,"caption":"Casal dels Infants"},"image":{"@id":"https:\/\/www.casaldelsinfants.org\/es\/#\/schema\/logo\/image\/"},"sameAs":["https:\/\/www.facebook.com\/casalinfants","https:\/\/x.com\/casalinfants","https:\/\/www.youtube.com\/user\/CasaldelsInfants1","https:\/\/www.instagram.com\/casalinfants\/","https:\/\/www.linkedin.com\/company\/casaldelsinfants?trk=organization-update_share-update_actor-text"]},{"@type":"Person","@id":"https:\/\/www.casaldelsinfants.org\/es\/#\/schema\/person\/97707fc8c64900cf36891127dbf9fba8","name":"cdiAdmin","sameAs":["https:\/\/casaldelsinfants.org"]}]}},"publishpress_future_action":{"enabled":false,"date":"2026-05-09 03:57:07","action":"change-status","newStatus":"draft","terms":[],"taxonomy":"category","extraData":[]},"publishpress_future_workflow_manual_trigger":{"enabledWorkflows":[]},"_links":{"self":[{"href":"https:\/\/www.casaldelsinfants.org\/es\/wp-json\/wp\/v2\/posts\/10415","targetHints":{"allow":["GET"]}}],"collection":[{"href":"https:\/\/www.casaldelsinfants.org\/es\/wp-json\/wp\/v2\/posts"}],"about":[{"href":"https:\/\/www.casaldelsinfants.org\/es\/wp-json\/wp\/v2\/types\/post"}],"author":[{"embeddable":true,"href":"https:\/\/www.casaldelsinfants.org\/es\/wp-json\/wp\/v2\/users\/1"}],"replies":[{"embeddable":true,"href":"https:\/\/www.casaldelsinfants.org\/es\/wp-json\/wp\/v2\/comments?post=10415"}],"version-history":[{"count":1,"href":"https:\/\/www.casaldelsinfants.org\/es\/wp-json\/wp\/v2\/posts\/10415\/revisions"}],"predecessor-version":[{"id":10417,"href":"https:\/\/www.casaldelsinfants.org\/es\/wp-json\/wp\/v2\/posts\/10415\/revisions\/10417"}],"wp:featuredmedia":[{"embeddable":true,"href":"https:\/\/www.casaldelsinfants.org\/es\/wp-json\/wp\/v2\/media\/10232"}],"wp:attachment":[{"href":"https:\/\/www.casaldelsinfants.org\/es\/wp-json\/wp\/v2\/media?parent=10415"}],"wp:term":[{"taxonomy":"category","embeddable":true,"href":"https:\/\/www.casaldelsinfants.org\/es\/wp-json\/wp\/v2\/categories?post=10415"},{"taxonomy":"post_tag","embeddable":true,"href":"https:\/\/www.casaldelsinfants.org\/es\/wp-json\/wp\/v2\/tags?post=10415"},{"taxonomy":"seus","embeddable":true,"href":"https:\/\/www.casaldelsinfants.org\/es\/wp-json\/wp\/v2\/seus?post=10415"},{"taxonomy":"eixos","embeddable":true,"href":"https:\/\/www.casaldelsinfants.org\/es\/wp-json\/wp\/v2\/eixos?post=10415"}],"curies":[{"name":"wp","href":"https:\/\/api.w.org\/{rel}","templated":true}]}}