{"id":10419,"date":"2023-02-27T12:38:20","date_gmt":"2023-02-27T10:38:20","guid":{"rendered":"https:\/\/casal.puntzero.cat\/8m2023enelcasal\/"},"modified":"2023-10-26T12:45:01","modified_gmt":"2023-10-26T10:45:01","slug":"8m2023enelcasal","status":"publish","type":"post","link":"https:\/\/www.casaldelsinfants.org\/es\/actualidad\/8m2023enelcasal\/","title":{"rendered":"8M: reivindicamos la igualdad de derechos para todas las mujeres con actividades y manifestaciones"},"content":{"rendered":"<p><span style=\"color: #000000;\">En el Casal dels Infants trabajamos para introducir cada d\u00eda en nuestros servicios socioeducativos la perspectiva de g\u00e9nero, los valores feministas y la lucha para la igualdad de derechos y oportunidades, para trasladarlo a los ni\u00f1os, ni\u00f1as, adolescentes, madres y padres que participan. Para este 8 de marzo, el D\u00eda Internacional de la Mujer, nos unimos a la <strong>reivindicaci\u00f3n de la igualdad de derechos y oportunidades para todas las mujeres<\/strong>. En cada barrio donde act\u00faa el Casal, hemos organizado <strong>din\u00e1micas y actividades para trabajar la historia y los valores ligados al 8M<\/strong>, y los y las adolescentes y\u00a0j\u00f3venes se preparan para salir a la calle para unirse a la manifestaci\u00f3n de su ciudad.\u00a0<\/span><\/p>\n<p><span style=\"color: #000000;\">En el barrio del <strong>Raval<\/strong>, los ni\u00f1os y ni\u00f1as del <strong>Centro Abierto\u00a0Infantil (COI)<\/strong> dedicaran un dibujo a las mujeres importantes de su vida y organizaran un cinef\u00f3rum. Los chicos y las chicas del <strong>Centro Abierto Adolescente (COA)<\/strong>, el <strong>Espacio Socioeducativo Adolescente<\/strong> y el <strong>Casal Jove<\/strong> participaran la tarde del 7 de marzo a los talleres organizados en los Jardins de les Voltes d&#8217;en Cir\u00e9s. All\u00ed har\u00e1n pancartas, actividades de baile y defensa personal, y una actividad de mapaje de puntos oscuros del barrio, as\u00ed como un concierto al final de todo. Al d\u00eda siguiente, ir\u00e1n a la manifestaci\u00f3n general del 8M de la ciutat. Por su bando, los ni\u00f1os y ni\u00f1as y madres de <strong>Vincles<\/strong> y el <strong>Casal<\/strong> Familiar har\u00e1n una salida al Moll de la Fusta con la Taula Raval Dona.<\/span><\/p>\n<p dir=\"ltr\"><span style=\"color: #000000;\">A los barrios de <strong>Bes\u00f2s i La Mina<\/strong>, los ni\u00f1os, ni\u00f1as y adolescentes del <strong>Centro Socioeducativo El Rac\u00f3<\/strong>, el <strong>Centro Socioeducativo Cascavell<\/strong>, y los ni\u00f1os, ni\u00f1as y madres de <strong>Fem Fam\u00edlia<\/strong> participaran en la acci\u00f3n comunitaria que tendr\u00e1 lugar el 9 de marzo en\u00a0la plaza delante del CAP La Mina. Durante la tarde habr\u00e1 actividades de todo tipo en un espacio compartido con otras entidades del barrio.\u00a0<\/span><\/p>\n<p dir=\"ltr\"><span style=\"color: #000000;\">En <strong>Badalona<\/strong>, ni\u00f1os, ni\u00f1as, adolescentes y j\u00f3venes formar\u00e1n\u00a0parte de una <strong>exposici\u00f3n colaborativa que decorar\u00e1 la entrada y las escaleras de la Betsaida<\/strong>. Cada uno tendr\u00e1 que hacer un dibujo que responda a la pregunta \u00ab\u00bfqui\u00e9n es la mujer de mi vida y por qu\u00e9?\u00bb. A la vez, habr\u00e1 un buz\u00f3n donde todo el mundo pueda escribir sus reflexiones sobre por qu\u00e9 creen que es importante el 8M. Estos textos an\u00f3nimos acompa\u00f1aran los dibujos de la exposici\u00f3n.\u00a0<\/span><\/p>\n<p dir=\"ltr\"><span style=\"color: #000000;\">En <strong>Santa Coloma<\/strong>, desde el <strong>Casal Familiar<\/strong> y <strong>Vincles<\/strong> organizar\u00e1n un desayuno el 8 de marzo donde todas las mujeres del Casal, entre participantes, educadoras, trabajadoras y voluntarias, est\u00e1n invitadas a venir. Habr\u00e1 un espacio de reflexi\u00f3n y debate sobre el 8M, y m\u00e1s tarde ir\u00e1n juntas a la plaza de la Vila para participar en <strong>la<\/strong> <strong>manifestaci\u00f3n y a la lectura del manifiesto<\/strong>, como llevan a\u00f1os haciendo. Los ni\u00f1os y ni\u00f1as del <strong>Espacio Socioeducativo Beethoven<\/strong> repiten el proyecto <strong>FemmeArt<\/strong>, con el que han estado trabajando el feminismo a trav\u00e9s del arte durante el \u00faltimo trimestre. Este a\u00f1o, han creado esculturas vinculadas al feminismo con materiales reciclados. Estas estar\u00e1n expuestas en la Biblioteca de Fondo del 6 al 10 de marzo, donde los mismos ni\u00f1os y ni\u00f1as har\u00e1n visitas guiadas. El resto del mes, estar\u00e1n expuestas en el espacio de recursos para mujeres, innovaci\u00f3n y econom\u00eda feminista La\u00a0CIBA.\u00a0<\/span><\/p>\n<p dir=\"ltr\"><span style=\"color: #000000;\">En <strong>Salt<\/strong>, el Casal dels Infants han participado en la organizaci\u00f3n del acto comunitario municipal, junto con otras entidades, servicios p\u00fablicos y el Ayuntamiento. El 8 de marzo por la tarde habr\u00e1 en la plaza Llibertat diferentes <strong>paraditas, con juegos, talleres y exposiciones diversas alrededor del 8M<\/strong>, as\u00ed como un sketch teatral de la mano\u00a0de la Xarxa d&#8217;Acc\u00e9s al Treball (XAT). En su paradita, el Casal dels Infants de Salt exhibir\u00e1 una exposici\u00f3n de dibujos y material art\u00edstico elaborado por los ni\u00f1os, dolescentes y familias, abordando lo que han aprendido sobre el 8M. A la vez, tendr\u00e1 lugar una <strong>chocolatada popular<\/strong> abierta a todos y todas.\u00a0<\/span><\/p>\n<p dir=\"ltr\">\n<blockquote><p><strong>Haz posible que continuemos acompa\u00f1ando y apoyando a ni\u00f1os, ni\u00f1as, j\u00f3venes y familias en situaci\u00f3n de vulnerabilidad.\u00a0<\/strong><\/p>\n<p>Haz\u00a0<strong>voluntariado<\/strong>. Inf\u00f3rmate\u00a0<a href=\"https:\/\/www.casaldelsinfants.org\/que-pots-fer-tu\/voluntariat\/\" target=\"_blank\" rel=\"noopener\"><u>aqu\u00ed<\/u><\/a>.<\/p>\n<p>Haz un\u00a0<strong>donativo<\/strong>\u00a0<a href=\"https:\/\/www.casaldelsinfants.org\/es\/dona-ahora\/\" target=\"_blank\" rel=\"noopener\"><u>aqu\u00ed<\/u><\/a>.<\/p><\/blockquote>\n","protected":false},"excerpt":{"rendered":"<p>En el Casal dels Infants trabajamos para introducir cada d\u00eda en nuestros servicios socioeducativos la perspectiva de g\u00e9nero, los valores feministas y la lucha para la igualdad de derechos y oportunidades, para trasladarlo a los ni\u00f1os, ni\u00f1as, adolescentes, madres y padres que participan. Para este 8 de marzo, el D\u00eda Internacional de la Mujer, nos [&hellip;]<\/p>\n","protected":false},"author":1,"featured_media":10239,"comment_status":"open","ping_status":"open","sticky":false,"template":"","format":"standard","meta":{"_acf_changed":false,"_et_pb_use_builder":"","_et_pb_old_content":"","_et_gb_content_width":"","inline_featured_image":false,"footnotes":""},"categories":[125],"tags":[],"seus":[],"eixos":[99],"class_list":["post-10419","post","type-post","status-publish","format-standard","has-post-thumbnail","hentry","category-noticias","eixos-infancia-y-adolescencia"],"acf":[],"yoast_head":"<!-- This site is optimized with the Yoast SEO plugin v27.4 - https:\/\/yoast.com\/product\/yoast-seo-wordpress\/ -->\n<title>8M en el Casal dels Infants<\/title>\n<meta name=\"robots\" content=\"index, follow, max-snippet:-1, max-image-preview:large, max-video-preview:-1\" \/>\n<link rel=\"canonical\" href=\"https:\/\/www.casaldelsinfants.org\/es\/actualidad\/8m2023enelcasal\/\" \/>\n<meta property=\"og:locale\" content=\"es_ES\" \/>\n<meta property=\"og:type\" content=\"article\" \/>\n<meta property=\"og:title\" content=\"8M en el Casal dels Infants\" \/>\n<meta property=\"og:description\" content=\"En el Casal dels Infants trabajamos para introducir cada d\u00eda en nuestros servicios socioeducativos la perspectiva de g\u00e9nero, los valores feministas y la lucha para la igualdad de derechos y oportunidades, para trasladarlo a los ni\u00f1os, ni\u00f1as, adolescentes, madres y padres que participan. Para este 8 de marzo, el D\u00eda Internacional de la Mujer, nos [&hellip;]\" \/>\n<meta property=\"og:url\" content=\"https:\/\/www.casaldelsinfants.org\/es\/actualidad\/8m2023enelcasal\/\" \/>\n<meta property=\"og:site_name\" content=\"Casal dels Infants\" \/>\n<meta property=\"article:publisher\" content=\"https:\/\/www.facebook.com\/casalinfants\" \/>\n<meta property=\"article:published_time\" content=\"2023-02-27T10:38:20+00:00\" \/>\n<meta property=\"article:modified_time\" content=\"2023-10-26T10:45:01+00:00\" \/>\n<meta property=\"og:image\" content=\"https:\/\/www.casaldelsinfants.org\/wp-content\/uploads\/diseno_sin_titulo_15-1.webp\" \/>\n\t<meta property=\"og:image:width\" content=\"2000\" \/>\n\t<meta property=\"og:image:height\" content=\"1600\" \/>\n\t<meta property=\"og:image:type\" content=\"image\/png\" \/>\n<meta name=\"author\" content=\"cdiAdmin\" \/>\n<meta name=\"twitter:card\" content=\"summary_large_image\" \/>\n<meta name=\"twitter:creator\" content=\"@casalinfants\" \/>\n<meta name=\"twitter:site\" content=\"@casalinfants\" \/>\n<meta name=\"twitter:label1\" content=\"Escrito por\" \/>\n\t<meta name=\"twitter:data1\" content=\"cdiAdmin\" \/>\n\t<meta name=\"twitter:label2\" content=\"Tiempo de lectura\" \/>\n\t<meta name=\"twitter:data2\" content=\"4 minutos\" \/>\n<script type=\"application\/ld+json\" class=\"yoast-schema-graph\">{\"@context\":\"https:\\\/\\\/schema.org\",\"@graph\":[{\"@type\":\"Article\",\"@id\":\"https:\\\/\\\/www.casaldelsinfants.org\\\/es\\\/actualidad\\\/8m2023enelcasal\\\/#article\",\"isPartOf\":{\"@id\":\"https:\\\/\\\/www.casaldelsinfants.org\\\/es\\\/actualidad\\\/8m2023enelcasal\\\/\"},\"author\":{\"name\":\"cdiAdmin\",\"@id\":\"https:\\\/\\\/www.casaldelsinfants.org\\\/es\\\/#\\\/schema\\\/person\\\/97707fc8c64900cf36891127dbf9fba8\"},\"headline\":\"8M: reivindicamos la igualdad de derechos para todas las mujeres con actividades y manifestaciones\",\"datePublished\":\"2023-02-27T10:38:20+00:00\",\"dateModified\":\"2023-10-26T10:45:01+00:00\",\"mainEntityOfPage\":{\"@id\":\"https:\\\/\\\/www.casaldelsinfants.org\\\/es\\\/actualidad\\\/8m2023enelcasal\\\/\"},\"wordCount\":750,\"commentCount\":0,\"publisher\":{\"@id\":\"https:\\\/\\\/www.casaldelsinfants.org\\\/es\\\/#organization\"},\"image\":{\"@id\":\"https:\\\/\\\/www.casaldelsinfants.org\\\/es\\\/actualidad\\\/8m2023enelcasal\\\/#primaryimage\"},\"thumbnailUrl\":\"https:\\\/\\\/www.casaldelsinfants.org\\\/wp-content\\\/uploads\\\/diseno_sin_titulo_15-1.webp\",\"articleSection\":[\"Noticia\"],\"inLanguage\":\"es\",\"potentialAction\":[{\"@type\":\"CommentAction\",\"name\":\"Comment\",\"target\":[\"https:\\\/\\\/www.casaldelsinfants.org\\\/es\\\/actualidad\\\/8m2023enelcasal\\\/#respond\"]}]},{\"@type\":\"WebPage\",\"@id\":\"https:\\\/\\\/www.casaldelsinfants.org\\\/es\\\/actualidad\\\/8m2023enelcasal\\\/\",\"url\":\"https:\\\/\\\/www.casaldelsinfants.org\\\/es\\\/actualidad\\\/8m2023enelcasal\\\/\",\"name\":\"8M en el Casal dels Infants\",\"isPartOf\":{\"@id\":\"https:\\\/\\\/www.casaldelsinfants.org\\\/es\\\/#website\"},\"primaryImageOfPage\":{\"@id\":\"https:\\\/\\\/www.casaldelsinfants.org\\\/es\\\/actualidad\\\/8m2023enelcasal\\\/#primaryimage\"},\"image\":{\"@id\":\"https:\\\/\\\/www.casaldelsinfants.org\\\/es\\\/actualidad\\\/8m2023enelcasal\\\/#primaryimage\"},\"thumbnailUrl\":\"https:\\\/\\\/www.casaldelsinfants.org\\\/wp-content\\\/uploads\\\/diseno_sin_titulo_15-1.webp\",\"datePublished\":\"2023-02-27T10:38:20+00:00\",\"dateModified\":\"2023-10-26T10:45:01+00:00\",\"breadcrumb\":{\"@id\":\"https:\\\/\\\/www.casaldelsinfants.org\\\/es\\\/actualidad\\\/8m2023enelcasal\\\/#breadcrumb\"},\"inLanguage\":\"es\",\"potentialAction\":[{\"@type\":\"ReadAction\",\"target\":[\"https:\\\/\\\/www.casaldelsinfants.org\\\/es\\\/actualidad\\\/8m2023enelcasal\\\/\"]}]},{\"@type\":\"ImageObject\",\"inLanguage\":\"es\",\"@id\":\"https:\\\/\\\/www.casaldelsinfants.org\\\/es\\\/actualidad\\\/8m2023enelcasal\\\/#primaryimage\",\"url\":\"https:\\\/\\\/www.casaldelsinfants.org\\\/wp-content\\\/uploads\\\/diseno_sin_titulo_15-1.webp\",\"contentUrl\":\"https:\\\/\\\/www.casaldelsinfants.org\\\/wp-content\\\/uploads\\\/diseno_sin_titulo_15-1.webp\",\"width\":2000,\"height\":1600,\"caption\":\"8M: reivindiquem la igualtat de drets per a totes les dones amb activitats i manifestacions\"},{\"@type\":\"BreadcrumbList\",\"@id\":\"https:\\\/\\\/www.casaldelsinfants.org\\\/es\\\/actualidad\\\/8m2023enelcasal\\\/#breadcrumb\",\"itemListElement\":[{\"@type\":\"ListItem\",\"position\":1,\"name\":\"Inici\",\"item\":\"https:\\\/\\\/www.casaldelsinfants.org\\\/es\\\/\"},{\"@type\":\"ListItem\",\"position\":2,\"name\":\"8M: reivindicamos la igualdad de derechos para todas las mujeres con actividades y manifestaciones\"}]},{\"@type\":\"WebSite\",\"@id\":\"https:\\\/\\\/www.casaldelsinfants.org\\\/es\\\/#website\",\"url\":\"https:\\\/\\\/www.casaldelsinfants.org\\\/es\\\/\",\"name\":\"Casal dels Infants\",\"description\":\"\",\"publisher\":{\"@id\":\"https:\\\/\\\/www.casaldelsinfants.org\\\/es\\\/#organization\"},\"potentialAction\":[{\"@type\":\"SearchAction\",\"target\":{\"@type\":\"EntryPoint\",\"urlTemplate\":\"https:\\\/\\\/www.casaldelsinfants.org\\\/es\\\/?s={search_term_string}\"},\"query-input\":{\"@type\":\"PropertyValueSpecification\",\"valueRequired\":true,\"valueName\":\"search_term_string\"}}],\"inLanguage\":\"es\"},{\"@type\":\"Organization\",\"@id\":\"https:\\\/\\\/www.casaldelsinfants.org\\\/es\\\/#organization\",\"name\":\"Casal dels Infants\",\"url\":\"https:\\\/\\\/www.casaldelsinfants.org\\\/es\\\/\",\"logo\":{\"@type\":\"ImageObject\",\"inLanguage\":\"es\",\"@id\":\"https:\\\/\\\/www.casaldelsinfants.org\\\/es\\\/#\\\/schema\\\/logo\\\/image\\\/\",\"url\":\"https:\\\/\\\/www.casaldelsinfants.org\\\/wp-content\\\/uploads\\\/logo-mail.png\",\"contentUrl\":\"https:\\\/\\\/www.casaldelsinfants.org\\\/wp-content\\\/uploads\\\/logo-mail.png\",\"width\":380,\"height\":158,\"caption\":\"Casal dels Infants\"},\"image\":{\"@id\":\"https:\\\/\\\/www.casaldelsinfants.org\\\/es\\\/#\\\/schema\\\/logo\\\/image\\\/\"},\"sameAs\":[\"https:\\\/\\\/www.facebook.com\\\/casalinfants\",\"https:\\\/\\\/x.com\\\/casalinfants\",\"https:\\\/\\\/www.youtube.com\\\/user\\\/CasaldelsInfants1\",\"https:\\\/\\\/www.instagram.com\\\/casalinfants\\\/\",\"https:\\\/\\\/www.linkedin.com\\\/company\\\/casaldelsinfants?trk=organization-update_share-update_actor-text\"]},{\"@type\":\"Person\",\"@id\":\"https:\\\/\\\/www.casaldelsinfants.org\\\/es\\\/#\\\/schema\\\/person\\\/97707fc8c64900cf36891127dbf9fba8\",\"name\":\"cdiAdmin\",\"sameAs\":[\"https:\\\/\\\/casaldelsinfants.org\"]}]}<\/script>\n<!-- \/ Yoast SEO plugin. -->","yoast_head_json":{"title":"8M en el Casal dels Infants","robots":{"index":"index","follow":"follow","max-snippet":"max-snippet:-1","max-image-preview":"max-image-preview:large","max-video-preview":"max-video-preview:-1"},"canonical":"https:\/\/www.casaldelsinfants.org\/es\/actualidad\/8m2023enelcasal\/","og_locale":"es_ES","og_type":"article","og_title":"8M en el Casal dels Infants","og_description":"En el Casal dels Infants trabajamos para introducir cada d\u00eda en nuestros servicios socioeducativos la perspectiva de g\u00e9nero, los valores feministas y la lucha para la igualdad de derechos y oportunidades, para trasladarlo a los ni\u00f1os, ni\u00f1as, adolescentes, madres y padres que participan. Para este 8 de marzo, el D\u00eda Internacional de la Mujer, nos [&hellip;]","og_url":"https:\/\/www.casaldelsinfants.org\/es\/actualidad\/8m2023enelcasal\/","og_site_name":"Casal dels Infants","article_publisher":"https:\/\/www.facebook.com\/casalinfants","article_published_time":"2023-02-27T10:38:20+00:00","article_modified_time":"2023-10-26T10:45:01+00:00","og_image":[{"width":2000,"height":1600,"url":"https:\/\/www.casaldelsinfants.org\/wp-content\/uploads\/diseno_sin_titulo_15-1.webp","type":"image\/png"}],"author":"cdiAdmin","twitter_card":"summary_large_image","twitter_creator":"@casalinfants","twitter_site":"@casalinfants","twitter_misc":{"Escrito por":"cdiAdmin","Tiempo de lectura":"4 minutos"},"schema":{"@context":"https:\/\/schema.org","@graph":[{"@type":"Article","@id":"https:\/\/www.casaldelsinfants.org\/es\/actualidad\/8m2023enelcasal\/#article","isPartOf":{"@id":"https:\/\/www.casaldelsinfants.org\/es\/actualidad\/8m2023enelcasal\/"},"author":{"name":"cdiAdmin","@id":"https:\/\/www.casaldelsinfants.org\/es\/#\/schema\/person\/97707fc8c64900cf36891127dbf9fba8"},"headline":"8M: reivindicamos la igualdad de derechos para todas las mujeres con actividades y manifestaciones","datePublished":"2023-02-27T10:38:20+00:00","dateModified":"2023-10-26T10:45:01+00:00","mainEntityOfPage":{"@id":"https:\/\/www.casaldelsinfants.org\/es\/actualidad\/8m2023enelcasal\/"},"wordCount":750,"commentCount":0,"publisher":{"@id":"https:\/\/www.casaldelsinfants.org\/es\/#organization"},"image":{"@id":"https:\/\/www.casaldelsinfants.org\/es\/actualidad\/8m2023enelcasal\/#primaryimage"},"thumbnailUrl":"https:\/\/www.casaldelsinfants.org\/wp-content\/uploads\/diseno_sin_titulo_15-1.webp","articleSection":["Noticia"],"inLanguage":"es","potentialAction":[{"@type":"CommentAction","name":"Comment","target":["https:\/\/www.casaldelsinfants.org\/es\/actualidad\/8m2023enelcasal\/#respond"]}]},{"@type":"WebPage","@id":"https:\/\/www.casaldelsinfants.org\/es\/actualidad\/8m2023enelcasal\/","url":"https:\/\/www.casaldelsinfants.org\/es\/actualidad\/8m2023enelcasal\/","name":"8M en el Casal dels Infants","isPartOf":{"@id":"https:\/\/www.casaldelsinfants.org\/es\/#website"},"primaryImageOfPage":{"@id":"https:\/\/www.casaldelsinfants.org\/es\/actualidad\/8m2023enelcasal\/#primaryimage"},"image":{"@id":"https:\/\/www.casaldelsinfants.org\/es\/actualidad\/8m2023enelcasal\/#primaryimage"},"thumbnailUrl":"https:\/\/www.casaldelsinfants.org\/wp-content\/uploads\/diseno_sin_titulo_15-1.webp","datePublished":"2023-02-27T10:38:20+00:00","dateModified":"2023-10-26T10:45:01+00:00","breadcrumb":{"@id":"https:\/\/www.casaldelsinfants.org\/es\/actualidad\/8m2023enelcasal\/#breadcrumb"},"inLanguage":"es","potentialAction":[{"@type":"ReadAction","target":["https:\/\/www.casaldelsinfants.org\/es\/actualidad\/8m2023enelcasal\/"]}]},{"@type":"ImageObject","inLanguage":"es","@id":"https:\/\/www.casaldelsinfants.org\/es\/actualidad\/8m2023enelcasal\/#primaryimage","url":"https:\/\/www.casaldelsinfants.org\/wp-content\/uploads\/diseno_sin_titulo_15-1.webp","contentUrl":"https:\/\/www.casaldelsinfants.org\/wp-content\/uploads\/diseno_sin_titulo_15-1.webp","width":2000,"height":1600,"caption":"8M: reivindiquem la igualtat de drets per a totes les dones amb activitats i manifestacions"},{"@type":"BreadcrumbList","@id":"https:\/\/www.casaldelsinfants.org\/es\/actualidad\/8m2023enelcasal\/#breadcrumb","itemListElement":[{"@type":"ListItem","position":1,"name":"Inici","item":"https:\/\/www.casaldelsinfants.org\/es\/"},{"@type":"ListItem","position":2,"name":"8M: reivindicamos la igualdad de derechos para todas las mujeres con actividades y manifestaciones"}]},{"@type":"WebSite","@id":"https:\/\/www.casaldelsinfants.org\/es\/#website","url":"https:\/\/www.casaldelsinfants.org\/es\/","name":"Casal dels Infants","description":"","publisher":{"@id":"https:\/\/www.casaldelsinfants.org\/es\/#organization"},"potentialAction":[{"@type":"SearchAction","target":{"@type":"EntryPoint","urlTemplate":"https:\/\/www.casaldelsinfants.org\/es\/?s={search_term_string}"},"query-input":{"@type":"PropertyValueSpecification","valueRequired":true,"valueName":"search_term_string"}}],"inLanguage":"es"},{"@type":"Organization","@id":"https:\/\/www.casaldelsinfants.org\/es\/#organization","name":"Casal dels Infants","url":"https:\/\/www.casaldelsinfants.org\/es\/","logo":{"@type":"ImageObject","inLanguage":"es","@id":"https:\/\/www.casaldelsinfants.org\/es\/#\/schema\/logo\/image\/","url":"https:\/\/www.casaldelsinfants.org\/wp-content\/uploads\/logo-mail.png","contentUrl":"https:\/\/www.casaldelsinfants.org\/wp-content\/uploads\/logo-mail.png","width":380,"height":158,"caption":"Casal dels Infants"},"image":{"@id":"https:\/\/www.casaldelsinfants.org\/es\/#\/schema\/logo\/image\/"},"sameAs":["https:\/\/www.facebook.com\/casalinfants","https:\/\/x.com\/casalinfants","https:\/\/www.youtube.com\/user\/CasaldelsInfants1","https:\/\/www.instagram.com\/casalinfants\/","https:\/\/www.linkedin.com\/company\/casaldelsinfants?trk=organization-update_share-update_actor-text"]},{"@type":"Person","@id":"https:\/\/www.casaldelsinfants.org\/es\/#\/schema\/person\/97707fc8c64900cf36891127dbf9fba8","name":"cdiAdmin","sameAs":["https:\/\/casaldelsinfants.org"]}]}},"publishpress_future_action":{"enabled":false,"date":"2026-05-08 17:57:52","action":"change-status","newStatus":"draft","terms":[],"taxonomy":"category","extraData":[]},"publishpress_future_workflow_manual_trigger":{"enabledWorkflows":[]},"_links":{"self":[{"href":"https:\/\/www.casaldelsinfants.org\/es\/wp-json\/wp\/v2\/posts\/10419","targetHints":{"allow":["GET"]}}],"collection":[{"href":"https:\/\/www.casaldelsinfants.org\/es\/wp-json\/wp\/v2\/posts"}],"about":[{"href":"https:\/\/www.casaldelsinfants.org\/es\/wp-json\/wp\/v2\/types\/post"}],"author":[{"embeddable":true,"href":"https:\/\/www.casaldelsinfants.org\/es\/wp-json\/wp\/v2\/users\/1"}],"replies":[{"embeddable":true,"href":"https:\/\/www.casaldelsinfants.org\/es\/wp-json\/wp\/v2\/comments?post=10419"}],"version-history":[{"count":2,"href":"https:\/\/www.casaldelsinfants.org\/es\/wp-json\/wp\/v2\/posts\/10419\/revisions"}],"predecessor-version":[{"id":14954,"href":"https:\/\/www.casaldelsinfants.org\/es\/wp-json\/wp\/v2\/posts\/10419\/revisions\/14954"}],"wp:featuredmedia":[{"embeddable":true,"href":"https:\/\/www.casaldelsinfants.org\/es\/wp-json\/wp\/v2\/media\/10239"}],"wp:attachment":[{"href":"https:\/\/www.casaldelsinfants.org\/es\/wp-json\/wp\/v2\/media?parent=10419"}],"wp:term":[{"taxonomy":"category","embeddable":true,"href":"https:\/\/www.casaldelsinfants.org\/es\/wp-json\/wp\/v2\/categories?post=10419"},{"taxonomy":"post_tag","embeddable":true,"href":"https:\/\/www.casaldelsinfants.org\/es\/wp-json\/wp\/v2\/tags?post=10419"},{"taxonomy":"seus","embeddable":true,"href":"https:\/\/www.casaldelsinfants.org\/es\/wp-json\/wp\/v2\/seus?post=10419"},{"taxonomy":"eixos","embeddable":true,"href":"https:\/\/www.casaldelsinfants.org\/es\/wp-json\/wp\/v2\/eixos?post=10419"}],"curies":[{"name":"wp","href":"https:\/\/api.w.org\/{rel}","templated":true}]}}