{"id":10424,"date":"2023-02-21T15:30:42","date_gmt":"2023-02-21T13:30:42","guid":{"rendered":"https:\/\/casal.puntzero.cat\/carnavallamina\/"},"modified":"2023-10-26T12:51:31","modified_gmt":"2023-10-26T10:51:31","slug":"carnavallamina","status":"publish","type":"post","link":"https:\/\/www.casaldelsinfants.org\/es\/actualidad\/carnavallamina\/","title":{"rendered":"Disfraces para deconstruir los roles de g\u00e9nero en el Carnaval de La Mina"},"content":{"rendered":"<p>&nbsp;<\/p>\n<p dir=\"ltr\"><span style=\"color: #000000;\">En los \u00faltimos tres\u00a0a\u00f1os de restricciones a ra\u00edz de la covid-19, una de las fiestas m\u00e1s celebradas y coloridas hab\u00eda quedado apartada por el mont\u00f3n de gente que juntaba. Este a\u00f1o, pero, <strong>vuelve el Carnaval<\/strong>, con r\u00faas y desfiles para lucir los disfraces que ni\u00f1os y ni\u00f1as han estado preparando durante la semana.\u00a0<\/span><\/p>\n<p dir=\"ltr\"><span style=\"color: #000000;\">Tambi\u00e9n ha vuelto al <strong>barrio de La Mina<\/strong>, donde los ni\u00f1os, ni\u00f1as, chicos y chicas del Casal dels Infants han participado junto con otras entidades del barrio a la r\u00faa tradicional de esta celebraci\u00f3n. La tem\u00e1tica de este a\u00f1o ha puesto en valor la lectura y la cultura popular, a la vez que ha incluido <strong>el esp\u00edritu cr\u00edtico en la deconstrucci\u00f3n de los roles de g\u00e9nero y los mitos del amor rom\u00e1ntico<\/strong>, tan perpetuados en los cuentos tradicionales. As\u00ed, se ha empezado a trabajar de cara al D\u00eda Internacional de la Mujer, que se celebra internacionalmente el 8 de marzo.\u00a0<\/span><\/p>\n<p><img decoding=\"async\" class=\"align-center\" src=\"\/wp-content\/uploads\/inline-images\/_1290850.JPG\" alt=\"Noia pinta la cara a un nen per Carnestoltes.\" width=\"480\" height=\"270\" data-entity-type=\"file\" data-entity-uuid=\"3a1cc788-7024-4fa4-9ead-11186658a5da\" data-image-style=\"large\" \/><\/p>\n<p dir=\"ltr\"><span style=\"color: #000000;\">La tarde del 16 de febrero, los ni\u00f1os y ni\u00f1as del equipo educativo del Casal dels Infants de La Mina i Bes\u00f2s estaban ocupados acabando de hacer los \u00faltimos retoques en sus disfraces y el maquillaje en aquellas que lo requer\u00edan. Mientras los lobos de La Caperucita Roja del grupo de Petites del <strong>Centro Socioeducativo El Rac\u00f3<\/strong> estaban merendando con las m\u00e1scaras ya preparadas, el grupo de Grans se estaba pintando manchas negras en la cara y enganch\u00e1ndolas a los disfraces para ir de 101 d\u00e1lmatas, y los adolescentes perfeccionaban las alas de Campanilla, el garfio del Capit\u00e1n Garfio y los accesorios de los dem\u00e1s personajes de Peter Pan.\u00a0<\/span><\/p>\n<p dir=\"ltr\"><span style=\"color: #000000;\">Una vez preparados y preparadas, fueron junto a sus familias hacia el bloque Venus, el punto de inicio de la r\u00faa, que se hab\u00eda escogido para denunciar el mal estado de este bloque y la plaza que queda en frente. All\u00e1 los esperaban los compa\u00f1eros y compa\u00f1eras de Petites y Grans del <strong>Centro Socioeducativo Cascavell<\/strong>, disfrazados y disfrazadas de Blancanieves y los 7 enanitos y del Patito Feo, respectivamente, y los ni\u00f1os, ni\u00f1as y madres del Fem Fam\u00edlia, vestidas de los Monstruos de Colores. Tambi\u00e9n estaban convocados a la r\u00faa, que contaba con el apoyo del Pla Educatiu de Barri La Mina, los ni\u00f1os i ni\u00f1as de<\/span><span style=\"color: #000000;\">\u00a0l\u2019Espai Jove La Mina, el Casal Infantil La Mina, La Capsa de Jocs y\u00a0los\u00a0Salesians Sant Jordi &#8211; PES La Mina.\u00a0<\/span><\/p>\n<p><img decoding=\"async\" class=\"align-center\" src=\"\/wp-content\/uploads\/inline-images\/Dise%C3%B1o%20sin%20t%C3%ADtulo%20%2814%29_0.png\" alt=\"Muntatge de quatre fotos, on quatre grups de nens i nenes posen per una foto amb la seva disfressa de Carnaval.\" width=\"480\" height=\"272\" data-entity-type=\"file\" data-entity-uuid=\"f0133c05-d999-43e7-a2c6-f561551782f1\" data-image-style=\"large\" \/><\/p>\n<p><span style=\"color: #000000;\">Hacia las 18h se dio el toque de salida a la r\u00faa, donde <strong>participaron 360 ni\u00f1os, ni\u00f1as, familias, vecinos y vecinas<\/strong>. La r\u00faa estaba encabezada por una batucada que llenaba las calles del barrio de ritmo, fiesta y colores. La m\u00fasica continu\u00f3 sonando y los ni\u00f1os y ni\u00f1as continuaban\u00a0haciendo fiesta por la calle Ponent, hasta la Rambla Camar\u00f3n. All\u00ed continu\u00f3 la gresca, hasta que son\u00f3 la \u00faltima canci\u00f3n, acompa\u00f1ada de mucho confeti, que ni\u00f1os y ni\u00f1as tiraban al aire, recog\u00edan del suelo y as\u00ed sin parar un buen rato.\u00a0<\/span><\/p>\n<p><span style=\"color: #000000;\">Al cabo de una hora de haber empezado el recorrido y cargados de energ\u00eda gracias a la merienda de melindros con chocolate que compartieron ni\u00f1os, ni\u00f1as y familias, la puesta de sol indicaba el momento para acabar. Con la fiesta, el ritmo y el esp\u00edritu de celebraci\u00f3n a\u00fan en el cuerpo, los ni\u00f1os y ni\u00f1as volvieron al Casal, <strong>contentos y contentas de por fin haber podido celebrar el Carnaval como lo hab\u00edan hecho antes<\/strong>.\u00a0<\/span><\/p>\n<blockquote><p><strong>Haz posible que continuemos acompa\u00f1ando y apoyando a ni\u00f1os, ni\u00f1as, j\u00f3venes y familias en situaci\u00f3n de vulnerabilidad.\u00a0<\/strong><\/p>\n<p>Haz\u00a0<strong>voluntariado<\/strong>. Inf\u00f3rmate\u00a0<a href=\"https:\/\/www.casaldelsinfants.org\/que-pots-fer-tu\/voluntariat\/\" target=\"_blank\" rel=\"noopener\"><u>aqu\u00ed<\/u><\/a>.<\/p>\n<p>Haz un\u00a0<strong>donativo<\/strong>\u00a0<a href=\"https:\/\/www.casaldelsinfants.org\/dona-ara\/\" target=\"_blank\" rel=\"noopener\"><u>aqu\u00ed<\/u><\/a>.<\/p><\/blockquote>\n<p dir=\"ltr\">\n","protected":false},"excerpt":{"rendered":"<p>&nbsp; En los \u00faltimos tres\u00a0a\u00f1os de restricciones a ra\u00edz de la covid-19, una de las fiestas m\u00e1s celebradas y coloridas hab\u00eda quedado apartada por el mont\u00f3n de gente que juntaba. Este a\u00f1o, pero, vuelve el Carnaval, con r\u00faas y desfiles para lucir los disfraces que ni\u00f1os y ni\u00f1as han estado preparando durante la semana.\u00a0 Tambi\u00e9n [&hellip;]<\/p>\n","protected":false},"author":1,"featured_media":10248,"comment_status":"open","ping_status":"open","sticky":false,"template":"","format":"standard","meta":{"_acf_changed":false,"_et_pb_use_builder":"","_et_pb_old_content":"","_et_gb_content_width":"","inline_featured_image":false,"footnotes":""},"categories":[125],"tags":[],"seus":[156],"eixos":[99],"class_list":["post-10424","post","type-post","status-publish","format-standard","has-post-thumbnail","hentry","category-noticias","seus-besos-la-mina","eixos-infancia-y-adolescencia"],"acf":[],"yoast_head":"<!-- This site is optimized with the Yoast SEO plugin v27.4 - https:\/\/yoast.com\/product\/yoast-seo-wordpress\/ -->\n<title>Carnaval La Mina 2023<\/title>\n<meta name=\"robots\" content=\"index, follow, max-snippet:-1, max-image-preview:large, max-video-preview:-1\" \/>\n<link rel=\"canonical\" href=\"https:\/\/www.casaldelsinfants.org\/es\/actualidad\/carnavallamina\/\" \/>\n<meta property=\"og:locale\" content=\"es_ES\" \/>\n<meta property=\"og:type\" content=\"article\" \/>\n<meta property=\"og:title\" content=\"Carnaval La Mina 2023\" \/>\n<meta property=\"og:description\" content=\"&nbsp; En los \u00faltimos tres\u00a0a\u00f1os de restricciones a ra\u00edz de la covid-19, una de las fiestas m\u00e1s celebradas y coloridas hab\u00eda quedado apartada por el mont\u00f3n de gente que juntaba. Este a\u00f1o, pero, vuelve el Carnaval, con r\u00faas y desfiles para lucir los disfraces que ni\u00f1os y ni\u00f1as han estado preparando durante la semana.\u00a0 Tambi\u00e9n [&hellip;]\" \/>\n<meta property=\"og:url\" content=\"https:\/\/www.casaldelsinfants.org\/es\/actualidad\/carnavallamina\/\" \/>\n<meta property=\"og:site_name\" content=\"Casal dels Infants\" \/>\n<meta property=\"article:publisher\" content=\"https:\/\/www.facebook.com\/casalinfants\" \/>\n<meta property=\"article:published_time\" content=\"2023-02-21T13:30:42+00:00\" \/>\n<meta property=\"article:modified_time\" content=\"2023-10-26T10:51:31+00:00\" \/>\n<meta property=\"og:image\" content=\"https:\/\/www.casaldelsinfants.org\/wp-content\/uploads\/1310022_x1-1.webp\" \/>\n\t<meta property=\"og:image:width\" content=\"1511\" \/>\n\t<meta property=\"og:image:height\" content=\"1079\" \/>\n\t<meta property=\"og:image:type\" content=\"image\/jpeg\" \/>\n<meta name=\"author\" content=\"cdiAdmin\" \/>\n<meta name=\"twitter:card\" content=\"summary_large_image\" \/>\n<meta name=\"twitter:creator\" content=\"@casalinfants\" \/>\n<meta name=\"twitter:site\" content=\"@casalinfants\" \/>\n<meta name=\"twitter:label1\" content=\"Escrito por\" \/>\n\t<meta name=\"twitter:data1\" content=\"cdiAdmin\" \/>\n\t<meta name=\"twitter:label2\" content=\"Tiempo de lectura\" \/>\n\t<meta name=\"twitter:data2\" content=\"4 minutos\" \/>\n<script type=\"application\/ld+json\" class=\"yoast-schema-graph\">{\"@context\":\"https:\\\/\\\/schema.org\",\"@graph\":[{\"@type\":\"Article\",\"@id\":\"https:\\\/\\\/www.casaldelsinfants.org\\\/es\\\/actualidad\\\/carnavallamina\\\/#article\",\"isPartOf\":{\"@id\":\"https:\\\/\\\/www.casaldelsinfants.org\\\/es\\\/actualidad\\\/carnavallamina\\\/\"},\"author\":{\"name\":\"cdiAdmin\",\"@id\":\"https:\\\/\\\/www.casaldelsinfants.org\\\/es\\\/#\\\/schema\\\/person\\\/97707fc8c64900cf36891127dbf9fba8\"},\"headline\":\"Disfraces para deconstruir los roles de g\u00e9nero en el Carnaval de La Mina\",\"datePublished\":\"2023-02-21T13:30:42+00:00\",\"dateModified\":\"2023-10-26T10:51:31+00:00\",\"mainEntityOfPage\":{\"@id\":\"https:\\\/\\\/www.casaldelsinfants.org\\\/es\\\/actualidad\\\/carnavallamina\\\/\"},\"wordCount\":662,\"commentCount\":0,\"publisher\":{\"@id\":\"https:\\\/\\\/www.casaldelsinfants.org\\\/es\\\/#organization\"},\"image\":{\"@id\":\"https:\\\/\\\/www.casaldelsinfants.org\\\/es\\\/actualidad\\\/carnavallamina\\\/#primaryimage\"},\"thumbnailUrl\":\"https:\\\/\\\/www.casaldelsinfants.org\\\/wp-content\\\/uploads\\\/1310022_x1-1.webp\",\"articleSection\":[\"Noticia\"],\"inLanguage\":\"es\",\"potentialAction\":[{\"@type\":\"CommentAction\",\"name\":\"Comment\",\"target\":[\"https:\\\/\\\/www.casaldelsinfants.org\\\/es\\\/actualidad\\\/carnavallamina\\\/#respond\"]}]},{\"@type\":\"WebPage\",\"@id\":\"https:\\\/\\\/www.casaldelsinfants.org\\\/es\\\/actualidad\\\/carnavallamina\\\/\",\"url\":\"https:\\\/\\\/www.casaldelsinfants.org\\\/es\\\/actualidad\\\/carnavallamina\\\/\",\"name\":\"Carnaval La Mina 2023\",\"isPartOf\":{\"@id\":\"https:\\\/\\\/www.casaldelsinfants.org\\\/es\\\/#website\"},\"primaryImageOfPage\":{\"@id\":\"https:\\\/\\\/www.casaldelsinfants.org\\\/es\\\/actualidad\\\/carnavallamina\\\/#primaryimage\"},\"image\":{\"@id\":\"https:\\\/\\\/www.casaldelsinfants.org\\\/es\\\/actualidad\\\/carnavallamina\\\/#primaryimage\"},\"thumbnailUrl\":\"https:\\\/\\\/www.casaldelsinfants.org\\\/wp-content\\\/uploads\\\/1310022_x1-1.webp\",\"datePublished\":\"2023-02-21T13:30:42+00:00\",\"dateModified\":\"2023-10-26T10:51:31+00:00\",\"breadcrumb\":{\"@id\":\"https:\\\/\\\/www.casaldelsinfants.org\\\/es\\\/actualidad\\\/carnavallamina\\\/#breadcrumb\"},\"inLanguage\":\"es\",\"potentialAction\":[{\"@type\":\"ReadAction\",\"target\":[\"https:\\\/\\\/www.casaldelsinfants.org\\\/es\\\/actualidad\\\/carnavallamina\\\/\"]}]},{\"@type\":\"ImageObject\",\"inLanguage\":\"es\",\"@id\":\"https:\\\/\\\/www.casaldelsinfants.org\\\/es\\\/actualidad\\\/carnavallamina\\\/#primaryimage\",\"url\":\"https:\\\/\\\/www.casaldelsinfants.org\\\/wp-content\\\/uploads\\\/1310022_x1-1.webp\",\"contentUrl\":\"https:\\\/\\\/www.casaldelsinfants.org\\\/wp-content\\\/uploads\\\/1310022_x1-1.webp\",\"width\":1511,\"height\":1079,\"caption\":\"Festa de carnaval, infants i batucada\"},{\"@type\":\"BreadcrumbList\",\"@id\":\"https:\\\/\\\/www.casaldelsinfants.org\\\/es\\\/actualidad\\\/carnavallamina\\\/#breadcrumb\",\"itemListElement\":[{\"@type\":\"ListItem\",\"position\":1,\"name\":\"Inici\",\"item\":\"https:\\\/\\\/www.casaldelsinfants.org\\\/es\\\/\"},{\"@type\":\"ListItem\",\"position\":2,\"name\":\"Disfraces para deconstruir los roles de g\u00e9nero en el Carnaval de La Mina\"}]},{\"@type\":\"WebSite\",\"@id\":\"https:\\\/\\\/www.casaldelsinfants.org\\\/es\\\/#website\",\"url\":\"https:\\\/\\\/www.casaldelsinfants.org\\\/es\\\/\",\"name\":\"Casal dels Infants\",\"description\":\"\",\"publisher\":{\"@id\":\"https:\\\/\\\/www.casaldelsinfants.org\\\/es\\\/#organization\"},\"potentialAction\":[{\"@type\":\"SearchAction\",\"target\":{\"@type\":\"EntryPoint\",\"urlTemplate\":\"https:\\\/\\\/www.casaldelsinfants.org\\\/es\\\/?s={search_term_string}\"},\"query-input\":{\"@type\":\"PropertyValueSpecification\",\"valueRequired\":true,\"valueName\":\"search_term_string\"}}],\"inLanguage\":\"es\"},{\"@type\":\"Organization\",\"@id\":\"https:\\\/\\\/www.casaldelsinfants.org\\\/es\\\/#organization\",\"name\":\"Casal dels Infants\",\"url\":\"https:\\\/\\\/www.casaldelsinfants.org\\\/es\\\/\",\"logo\":{\"@type\":\"ImageObject\",\"inLanguage\":\"es\",\"@id\":\"https:\\\/\\\/www.casaldelsinfants.org\\\/es\\\/#\\\/schema\\\/logo\\\/image\\\/\",\"url\":\"https:\\\/\\\/www.casaldelsinfants.org\\\/wp-content\\\/uploads\\\/logo-mail.png\",\"contentUrl\":\"https:\\\/\\\/www.casaldelsinfants.org\\\/wp-content\\\/uploads\\\/logo-mail.png\",\"width\":380,\"height\":158,\"caption\":\"Casal dels Infants\"},\"image\":{\"@id\":\"https:\\\/\\\/www.casaldelsinfants.org\\\/es\\\/#\\\/schema\\\/logo\\\/image\\\/\"},\"sameAs\":[\"https:\\\/\\\/www.facebook.com\\\/casalinfants\",\"https:\\\/\\\/x.com\\\/casalinfants\",\"https:\\\/\\\/www.youtube.com\\\/user\\\/CasaldelsInfants1\",\"https:\\\/\\\/www.instagram.com\\\/casalinfants\\\/\",\"https:\\\/\\\/www.linkedin.com\\\/company\\\/casaldelsinfants?trk=organization-update_share-update_actor-text\"]},{\"@type\":\"Person\",\"@id\":\"https:\\\/\\\/www.casaldelsinfants.org\\\/es\\\/#\\\/schema\\\/person\\\/97707fc8c64900cf36891127dbf9fba8\",\"name\":\"cdiAdmin\",\"sameAs\":[\"https:\\\/\\\/casaldelsinfants.org\"]}]}<\/script>\n<!-- \/ Yoast SEO plugin. -->","yoast_head_json":{"title":"Carnaval La Mina 2023","robots":{"index":"index","follow":"follow","max-snippet":"max-snippet:-1","max-image-preview":"max-image-preview:large","max-video-preview":"max-video-preview:-1"},"canonical":"https:\/\/www.casaldelsinfants.org\/es\/actualidad\/carnavallamina\/","og_locale":"es_ES","og_type":"article","og_title":"Carnaval La Mina 2023","og_description":"&nbsp; En los \u00faltimos tres\u00a0a\u00f1os de restricciones a ra\u00edz de la covid-19, una de las fiestas m\u00e1s celebradas y coloridas hab\u00eda quedado apartada por el mont\u00f3n de gente que juntaba. Este a\u00f1o, pero, vuelve el Carnaval, con r\u00faas y desfiles para lucir los disfraces que ni\u00f1os y ni\u00f1as han estado preparando durante la semana.\u00a0 Tambi\u00e9n [&hellip;]","og_url":"https:\/\/www.casaldelsinfants.org\/es\/actualidad\/carnavallamina\/","og_site_name":"Casal dels Infants","article_publisher":"https:\/\/www.facebook.com\/casalinfants","article_published_time":"2023-02-21T13:30:42+00:00","article_modified_time":"2023-10-26T10:51:31+00:00","og_image":[{"width":1511,"height":1079,"url":"https:\/\/www.casaldelsinfants.org\/wp-content\/uploads\/1310022_x1-1.webp","type":"image\/jpeg"}],"author":"cdiAdmin","twitter_card":"summary_large_image","twitter_creator":"@casalinfants","twitter_site":"@casalinfants","twitter_misc":{"Escrito por":"cdiAdmin","Tiempo de lectura":"4 minutos"},"schema":{"@context":"https:\/\/schema.org","@graph":[{"@type":"Article","@id":"https:\/\/www.casaldelsinfants.org\/es\/actualidad\/carnavallamina\/#article","isPartOf":{"@id":"https:\/\/www.casaldelsinfants.org\/es\/actualidad\/carnavallamina\/"},"author":{"name":"cdiAdmin","@id":"https:\/\/www.casaldelsinfants.org\/es\/#\/schema\/person\/97707fc8c64900cf36891127dbf9fba8"},"headline":"Disfraces para deconstruir los roles de g\u00e9nero en el Carnaval de La Mina","datePublished":"2023-02-21T13:30:42+00:00","dateModified":"2023-10-26T10:51:31+00:00","mainEntityOfPage":{"@id":"https:\/\/www.casaldelsinfants.org\/es\/actualidad\/carnavallamina\/"},"wordCount":662,"commentCount":0,"publisher":{"@id":"https:\/\/www.casaldelsinfants.org\/es\/#organization"},"image":{"@id":"https:\/\/www.casaldelsinfants.org\/es\/actualidad\/carnavallamina\/#primaryimage"},"thumbnailUrl":"https:\/\/www.casaldelsinfants.org\/wp-content\/uploads\/1310022_x1-1.webp","articleSection":["Noticia"],"inLanguage":"es","potentialAction":[{"@type":"CommentAction","name":"Comment","target":["https:\/\/www.casaldelsinfants.org\/es\/actualidad\/carnavallamina\/#respond"]}]},{"@type":"WebPage","@id":"https:\/\/www.casaldelsinfants.org\/es\/actualidad\/carnavallamina\/","url":"https:\/\/www.casaldelsinfants.org\/es\/actualidad\/carnavallamina\/","name":"Carnaval La Mina 2023","isPartOf":{"@id":"https:\/\/www.casaldelsinfants.org\/es\/#website"},"primaryImageOfPage":{"@id":"https:\/\/www.casaldelsinfants.org\/es\/actualidad\/carnavallamina\/#primaryimage"},"image":{"@id":"https:\/\/www.casaldelsinfants.org\/es\/actualidad\/carnavallamina\/#primaryimage"},"thumbnailUrl":"https:\/\/www.casaldelsinfants.org\/wp-content\/uploads\/1310022_x1-1.webp","datePublished":"2023-02-21T13:30:42+00:00","dateModified":"2023-10-26T10:51:31+00:00","breadcrumb":{"@id":"https:\/\/www.casaldelsinfants.org\/es\/actualidad\/carnavallamina\/#breadcrumb"},"inLanguage":"es","potentialAction":[{"@type":"ReadAction","target":["https:\/\/www.casaldelsinfants.org\/es\/actualidad\/carnavallamina\/"]}]},{"@type":"ImageObject","inLanguage":"es","@id":"https:\/\/www.casaldelsinfants.org\/es\/actualidad\/carnavallamina\/#primaryimage","url":"https:\/\/www.casaldelsinfants.org\/wp-content\/uploads\/1310022_x1-1.webp","contentUrl":"https:\/\/www.casaldelsinfants.org\/wp-content\/uploads\/1310022_x1-1.webp","width":1511,"height":1079,"caption":"Festa de carnaval, infants i batucada"},{"@type":"BreadcrumbList","@id":"https:\/\/www.casaldelsinfants.org\/es\/actualidad\/carnavallamina\/#breadcrumb","itemListElement":[{"@type":"ListItem","position":1,"name":"Inici","item":"https:\/\/www.casaldelsinfants.org\/es\/"},{"@type":"ListItem","position":2,"name":"Disfraces para deconstruir los roles de g\u00e9nero en el Carnaval de La Mina"}]},{"@type":"WebSite","@id":"https:\/\/www.casaldelsinfants.org\/es\/#website","url":"https:\/\/www.casaldelsinfants.org\/es\/","name":"Casal dels Infants","description":"","publisher":{"@id":"https:\/\/www.casaldelsinfants.org\/es\/#organization"},"potentialAction":[{"@type":"SearchAction","target":{"@type":"EntryPoint","urlTemplate":"https:\/\/www.casaldelsinfants.org\/es\/?s={search_term_string}"},"query-input":{"@type":"PropertyValueSpecification","valueRequired":true,"valueName":"search_term_string"}}],"inLanguage":"es"},{"@type":"Organization","@id":"https:\/\/www.casaldelsinfants.org\/es\/#organization","name":"Casal dels Infants","url":"https:\/\/www.casaldelsinfants.org\/es\/","logo":{"@type":"ImageObject","inLanguage":"es","@id":"https:\/\/www.casaldelsinfants.org\/es\/#\/schema\/logo\/image\/","url":"https:\/\/www.casaldelsinfants.org\/wp-content\/uploads\/logo-mail.png","contentUrl":"https:\/\/www.casaldelsinfants.org\/wp-content\/uploads\/logo-mail.png","width":380,"height":158,"caption":"Casal dels Infants"},"image":{"@id":"https:\/\/www.casaldelsinfants.org\/es\/#\/schema\/logo\/image\/"},"sameAs":["https:\/\/www.facebook.com\/casalinfants","https:\/\/x.com\/casalinfants","https:\/\/www.youtube.com\/user\/CasaldelsInfants1","https:\/\/www.instagram.com\/casalinfants\/","https:\/\/www.linkedin.com\/company\/casaldelsinfants?trk=organization-update_share-update_actor-text"]},{"@type":"Person","@id":"https:\/\/www.casaldelsinfants.org\/es\/#\/schema\/person\/97707fc8c64900cf36891127dbf9fba8","name":"cdiAdmin","sameAs":["https:\/\/casaldelsinfants.org"]}]}},"publishpress_future_action":{"enabled":false,"date":"2026-05-08 14:19:35","action":"change-status","newStatus":"draft","terms":[],"taxonomy":"category","extraData":[]},"publishpress_future_workflow_manual_trigger":{"enabledWorkflows":[]},"_links":{"self":[{"href":"https:\/\/www.casaldelsinfants.org\/es\/wp-json\/wp\/v2\/posts\/10424","targetHints":{"allow":["GET"]}}],"collection":[{"href":"https:\/\/www.casaldelsinfants.org\/es\/wp-json\/wp\/v2\/posts"}],"about":[{"href":"https:\/\/www.casaldelsinfants.org\/es\/wp-json\/wp\/v2\/types\/post"}],"author":[{"embeddable":true,"href":"https:\/\/www.casaldelsinfants.org\/es\/wp-json\/wp\/v2\/users\/1"}],"replies":[{"embeddable":true,"href":"https:\/\/www.casaldelsinfants.org\/es\/wp-json\/wp\/v2\/comments?post=10424"}],"version-history":[{"count":2,"href":"https:\/\/www.casaldelsinfants.org\/es\/wp-json\/wp\/v2\/posts\/10424\/revisions"}],"predecessor-version":[{"id":14960,"href":"https:\/\/www.casaldelsinfants.org\/es\/wp-json\/wp\/v2\/posts\/10424\/revisions\/14960"}],"wp:featuredmedia":[{"embeddable":true,"href":"https:\/\/www.casaldelsinfants.org\/es\/wp-json\/wp\/v2\/media\/10248"}],"wp:attachment":[{"href":"https:\/\/www.casaldelsinfants.org\/es\/wp-json\/wp\/v2\/media?parent=10424"}],"wp:term":[{"taxonomy":"category","embeddable":true,"href":"https:\/\/www.casaldelsinfants.org\/es\/wp-json\/wp\/v2\/categories?post=10424"},{"taxonomy":"post_tag","embeddable":true,"href":"https:\/\/www.casaldelsinfants.org\/es\/wp-json\/wp\/v2\/tags?post=10424"},{"taxonomy":"seus","embeddable":true,"href":"https:\/\/www.casaldelsinfants.org\/es\/wp-json\/wp\/v2\/seus?post=10424"},{"taxonomy":"eixos","embeddable":true,"href":"https:\/\/www.casaldelsinfants.org\/es\/wp-json\/wp\/v2\/eixos?post=10424"}],"curies":[{"name":"wp","href":"https:\/\/api.w.org\/{rel}","templated":true}]}}