{"id":10429,"date":"2023-02-13T13:28:02","date_gmt":"2023-02-13T11:28:02","guid":{"rendered":"https:\/\/casal.puntzero.cat\/comerconsentido\/"},"modified":"2023-10-26T12:58:09","modified_gmt":"2023-10-26T10:58:09","slug":"comerconsentido","status":"publish","type":"post","link":"https:\/\/www.casaldelsinfants.org\/es\/actualidad\/comerconsentido\/","title":{"rendered":"Comer con sentido: alimentaci\u00f3n y h\u00e1bitos saludables para ni\u00f1os, ni\u00f1as y familias en situaci\u00f3n de vulnerabilidad"},"content":{"rendered":"<p>&nbsp;<\/p>\n<p dir=\"ltr\"><span style=\"color: #000000;\">La <strong>promoci\u00f3n de una buena alimentaci\u00f3n y h\u00e1bitos saludables<\/strong> son un eje m\u00e1s del ense\u00f1amiento socioeducativo que desde el Casal queremos transmitir a los ni\u00f1os, ni\u00f1as, j\u00f3venes y familias que forman parte. En un contexto de subida de precios, y en el que los procesados y la boller\u00eda industrial son una opci\u00f3n m\u00e1s econ\u00f3mica que la fruta y la comida fresca, queremos insistir en la promoci\u00f3n de una alimentaci\u00f3n equilibrada y una correcta nutrici\u00f3n para el buen desarrollo de nuestros ni\u00f1os, ni\u00f1as y j\u00f3venes. De esta manera, impulsamos el programa \u201c<strong>Comer con sentido<\/strong>\u201d, gracias al apoyo de la Fundaci\u00f3n Alcampo, a tres de las zonas donde trabajamos: el Raval, el Bes\u00f2s i La Mina y Badalona.<\/span><\/p>\n<p dir=\"ltr\"><span style=\"color: #000000;\">Seg\u00fan la Encuesta de Salud de Catalunya (ESCA), 1 de cada 4\u00a0ni\u00f1os y ni\u00f1as (26,4%) de entre 6 y 12 a\u00f1os ten\u00eda sobrepeso el 2021, y un 14% ten\u00eda obesidad. Los determinantes del sobrepeso y la obesidad en la infancia son variantes, como la calidad de la alimentaci\u00f3n, la actividad f\u00edsica o las horas de sue\u00f1o, pero destaca <strong>el nivel socioecon\u00f3mico de las familias como el principal condicionante en la salud nutricional y los h\u00e1bitos saludables de los ni\u00f1os y ni\u00f1as<\/strong>. M\u00e1s concretamente, los ni\u00f1os y ni\u00f1as en situaci\u00f3n de vulnerabilidad social tienen el doble de riesgo de sobrepeso y obesidad respecto a los dem\u00e1s ni\u00f1os y ni\u00f1as, seg\u00fan un estudio del Observatorio Social de la Fundaci\u00f3n La Caixa y el grupo GENUD de la Universidad de Zaragoza.\u00a0<\/span><\/p>\n<p dir=\"ltr\"><span style=\"color: #000000;\">El proyecto \u201cComer con sentido\u201d empez\u00f3 el septiembre del 2022, y estar\u00e1 activo durante un a\u00f1o. En este tiempo, <strong>480 ni\u00f1os, ni\u00f1as, adolescentes y j\u00f3venes<\/strong> y referentes familiares participar\u00e1n en diferentes actividades y talleres dinamizados por el equipo educativo formado en este programa.\u00a0<\/span><\/p>\n<p dir=\"ltr\"><strong>Meriendas y comidas preparados por\u00a0ni\u00f1os y ni\u00f1as\u00a0<\/strong><\/p>\n<p dir=\"ltr\"><span style=\"color: #000000;\">Las <strong>meriendas \u201ccon sentido\u201d<\/strong>, incorporadas en el rato de merienda habitual que tiene lugar cuando los ni\u00f1os y ni\u00f1as llegan al Casal por las tardes, se hacen dos veces por semana. El objetivo es que ni\u00f1os y ni\u00f1as tomen conciencia de aquello que est\u00e1n comiendo en aquel momento, que aprendan sobre las temporadas de las frutas, el or\u00edgen de los alimentos, sus propiedades y su elaboraci\u00f3n, as\u00ed como conductas y h\u00e1bitos saludables. \u201cLos ni\u00f1os y ni\u00f1as preparan la merienda, que siempre incluye una pieza de fruta, cereales o l\u00e1cteos, intentando hacerlo lo m\u00e1s variable posible cada semana y con el objetivo de reducir la boller\u00eda\u201d, explica Gina Vald\u00e9s, responsable de Comer con sentido en el Casal dels Infants Bes\u00f2s-La Mina.\u00a0<\/span><\/p>\n<p dir=\"ltr\"><span style=\"color: #000000;\">A parte, se est\u00e1n llevando a cabo <strong>talleres de cocina casera<\/strong> de elaboraci\u00f3n sencilla para promover una dieta equilibrada, con recetas adaptadas a las edades de los ni\u00f1os y ni\u00f1as y que puedan trasladar a la cocina de su casa. Habr\u00e1 6 talleres de dos horas cada uno, donde los ni\u00f1os y ni\u00f1as cocinar\u00e1n un primer plato, un segundo plato y unos postres, teniendo en cuenta el coste de los alimentos y la diversidad gastron\u00f3mica de los ni\u00f1os y ni\u00f1as. Se explican tambi\u00e9n el or\u00edgen y las propiedades de los alimentos, como manipularlos correctamente, y como llevar a cabo la higiene y limpieza de los utensilios y de la cocina.\u00a0<\/span><\/p>\n<p dir=\"ltr\"><span style=\"color: #000000;\"><strong>Con las familias de los ni\u00f1os y ni\u00f1as de 3 a 7 a\u00f1os<\/strong> de los servicios Casal Familiar y Vincles (Raval), Fem Plegats (Badalona) y Fem Fam\u00edlia (Bes\u00f2s i La Mina) tambi\u00e9n se llevan a cabo talleres, ya que son un elemento clave en el entorno de sus hijos e hijas y sus h\u00e1bitos de alimentaci\u00f3n. Con 6 sesiones de dos horas, ni\u00f1os, ni\u00f1as y familias cocinar\u00e1n conjuntamente y por separado para evaluar las propiedades de los alimentos utilizados, desglosar su coste y compartir consejos de <strong>c\u00f3mo hacer las comidas m\u00e1s atractivas y introducir alimentos nuevos<\/strong>, \u201ccomo la fruta y la verdura, haciendo que los ni\u00f1os vean muchos colores en el plato\u201d, a\u00f1ade Gina Vald\u00e9s. Tambi\u00e9n se remarcar\u00e1n h\u00e1bitos alimenticios saludables y la importancia de hacer la compra y compartir las comidas como actividad familiar.\u00a0<\/span><\/p>\n<p dir=\"ltr\"><span style=\"color: #000000;\">Una vez acabado el programa, los chicos y chicas adolescentes y j\u00f3venes organizar\u00e1n una <strong>gincana para sensibilizar a otros ni\u00f1os y ni\u00f1as sobre la importancia de una alimentaci\u00f3n saludable<\/strong> y una dieta equilibrada. Las familias se ajustaran un d\u00eda para celebrar el Master Chef Familias, donde har\u00e1n una muestra de las comidas elaboradas en los talleres y otras preparadas por ellas, para promover el intercambio de recetas y propuestas culinarias entre familias.\u00a0<\/span><\/p>\n<p dir=\"ltr\"><span style=\"color: #000000;\">Durante estos doce meses, pues, se trabajar\u00e1 con centenares de ni\u00f1os, ni\u00f1as, j\u00f3venes y familias para mejorar sus h\u00e1bitos alimenticios y el conocimiento sobre la comida y sus origenes y propiedades, siempre adaptados a la econom\u00eda de nuestras familias en un contexto de precios altos, y potenciar el papel de la comunidad en la promoci\u00f3n de estos h\u00e1bitos.\u00a0<\/span><\/p>\n<blockquote><p><strong>Haz posible que continuemos acompa\u00f1ando y apoyando a ni\u00f1os, ni\u00f1as, j\u00f3venes y familias en situaci\u00f3n de vulnerabilidad.\u00a0<\/strong><\/p>\n<p>Haz\u00a0<strong>voluntariado<\/strong>. Inf\u00f3rmate\u00a0<a href=\"https:\/\/www.casaldelsinfants.org\/que-pots-fer-tu\/voluntariat\/\" target=\"_blank\" rel=\"noopener\"><u>aqu\u00ed<\/u><\/a>.<\/p>\n<p>Haz un\u00a0<strong>donativo<\/strong>\u00a0<a href=\"https:\/\/www.casaldelsinfants.org\/es\/dona-ahora\/\" target=\"_blank\" rel=\"noopener\"><u>aqu\u00ed<\/u><\/a>.<\/p><\/blockquote>\n","protected":false},"excerpt":{"rendered":"<p>&nbsp; La promoci\u00f3n de una buena alimentaci\u00f3n y h\u00e1bitos saludables son un eje m\u00e1s del ense\u00f1amiento socioeducativo que desde el Casal queremos transmitir a los ni\u00f1os, ni\u00f1as, j\u00f3venes y familias que forman parte. En un contexto de subida de precios, y en el que los procesados y la boller\u00eda industrial son una opci\u00f3n m\u00e1s econ\u00f3mica [&hellip;]<\/p>\n","protected":false},"author":1,"featured_media":10254,"comment_status":"open","ping_status":"open","sticky":false,"template":"","format":"standard","meta":{"_acf_changed":false,"_et_pb_use_builder":"","_et_pb_old_content":"","_et_gb_content_width":"","inline_featured_image":false,"footnotes":""},"categories":[125],"tags":[],"seus":[],"eixos":[110],"class_list":["post-10429","post","type-post","status-publish","format-standard","has-post-thumbnail","hentry","category-noticias","eixos-comunidad-casal-dels-infants"],"acf":[],"yoast_head":"<!-- This site is optimized with the Yoast SEO plugin v27.4 - https:\/\/yoast.com\/product\/yoast-seo-wordpress\/ -->\n<title>Alimentaci\u00f3 i h\u00e0bits saludables per a infants i fam\u00edlies en situaci\u00f3 de vulnerabilitat<\/title>\n<meta name=\"robots\" content=\"index, follow, max-snippet:-1, max-image-preview:large, max-video-preview:-1\" \/>\n<link rel=\"canonical\" href=\"https:\/\/www.casaldelsinfants.org\/es\/actualidad\/comerconsentido\/\" \/>\n<meta property=\"og:locale\" content=\"es_ES\" \/>\n<meta property=\"og:type\" content=\"article\" \/>\n<meta property=\"og:title\" content=\"Alimentaci\u00f3 i h\u00e0bits saludables per a infants i fam\u00edlies en situaci\u00f3 de vulnerabilitat\" \/>\n<meta property=\"og:description\" content=\"&nbsp; La promoci\u00f3n de una buena alimentaci\u00f3n y h\u00e1bitos saludables son un eje m\u00e1s del ense\u00f1amiento socioeducativo que desde el Casal queremos transmitir a los ni\u00f1os, ni\u00f1as, j\u00f3venes y familias que forman parte. En un contexto de subida de precios, y en el que los procesados y la boller\u00eda industrial son una opci\u00f3n m\u00e1s econ\u00f3mica [&hellip;]\" \/>\n<meta property=\"og:url\" content=\"https:\/\/www.casaldelsinfants.org\/es\/actualidad\/comerconsentido\/\" \/>\n<meta property=\"og:site_name\" content=\"Casal dels Infants\" \/>\n<meta property=\"article:publisher\" content=\"https:\/\/www.facebook.com\/casalinfants\" \/>\n<meta property=\"article:published_time\" content=\"2023-02-13T11:28:02+00:00\" \/>\n<meta property=\"article:modified_time\" content=\"2023-10-26T10:58:09+00:00\" \/>\n<meta property=\"og:image\" content=\"https:\/\/www.casaldelsinfants.org\/wp-content\/uploads\/whatsapp_image_2022-10-20_at_11.47.47_1-1.webp\" \/>\n\t<meta property=\"og:image:width\" content=\"2048\" \/>\n\t<meta property=\"og:image:height\" content=\"1608\" \/>\n\t<meta property=\"og:image:type\" content=\"image\/jpeg\" \/>\n<meta name=\"author\" content=\"cdiAdmin\" \/>\n<meta name=\"twitter:card\" content=\"summary_large_image\" \/>\n<meta name=\"twitter:creator\" content=\"@casalinfants\" \/>\n<meta name=\"twitter:site\" content=\"@casalinfants\" \/>\n<meta name=\"twitter:label1\" content=\"Escrito por\" \/>\n\t<meta name=\"twitter:data1\" content=\"cdiAdmin\" \/>\n\t<meta name=\"twitter:label2\" content=\"Tiempo de lectura\" \/>\n\t<meta name=\"twitter:data2\" content=\"5 minutos\" \/>\n<script type=\"application\/ld+json\" class=\"yoast-schema-graph\">{\"@context\":\"https:\\\/\\\/schema.org\",\"@graph\":[{\"@type\":\"Article\",\"@id\":\"https:\\\/\\\/www.casaldelsinfants.org\\\/es\\\/actualidad\\\/comerconsentido\\\/#article\",\"isPartOf\":{\"@id\":\"https:\\\/\\\/www.casaldelsinfants.org\\\/es\\\/actualidad\\\/comerconsentido\\\/\"},\"author\":{\"name\":\"cdiAdmin\",\"@id\":\"https:\\\/\\\/www.casaldelsinfants.org\\\/es\\\/#\\\/schema\\\/person\\\/97707fc8c64900cf36891127dbf9fba8\"},\"headline\":\"Comer con sentido: alimentaci\u00f3n y h\u00e1bitos saludables para ni\u00f1os, ni\u00f1as y familias en situaci\u00f3n de vulnerabilidad\",\"datePublished\":\"2023-02-13T11:28:02+00:00\",\"dateModified\":\"2023-10-26T10:58:09+00:00\",\"mainEntityOfPage\":{\"@id\":\"https:\\\/\\\/www.casaldelsinfants.org\\\/es\\\/actualidad\\\/comerconsentido\\\/\"},\"wordCount\":940,\"commentCount\":0,\"publisher\":{\"@id\":\"https:\\\/\\\/www.casaldelsinfants.org\\\/es\\\/#organization\"},\"image\":{\"@id\":\"https:\\\/\\\/www.casaldelsinfants.org\\\/es\\\/actualidad\\\/comerconsentido\\\/#primaryimage\"},\"thumbnailUrl\":\"https:\\\/\\\/www.casaldelsinfants.org\\\/wp-content\\\/uploads\\\/whatsapp_image_2022-10-20_at_11.47.47_1-1.webp\",\"articleSection\":[\"Noticia\"],\"inLanguage\":\"es\",\"potentialAction\":[{\"@type\":\"CommentAction\",\"name\":\"Comment\",\"target\":[\"https:\\\/\\\/www.casaldelsinfants.org\\\/es\\\/actualidad\\\/comerconsentido\\\/#respond\"]}]},{\"@type\":\"WebPage\",\"@id\":\"https:\\\/\\\/www.casaldelsinfants.org\\\/es\\\/actualidad\\\/comerconsentido\\\/\",\"url\":\"https:\\\/\\\/www.casaldelsinfants.org\\\/es\\\/actualidad\\\/comerconsentido\\\/\",\"name\":\"Alimentaci\u00f3 i h\u00e0bits saludables per a infants i fam\u00edlies en situaci\u00f3 de vulnerabilitat\",\"isPartOf\":{\"@id\":\"https:\\\/\\\/www.casaldelsinfants.org\\\/es\\\/#website\"},\"primaryImageOfPage\":{\"@id\":\"https:\\\/\\\/www.casaldelsinfants.org\\\/es\\\/actualidad\\\/comerconsentido\\\/#primaryimage\"},\"image\":{\"@id\":\"https:\\\/\\\/www.casaldelsinfants.org\\\/es\\\/actualidad\\\/comerconsentido\\\/#primaryimage\"},\"thumbnailUrl\":\"https:\\\/\\\/www.casaldelsinfants.org\\\/wp-content\\\/uploads\\\/whatsapp_image_2022-10-20_at_11.47.47_1-1.webp\",\"datePublished\":\"2023-02-13T11:28:02+00:00\",\"dateModified\":\"2023-10-26T10:58:09+00:00\",\"breadcrumb\":{\"@id\":\"https:\\\/\\\/www.casaldelsinfants.org\\\/es\\\/actualidad\\\/comerconsentido\\\/#breadcrumb\"},\"inLanguage\":\"es\",\"potentialAction\":[{\"@type\":\"ReadAction\",\"target\":[\"https:\\\/\\\/www.casaldelsinfants.org\\\/es\\\/actualidad\\\/comerconsentido\\\/\"]}]},{\"@type\":\"ImageObject\",\"inLanguage\":\"es\",\"@id\":\"https:\\\/\\\/www.casaldelsinfants.org\\\/es\\\/actualidad\\\/comerconsentido\\\/#primaryimage\",\"url\":\"https:\\\/\\\/www.casaldelsinfants.org\\\/wp-content\\\/uploads\\\/whatsapp_image_2022-10-20_at_11.47.47_1-1.webp\",\"contentUrl\":\"https:\\\/\\\/www.casaldelsinfants.org\\\/wp-content\\\/uploads\\\/whatsapp_image_2022-10-20_at_11.47.47_1-1.webp\",\"width\":2048,\"height\":1608,\"caption\":\"Noies cuinant al taller de \\\"comer con sentido\\\"\"},{\"@type\":\"BreadcrumbList\",\"@id\":\"https:\\\/\\\/www.casaldelsinfants.org\\\/es\\\/actualidad\\\/comerconsentido\\\/#breadcrumb\",\"itemListElement\":[{\"@type\":\"ListItem\",\"position\":1,\"name\":\"Inici\",\"item\":\"https:\\\/\\\/www.casaldelsinfants.org\\\/es\\\/\"},{\"@type\":\"ListItem\",\"position\":2,\"name\":\"Comer con sentido: alimentaci\u00f3n y h\u00e1bitos saludables para ni\u00f1os, ni\u00f1as y familias en situaci\u00f3n de vulnerabilidad\"}]},{\"@type\":\"WebSite\",\"@id\":\"https:\\\/\\\/www.casaldelsinfants.org\\\/es\\\/#website\",\"url\":\"https:\\\/\\\/www.casaldelsinfants.org\\\/es\\\/\",\"name\":\"Casal dels Infants\",\"description\":\"\",\"publisher\":{\"@id\":\"https:\\\/\\\/www.casaldelsinfants.org\\\/es\\\/#organization\"},\"potentialAction\":[{\"@type\":\"SearchAction\",\"target\":{\"@type\":\"EntryPoint\",\"urlTemplate\":\"https:\\\/\\\/www.casaldelsinfants.org\\\/es\\\/?s={search_term_string}\"},\"query-input\":{\"@type\":\"PropertyValueSpecification\",\"valueRequired\":true,\"valueName\":\"search_term_string\"}}],\"inLanguage\":\"es\"},{\"@type\":\"Organization\",\"@id\":\"https:\\\/\\\/www.casaldelsinfants.org\\\/es\\\/#organization\",\"name\":\"Casal dels Infants\",\"url\":\"https:\\\/\\\/www.casaldelsinfants.org\\\/es\\\/\",\"logo\":{\"@type\":\"ImageObject\",\"inLanguage\":\"es\",\"@id\":\"https:\\\/\\\/www.casaldelsinfants.org\\\/es\\\/#\\\/schema\\\/logo\\\/image\\\/\",\"url\":\"https:\\\/\\\/www.casaldelsinfants.org\\\/wp-content\\\/uploads\\\/logo-mail.png\",\"contentUrl\":\"https:\\\/\\\/www.casaldelsinfants.org\\\/wp-content\\\/uploads\\\/logo-mail.png\",\"width\":380,\"height\":158,\"caption\":\"Casal dels Infants\"},\"image\":{\"@id\":\"https:\\\/\\\/www.casaldelsinfants.org\\\/es\\\/#\\\/schema\\\/logo\\\/image\\\/\"},\"sameAs\":[\"https:\\\/\\\/www.facebook.com\\\/casalinfants\",\"https:\\\/\\\/x.com\\\/casalinfants\",\"https:\\\/\\\/www.youtube.com\\\/user\\\/CasaldelsInfants1\",\"https:\\\/\\\/www.instagram.com\\\/casalinfants\\\/\",\"https:\\\/\\\/www.linkedin.com\\\/company\\\/casaldelsinfants?trk=organization-update_share-update_actor-text\"]},{\"@type\":\"Person\",\"@id\":\"https:\\\/\\\/www.casaldelsinfants.org\\\/es\\\/#\\\/schema\\\/person\\\/97707fc8c64900cf36891127dbf9fba8\",\"name\":\"cdiAdmin\",\"sameAs\":[\"https:\\\/\\\/casaldelsinfants.org\"]}]}<\/script>\n<!-- \/ Yoast SEO plugin. -->","yoast_head_json":{"title":"Alimentaci\u00f3 i h\u00e0bits saludables per a infants i fam\u00edlies en situaci\u00f3 de vulnerabilitat","robots":{"index":"index","follow":"follow","max-snippet":"max-snippet:-1","max-image-preview":"max-image-preview:large","max-video-preview":"max-video-preview:-1"},"canonical":"https:\/\/www.casaldelsinfants.org\/es\/actualidad\/comerconsentido\/","og_locale":"es_ES","og_type":"article","og_title":"Alimentaci\u00f3 i h\u00e0bits saludables per a infants i fam\u00edlies en situaci\u00f3 de vulnerabilitat","og_description":"&nbsp; La promoci\u00f3n de una buena alimentaci\u00f3n y h\u00e1bitos saludables son un eje m\u00e1s del ense\u00f1amiento socioeducativo que desde el Casal queremos transmitir a los ni\u00f1os, ni\u00f1as, j\u00f3venes y familias que forman parte. En un contexto de subida de precios, y en el que los procesados y la boller\u00eda industrial son una opci\u00f3n m\u00e1s econ\u00f3mica [&hellip;]","og_url":"https:\/\/www.casaldelsinfants.org\/es\/actualidad\/comerconsentido\/","og_site_name":"Casal dels Infants","article_publisher":"https:\/\/www.facebook.com\/casalinfants","article_published_time":"2023-02-13T11:28:02+00:00","article_modified_time":"2023-10-26T10:58:09+00:00","og_image":[{"width":2048,"height":1608,"url":"https:\/\/www.casaldelsinfants.org\/wp-content\/uploads\/whatsapp_image_2022-10-20_at_11.47.47_1-1.webp","type":"image\/jpeg"}],"author":"cdiAdmin","twitter_card":"summary_large_image","twitter_creator":"@casalinfants","twitter_site":"@casalinfants","twitter_misc":{"Escrito por":"cdiAdmin","Tiempo de lectura":"5 minutos"},"schema":{"@context":"https:\/\/schema.org","@graph":[{"@type":"Article","@id":"https:\/\/www.casaldelsinfants.org\/es\/actualidad\/comerconsentido\/#article","isPartOf":{"@id":"https:\/\/www.casaldelsinfants.org\/es\/actualidad\/comerconsentido\/"},"author":{"name":"cdiAdmin","@id":"https:\/\/www.casaldelsinfants.org\/es\/#\/schema\/person\/97707fc8c64900cf36891127dbf9fba8"},"headline":"Comer con sentido: alimentaci\u00f3n y h\u00e1bitos saludables para ni\u00f1os, ni\u00f1as y familias en situaci\u00f3n de vulnerabilidad","datePublished":"2023-02-13T11:28:02+00:00","dateModified":"2023-10-26T10:58:09+00:00","mainEntityOfPage":{"@id":"https:\/\/www.casaldelsinfants.org\/es\/actualidad\/comerconsentido\/"},"wordCount":940,"commentCount":0,"publisher":{"@id":"https:\/\/www.casaldelsinfants.org\/es\/#organization"},"image":{"@id":"https:\/\/www.casaldelsinfants.org\/es\/actualidad\/comerconsentido\/#primaryimage"},"thumbnailUrl":"https:\/\/www.casaldelsinfants.org\/wp-content\/uploads\/whatsapp_image_2022-10-20_at_11.47.47_1-1.webp","articleSection":["Noticia"],"inLanguage":"es","potentialAction":[{"@type":"CommentAction","name":"Comment","target":["https:\/\/www.casaldelsinfants.org\/es\/actualidad\/comerconsentido\/#respond"]}]},{"@type":"WebPage","@id":"https:\/\/www.casaldelsinfants.org\/es\/actualidad\/comerconsentido\/","url":"https:\/\/www.casaldelsinfants.org\/es\/actualidad\/comerconsentido\/","name":"Alimentaci\u00f3 i h\u00e0bits saludables per a infants i fam\u00edlies en situaci\u00f3 de vulnerabilitat","isPartOf":{"@id":"https:\/\/www.casaldelsinfants.org\/es\/#website"},"primaryImageOfPage":{"@id":"https:\/\/www.casaldelsinfants.org\/es\/actualidad\/comerconsentido\/#primaryimage"},"image":{"@id":"https:\/\/www.casaldelsinfants.org\/es\/actualidad\/comerconsentido\/#primaryimage"},"thumbnailUrl":"https:\/\/www.casaldelsinfants.org\/wp-content\/uploads\/whatsapp_image_2022-10-20_at_11.47.47_1-1.webp","datePublished":"2023-02-13T11:28:02+00:00","dateModified":"2023-10-26T10:58:09+00:00","breadcrumb":{"@id":"https:\/\/www.casaldelsinfants.org\/es\/actualidad\/comerconsentido\/#breadcrumb"},"inLanguage":"es","potentialAction":[{"@type":"ReadAction","target":["https:\/\/www.casaldelsinfants.org\/es\/actualidad\/comerconsentido\/"]}]},{"@type":"ImageObject","inLanguage":"es","@id":"https:\/\/www.casaldelsinfants.org\/es\/actualidad\/comerconsentido\/#primaryimage","url":"https:\/\/www.casaldelsinfants.org\/wp-content\/uploads\/whatsapp_image_2022-10-20_at_11.47.47_1-1.webp","contentUrl":"https:\/\/www.casaldelsinfants.org\/wp-content\/uploads\/whatsapp_image_2022-10-20_at_11.47.47_1-1.webp","width":2048,"height":1608,"caption":"Noies cuinant al taller de \"comer con sentido\""},{"@type":"BreadcrumbList","@id":"https:\/\/www.casaldelsinfants.org\/es\/actualidad\/comerconsentido\/#breadcrumb","itemListElement":[{"@type":"ListItem","position":1,"name":"Inici","item":"https:\/\/www.casaldelsinfants.org\/es\/"},{"@type":"ListItem","position":2,"name":"Comer con sentido: alimentaci\u00f3n y h\u00e1bitos saludables para ni\u00f1os, ni\u00f1as y familias en situaci\u00f3n de vulnerabilidad"}]},{"@type":"WebSite","@id":"https:\/\/www.casaldelsinfants.org\/es\/#website","url":"https:\/\/www.casaldelsinfants.org\/es\/","name":"Casal dels Infants","description":"","publisher":{"@id":"https:\/\/www.casaldelsinfants.org\/es\/#organization"},"potentialAction":[{"@type":"SearchAction","target":{"@type":"EntryPoint","urlTemplate":"https:\/\/www.casaldelsinfants.org\/es\/?s={search_term_string}"},"query-input":{"@type":"PropertyValueSpecification","valueRequired":true,"valueName":"search_term_string"}}],"inLanguage":"es"},{"@type":"Organization","@id":"https:\/\/www.casaldelsinfants.org\/es\/#organization","name":"Casal dels Infants","url":"https:\/\/www.casaldelsinfants.org\/es\/","logo":{"@type":"ImageObject","inLanguage":"es","@id":"https:\/\/www.casaldelsinfants.org\/es\/#\/schema\/logo\/image\/","url":"https:\/\/www.casaldelsinfants.org\/wp-content\/uploads\/logo-mail.png","contentUrl":"https:\/\/www.casaldelsinfants.org\/wp-content\/uploads\/logo-mail.png","width":380,"height":158,"caption":"Casal dels Infants"},"image":{"@id":"https:\/\/www.casaldelsinfants.org\/es\/#\/schema\/logo\/image\/"},"sameAs":["https:\/\/www.facebook.com\/casalinfants","https:\/\/x.com\/casalinfants","https:\/\/www.youtube.com\/user\/CasaldelsInfants1","https:\/\/www.instagram.com\/casalinfants\/","https:\/\/www.linkedin.com\/company\/casaldelsinfants?trk=organization-update_share-update_actor-text"]},{"@type":"Person","@id":"https:\/\/www.casaldelsinfants.org\/es\/#\/schema\/person\/97707fc8c64900cf36891127dbf9fba8","name":"cdiAdmin","sameAs":["https:\/\/casaldelsinfants.org"]}]}},"publishpress_future_action":{"enabled":false,"date":"2026-05-09 02:56:15","action":"change-status","newStatus":"draft","terms":[],"taxonomy":"category","extraData":[]},"publishpress_future_workflow_manual_trigger":{"enabledWorkflows":[]},"_links":{"self":[{"href":"https:\/\/www.casaldelsinfants.org\/es\/wp-json\/wp\/v2\/posts\/10429","targetHints":{"allow":["GET"]}}],"collection":[{"href":"https:\/\/www.casaldelsinfants.org\/es\/wp-json\/wp\/v2\/posts"}],"about":[{"href":"https:\/\/www.casaldelsinfants.org\/es\/wp-json\/wp\/v2\/types\/post"}],"author":[{"embeddable":true,"href":"https:\/\/www.casaldelsinfants.org\/es\/wp-json\/wp\/v2\/users\/1"}],"replies":[{"embeddable":true,"href":"https:\/\/www.casaldelsinfants.org\/es\/wp-json\/wp\/v2\/comments?post=10429"}],"version-history":[{"count":2,"href":"https:\/\/www.casaldelsinfants.org\/es\/wp-json\/wp\/v2\/posts\/10429\/revisions"}],"predecessor-version":[{"id":14964,"href":"https:\/\/www.casaldelsinfants.org\/es\/wp-json\/wp\/v2\/posts\/10429\/revisions\/14964"}],"wp:featuredmedia":[{"embeddable":true,"href":"https:\/\/www.casaldelsinfants.org\/es\/wp-json\/wp\/v2\/media\/10254"}],"wp:attachment":[{"href":"https:\/\/www.casaldelsinfants.org\/es\/wp-json\/wp\/v2\/media?parent=10429"}],"wp:term":[{"taxonomy":"category","embeddable":true,"href":"https:\/\/www.casaldelsinfants.org\/es\/wp-json\/wp\/v2\/categories?post=10429"},{"taxonomy":"post_tag","embeddable":true,"href":"https:\/\/www.casaldelsinfants.org\/es\/wp-json\/wp\/v2\/tags?post=10429"},{"taxonomy":"seus","embeddable":true,"href":"https:\/\/www.casaldelsinfants.org\/es\/wp-json\/wp\/v2\/seus?post=10429"},{"taxonomy":"eixos","embeddable":true,"href":"https:\/\/www.casaldelsinfants.org\/es\/wp-json\/wp\/v2\/eixos?post=10429"}],"curies":[{"name":"wp","href":"https:\/\/api.w.org\/{rel}","templated":true}]}}