{"id":10431,"date":"2023-02-08T11:14:55","date_gmt":"2023-02-08T09:14:55","guid":{"rendered":"https:\/\/casal.puntzero.cat\/librosinfantilesperspectivadegenero\/"},"modified":"2025-04-14T13:24:36","modified_gmt":"2025-04-14T11:24:36","slug":"librosinfantilesperspectivadegenero","status":"publish","type":"post","link":"https:\/\/www.casaldelsinfants.org\/es\/actualidad\/librosinfantilesperspectivadegenero\/","title":{"rendered":"8 libros infantiles para tratar la perspectiva de g\u00e9nero"},"content":{"rendered":"<p><span style=\"color: #000000;\">El pr\u00f3ximo 8 de marzo se celebra el <strong>Dia Internacional de la Mujer<\/strong>, un d\u00eda para recordar los derechos que las mujeres han conquerido a lo largo de los a\u00f1os y conmemorar la historia de luchas y sacrificios para conseguirlos, as\u00ed como reivindicar la igualdad de derechos y oportunidades para todas las mujeres.\u00a0<\/span><\/p>\n<p>&nbsp;<\/p>\n<h2 dir=\"ltr\"><span style=\"font-size: 20px;\"><strong>La lectura como recurso de aprendizaje y educaci\u00f3n en clave de igualdad<\/strong><\/span><\/h2>\n<p dir=\"ltr\"><span style=\"color: #000000;\">A pesar de algunos avances, nos queda a\u00fan mucho camino para recorrer para conseguir una igualdad real para todas las mujeres. Los ni\u00f1os y ni\u00f1as, a pesar de su corta edad, son tambi\u00e9n actores activos para un cambio social que nos permita avanzar hacia mejoras de drechos y libertades \u00e0ra toda la sociedad.\u00a0<\/span><span style=\"color: #000000;\"><strong>Educarlos en clave de feminismo, perspectiva de g\u00e9nero e igualdad es esencial para acercarnos a este cambio. <\/strong>Los libros infantiles son un recurso muy \u00faltil y funcional para introducir a ni\u00f1os y ni\u00f1as la perspectiva de g\u00e9nero de manera did\u00e1ctica, resolver dudas y deconstruir los roles de g\u00e9nero.\u00a0<\/span><\/p>\n<p dir=\"ltr\"><span style=\"color: #000000;\">\u00a0\u00a0\u00a0<\/span><\/p>\n<h2 dir=\"ltr\"><span style=\"font-size: 20px;\"><strong>Libros para trabajar la perspectiva de g\u00e9nero con ni\u00f1os y ni\u00f1as\u00a0<\/strong><\/span><\/h2>\n<p dir=\"ltr\"><span style=\"color: #000000;\">Con motivo de este <strong>8M<\/strong>, recogemos <strong>8 libros infantiles<\/strong>, adecuados a diferentes niveles de edad, para explicar y trabajar la perspectiva de g\u00e9nero con ni\u00f1os y ni\u00f1as.\u00a0\u00a0<\/span><\/p>\n<h3 dir=\"ltr\"><span style=\"font-size: 18px;\">1. <a href=\"https:\/\/traficantes.net\/libros\/erase-dos-veces-rapunzel\" target=\"_blank\" rel=\"nofollow noopener\"><u>\u00c9rase dos veces Rapunzel<\/u><\/a><\/span><\/h3>\n<p><img decoding=\"async\" class=\"align-center\" src=\"\/wp-content\/uploads\/inline-images\/vet%20aqu%C3%AD%20dues%20vegades%20rapunzel.jpg\" alt=\"Portada del llibre infantil &quot;Vet aqu\u00ed dues vegades Rapunzel&quot;\" width=\"321\" height=\"325\" data-entity-type=\"file\" data-entity-uuid=\"d1fd4c9c-6770-4840-86de-80d23f18f0e7\" data-image-style=\"max_325x325\" \/><\/p>\n<p dir=\"ltr\"><span style=\"color: #000000;\"><strong>Autor\u00eda: <\/strong>Bel\u00e9n Gaudes, Pablo Mac\u00edas<\/span><\/p>\n<p dir=\"ltr\"><span style=\"color: #000000;\">El cuento explica el cuento tradicional a la vez que transforma aquellos elementos que fomentan estereotipos de los roles de g\u00e9nero. Con el cuento, se aprende que <strong>las chicas no necesitan ser salvadas por ning\u00fan pr\u00edncipe azul<\/strong>, sin\u00f3 que pueden ser valientes, creativas y resolutivas, y se construyen nuevos modelos y valores.\u00a0<\/span><\/p>\n<p dir=\"ltr\"><span style=\"color: #000000;\">El libro est\u00e1 pensado para ni\u00f1os y ni\u00f1as de <strong>5 a 8 a\u00f1os<\/strong>.\u00a0<\/span><\/p>\n<h3 dir=\"ltr\"><span style=\"font-size: 18px;\">2.\u00a0<u><a href=\"https:\/\/www.pandoramirabilia.net\/un-cuento-propio\/album-ilustrado\/\" target=\"_blank\" rel=\"nofollow noopener\">Un cuento propio. Historias para escuchar y leer, hero\u00ednas para descubrir<\/a><\/u><\/span><\/h3>\n<p><img decoding=\"async\" class=\"align-center\" src=\"\/wp-content\/uploads\/inline-images\/Un%20conte%20propi.jpg\" alt=\"Portada del llibre infantil &quot;Un conte propi. Hist\u00f2ries per escoltar i llegir, hero\u00efnes per descobrir&quot;\" width=\"228\" height=\"325\" data-entity-type=\"file\" data-entity-uuid=\"c9f1788c-c6cb-4572-85fe-fb0602ab1246\" data-image-style=\"max_325x325\" \/><\/p>\n<p dir=\"ltr\"><span style=\"color: #000000;\"><strong>Autor\u00eda:<\/strong> Pandora Mirabilia, Camila Monasterio, Irene Cuesta<\/span><\/p>\n<p dir=\"ltr\"><span style=\"color: #000000;\">Este libro es una compilaci\u00f3n de cuentos sobre <strong>cinco mujeres reales que lideraron diferentes luchas por el cambio<\/strong>. Ni\u00f1os y ni\u00f1as que lo lean aprenderan sobre la vida de Harriet Tubman, abolicionista de Estados Unidos, Concepci\u00f3n Arenal, pionera del feminismo en Espa\u00f1a, Gaura Devi, activista ecol\u00f3gica de la India, Alia Muhammad Baqer, bibliotecaria de Iraq, y el colectivo Mujeres Creando de Bolivia. Descubriran que la historia est\u00e1 llena de mujeres extraordinarias que han contribuido a mejorar la vida de las personas en su pa\u00eds, as\u00ed como las opresiones que tuvieron que superar.<\/span><\/p>\n<p dir=\"ltr\"><span style=\"color: #000000;\">El libro es para ni\u00f1os y ni\u00f1as de <strong>9 a 12 a\u00f1os<\/strong>.<\/span><\/p>\n<h3 dir=\"ltr\"><span style=\"font-size: 18px;\">3.\u00a0<u><a href=\"https:\/\/www.libreriaberkana.com\/libros\/ni-yo-princesa-ni-tu-rana\/9788472908390\/\" target=\"_blank\" rel=\"nofollow noopener\">Ni yo\u00a0princesa, ni t\u00fa rana<\/a><\/u><\/span><\/h3>\n<p><img decoding=\"async\" class=\"align-center\" src=\"\/wp-content\/uploads\/inline-images\/Ni%20jo%20princesa%2C%20ni%20tu%20granota.jpg\" alt=\"Portada del llibre infantil &quot;Ni jo princesa, ni tu granota&quot;\" width=\"325\" height=\"316\" data-entity-type=\"file\" data-entity-uuid=\"26194ca4-d0c4-4238-9ce8-a2dcba682e08\" data-image-style=\"max_325x325\" \/><\/p>\n<p dir=\"ltr\"><span style=\"color: #000000;\"><strong>Autor\u00eda:<\/strong> Anna Agull\u00f3 Laypanda<\/span><\/p>\n<p dir=\"ltr\"><span style=\"color: #000000;\">Joan es un ni\u00f1o que se piensa que es una rana con coraz\u00f3n de pr\u00edncipe, hasta que conoce Lua en un encuentro que lo har\u00e1 descubrir que las ni\u00f1as y los ni\u00f1os no son tan diferentes y que se lo pueden pasar muy bien juntos. La historia <strong>rompe con la idea del amor rom\u00e1ntico y permite reflexionar sobre los roles de g\u00e9nero<\/strong>, las expectativas asociadas a ser chicos o chicas, y avanzar hacia la deconstrucci\u00f3n.\u00a0<\/span><\/p>\n<p dir=\"ltr\"><span style=\"color: #000000;\">El libro est\u00e1 pensado para ni\u00f1os y ni\u00f1as de <strong>5 a 8 a\u00f1os<\/strong>.\u00a0<\/span><\/p>\n<h3 dir=\"ltr\"><span style=\"font-size: 18px;\">4.\u00a0<u><a href=\"https:\/\/www.brunolibros.es\/libro\/albumes\/las-chicas-pueden-con-todo\/\" target=\"_blank\" rel=\"nofollow noopener\">Las chicas pueden con todo<\/a><\/u><\/span><\/h3>\n<p><img decoding=\"async\" class=\"align-center\" src=\"\/wp-content\/uploads\/inline-images\/Les%20noies%20son%20capaces%20de%20tot.jpg\" alt=\"Portada del llibre infantil &quot;Les noies s\u00f3n capaces de tot&quot;\" width=\"294\" height=\"325\" data-entity-type=\"file\" data-entity-uuid=\"c9c94912-f059-4ed6-9a35-fd247a1f7f08\" data-image-style=\"max_325x325\" \/><\/p>\n<p dir=\"ltr\"><span style=\"color: #000000;\"><strong>Autor\u00eda:<\/strong> Caryl Hart, Ali Pye<\/span><\/p>\n<p dir=\"ltr\"><span style=\"color: #000000;\">El cuento ense\u00f1a que no hay cosas solo de chicos y cosas solo de chicas, sino que <strong>rompe con las barreras de roles de g\u00e9nero tradicionales<\/strong>, que a\u00fan hoy dan a entender que hay \u00e1mbitos reservados para chicos y hombres.\u00a0\u00a0<\/span><\/p>\n<p dir=\"ltr\"><span style=\"color: #000000;\">El libro es para ni\u00f1os y ni\u00f1as de <strong>0 a 8 a\u00f1os<\/strong>.<\/span><\/p>\n<h3 dir=\"ltr\"><span style=\"font-size: 18px;\">5.\u00a0<u><a href=\"https:\/\/www.grup62.cat\/llibre-contes-de-bona-nit-per-a-nenes-rebels-2\/265675\" target=\"_blank\" rel=\"nofollow noopener\">Cuentos de buenas noches para ni\u00f1as rebeldes\u00a02<\/a><\/u><\/span><\/h3>\n<p><img decoding=\"async\" class=\"align-center\" src=\"\/wp-content\/uploads\/inline-images\/Contes%20de%20bona%20nit%20per%20nenes%20rebels%202.jpg\" alt=\"Portada del llibre infantil &quot;Contes de bona nit per a nenes rebals 2&quot;\" width=\"245\" height=\"325\" data-entity-type=\"file\" data-entity-uuid=\"1fa297f7-6a66-4081-a3e4-a632d832eeee\" data-image-style=\"max_325x325\" \/><\/p>\n<p dir=\"ltr\"><span style=\"color: #000000;\"><strong>Autor\u00eda:<\/strong> Elena Favilli, Francesca Cavallo<\/span><\/p>\n<p dir=\"ltr\"><span style=\"color: #000000;\">Este libro es una <strong>compilaci\u00f3n de 100 nuevos cuentos e historias de mujeres de alrededor del mundo<\/strong>. El libro repasa las vidas y historias de artistas, activistas y figuras hist\u00f3ricas, como Beyonc\u00e9, Madonna, Rigoberta Mench\u00fa y Nefertiti. <\/span><\/p>\n<p dir=\"ltr\"><span style=\"color: #000000;\">El libro es para ni\u00f1os y ni\u00f1as\u00a0de <strong>9 a 12 a\u00f1os<\/strong>.<\/span><\/p>\n<h3 dir=\"ltr\"><span style=\"font-size: 18px;\">6. <a href=\"https:\/\/www.casadellibro.com\/libro-cuando-las-ninas-vuelan-alto\/9788448849023\/5819085\" target=\"_blank\" rel=\"nofollow noopener\"><u>Cuando las ni\u00f1as vuelan alto<\/u><\/a><\/span><\/h3>\n<p><img decoding=\"async\" class=\"align-center\" src=\"\/wp-content\/uploads\/inline-images\/Quan%20les%20nenes%20volen%20alt.jpg\" alt=\"Portada del llibre infantil &quot;Quan les nenes volen alt&quot;\" width=\"325\" height=\"287\" data-entity-type=\"file\" data-entity-uuid=\"055b034c-35a9-4aa2-aa85-aa2ae1bd3f40\" data-image-style=\"max_325x325\" \/><\/p>\n<p dir=\"ltr\"><span style=\"color: #000000;\"><strong>Autor\u00eda:<\/strong> Raquel D\u00edaz Reguera<\/span><\/p>\n<p dir=\"ltr\"><span style=\"color: #000000;\">El libro explica la historia de Martina, que de grande quiere ser la mejor piloto del mundo, Adriana, que le encanta tocar el viol\u00edn, y Virginia, que se pasa el d\u00eda leyendo y escribiendo cuentos. Las ni\u00f1as se iran encontrando <strong>personajes que ejemplifican las barreras y estereotipos que afectan ni\u00f1os y ni\u00f1as<\/strong>, como de que manera deben vestir, qu\u00e9 pueden hacer o no.<\/span><\/p>\n<p dir=\"ltr\"><span style=\"color: #000000;\">El libro est\u00e1 pensado para ni\u00f1os y ni\u00f1as <strong>a partir de 4 a\u00f1os<\/strong>.<\/span><\/p>\n<h3 dir=\"ltr\"><span style=\"font-size: 18px;\">7.\u00a0<u><a href=\"https:\/\/www.casadellibro.com\/libro-las-princesas-tambien-se-tiran-pedos\/9788498453157\/1831664\" target=\"_blank\" rel=\"nofollow noopener\">Las princesas tambi\u00e9n se tiran pedos<\/a><\/u><\/span><\/h3>\n<p><img decoding=\"async\" class=\"align-center\" src=\"\/wp-content\/uploads\/inline-images\/Les%20princeses%20tamb%C3%A9%20es%20tiren%20pets.jpg\" alt=\"Portada del llibre infantil &quot;Les princeses tamb\u00e9 es tiren pets&quot;\" width=\"319\" height=\"325\" data-entity-type=\"file\" data-entity-uuid=\"d3a534fa-2e4a-4af3-b57d-65c28634ce8d\" data-image-style=\"max_325x325\" \/><\/p>\n<p dir=\"ltr\"><span style=\"color: #000000;\"><strong>Autor\u00eda:<\/strong> Ilan Brenman, Ionit Ziberman<\/span><\/p>\n<p dir=\"ltr\"><span style=\"color: #000000;\">Laura un d\u00eda escucha un rumor a la escuela que la deja muy confundida: es posible que las princesas de sus cuentos preferidos tambi\u00e9n se tiren pedos? El cuento <strong>desmonta con humor y naturalidad los mitos y estereotipos de hombres y mujeres<\/strong>, potencia la igualdad de g\u00e9nero y acceptaci\u00f3n de las diferencias entre todas las personas, y abraza las imperfecciones.\u00a0<\/span><\/p>\n<p dir=\"ltr\"><span style=\"color: #000000;\">El libro est\u00e1 pensado para ni\u00f1os y ni\u00f1as de <strong>3 a 8 a\u00f1os<\/strong>.\u00a0<\/span><\/p>\n<h3 dir=\"ltr\"><span style=\"font-size: 18px;\">8.\u00a0<u><a href=\"https:\/\/www.edicions96.com\/es\/libro\/tengo-dos-mamas_127904\/\" target=\"_blank\" rel=\"nofollow noopener\">T<\/a><\/u><a href=\"https:\/\/www.edicions96.com\/es\/libro\/tengo-dos-mamas_127904\/\" target=\"_blank\" rel=\"nofollow noopener\"><u>engo dos mam\u00e1s<\/u><\/a><\/span><\/h3>\n<p><img decoding=\"async\" class=\"align-center\" src=\"\/wp-content\/uploads\/inline-images\/Tinc%20dues%20mares.jpg\" alt=\"Portada del llibre infantil &quot;Tinc dues mares&quot;\" width=\"325\" height=\"325\" data-entity-type=\"file\" data-entity-uuid=\"62f04614-b08a-4675-8e7d-ca474b5de3ab\" data-image-style=\"max_325x325\" \/><\/p>\n<p dir=\"ltr\"><span style=\"color: #000000;\"><strong>Autor\u00eda:<\/strong> Ant\u00f2nia Cardona, Natalia Ferr\u00fas<\/span><\/p>\n<p dir=\"ltr\"><span style=\"color: #000000;\">J\u00falia tiene dos madres, va a la escuela y a jugar al parque como los otros ni\u00f1os y ni\u00f1as. El libro tiene el objetivo de ofrecer una variedad de cuentos a los ni\u00f1os y ni\u00f1as donde sentirse identificados y conocer la <strong>diversidad de familias<\/strong>, al mismo tiempo que resaltan los parecidos que hay entre ellas.\u00a0<\/span><\/p>\n<p dir=\"ltr\"><span style=\"color: #000000;\">El libro est\u00e1 dirigido a ni\u00f1os y ni\u00f1as de entre <strong>0 y 8 a\u00f1os<\/strong>.<\/span><\/p>\n<p dir=\"ltr\">\n","protected":false},"excerpt":{"rendered":"<p>El pr\u00f3ximo 8 de marzo se celebra el Dia Internacional de la Mujer, un d\u00eda para recordar los derechos que las mujeres han conquerido a lo largo de los a\u00f1os y conmemorar la historia de luchas y sacrificios para conseguirlos, as\u00ed como reivindicar la igualdad de derechos y oportunidades para todas las mujeres.\u00a0 &nbsp; La [&hellip;]<\/p>\n","protected":false},"author":1,"featured_media":10258,"comment_status":"open","ping_status":"open","sticky":false,"template":"","format":"standard","meta":{"_acf_changed":false,"_et_pb_use_builder":"","_et_pb_old_content":"","_et_gb_content_width":"","inline_featured_image":false,"footnotes":""},"categories":[125],"tags":[],"seus":[],"eixos":[],"class_list":["post-10431","post","type-post","status-publish","format-standard","has-post-thumbnail","hentry","category-noticias"],"acf":[],"yoast_head":"<!-- This site is optimized with the Yoast SEO plugin v27.4 - https:\/\/yoast.com\/product\/yoast-seo-wordpress\/ -->\n<title>8 libros infantiles para tratar la perspectiva de g\u00e9nero<\/title>\n<meta name=\"description\" content=\"Con motivo del 8M, recogemos 8 libros infantiles, adecuados a diferentes niveles de edad, para trabajar la perspectiva de g\u00e9nero con ni\u00f1os y ni\u00f1as.\u00a0\u00a0\" \/>\n<meta name=\"robots\" content=\"index, follow, max-snippet:-1, max-image-preview:large, max-video-preview:-1\" \/>\n<link rel=\"canonical\" href=\"https:\/\/www.casaldelsinfants.org\/es\/actualidad\/librosinfantilesperspectivadegenero\/\" \/>\n<meta property=\"og:locale\" content=\"es_ES\" \/>\n<meta property=\"og:type\" content=\"article\" \/>\n<meta property=\"og:title\" content=\"8 libros infantiles para tratar la perspectiva de g\u00e9nero\" \/>\n<meta property=\"og:description\" content=\"Con motivo del 8M, recogemos 8 libros infantiles, adecuados a diferentes niveles de edad, para trabajar la perspectiva de g\u00e9nero con ni\u00f1os y ni\u00f1as.\u00a0\u00a0\" \/>\n<meta property=\"og:url\" content=\"https:\/\/www.casaldelsinfants.org\/es\/actualidad\/librosinfantilesperspectivadegenero\/\" \/>\n<meta property=\"og:site_name\" content=\"Casal dels Infants\" \/>\n<meta property=\"article:publisher\" content=\"https:\/\/www.facebook.com\/casalinfants\" \/>\n<meta property=\"article:published_time\" content=\"2023-02-08T09:14:55+00:00\" \/>\n<meta property=\"article:modified_time\" content=\"2025-04-14T11:24:36+00:00\" \/>\n<meta property=\"og:image\" content=\"https:\/\/www.casaldelsinfants.org\/wp-content\/uploads\/dsc04484-scaled-1.webp\" \/>\n\t<meta property=\"og:image:width\" content=\"2560\" \/>\n\t<meta property=\"og:image:height\" content=\"1708\" \/>\n\t<meta property=\"og:image:type\" content=\"image\/jpeg\" \/>\n<meta name=\"author\" content=\"cdiAdmin\" \/>\n<meta name=\"twitter:card\" content=\"summary_large_image\" \/>\n<meta name=\"twitter:creator\" content=\"@casalinfants\" \/>\n<meta name=\"twitter:site\" content=\"@casalinfants\" \/>\n<meta name=\"twitter:label1\" content=\"Escrito por\" \/>\n\t<meta name=\"twitter:data1\" content=\"cdiAdmin\" \/>\n\t<meta name=\"twitter:label2\" content=\"Tiempo de lectura\" \/>\n\t<meta name=\"twitter:data2\" content=\"7 minutos\" \/>\n<script type=\"application\/ld+json\" class=\"yoast-schema-graph\">{\"@context\":\"https:\\\/\\\/schema.org\",\"@graph\":[{\"@type\":\"Article\",\"@id\":\"https:\\\/\\\/www.casaldelsinfants.org\\\/es\\\/actualidad\\\/librosinfantilesperspectivadegenero\\\/#article\",\"isPartOf\":{\"@id\":\"https:\\\/\\\/www.casaldelsinfants.org\\\/es\\\/actualidad\\\/librosinfantilesperspectivadegenero\\\/\"},\"author\":{\"name\":\"cdiAdmin\",\"@id\":\"https:\\\/\\\/www.casaldelsinfants.org\\\/es\\\/#\\\/schema\\\/person\\\/97707fc8c64900cf36891127dbf9fba8\"},\"headline\":\"8 libros infantiles para tratar la perspectiva de g\u00e9nero\",\"datePublished\":\"2023-02-08T09:14:55+00:00\",\"dateModified\":\"2025-04-14T11:24:36+00:00\",\"mainEntityOfPage\":{\"@id\":\"https:\\\/\\\/www.casaldelsinfants.org\\\/es\\\/actualidad\\\/librosinfantilesperspectivadegenero\\\/\"},\"wordCount\":959,\"commentCount\":0,\"publisher\":{\"@id\":\"https:\\\/\\\/www.casaldelsinfants.org\\\/es\\\/#organization\"},\"image\":{\"@id\":\"https:\\\/\\\/www.casaldelsinfants.org\\\/es\\\/actualidad\\\/librosinfantilesperspectivadegenero\\\/#primaryimage\"},\"thumbnailUrl\":\"https:\\\/\\\/www.casaldelsinfants.org\\\/wp-content\\\/uploads\\\/dsc04484-scaled-1.webp\",\"articleSection\":[\"Noticia\"],\"inLanguage\":\"es\",\"potentialAction\":[{\"@type\":\"CommentAction\",\"name\":\"Comment\",\"target\":[\"https:\\\/\\\/www.casaldelsinfants.org\\\/es\\\/actualidad\\\/librosinfantilesperspectivadegenero\\\/#respond\"]}]},{\"@type\":\"WebPage\",\"@id\":\"https:\\\/\\\/www.casaldelsinfants.org\\\/es\\\/actualidad\\\/librosinfantilesperspectivadegenero\\\/\",\"url\":\"https:\\\/\\\/www.casaldelsinfants.org\\\/es\\\/actualidad\\\/librosinfantilesperspectivadegenero\\\/\",\"name\":\"8 libros infantiles para tratar la perspectiva de g\u00e9nero\",\"isPartOf\":{\"@id\":\"https:\\\/\\\/www.casaldelsinfants.org\\\/es\\\/#website\"},\"primaryImageOfPage\":{\"@id\":\"https:\\\/\\\/www.casaldelsinfants.org\\\/es\\\/actualidad\\\/librosinfantilesperspectivadegenero\\\/#primaryimage\"},\"image\":{\"@id\":\"https:\\\/\\\/www.casaldelsinfants.org\\\/es\\\/actualidad\\\/librosinfantilesperspectivadegenero\\\/#primaryimage\"},\"thumbnailUrl\":\"https:\\\/\\\/www.casaldelsinfants.org\\\/wp-content\\\/uploads\\\/dsc04484-scaled-1.webp\",\"datePublished\":\"2023-02-08T09:14:55+00:00\",\"dateModified\":\"2025-04-14T11:24:36+00:00\",\"description\":\"Con motivo del 8M, recogemos 8 libros infantiles, adecuados a diferentes niveles de edad, para trabajar la perspectiva de g\u00e9nero con ni\u00f1os y ni\u00f1as.\u00a0\u00a0\",\"breadcrumb\":{\"@id\":\"https:\\\/\\\/www.casaldelsinfants.org\\\/es\\\/actualidad\\\/librosinfantilesperspectivadegenero\\\/#breadcrumb\"},\"inLanguage\":\"es\",\"potentialAction\":[{\"@type\":\"ReadAction\",\"target\":[\"https:\\\/\\\/www.casaldelsinfants.org\\\/es\\\/actualidad\\\/librosinfantilesperspectivadegenero\\\/\"]}]},{\"@type\":\"ImageObject\",\"inLanguage\":\"es\",\"@id\":\"https:\\\/\\\/www.casaldelsinfants.org\\\/es\\\/actualidad\\\/librosinfantilesperspectivadegenero\\\/#primaryimage\",\"url\":\"https:\\\/\\\/www.casaldelsinfants.org\\\/wp-content\\\/uploads\\\/dsc04484-scaled-1.webp\",\"contentUrl\":\"https:\\\/\\\/www.casaldelsinfants.org\\\/wp-content\\\/uploads\\\/dsc04484-scaled-1.webp\",\"width\":2560,\"height\":1708,\"caption\":\"Noia ajudant a una nena a llegir\"},{\"@type\":\"BreadcrumbList\",\"@id\":\"https:\\\/\\\/www.casaldelsinfants.org\\\/es\\\/actualidad\\\/librosinfantilesperspectivadegenero\\\/#breadcrumb\",\"itemListElement\":[{\"@type\":\"ListItem\",\"position\":1,\"name\":\"Inici\",\"item\":\"https:\\\/\\\/www.casaldelsinfants.org\\\/es\\\/\"},{\"@type\":\"ListItem\",\"position\":2,\"name\":\"8 libros infantiles para tratar la perspectiva de g\u00e9nero\"}]},{\"@type\":\"WebSite\",\"@id\":\"https:\\\/\\\/www.casaldelsinfants.org\\\/es\\\/#website\",\"url\":\"https:\\\/\\\/www.casaldelsinfants.org\\\/es\\\/\",\"name\":\"Casal dels Infants\",\"description\":\"\",\"publisher\":{\"@id\":\"https:\\\/\\\/www.casaldelsinfants.org\\\/es\\\/#organization\"},\"potentialAction\":[{\"@type\":\"SearchAction\",\"target\":{\"@type\":\"EntryPoint\",\"urlTemplate\":\"https:\\\/\\\/www.casaldelsinfants.org\\\/es\\\/?s={search_term_string}\"},\"query-input\":{\"@type\":\"PropertyValueSpecification\",\"valueRequired\":true,\"valueName\":\"search_term_string\"}}],\"inLanguage\":\"es\"},{\"@type\":\"Organization\",\"@id\":\"https:\\\/\\\/www.casaldelsinfants.org\\\/es\\\/#organization\",\"name\":\"Casal dels Infants\",\"url\":\"https:\\\/\\\/www.casaldelsinfants.org\\\/es\\\/\",\"logo\":{\"@type\":\"ImageObject\",\"inLanguage\":\"es\",\"@id\":\"https:\\\/\\\/www.casaldelsinfants.org\\\/es\\\/#\\\/schema\\\/logo\\\/image\\\/\",\"url\":\"https:\\\/\\\/www.casaldelsinfants.org\\\/wp-content\\\/uploads\\\/logo-mail.png\",\"contentUrl\":\"https:\\\/\\\/www.casaldelsinfants.org\\\/wp-content\\\/uploads\\\/logo-mail.png\",\"width\":380,\"height\":158,\"caption\":\"Casal dels Infants\"},\"image\":{\"@id\":\"https:\\\/\\\/www.casaldelsinfants.org\\\/es\\\/#\\\/schema\\\/logo\\\/image\\\/\"},\"sameAs\":[\"https:\\\/\\\/www.facebook.com\\\/casalinfants\",\"https:\\\/\\\/x.com\\\/casalinfants\",\"https:\\\/\\\/www.youtube.com\\\/user\\\/CasaldelsInfants1\",\"https:\\\/\\\/www.instagram.com\\\/casalinfants\\\/\",\"https:\\\/\\\/www.linkedin.com\\\/company\\\/casaldelsinfants?trk=organization-update_share-update_actor-text\"]},{\"@type\":\"Person\",\"@id\":\"https:\\\/\\\/www.casaldelsinfants.org\\\/es\\\/#\\\/schema\\\/person\\\/97707fc8c64900cf36891127dbf9fba8\",\"name\":\"cdiAdmin\",\"sameAs\":[\"https:\\\/\\\/casaldelsinfants.org\"]}]}<\/script>\n<!-- \/ Yoast SEO plugin. -->","yoast_head_json":{"title":"8 libros infantiles para tratar la perspectiva de g\u00e9nero","description":"Con motivo del 8M, recogemos 8 libros infantiles, adecuados a diferentes niveles de edad, para trabajar la perspectiva de g\u00e9nero con ni\u00f1os y ni\u00f1as.\u00a0\u00a0","robots":{"index":"index","follow":"follow","max-snippet":"max-snippet:-1","max-image-preview":"max-image-preview:large","max-video-preview":"max-video-preview:-1"},"canonical":"https:\/\/www.casaldelsinfants.org\/es\/actualidad\/librosinfantilesperspectivadegenero\/","og_locale":"es_ES","og_type":"article","og_title":"8 libros infantiles para tratar la perspectiva de g\u00e9nero","og_description":"Con motivo del 8M, recogemos 8 libros infantiles, adecuados a diferentes niveles de edad, para trabajar la perspectiva de g\u00e9nero con ni\u00f1os y ni\u00f1as.\u00a0\u00a0","og_url":"https:\/\/www.casaldelsinfants.org\/es\/actualidad\/librosinfantilesperspectivadegenero\/","og_site_name":"Casal dels Infants","article_publisher":"https:\/\/www.facebook.com\/casalinfants","article_published_time":"2023-02-08T09:14:55+00:00","article_modified_time":"2025-04-14T11:24:36+00:00","og_image":[{"width":2560,"height":1708,"url":"https:\/\/www.casaldelsinfants.org\/wp-content\/uploads\/dsc04484-scaled-1.webp","type":"image\/jpeg"}],"author":"cdiAdmin","twitter_card":"summary_large_image","twitter_creator":"@casalinfants","twitter_site":"@casalinfants","twitter_misc":{"Escrito por":"cdiAdmin","Tiempo de lectura":"7 minutos"},"schema":{"@context":"https:\/\/schema.org","@graph":[{"@type":"Article","@id":"https:\/\/www.casaldelsinfants.org\/es\/actualidad\/librosinfantilesperspectivadegenero\/#article","isPartOf":{"@id":"https:\/\/www.casaldelsinfants.org\/es\/actualidad\/librosinfantilesperspectivadegenero\/"},"author":{"name":"cdiAdmin","@id":"https:\/\/www.casaldelsinfants.org\/es\/#\/schema\/person\/97707fc8c64900cf36891127dbf9fba8"},"headline":"8 libros infantiles para tratar la perspectiva de g\u00e9nero","datePublished":"2023-02-08T09:14:55+00:00","dateModified":"2025-04-14T11:24:36+00:00","mainEntityOfPage":{"@id":"https:\/\/www.casaldelsinfants.org\/es\/actualidad\/librosinfantilesperspectivadegenero\/"},"wordCount":959,"commentCount":0,"publisher":{"@id":"https:\/\/www.casaldelsinfants.org\/es\/#organization"},"image":{"@id":"https:\/\/www.casaldelsinfants.org\/es\/actualidad\/librosinfantilesperspectivadegenero\/#primaryimage"},"thumbnailUrl":"https:\/\/www.casaldelsinfants.org\/wp-content\/uploads\/dsc04484-scaled-1.webp","articleSection":["Noticia"],"inLanguage":"es","potentialAction":[{"@type":"CommentAction","name":"Comment","target":["https:\/\/www.casaldelsinfants.org\/es\/actualidad\/librosinfantilesperspectivadegenero\/#respond"]}]},{"@type":"WebPage","@id":"https:\/\/www.casaldelsinfants.org\/es\/actualidad\/librosinfantilesperspectivadegenero\/","url":"https:\/\/www.casaldelsinfants.org\/es\/actualidad\/librosinfantilesperspectivadegenero\/","name":"8 libros infantiles para tratar la perspectiva de g\u00e9nero","isPartOf":{"@id":"https:\/\/www.casaldelsinfants.org\/es\/#website"},"primaryImageOfPage":{"@id":"https:\/\/www.casaldelsinfants.org\/es\/actualidad\/librosinfantilesperspectivadegenero\/#primaryimage"},"image":{"@id":"https:\/\/www.casaldelsinfants.org\/es\/actualidad\/librosinfantilesperspectivadegenero\/#primaryimage"},"thumbnailUrl":"https:\/\/www.casaldelsinfants.org\/wp-content\/uploads\/dsc04484-scaled-1.webp","datePublished":"2023-02-08T09:14:55+00:00","dateModified":"2025-04-14T11:24:36+00:00","description":"Con motivo del 8M, recogemos 8 libros infantiles, adecuados a diferentes niveles de edad, para trabajar la perspectiva de g\u00e9nero con ni\u00f1os y ni\u00f1as.\u00a0\u00a0","breadcrumb":{"@id":"https:\/\/www.casaldelsinfants.org\/es\/actualidad\/librosinfantilesperspectivadegenero\/#breadcrumb"},"inLanguage":"es","potentialAction":[{"@type":"ReadAction","target":["https:\/\/www.casaldelsinfants.org\/es\/actualidad\/librosinfantilesperspectivadegenero\/"]}]},{"@type":"ImageObject","inLanguage":"es","@id":"https:\/\/www.casaldelsinfants.org\/es\/actualidad\/librosinfantilesperspectivadegenero\/#primaryimage","url":"https:\/\/www.casaldelsinfants.org\/wp-content\/uploads\/dsc04484-scaled-1.webp","contentUrl":"https:\/\/www.casaldelsinfants.org\/wp-content\/uploads\/dsc04484-scaled-1.webp","width":2560,"height":1708,"caption":"Noia ajudant a una nena a llegir"},{"@type":"BreadcrumbList","@id":"https:\/\/www.casaldelsinfants.org\/es\/actualidad\/librosinfantilesperspectivadegenero\/#breadcrumb","itemListElement":[{"@type":"ListItem","position":1,"name":"Inici","item":"https:\/\/www.casaldelsinfants.org\/es\/"},{"@type":"ListItem","position":2,"name":"8 libros infantiles para tratar la perspectiva de g\u00e9nero"}]},{"@type":"WebSite","@id":"https:\/\/www.casaldelsinfants.org\/es\/#website","url":"https:\/\/www.casaldelsinfants.org\/es\/","name":"Casal dels Infants","description":"","publisher":{"@id":"https:\/\/www.casaldelsinfants.org\/es\/#organization"},"potentialAction":[{"@type":"SearchAction","target":{"@type":"EntryPoint","urlTemplate":"https:\/\/www.casaldelsinfants.org\/es\/?s={search_term_string}"},"query-input":{"@type":"PropertyValueSpecification","valueRequired":true,"valueName":"search_term_string"}}],"inLanguage":"es"},{"@type":"Organization","@id":"https:\/\/www.casaldelsinfants.org\/es\/#organization","name":"Casal dels Infants","url":"https:\/\/www.casaldelsinfants.org\/es\/","logo":{"@type":"ImageObject","inLanguage":"es","@id":"https:\/\/www.casaldelsinfants.org\/es\/#\/schema\/logo\/image\/","url":"https:\/\/www.casaldelsinfants.org\/wp-content\/uploads\/logo-mail.png","contentUrl":"https:\/\/www.casaldelsinfants.org\/wp-content\/uploads\/logo-mail.png","width":380,"height":158,"caption":"Casal dels Infants"},"image":{"@id":"https:\/\/www.casaldelsinfants.org\/es\/#\/schema\/logo\/image\/"},"sameAs":["https:\/\/www.facebook.com\/casalinfants","https:\/\/x.com\/casalinfants","https:\/\/www.youtube.com\/user\/CasaldelsInfants1","https:\/\/www.instagram.com\/casalinfants\/","https:\/\/www.linkedin.com\/company\/casaldelsinfants?trk=organization-update_share-update_actor-text"]},{"@type":"Person","@id":"https:\/\/www.casaldelsinfants.org\/es\/#\/schema\/person\/97707fc8c64900cf36891127dbf9fba8","name":"cdiAdmin","sameAs":["https:\/\/casaldelsinfants.org"]}]}},"publishpress_future_action":{"enabled":false,"date":"2026-05-08 17:57:52","action":"change-status","newStatus":"draft","terms":[],"taxonomy":"category","extraData":[]},"publishpress_future_workflow_manual_trigger":{"enabledWorkflows":[]},"_links":{"self":[{"href":"https:\/\/www.casaldelsinfants.org\/es\/wp-json\/wp\/v2\/posts\/10431","targetHints":{"allow":["GET"]}}],"collection":[{"href":"https:\/\/www.casaldelsinfants.org\/es\/wp-json\/wp\/v2\/posts"}],"about":[{"href":"https:\/\/www.casaldelsinfants.org\/es\/wp-json\/wp\/v2\/types\/post"}],"author":[{"embeddable":true,"href":"https:\/\/www.casaldelsinfants.org\/es\/wp-json\/wp\/v2\/users\/1"}],"replies":[{"embeddable":true,"href":"https:\/\/www.casaldelsinfants.org\/es\/wp-json\/wp\/v2\/comments?post=10431"}],"version-history":[{"count":2,"href":"https:\/\/www.casaldelsinfants.org\/es\/wp-json\/wp\/v2\/posts\/10431\/revisions"}],"predecessor-version":[{"id":13722,"href":"https:\/\/www.casaldelsinfants.org\/es\/wp-json\/wp\/v2\/posts\/10431\/revisions\/13722"}],"wp:featuredmedia":[{"embeddable":true,"href":"https:\/\/www.casaldelsinfants.org\/es\/wp-json\/wp\/v2\/media\/10258"}],"wp:attachment":[{"href":"https:\/\/www.casaldelsinfants.org\/es\/wp-json\/wp\/v2\/media?parent=10431"}],"wp:term":[{"taxonomy":"category","embeddable":true,"href":"https:\/\/www.casaldelsinfants.org\/es\/wp-json\/wp\/v2\/categories?post=10431"},{"taxonomy":"post_tag","embeddable":true,"href":"https:\/\/www.casaldelsinfants.org\/es\/wp-json\/wp\/v2\/tags?post=10431"},{"taxonomy":"seus","embeddable":true,"href":"https:\/\/www.casaldelsinfants.org\/es\/wp-json\/wp\/v2\/seus?post=10431"},{"taxonomy":"eixos","embeddable":true,"href":"https:\/\/www.casaldelsinfants.org\/es\/wp-json\/wp\/v2\/eixos?post=10431"}],"curies":[{"name":"wp","href":"https:\/\/api.w.org\/{rel}","templated":true}]}}