{"id":10432,"date":"2023-02-08T10:33:26","date_gmt":"2023-02-08T08:33:26","guid":{"rendered":"https:\/\/casal.puntzero.cat\/absentismoescolar\/"},"modified":"2023-05-23T13:15:40","modified_gmt":"2023-05-23T11:15:40","slug":"absentismoescolar","status":"publish","type":"post","link":"https:\/\/www.casaldelsinfants.org\/es\/actualidad\/absentismoescolar\/","title":{"rendered":"\u00bfC\u00f3mo combatir el absentismo escolar?"},"content":{"rendered":"<p>\u00a0<\/p>\n<p><span style=\"color:#000000;\">En Catalunya todos los ni\u00f1os, ni\u00f1as y adolescentes tienen derecho al m\u00e1ximo nivel de educaci\u00f3n posible desde que nacen, as\u00ed como a recibir una educaci\u00f3n integral y de calidad, tal como recogen la Ley de los derechos y las oportunidades en la infancia y la adolescencia y la Ley de educaci\u00f3n. En cuanto a los deberes, el alumnado tiene la obligaci\u00f3n de asistir a clase y los Ayuntamientos deben velar por el cumplimiento de la escolaridad obligatoria. Todo ello es clave para garantizar la universalidad, la equidad y la integraci\u00f3n de todos los colectivos, uno de los principios rectores del sistema educativo.<\/span><\/p>\n<p><meta charset=\"utf-8\" \/><\/p>\n<h2 dir=\"ltr\"><strong>\u00bfQu\u00e9 es el absentismo escolar?<\/strong><\/h2>\n<p dir=\"ltr\"><span style=\"color:#000000;\">La palabra absentismo se utiliza en referencia a situaciones distintas, que la Ley de los derechos y las oportunidades en la infancia y la adolescencia define as\u00ed:<\/span><\/p>\n<h3 class=\"verd\" dir=\"ltr\">No escolarizaci\u00f3n<\/h3>\n<p class=\"verd\" dir=\"ltr\"><span style=\"color:#000000;\">Se da cuando los progenitores o los tutores del ni\u00f1o, ni\u00f1a o adolescente no realizan los tr\u00e1mites necesarios para garantizarles una plaza escolar, sin un motivo justificado.<\/span><\/p>\n<h3 dir=\"ltr\">Absentismo<\/h3>\n<p dir=\"ltr\"><span style=\"color:#000000;\">Se da cuando el alumno no asiste a clase sin justificaci\u00f3n. Se diferencia el tipo de absentismo en funci\u00f3n de la falta de asistencia del alumno.<\/span><\/p>\n<p class=\"verd\" dir=\"ltr\"><strong>Absentismo\u00a0puntual o espor\u00e1dico:<\/strong><span style=\"color:#000000;\">\u00a0La ausencia se da en menos del 5% de las clases sin justificaci\u00f3n.<\/span><\/p>\n<p class=\"verd\" dir=\"ltr\"><strong>Absentismo\u00a0moderado:<\/strong>\u00a0<span style=\"color:#000000;\">La ausencia se da entre el 5% y el 25% de las clases sin justificaci\u00f3n.<\/span><\/p>\n<p class=\"verd\" dir=\"ltr\"><strong>Absentismo grave, regular o cr\u00f3nico:<\/strong><span style=\"color:#000000;\">\u00a0La ausencia\u00a0se da en m\u00e1s del 25% de las clases sin justificaci\u00f3n.<\/span><\/p>\n<h3 dir=\"ltr\">Abandono\u00a0escolar<\/h3>\n<p dir=\"ltr\"><span style=\"color:#000000;\">Se produce en el momento en el que el alumno deja de asistir a clase de forma indefinida y sin justificaci\u00f3n.<\/span><\/p>\n<h2 dir=\"ltr\"><strong>\u00bfCu\u00e1les son las causas del ausentismo escolar?<\/strong><\/h2>\n<p dir=\"ltr\"><span style=\"color:#000000;\">Hay distintas situaciones que pueden provocar el absentismo escolar, y estas se engloban en cuatro factores de resigo que pueden influir simult\u00e1neamente.<\/span><\/p>\n<p dir=\"ltr\"><strong>Personales:<\/strong>\u00a0<span style=\"color:#000000;\">Los problemas de salud; una autoestima baja; tener poca tolerancia a la frustraci\u00f3n; la falta de habilidades sociales; tener pocas expectativas en los estudios; sentir poca vinculaci\u00f3n con la escuela o el instituto o no adaptarse a las normas.<\/span><\/p>\n<p dir=\"ltr\"><strong>Familiares:<\/strong>\u00a0<span style=\"color:#000000;\">Las dificultades socioecon\u00f3micas de la familia para salir adelante, el ambiente familiar complejo; el ambiente familiar complejo; los cambios de residencia; las dificultades en la relaci\u00f3n con los padres y los problemas relacionales entre la familia y el centro educativo.<\/span><\/p>\n<p dir=\"ltr\"><strong>Contextuales:<\/strong>\u00a0<span style=\"color:#000000;\">El alumno o alumna se relaciona con compa\u00f1eros y compa\u00f1eras absentistas, su entorno no da valor al hecho de estudiar o el alumnado participa poco en el tejido asociativo.<\/span><\/p>\n<p dir=\"ltr\"><strong>Escolares:<\/strong>\u00a0<span style=\"color:#000000;\">El centro no atiende adecuadamente la diversidad del alumnado; no hay medidas para reincorporar al alumnado absentista; el curr\u00edculum no tiene una perspectiva intercultural; las metodolog\u00edas y la gesti\u00f3n del aula no favorecen la asistencia; no se genera sentimiento de pertenencia del alumnado; no se realiza un seguimiento de la asistencia o existen\u00a0problemas de informaci\u00f3n y comunicaci\u00f3n.<\/span><\/p>\n<h2 dir=\"ltr\">\u00bfC\u00f3mo prevenir el absentismo en la escuela?<\/h2>\n<p dir=\"ltr\"><span style=\"color:#000000;\">El Departament de Educaci\u00f3n, en coordinaci\u00f3n con diferentes actores de la comunidad educativa y los ayuntamientos, despliega distintas medidas y recursos para garantizar la asistencia del alumnado a clase.<\/span><\/p>\n<p dir=\"ltr\"><strong>Protocolo de absentismo:<\/strong>\u00a0<span style=\"color:#000000;\">El<\/span> <u><a href=\"https:\/\/xtec.gencat.cat\/web\/.content\/centres\/projeducatiu\/convivencia\/protocols\/absentisme\/documents\/protocol-absentisme-ambit-comunitari.pdf\" rel=\"nofollow\">protocolo de \u00e1mbito comunitario de prevenci\u00f3n, detecci\u00f3n e intervenci\u00f3n ante situaciones de absentismo<\/a><\/u>\u00a0<span style=\"color:#000000;\">promueve medidas para prevenir el absentismo y el abandono escolar y un seguido de intervenciones educativas cuando ya se ha detectado la falta de asistencia al aula, teniendo en cuenta los factores de riesgo ya mencionados. Tambi\u00e9n se establece la coordinaci\u00f3n y el trabajo en red que se debe dar entre los actores de la comunidad educativa, y la colaboraci\u00f3n necesaria entre la Generalitat y los municipios.<\/span><\/p>\n<p dir=\"ltr\"><strong>Comisiones de absentismo\u00a0de \u00e1mbito\u00a0comunitario:<\/strong>\u00a0<span style=\"color:#000000;\">Act\u00faan en una zona educativa determinada y se encargan de coordinar la detecci\u00f3n, prevenci\u00f3n y actuaci\u00f3n ante factores de riesgo de absentismo.\u00a0Las preside la Inspecci\u00f3n de Educaci\u00f3n, y tambi\u00e9n las integran un representante del ayuntamiento o del Consorci d&#8217;Educaci\u00f3, los directores y directoras de los centros educativos, el Equipo de Asesoramiento y Orientaci\u00f3n Psicopedag\u00f3gico (EAP) y otros profesionales que se considere que deben participar. El curso 2020-2021 hab\u00eda 176 comisiones de absentismo en Catalunya.<\/span><\/p>\n<p dir=\"ltr\"><strong>Inversi\u00f3n p\u00fablica:<\/strong> <span style=\"color:#000000;\">La inversi\u00f3n de presupuesto es un factor de peso para combatir el absentismo escolar. En 2018 el 12% de municipios de m\u00e1s de 10.000 habitantes en Catalunya hab\u00eda incrementado sus recursos contra el absentismo escolar y en la vigilancia de la escolaridad obligatoria, y casi ocho de cada diez municipios de estas dimensiones contaba con un programa de lucha contra el absentismo, seg\u00fan el informe <a href=\"https:\/\/fundaciobofill.cat\/uploads\/docs\/r\/q\/o\/quw-eec20-anuari2020.pdf\" rel=\"nofollow\">\u00abEl estado de la educaci\u00f3n en\u00a0Catalunya\u00bb<\/a> de 2020\u00a0de la Fundaci\u00f3 Bofill. El curso 2020-2021 26 municipios implementaron o dinamizaron un plan local de prevenci\u00f3n del absentismo, en el marco del Plan de Mejora de Oportunidades Educativas (PMOE).<\/span><\/p>\n<h2 dir=\"ltr\"><strong>\u00bfC\u00f3mo actuamos en el Casal dels Infants contra el absentismo?<\/strong><\/h2>\n<p dir=\"ltr\"><span style=\"color:#000000;\">En el Casal dels Infants acompa\u00f1amos cada a\u00f1o a m\u00e1s de 6.000 ni\u00f1os, padres y madres a trav\u00e9s de 63 servicios socioeducativos. El refuerzo educativo fuera del horario lectivo tiene una importancia fundamental en nuestra acci\u00f3n social. Fortalecemos los itinerarios educativos de los chicos y chicas, y competencias clave como la autonom\u00eda y el desarrollo personal, las relaciones familiares positivas y las competencias relacionales para la participaci\u00f3n. Tambi\u00e9n involucramos sus familias en este acompa\u00f1amiento, reforzando sus competencias y ofreci\u00e9ndoles apoyo en la crianza, y trabajamos en red con el vecindario\u00a0y otras entidades y organizaciones del territorio, como las escuelas y los institutos. Por todo ello, tenemos un papel clave en la prevenci\u00f3n e intervenci\u00f3n ante los cuatro factores de riesgo que favorecen el fracaso escolar.<\/span><\/p>\n<p dir=\"ltr\">\u00a0<\/p>\n","protected":false},"excerpt":{"rendered":"<p>\u00a0 En Catalunya todos los ni\u00f1os, ni\u00f1as y adolescentes tienen derecho al m\u00e1ximo nivel de educaci\u00f3n posible desde que nacen, as\u00ed como a recibir una educaci\u00f3n integral y de calidad, tal como recogen la Ley de los derechos y las oportunidades en la infancia y la adolescencia y la Ley de educaci\u00f3n. En cuanto a [&hellip;]<\/p>\n","protected":false},"author":1,"featured_media":10261,"comment_status":"open","ping_status":"open","sticky":false,"template":"","format":"standard","meta":{"_acf_changed":false,"_et_pb_use_builder":"","_et_pb_old_content":"","_et_gb_content_width":"","inline_featured_image":false,"footnotes":""},"categories":[125],"tags":[],"seus":[],"eixos":[],"class_list":["post-10432","post","type-post","status-publish","format-standard","has-post-thumbnail","hentry","category-noticias"],"acf":[],"yoast_head":"<!-- This site is optimized with the Yoast SEO plugin v27.4 - https:\/\/yoast.com\/product\/yoast-seo-wordpress\/ -->\n<title>\u00bfC\u00f3mo sumamos esfuerzos para hacer frente al absentismo escolar?<\/title>\n<meta name=\"description\" content=\"El absentismo escolar se da cuando el alumno no asiste a clase sin justificaci\u00f3n, y las causas que lo favorecen son factores de riesgo personales, familiares, contextuales o escolares. La principal herramienta para prevenir e intervenir ante el absentismo es el protocolo de absentismo del Departament d&#039;Educaci\u00f3.\" \/>\n<meta name=\"robots\" content=\"index, follow, max-snippet:-1, max-image-preview:large, max-video-preview:-1\" \/>\n<link rel=\"canonical\" href=\"https:\/\/www.casaldelsinfants.org\/es\/actualidad\/absentismoescolar\/\" \/>\n<meta property=\"og:locale\" content=\"es_ES\" \/>\n<meta property=\"og:type\" content=\"article\" \/>\n<meta property=\"og:title\" content=\"\u00bfC\u00f3mo sumamos esfuerzos para hacer frente al absentismo escolar?\" \/>\n<meta property=\"og:description\" content=\"El absentismo escolar se da cuando el alumno no asiste a clase sin justificaci\u00f3n, y las causas que lo favorecen son factores de riesgo personales, familiares, contextuales o escolares. La principal herramienta para prevenir e intervenir ante el absentismo es el protocolo de absentismo del Departament d&#039;Educaci\u00f3.\" \/>\n<meta property=\"og:url\" content=\"https:\/\/www.casaldelsinfants.org\/es\/actualidad\/absentismoescolar\/\" \/>\n<meta property=\"og:site_name\" content=\"Casal dels Infants\" \/>\n<meta property=\"article:publisher\" content=\"https:\/\/www.facebook.com\/casalinfants\" \/>\n<meta property=\"article:published_time\" content=\"2023-02-08T08:33:26+00:00\" \/>\n<meta property=\"article:modified_time\" content=\"2023-05-23T11:15:40+00:00\" \/>\n<meta property=\"og:image\" content=\"https:\/\/www.casaldelsinfants.org\/wp-content\/uploads\/casal_dels_infants_absentisme_escolar_0-1.webp\" \/>\n\t<meta property=\"og:image:width\" content=\"1799\" \/>\n\t<meta property=\"og:image:height\" content=\"1351\" \/>\n\t<meta property=\"og:image:type\" content=\"image\/jpeg\" \/>\n<meta name=\"author\" content=\"cdiAdmin\" \/>\n<meta name=\"twitter:card\" content=\"summary_large_image\" \/>\n<meta name=\"twitter:creator\" content=\"@casalinfants\" \/>\n<meta name=\"twitter:site\" content=\"@casalinfants\" \/>\n<meta name=\"twitter:label1\" content=\"Escrito por\" \/>\n\t<meta name=\"twitter:data1\" content=\"cdiAdmin\" \/>\n\t<meta name=\"twitter:label2\" content=\"Tiempo de lectura\" \/>\n\t<meta name=\"twitter:data2\" content=\"5 minutos\" \/>\n<script type=\"application\/ld+json\" class=\"yoast-schema-graph\">{\"@context\":\"https:\\\/\\\/schema.org\",\"@graph\":[{\"@type\":\"Article\",\"@id\":\"https:\\\/\\\/www.casaldelsinfants.org\\\/es\\\/actualidad\\\/absentismoescolar\\\/#article\",\"isPartOf\":{\"@id\":\"https:\\\/\\\/www.casaldelsinfants.org\\\/es\\\/actualidad\\\/absentismoescolar\\\/\"},\"author\":{\"name\":\"cdiAdmin\",\"@id\":\"https:\\\/\\\/www.casaldelsinfants.org\\\/es\\\/#\\\/schema\\\/person\\\/97707fc8c64900cf36891127dbf9fba8\"},\"headline\":\"\u00bfC\u00f3mo combatir el absentismo escolar?\",\"datePublished\":\"2023-02-08T08:33:26+00:00\",\"dateModified\":\"2023-05-23T11:15:40+00:00\",\"mainEntityOfPage\":{\"@id\":\"https:\\\/\\\/www.casaldelsinfants.org\\\/es\\\/actualidad\\\/absentismoescolar\\\/\"},\"wordCount\":977,\"commentCount\":0,\"publisher\":{\"@id\":\"https:\\\/\\\/www.casaldelsinfants.org\\\/es\\\/#organization\"},\"image\":{\"@id\":\"https:\\\/\\\/www.casaldelsinfants.org\\\/es\\\/actualidad\\\/absentismoescolar\\\/#primaryimage\"},\"thumbnailUrl\":\"https:\\\/\\\/www.casaldelsinfants.org\\\/wp-content\\\/uploads\\\/casal_dels_infants_absentisme_escolar_0-1.webp\",\"articleSection\":[\"Noticia\"],\"inLanguage\":\"es\",\"potentialAction\":[{\"@type\":\"CommentAction\",\"name\":\"Comment\",\"target\":[\"https:\\\/\\\/www.casaldelsinfants.org\\\/es\\\/actualidad\\\/absentismoescolar\\\/#respond\"]}]},{\"@type\":\"WebPage\",\"@id\":\"https:\\\/\\\/www.casaldelsinfants.org\\\/es\\\/actualidad\\\/absentismoescolar\\\/\",\"url\":\"https:\\\/\\\/www.casaldelsinfants.org\\\/es\\\/actualidad\\\/absentismoescolar\\\/\",\"name\":\"\u00bfC\u00f3mo sumamos esfuerzos para hacer frente al absentismo escolar?\",\"isPartOf\":{\"@id\":\"https:\\\/\\\/www.casaldelsinfants.org\\\/es\\\/#website\"},\"primaryImageOfPage\":{\"@id\":\"https:\\\/\\\/www.casaldelsinfants.org\\\/es\\\/actualidad\\\/absentismoescolar\\\/#primaryimage\"},\"image\":{\"@id\":\"https:\\\/\\\/www.casaldelsinfants.org\\\/es\\\/actualidad\\\/absentismoescolar\\\/#primaryimage\"},\"thumbnailUrl\":\"https:\\\/\\\/www.casaldelsinfants.org\\\/wp-content\\\/uploads\\\/casal_dels_infants_absentisme_escolar_0-1.webp\",\"datePublished\":\"2023-02-08T08:33:26+00:00\",\"dateModified\":\"2023-05-23T11:15:40+00:00\",\"description\":\"El absentismo escolar se da cuando el alumno no asiste a clase sin justificaci\u00f3n, y las causas que lo favorecen son factores de riesgo personales, familiares, contextuales o escolares. La principal herramienta para prevenir e intervenir ante el absentismo es el protocolo de absentismo del Departament d&#039;Educaci\u00f3.\",\"breadcrumb\":{\"@id\":\"https:\\\/\\\/www.casaldelsinfants.org\\\/es\\\/actualidad\\\/absentismoescolar\\\/#breadcrumb\"},\"inLanguage\":\"es\",\"potentialAction\":[{\"@type\":\"ReadAction\",\"target\":[\"https:\\\/\\\/www.casaldelsinfants.org\\\/es\\\/actualidad\\\/absentismoescolar\\\/\"]}]},{\"@type\":\"ImageObject\",\"inLanguage\":\"es\",\"@id\":\"https:\\\/\\\/www.casaldelsinfants.org\\\/es\\\/actualidad\\\/absentismoescolar\\\/#primaryimage\",\"url\":\"https:\\\/\\\/www.casaldelsinfants.org\\\/wp-content\\\/uploads\\\/casal_dels_infants_absentisme_escolar_0-1.webp\",\"contentUrl\":\"https:\\\/\\\/www.casaldelsinfants.org\\\/wp-content\\\/uploads\\\/casal_dels_infants_absentisme_escolar_0-1.webp\",\"width\":1799,\"height\":1351,\"caption\":\"Nens i nenes davant d'ordinadors\"},{\"@type\":\"BreadcrumbList\",\"@id\":\"https:\\\/\\\/www.casaldelsinfants.org\\\/es\\\/actualidad\\\/absentismoescolar\\\/#breadcrumb\",\"itemListElement\":[{\"@type\":\"ListItem\",\"position\":1,\"name\":\"Inici\",\"item\":\"https:\\\/\\\/www.casaldelsinfants.org\\\/es\\\/\"},{\"@type\":\"ListItem\",\"position\":2,\"name\":\"\u00bfC\u00f3mo combatir el absentismo escolar?\"}]},{\"@type\":\"WebSite\",\"@id\":\"https:\\\/\\\/www.casaldelsinfants.org\\\/es\\\/#website\",\"url\":\"https:\\\/\\\/www.casaldelsinfants.org\\\/es\\\/\",\"name\":\"Casal dels Infants\",\"description\":\"\",\"publisher\":{\"@id\":\"https:\\\/\\\/www.casaldelsinfants.org\\\/es\\\/#organization\"},\"potentialAction\":[{\"@type\":\"SearchAction\",\"target\":{\"@type\":\"EntryPoint\",\"urlTemplate\":\"https:\\\/\\\/www.casaldelsinfants.org\\\/es\\\/?s={search_term_string}\"},\"query-input\":{\"@type\":\"PropertyValueSpecification\",\"valueRequired\":true,\"valueName\":\"search_term_string\"}}],\"inLanguage\":\"es\"},{\"@type\":\"Organization\",\"@id\":\"https:\\\/\\\/www.casaldelsinfants.org\\\/es\\\/#organization\",\"name\":\"Casal dels Infants\",\"url\":\"https:\\\/\\\/www.casaldelsinfants.org\\\/es\\\/\",\"logo\":{\"@type\":\"ImageObject\",\"inLanguage\":\"es\",\"@id\":\"https:\\\/\\\/www.casaldelsinfants.org\\\/es\\\/#\\\/schema\\\/logo\\\/image\\\/\",\"url\":\"https:\\\/\\\/www.casaldelsinfants.org\\\/wp-content\\\/uploads\\\/logo-mail.png\",\"contentUrl\":\"https:\\\/\\\/www.casaldelsinfants.org\\\/wp-content\\\/uploads\\\/logo-mail.png\",\"width\":380,\"height\":158,\"caption\":\"Casal dels Infants\"},\"image\":{\"@id\":\"https:\\\/\\\/www.casaldelsinfants.org\\\/es\\\/#\\\/schema\\\/logo\\\/image\\\/\"},\"sameAs\":[\"https:\\\/\\\/www.facebook.com\\\/casalinfants\",\"https:\\\/\\\/x.com\\\/casalinfants\",\"https:\\\/\\\/www.youtube.com\\\/user\\\/CasaldelsInfants1\",\"https:\\\/\\\/www.instagram.com\\\/casalinfants\\\/\",\"https:\\\/\\\/www.linkedin.com\\\/company\\\/casaldelsinfants?trk=organization-update_share-update_actor-text\"]},{\"@type\":\"Person\",\"@id\":\"https:\\\/\\\/www.casaldelsinfants.org\\\/es\\\/#\\\/schema\\\/person\\\/97707fc8c64900cf36891127dbf9fba8\",\"name\":\"cdiAdmin\",\"sameAs\":[\"https:\\\/\\\/casaldelsinfants.org\"]}]}<\/script>\n<!-- \/ Yoast SEO plugin. -->","yoast_head_json":{"title":"\u00bfC\u00f3mo sumamos esfuerzos para hacer frente al absentismo escolar?","description":"El absentismo escolar se da cuando el alumno no asiste a clase sin justificaci\u00f3n, y las causas que lo favorecen son factores de riesgo personales, familiares, contextuales o escolares. La principal herramienta para prevenir e intervenir ante el absentismo es el protocolo de absentismo del Departament d&#039;Educaci\u00f3.","robots":{"index":"index","follow":"follow","max-snippet":"max-snippet:-1","max-image-preview":"max-image-preview:large","max-video-preview":"max-video-preview:-1"},"canonical":"https:\/\/www.casaldelsinfants.org\/es\/actualidad\/absentismoescolar\/","og_locale":"es_ES","og_type":"article","og_title":"\u00bfC\u00f3mo sumamos esfuerzos para hacer frente al absentismo escolar?","og_description":"El absentismo escolar se da cuando el alumno no asiste a clase sin justificaci\u00f3n, y las causas que lo favorecen son factores de riesgo personales, familiares, contextuales o escolares. La principal herramienta para prevenir e intervenir ante el absentismo es el protocolo de absentismo del Departament d&#039;Educaci\u00f3.","og_url":"https:\/\/www.casaldelsinfants.org\/es\/actualidad\/absentismoescolar\/","og_site_name":"Casal dels Infants","article_publisher":"https:\/\/www.facebook.com\/casalinfants","article_published_time":"2023-02-08T08:33:26+00:00","article_modified_time":"2023-05-23T11:15:40+00:00","og_image":[{"width":1799,"height":1351,"url":"https:\/\/www.casaldelsinfants.org\/wp-content\/uploads\/casal_dels_infants_absentisme_escolar_0-1.webp","type":"image\/jpeg"}],"author":"cdiAdmin","twitter_card":"summary_large_image","twitter_creator":"@casalinfants","twitter_site":"@casalinfants","twitter_misc":{"Escrito por":"cdiAdmin","Tiempo de lectura":"5 minutos"},"schema":{"@context":"https:\/\/schema.org","@graph":[{"@type":"Article","@id":"https:\/\/www.casaldelsinfants.org\/es\/actualidad\/absentismoescolar\/#article","isPartOf":{"@id":"https:\/\/www.casaldelsinfants.org\/es\/actualidad\/absentismoescolar\/"},"author":{"name":"cdiAdmin","@id":"https:\/\/www.casaldelsinfants.org\/es\/#\/schema\/person\/97707fc8c64900cf36891127dbf9fba8"},"headline":"\u00bfC\u00f3mo combatir el absentismo escolar?","datePublished":"2023-02-08T08:33:26+00:00","dateModified":"2023-05-23T11:15:40+00:00","mainEntityOfPage":{"@id":"https:\/\/www.casaldelsinfants.org\/es\/actualidad\/absentismoescolar\/"},"wordCount":977,"commentCount":0,"publisher":{"@id":"https:\/\/www.casaldelsinfants.org\/es\/#organization"},"image":{"@id":"https:\/\/www.casaldelsinfants.org\/es\/actualidad\/absentismoescolar\/#primaryimage"},"thumbnailUrl":"https:\/\/www.casaldelsinfants.org\/wp-content\/uploads\/casal_dels_infants_absentisme_escolar_0-1.webp","articleSection":["Noticia"],"inLanguage":"es","potentialAction":[{"@type":"CommentAction","name":"Comment","target":["https:\/\/www.casaldelsinfants.org\/es\/actualidad\/absentismoescolar\/#respond"]}]},{"@type":"WebPage","@id":"https:\/\/www.casaldelsinfants.org\/es\/actualidad\/absentismoescolar\/","url":"https:\/\/www.casaldelsinfants.org\/es\/actualidad\/absentismoescolar\/","name":"\u00bfC\u00f3mo sumamos esfuerzos para hacer frente al absentismo escolar?","isPartOf":{"@id":"https:\/\/www.casaldelsinfants.org\/es\/#website"},"primaryImageOfPage":{"@id":"https:\/\/www.casaldelsinfants.org\/es\/actualidad\/absentismoescolar\/#primaryimage"},"image":{"@id":"https:\/\/www.casaldelsinfants.org\/es\/actualidad\/absentismoescolar\/#primaryimage"},"thumbnailUrl":"https:\/\/www.casaldelsinfants.org\/wp-content\/uploads\/casal_dels_infants_absentisme_escolar_0-1.webp","datePublished":"2023-02-08T08:33:26+00:00","dateModified":"2023-05-23T11:15:40+00:00","description":"El absentismo escolar se da cuando el alumno no asiste a clase sin justificaci\u00f3n, y las causas que lo favorecen son factores de riesgo personales, familiares, contextuales o escolares. La principal herramienta para prevenir e intervenir ante el absentismo es el protocolo de absentismo del Departament d&#039;Educaci\u00f3.","breadcrumb":{"@id":"https:\/\/www.casaldelsinfants.org\/es\/actualidad\/absentismoescolar\/#breadcrumb"},"inLanguage":"es","potentialAction":[{"@type":"ReadAction","target":["https:\/\/www.casaldelsinfants.org\/es\/actualidad\/absentismoescolar\/"]}]},{"@type":"ImageObject","inLanguage":"es","@id":"https:\/\/www.casaldelsinfants.org\/es\/actualidad\/absentismoescolar\/#primaryimage","url":"https:\/\/www.casaldelsinfants.org\/wp-content\/uploads\/casal_dels_infants_absentisme_escolar_0-1.webp","contentUrl":"https:\/\/www.casaldelsinfants.org\/wp-content\/uploads\/casal_dels_infants_absentisme_escolar_0-1.webp","width":1799,"height":1351,"caption":"Nens i nenes davant d'ordinadors"},{"@type":"BreadcrumbList","@id":"https:\/\/www.casaldelsinfants.org\/es\/actualidad\/absentismoescolar\/#breadcrumb","itemListElement":[{"@type":"ListItem","position":1,"name":"Inici","item":"https:\/\/www.casaldelsinfants.org\/es\/"},{"@type":"ListItem","position":2,"name":"\u00bfC\u00f3mo combatir el absentismo escolar?"}]},{"@type":"WebSite","@id":"https:\/\/www.casaldelsinfants.org\/es\/#website","url":"https:\/\/www.casaldelsinfants.org\/es\/","name":"Casal dels Infants","description":"","publisher":{"@id":"https:\/\/www.casaldelsinfants.org\/es\/#organization"},"potentialAction":[{"@type":"SearchAction","target":{"@type":"EntryPoint","urlTemplate":"https:\/\/www.casaldelsinfants.org\/es\/?s={search_term_string}"},"query-input":{"@type":"PropertyValueSpecification","valueRequired":true,"valueName":"search_term_string"}}],"inLanguage":"es"},{"@type":"Organization","@id":"https:\/\/www.casaldelsinfants.org\/es\/#organization","name":"Casal dels Infants","url":"https:\/\/www.casaldelsinfants.org\/es\/","logo":{"@type":"ImageObject","inLanguage":"es","@id":"https:\/\/www.casaldelsinfants.org\/es\/#\/schema\/logo\/image\/","url":"https:\/\/www.casaldelsinfants.org\/wp-content\/uploads\/logo-mail.png","contentUrl":"https:\/\/www.casaldelsinfants.org\/wp-content\/uploads\/logo-mail.png","width":380,"height":158,"caption":"Casal dels Infants"},"image":{"@id":"https:\/\/www.casaldelsinfants.org\/es\/#\/schema\/logo\/image\/"},"sameAs":["https:\/\/www.facebook.com\/casalinfants","https:\/\/x.com\/casalinfants","https:\/\/www.youtube.com\/user\/CasaldelsInfants1","https:\/\/www.instagram.com\/casalinfants\/","https:\/\/www.linkedin.com\/company\/casaldelsinfants?trk=organization-update_share-update_actor-text"]},{"@type":"Person","@id":"https:\/\/www.casaldelsinfants.org\/es\/#\/schema\/person\/97707fc8c64900cf36891127dbf9fba8","name":"cdiAdmin","sameAs":["https:\/\/casaldelsinfants.org"]}]}},"publishpress_future_action":{"enabled":false,"date":"2026-05-09 02:46:53","action":"change-status","newStatus":"draft","terms":[],"taxonomy":"category","extraData":[]},"publishpress_future_workflow_manual_trigger":{"enabledWorkflows":[]},"_links":{"self":[{"href":"https:\/\/www.casaldelsinfants.org\/es\/wp-json\/wp\/v2\/posts\/10432","targetHints":{"allow":["GET"]}}],"collection":[{"href":"https:\/\/www.casaldelsinfants.org\/es\/wp-json\/wp\/v2\/posts"}],"about":[{"href":"https:\/\/www.casaldelsinfants.org\/es\/wp-json\/wp\/v2\/types\/post"}],"author":[{"embeddable":true,"href":"https:\/\/www.casaldelsinfants.org\/es\/wp-json\/wp\/v2\/users\/1"}],"replies":[{"embeddable":true,"href":"https:\/\/www.casaldelsinfants.org\/es\/wp-json\/wp\/v2\/comments?post=10432"}],"version-history":[{"count":1,"href":"https:\/\/www.casaldelsinfants.org\/es\/wp-json\/wp\/v2\/posts\/10432\/revisions"}],"predecessor-version":[{"id":10434,"href":"https:\/\/www.casaldelsinfants.org\/es\/wp-json\/wp\/v2\/posts\/10432\/revisions\/10434"}],"wp:featuredmedia":[{"embeddable":true,"href":"https:\/\/www.casaldelsinfants.org\/es\/wp-json\/wp\/v2\/media\/10261"}],"wp:attachment":[{"href":"https:\/\/www.casaldelsinfants.org\/es\/wp-json\/wp\/v2\/media?parent=10432"}],"wp:term":[{"taxonomy":"category","embeddable":true,"href":"https:\/\/www.casaldelsinfants.org\/es\/wp-json\/wp\/v2\/categories?post=10432"},{"taxonomy":"post_tag","embeddable":true,"href":"https:\/\/www.casaldelsinfants.org\/es\/wp-json\/wp\/v2\/tags?post=10432"},{"taxonomy":"seus","embeddable":true,"href":"https:\/\/www.casaldelsinfants.org\/es\/wp-json\/wp\/v2\/seus?post=10432"},{"taxonomy":"eixos","embeddable":true,"href":"https:\/\/www.casaldelsinfants.org\/es\/wp-json\/wp\/v2\/eixos?post=10432"}],"curies":[{"name":"wp","href":"https:\/\/api.w.org\/{rel}","templated":true}]}}