{"id":10435,"date":"2023-01-24T11:06:11","date_gmt":"2023-01-24T09:06:11","guid":{"rendered":"https:\/\/casal.puntzero.cat\/despues-de-haber-hecho-muchas-entrevistas-siento-que-nadie-me-quiere-ayudar-reflexiones-de\/"},"modified":"2023-10-26T12:25:36","modified_gmt":"2023-10-26T10:25:36","slug":"despues-de-haber-hecho-muchas-entrevistas-siento-que-nadie-me-quiere-ayudar-reflexiones-de","status":"publish","type":"post","link":"https:\/\/www.casaldelsinfants.org\/es\/actualidad\/reflexiones-entrevistas-jovenes\/","title":{"rendered":"\u201cDespu\u00e9s de haber hecho muchas entrevistas, siento que nadie me quiere ayudar\u201d: reflexiones de j\u00f3venes ante un presente y futuro incierto"},"content":{"rendered":"<p class=\"text-align-center\">\n<p class=\"text-align-center\" dir=\"ltr\"><span style=\"font-size: 22px;\"><b id=\"docs-internal-guid-e0e82986-7fff-774b-637e-6c736a341cc8\">Precariedad, inestabilidad e incerteza. Son las palabras con la que se define la fragilidad de la situaci\u00f3n econ\u00f3mica y social actual. Vivimos en un contexto donde encadenamos crisis con otras: despu\u00e9s de la ca\u00edda econ\u00f3mica del 2008, no dio tiempo de levantar la cabeza que la crisis sanitaria del covid-19 deriv\u00f3 a otra crisis econ\u00f3mica, y el 2022 ha estado marcado por la crisis energ\u00e9tica y el aumento del costo de vida.\u00a0<\/b><\/span><\/p>\n<p>&nbsp;<\/p>\n<p dir=\"ltr\">\n<p dir=\"ltr\"><span style=\"color: #000000;\">Para los y las<strong> j\u00f3venes<\/strong>, que se encuentran entre la adolescencia y la adultez, la escuela y el mundo laboral, las crisis econ\u00f3micas y el escaso tiempo de recuperaci\u00f3n han generado un <strong>momento especialmente dif\u00edcil para encontrar oportunidades formativas y laborales<\/strong> que les permitan emanciparse y empezar una nueva etapa vital como j\u00f3venes adultos. Hemos hablado con Ayesha, Imane, Nendeep y Pol, del Casal dels Infants de Santa Coloma, para escuchar sus opiniones y reflexiones sobre la actualidad y las oportunidades de futuro.\u00a0<\/span><\/p>\n<div class=\"video-embed-field-responsive-video form-group\"><iframe loading=\"lazy\" src=\"https:\/\/www.youtube.com\/embed\/FPmO0Wx_XVY?autoplay=0&amp;start=0&amp;rel=0\" width=\"854\" height=\"480\" frameborder=\"0\" allowfullscreen=\"allowfullscreen\"><\/iframe><\/div>\n<p dir=\"ltr\">\n<p dir=\"ltr\"><span style=\"color: #000000;\">\u201c<strong>Yo tengo esperanza en el futuro<\/strong>, porque veo una consciencia real de las nuevas generaciones hacia un cambio, en temas sociales, medioambientales y pol\u00edticos; veo un cambio positivo\u201d, expresa con esperanza Pol, de 19 a\u00f1os. Es verdad que, en comparaci\u00f3n con los j\u00f3venes de generaciones anteriores, los actuales disfrutan de m\u00e1s acceso a la formaci\u00f3n, al consumo y la ampliaci\u00f3n de ciertos derechos y libertades. Las condiciones econ\u00f3micas para vivir una vida digna, pero, han empeorado.\u00a0<\/span><\/p>\n<p dir=\"ltr\"><span style=\"color: #000000;\"><strong>Las personas j\u00f3venes de la actualidad han crecido con las peores perspectivas econ\u00f3micas de los \u00faltimos 60 a\u00f1os<\/strong>, seg\u00fan se expone en el estudio de Oxfam Interm\u00f3n y el Consejo de la Juventud de Espa\u00f1a,<\/span> <u><a href=\"https:\/\/juventudmaldita.com\/\" target=\"_blank\" rel=\"noopener\">\u201cLa maldici\u00f3n de la eterna juventud\u201d<\/a><\/u><span style=\"color: #000000;\">. Son especialmente vulnerables a las recesiones, puesto que con la destrucci\u00f3n del empleo y la precariedad, las oportunidades se reducen. As\u00ed, el mercado laboral inestable y un sistema de protecci\u00f3n social que olvida la poblaci\u00f3n joven \u2014en Catalunya, en el conjunto de la poblaci\u00f3n las transferencias sociales reducen a la mitad el riesgo de pobreza, mientras que entre los y las j\u00f3venes solo lo reducen un 25%, seg\u00fan datos del Institut d\u2019Estad\u00edstica de Catalunya (Idescat)\u2014 provocan que <strong>una de cada tres personas entre los 16 y los 29 a\u00f1os estuviera en situaci\u00f3n de riesgo de pobreza o exclusi\u00f3n social<\/strong> el a\u00f1o 2021.<\/span><\/p>\n<div class=\"video-embed-field-responsive-video form-group\"><iframe loading=\"lazy\" src=\"https:\/\/www.youtube.com\/embed\/v2_JNKEZb8c?autoplay=0&amp;start=0&amp;rel=0\" width=\"854\" height=\"480\" frameborder=\"0\" allowfullscreen=\"allowfullscreen\"><\/iframe><\/div>\n<p>&nbsp;<\/p>\n<p dir=\"ltr\"><strong>La b\u00fasqueda de trabajo como persona joven (y extranjera y racializada)<\/strong><\/p>\n<p dir=\"ltr\"><span style=\"color: #000000;\">\u201cEs muy dif\u00edcil encontrar trabajo, te piden muchos a\u00f1os de experiencia y, como estoy estudiando, no puedo entrar en un trabajo de jornada completa\u201d, explica Ayesha, de 20 a\u00f1os. A parte de la reducci\u00f3n de oportunidades para buscar trabajo, los y las j\u00f3venes tambi\u00e9n han sido uno de los colectivos m\u00e1s afectados por la destrucci\u00f3n del empleo. En Catalunya, en el tercer trimestre del a\u00f1o pasado <strong>la tasa de paro juvenil era del 20%, m\u00e1s del doble que las personas mayores de 30 a\u00f1os (7,8%)<\/strong>.<\/span><\/p>\n<p dir=\"ltr\"><span style=\"color: #000000;\">Tanto Ayesha como Imane, de 21 a\u00f1os, hace tiempo que buscan trabajo y han hecho muchas entrevistas. A Imane, que naci\u00f3 en Marruecos y lleg\u00f3 aqu\u00ed con 2 a\u00f1os, se le suma la dificultad de no contar con la autorizaci\u00f3n para trabajar. Despu\u00e9s de muchos intentos fallidos donde le denegaban los papeles, hace solo unos meses que le han aceptado el permiso de residencia, pero sin autorizaci\u00f3n para trabajar. La soluci\u00f3n ser\u00eda que la contrataran en un trabajo contrato indefinido de 30 horas a la semana, pero como estudia no podr\u00eda combinarlo. Adem\u00e1s, dice, nadie quiere hacer tantos tr\u00e1mites para contratar a alguien que no cuenta con autorizaci\u00f3n para trabajar. \u201c<strong>Despu\u00e9s de haber hecho muchas entrevistas, siento que nadie me quiere ayudar, no siento ning\u00fan apoyo<\/strong>\u201d, explica Imane con frustraci\u00f3n.\u00a0<\/span><\/p>\n<p class=\"destacat-noticia\" dir=\"ltr\"><span style=\"color: #000000;\">Ayesha, 20 a\u00f1os: \u201cEs muy dif\u00edcil encontrar trabajo, te pueden muchos a\u00f1os de experiencia y como estoy estudiando no puedo entrar en un trabajo a jornada completa\u201d<\/span><\/p>\n<p dir=\"ltr\"><span style=\"color: #000000;\">Si no cambia nada antes, Imane tendr\u00e1 que esperar cinco a\u00f1os para obtener esta autorizaci\u00f3n, afirma. Aparte de la desventaja de ser j\u00f3ven, carga adem\u00e1s con las desventajas de ser extranjera a pesar que hace 19 a\u00f1os que vive en Catalunya, y ser racializada. El <strong>racismo institucionalizado<\/strong> pone impedimentos a Imane a la hora de buscar trabajo \u2014\u201c\u00a1tengo 21 a\u00f1os y necesito dinero!\u201d, se queja \u2014 y para Ayesha es el <strong>racismo del d\u00eda a d\u00eda<\/strong>. \u201cVeo salidas, pero te encuentras con racismo. Vas a una entrevista y te piden de donde eres, lo respondes, y entre ellos se miran raro\u201d, explica.\u00a0<\/span><\/p>\n<p dir=\"ltr\"><strong>Parcialidad y sueldos bajos: condiciones laborales inseguras<\/strong><\/p>\n<p><span style=\"color: #000000;\">Otros j\u00f3venes, como Pol y Nendeep, de 17 a\u00f1os, compaginan estudios con trabajo. Seg\u00fan el <\/span><u><a href=\"http:\/\/www.cje.org\/es\/publicaciones\/novedades\/observatorio-de-emancipacion-primer-semestre-2022\/\" target=\"_blank\" rel=\"noopener\">Observatorio de Emancipaci\u00f3n del Consejo de la Juventud de Espa\u00f1a<\/a><\/u><span style=\"color: #000000;\">, la primera mitad del 2022 <strong>un 32,3% de la juventud ocupada estudiaba al mismo tiempo<\/strong>. En su caso, est\u00e1n contentos con el trabajo que tienen porque lo pueden combinar con sus estudios, a la universidad y a bachillerato, respectivamente, con un trabajo a media jornada que les permite tener sus gastos y contribuir econ\u00f3micamente en casa y a pagar los estudios.\u00a0<\/span><\/p>\n<p dir=\"ltr\"><span style=\"color: #000000;\">Para j\u00f3venes que tambi\u00e9n tienen trabajo, pero, tener una jornada parcial no es una opci\u00f3n, sin\u00f3 la manera que han encontrado para ser contratados o contratadas. El 2022, <strong>m\u00e1s de la mitad de las personas entre 16 y 19 a\u00f1os que trabajaban en Espa\u00f1a lo hac\u00edan en jornada parcial<\/strong>, el 37,8% en el caso de los j\u00f3venes de entre 20 y 24 a\u00f1os. El 2008, las cifras de la parcialidad en la ocupaci\u00f3n juvenil eran bien diferentes: un tercio de los j\u00f3venes de entre 16 y 19 a\u00f1os ten\u00edan contrato de jornada parcial, en el caso de los j\u00f3venes entre 20 y 24 eran una quinta parte, seg\u00fan la Encuesta de Poblaci\u00f3n Activa del Instituto Nacional de Estad\u00edstica (INE).\u00a0<\/span><\/p>\n<p dir=\"ltr\"><span style=\"color: #000000;\"><strong>La prevalencia de las jornadas parciales entre la juventud empleada deriva, consecuentemente, a la debilidad salarial de este colectivo<\/strong>. El 2022, el 75% de personas j\u00f3venes ten\u00eda un salario inferior a 20.000\u20ac anuales y, por tanto, por debajo del salario medio espa\u00f1ol, que era de 25.165,51\u20ac. A parte de la diferencia generacional, es importante destacar la diferencia salarial por g\u00e9nero, ya que los chicos cobraban un 17% m\u00e1s que las chicas.\u00a0<\/span><\/p>\n<p class=\"destacat-noticia\" dir=\"ltr\"><span style=\"color: #000000;\">El 2022, el 75% de personas j\u00f3venes ten\u00edan un salario inferior a 20.000\u20ac anuales, inferior al salario medio espa\u00f1ol (25.165,51\u20ac).<\/span><\/p>\n<p dir=\"ltr\"><strong>Un entorno inestable\u00a0<\/strong><\/p>\n<p dir=\"ltr\"><span style=\"color: #000000;\">Si a los salarios bajos les sumamos la subida de precios generalizada desde hace m\u00e1s de un a\u00f1o en el estado, la ecuaci\u00f3n da como resultado una <strong>p\u00e9rdida de poder adquisitivo de la poblaci\u00f3n joven<\/strong>. Los precios suben a un ritmo muy superior al de los salarios: desde el 2006, el \u00cdndice de Precio de Consumo ha subido un 34,6% seg\u00fan datos del INE, mientras que los salarios normales de los j\u00f3venes menores de 25 a\u00f1os ha subido solo un 15%.\u00a0<\/span><\/p>\n<p dir=\"ltr\"><span style=\"color: #000000;\">Tambi\u00e9n, el <strong>aumento del precio de\u00a0 la vivienda suma dificultades al camino hacia una vida aut\u00f3noma e independizada<\/strong> para los y las j\u00f3venes. Tener un piso en propiedad casi deja de ser una opci\u00f3n, y la poblaci\u00f3n j\u00f3ven se ve abocada a un mercado de alquiler tambi\u00e9n prohibitivo. Durante la primera mitad del 2022, la diferencia entre el poder adquisitivo de la poblaci\u00f3n j\u00f3ven y los precios de mercado de los pisos de alquiler era tan abismal que el precio medio de un piso de alquileres equival\u00eda al 106,6% del sueldo neto de una persona j\u00f3ven en Catalunya, seg\u00fan el Consejo de Juventud de Espa\u00f1a.\u00a0<\/span><\/p>\n<p class=\"destacat-noticia\" dir=\"ltr\"><span style=\"color: #000000;\">La primera mitad del 2022, el precio medio de un piso de alquiler equival\u00eda al 106,6% del sueldo neto de una persona joven en Catalunya.<\/span><\/p>\n<p dir=\"ltr\"><span style=\"color: #000000;\">En estas circunstancias, las posibilidades de los j\u00f3venes por emanciparse, es decir, vivir independientemente de su familia, han empeorado y son cada vez m\u00e1s reducidas. <strong>La tasa de emancipaci\u00f3n en el \u00faltimo trimestre del 2022 en Catalunya era del 18,9%<\/strong>, una de las m\u00e1s altas del estado (15,9%), pero la cifra contin\u00faa siendo baja en comparaci\u00f3n a la media europea (32,1%).\u00a0<\/span><\/p>\n<p dir=\"ltr\"><span style=\"color: #000000;\">\u201cLo veo muy chungo. Los precios de todo est\u00e1n subiendo, y la gente que trabaja sigue cobrando lo mismo, la gente que cobra una pensi\u00f3n sigue cobrando lo mismo\u201d, concluye Imane, preocupada.\u00a0<\/span><\/p>\n<p dir=\"ltr\"><span style=\"color: #000000;\">En el <strong>Casal dels Infants<\/strong>, los y las j\u00f3venes encuentran diferentes espacios seguros donde los acompa\u00f1amos en este momento de hacerse mayor en tiempos de incertidumbre. A parte del Casal Jove, que es un espacio de ocio educativo donde reciben acompa\u00f1amiento y apoyo en los estudios y las oportunidades educativas y laborales, el programa de Becas les da la oportunidad de seguir estudiando m\u00e1s all\u00e1 del instituto, y el programa de Formaci\u00f3n e Inserci\u00f3n Laboral les ofrece diferentes cursos y formaciones para hacer los primeros pasos en el mundo laboral. En cuesti\u00f3n de vivienda, el Servicio de Transici\u00f3n a la Autonom\u00eda (STA) da un hogar en un piso compartido, as\u00ed como acompa\u00f1amiento en los itinerarios educativos y formativos y en tr\u00e1mites administrativos, a j\u00f3venes en situaci\u00f3n de calle o extutelados.\u00a0<\/span><\/p>\n<blockquote><p><strong>Haz posible que continuemos acompa\u00f1ando y apoyando a ni\u00f1os, ni\u00f1as, j\u00f3venes y familias en situaci\u00f3n de vulnerabilidad.\u00a0<\/strong><\/p>\n<p>Haz\u00a0<strong>voluntariado<\/strong>. Inf\u00f3rmate\u00a0<a href=\"https:\/\/www.casaldelsinfants.org\/que-pots-fer-tu\/voluntariat\/\" target=\"_blank\" rel=\"noopener\"><u>aqu\u00ed<\/u><\/a>.<\/p>\n<p>Haz un\u00a0<strong>donativo<\/strong>\u00a0<a href=\"https:\/\/www.casaldelsinfants.org\/es\/dona-ahora\/\" target=\"_blank\" rel=\"noopener\"><u>aqu\u00ed<\/u><\/a>.<\/p><\/blockquote>\n","protected":false},"excerpt":{"rendered":"<p>Precariedad, inestabilidad e incerteza. Son las palabras con la que se define la fragilidad de la situaci\u00f3n econ\u00f3mica y social actual. Vivimos en un contexto donde encadenamos crisis con otras: despu\u00e9s de la ca\u00edda econ\u00f3mica del 2008, no dio tiempo de levantar la cabeza que la crisis sanitaria del covid-19 deriv\u00f3 a otra crisis econ\u00f3mica, [&hellip;]<\/p>\n","protected":false},"author":1,"featured_media":10266,"comment_status":"open","ping_status":"open","sticky":false,"template":"","format":"standard","meta":{"_acf_changed":false,"_et_pb_use_builder":"","_et_pb_old_content":"","_et_gb_content_width":"","inline_featured_image":false,"footnotes":""},"categories":[105],"tags":[],"seus":[],"eixos":[102],"class_list":["post-10435","post","type-post","status-publish","format-standard","has-post-thumbnail","hentry","category-reportaje","eixos-jovenes"],"acf":[],"yoast_head":"<!-- This site is optimized with the Yoast SEO plugin v27.4 - https:\/\/yoast.com\/product\/yoast-seo-wordpress\/ -->\n<title>\u201cDespu\u00e9s de haber hecho muchas entrevistas, siento que nadie me quiere ayudar\u201d: reflexiones de j\u00f3venes ante un presente y futuro incierto - Casal dels Infants<\/title>\n<meta name=\"description\" content=\"Para los y las j\u00f3venes, que se encuentran entre la adolescencia y la adultez, la escuela y el mundo laboral, las crisis econ\u00f3micas y el escaso tiempo de recuperaci\u00f3n han generado un momento especialmente dif\u00edcil para encontrar oportunidades formativas y laborales que les permitan emanciparse y empezar una nueva etapa vital como j\u00f3venes adultos.\" \/>\n<meta name=\"robots\" content=\"index, follow, max-snippet:-1, max-image-preview:large, max-video-preview:-1\" \/>\n<link rel=\"canonical\" href=\"https:\/\/www.casaldelsinfants.org\/es\/actualidad\/reflexiones-entrevistas-jovenes\/\" \/>\n<meta property=\"og:locale\" content=\"es_ES\" \/>\n<meta property=\"og:type\" content=\"article\" \/>\n<meta property=\"og:title\" content=\"\u201cDespu\u00e9s de haber hecho muchas entrevistas, siento que nadie me quiere ayudar\u201d: reflexiones de j\u00f3venes ante un presente y futuro incierto - Casal dels Infants\" \/>\n<meta property=\"og:description\" content=\"Para los y las j\u00f3venes, que se encuentran entre la adolescencia y la adultez, la escuela y el mundo laboral, las crisis econ\u00f3micas y el escaso tiempo de recuperaci\u00f3n han generado un momento especialmente dif\u00edcil para encontrar oportunidades formativas y laborales que les permitan emanciparse y empezar una nueva etapa vital como j\u00f3venes adultos.\" \/>\n<meta property=\"og:url\" content=\"https:\/\/www.casaldelsinfants.org\/es\/actualidad\/reflexiones-entrevistas-jovenes\/\" \/>\n<meta property=\"og:site_name\" content=\"Casal dels Infants\" \/>\n<meta property=\"article:publisher\" content=\"https:\/\/www.facebook.com\/casalinfants\" \/>\n<meta property=\"article:published_time\" content=\"2023-01-24T09:06:11+00:00\" \/>\n<meta property=\"article:modified_time\" content=\"2023-10-26T10:25:36+00:00\" \/>\n<meta property=\"og:image\" content=\"https:\/\/www.casaldelsinfants.org\/wp-content\/uploads\/1290691-2.webp\" \/>\n\t<meta property=\"og:image:width\" content=\"1920\" \/>\n\t<meta property=\"og:image:height\" content=\"1080\" \/>\n\t<meta property=\"og:image:type\" content=\"image\/jpeg\" \/>\n<meta name=\"author\" content=\"cdiAdmin\" \/>\n<meta name=\"twitter:card\" content=\"summary_large_image\" \/>\n<meta name=\"twitter:creator\" content=\"@casalinfants\" \/>\n<meta name=\"twitter:site\" content=\"@casalinfants\" \/>\n<meta name=\"twitter:label1\" content=\"Escrito por\" \/>\n\t<meta name=\"twitter:data1\" content=\"cdiAdmin\" \/>\n\t<meta name=\"twitter:label2\" content=\"Tiempo de lectura\" \/>\n\t<meta name=\"twitter:data2\" content=\"9 minutos\" \/>\n<script type=\"application\/ld+json\" class=\"yoast-schema-graph\">{\"@context\":\"https:\\\/\\\/schema.org\",\"@graph\":[{\"@type\":\"Article\",\"@id\":\"https:\\\/\\\/www.casaldelsinfants.org\\\/es\\\/actualidad\\\/reflexiones-entrevistas-jovenes\\\/#article\",\"isPartOf\":{\"@id\":\"https:\\\/\\\/www.casaldelsinfants.org\\\/es\\\/actualidad\\\/reflexiones-entrevistas-jovenes\\\/\"},\"author\":{\"name\":\"cdiAdmin\",\"@id\":\"https:\\\/\\\/www.casaldelsinfants.org\\\/es\\\/#\\\/schema\\\/person\\\/97707fc8c64900cf36891127dbf9fba8\"},\"headline\":\"\u201cDespu\u00e9s de haber hecho muchas entrevistas, siento que nadie me quiere ayudar\u201d: reflexiones de j\u00f3venes ante un presente y futuro incierto\",\"datePublished\":\"2023-01-24T09:06:11+00:00\",\"dateModified\":\"2023-10-26T10:25:36+00:00\",\"mainEntityOfPage\":{\"@id\":\"https:\\\/\\\/www.casaldelsinfants.org\\\/es\\\/actualidad\\\/reflexiones-entrevistas-jovenes\\\/\"},\"wordCount\":1622,\"commentCount\":0,\"publisher\":{\"@id\":\"https:\\\/\\\/www.casaldelsinfants.org\\\/es\\\/#organization\"},\"image\":{\"@id\":\"https:\\\/\\\/www.casaldelsinfants.org\\\/es\\\/actualidad\\\/reflexiones-entrevistas-jovenes\\\/#primaryimage\"},\"thumbnailUrl\":\"https:\\\/\\\/www.casaldelsinfants.org\\\/wp-content\\\/uploads\\\/1290691-2.webp\",\"articleSection\":[\"Reportaje\"],\"inLanguage\":\"es\",\"potentialAction\":[{\"@type\":\"CommentAction\",\"name\":\"Comment\",\"target\":[\"https:\\\/\\\/www.casaldelsinfants.org\\\/es\\\/actualidad\\\/reflexiones-entrevistas-jovenes\\\/#respond\"]}]},{\"@type\":\"WebPage\",\"@id\":\"https:\\\/\\\/www.casaldelsinfants.org\\\/es\\\/actualidad\\\/reflexiones-entrevistas-jovenes\\\/\",\"url\":\"https:\\\/\\\/www.casaldelsinfants.org\\\/es\\\/actualidad\\\/reflexiones-entrevistas-jovenes\\\/\",\"name\":\"\u201cDespu\u00e9s de haber hecho muchas entrevistas, siento que nadie me quiere ayudar\u201d: reflexiones de j\u00f3venes ante un presente y futuro incierto - Casal dels Infants\",\"isPartOf\":{\"@id\":\"https:\\\/\\\/www.casaldelsinfants.org\\\/es\\\/#website\"},\"primaryImageOfPage\":{\"@id\":\"https:\\\/\\\/www.casaldelsinfants.org\\\/es\\\/actualidad\\\/reflexiones-entrevistas-jovenes\\\/#primaryimage\"},\"image\":{\"@id\":\"https:\\\/\\\/www.casaldelsinfants.org\\\/es\\\/actualidad\\\/reflexiones-entrevistas-jovenes\\\/#primaryimage\"},\"thumbnailUrl\":\"https:\\\/\\\/www.casaldelsinfants.org\\\/wp-content\\\/uploads\\\/1290691-2.webp\",\"datePublished\":\"2023-01-24T09:06:11+00:00\",\"dateModified\":\"2023-10-26T10:25:36+00:00\",\"description\":\"Para los y las j\u00f3venes, que se encuentran entre la adolescencia y la adultez, la escuela y el mundo laboral, las crisis econ\u00f3micas y el escaso tiempo de recuperaci\u00f3n han generado un momento especialmente dif\u00edcil para encontrar oportunidades formativas y laborales que les permitan emanciparse y empezar una nueva etapa vital como j\u00f3venes adultos.\",\"breadcrumb\":{\"@id\":\"https:\\\/\\\/www.casaldelsinfants.org\\\/es\\\/actualidad\\\/reflexiones-entrevistas-jovenes\\\/#breadcrumb\"},\"inLanguage\":\"es\",\"potentialAction\":[{\"@type\":\"ReadAction\",\"target\":[\"https:\\\/\\\/www.casaldelsinfants.org\\\/es\\\/actualidad\\\/reflexiones-entrevistas-jovenes\\\/\"]}]},{\"@type\":\"ImageObject\",\"inLanguage\":\"es\",\"@id\":\"https:\\\/\\\/www.casaldelsinfants.org\\\/es\\\/actualidad\\\/reflexiones-entrevistas-jovenes\\\/#primaryimage\",\"url\":\"https:\\\/\\\/www.casaldelsinfants.org\\\/wp-content\\\/uploads\\\/1290691-2.webp\",\"contentUrl\":\"https:\\\/\\\/www.casaldelsinfants.org\\\/wp-content\\\/uploads\\\/1290691-2.webp\",\"width\":1920,\"height\":1080,\"caption\":\"Joves mostrant els dits fent la senyal de la vict\u00f2ria\"},{\"@type\":\"BreadcrumbList\",\"@id\":\"https:\\\/\\\/www.casaldelsinfants.org\\\/es\\\/actualidad\\\/reflexiones-entrevistas-jovenes\\\/#breadcrumb\",\"itemListElement\":[{\"@type\":\"ListItem\",\"position\":1,\"name\":\"Inici\",\"item\":\"https:\\\/\\\/www.casaldelsinfants.org\\\/es\\\/\"},{\"@type\":\"ListItem\",\"position\":2,\"name\":\"\u201cDespu\u00e9s de haber hecho muchas entrevistas, siento que nadie me quiere ayudar\u201d: reflexiones de j\u00f3venes ante un presente y futuro incierto\"}]},{\"@type\":\"WebSite\",\"@id\":\"https:\\\/\\\/www.casaldelsinfants.org\\\/es\\\/#website\",\"url\":\"https:\\\/\\\/www.casaldelsinfants.org\\\/es\\\/\",\"name\":\"Casal dels Infants\",\"description\":\"\",\"publisher\":{\"@id\":\"https:\\\/\\\/www.casaldelsinfants.org\\\/es\\\/#organization\"},\"potentialAction\":[{\"@type\":\"SearchAction\",\"target\":{\"@type\":\"EntryPoint\",\"urlTemplate\":\"https:\\\/\\\/www.casaldelsinfants.org\\\/es\\\/?s={search_term_string}\"},\"query-input\":{\"@type\":\"PropertyValueSpecification\",\"valueRequired\":true,\"valueName\":\"search_term_string\"}}],\"inLanguage\":\"es\"},{\"@type\":\"Organization\",\"@id\":\"https:\\\/\\\/www.casaldelsinfants.org\\\/es\\\/#organization\",\"name\":\"Casal dels Infants\",\"url\":\"https:\\\/\\\/www.casaldelsinfants.org\\\/es\\\/\",\"logo\":{\"@type\":\"ImageObject\",\"inLanguage\":\"es\",\"@id\":\"https:\\\/\\\/www.casaldelsinfants.org\\\/es\\\/#\\\/schema\\\/logo\\\/image\\\/\",\"url\":\"https:\\\/\\\/www.casaldelsinfants.org\\\/wp-content\\\/uploads\\\/logo-mail.png\",\"contentUrl\":\"https:\\\/\\\/www.casaldelsinfants.org\\\/wp-content\\\/uploads\\\/logo-mail.png\",\"width\":380,\"height\":158,\"caption\":\"Casal dels Infants\"},\"image\":{\"@id\":\"https:\\\/\\\/www.casaldelsinfants.org\\\/es\\\/#\\\/schema\\\/logo\\\/image\\\/\"},\"sameAs\":[\"https:\\\/\\\/www.facebook.com\\\/casalinfants\",\"https:\\\/\\\/x.com\\\/casalinfants\",\"https:\\\/\\\/www.youtube.com\\\/user\\\/CasaldelsInfants1\",\"https:\\\/\\\/www.instagram.com\\\/casalinfants\\\/\",\"https:\\\/\\\/www.linkedin.com\\\/company\\\/casaldelsinfants?trk=organization-update_share-update_actor-text\"]},{\"@type\":\"Person\",\"@id\":\"https:\\\/\\\/www.casaldelsinfants.org\\\/es\\\/#\\\/schema\\\/person\\\/97707fc8c64900cf36891127dbf9fba8\",\"name\":\"cdiAdmin\",\"sameAs\":[\"https:\\\/\\\/casaldelsinfants.org\"]}]}<\/script>\n<!-- \/ Yoast SEO plugin. -->","yoast_head_json":{"title":"\u201cDespu\u00e9s de haber hecho muchas entrevistas, siento que nadie me quiere ayudar\u201d: reflexiones de j\u00f3venes ante un presente y futuro incierto - Casal dels Infants","description":"Para los y las j\u00f3venes, que se encuentran entre la adolescencia y la adultez, la escuela y el mundo laboral, las crisis econ\u00f3micas y el escaso tiempo de recuperaci\u00f3n han generado un momento especialmente dif\u00edcil para encontrar oportunidades formativas y laborales que les permitan emanciparse y empezar una nueva etapa vital como j\u00f3venes adultos.","robots":{"index":"index","follow":"follow","max-snippet":"max-snippet:-1","max-image-preview":"max-image-preview:large","max-video-preview":"max-video-preview:-1"},"canonical":"https:\/\/www.casaldelsinfants.org\/es\/actualidad\/reflexiones-entrevistas-jovenes\/","og_locale":"es_ES","og_type":"article","og_title":"\u201cDespu\u00e9s de haber hecho muchas entrevistas, siento que nadie me quiere ayudar\u201d: reflexiones de j\u00f3venes ante un presente y futuro incierto - Casal dels Infants","og_description":"Para los y las j\u00f3venes, que se encuentran entre la adolescencia y la adultez, la escuela y el mundo laboral, las crisis econ\u00f3micas y el escaso tiempo de recuperaci\u00f3n han generado un momento especialmente dif\u00edcil para encontrar oportunidades formativas y laborales que les permitan emanciparse y empezar una nueva etapa vital como j\u00f3venes adultos.","og_url":"https:\/\/www.casaldelsinfants.org\/es\/actualidad\/reflexiones-entrevistas-jovenes\/","og_site_name":"Casal dels Infants","article_publisher":"https:\/\/www.facebook.com\/casalinfants","article_published_time":"2023-01-24T09:06:11+00:00","article_modified_time":"2023-10-26T10:25:36+00:00","og_image":[{"width":1920,"height":1080,"url":"https:\/\/www.casaldelsinfants.org\/wp-content\/uploads\/1290691-2.webp","type":"image\/jpeg"}],"author":"cdiAdmin","twitter_card":"summary_large_image","twitter_creator":"@casalinfants","twitter_site":"@casalinfants","twitter_misc":{"Escrito por":"cdiAdmin","Tiempo de lectura":"9 minutos"},"schema":{"@context":"https:\/\/schema.org","@graph":[{"@type":"Article","@id":"https:\/\/www.casaldelsinfants.org\/es\/actualidad\/reflexiones-entrevistas-jovenes\/#article","isPartOf":{"@id":"https:\/\/www.casaldelsinfants.org\/es\/actualidad\/reflexiones-entrevistas-jovenes\/"},"author":{"name":"cdiAdmin","@id":"https:\/\/www.casaldelsinfants.org\/es\/#\/schema\/person\/97707fc8c64900cf36891127dbf9fba8"},"headline":"\u201cDespu\u00e9s de haber hecho muchas entrevistas, siento que nadie me quiere ayudar\u201d: reflexiones de j\u00f3venes ante un presente y futuro incierto","datePublished":"2023-01-24T09:06:11+00:00","dateModified":"2023-10-26T10:25:36+00:00","mainEntityOfPage":{"@id":"https:\/\/www.casaldelsinfants.org\/es\/actualidad\/reflexiones-entrevistas-jovenes\/"},"wordCount":1622,"commentCount":0,"publisher":{"@id":"https:\/\/www.casaldelsinfants.org\/es\/#organization"},"image":{"@id":"https:\/\/www.casaldelsinfants.org\/es\/actualidad\/reflexiones-entrevistas-jovenes\/#primaryimage"},"thumbnailUrl":"https:\/\/www.casaldelsinfants.org\/wp-content\/uploads\/1290691-2.webp","articleSection":["Reportaje"],"inLanguage":"es","potentialAction":[{"@type":"CommentAction","name":"Comment","target":["https:\/\/www.casaldelsinfants.org\/es\/actualidad\/reflexiones-entrevistas-jovenes\/#respond"]}]},{"@type":"WebPage","@id":"https:\/\/www.casaldelsinfants.org\/es\/actualidad\/reflexiones-entrevistas-jovenes\/","url":"https:\/\/www.casaldelsinfants.org\/es\/actualidad\/reflexiones-entrevistas-jovenes\/","name":"\u201cDespu\u00e9s de haber hecho muchas entrevistas, siento que nadie me quiere ayudar\u201d: reflexiones de j\u00f3venes ante un presente y futuro incierto - Casal dels Infants","isPartOf":{"@id":"https:\/\/www.casaldelsinfants.org\/es\/#website"},"primaryImageOfPage":{"@id":"https:\/\/www.casaldelsinfants.org\/es\/actualidad\/reflexiones-entrevistas-jovenes\/#primaryimage"},"image":{"@id":"https:\/\/www.casaldelsinfants.org\/es\/actualidad\/reflexiones-entrevistas-jovenes\/#primaryimage"},"thumbnailUrl":"https:\/\/www.casaldelsinfants.org\/wp-content\/uploads\/1290691-2.webp","datePublished":"2023-01-24T09:06:11+00:00","dateModified":"2023-10-26T10:25:36+00:00","description":"Para los y las j\u00f3venes, que se encuentran entre la adolescencia y la adultez, la escuela y el mundo laboral, las crisis econ\u00f3micas y el escaso tiempo de recuperaci\u00f3n han generado un momento especialmente dif\u00edcil para encontrar oportunidades formativas y laborales que les permitan emanciparse y empezar una nueva etapa vital como j\u00f3venes adultos.","breadcrumb":{"@id":"https:\/\/www.casaldelsinfants.org\/es\/actualidad\/reflexiones-entrevistas-jovenes\/#breadcrumb"},"inLanguage":"es","potentialAction":[{"@type":"ReadAction","target":["https:\/\/www.casaldelsinfants.org\/es\/actualidad\/reflexiones-entrevistas-jovenes\/"]}]},{"@type":"ImageObject","inLanguage":"es","@id":"https:\/\/www.casaldelsinfants.org\/es\/actualidad\/reflexiones-entrevistas-jovenes\/#primaryimage","url":"https:\/\/www.casaldelsinfants.org\/wp-content\/uploads\/1290691-2.webp","contentUrl":"https:\/\/www.casaldelsinfants.org\/wp-content\/uploads\/1290691-2.webp","width":1920,"height":1080,"caption":"Joves mostrant els dits fent la senyal de la vict\u00f2ria"},{"@type":"BreadcrumbList","@id":"https:\/\/www.casaldelsinfants.org\/es\/actualidad\/reflexiones-entrevistas-jovenes\/#breadcrumb","itemListElement":[{"@type":"ListItem","position":1,"name":"Inici","item":"https:\/\/www.casaldelsinfants.org\/es\/"},{"@type":"ListItem","position":2,"name":"\u201cDespu\u00e9s de haber hecho muchas entrevistas, siento que nadie me quiere ayudar\u201d: reflexiones de j\u00f3venes ante un presente y futuro incierto"}]},{"@type":"WebSite","@id":"https:\/\/www.casaldelsinfants.org\/es\/#website","url":"https:\/\/www.casaldelsinfants.org\/es\/","name":"Casal dels Infants","description":"","publisher":{"@id":"https:\/\/www.casaldelsinfants.org\/es\/#organization"},"potentialAction":[{"@type":"SearchAction","target":{"@type":"EntryPoint","urlTemplate":"https:\/\/www.casaldelsinfants.org\/es\/?s={search_term_string}"},"query-input":{"@type":"PropertyValueSpecification","valueRequired":true,"valueName":"search_term_string"}}],"inLanguage":"es"},{"@type":"Organization","@id":"https:\/\/www.casaldelsinfants.org\/es\/#organization","name":"Casal dels Infants","url":"https:\/\/www.casaldelsinfants.org\/es\/","logo":{"@type":"ImageObject","inLanguage":"es","@id":"https:\/\/www.casaldelsinfants.org\/es\/#\/schema\/logo\/image\/","url":"https:\/\/www.casaldelsinfants.org\/wp-content\/uploads\/logo-mail.png","contentUrl":"https:\/\/www.casaldelsinfants.org\/wp-content\/uploads\/logo-mail.png","width":380,"height":158,"caption":"Casal dels Infants"},"image":{"@id":"https:\/\/www.casaldelsinfants.org\/es\/#\/schema\/logo\/image\/"},"sameAs":["https:\/\/www.facebook.com\/casalinfants","https:\/\/x.com\/casalinfants","https:\/\/www.youtube.com\/user\/CasaldelsInfants1","https:\/\/www.instagram.com\/casalinfants\/","https:\/\/www.linkedin.com\/company\/casaldelsinfants?trk=organization-update_share-update_actor-text"]},{"@type":"Person","@id":"https:\/\/www.casaldelsinfants.org\/es\/#\/schema\/person\/97707fc8c64900cf36891127dbf9fba8","name":"cdiAdmin","sameAs":["https:\/\/casaldelsinfants.org"]}]}},"publishpress_future_action":{"enabled":false,"date":"2026-05-09 00:48:33","action":"change-status","newStatus":"draft","terms":[],"taxonomy":"category","extraData":[]},"publishpress_future_workflow_manual_trigger":{"enabledWorkflows":[]},"_links":{"self":[{"href":"https:\/\/www.casaldelsinfants.org\/es\/wp-json\/wp\/v2\/posts\/10435","targetHints":{"allow":["GET"]}}],"collection":[{"href":"https:\/\/www.casaldelsinfants.org\/es\/wp-json\/wp\/v2\/posts"}],"about":[{"href":"https:\/\/www.casaldelsinfants.org\/es\/wp-json\/wp\/v2\/types\/post"}],"author":[{"embeddable":true,"href":"https:\/\/www.casaldelsinfants.org\/es\/wp-json\/wp\/v2\/users\/1"}],"replies":[{"embeddable":true,"href":"https:\/\/www.casaldelsinfants.org\/es\/wp-json\/wp\/v2\/comments?post=10435"}],"version-history":[{"count":2,"href":"https:\/\/www.casaldelsinfants.org\/es\/wp-json\/wp\/v2\/posts\/10435\/revisions"}],"predecessor-version":[{"id":14946,"href":"https:\/\/www.casaldelsinfants.org\/es\/wp-json\/wp\/v2\/posts\/10435\/revisions\/14946"}],"wp:featuredmedia":[{"embeddable":true,"href":"https:\/\/www.casaldelsinfants.org\/es\/wp-json\/wp\/v2\/media\/10266"}],"wp:attachment":[{"href":"https:\/\/www.casaldelsinfants.org\/es\/wp-json\/wp\/v2\/media?parent=10435"}],"wp:term":[{"taxonomy":"category","embeddable":true,"href":"https:\/\/www.casaldelsinfants.org\/es\/wp-json\/wp\/v2\/categories?post=10435"},{"taxonomy":"post_tag","embeddable":true,"href":"https:\/\/www.casaldelsinfants.org\/es\/wp-json\/wp\/v2\/tags?post=10435"},{"taxonomy":"seus","embeddable":true,"href":"https:\/\/www.casaldelsinfants.org\/es\/wp-json\/wp\/v2\/seus?post=10435"},{"taxonomy":"eixos","embeddable":true,"href":"https:\/\/www.casaldelsinfants.org\/es\/wp-json\/wp\/v2\/eixos?post=10435"}],"curies":[{"name":"wp","href":"https:\/\/api.w.org\/{rel}","templated":true}]}}