{"id":10439,"date":"2023-01-16T15:54:46","date_gmt":"2023-01-16T13:54:46","guid":{"rendered":"https:\/\/casal.puntzero.cat\/ciencia-periodismo-y-creatividad-en-los-cursos-del-espacio-tecnologico-comunitario-de-este\/"},"modified":"2023-10-26T13:00:38","modified_gmt":"2023-10-26T11:00:38","slug":"ciencia-periodismo-y-creatividad-en-los-cursos-del-espacio-tecnologico-comunitario-de-este","status":"publish","type":"post","link":"https:\/\/www.casaldelsinfants.org\/es\/actualidad\/ciencia-periodismo-y-creatividad-en-los-cursos-del-espacio-tecnologico-comunitario-de-este\/","title":{"rendered":"Ciencia, periodismo y creatividad en los cursos del Espacio Tecnol\u00f3gico Comunitario de este a\u00f1o"},"content":{"rendered":"<p>&nbsp;<\/p>\n<p dir=\"ltr\">\n<p dir=\"ltr\"><span style=\"color: #000000;\">El <strong>Espacio Tecnologico Comunitario<\/strong> es un espacio abierto a la comunidad que tiene como objetivo promocionar el acceso y el uso de las nuevas tecnolog\u00edas para ni\u00f1os, ni\u00f1as, j\u00f3venes y familias en situaci\u00f3n de vulnerabilidad social en Badalona y en el barrio del Raval, as\u00ed como favorecer su alfabetizaci\u00f3n digital, que en el contexto actual se ha convertido en un factor de inclusi\u00f3n social.\u00a0<\/span><\/p>\n<p dir=\"ltr\"><span style=\"color: #000000;\">Las actividades y los curso\u00a0que ofrecen el Espacio responden a la r\u00e1pida digitalizaci\u00f3n que se ha generalizado en muchos \u00e1mbitos del d\u00eda a d\u00eda tanto para peque\u00f1os como adultos, como el acceso a la sanidad, la solicitud de becas o ayudas sociales, la socializaci\u00f3n, o hacer los deberes y entregar trabajos. Mientras, <strong>la brecha digital contin\u00faa dictando la diferencia de oportunidades<\/strong> entre aquellas personas que disfrutan de tener acceso a las nuevas tecnolog\u00edas e internet y las que no. El a\u00f1o 2021, en Catalunya casi un 30% de los hogares con menos de 1.600\u20ac de ingresos mensuales no dispon\u00edan de un ordenador en casa, y en los hogares con menos de 900\u20ac de ingresos mensuales la cifra sub\u00eda al 41%, seg\u00fan el <\/span><u><a href=\"https:\/\/www.idescat.cat\/pub\/?id=ticll21&amp;n=2.1.1\" target=\"_blank\" rel=\"noopener\">Institut d\u2019Estad\u00edstica de Catalunya (Idescat)<\/a><\/u><span style=\"color: #000000;\">.<\/span><\/p>\n<p dir=\"ltr\"><span style=\"color: #000000;\">Este a\u00f1o, vuelven al Espacio Tecnol\u00f3gico Comunitario del Raval las <strong>actividades, cursos y aprendizajes en clave tecnol\u00f3gica<\/strong> gracias al apoyo de la Xarxa \u00d2mnia y el Departamento de Derechos Sociales. Las ma\u00f1anas y tardes de lunes a viernes, las puertas del Espacio estaran abiertas para ni\u00f1os, ni\u00f1as, adolescentes, familias, vecinos y vecinas en situaci\u00f3n de vulnerabilidad social, para que puedan acercarse a las nuevas tecnolog\u00edas con el acompa\u00f1amiento del equipo educativo especializado.\u00a0<\/span><\/p>\n<p><img decoding=\"async\" class=\"align-center\" src=\"\/wp-content\/uploads\/inline-images\/FldQbryWYAEjNS9.jpg\" alt=\"Calendari d'activitats de l'Espai Tecnol\u00f2gic Comunitari del Raval.\" width=\"480\" height=\"480\" data-entity-type=\"file\" data-entity-uuid=\"abef05cf-9198-447b-b2df-4cad51bc83c5\" data-image-style=\"large\" \/><\/p>\n<p dir=\"ltr\">\n<p dir=\"ltr\"><span style=\"color: #000000;\">Para los ni\u00f1os y ni\u00f1as de entre 6 y 12 a\u00f1os del Espacio, <strong>Creative Kids<\/strong> es un espacio para llevar a cabo procesos de dise\u00f1o y desarrollo, que se hace las tardes de lunes y martes. Aqu\u00ed pueden desarrollar su pensamiento creativo, aprendiendo a trabajar con herramientas tecnol\u00f3gicas y participar en un proceso creativo de principio a final para sacar un resultado. Previamente, hablan y debaten sobre las necesidades sociales que su creaci\u00f3n podr\u00eda ayudar a resolver.\u00a0<\/span><\/p>\n<p dir=\"ltr\"><span style=\"color: #000000;\">En <strong>Raval Kids<\/strong>, los ni\u00f1os y ni\u00f1as del Casal participan en actividades que se hacen en colaboraci\u00f3n con otras entidades y servicios, con el objetivo de promover la participaci\u00f3n infantil y el uso de las TIC. Este curso, los diferentes grupos de ni\u00f1os y ni\u00f1as est\u00e1n llevando a cabo una iniciativa de aprendizaje servicio (APS) centrada en la reparaci\u00f3n de ordenadores, para que los puedan utilizar y tener sus familias. Durante el proceso, compartir\u00e1n con sus familias qu\u00e9 han aprendido y les ense\u00f1ar\u00e1n qu\u00e9 cosas pueden hacer con el ordenador.\u00a0<\/span><\/p>\n<p dir=\"ltr\"><span style=\"color: #000000;\">Los chicos y chicas adolescentes encuentran en el Espacio las actividades <strong>Uploading Teens, Meet you i Menja\u2019t la llengua<\/strong> (C\u00f3mete la lengua). La primera, nom\u00e9s per a noies adolescents, tiene el objetivo de darles un espacio de orientaci\u00f3n en su vocaci\u00f3n, que les ayude a escoger qu\u00e9 quieren ser de grandes y en qu\u00e9 \u00e1mbito les gustar\u00eda trabajar. La actividad se creo a ra\u00edz de un grupo de chicas que demostraban tener mucho interes y curiosidad por la ciencia, la tecnolog\u00eda y la ingenier\u00eda, y que quer\u00edan orientarse hacia este campo en sus estudios. Este curso centrar\u00e1n la actividad alrededor de las STEM, es decir, la ciencia, la tecnolog\u00eda, la ingenier\u00eda y las matem\u00e1ticas. <\/span><\/p>\n<p dir=\"ltr\"><span style=\"color: #000000;\">A <strong>Meet you<\/strong>, chicos y chicas que participan en el Espacio Socioeducativo Adolescente del Raval\u00a0empezaran este enero un proyecto de aprendizaje servicio (APS) de periodismo social, donde desarrollar\u00e1n diferentes reportajes.\u00a0<\/span><\/p>\n<p dir=\"ltr\"><span style=\"color: #000000;\"><strong>Menja\u2019t la llengua<\/strong> es una actividad de hora y media una vez a la semana, pensara para aquellos chicos y chicas que van al Aula de acogida de su instituto. El objetivo es proporcionarles un espacio seguro y de apoyo donde hablar de manera distendida y sin presi\u00f3n en catal\u00e1n, para as\u00ed reducir su tiempo en el Aula de acogida y poder volver a las clases con los dem\u00e1s compa\u00f1eros y compa\u00f1eras y seguir el ritmo habitual de las clase. <strong>Menja&#8217;t la llengua en fam\u00edlia<\/strong>, en cambio, anima a las madres y padres de ni\u00f1os y ni\u00f1as a venir al Casal con sus hijos e hijas, para formar parte de un espacio donde <strong>aprender y conversar en catal\u00e1n<\/strong> mientras los peque\u00f1os y peque\u00f1as reciben acompa\u00f1amiento para hacer los deberes o talleres digitales.<\/span><\/p>\n<p dir=\"ltr\"><span style=\"color: #000000;\">Las madres y los padres de ni\u00f1os, ni\u00f1as y adolescentes del Casal, as\u00ed como vecinos y vecinas del barrio, pueden participar en la formaci\u00f3n <strong>Ve\u00efnatge digital<\/strong>, con 25 sesiones repertidas durante tres meses. Ante el dato que un 30% de padres y madres que conviven con hijos no saben utilizar un procesador de textos, y un 45,7% en el caso de las familias monomarentales, <\/span><u><a href=\"https:\/\/www.idescat.cat\/pub\/?id=ticll21&amp;n=3.6.2\" target=\"_blank\" rel=\"noopener\">seg\u00fan datos del 2021 de Idescat<\/a><\/u><span style=\"color: #000000;\">, en este curso de hacen clases donde pueden aprender competencias b\u00e1sicas del uso del ordenador, como el procesador de texto, la hoja de c\u00e1lculo y el correo electr\u00f3nico, adem\u00e1s de los portales relacionados con los entornos de aprendizaje de sus hijos e hijas, las herramientas Google y las p\u00e1ginas de las administraciones p\u00fablicas.\u00a0<\/span><\/p>\n<p dir=\"ltr\"><span style=\"color: #000000;\">Una vez dominan un poco m\u00e1s estas competencias b\u00e1sicas, en <strong>C\u00e0psula TIC<\/strong> las personas adultas encuentran un espacio donde profundizar y reforzar sus aprendizajes digitales. Los y las participantes llevan a cabo diferentes itinerarios, adaptados a su ritmo, mientras se promueve el autoaprendizaje y la autonom\u00eda personal, acompa\u00f1ados tambi\u00e9n por el equipo educativo seg\u00fan cada necesidad o inter\u00e9s.\u00a0<\/span><\/p>\n<p dir=\"ltr\"><span style=\"color: #000000;\">Para m\u00e1s informaci\u00f3n sobre las actividades y los cursos, puedes <strong>contactar a <\/strong><\/span><u><strong><a href=\"mailto:mpascual@casaldelsinfants.org\" target=\"_blank\" rel=\"noopener\">mpascual@casaldelsinfants.org<\/a><\/strong><\/u><span style=\"color: #000000;\"><strong> o al +34 636 16 10 58<\/strong>.<\/span><\/p>\n<blockquote><p><strong>Haz posible que continuemos acompa\u00f1ando y apoyando a ni\u00f1os, ni\u00f1as, j\u00f3venes y familias en situaci\u00f3n de vulnerabilidad.\u00a0<\/strong><\/p>\n<p>Haz\u00a0<strong>voluntariado<\/strong>. Inf\u00f3rmate\u00a0<a href=\"https:\/\/www.casaldelsinfants.org\/que-pots-fer-tu\/voluntariat\/\" target=\"_blank\" rel=\"noopener\"><u>aqu\u00ed<\/u><\/a>.<\/p>\n<p>Haz un\u00a0<strong>donativo<\/strong>\u00a0<a href=\"https:\/\/www.casaldelsinfants.org\/es\/dona-ahora\/\" target=\"_blank\" rel=\"noopener\"><u>aqu\u00ed<\/u><\/a>.<\/p><\/blockquote>\n","protected":false},"excerpt":{"rendered":"<p>&nbsp; El Espacio Tecnologico Comunitario es un espacio abierto a la comunidad que tiene como objetivo promocionar el acceso y el uso de las nuevas tecnolog\u00edas para ni\u00f1os, ni\u00f1as, j\u00f3venes y familias en situaci\u00f3n de vulnerabilidad social en Badalona y en el barrio del Raval, as\u00ed como favorecer su alfabetizaci\u00f3n digital, que en el contexto [&hellip;]<\/p>\n","protected":false},"author":1,"featured_media":10274,"comment_status":"open","ping_status":"open","sticky":false,"template":"","format":"standard","meta":{"_acf_changed":false,"_et_pb_use_builder":"","_et_pb_old_content":"","_et_gb_content_width":"","inline_featured_image":false,"footnotes":""},"categories":[125],"tags":[],"seus":[157],"eixos":[99],"class_list":["post-10439","post","type-post","status-publish","format-standard","has-post-thumbnail","hentry","category-noticias","seus-el-raval","eixos-infancia-y-adolescencia"],"acf":[],"yoast_head":"<!-- This site is optimized with the Yoast SEO plugin v27.4 - https:\/\/yoast.com\/product\/yoast-seo-wordpress\/ -->\n<title>Ciencia, periodismo y creatividad en los cursos del Espacio Tecnol\u00f3gico Comunitario de este a\u00f1o<\/title>\n<meta name=\"description\" content=\"Este a\u00f1o, vuelven al Espacio Tecnol\u00f3gico Comunitario del Raval las actividades, cursos y aprendizajes en clave tecnol\u00f3gica gracias al apoyo de la Xarxa \u00d2mnia y el Departamento de Derechos Sociales.\" \/>\n<meta name=\"robots\" content=\"index, follow, max-snippet:-1, max-image-preview:large, max-video-preview:-1\" \/>\n<link rel=\"canonical\" href=\"https:\/\/www.casaldelsinfants.org\/es\/actualidad\/ciencia-periodismo-y-creatividad-en-los-cursos-del-espacio-tecnologico-comunitario-de-este\/\" \/>\n<meta property=\"og:locale\" content=\"es_ES\" \/>\n<meta property=\"og:type\" content=\"article\" \/>\n<meta property=\"og:title\" content=\"Ciencia, periodismo y creatividad en los cursos del Espacio Tecnol\u00f3gico Comunitario de este a\u00f1o\" \/>\n<meta property=\"og:description\" content=\"Este a\u00f1o, vuelven al Espacio Tecnol\u00f3gico Comunitario del Raval las actividades, cursos y aprendizajes en clave tecnol\u00f3gica gracias al apoyo de la Xarxa \u00d2mnia y el Departamento de Derechos Sociales.\" \/>\n<meta property=\"og:url\" content=\"https:\/\/www.casaldelsinfants.org\/es\/actualidad\/ciencia-periodismo-y-creatividad-en-los-cursos-del-espacio-tecnologico-comunitario-de-este\/\" \/>\n<meta property=\"og:site_name\" content=\"Casal dels Infants\" \/>\n<meta property=\"article:publisher\" content=\"https:\/\/www.facebook.com\/casalinfants\" \/>\n<meta property=\"article:published_time\" content=\"2023-01-16T13:54:46+00:00\" \/>\n<meta property=\"article:modified_time\" content=\"2023-10-26T11:00:38+00:00\" \/>\n<meta property=\"og:image\" content=\"https:\/\/www.casaldelsinfants.org\/wp-content\/uploads\/arduino_1-1.webp\" \/>\n\t<meta property=\"og:image:width\" content=\"1542\" \/>\n\t<meta property=\"og:image:height\" content=\"1031\" \/>\n\t<meta property=\"og:image:type\" content=\"image\/png\" \/>\n<meta name=\"author\" content=\"cdiAdmin\" \/>\n<meta name=\"twitter:card\" content=\"summary_large_image\" \/>\n<meta name=\"twitter:creator\" content=\"@casalinfants\" \/>\n<meta name=\"twitter:site\" content=\"@casalinfants\" \/>\n<meta name=\"twitter:label1\" content=\"Escrito por\" \/>\n\t<meta name=\"twitter:data1\" content=\"cdiAdmin\" \/>\n\t<meta name=\"twitter:label2\" content=\"Tiempo de lectura\" \/>\n\t<meta name=\"twitter:data2\" content=\"6 minutos\" \/>\n<script type=\"application\/ld+json\" class=\"yoast-schema-graph\">{\"@context\":\"https:\\\/\\\/schema.org\",\"@graph\":[{\"@type\":\"Article\",\"@id\":\"https:\\\/\\\/www.casaldelsinfants.org\\\/es\\\/actualidad\\\/ciencia-periodismo-y-creatividad-en-los-cursos-del-espacio-tecnologico-comunitario-de-este\\\/#article\",\"isPartOf\":{\"@id\":\"https:\\\/\\\/www.casaldelsinfants.org\\\/es\\\/actualidad\\\/ciencia-periodismo-y-creatividad-en-los-cursos-del-espacio-tecnologico-comunitario-de-este\\\/\"},\"author\":{\"name\":\"cdiAdmin\",\"@id\":\"https:\\\/\\\/www.casaldelsinfants.org\\\/es\\\/#\\\/schema\\\/person\\\/97707fc8c64900cf36891127dbf9fba8\"},\"headline\":\"Ciencia, periodismo y creatividad en los cursos del Espacio Tecnol\u00f3gico Comunitario de este a\u00f1o\",\"datePublished\":\"2023-01-16T13:54:46+00:00\",\"dateModified\":\"2023-10-26T11:00:38+00:00\",\"mainEntityOfPage\":{\"@id\":\"https:\\\/\\\/www.casaldelsinfants.org\\\/es\\\/actualidad\\\/ciencia-periodismo-y-creatividad-en-los-cursos-del-espacio-tecnologico-comunitario-de-este\\\/\"},\"wordCount\":1041,\"commentCount\":0,\"publisher\":{\"@id\":\"https:\\\/\\\/www.casaldelsinfants.org\\\/es\\\/#organization\"},\"image\":{\"@id\":\"https:\\\/\\\/www.casaldelsinfants.org\\\/es\\\/actualidad\\\/ciencia-periodismo-y-creatividad-en-los-cursos-del-espacio-tecnologico-comunitario-de-este\\\/#primaryimage\"},\"thumbnailUrl\":\"https:\\\/\\\/www.casaldelsinfants.org\\\/wp-content\\\/uploads\\\/arduino_1-1.webp\",\"articleSection\":[\"Noticia\"],\"inLanguage\":\"es\",\"potentialAction\":[{\"@type\":\"CommentAction\",\"name\":\"Comment\",\"target\":[\"https:\\\/\\\/www.casaldelsinfants.org\\\/es\\\/actualidad\\\/ciencia-periodismo-y-creatividad-en-los-cursos-del-espacio-tecnologico-comunitario-de-este\\\/#respond\"]}]},{\"@type\":\"WebPage\",\"@id\":\"https:\\\/\\\/www.casaldelsinfants.org\\\/es\\\/actualidad\\\/ciencia-periodismo-y-creatividad-en-los-cursos-del-espacio-tecnologico-comunitario-de-este\\\/\",\"url\":\"https:\\\/\\\/www.casaldelsinfants.org\\\/es\\\/actualidad\\\/ciencia-periodismo-y-creatividad-en-los-cursos-del-espacio-tecnologico-comunitario-de-este\\\/\",\"name\":\"Ciencia, periodismo y creatividad en los cursos del Espacio Tecnol\u00f3gico Comunitario de este a\u00f1o\",\"isPartOf\":{\"@id\":\"https:\\\/\\\/www.casaldelsinfants.org\\\/es\\\/#website\"},\"primaryImageOfPage\":{\"@id\":\"https:\\\/\\\/www.casaldelsinfants.org\\\/es\\\/actualidad\\\/ciencia-periodismo-y-creatividad-en-los-cursos-del-espacio-tecnologico-comunitario-de-este\\\/#primaryimage\"},\"image\":{\"@id\":\"https:\\\/\\\/www.casaldelsinfants.org\\\/es\\\/actualidad\\\/ciencia-periodismo-y-creatividad-en-los-cursos-del-espacio-tecnologico-comunitario-de-este\\\/#primaryimage\"},\"thumbnailUrl\":\"https:\\\/\\\/www.casaldelsinfants.org\\\/wp-content\\\/uploads\\\/arduino_1-1.webp\",\"datePublished\":\"2023-01-16T13:54:46+00:00\",\"dateModified\":\"2023-10-26T11:00:38+00:00\",\"description\":\"Este a\u00f1o, vuelven al Espacio Tecnol\u00f3gico Comunitario del Raval las actividades, cursos y aprendizajes en clave tecnol\u00f3gica gracias al apoyo de la Xarxa \u00d2mnia y el Departamento de Derechos Sociales.\",\"breadcrumb\":{\"@id\":\"https:\\\/\\\/www.casaldelsinfants.org\\\/es\\\/actualidad\\\/ciencia-periodismo-y-creatividad-en-los-cursos-del-espacio-tecnologico-comunitario-de-este\\\/#breadcrumb\"},\"inLanguage\":\"es\",\"potentialAction\":[{\"@type\":\"ReadAction\",\"target\":[\"https:\\\/\\\/www.casaldelsinfants.org\\\/es\\\/actualidad\\\/ciencia-periodismo-y-creatividad-en-los-cursos-del-espacio-tecnologico-comunitario-de-este\\\/\"]}]},{\"@type\":\"ImageObject\",\"inLanguage\":\"es\",\"@id\":\"https:\\\/\\\/www.casaldelsinfants.org\\\/es\\\/actualidad\\\/ciencia-periodismo-y-creatividad-en-los-cursos-del-espacio-tecnologico-comunitario-de-este\\\/#primaryimage\",\"url\":\"https:\\\/\\\/www.casaldelsinfants.org\\\/wp-content\\\/uploads\\\/arduino_1-1.webp\",\"contentUrl\":\"https:\\\/\\\/www.casaldelsinfants.org\\\/wp-content\\\/uploads\\\/arduino_1-1.webp\",\"width\":1542,\"height\":1031,\"caption\":\"Nens utilitzant l'arduino\"},{\"@type\":\"BreadcrumbList\",\"@id\":\"https:\\\/\\\/www.casaldelsinfants.org\\\/es\\\/actualidad\\\/ciencia-periodismo-y-creatividad-en-los-cursos-del-espacio-tecnologico-comunitario-de-este\\\/#breadcrumb\",\"itemListElement\":[{\"@type\":\"ListItem\",\"position\":1,\"name\":\"Inici\",\"item\":\"https:\\\/\\\/www.casaldelsinfants.org\\\/es\\\/\"},{\"@type\":\"ListItem\",\"position\":2,\"name\":\"Ciencia, periodismo y creatividad en los cursos del Espacio Tecnol\u00f3gico Comunitario de este a\u00f1o\"}]},{\"@type\":\"WebSite\",\"@id\":\"https:\\\/\\\/www.casaldelsinfants.org\\\/es\\\/#website\",\"url\":\"https:\\\/\\\/www.casaldelsinfants.org\\\/es\\\/\",\"name\":\"Casal dels Infants\",\"description\":\"\",\"publisher\":{\"@id\":\"https:\\\/\\\/www.casaldelsinfants.org\\\/es\\\/#organization\"},\"potentialAction\":[{\"@type\":\"SearchAction\",\"target\":{\"@type\":\"EntryPoint\",\"urlTemplate\":\"https:\\\/\\\/www.casaldelsinfants.org\\\/es\\\/?s={search_term_string}\"},\"query-input\":{\"@type\":\"PropertyValueSpecification\",\"valueRequired\":true,\"valueName\":\"search_term_string\"}}],\"inLanguage\":\"es\"},{\"@type\":\"Organization\",\"@id\":\"https:\\\/\\\/www.casaldelsinfants.org\\\/es\\\/#organization\",\"name\":\"Casal dels Infants\",\"url\":\"https:\\\/\\\/www.casaldelsinfants.org\\\/es\\\/\",\"logo\":{\"@type\":\"ImageObject\",\"inLanguage\":\"es\",\"@id\":\"https:\\\/\\\/www.casaldelsinfants.org\\\/es\\\/#\\\/schema\\\/logo\\\/image\\\/\",\"url\":\"https:\\\/\\\/www.casaldelsinfants.org\\\/wp-content\\\/uploads\\\/logo-mail.png\",\"contentUrl\":\"https:\\\/\\\/www.casaldelsinfants.org\\\/wp-content\\\/uploads\\\/logo-mail.png\",\"width\":380,\"height\":158,\"caption\":\"Casal dels Infants\"},\"image\":{\"@id\":\"https:\\\/\\\/www.casaldelsinfants.org\\\/es\\\/#\\\/schema\\\/logo\\\/image\\\/\"},\"sameAs\":[\"https:\\\/\\\/www.facebook.com\\\/casalinfants\",\"https:\\\/\\\/x.com\\\/casalinfants\",\"https:\\\/\\\/www.youtube.com\\\/user\\\/CasaldelsInfants1\",\"https:\\\/\\\/www.instagram.com\\\/casalinfants\\\/\",\"https:\\\/\\\/www.linkedin.com\\\/company\\\/casaldelsinfants?trk=organization-update_share-update_actor-text\"]},{\"@type\":\"Person\",\"@id\":\"https:\\\/\\\/www.casaldelsinfants.org\\\/es\\\/#\\\/schema\\\/person\\\/97707fc8c64900cf36891127dbf9fba8\",\"name\":\"cdiAdmin\",\"sameAs\":[\"https:\\\/\\\/casaldelsinfants.org\"]}]}<\/script>\n<!-- \/ Yoast SEO plugin. -->","yoast_head_json":{"title":"Ciencia, periodismo y creatividad en los cursos del Espacio Tecnol\u00f3gico Comunitario de este a\u00f1o","description":"Este a\u00f1o, vuelven al Espacio Tecnol\u00f3gico Comunitario del Raval las actividades, cursos y aprendizajes en clave tecnol\u00f3gica gracias al apoyo de la Xarxa \u00d2mnia y el Departamento de Derechos Sociales.","robots":{"index":"index","follow":"follow","max-snippet":"max-snippet:-1","max-image-preview":"max-image-preview:large","max-video-preview":"max-video-preview:-1"},"canonical":"https:\/\/www.casaldelsinfants.org\/es\/actualidad\/ciencia-periodismo-y-creatividad-en-los-cursos-del-espacio-tecnologico-comunitario-de-este\/","og_locale":"es_ES","og_type":"article","og_title":"Ciencia, periodismo y creatividad en los cursos del Espacio Tecnol\u00f3gico Comunitario de este a\u00f1o","og_description":"Este a\u00f1o, vuelven al Espacio Tecnol\u00f3gico Comunitario del Raval las actividades, cursos y aprendizajes en clave tecnol\u00f3gica gracias al apoyo de la Xarxa \u00d2mnia y el Departamento de Derechos Sociales.","og_url":"https:\/\/www.casaldelsinfants.org\/es\/actualidad\/ciencia-periodismo-y-creatividad-en-los-cursos-del-espacio-tecnologico-comunitario-de-este\/","og_site_name":"Casal dels Infants","article_publisher":"https:\/\/www.facebook.com\/casalinfants","article_published_time":"2023-01-16T13:54:46+00:00","article_modified_time":"2023-10-26T11:00:38+00:00","og_image":[{"width":1542,"height":1031,"url":"https:\/\/www.casaldelsinfants.org\/wp-content\/uploads\/arduino_1-1.webp","type":"image\/png"}],"author":"cdiAdmin","twitter_card":"summary_large_image","twitter_creator":"@casalinfants","twitter_site":"@casalinfants","twitter_misc":{"Escrito por":"cdiAdmin","Tiempo de lectura":"6 minutos"},"schema":{"@context":"https:\/\/schema.org","@graph":[{"@type":"Article","@id":"https:\/\/www.casaldelsinfants.org\/es\/actualidad\/ciencia-periodismo-y-creatividad-en-los-cursos-del-espacio-tecnologico-comunitario-de-este\/#article","isPartOf":{"@id":"https:\/\/www.casaldelsinfants.org\/es\/actualidad\/ciencia-periodismo-y-creatividad-en-los-cursos-del-espacio-tecnologico-comunitario-de-este\/"},"author":{"name":"cdiAdmin","@id":"https:\/\/www.casaldelsinfants.org\/es\/#\/schema\/person\/97707fc8c64900cf36891127dbf9fba8"},"headline":"Ciencia, periodismo y creatividad en los cursos del Espacio Tecnol\u00f3gico Comunitario de este a\u00f1o","datePublished":"2023-01-16T13:54:46+00:00","dateModified":"2023-10-26T11:00:38+00:00","mainEntityOfPage":{"@id":"https:\/\/www.casaldelsinfants.org\/es\/actualidad\/ciencia-periodismo-y-creatividad-en-los-cursos-del-espacio-tecnologico-comunitario-de-este\/"},"wordCount":1041,"commentCount":0,"publisher":{"@id":"https:\/\/www.casaldelsinfants.org\/es\/#organization"},"image":{"@id":"https:\/\/www.casaldelsinfants.org\/es\/actualidad\/ciencia-periodismo-y-creatividad-en-los-cursos-del-espacio-tecnologico-comunitario-de-este\/#primaryimage"},"thumbnailUrl":"https:\/\/www.casaldelsinfants.org\/wp-content\/uploads\/arduino_1-1.webp","articleSection":["Noticia"],"inLanguage":"es","potentialAction":[{"@type":"CommentAction","name":"Comment","target":["https:\/\/www.casaldelsinfants.org\/es\/actualidad\/ciencia-periodismo-y-creatividad-en-los-cursos-del-espacio-tecnologico-comunitario-de-este\/#respond"]}]},{"@type":"WebPage","@id":"https:\/\/www.casaldelsinfants.org\/es\/actualidad\/ciencia-periodismo-y-creatividad-en-los-cursos-del-espacio-tecnologico-comunitario-de-este\/","url":"https:\/\/www.casaldelsinfants.org\/es\/actualidad\/ciencia-periodismo-y-creatividad-en-los-cursos-del-espacio-tecnologico-comunitario-de-este\/","name":"Ciencia, periodismo y creatividad en los cursos del Espacio Tecnol\u00f3gico Comunitario de este a\u00f1o","isPartOf":{"@id":"https:\/\/www.casaldelsinfants.org\/es\/#website"},"primaryImageOfPage":{"@id":"https:\/\/www.casaldelsinfants.org\/es\/actualidad\/ciencia-periodismo-y-creatividad-en-los-cursos-del-espacio-tecnologico-comunitario-de-este\/#primaryimage"},"image":{"@id":"https:\/\/www.casaldelsinfants.org\/es\/actualidad\/ciencia-periodismo-y-creatividad-en-los-cursos-del-espacio-tecnologico-comunitario-de-este\/#primaryimage"},"thumbnailUrl":"https:\/\/www.casaldelsinfants.org\/wp-content\/uploads\/arduino_1-1.webp","datePublished":"2023-01-16T13:54:46+00:00","dateModified":"2023-10-26T11:00:38+00:00","description":"Este a\u00f1o, vuelven al Espacio Tecnol\u00f3gico Comunitario del Raval las actividades, cursos y aprendizajes en clave tecnol\u00f3gica gracias al apoyo de la Xarxa \u00d2mnia y el Departamento de Derechos Sociales.","breadcrumb":{"@id":"https:\/\/www.casaldelsinfants.org\/es\/actualidad\/ciencia-periodismo-y-creatividad-en-los-cursos-del-espacio-tecnologico-comunitario-de-este\/#breadcrumb"},"inLanguage":"es","potentialAction":[{"@type":"ReadAction","target":["https:\/\/www.casaldelsinfants.org\/es\/actualidad\/ciencia-periodismo-y-creatividad-en-los-cursos-del-espacio-tecnologico-comunitario-de-este\/"]}]},{"@type":"ImageObject","inLanguage":"es","@id":"https:\/\/www.casaldelsinfants.org\/es\/actualidad\/ciencia-periodismo-y-creatividad-en-los-cursos-del-espacio-tecnologico-comunitario-de-este\/#primaryimage","url":"https:\/\/www.casaldelsinfants.org\/wp-content\/uploads\/arduino_1-1.webp","contentUrl":"https:\/\/www.casaldelsinfants.org\/wp-content\/uploads\/arduino_1-1.webp","width":1542,"height":1031,"caption":"Nens utilitzant l'arduino"},{"@type":"BreadcrumbList","@id":"https:\/\/www.casaldelsinfants.org\/es\/actualidad\/ciencia-periodismo-y-creatividad-en-los-cursos-del-espacio-tecnologico-comunitario-de-este\/#breadcrumb","itemListElement":[{"@type":"ListItem","position":1,"name":"Inici","item":"https:\/\/www.casaldelsinfants.org\/es\/"},{"@type":"ListItem","position":2,"name":"Ciencia, periodismo y creatividad en los cursos del Espacio Tecnol\u00f3gico Comunitario de este a\u00f1o"}]},{"@type":"WebSite","@id":"https:\/\/www.casaldelsinfants.org\/es\/#website","url":"https:\/\/www.casaldelsinfants.org\/es\/","name":"Casal dels Infants","description":"","publisher":{"@id":"https:\/\/www.casaldelsinfants.org\/es\/#organization"},"potentialAction":[{"@type":"SearchAction","target":{"@type":"EntryPoint","urlTemplate":"https:\/\/www.casaldelsinfants.org\/es\/?s={search_term_string}"},"query-input":{"@type":"PropertyValueSpecification","valueRequired":true,"valueName":"search_term_string"}}],"inLanguage":"es"},{"@type":"Organization","@id":"https:\/\/www.casaldelsinfants.org\/es\/#organization","name":"Casal dels Infants","url":"https:\/\/www.casaldelsinfants.org\/es\/","logo":{"@type":"ImageObject","inLanguage":"es","@id":"https:\/\/www.casaldelsinfants.org\/es\/#\/schema\/logo\/image\/","url":"https:\/\/www.casaldelsinfants.org\/wp-content\/uploads\/logo-mail.png","contentUrl":"https:\/\/www.casaldelsinfants.org\/wp-content\/uploads\/logo-mail.png","width":380,"height":158,"caption":"Casal dels Infants"},"image":{"@id":"https:\/\/www.casaldelsinfants.org\/es\/#\/schema\/logo\/image\/"},"sameAs":["https:\/\/www.facebook.com\/casalinfants","https:\/\/x.com\/casalinfants","https:\/\/www.youtube.com\/user\/CasaldelsInfants1","https:\/\/www.instagram.com\/casalinfants\/","https:\/\/www.linkedin.com\/company\/casaldelsinfants?trk=organization-update_share-update_actor-text"]},{"@type":"Person","@id":"https:\/\/www.casaldelsinfants.org\/es\/#\/schema\/person\/97707fc8c64900cf36891127dbf9fba8","name":"cdiAdmin","sameAs":["https:\/\/casaldelsinfants.org"]}]}},"publishpress_future_action":{"enabled":false,"date":"2026-05-08 14:38:41","action":"change-status","newStatus":"draft","terms":[],"taxonomy":"category","extraData":[]},"publishpress_future_workflow_manual_trigger":{"enabledWorkflows":[]},"_links":{"self":[{"href":"https:\/\/www.casaldelsinfants.org\/es\/wp-json\/wp\/v2\/posts\/10439","targetHints":{"allow":["GET"]}}],"collection":[{"href":"https:\/\/www.casaldelsinfants.org\/es\/wp-json\/wp\/v2\/posts"}],"about":[{"href":"https:\/\/www.casaldelsinfants.org\/es\/wp-json\/wp\/v2\/types\/post"}],"author":[{"embeddable":true,"href":"https:\/\/www.casaldelsinfants.org\/es\/wp-json\/wp\/v2\/users\/1"}],"replies":[{"embeddable":true,"href":"https:\/\/www.casaldelsinfants.org\/es\/wp-json\/wp\/v2\/comments?post=10439"}],"version-history":[{"count":3,"href":"https:\/\/www.casaldelsinfants.org\/es\/wp-json\/wp\/v2\/posts\/10439\/revisions"}],"predecessor-version":[{"id":14970,"href":"https:\/\/www.casaldelsinfants.org\/es\/wp-json\/wp\/v2\/posts\/10439\/revisions\/14970"}],"wp:featuredmedia":[{"embeddable":true,"href":"https:\/\/www.casaldelsinfants.org\/es\/wp-json\/wp\/v2\/media\/10274"}],"wp:attachment":[{"href":"https:\/\/www.casaldelsinfants.org\/es\/wp-json\/wp\/v2\/media?parent=10439"}],"wp:term":[{"taxonomy":"category","embeddable":true,"href":"https:\/\/www.casaldelsinfants.org\/es\/wp-json\/wp\/v2\/categories?post=10439"},{"taxonomy":"post_tag","embeddable":true,"href":"https:\/\/www.casaldelsinfants.org\/es\/wp-json\/wp\/v2\/tags?post=10439"},{"taxonomy":"seus","embeddable":true,"href":"https:\/\/www.casaldelsinfants.org\/es\/wp-json\/wp\/v2\/seus?post=10439"},{"taxonomy":"eixos","embeddable":true,"href":"https:\/\/www.casaldelsinfants.org\/es\/wp-json\/wp\/v2\/eixos?post=10439"}],"curies":[{"name":"wp","href":"https:\/\/api.w.org\/{rel}","templated":true}]}}