{"id":10441,"date":"2023-01-13T11:57:01","date_gmt":"2023-01-13T09:57:01","guid":{"rendered":"https:\/\/casal.puntzero.cat\/los-ninos-y-ninas-del-casal-dels-infants-abren-regalos-gracias-las-escuelas-y-empresas\/"},"modified":"2023-10-26T12:45:25","modified_gmt":"2023-10-26T10:45:25","slug":"los-ninos-y-ninas-del-casal-dels-infants-abren-regalos-gracias-las-escuelas-y-empresas","status":"publish","type":"post","link":"https:\/\/www.casaldelsinfants.org\/es\/actualidad\/los-ninos-y-ninas-del-casal-dels-infants-abren-regalos-gracias-las-escuelas-y-empresas\/","title":{"rendered":"Los ni\u00f1os y ni\u00f1as del Casal dels Infants abren regalos gracias a las escuelas y empresas colaboradoras"},"content":{"rendered":"<p dir=\"ltr\"><span style=\"color: #000000;\">Centenares de ni\u00f1os y ni\u00f1as del Casal dels Infants han podido hacer cagar el ti\u00f3 estas fiestas gracias a los donativos de las empresas y escuelas colaboradoras. Ayudando al ti\u00f3 y los Reyes de Oriente y con el esp\u00edritu de que ning\u00fan ni\u00f1o ni ni\u00f1a se quedase\u00a0sin regalos esta Navidad, <strong>las empresas y escuelas que participaron en la recogida de juguetes han hecho posible que sigamos protegiendo la ilusi\u00f3n de los m\u00e1s peque\u00f1os y peque\u00f1as durante estas fechas<\/strong>.<\/span><\/p>\n<p dir=\"ltr\"><span style=\"color: #000000;\">La ilusi\u00f3n -y los regalos- fue repartida entre los servicios socioeducativos de cinco barrios donde actuamos desde el Casal dels Infants: en el Raval, en La Mina-Bes\u00f2s, en Santa Coloma de Gramenet, en Badalona, y en Salt, Girona. De esta manera, ni\u00f1os, ni\u00f1as, chicos y chicas han podido recibir y abrir regalos que se recogieron durante el mes de diciembre. Entre los regalos, ni\u00f1os, ni\u00f1as y adolescentes han encontrado <strong>juguetes nuevos<\/strong>, como juegos de mesa, coches de juguete y puzzles, <strong>material deportivo y material escolar<\/strong>, como pelotas y l\u00e1pices de colores.<\/span><\/p>\n<p dir=\"ltr\"><span style=\"color: #000000;\">\u00a0<\/span><\/p>\n<p><img decoding=\"async\" class=\"align-center\" src=\"\/wp-content\/uploads\/inline-images\/DSC08931.JPG\" alt=\"Dues nenes fan cagar el ti\u00f3.\" width=\"480\" height=\"320\" data-entity-type=\"file\" data-entity-uuid=\"29d8273e-f2b2-4197-bbb0-99e58fb658e1\" data-image-style=\"large\" \/><\/p>\n<p dir=\"ltr\"><span style=\"color: #000000;\">Las <strong>empresas <\/strong>que han colaborado con los Reyes de Oriente i el ti\u00f3 en el Casal dels Infants son: Mantu, Nuvolar, Barcelona Health Hub, Sitel Group Barcelona, Wallapop, Intas B2B, Fundaci\u00f3 Eurofirms Girona i Barcelona, Levi Strauss &amp; Co, Zambon S.A.U., Star Trans, Tilting Point, Forcadell, Tech Barcelona, ESADE, Voluntariado y Estrategia, Mercabarna, Promofarma By DocMorris, Stuart, Extia, Idilia, Atos, Sanofi, Fundaci\u00f3 Bar\u00e7a, Dynatrace, Henkel Ib\u00e9rica, Virospack, Sir Victor Hotel, 1840 Group, Footdistrict, Socialpoint, Dentsu, Associaci\u00f3 Voluntarios Itinerantes, Fundaci\u00f3n Ayesa, Medipro, Alcampo, Club Cupra, Intent HQ, Seitsa, Camping del Mar, Puravida Quiropr\u00e1ctica, Claverep, This is Med, Kids &amp; Us Poblenou, Soho House &amp; Co,tekman Education, Destination Management Company, Dance Emotion, Oli &amp; Carol.\u00a0<\/span><\/p>\n<p dir=\"ltr\"><span style=\"color: #000000;\">Por su parte, las <strong>escuelas<\/strong> que han ayudado a que ning\u00fan ni\u00f1o ni ni\u00f1a se quedase sin regalos estas fiestas son: Col\u00b7legi Internacional SEK Catalunya, IES Bonanova, Escola Mireia, Escola Torrent d\u2019en Melis, Escola IPSI, Col\u00b7legi Monserrat, The Benjamin Franklin International School, i l\u2019Escola Voramar.<\/span><\/p>\n<p><img decoding=\"async\" class=\"align-center\" src=\"\/wp-content\/uploads\/inline-images\/Disen%CC%83o%20sin%20ti%CC%81tulo%20%282%29.png\" alt=\"Dos nens ensenyen els regals nous, una pilota i un cotxe de joguina.\" width=\"480\" height=\"360\" data-entity-type=\"file\" data-entity-uuid=\"0bdb7e89-4f34-4ea6-a033-d3e990f1444d\" data-image-style=\"large\" \/><\/p>\n<p dir=\"ltr\"><span style=\"color: #000000;\">\u00a1Much\u00edsimas gracias a todas!<\/span><\/p>\n<blockquote><p><strong>Haz posible que continuemos acompa\u00f1ando y apoyando a ni\u00f1os, ni\u00f1as, j\u00f3venes y familias en situaci\u00f3n de vulnerabilidad.\u00a0<\/strong><\/p>\n<p>Haz\u00a0<strong>voluntariado<\/strong>. Inf\u00f3rmate\u00a0<a href=\"https:\/\/www.casaldelsinfants.org\/que-pots-fer-tu\/voluntariat\/\" target=\"_blank\" rel=\"noopener\"><u>aqu\u00ed<\/u><\/a>.<\/p>\n<p>Haz un\u00a0<strong>donativo<\/strong>\u00a0<a href=\"https:\/\/www.casaldelsinfants.org\/es\/dona-ahora\/\" target=\"_blank\" rel=\"noopener\"><u>aqu\u00ed<\/u><\/a>.<\/p><\/blockquote>\n","protected":false},"excerpt":{"rendered":"<p>Centenares de ni\u00f1os y ni\u00f1as del Casal dels Infants han podido hacer cagar el ti\u00f3 estas fiestas gracias a los donativos de las empresas y escuelas colaboradoras. Ayudando al ti\u00f3 y los Reyes de Oriente y con el esp\u00edritu de que ning\u00fan ni\u00f1o ni ni\u00f1a se quedase\u00a0sin regalos esta Navidad, las empresas y escuelas que [&hellip;]<\/p>\n","protected":false},"author":1,"featured_media":10278,"comment_status":"open","ping_status":"open","sticky":false,"template":"","format":"standard","meta":{"_acf_changed":false,"_et_pb_use_builder":"","_et_pb_old_content":"","_et_gb_content_width":"","inline_featured_image":false,"footnotes":""},"categories":[125],"tags":[],"seus":[],"eixos":[153],"class_list":["post-10441","post","type-post","status-publish","format-standard","has-post-thumbnail","hentry","category-noticias","eixos-proyectos-solidarios"],"acf":[],"yoast_head":"<!-- This site is optimized with the Yoast SEO plugin v27.4 - https:\/\/yoast.com\/product\/yoast-seo-wordpress\/ -->\n<title>Los ni\u00f1os y ni\u00f1as del Casal dels Infants abren regalos gracias a las escuelas y empresas colaboradoras<\/title>\n<meta name=\"robots\" content=\"index, follow, max-snippet:-1, max-image-preview:large, max-video-preview:-1\" \/>\n<link rel=\"canonical\" href=\"https:\/\/www.casaldelsinfants.org\/es\/actualidad\/los-ninos-y-ninas-del-casal-dels-infants-abren-regalos-gracias-las-escuelas-y-empresas\/\" \/>\n<meta property=\"og:locale\" content=\"es_ES\" \/>\n<meta property=\"og:type\" content=\"article\" \/>\n<meta property=\"og:title\" content=\"Los ni\u00f1os y ni\u00f1as del Casal dels Infants abren regalos gracias a las escuelas y empresas colaboradoras\" \/>\n<meta property=\"og:description\" content=\"Centenares de ni\u00f1os y ni\u00f1as del Casal dels Infants han podido hacer cagar el ti\u00f3 estas fiestas gracias a los donativos de las empresas y escuelas colaboradoras. Ayudando al ti\u00f3 y los Reyes de Oriente y con el esp\u00edritu de que ning\u00fan ni\u00f1o ni ni\u00f1a se quedase\u00a0sin regalos esta Navidad, las empresas y escuelas que [&hellip;]\" \/>\n<meta property=\"og:url\" content=\"https:\/\/www.casaldelsinfants.org\/es\/actualidad\/los-ninos-y-ninas-del-casal-dels-infants-abren-regalos-gracias-las-escuelas-y-empresas\/\" \/>\n<meta property=\"og:site_name\" content=\"Casal dels Infants\" \/>\n<meta property=\"article:publisher\" content=\"https:\/\/www.facebook.com\/casalinfants\" \/>\n<meta property=\"article:published_time\" content=\"2023-01-13T09:57:01+00:00\" \/>\n<meta property=\"article:modified_time\" content=\"2023-10-26T10:45:25+00:00\" \/>\n<meta property=\"og:image\" content=\"https:\/\/www.casaldelsinfants.org\/wp-content\/uploads\/dsc04667-scaled-1.webp\" \/>\n\t<meta property=\"og:image:width\" content=\"2560\" \/>\n\t<meta property=\"og:image:height\" content=\"1708\" \/>\n\t<meta property=\"og:image:type\" content=\"image\/jpeg\" \/>\n<meta name=\"author\" content=\"cdiAdmin\" \/>\n<meta name=\"twitter:card\" content=\"summary_large_image\" \/>\n<meta name=\"twitter:creator\" content=\"@casalinfants\" \/>\n<meta name=\"twitter:site\" content=\"@casalinfants\" \/>\n<meta name=\"twitter:label1\" content=\"Escrito por\" \/>\n\t<meta name=\"twitter:data1\" content=\"cdiAdmin\" \/>\n\t<meta name=\"twitter:label2\" content=\"Tiempo de lectura\" \/>\n\t<meta name=\"twitter:data2\" content=\"3 minutos\" \/>\n<script type=\"application\/ld+json\" class=\"yoast-schema-graph\">{\"@context\":\"https:\\\/\\\/schema.org\",\"@graph\":[{\"@type\":\"Article\",\"@id\":\"https:\\\/\\\/www.casaldelsinfants.org\\\/es\\\/actualidad\\\/los-ninos-y-ninas-del-casal-dels-infants-abren-regalos-gracias-las-escuelas-y-empresas\\\/#article\",\"isPartOf\":{\"@id\":\"https:\\\/\\\/www.casaldelsinfants.org\\\/es\\\/actualidad\\\/los-ninos-y-ninas-del-casal-dels-infants-abren-regalos-gracias-las-escuelas-y-empresas\\\/\"},\"author\":{\"name\":\"cdiAdmin\",\"@id\":\"https:\\\/\\\/www.casaldelsinfants.org\\\/es\\\/#\\\/schema\\\/person\\\/97707fc8c64900cf36891127dbf9fba8\"},\"headline\":\"Los ni\u00f1os y ni\u00f1as del Casal dels Infants abren regalos gracias a las escuelas y empresas colaboradoras\",\"datePublished\":\"2023-01-13T09:57:01+00:00\",\"dateModified\":\"2023-10-26T10:45:25+00:00\",\"mainEntityOfPage\":{\"@id\":\"https:\\\/\\\/www.casaldelsinfants.org\\\/es\\\/actualidad\\\/los-ninos-y-ninas-del-casal-dels-infants-abren-regalos-gracias-las-escuelas-y-empresas\\\/\"},\"wordCount\":414,\"commentCount\":0,\"publisher\":{\"@id\":\"https:\\\/\\\/www.casaldelsinfants.org\\\/es\\\/#organization\"},\"image\":{\"@id\":\"https:\\\/\\\/www.casaldelsinfants.org\\\/es\\\/actualidad\\\/los-ninos-y-ninas-del-casal-dels-infants-abren-regalos-gracias-las-escuelas-y-empresas\\\/#primaryimage\"},\"thumbnailUrl\":\"https:\\\/\\\/www.casaldelsinfants.org\\\/wp-content\\\/uploads\\\/dsc04667-scaled-1.webp\",\"articleSection\":[\"Noticia\"],\"inLanguage\":\"es\",\"potentialAction\":[{\"@type\":\"CommentAction\",\"name\":\"Comment\",\"target\":[\"https:\\\/\\\/www.casaldelsinfants.org\\\/es\\\/actualidad\\\/los-ninos-y-ninas-del-casal-dels-infants-abren-regalos-gracias-las-escuelas-y-empresas\\\/#respond\"]}]},{\"@type\":\"WebPage\",\"@id\":\"https:\\\/\\\/www.casaldelsinfants.org\\\/es\\\/actualidad\\\/los-ninos-y-ninas-del-casal-dels-infants-abren-regalos-gracias-las-escuelas-y-empresas\\\/\",\"url\":\"https:\\\/\\\/www.casaldelsinfants.org\\\/es\\\/actualidad\\\/los-ninos-y-ninas-del-casal-dels-infants-abren-regalos-gracias-las-escuelas-y-empresas\\\/\",\"name\":\"Los ni\u00f1os y ni\u00f1as del Casal dels Infants abren regalos gracias a las escuelas y empresas colaboradoras\",\"isPartOf\":{\"@id\":\"https:\\\/\\\/www.casaldelsinfants.org\\\/es\\\/#website\"},\"primaryImageOfPage\":{\"@id\":\"https:\\\/\\\/www.casaldelsinfants.org\\\/es\\\/actualidad\\\/los-ninos-y-ninas-del-casal-dels-infants-abren-regalos-gracias-las-escuelas-y-empresas\\\/#primaryimage\"},\"image\":{\"@id\":\"https:\\\/\\\/www.casaldelsinfants.org\\\/es\\\/actualidad\\\/los-ninos-y-ninas-del-casal-dels-infants-abren-regalos-gracias-las-escuelas-y-empresas\\\/#primaryimage\"},\"thumbnailUrl\":\"https:\\\/\\\/www.casaldelsinfants.org\\\/wp-content\\\/uploads\\\/dsc04667-scaled-1.webp\",\"datePublished\":\"2023-01-13T09:57:01+00:00\",\"dateModified\":\"2023-10-26T10:45:25+00:00\",\"breadcrumb\":{\"@id\":\"https:\\\/\\\/www.casaldelsinfants.org\\\/es\\\/actualidad\\\/los-ninos-y-ninas-del-casal-dels-infants-abren-regalos-gracias-las-escuelas-y-empresas\\\/#breadcrumb\"},\"inLanguage\":\"es\",\"potentialAction\":[{\"@type\":\"ReadAction\",\"target\":[\"https:\\\/\\\/www.casaldelsinfants.org\\\/es\\\/actualidad\\\/los-ninos-y-ninas-del-casal-dels-infants-abren-regalos-gracias-las-escuelas-y-empresas\\\/\"]}]},{\"@type\":\"ImageObject\",\"inLanguage\":\"es\",\"@id\":\"https:\\\/\\\/www.casaldelsinfants.org\\\/es\\\/actualidad\\\/los-ninos-y-ninas-del-casal-dels-infants-abren-regalos-gracias-las-escuelas-y-empresas\\\/#primaryimage\",\"url\":\"https:\\\/\\\/www.casaldelsinfants.org\\\/wp-content\\\/uploads\\\/dsc04667-scaled-1.webp\",\"contentUrl\":\"https:\\\/\\\/www.casaldelsinfants.org\\\/wp-content\\\/uploads\\\/dsc04667-scaled-1.webp\",\"width\":2560,\"height\":1708,\"caption\":\"Infants del Casal dels Infants obren regals gr\u00e0cies a les escoles i empreses col\u00b7laboradores.\"},{\"@type\":\"BreadcrumbList\",\"@id\":\"https:\\\/\\\/www.casaldelsinfants.org\\\/es\\\/actualidad\\\/los-ninos-y-ninas-del-casal-dels-infants-abren-regalos-gracias-las-escuelas-y-empresas\\\/#breadcrumb\",\"itemListElement\":[{\"@type\":\"ListItem\",\"position\":1,\"name\":\"Inici\",\"item\":\"https:\\\/\\\/www.casaldelsinfants.org\\\/es\\\/\"},{\"@type\":\"ListItem\",\"position\":2,\"name\":\"Los ni\u00f1os y ni\u00f1as del Casal dels Infants abren regalos gracias a las escuelas y empresas colaboradoras\"}]},{\"@type\":\"WebSite\",\"@id\":\"https:\\\/\\\/www.casaldelsinfants.org\\\/es\\\/#website\",\"url\":\"https:\\\/\\\/www.casaldelsinfants.org\\\/es\\\/\",\"name\":\"Casal dels Infants\",\"description\":\"\",\"publisher\":{\"@id\":\"https:\\\/\\\/www.casaldelsinfants.org\\\/es\\\/#organization\"},\"potentialAction\":[{\"@type\":\"SearchAction\",\"target\":{\"@type\":\"EntryPoint\",\"urlTemplate\":\"https:\\\/\\\/www.casaldelsinfants.org\\\/es\\\/?s={search_term_string}\"},\"query-input\":{\"@type\":\"PropertyValueSpecification\",\"valueRequired\":true,\"valueName\":\"search_term_string\"}}],\"inLanguage\":\"es\"},{\"@type\":\"Organization\",\"@id\":\"https:\\\/\\\/www.casaldelsinfants.org\\\/es\\\/#organization\",\"name\":\"Casal dels Infants\",\"url\":\"https:\\\/\\\/www.casaldelsinfants.org\\\/es\\\/\",\"logo\":{\"@type\":\"ImageObject\",\"inLanguage\":\"es\",\"@id\":\"https:\\\/\\\/www.casaldelsinfants.org\\\/es\\\/#\\\/schema\\\/logo\\\/image\\\/\",\"url\":\"https:\\\/\\\/www.casaldelsinfants.org\\\/wp-content\\\/uploads\\\/logo-mail.png\",\"contentUrl\":\"https:\\\/\\\/www.casaldelsinfants.org\\\/wp-content\\\/uploads\\\/logo-mail.png\",\"width\":380,\"height\":158,\"caption\":\"Casal dels Infants\"},\"image\":{\"@id\":\"https:\\\/\\\/www.casaldelsinfants.org\\\/es\\\/#\\\/schema\\\/logo\\\/image\\\/\"},\"sameAs\":[\"https:\\\/\\\/www.facebook.com\\\/casalinfants\",\"https:\\\/\\\/x.com\\\/casalinfants\",\"https:\\\/\\\/www.youtube.com\\\/user\\\/CasaldelsInfants1\",\"https:\\\/\\\/www.instagram.com\\\/casalinfants\\\/\",\"https:\\\/\\\/www.linkedin.com\\\/company\\\/casaldelsinfants?trk=organization-update_share-update_actor-text\"]},{\"@type\":\"Person\",\"@id\":\"https:\\\/\\\/www.casaldelsinfants.org\\\/es\\\/#\\\/schema\\\/person\\\/97707fc8c64900cf36891127dbf9fba8\",\"name\":\"cdiAdmin\",\"sameAs\":[\"https:\\\/\\\/casaldelsinfants.org\"]}]}<\/script>\n<!-- \/ Yoast SEO plugin. -->","yoast_head_json":{"title":"Los ni\u00f1os y ni\u00f1as del Casal dels Infants abren regalos gracias a las escuelas y empresas colaboradoras","robots":{"index":"index","follow":"follow","max-snippet":"max-snippet:-1","max-image-preview":"max-image-preview:large","max-video-preview":"max-video-preview:-1"},"canonical":"https:\/\/www.casaldelsinfants.org\/es\/actualidad\/los-ninos-y-ninas-del-casal-dels-infants-abren-regalos-gracias-las-escuelas-y-empresas\/","og_locale":"es_ES","og_type":"article","og_title":"Los ni\u00f1os y ni\u00f1as del Casal dels Infants abren regalos gracias a las escuelas y empresas colaboradoras","og_description":"Centenares de ni\u00f1os y ni\u00f1as del Casal dels Infants han podido hacer cagar el ti\u00f3 estas fiestas gracias a los donativos de las empresas y escuelas colaboradoras. Ayudando al ti\u00f3 y los Reyes de Oriente y con el esp\u00edritu de que ning\u00fan ni\u00f1o ni ni\u00f1a se quedase\u00a0sin regalos esta Navidad, las empresas y escuelas que [&hellip;]","og_url":"https:\/\/www.casaldelsinfants.org\/es\/actualidad\/los-ninos-y-ninas-del-casal-dels-infants-abren-regalos-gracias-las-escuelas-y-empresas\/","og_site_name":"Casal dels Infants","article_publisher":"https:\/\/www.facebook.com\/casalinfants","article_published_time":"2023-01-13T09:57:01+00:00","article_modified_time":"2023-10-26T10:45:25+00:00","og_image":[{"width":2560,"height":1708,"url":"https:\/\/www.casaldelsinfants.org\/wp-content\/uploads\/dsc04667-scaled-1.webp","type":"image\/jpeg"}],"author":"cdiAdmin","twitter_card":"summary_large_image","twitter_creator":"@casalinfants","twitter_site":"@casalinfants","twitter_misc":{"Escrito por":"cdiAdmin","Tiempo de lectura":"3 minutos"},"schema":{"@context":"https:\/\/schema.org","@graph":[{"@type":"Article","@id":"https:\/\/www.casaldelsinfants.org\/es\/actualidad\/los-ninos-y-ninas-del-casal-dels-infants-abren-regalos-gracias-las-escuelas-y-empresas\/#article","isPartOf":{"@id":"https:\/\/www.casaldelsinfants.org\/es\/actualidad\/los-ninos-y-ninas-del-casal-dels-infants-abren-regalos-gracias-las-escuelas-y-empresas\/"},"author":{"name":"cdiAdmin","@id":"https:\/\/www.casaldelsinfants.org\/es\/#\/schema\/person\/97707fc8c64900cf36891127dbf9fba8"},"headline":"Los ni\u00f1os y ni\u00f1as del Casal dels Infants abren regalos gracias a las escuelas y empresas colaboradoras","datePublished":"2023-01-13T09:57:01+00:00","dateModified":"2023-10-26T10:45:25+00:00","mainEntityOfPage":{"@id":"https:\/\/www.casaldelsinfants.org\/es\/actualidad\/los-ninos-y-ninas-del-casal-dels-infants-abren-regalos-gracias-las-escuelas-y-empresas\/"},"wordCount":414,"commentCount":0,"publisher":{"@id":"https:\/\/www.casaldelsinfants.org\/es\/#organization"},"image":{"@id":"https:\/\/www.casaldelsinfants.org\/es\/actualidad\/los-ninos-y-ninas-del-casal-dels-infants-abren-regalos-gracias-las-escuelas-y-empresas\/#primaryimage"},"thumbnailUrl":"https:\/\/www.casaldelsinfants.org\/wp-content\/uploads\/dsc04667-scaled-1.webp","articleSection":["Noticia"],"inLanguage":"es","potentialAction":[{"@type":"CommentAction","name":"Comment","target":["https:\/\/www.casaldelsinfants.org\/es\/actualidad\/los-ninos-y-ninas-del-casal-dels-infants-abren-regalos-gracias-las-escuelas-y-empresas\/#respond"]}]},{"@type":"WebPage","@id":"https:\/\/www.casaldelsinfants.org\/es\/actualidad\/los-ninos-y-ninas-del-casal-dels-infants-abren-regalos-gracias-las-escuelas-y-empresas\/","url":"https:\/\/www.casaldelsinfants.org\/es\/actualidad\/los-ninos-y-ninas-del-casal-dels-infants-abren-regalos-gracias-las-escuelas-y-empresas\/","name":"Los ni\u00f1os y ni\u00f1as del Casal dels Infants abren regalos gracias a las escuelas y empresas colaboradoras","isPartOf":{"@id":"https:\/\/www.casaldelsinfants.org\/es\/#website"},"primaryImageOfPage":{"@id":"https:\/\/www.casaldelsinfants.org\/es\/actualidad\/los-ninos-y-ninas-del-casal-dels-infants-abren-regalos-gracias-las-escuelas-y-empresas\/#primaryimage"},"image":{"@id":"https:\/\/www.casaldelsinfants.org\/es\/actualidad\/los-ninos-y-ninas-del-casal-dels-infants-abren-regalos-gracias-las-escuelas-y-empresas\/#primaryimage"},"thumbnailUrl":"https:\/\/www.casaldelsinfants.org\/wp-content\/uploads\/dsc04667-scaled-1.webp","datePublished":"2023-01-13T09:57:01+00:00","dateModified":"2023-10-26T10:45:25+00:00","breadcrumb":{"@id":"https:\/\/www.casaldelsinfants.org\/es\/actualidad\/los-ninos-y-ninas-del-casal-dels-infants-abren-regalos-gracias-las-escuelas-y-empresas\/#breadcrumb"},"inLanguage":"es","potentialAction":[{"@type":"ReadAction","target":["https:\/\/www.casaldelsinfants.org\/es\/actualidad\/los-ninos-y-ninas-del-casal-dels-infants-abren-regalos-gracias-las-escuelas-y-empresas\/"]}]},{"@type":"ImageObject","inLanguage":"es","@id":"https:\/\/www.casaldelsinfants.org\/es\/actualidad\/los-ninos-y-ninas-del-casal-dels-infants-abren-regalos-gracias-las-escuelas-y-empresas\/#primaryimage","url":"https:\/\/www.casaldelsinfants.org\/wp-content\/uploads\/dsc04667-scaled-1.webp","contentUrl":"https:\/\/www.casaldelsinfants.org\/wp-content\/uploads\/dsc04667-scaled-1.webp","width":2560,"height":1708,"caption":"Infants del Casal dels Infants obren regals gr\u00e0cies a les escoles i empreses col\u00b7laboradores."},{"@type":"BreadcrumbList","@id":"https:\/\/www.casaldelsinfants.org\/es\/actualidad\/los-ninos-y-ninas-del-casal-dels-infants-abren-regalos-gracias-las-escuelas-y-empresas\/#breadcrumb","itemListElement":[{"@type":"ListItem","position":1,"name":"Inici","item":"https:\/\/www.casaldelsinfants.org\/es\/"},{"@type":"ListItem","position":2,"name":"Los ni\u00f1os y ni\u00f1as del Casal dels Infants abren regalos gracias a las escuelas y empresas colaboradoras"}]},{"@type":"WebSite","@id":"https:\/\/www.casaldelsinfants.org\/es\/#website","url":"https:\/\/www.casaldelsinfants.org\/es\/","name":"Casal dels Infants","description":"","publisher":{"@id":"https:\/\/www.casaldelsinfants.org\/es\/#organization"},"potentialAction":[{"@type":"SearchAction","target":{"@type":"EntryPoint","urlTemplate":"https:\/\/www.casaldelsinfants.org\/es\/?s={search_term_string}"},"query-input":{"@type":"PropertyValueSpecification","valueRequired":true,"valueName":"search_term_string"}}],"inLanguage":"es"},{"@type":"Organization","@id":"https:\/\/www.casaldelsinfants.org\/es\/#organization","name":"Casal dels Infants","url":"https:\/\/www.casaldelsinfants.org\/es\/","logo":{"@type":"ImageObject","inLanguage":"es","@id":"https:\/\/www.casaldelsinfants.org\/es\/#\/schema\/logo\/image\/","url":"https:\/\/www.casaldelsinfants.org\/wp-content\/uploads\/logo-mail.png","contentUrl":"https:\/\/www.casaldelsinfants.org\/wp-content\/uploads\/logo-mail.png","width":380,"height":158,"caption":"Casal dels Infants"},"image":{"@id":"https:\/\/www.casaldelsinfants.org\/es\/#\/schema\/logo\/image\/"},"sameAs":["https:\/\/www.facebook.com\/casalinfants","https:\/\/x.com\/casalinfants","https:\/\/www.youtube.com\/user\/CasaldelsInfants1","https:\/\/www.instagram.com\/casalinfants\/","https:\/\/www.linkedin.com\/company\/casaldelsinfants?trk=organization-update_share-update_actor-text"]},{"@type":"Person","@id":"https:\/\/www.casaldelsinfants.org\/es\/#\/schema\/person\/97707fc8c64900cf36891127dbf9fba8","name":"cdiAdmin","sameAs":["https:\/\/casaldelsinfants.org"]}]}},"publishpress_future_action":{"enabled":false,"date":"2026-05-09 00:56:16","action":"change-status","newStatus":"draft","terms":[],"taxonomy":"category","extraData":[]},"publishpress_future_workflow_manual_trigger":{"enabledWorkflows":[]},"_links":{"self":[{"href":"https:\/\/www.casaldelsinfants.org\/es\/wp-json\/wp\/v2\/posts\/10441","targetHints":{"allow":["GET"]}}],"collection":[{"href":"https:\/\/www.casaldelsinfants.org\/es\/wp-json\/wp\/v2\/posts"}],"about":[{"href":"https:\/\/www.casaldelsinfants.org\/es\/wp-json\/wp\/v2\/types\/post"}],"author":[{"embeddable":true,"href":"https:\/\/www.casaldelsinfants.org\/es\/wp-json\/wp\/v2\/users\/1"}],"replies":[{"embeddable":true,"href":"https:\/\/www.casaldelsinfants.org\/es\/wp-json\/wp\/v2\/comments?post=10441"}],"version-history":[{"count":3,"href":"https:\/\/www.casaldelsinfants.org\/es\/wp-json\/wp\/v2\/posts\/10441\/revisions"}],"predecessor-version":[{"id":14955,"href":"https:\/\/www.casaldelsinfants.org\/es\/wp-json\/wp\/v2\/posts\/10441\/revisions\/14955"}],"wp:featuredmedia":[{"embeddable":true,"href":"https:\/\/www.casaldelsinfants.org\/es\/wp-json\/wp\/v2\/media\/10278"}],"wp:attachment":[{"href":"https:\/\/www.casaldelsinfants.org\/es\/wp-json\/wp\/v2\/media?parent=10441"}],"wp:term":[{"taxonomy":"category","embeddable":true,"href":"https:\/\/www.casaldelsinfants.org\/es\/wp-json\/wp\/v2\/categories?post=10441"},{"taxonomy":"post_tag","embeddable":true,"href":"https:\/\/www.casaldelsinfants.org\/es\/wp-json\/wp\/v2\/tags?post=10441"},{"taxonomy":"seus","embeddable":true,"href":"https:\/\/www.casaldelsinfants.org\/es\/wp-json\/wp\/v2\/seus?post=10441"},{"taxonomy":"eixos","embeddable":true,"href":"https:\/\/www.casaldelsinfants.org\/es\/wp-json\/wp\/v2\/eixos?post=10441"}],"curies":[{"name":"wp","href":"https:\/\/api.w.org\/{rel}","templated":true}]}}