{"id":10443,"date":"2022-12-28T12:12:20","date_gmt":"2022-12-28T10:12:20","guid":{"rendered":"https:\/\/casal.puntzero.cat\/actividades-excursiones-y-mucha-ilusion-en-el-casal-dhivern\/"},"modified":"2023-10-26T13:00:12","modified_gmt":"2023-10-26T11:00:12","slug":"actividades-excursiones-y-mucha-ilusion-en-el-casal-dhivern","status":"publish","type":"post","link":"https:\/\/www.casaldelsinfants.org\/es\/actualidad\/actividades-excursiones-y-mucha-ilusion-en-el-casal-dhivern\/","title":{"rendered":"Actividades, excursiones y mucha ilusi\u00f3n en el Casal d\u2019Hivern"},"content":{"rendered":"<p>&nbsp;<\/p>\n<p dir=\"ltr\">\n<p dir=\"ltr\"><span style=\"color: #000000;\">Estas fiestas, el Casal dels Infants contin\u00faa abierto y seguimos acompa\u00f1ando ni\u00f1os, ni\u00f1as, j\u00f3venes y familias en situaci\u00f3n de riesgo; <strong>seguimos protegiendo la ilusi\u00f3n y trabajando para garantizarles m\u00e1s derechos que nunca<\/strong>. Con las escuelas e institutos cerrados por vacaciones, es esencial continuar d\u00e1ndoles nuestro apoyo para continuar adelante. De esta manera, este 27 de diciembre ha empezado el Casal d\u2019Hivern, dos semanas de acompa\u00f1amiento socioeducativo cargado de actividades, salidas y mucha ilusi\u00f3n.\u00a0<\/span><\/p>\n<p dir=\"ltr\"><span style=\"color: #000000;\">En el <strong>Raval<\/strong>, los ni\u00f1os y ni\u00f1as del Centro Abierto Infantil (COI), entre la \u00faltima semana de enero y la primera de enero, ir\u00e1n al teatro, har\u00e1n manualidades, un taller de cocina y tarde de cine, e ir\u00e1n de excursi\u00f3n a el CosmoCaixa y al Festival de la Infancia. Los chicos y chicas del Centro Abierto Adolescente (COA) disfrutar\u00e1n de diferentes excursiones: un d\u00eda ir\u00e1n a los B\u00fankers del Carmel, otro al CosmoCaixa y el siguiente visitaran el Camp Nou. El d\u00eda 30, se avanzan un d\u00eda para celebrar el fin de a\u00f1o en las COAcampanades. En enero, har\u00e1n dos salidas m\u00e1s: ir a jugar a bolos, y un p\u00edcnic en Les Planes y actividades con la familia. En el Casal Jove, mezclar\u00e1n arte y ocio, con un taller de cianotipia, laser tag, juegos de mesa, salida al cine y un taller de cocina.\u00a0<\/span><\/p>\n<p><img decoding=\"async\" class=\"align-center\" src=\"\/wp-content\/uploads\/inline-images\/raval%20hivern_0.png\" alt=\"Nens i nenes al Festival d'Inf\u00e0ncia de Barcelona.\" width=\"480\" height=\"431\" data-entity-type=\"file\" data-entity-uuid=\"5b4a056d-6236-4304-8236-161a91625330\" data-image-style=\"large\" \/><\/p>\n<p dir=\"ltr\">\n<p dir=\"ltr\"><span style=\"color: #000000;\">En Badalona, los ni\u00f1os y ni\u00f1as de COI Llefi\u00e0 har\u00e1n actividades en el Casal, como un taller de cocina y una salida por el barrio, y salidas, como una excursi\u00f3n al Tibidabo y una salida por Barcelona. Los chicos y chicas del Centro Socioeducativo Sant Roc, el 29 de diciembre har\u00e1n una fiesta con las familias para despedir el a\u00f1o todos juntos. Durante estos d\u00edas, podr\u00e9is encontrar expuesto en el local del Ateneu de Sant Roc dos pesebres hechos por el grupo de adolescentes, donde se representan los valores culturales y solidarios de estas fiestas. En el Casal Jove, los chicos y chicas se encuentran durante la primera semana de enero para ir de excursi\u00f3n a Collserola, visitar el CosmoCaixa, y celebraran la fiesta de final de trimestre donde cada uno traer\u00e1 un plato cocinado en casa. Durante estos d\u00edas, se har\u00e1 un concurso de fotograf\u00eda y recibir\u00e1n los premios el d\u00eda 5.<\/span><\/p>\n<p><img decoding=\"async\" class=\"align-center\" src=\"\/wp-content\/uploads\/inline-images\/WhatsApp%20Image%202022-12-20%20at%2013.15.01%20-%20Editada_0.png\" alt=\"Nois i noies es fan una foto amb un pessebre modern elaborat per ells mateixos.\" width=\"480\" height=\"359\" data-entity-type=\"file\" data-entity-uuid=\"27116ee5-c531-4475-9971-75bda0dfab73\" data-image-style=\"large\" \/><\/p>\n<p dir=\"ltr\">\n<p dir=\"ltr\"><span style=\"color: #000000;\">En <strong>Santa Coloma<\/strong>, los ni\u00f1os y ni\u00f1as de Anem i Tornem participar\u00e1n en talleres de manualidades, de cocina y en una gincana, as\u00ed como en una excursi\u00f3n por Santa Coloma donde colgar\u00e1n sus deseos para estas fiestas. Tambi\u00e9n visitaran en Sal\u00f3 Infantil de Sant Adri\u00e0 del Bes\u00f2s y har\u00e1n cagar el ti\u00f3. El d\u00eda 30, ni\u00f1os, ni\u00f1as y familias se juntar\u00e1n para despedir el a\u00f1o juntos. En el Espacio Socioeducativo Beethoven, har\u00e1n dos d\u00edas de recorrido por Santa Coloma, para ver las decoraciones navide\u00f1as y el \u00e1rbol de los deseos. Los y las adolescentes ir\u00e1n al CosmoCaixa y al Camp Nou, mientras que los y las j\u00f3venes har\u00e1n talleres de cocina, juegos de mesa, de fotograf\u00eda y de f\u00fatbol, as\u00ed como una paradita de manualidades y una excursi\u00f3n al Tibidabo.\u00a0<\/span><\/p>\n<p><img decoding=\"async\" class=\"align-center\" src=\"\/wp-content\/uploads\/inline-images\/santaco%20hivern_1.png\" alt=\"Nens i nenes carreguen un ti\u00f3 i posen amb menjar de Nadal.\" width=\"480\" height=\"360\" data-entity-type=\"file\" data-entity-uuid=\"2624aa68-0c86-4a0c-836f-c57a3ee7f096\" data-image-style=\"large\" \/><\/p>\n<p dir=\"ltr\"><span style=\"color: #000000;\">En <strong>La Mina-Bes\u00f2s<\/strong>, los ni\u00f1os y ni\u00f1as del Centro Socioeducativo El Rac\u00f3 har\u00e1n diversas excursiones al Sal\u00f3 Infantil, al Museo del Bar\u00e7a y al CosmoCaixa. En el Centro Socioeducativo Cascavell, los ni\u00f1os y ni\u00f1as har\u00e1n una gincana para encontrar el ti\u00f3, que m\u00e1s tarde har\u00e1n cagar y podr\u00e1n jugar con aquello que les haya tra\u00eddo. Al d\u00eda siguiente, ir\u00e1n al Jumpyard de Cornell\u00e0, un parque de trampolines. Los chicos y chicas de COA har\u00e1n una ruta por el barrio para aprender sobre su historia, ir\u00e1n al cine y se despedir\u00e1n del a\u00f1o en un almuerzo comunitario, con talleres de manualidades y el amigo invisible. Tambi\u00e9n ir\u00e1n al CaixaForum para asistir a un concierto de m\u00fasica cl\u00e1sica en realidad virtual.\u00a0<\/span><\/p>\n<p><img decoding=\"async\" class=\"align-center\" src=\"\/wp-content\/uploads\/inline-images\/WhatsApp%20Image%202022-12-29%20at%2014.23.16%20%281%29_0.jpeg\" alt=\"Nens i nenes posen per una foto damunt de trampolins. \" width=\"480\" height=\"360\" data-entity-type=\"file\" data-entity-uuid=\"2dcbecbd-29b2-4f36-baf3-c3edd5cb2b9c\" data-image-style=\"large\" \/><\/p>\n<p dir=\"ltr\"><span style=\"color: #000000;\">En <strong>Salt<\/strong>, los ni\u00f1os y ni\u00f1as del COI y los chicos y chicas del COA pasar\u00e1n el Casal d\u2019Hivern juntos, donde har\u00e1n torneos de juegos de mesa, un taller de cocina e ir\u00e1n a la pista de hielo del Palau Firal de Girona.\u00a0<\/span><\/p>\n<p><img decoding=\"async\" class=\"align-center\" src=\"\/wp-content\/uploads\/inline-images\/Dise%C3%B1o%20sin%20t%C3%ADtulo%20%2810%29_0.png\" alt=\"Nens i nenes participen en un taller de cuina i patinen sobre una pista de gel.\" width=\"480\" height=\"360\" data-entity-type=\"file\" data-entity-uuid=\"c1de44c8-0c7e-4630-8d37-f342cd4392a2\" data-image-style=\"large\" \/><\/p>\n<p dir=\"ltr\"><span style=\"color: #000000;\">Un invierno m\u00e1s, no cerramos el Casal y nos mantenemos abiertos para continuar acompa\u00f1ando ni\u00f1os, ni\u00f1as, j\u00f3venes y familias durante estas fiestas. <\/span><a href=\"https:\/\/www.casaldelsinfants.org\/es\/que-puedes-hacer-tu\/haz-un-donativo\/\" target=\"_blank\" rel=\"noopener\"><u>Ay\u00fadanos a hacerlo posible un a\u00f1o m\u00e1s<\/u><\/a><span style=\"color: #000000;\">.\u00a0<\/span><\/p>\n<blockquote><p><strong>Haz posible que continuemos acompa\u00f1ando y apoyando a ni\u00f1os, ni\u00f1as, j\u00f3venes y familias en situaci\u00f3n de vulnerabilidad.\u00a0<\/strong><\/p>\n<p>Haz\u00a0<strong>voluntariado<\/strong>. Inf\u00f3rmate\u00a0<a href=\"https:\/\/www.casaldelsinfants.org\/que-pots-fer-tu\/voluntariat\/\" target=\"_blank\" rel=\"noopener\"><u>aqu\u00ed<\/u><\/a>.<\/p>\n<p>Haz un\u00a0<strong>donativo<\/strong>\u00a0<a href=\"https:\/\/www.casaldelsinfants.org\/es\/dona-ahora\/\" target=\"_blank\" rel=\"noopener\"><u>aqu\u00ed<\/u><\/a>.<\/p><\/blockquote>\n","protected":false},"excerpt":{"rendered":"<p>&nbsp; Estas fiestas, el Casal dels Infants contin\u00faa abierto y seguimos acompa\u00f1ando ni\u00f1os, ni\u00f1as, j\u00f3venes y familias en situaci\u00f3n de riesgo; seguimos protegiendo la ilusi\u00f3n y trabajando para garantizarles m\u00e1s derechos que nunca. Con las escuelas e institutos cerrados por vacaciones, es esencial continuar d\u00e1ndoles nuestro apoyo para continuar adelante. De esta manera, este 27 [&hellip;]<\/p>\n","protected":false},"author":1,"featured_media":10282,"comment_status":"open","ping_status":"open","sticky":false,"template":"","format":"standard","meta":{"_acf_changed":false,"_et_pb_use_builder":"","_et_pb_old_content":"","_et_gb_content_width":"","inline_featured_image":false,"footnotes":""},"categories":[125],"tags":[],"seus":[],"eixos":[99],"class_list":["post-10443","post","type-post","status-publish","format-standard","has-post-thumbnail","hentry","category-noticias","eixos-infancia-y-adolescencia"],"acf":[],"yoast_head":"<!-- This site is optimized with the Yoast SEO plugin v27.4 - https:\/\/yoast.com\/product\/yoast-seo-wordpress\/ -->\n<title>Actividades, excursiones y mucha ilusi\u00f3n en el Casal d\u2019Hivern<\/title>\n<meta name=\"robots\" content=\"index, follow, max-snippet:-1, max-image-preview:large, max-video-preview:-1\" \/>\n<link rel=\"canonical\" href=\"https:\/\/www.casaldelsinfants.org\/es\/actualidad\/actividades-excursiones-y-mucha-ilusion-en-el-casal-dhivern\/\" \/>\n<meta property=\"og:locale\" content=\"es_ES\" \/>\n<meta property=\"og:type\" content=\"article\" \/>\n<meta property=\"og:title\" content=\"Actividades, excursiones y mucha ilusi\u00f3n en el Casal d\u2019Hivern\" \/>\n<meta property=\"og:description\" content=\"&nbsp; Estas fiestas, el Casal dels Infants contin\u00faa abierto y seguimos acompa\u00f1ando ni\u00f1os, ni\u00f1as, j\u00f3venes y familias en situaci\u00f3n de riesgo; seguimos protegiendo la ilusi\u00f3n y trabajando para garantizarles m\u00e1s derechos que nunca. Con las escuelas e institutos cerrados por vacaciones, es esencial continuar d\u00e1ndoles nuestro apoyo para continuar adelante. De esta manera, este 27 [&hellip;]\" \/>\n<meta property=\"og:url\" content=\"https:\/\/www.casaldelsinfants.org\/es\/actualidad\/actividades-excursiones-y-mucha-ilusion-en-el-casal-dhivern\/\" \/>\n<meta property=\"og:site_name\" content=\"Casal dels Infants\" \/>\n<meta property=\"article:publisher\" content=\"https:\/\/www.facebook.com\/casalinfants\" \/>\n<meta property=\"article:published_time\" content=\"2022-12-28T10:12:20+00:00\" \/>\n<meta property=\"article:modified_time\" content=\"2023-10-26T11:00:12+00:00\" \/>\n<meta property=\"og:image\" content=\"https:\/\/www.casaldelsinfants.org\/wp-content\/uploads\/whatsapp_image_2022-12-27_at_14.27.59_0-1.webp\" \/>\n\t<meta property=\"og:image:width\" content=\"2048\" \/>\n\t<meta property=\"og:image:height\" content=\"1304\" \/>\n\t<meta property=\"og:image:type\" content=\"image\/jpeg\" \/>\n<meta name=\"author\" content=\"cdiAdmin\" \/>\n<meta name=\"twitter:card\" content=\"summary_large_image\" \/>\n<meta name=\"twitter:creator\" content=\"@casalinfants\" \/>\n<meta name=\"twitter:site\" content=\"@casalinfants\" \/>\n<meta name=\"twitter:label1\" content=\"Escrito por\" \/>\n\t<meta name=\"twitter:data1\" content=\"cdiAdmin\" \/>\n\t<meta name=\"twitter:label2\" content=\"Tiempo de lectura\" \/>\n\t<meta name=\"twitter:data2\" content=\"5 minutos\" \/>\n<script type=\"application\/ld+json\" class=\"yoast-schema-graph\">{\"@context\":\"https:\\\/\\\/schema.org\",\"@graph\":[{\"@type\":\"Article\",\"@id\":\"https:\\\/\\\/www.casaldelsinfants.org\\\/es\\\/actualidad\\\/actividades-excursiones-y-mucha-ilusion-en-el-casal-dhivern\\\/#article\",\"isPartOf\":{\"@id\":\"https:\\\/\\\/www.casaldelsinfants.org\\\/es\\\/actualidad\\\/actividades-excursiones-y-mucha-ilusion-en-el-casal-dhivern\\\/\"},\"author\":{\"name\":\"cdiAdmin\",\"@id\":\"https:\\\/\\\/www.casaldelsinfants.org\\\/es\\\/#\\\/schema\\\/person\\\/97707fc8c64900cf36891127dbf9fba8\"},\"headline\":\"Actividades, excursiones y mucha ilusi\u00f3n en el Casal d\u2019Hivern\",\"datePublished\":\"2022-12-28T10:12:20+00:00\",\"dateModified\":\"2023-10-26T11:00:12+00:00\",\"mainEntityOfPage\":{\"@id\":\"https:\\\/\\\/www.casaldelsinfants.org\\\/es\\\/actualidad\\\/actividades-excursiones-y-mucha-ilusion-en-el-casal-dhivern\\\/\"},\"wordCount\":829,\"commentCount\":0,\"publisher\":{\"@id\":\"https:\\\/\\\/www.casaldelsinfants.org\\\/es\\\/#organization\"},\"image\":{\"@id\":\"https:\\\/\\\/www.casaldelsinfants.org\\\/es\\\/actualidad\\\/actividades-excursiones-y-mucha-ilusion-en-el-casal-dhivern\\\/#primaryimage\"},\"thumbnailUrl\":\"https:\\\/\\\/www.casaldelsinfants.org\\\/wp-content\\\/uploads\\\/whatsapp_image_2022-12-27_at_14.27.59_0-1.webp\",\"articleSection\":[\"Noticia\"],\"inLanguage\":\"es\",\"potentialAction\":[{\"@type\":\"CommentAction\",\"name\":\"Comment\",\"target\":[\"https:\\\/\\\/www.casaldelsinfants.org\\\/es\\\/actualidad\\\/actividades-excursiones-y-mucha-ilusion-en-el-casal-dhivern\\\/#respond\"]}]},{\"@type\":\"WebPage\",\"@id\":\"https:\\\/\\\/www.casaldelsinfants.org\\\/es\\\/actualidad\\\/actividades-excursiones-y-mucha-ilusion-en-el-casal-dhivern\\\/\",\"url\":\"https:\\\/\\\/www.casaldelsinfants.org\\\/es\\\/actualidad\\\/actividades-excursiones-y-mucha-ilusion-en-el-casal-dhivern\\\/\",\"name\":\"Actividades, excursiones y mucha ilusi\u00f3n en el Casal d\u2019Hivern\",\"isPartOf\":{\"@id\":\"https:\\\/\\\/www.casaldelsinfants.org\\\/es\\\/#website\"},\"primaryImageOfPage\":{\"@id\":\"https:\\\/\\\/www.casaldelsinfants.org\\\/es\\\/actualidad\\\/actividades-excursiones-y-mucha-ilusion-en-el-casal-dhivern\\\/#primaryimage\"},\"image\":{\"@id\":\"https:\\\/\\\/www.casaldelsinfants.org\\\/es\\\/actualidad\\\/actividades-excursiones-y-mucha-ilusion-en-el-casal-dhivern\\\/#primaryimage\"},\"thumbnailUrl\":\"https:\\\/\\\/www.casaldelsinfants.org\\\/wp-content\\\/uploads\\\/whatsapp_image_2022-12-27_at_14.27.59_0-1.webp\",\"datePublished\":\"2022-12-28T10:12:20+00:00\",\"dateModified\":\"2023-10-26T11:00:12+00:00\",\"breadcrumb\":{\"@id\":\"https:\\\/\\\/www.casaldelsinfants.org\\\/es\\\/actualidad\\\/actividades-excursiones-y-mucha-ilusion-en-el-casal-dhivern\\\/#breadcrumb\"},\"inLanguage\":\"es\",\"potentialAction\":[{\"@type\":\"ReadAction\",\"target\":[\"https:\\\/\\\/www.casaldelsinfants.org\\\/es\\\/actualidad\\\/actividades-excursiones-y-mucha-ilusion-en-el-casal-dhivern\\\/\"]}]},{\"@type\":\"ImageObject\",\"inLanguage\":\"es\",\"@id\":\"https:\\\/\\\/www.casaldelsinfants.org\\\/es\\\/actualidad\\\/actividades-excursiones-y-mucha-ilusion-en-el-casal-dhivern\\\/#primaryimage\",\"url\":\"https:\\\/\\\/www.casaldelsinfants.org\\\/wp-content\\\/uploads\\\/whatsapp_image_2022-12-27_at_14.27.59_0-1.webp\",\"contentUrl\":\"https:\\\/\\\/www.casaldelsinfants.org\\\/wp-content\\\/uploads\\\/whatsapp_image_2022-12-27_at_14.27.59_0-1.webp\",\"width\":2048,\"height\":1304,\"caption\":\"Activitats, excursions i molta il\u00b7lusi\u00f3 per aquest Casal d\u2019Hivern\"},{\"@type\":\"BreadcrumbList\",\"@id\":\"https:\\\/\\\/www.casaldelsinfants.org\\\/es\\\/actualidad\\\/actividades-excursiones-y-mucha-ilusion-en-el-casal-dhivern\\\/#breadcrumb\",\"itemListElement\":[{\"@type\":\"ListItem\",\"position\":1,\"name\":\"Inici\",\"item\":\"https:\\\/\\\/www.casaldelsinfants.org\\\/es\\\/\"},{\"@type\":\"ListItem\",\"position\":2,\"name\":\"Actividades, excursiones y mucha ilusi\u00f3n en el Casal d\u2019Hivern\"}]},{\"@type\":\"WebSite\",\"@id\":\"https:\\\/\\\/www.casaldelsinfants.org\\\/es\\\/#website\",\"url\":\"https:\\\/\\\/www.casaldelsinfants.org\\\/es\\\/\",\"name\":\"Casal dels Infants\",\"description\":\"\",\"publisher\":{\"@id\":\"https:\\\/\\\/www.casaldelsinfants.org\\\/es\\\/#organization\"},\"potentialAction\":[{\"@type\":\"SearchAction\",\"target\":{\"@type\":\"EntryPoint\",\"urlTemplate\":\"https:\\\/\\\/www.casaldelsinfants.org\\\/es\\\/?s={search_term_string}\"},\"query-input\":{\"@type\":\"PropertyValueSpecification\",\"valueRequired\":true,\"valueName\":\"search_term_string\"}}],\"inLanguage\":\"es\"},{\"@type\":\"Organization\",\"@id\":\"https:\\\/\\\/www.casaldelsinfants.org\\\/es\\\/#organization\",\"name\":\"Casal dels Infants\",\"url\":\"https:\\\/\\\/www.casaldelsinfants.org\\\/es\\\/\",\"logo\":{\"@type\":\"ImageObject\",\"inLanguage\":\"es\",\"@id\":\"https:\\\/\\\/www.casaldelsinfants.org\\\/es\\\/#\\\/schema\\\/logo\\\/image\\\/\",\"url\":\"https:\\\/\\\/www.casaldelsinfants.org\\\/wp-content\\\/uploads\\\/logo-mail.png\",\"contentUrl\":\"https:\\\/\\\/www.casaldelsinfants.org\\\/wp-content\\\/uploads\\\/logo-mail.png\",\"width\":380,\"height\":158,\"caption\":\"Casal dels Infants\"},\"image\":{\"@id\":\"https:\\\/\\\/www.casaldelsinfants.org\\\/es\\\/#\\\/schema\\\/logo\\\/image\\\/\"},\"sameAs\":[\"https:\\\/\\\/www.facebook.com\\\/casalinfants\",\"https:\\\/\\\/x.com\\\/casalinfants\",\"https:\\\/\\\/www.youtube.com\\\/user\\\/CasaldelsInfants1\",\"https:\\\/\\\/www.instagram.com\\\/casalinfants\\\/\",\"https:\\\/\\\/www.linkedin.com\\\/company\\\/casaldelsinfants?trk=organization-update_share-update_actor-text\"]},{\"@type\":\"Person\",\"@id\":\"https:\\\/\\\/www.casaldelsinfants.org\\\/es\\\/#\\\/schema\\\/person\\\/97707fc8c64900cf36891127dbf9fba8\",\"name\":\"cdiAdmin\",\"sameAs\":[\"https:\\\/\\\/casaldelsinfants.org\"]}]}<\/script>\n<!-- \/ Yoast SEO plugin. -->","yoast_head_json":{"title":"Actividades, excursiones y mucha ilusi\u00f3n en el Casal d\u2019Hivern","robots":{"index":"index","follow":"follow","max-snippet":"max-snippet:-1","max-image-preview":"max-image-preview:large","max-video-preview":"max-video-preview:-1"},"canonical":"https:\/\/www.casaldelsinfants.org\/es\/actualidad\/actividades-excursiones-y-mucha-ilusion-en-el-casal-dhivern\/","og_locale":"es_ES","og_type":"article","og_title":"Actividades, excursiones y mucha ilusi\u00f3n en el Casal d\u2019Hivern","og_description":"&nbsp; Estas fiestas, el Casal dels Infants contin\u00faa abierto y seguimos acompa\u00f1ando ni\u00f1os, ni\u00f1as, j\u00f3venes y familias en situaci\u00f3n de riesgo; seguimos protegiendo la ilusi\u00f3n y trabajando para garantizarles m\u00e1s derechos que nunca. Con las escuelas e institutos cerrados por vacaciones, es esencial continuar d\u00e1ndoles nuestro apoyo para continuar adelante. De esta manera, este 27 [&hellip;]","og_url":"https:\/\/www.casaldelsinfants.org\/es\/actualidad\/actividades-excursiones-y-mucha-ilusion-en-el-casal-dhivern\/","og_site_name":"Casal dels Infants","article_publisher":"https:\/\/www.facebook.com\/casalinfants","article_published_time":"2022-12-28T10:12:20+00:00","article_modified_time":"2023-10-26T11:00:12+00:00","og_image":[{"width":2048,"height":1304,"url":"https:\/\/www.casaldelsinfants.org\/wp-content\/uploads\/whatsapp_image_2022-12-27_at_14.27.59_0-1.webp","type":"image\/jpeg"}],"author":"cdiAdmin","twitter_card":"summary_large_image","twitter_creator":"@casalinfants","twitter_site":"@casalinfants","twitter_misc":{"Escrito por":"cdiAdmin","Tiempo de lectura":"5 minutos"},"schema":{"@context":"https:\/\/schema.org","@graph":[{"@type":"Article","@id":"https:\/\/www.casaldelsinfants.org\/es\/actualidad\/actividades-excursiones-y-mucha-ilusion-en-el-casal-dhivern\/#article","isPartOf":{"@id":"https:\/\/www.casaldelsinfants.org\/es\/actualidad\/actividades-excursiones-y-mucha-ilusion-en-el-casal-dhivern\/"},"author":{"name":"cdiAdmin","@id":"https:\/\/www.casaldelsinfants.org\/es\/#\/schema\/person\/97707fc8c64900cf36891127dbf9fba8"},"headline":"Actividades, excursiones y mucha ilusi\u00f3n en el Casal d\u2019Hivern","datePublished":"2022-12-28T10:12:20+00:00","dateModified":"2023-10-26T11:00:12+00:00","mainEntityOfPage":{"@id":"https:\/\/www.casaldelsinfants.org\/es\/actualidad\/actividades-excursiones-y-mucha-ilusion-en-el-casal-dhivern\/"},"wordCount":829,"commentCount":0,"publisher":{"@id":"https:\/\/www.casaldelsinfants.org\/es\/#organization"},"image":{"@id":"https:\/\/www.casaldelsinfants.org\/es\/actualidad\/actividades-excursiones-y-mucha-ilusion-en-el-casal-dhivern\/#primaryimage"},"thumbnailUrl":"https:\/\/www.casaldelsinfants.org\/wp-content\/uploads\/whatsapp_image_2022-12-27_at_14.27.59_0-1.webp","articleSection":["Noticia"],"inLanguage":"es","potentialAction":[{"@type":"CommentAction","name":"Comment","target":["https:\/\/www.casaldelsinfants.org\/es\/actualidad\/actividades-excursiones-y-mucha-ilusion-en-el-casal-dhivern\/#respond"]}]},{"@type":"WebPage","@id":"https:\/\/www.casaldelsinfants.org\/es\/actualidad\/actividades-excursiones-y-mucha-ilusion-en-el-casal-dhivern\/","url":"https:\/\/www.casaldelsinfants.org\/es\/actualidad\/actividades-excursiones-y-mucha-ilusion-en-el-casal-dhivern\/","name":"Actividades, excursiones y mucha ilusi\u00f3n en el Casal d\u2019Hivern","isPartOf":{"@id":"https:\/\/www.casaldelsinfants.org\/es\/#website"},"primaryImageOfPage":{"@id":"https:\/\/www.casaldelsinfants.org\/es\/actualidad\/actividades-excursiones-y-mucha-ilusion-en-el-casal-dhivern\/#primaryimage"},"image":{"@id":"https:\/\/www.casaldelsinfants.org\/es\/actualidad\/actividades-excursiones-y-mucha-ilusion-en-el-casal-dhivern\/#primaryimage"},"thumbnailUrl":"https:\/\/www.casaldelsinfants.org\/wp-content\/uploads\/whatsapp_image_2022-12-27_at_14.27.59_0-1.webp","datePublished":"2022-12-28T10:12:20+00:00","dateModified":"2023-10-26T11:00:12+00:00","breadcrumb":{"@id":"https:\/\/www.casaldelsinfants.org\/es\/actualidad\/actividades-excursiones-y-mucha-ilusion-en-el-casal-dhivern\/#breadcrumb"},"inLanguage":"es","potentialAction":[{"@type":"ReadAction","target":["https:\/\/www.casaldelsinfants.org\/es\/actualidad\/actividades-excursiones-y-mucha-ilusion-en-el-casal-dhivern\/"]}]},{"@type":"ImageObject","inLanguage":"es","@id":"https:\/\/www.casaldelsinfants.org\/es\/actualidad\/actividades-excursiones-y-mucha-ilusion-en-el-casal-dhivern\/#primaryimage","url":"https:\/\/www.casaldelsinfants.org\/wp-content\/uploads\/whatsapp_image_2022-12-27_at_14.27.59_0-1.webp","contentUrl":"https:\/\/www.casaldelsinfants.org\/wp-content\/uploads\/whatsapp_image_2022-12-27_at_14.27.59_0-1.webp","width":2048,"height":1304,"caption":"Activitats, excursions i molta il\u00b7lusi\u00f3 per aquest Casal d\u2019Hivern"},{"@type":"BreadcrumbList","@id":"https:\/\/www.casaldelsinfants.org\/es\/actualidad\/actividades-excursiones-y-mucha-ilusion-en-el-casal-dhivern\/#breadcrumb","itemListElement":[{"@type":"ListItem","position":1,"name":"Inici","item":"https:\/\/www.casaldelsinfants.org\/es\/"},{"@type":"ListItem","position":2,"name":"Actividades, excursiones y mucha ilusi\u00f3n en el Casal d\u2019Hivern"}]},{"@type":"WebSite","@id":"https:\/\/www.casaldelsinfants.org\/es\/#website","url":"https:\/\/www.casaldelsinfants.org\/es\/","name":"Casal dels Infants","description":"","publisher":{"@id":"https:\/\/www.casaldelsinfants.org\/es\/#organization"},"potentialAction":[{"@type":"SearchAction","target":{"@type":"EntryPoint","urlTemplate":"https:\/\/www.casaldelsinfants.org\/es\/?s={search_term_string}"},"query-input":{"@type":"PropertyValueSpecification","valueRequired":true,"valueName":"search_term_string"}}],"inLanguage":"es"},{"@type":"Organization","@id":"https:\/\/www.casaldelsinfants.org\/es\/#organization","name":"Casal dels Infants","url":"https:\/\/www.casaldelsinfants.org\/es\/","logo":{"@type":"ImageObject","inLanguage":"es","@id":"https:\/\/www.casaldelsinfants.org\/es\/#\/schema\/logo\/image\/","url":"https:\/\/www.casaldelsinfants.org\/wp-content\/uploads\/logo-mail.png","contentUrl":"https:\/\/www.casaldelsinfants.org\/wp-content\/uploads\/logo-mail.png","width":380,"height":158,"caption":"Casal dels Infants"},"image":{"@id":"https:\/\/www.casaldelsinfants.org\/es\/#\/schema\/logo\/image\/"},"sameAs":["https:\/\/www.facebook.com\/casalinfants","https:\/\/x.com\/casalinfants","https:\/\/www.youtube.com\/user\/CasaldelsInfants1","https:\/\/www.instagram.com\/casalinfants\/","https:\/\/www.linkedin.com\/company\/casaldelsinfants?trk=organization-update_share-update_actor-text"]},{"@type":"Person","@id":"https:\/\/www.casaldelsinfants.org\/es\/#\/schema\/person\/97707fc8c64900cf36891127dbf9fba8","name":"cdiAdmin","sameAs":["https:\/\/casaldelsinfants.org"]}]}},"publishpress_future_action":{"enabled":false,"date":"2026-05-07 01:50:30","action":"change-status","newStatus":"draft","terms":[],"taxonomy":"category","extraData":[]},"publishpress_future_workflow_manual_trigger":{"enabledWorkflows":[]},"_links":{"self":[{"href":"https:\/\/www.casaldelsinfants.org\/es\/wp-json\/wp\/v2\/posts\/10443","targetHints":{"allow":["GET"]}}],"collection":[{"href":"https:\/\/www.casaldelsinfants.org\/es\/wp-json\/wp\/v2\/posts"}],"about":[{"href":"https:\/\/www.casaldelsinfants.org\/es\/wp-json\/wp\/v2\/types\/post"}],"author":[{"embeddable":true,"href":"https:\/\/www.casaldelsinfants.org\/es\/wp-json\/wp\/v2\/users\/1"}],"replies":[{"embeddable":true,"href":"https:\/\/www.casaldelsinfants.org\/es\/wp-json\/wp\/v2\/comments?post=10443"}],"version-history":[{"count":2,"href":"https:\/\/www.casaldelsinfants.org\/es\/wp-json\/wp\/v2\/posts\/10443\/revisions"}],"predecessor-version":[{"id":14968,"href":"https:\/\/www.casaldelsinfants.org\/es\/wp-json\/wp\/v2\/posts\/10443\/revisions\/14968"}],"wp:featuredmedia":[{"embeddable":true,"href":"https:\/\/www.casaldelsinfants.org\/es\/wp-json\/wp\/v2\/media\/10282"}],"wp:attachment":[{"href":"https:\/\/www.casaldelsinfants.org\/es\/wp-json\/wp\/v2\/media?parent=10443"}],"wp:term":[{"taxonomy":"category","embeddable":true,"href":"https:\/\/www.casaldelsinfants.org\/es\/wp-json\/wp\/v2\/categories?post=10443"},{"taxonomy":"post_tag","embeddable":true,"href":"https:\/\/www.casaldelsinfants.org\/es\/wp-json\/wp\/v2\/tags?post=10443"},{"taxonomy":"seus","embeddable":true,"href":"https:\/\/www.casaldelsinfants.org\/es\/wp-json\/wp\/v2\/seus?post=10443"},{"taxonomy":"eixos","embeddable":true,"href":"https:\/\/www.casaldelsinfants.org\/es\/wp-json\/wp\/v2\/eixos?post=10443"}],"curies":[{"name":"wp","href":"https:\/\/api.w.org\/{rel}","templated":true}]}}