{"id":10448,"date":"2022-12-16T12:59:57","date_gmt":"2022-12-16T10:59:57","guid":{"rendered":"https:\/\/casal.puntzero.cat\/trabajo-en-red-oportunidades-educativas-y-laborales-doce-historias-para-repasar-el-ano\/"},"modified":"2023-11-23T13:22:44","modified_gmt":"2023-11-23T11:22:44","slug":"trabajo-en-red-oportunidades-educativas-y-laborales-doce-historias-para-repasar-el-ano","status":"publish","type":"post","link":"https:\/\/www.casaldelsinfants.org\/es\/actualidad\/trabajo-en-red-oportunidades-educativas-y-laborales-doce-historias-para-repasar-el-ano\/","title":{"rendered":"Trabajo en red, oportunidades educativas y laborales: doce historias para repasar el a\u00f1o 2022"},"content":{"rendered":"<p dir=\"ltr\"><span style=\"color: #000000;\">Quedan pocos d\u00edas para que se acabe el a\u00f1o y en el Casal dels Infants ya nos estamos preparando para encarar uno de nuevo, con nuevos retos y de pendientes. Desde el Casal queremos seguir trabajando para <strong>disminuir las situaciones de riesgo en ni\u00f1os, ni\u00f1as, y j\u00f3venes, y para ofrecer acompa\u00f1amiento y apoyo a las familias en situaci\u00f3n de vulnerabilidad y velar por sus derechos,\u00a0<\/strong>a trav\u00e9s de los servicios socioeducativos que tenemos en el Raval, Badalona, Santa Coloma, Bes\u00f2s i La Mina, y Salt (Girona).<\/span><\/p>\n<p dir=\"ltr\"><span style=\"color: #000000;\">Antes de comenzar el 2023, pero, queremos tomar un momento para repasar qu\u00e9 hemos hecho este a\u00f1o, qu\u00e9 logros hemos conseguido, y poner foco en las personas y las historias que han marcado el a\u00f1o. <a href=\"https:\/\/www.casaldelsinfants.org\/es\/que-puedes-hacer-tu\/haz-un-donativo\/\" target=\"_blank\" rel=\"noopener\"><u>Ay\u00fadanos a seguir haci\u00e9ndolo posible un a\u00f1o m\u00e1s<\/u><\/a>.\u00a0<\/span><\/p>\n<ul>\n<li dir=\"ltr\" aria-level=\"1\">\n<p dir=\"ltr\" role=\"presentation\"><u><b id=\"docs-internal-guid-1bb0ae59-7fff-42ed-65ed-7b01beaa243b\">Iniciamos las primeras formaciones en restauraci\u00f3n desde el principio de la pandemia de la mano de CETT<\/b><\/u><\/p>\n<\/li>\n<\/ul>\n<p><a id=\"\" title=\"\" href=\"https:\/\/www.casaldelsinfants.org\/es\/actualidad\/refuerzo-educativo-igualdad\/\" target=\"_blank\" rel=\"noopener\" data-image-style=\"large\"><img decoding=\"async\" class=\"align-center\" src=\"\/wp-content\/uploads\/inline-images\/whatsapp_image_2019-10-24_at_11.35.49.jpeg\" alt=\"Persones en una cuina escolten les instruccions de la formadora. \" width=\"480\" height=\"392\" data-entity-type=\"file\" data-entity-uuid=\"364e8347-78fd-4b5c-8082-b54d15645894\" data-image-style=\"large\" \/><\/a><\/p>\n<p dir=\"ltr\"><span style=\"color: #000000;\">Con el objetivo de ofrecer nuevas oportunidades a j\u00f3venes en situaci\u00f3n de vulnerabilidad y mejorar sus competencias para el mundo laboral, este a\u00f1o hemos ofrecido dos formaciones centradas en el sector de la restauraci\u00f3n, las primeras orientadas a este sector desde marzo de 2020, cuando comenz\u00f3 el confinamiento por la Covid-19. Las dos formaciones, Operaciones b\u00e1sicas de restaurante y bar y \u201cOperaciones b\u00e1sicas de cocina\u201d van a ser posibles gracias a la colaboraci\u00f3n con el CETT, centro de referencia en Turismo, Hosteler\u00eda y Gastronom\u00eda, adscrito a la Universidad de Barcelona (UB).<\/span><\/p>\n<ul>\n<li dir=\"ltr\" aria-level=\"1\">\n<p dir=\"ltr\" role=\"presentation\"><u><strong><a href=\"https:\/\/www.casaldelsinfants.org\/es\/actualidad\/aislamiento-exclusion-social-casal-dels-infants-soporte\/\" target=\"_blank\" rel=\"noopener\">\u00abAnte el aislamiento de la exclusi\u00f3n social, el Casal dels Infants es una red de apoyo muy importante para la salud mental\u00bb<\/a><\/strong><\/u><\/p>\n<\/li>\n<\/ul>\n<div class=\"video-embed-field-responsive-video form-group\"><iframe loading=\"lazy\" src=\"https:\/\/www.youtube.com\/embed\/-Dut-zPf88M?autoplay=0&amp;start=0&amp;rel=0\" width=\"854\" height=\"480\" frameborder=\"0\" allowfullscreen=\"allowfullscreen\"><\/iframe><\/div>\n<p dir=\"ltr\"><span style=\"color: #000000;\">En el Casal dels Infants ofrecemos acompa\u00f1amiento psicoterap\u00e9utico a ni\u00f1os, ni\u00f1as y familias a trav\u00e9s del programa Caixa Proinf\u00e0ncia y desde nuestro Servicio de Orientaci\u00f3n y Atenci\u00f3n a las Familias (SOAF-Casal Familiar). Hablamos sobre este apoyo terap\u00e9utico con Daniela Parodi-Herz y Alba Thompson, dos de las psic\u00f3logas que atienden participantes de la asociaci\u00f3n. Ambas destacaron el papel clave del Casal en ser un espacio de relaci\u00f3n y apoyo b\u00e1sico para la salud mental desde una \u00f3ptica comunitaria, actuando delante del aislamiento provocado por la exclusi\u00f3n social.<\/span><\/p>\n<ul>\n<li><u><strong><a href=\"https:\/\/www.casaldelsinfants.org\/es\/actualidad\/teixint-somnis-la-desfilada-de-les-dones-del-hilo-del-casal-de-santa-coloma\/\" target=\"_blank\" rel=\"noopener\">Teixint somnis: la desfilada de las mujeres de El Hilo del Casal de Santa Coloma<\/a><\/strong><\/u><\/li>\n<\/ul>\n<p><a id=\"\" title=\"\" href=\"https:\/\/www.casaldelsinfants.org\/es\/actualidad\/teixint-somnis-la-desfilada-de-les-dones-del-hilo-del-casal-de-santa-coloma\/\" target=\"_blank\" rel=\"noopener\" data-image-style=\"large\"><img decoding=\"async\" class=\"align-center\" src=\"\/wp-content\/uploads\/inline-images\/whatsapp_image_2022-03-30_at_09.35.47.jpeg\" alt=\"Dones desfilen els vestits que elles mateixes han confeccionat.\" width=\"480\" height=\"320\" data-entity-type=\"file\" data-entity-uuid=\"c96a99e5-c75b-4010-979b-ebae2c615668\" data-image-style=\"large\" \/><\/a><\/p>\n<p dir=\"ltr\"><span style=\"color: #000000;\">En el mes de marzo, las mujeres que forman el grupo El Hilo del Casal del Casal dels Infants de Santa Coloma pudieron ver sus sue\u00f1os cumplidos y representantes \u201cTeixint somnis\u201d, un desfile donde las mujeres pudieron lucir delante una pasarela los vestidos que ellas mismas hab\u00edan dise\u00f1ado y confeccionado, inspirados en los sue\u00f1os de cada una. \u201cTeixint somnis\u201d fue el resultado de un a\u00f1o de aprendizaje, retos, esfuerzos y procesos de creaci\u00f3n colaborativos. <\/span><\/p>\n<p>&nbsp;<\/p>\n<ul>\n<li dir=\"ltr\" aria-level=\"1\">\n<p dir=\"ltr\" role=\"presentation\"><u><b id=\"docs-internal-guid-90ccd1a0-7fff-117d-f811-bab608f3ab07\"><a href=\"https:\/\/www.casaldelsinfants.org\/es\/actualidad\/esport-tallers-de-cuina-i-democions-laposta-pels-habits-saludables-al-casal-dels-infants\/\" target=\"_blank\" rel=\"noopener\">Deporte, talleres de cocina y de emociones: la apuesta por los h\u00e1bitos saludables al Casal dels Infants Bes\u00f2s-La Mina<\/a><\/b><\/u><\/p>\n<\/li>\n<\/ul>\n<p><a id=\"\" title=\"\" href=\"https:\/\/www.casaldelsinfants.org\/es\/actualidad\/esport-tallers-de-cuina-i-democions-laposta-pels-habits-saludables-al-casal-dels-infants\/\" target=\"_blank\" rel=\"noopener\" data-image-style=\"large\"><img decoding=\"async\" class=\"align-center\" src=\"\/wp-content\/uploads\/inline-images\/besos.jpeg\" alt=\"Nens i nenes celebrant en rotllana.\" width=\"480\" height=\"360\" data-entity-type=\"file\" data-entity-uuid=\"8f50c08d-aa2f-4b3f-a3e0-d149b4a40cdc\" data-image-style=\"large\" \/><\/a><\/p>\n<p dir=\"ltr\"><span style=\"color: #000000;\">En el Casal dels Infants entendemos el deporte y la actividad f\u00edsica como otra herramienta educativa para trabajar hacia la igualdad de oportunidades entre ni\u00f1os, ni\u00f1as, adolescentes, j\u00f3venes y familias. Uno de los barrios donde el fomento del deporte y los h\u00e1bitos saludables se est\u00e1n desarrollando con \u00e9xito es en el Casal dels Infants Bes\u00f2s-La Mina. Durante el a\u00f1o han organizado actividades puntuales en los fines de semana y con las familias, as\u00ed como actividades deportivas semanales para los ni\u00f1os, ni\u00f1as y adolescentes.\u00a0<\/span><\/p>\n<ul>\n<li dir=\"ltr\" aria-level=\"1\">\n<p dir=\"ltr\" role=\"presentation\"><u><b id=\"docs-internal-guid-c4f916e2-7fff-7566-deb0-f1c3cc63b6a3\"><a href=\"https:\/\/www.casaldelsinfants.org\/es\/actualidad\/proteccion-derechos-casal-infants\/\" target=\"_blank\" rel=\"noopener\">El Casal dels Infants trabaja en red para mejorar la protecci\u00f3n transnacional de los derechos de los ni\u00f1os y j\u00f3venes que migran solos desde Marruecos<\/a><\/b><\/u><\/p>\n<\/li>\n<\/ul>\n<p><a id=\"\" title=\"\" href=\"https:\/\/www.casaldelsinfants.org\/es\/actualidad\/proteccion-derechos-casal-infants\/\" target=\"_blank\" rel=\"noopener\" data-image-style=\"large\"><img decoding=\"async\" class=\"align-center\" src=\"\/wp-content\/uploads\/inline-images\/_1260629.jpeg\" alt=\"Presentaci\u00f3 de Rassif a la Universitat Pompeu Fabra.\" width=\"480\" height=\"360\" data-entity-type=\"file\" data-entity-uuid=\"6b732f5c-b186-43fd-afb9-e2e9c5a9d76b\" data-image-style=\"large\" \/><\/a><\/p>\n<p dir=\"ltr\"><span style=\"color: #000000;\">En mayo presenciamos en Barcelona y en Santa Coloma de Gramenet el proyecto Rassif, que impulsamos desde T\u00e1nger y Casablanca para mejorar el trabajo en red en la defensa de los derechos de ni\u00f1os, ni\u00f1as y j\u00f3venes que migran solos desde Marruecos, desde un enfoque transnacional y basado en los derechos humanos.<\/span><\/p>\n<ul>\n<li dir=\"ltr\" aria-level=\"1\">\n<p dir=\"ltr\" role=\"presentation\"><u><b id=\"docs-internal-guid-d3154908-7fff-8fa7-7de7-6857b29b8b33\"><a href=\"https:\/\/www.casaldelsinfants.org\/actualitat\/oportunitats-educatives-fundacio-sandra-salgado-montells-nous-cims\/\" target=\"_blank\" rel=\"noopener\">Las oportunidades educativas del Casal: continuar estudiando gracias a la Fundaci\u00f3 Sandra Salgado Montells y la Fundaci\u00f3 Nous Cims<\/a><\/b><\/u><\/p>\n<\/li>\n<\/ul>\n<div class=\"video-embed-field-responsive-video form-group\"><iframe loading=\"lazy\" src=\"https:\/\/www.youtube.com\/embed\/TpgvJKV4wU8?autoplay=0&amp;start=0&amp;rel=0\" width=\"854\" height=\"480\" frameborder=\"0\" allowfullscreen=\"allowfullscreen\"><\/iframe><\/div>\n<p dir=\"ltr\"><span style=\"color: #000000;\">En el Casal dels Infants entendemos la educaci\u00f3n como herramienta principal para reducir desigualdades sociales, y la formaci\u00f3n como motor de cambio individual y social. Uno de nuestros objetivos es que nuestros chicos y chicas reconozcan la importancia de estudiar y formarse para abrirse a nuevas oportunidades. Gracias a la Fundaci\u00f3n Nous Cims y la Fundaci\u00f3n Sandra Salgado Montells, j\u00f3venes del Casal, como Kim y Pau, cuentan con becas formativas para acceder a los estudios postobligatorios y, as\u00ed, acercarse a estas oportunidades. <\/span><\/p>\n<ul>\n<li dir=\"ltr\" aria-level=\"1\">\n<p dir=\"ltr\" role=\"presentation\"><u><b id=\"docs-internal-guid-f79ef7ea-7fff-875a-167f-442253f8f6db\">Compa\u00f1erismo y juego limpio en el primer torneo comunitario de b\u00e1squet y valores de Badalona<\/b><\/u><\/p>\n<\/li>\n<\/ul>\n<div class=\"video-embed-field-responsive-video form-group\"><iframe loading=\"lazy\" src=\"https:\/\/www.youtube.com\/embed\/VYEaL_cdPo8?autoplay=0&amp;start=0&amp;rel=0\" width=\"854\" height=\"480\" frameborder=\"0\" allowfullscreen=\"allowfullscreen\"><\/iframe><\/div>\n<p dir=\"ltr\"><span style=\"color: #000000;\">Los chicos y chicas del Casal Jove del Casal dels Infants de Badalona participaron el 1 de junio en el primer torneo comunitario de b\u00e1squet y valores de Badalona, juntamente con otras entidades que acompa\u00f1an j\u00f3venes del barrio de Sant Antoni de Llefi\u00e0. En el torneo se puso \u00e9nfasis en el juego limpio, el compa\u00f1erismo y deportividad, que tambi\u00e9n sumaban puntos, para garantizar un clima seguro y agradable donde practicar deporte en comunidad, haciendo red y barrio.<\/span><\/p>\n<ul>\n<li dir=\"ltr\" aria-level=\"1\">\n<p dir=\"ltr\" role=\"presentation\"><u><strong><a href=\"https:\/\/www.casaldelsinfants.org\/es\/actualidad\/jovenes-extutelados-trabajan-casal-dels-infants\/\" target=\"_blank\" rel=\"noopener\">J\u00f3venes\u00a0ex tutelados\u00a0y\u00a0extuteladas trabajan en el Casal dels Infants para facilitarles itinerarios de inserci\u00f3n en el mundo laboral<\/a><\/strong><\/u><\/p>\n<\/li>\n<\/ul>\n<div class=\"video-embed-field-responsive-video form-group\"><iframe loading=\"lazy\" src=\"https:\/\/www.youtube.com\/embed\/El9KOO_Xp-0?autoplay=0&amp;start=0&amp;rel=0\" width=\"854\" height=\"480\" frameborder=\"0\" allowfullscreen=\"allowfullscreen\"><\/iframe><\/div>\n<p dir=\"ltr\"><span style=\"color: #000000;\">Este a\u00f1o se ha unido al equipo del Casal seis j\u00f3venes, como Aymane y Sara, entre otras nuevas incorporaciones, gracias a una convocatoria del Programa Trabajo y Formaci\u00f3n del Servicio de Ocupaci\u00f3n de Catalu\u00f1a (SOC) para j\u00f3venes tutelados y extutelados para la Administraci\u00f3n de la Generalidad de Catalu\u00f1a. El objetivo es facilitar experiencias profesionales a j\u00f3venes que, por haber estado tutelados, sufren una situaci\u00f3n de m\u00e1s vulnerabilidad. La intenci\u00f3n es que estas oportunidades les faciliten itinerarios de inserci\u00f3n en el mercado de trabajo.\u00a0<\/span><\/p>\n<ul>\n<li dir=\"ltr\" aria-level=\"1\">\n<p dir=\"ltr\" role=\"presentation\"><u><b id=\"docs-internal-guid-cc8734cd-7fff-0676-7178-1a0d3d0ada19\"><a href=\"https:\/\/www.casaldelsinfants.org\/es\/actualidad\/refuerzo-educativo-igualdad\/\" target=\"_blank\" rel=\"noopener\">El refuerzo educativo como herramienta para la educaci\u00f3n en igualdad de condiciones<\/a><\/b><\/u><\/p>\n<\/li>\n<\/ul>\n<div class=\"video-embed-field-responsive-video form-group\"><iframe loading=\"lazy\" src=\"https:\/\/www.youtube.com\/embed\/I_tJjnpV2oc?autoplay=0&amp;start=0&amp;rel=0\" width=\"854\" height=\"480\" frameborder=\"0\" allowfullscreen=\"allowfullscreen\"><\/iframe><\/div>\n<p dir=\"ltr\"><span style=\"color: #000000;\">Con la vuelta a la escuela en el mes de septiembre, pusimos el foco en espacios de refuerzo educativo y ocio para los ni\u00f1os, ni\u00f1as, adolescentes y j\u00f3venes en riesgo de exclusi\u00f3n social que garantizamos desde el Casal. Son espacios donde j\u00f3venes como Antonio, Esperanza y Aminata, del Centro Socioeducativo Adolescente del Casal dels Infants de Badalona, repasan el contenido del curriculum escolar, consolidan h\u00e1bitos de estudio\u00a0 y reciben apoyo acad\u00e9mico, y emocional, del equipo de educadores y educadoras y de personas voluntarias.\u00a0<\/span><\/p>\n<ul>\n<li dir=\"ltr\" aria-level=\"1\">\n<p dir=\"ltr\" role=\"presentation\"><u><b id=\"docs-internal-guid-35befceb-7fff-00d8-9e1d-dc64917acc62\"><a href=\"https:\/\/www.casaldelsinfants.org\/es\/actualidad\/exponemos-la-realidad-de-los-y-las-jovenes-migrantes-sin-referentes-familiares-en-la\/\" target=\"_blank\" rel=\"noopener\">Exponemos la realidad de los y las j\u00f3venes migrantes sin referentes familiares en la Comisi\u00f3n de Derechos de la Infancia y Adolescencia del Congreso de Diputados<\/a><\/b><\/u><\/p>\n<\/li>\n<\/ul>\n<p><a id=\"\" title=\"\" href=\"https:\/\/www.casaldelsinfants.org\/es\/actualidad\/exponemos-la-realidad-de-los-y-las-jovenes-migrantes-sin-referentes-familiares-en-la\/\" target=\"_blank\" rel=\"noopener\" data-image-style=\"large\"><img decoding=\"async\" class=\"align-center\" src=\"\/wp-content\/uploads\/inline-images\/feuf5xmwiamjhgf.jpeg\" alt=\"Compareixen\u00e7a de la directora del Casal dels Infants al Congr\u00e9s dels Diputats\" width=\"480\" height=\"360\" data-entity-type=\"file\" data-entity-uuid=\"1cd6dadc-7fc8-4ceb-a4b3-c91281e65a75\" data-image-style=\"large\" \/><\/a><\/p>\n<p dir=\"ltr\"><span style=\"color: #000000;\">La directora del Casal dels Infants, Rosa Balaguer, fue en octubre al Congreso de los Diputados para presentar el Casal delante de la Comisi\u00f3n de Derechos de la Infancia y Adolescencia del Congreso de Diputados, y exponer la acci\u00f3n social y el acompa\u00f1amiento a ni\u00f1os, ni\u00f1as, y j\u00f3venes migrantes sin referentes familiares que llevan a cabo, as\u00ed como el an\u00e1lisis de la situaci\u00f3n en la cual vive este colectivo, y de las pol\u00edticas que les afectan.<\/span><\/p>\n<ul>\n<li dir=\"ltr\" aria-level=\"1\">\n<p dir=\"ltr\" role=\"presentation\"><u><b id=\"docs-internal-guid-11968a6a-7fff-b768-2241-feb3a4af67af\"><a href=\"https:\/\/www.casaldelsinfants.org\/es\/actualidad\/carrera-obstaculos-gestiones-telematicas\/\" target=\"_blank\" rel=\"noopener\">La carrera de obst\u00e1culos de las gestiones telem\u00e1ticas para acceder a la administraci\u00f3n p\u00fablica<\/a><\/b><\/u><\/p>\n<\/li>\n<\/ul>\n<div class=\"video-embed-field-responsive-video form-group\"><iframe loading=\"lazy\" src=\"https:\/\/www.youtube.com\/embed\/olDAlK7EZDc?autoplay=0&amp;start=0&amp;rel=0\" width=\"854\" height=\"480\" frameborder=\"0\" allowfullscreen=\"allowfullscreen\"><\/iframe><\/div>\n<p dir=\"ltr\"><span style=\"color: #000000;\">Hacer tr\u00e1mites con las administraciones p\u00fablicas contin\u00faa siendo una problem\u00e1tica muy presente para el d\u00eda a d\u00eda de muchas personas, especialmente, para las personas en situaci\u00f3n de vulnerabilidad social, con barreras como el idioma, el nivel de estudios o acceso a internet y a las tecnolog\u00edas, este proceso se complica mucho m\u00e1s. El equipo educativo del Espacio Tecnol\u00f3gico Comunitario ha detectado numerosas incidencias, que nos explicaron en primera persona Sonia, Shirley,\u00a0 Faadumo y Hermelinda.<\/span><\/p>\n<ul>\n<li dir=\"ltr\" aria-level=\"1\">\n<p dir=\"ltr\" role=\"presentation\"><a href=\"https:\/\/www.casaldelsinfants.org\/actualitat\/mes-neteja-i-mes-pistes-publiques-infants-adolescents-i-families-diuen-prou-i-reclamen\/\"><u><b id=\"docs-internal-guid-e70c41a0-7fff-d39d-5574-3b5fed159a7f\">M\u00e1s limpieza y m\u00e1s pistas p\u00fablicas: ni\u00f1os, ni\u00f1as, adolescentes y familias dicen basta y reclaman espacios seguros y limpios en el barrio del Raval<\/b><\/u><\/a><\/p>\n<\/li>\n<\/ul>\n<p><a id=\"\" title=\"\" href=\"https:\/\/www.casaldelsinfants.org\/actualitat\/mes-neteja-i-mes-pistes-publiques-infants-adolescents-i-families-diuen-prou-i-reclamen\/\" target=\"_blank\" rel=\"noopener\" data-image-style=\"large\"><img decoding=\"async\" class=\"align-center\" src=\"\/wp-content\/uploads\/inline-images\/dsc08542.jpeg\" alt=\"Manifestaci\u00f3 de nens, nenes i fam\u00edlies a la Rambla del Raval\" width=\"480\" height=\"434\" data-entity-type=\"file\" data-entity-uuid=\"4356084e-e78a-4be1-ad77-2074e468cb2d\" data-image-style=\"large\" \/><\/a><\/p>\n<p dir=\"ltr\"><span style=\"color: #000000;\">Ni\u00f1os, ni\u00f1as, j\u00f3venes, familias del Casal dels Infants del Raval se juntaron con participantes de otras entidades una tarde de noviembre en la rambla del Raval, para protestar colectivamente contra las condiciones en las cuales se encuentra el barrio y propone estrategias y actividades conjuntas de mejora, con el objetivo de recuperar los espacios p\u00fablicos y que estos sean limpios y seguros para que los vecinos y vecinas puedan disfrutar.<\/span><\/p>\n<blockquote><p><strong>Haz posible que continuemos acompa\u00f1ando y apoyando a ni\u00f1os, ni\u00f1as, j\u00f3venes y familias en situaci\u00f3n de vulnerabilidad.\u00a0<\/strong><\/p>\n<p>Haz\u00a0<strong>voluntariado<\/strong>. Inf\u00f3rmate\u00a0<a href=\"https:\/\/www.casaldelsinfants.org\/es\/que-puedes-hacer-tu\/voluntariado\/\" target=\"_blank\" rel=\"noopener\"><u>aqu\u00ed<\/u><\/a>.<\/p>\n<p>Haz un\u00a0<strong>donativo<\/strong>\u00a0<a href=\"https:\/\/www.casaldelsinfants.org\/que-pots-fer-tu\/fes-un-donatiu\/campanya-nadal\/\" target=\"_blank\" rel=\"noopener\"><u>aqu\u00ed<\/u><\/a>.<\/p><\/blockquote>\n","protected":false},"excerpt":{"rendered":"<p>Quedan pocos d\u00edas para que se acabe el a\u00f1o y en el Casal dels Infants ya nos estamos preparando para encarar uno de nuevo, con nuevos retos y de pendientes. Desde el Casal queremos seguir trabajando para disminuir las situaciones de riesgo en ni\u00f1os, ni\u00f1as, y j\u00f3venes, y para ofrecer acompa\u00f1amiento y apoyo a las [&hellip;]<\/p>\n","protected":false},"author":1,"featured_media":10288,"comment_status":"open","ping_status":"open","sticky":false,"template":"","format":"standard","meta":{"_acf_changed":false,"_et_pb_use_builder":"","_et_pb_old_content":"","_et_gb_content_width":"","inline_featured_image":false,"footnotes":""},"categories":[125],"tags":[],"seus":[],"eixos":[107],"class_list":["post-10448","post","type-post","status-publish","format-standard","has-post-thumbnail","hentry","category-noticias","eixos-pequena-infancia"],"acf":[],"yoast_head":"<!-- This site is optimized with the Yoast SEO plugin v27.4 - https:\/\/yoast.com\/product\/yoast-seo-wordpress\/ -->\n<title>Trabajo en red, oportunidades educativas y laborales: doce historias para repasar el a\u00f1o 2022<\/title>\n<meta name=\"robots\" content=\"index, follow, max-snippet:-1, max-image-preview:large, max-video-preview:-1\" \/>\n<link rel=\"canonical\" href=\"https:\/\/www.casaldelsinfants.org\/es\/actualidad\/trabajo-en-red-oportunidades-educativas-y-laborales-doce-historias-para-repasar-el-ano\/\" \/>\n<meta property=\"og:locale\" content=\"es_ES\" \/>\n<meta property=\"og:type\" content=\"article\" \/>\n<meta property=\"og:title\" content=\"Trabajo en red, oportunidades educativas y laborales: doce historias para repasar el a\u00f1o 2022\" \/>\n<meta property=\"og:description\" content=\"Quedan pocos d\u00edas para que se acabe el a\u00f1o y en el Casal dels Infants ya nos estamos preparando para encarar uno de nuevo, con nuevos retos y de pendientes. Desde el Casal queremos seguir trabajando para disminuir las situaciones de riesgo en ni\u00f1os, ni\u00f1as, y j\u00f3venes, y para ofrecer acompa\u00f1amiento y apoyo a las [&hellip;]\" \/>\n<meta property=\"og:url\" content=\"https:\/\/www.casaldelsinfants.org\/es\/actualidad\/trabajo-en-red-oportunidades-educativas-y-laborales-doce-historias-para-repasar-el-ano\/\" \/>\n<meta property=\"og:site_name\" content=\"Casal dels Infants\" \/>\n<meta property=\"article:publisher\" content=\"https:\/\/www.facebook.com\/casalinfants\" \/>\n<meta property=\"article:published_time\" content=\"2022-12-16T10:59:57+00:00\" \/>\n<meta property=\"article:modified_time\" content=\"2023-11-23T11:22:44+00:00\" \/>\n<meta property=\"og:image\" content=\"https:\/\/www.casaldelsinfants.org\/wp-content\/uploads\/diseno_sin_titulo_0.gif\" \/>\n\t<meta property=\"og:image:width\" content=\"960\" \/>\n\t<meta property=\"og:image:height\" content=\"639\" \/>\n\t<meta property=\"og:image:type\" content=\"image\/gif\" \/>\n<meta name=\"author\" content=\"cdiAdmin\" \/>\n<meta name=\"twitter:card\" content=\"summary_large_image\" \/>\n<meta name=\"twitter:creator\" content=\"@casalinfants\" \/>\n<meta name=\"twitter:site\" content=\"@casalinfants\" \/>\n<meta name=\"twitter:label1\" content=\"Escrito por\" \/>\n\t<meta name=\"twitter:data1\" content=\"cdiAdmin\" \/>\n\t<meta name=\"twitter:label2\" content=\"Tiempo de lectura\" \/>\n\t<meta name=\"twitter:data2\" content=\"9 minutos\" \/>\n<script type=\"application\/ld+json\" class=\"yoast-schema-graph\">{\"@context\":\"https:\\\/\\\/schema.org\",\"@graph\":[{\"@type\":\"Article\",\"@id\":\"https:\\\/\\\/www.casaldelsinfants.org\\\/es\\\/actualidad\\\/trabajo-en-red-oportunidades-educativas-y-laborales-doce-historias-para-repasar-el-ano\\\/#article\",\"isPartOf\":{\"@id\":\"https:\\\/\\\/www.casaldelsinfants.org\\\/es\\\/actualidad\\\/trabajo-en-red-oportunidades-educativas-y-laborales-doce-historias-para-repasar-el-ano\\\/\"},\"author\":{\"name\":\"cdiAdmin\",\"@id\":\"https:\\\/\\\/www.casaldelsinfants.org\\\/es\\\/#\\\/schema\\\/person\\\/97707fc8c64900cf36891127dbf9fba8\"},\"headline\":\"Trabajo en red, oportunidades educativas y laborales: doce historias para repasar el a\u00f1o 2022\",\"datePublished\":\"2022-12-16T10:59:57+00:00\",\"dateModified\":\"2023-11-23T11:22:44+00:00\",\"mainEntityOfPage\":{\"@id\":\"https:\\\/\\\/www.casaldelsinfants.org\\\/es\\\/actualidad\\\/trabajo-en-red-oportunidades-educativas-y-laborales-doce-historias-para-repasar-el-ano\\\/\"},\"wordCount\":1465,\"commentCount\":0,\"publisher\":{\"@id\":\"https:\\\/\\\/www.casaldelsinfants.org\\\/es\\\/#organization\"},\"image\":{\"@id\":\"https:\\\/\\\/www.casaldelsinfants.org\\\/es\\\/actualidad\\\/trabajo-en-red-oportunidades-educativas-y-laborales-doce-historias-para-repasar-el-ano\\\/#primaryimage\"},\"thumbnailUrl\":\"https:\\\/\\\/www.casaldelsinfants.org\\\/wp-content\\\/uploads\\\/diseno_sin_titulo_0.gif\",\"articleSection\":[\"Noticia\"],\"inLanguage\":\"es\",\"potentialAction\":[{\"@type\":\"CommentAction\",\"name\":\"Comment\",\"target\":[\"https:\\\/\\\/www.casaldelsinfants.org\\\/es\\\/actualidad\\\/trabajo-en-red-oportunidades-educativas-y-laborales-doce-historias-para-repasar-el-ano\\\/#respond\"]}]},{\"@type\":\"WebPage\",\"@id\":\"https:\\\/\\\/www.casaldelsinfants.org\\\/es\\\/actualidad\\\/trabajo-en-red-oportunidades-educativas-y-laborales-doce-historias-para-repasar-el-ano\\\/\",\"url\":\"https:\\\/\\\/www.casaldelsinfants.org\\\/es\\\/actualidad\\\/trabajo-en-red-oportunidades-educativas-y-laborales-doce-historias-para-repasar-el-ano\\\/\",\"name\":\"Trabajo en red, oportunidades educativas y laborales: doce historias para repasar el a\u00f1o 2022\",\"isPartOf\":{\"@id\":\"https:\\\/\\\/www.casaldelsinfants.org\\\/es\\\/#website\"},\"primaryImageOfPage\":{\"@id\":\"https:\\\/\\\/www.casaldelsinfants.org\\\/es\\\/actualidad\\\/trabajo-en-red-oportunidades-educativas-y-laborales-doce-historias-para-repasar-el-ano\\\/#primaryimage\"},\"image\":{\"@id\":\"https:\\\/\\\/www.casaldelsinfants.org\\\/es\\\/actualidad\\\/trabajo-en-red-oportunidades-educativas-y-laborales-doce-historias-para-repasar-el-ano\\\/#primaryimage\"},\"thumbnailUrl\":\"https:\\\/\\\/www.casaldelsinfants.org\\\/wp-content\\\/uploads\\\/diseno_sin_titulo_0.gif\",\"datePublished\":\"2022-12-16T10:59:57+00:00\",\"dateModified\":\"2023-11-23T11:22:44+00:00\",\"breadcrumb\":{\"@id\":\"https:\\\/\\\/www.casaldelsinfants.org\\\/es\\\/actualidad\\\/trabajo-en-red-oportunidades-educativas-y-laborales-doce-historias-para-repasar-el-ano\\\/#breadcrumb\"},\"inLanguage\":\"es\",\"potentialAction\":[{\"@type\":\"ReadAction\",\"target\":[\"https:\\\/\\\/www.casaldelsinfants.org\\\/es\\\/actualidad\\\/trabajo-en-red-oportunidades-educativas-y-laborales-doce-historias-para-repasar-el-ano\\\/\"]}]},{\"@type\":\"ImageObject\",\"inLanguage\":\"es\",\"@id\":\"https:\\\/\\\/www.casaldelsinfants.org\\\/es\\\/actualidad\\\/trabajo-en-red-oportunidades-educativas-y-laborales-doce-historias-para-repasar-el-ano\\\/#primaryimage\",\"url\":\"https:\\\/\\\/www.casaldelsinfants.org\\\/wp-content\\\/uploads\\\/diseno_sin_titulo_0.gif\",\"contentUrl\":\"https:\\\/\\\/www.casaldelsinfants.org\\\/wp-content\\\/uploads\\\/diseno_sin_titulo_0.gif\",\"width\":960,\"height\":639,\"caption\":\"Treball en xarxa, oportunitats educatives i laborals: dotze hist\u00f2ries per repassar l\u2019any 2022\"},{\"@type\":\"BreadcrumbList\",\"@id\":\"https:\\\/\\\/www.casaldelsinfants.org\\\/es\\\/actualidad\\\/trabajo-en-red-oportunidades-educativas-y-laborales-doce-historias-para-repasar-el-ano\\\/#breadcrumb\",\"itemListElement\":[{\"@type\":\"ListItem\",\"position\":1,\"name\":\"Inici\",\"item\":\"https:\\\/\\\/www.casaldelsinfants.org\\\/es\\\/\"},{\"@type\":\"ListItem\",\"position\":2,\"name\":\"Trabajo en red, oportunidades educativas y laborales: doce historias para repasar el a\u00f1o 2022\"}]},{\"@type\":\"WebSite\",\"@id\":\"https:\\\/\\\/www.casaldelsinfants.org\\\/es\\\/#website\",\"url\":\"https:\\\/\\\/www.casaldelsinfants.org\\\/es\\\/\",\"name\":\"Casal dels Infants\",\"description\":\"\",\"publisher\":{\"@id\":\"https:\\\/\\\/www.casaldelsinfants.org\\\/es\\\/#organization\"},\"potentialAction\":[{\"@type\":\"SearchAction\",\"target\":{\"@type\":\"EntryPoint\",\"urlTemplate\":\"https:\\\/\\\/www.casaldelsinfants.org\\\/es\\\/?s={search_term_string}\"},\"query-input\":{\"@type\":\"PropertyValueSpecification\",\"valueRequired\":true,\"valueName\":\"search_term_string\"}}],\"inLanguage\":\"es\"},{\"@type\":\"Organization\",\"@id\":\"https:\\\/\\\/www.casaldelsinfants.org\\\/es\\\/#organization\",\"name\":\"Casal dels Infants\",\"url\":\"https:\\\/\\\/www.casaldelsinfants.org\\\/es\\\/\",\"logo\":{\"@type\":\"ImageObject\",\"inLanguage\":\"es\",\"@id\":\"https:\\\/\\\/www.casaldelsinfants.org\\\/es\\\/#\\\/schema\\\/logo\\\/image\\\/\",\"url\":\"https:\\\/\\\/www.casaldelsinfants.org\\\/wp-content\\\/uploads\\\/logo-mail.png\",\"contentUrl\":\"https:\\\/\\\/www.casaldelsinfants.org\\\/wp-content\\\/uploads\\\/logo-mail.png\",\"width\":380,\"height\":158,\"caption\":\"Casal dels Infants\"},\"image\":{\"@id\":\"https:\\\/\\\/www.casaldelsinfants.org\\\/es\\\/#\\\/schema\\\/logo\\\/image\\\/\"},\"sameAs\":[\"https:\\\/\\\/www.facebook.com\\\/casalinfants\",\"https:\\\/\\\/x.com\\\/casalinfants\",\"https:\\\/\\\/www.youtube.com\\\/user\\\/CasaldelsInfants1\",\"https:\\\/\\\/www.instagram.com\\\/casalinfants\\\/\",\"https:\\\/\\\/www.linkedin.com\\\/company\\\/casaldelsinfants?trk=organization-update_share-update_actor-text\"]},{\"@type\":\"Person\",\"@id\":\"https:\\\/\\\/www.casaldelsinfants.org\\\/es\\\/#\\\/schema\\\/person\\\/97707fc8c64900cf36891127dbf9fba8\",\"name\":\"cdiAdmin\",\"sameAs\":[\"https:\\\/\\\/casaldelsinfants.org\"]}]}<\/script>\n<!-- \/ Yoast SEO plugin. -->","yoast_head_json":{"title":"Trabajo en red, oportunidades educativas y laborales: doce historias para repasar el a\u00f1o 2022","robots":{"index":"index","follow":"follow","max-snippet":"max-snippet:-1","max-image-preview":"max-image-preview:large","max-video-preview":"max-video-preview:-1"},"canonical":"https:\/\/www.casaldelsinfants.org\/es\/actualidad\/trabajo-en-red-oportunidades-educativas-y-laborales-doce-historias-para-repasar-el-ano\/","og_locale":"es_ES","og_type":"article","og_title":"Trabajo en red, oportunidades educativas y laborales: doce historias para repasar el a\u00f1o 2022","og_description":"Quedan pocos d\u00edas para que se acabe el a\u00f1o y en el Casal dels Infants ya nos estamos preparando para encarar uno de nuevo, con nuevos retos y de pendientes. Desde el Casal queremos seguir trabajando para disminuir las situaciones de riesgo en ni\u00f1os, ni\u00f1as, y j\u00f3venes, y para ofrecer acompa\u00f1amiento y apoyo a las [&hellip;]","og_url":"https:\/\/www.casaldelsinfants.org\/es\/actualidad\/trabajo-en-red-oportunidades-educativas-y-laborales-doce-historias-para-repasar-el-ano\/","og_site_name":"Casal dels Infants","article_publisher":"https:\/\/www.facebook.com\/casalinfants","article_published_time":"2022-12-16T10:59:57+00:00","article_modified_time":"2023-11-23T11:22:44+00:00","og_image":[{"width":960,"height":639,"url":"https:\/\/www.casaldelsinfants.org\/wp-content\/uploads\/diseno_sin_titulo_0.gif","type":"image\/gif"}],"author":"cdiAdmin","twitter_card":"summary_large_image","twitter_creator":"@casalinfants","twitter_site":"@casalinfants","twitter_misc":{"Escrito por":"cdiAdmin","Tiempo de lectura":"9 minutos"},"schema":{"@context":"https:\/\/schema.org","@graph":[{"@type":"Article","@id":"https:\/\/www.casaldelsinfants.org\/es\/actualidad\/trabajo-en-red-oportunidades-educativas-y-laborales-doce-historias-para-repasar-el-ano\/#article","isPartOf":{"@id":"https:\/\/www.casaldelsinfants.org\/es\/actualidad\/trabajo-en-red-oportunidades-educativas-y-laborales-doce-historias-para-repasar-el-ano\/"},"author":{"name":"cdiAdmin","@id":"https:\/\/www.casaldelsinfants.org\/es\/#\/schema\/person\/97707fc8c64900cf36891127dbf9fba8"},"headline":"Trabajo en red, oportunidades educativas y laborales: doce historias para repasar el a\u00f1o 2022","datePublished":"2022-12-16T10:59:57+00:00","dateModified":"2023-11-23T11:22:44+00:00","mainEntityOfPage":{"@id":"https:\/\/www.casaldelsinfants.org\/es\/actualidad\/trabajo-en-red-oportunidades-educativas-y-laborales-doce-historias-para-repasar-el-ano\/"},"wordCount":1465,"commentCount":0,"publisher":{"@id":"https:\/\/www.casaldelsinfants.org\/es\/#organization"},"image":{"@id":"https:\/\/www.casaldelsinfants.org\/es\/actualidad\/trabajo-en-red-oportunidades-educativas-y-laborales-doce-historias-para-repasar-el-ano\/#primaryimage"},"thumbnailUrl":"https:\/\/www.casaldelsinfants.org\/wp-content\/uploads\/diseno_sin_titulo_0.gif","articleSection":["Noticia"],"inLanguage":"es","potentialAction":[{"@type":"CommentAction","name":"Comment","target":["https:\/\/www.casaldelsinfants.org\/es\/actualidad\/trabajo-en-red-oportunidades-educativas-y-laborales-doce-historias-para-repasar-el-ano\/#respond"]}]},{"@type":"WebPage","@id":"https:\/\/www.casaldelsinfants.org\/es\/actualidad\/trabajo-en-red-oportunidades-educativas-y-laborales-doce-historias-para-repasar-el-ano\/","url":"https:\/\/www.casaldelsinfants.org\/es\/actualidad\/trabajo-en-red-oportunidades-educativas-y-laborales-doce-historias-para-repasar-el-ano\/","name":"Trabajo en red, oportunidades educativas y laborales: doce historias para repasar el a\u00f1o 2022","isPartOf":{"@id":"https:\/\/www.casaldelsinfants.org\/es\/#website"},"primaryImageOfPage":{"@id":"https:\/\/www.casaldelsinfants.org\/es\/actualidad\/trabajo-en-red-oportunidades-educativas-y-laborales-doce-historias-para-repasar-el-ano\/#primaryimage"},"image":{"@id":"https:\/\/www.casaldelsinfants.org\/es\/actualidad\/trabajo-en-red-oportunidades-educativas-y-laborales-doce-historias-para-repasar-el-ano\/#primaryimage"},"thumbnailUrl":"https:\/\/www.casaldelsinfants.org\/wp-content\/uploads\/diseno_sin_titulo_0.gif","datePublished":"2022-12-16T10:59:57+00:00","dateModified":"2023-11-23T11:22:44+00:00","breadcrumb":{"@id":"https:\/\/www.casaldelsinfants.org\/es\/actualidad\/trabajo-en-red-oportunidades-educativas-y-laborales-doce-historias-para-repasar-el-ano\/#breadcrumb"},"inLanguage":"es","potentialAction":[{"@type":"ReadAction","target":["https:\/\/www.casaldelsinfants.org\/es\/actualidad\/trabajo-en-red-oportunidades-educativas-y-laborales-doce-historias-para-repasar-el-ano\/"]}]},{"@type":"ImageObject","inLanguage":"es","@id":"https:\/\/www.casaldelsinfants.org\/es\/actualidad\/trabajo-en-red-oportunidades-educativas-y-laborales-doce-historias-para-repasar-el-ano\/#primaryimage","url":"https:\/\/www.casaldelsinfants.org\/wp-content\/uploads\/diseno_sin_titulo_0.gif","contentUrl":"https:\/\/www.casaldelsinfants.org\/wp-content\/uploads\/diseno_sin_titulo_0.gif","width":960,"height":639,"caption":"Treball en xarxa, oportunitats educatives i laborals: dotze hist\u00f2ries per repassar l\u2019any 2022"},{"@type":"BreadcrumbList","@id":"https:\/\/www.casaldelsinfants.org\/es\/actualidad\/trabajo-en-red-oportunidades-educativas-y-laborales-doce-historias-para-repasar-el-ano\/#breadcrumb","itemListElement":[{"@type":"ListItem","position":1,"name":"Inici","item":"https:\/\/www.casaldelsinfants.org\/es\/"},{"@type":"ListItem","position":2,"name":"Trabajo en red, oportunidades educativas y laborales: doce historias para repasar el a\u00f1o 2022"}]},{"@type":"WebSite","@id":"https:\/\/www.casaldelsinfants.org\/es\/#website","url":"https:\/\/www.casaldelsinfants.org\/es\/","name":"Casal dels Infants","description":"","publisher":{"@id":"https:\/\/www.casaldelsinfants.org\/es\/#organization"},"potentialAction":[{"@type":"SearchAction","target":{"@type":"EntryPoint","urlTemplate":"https:\/\/www.casaldelsinfants.org\/es\/?s={search_term_string}"},"query-input":{"@type":"PropertyValueSpecification","valueRequired":true,"valueName":"search_term_string"}}],"inLanguage":"es"},{"@type":"Organization","@id":"https:\/\/www.casaldelsinfants.org\/es\/#organization","name":"Casal dels Infants","url":"https:\/\/www.casaldelsinfants.org\/es\/","logo":{"@type":"ImageObject","inLanguage":"es","@id":"https:\/\/www.casaldelsinfants.org\/es\/#\/schema\/logo\/image\/","url":"https:\/\/www.casaldelsinfants.org\/wp-content\/uploads\/logo-mail.png","contentUrl":"https:\/\/www.casaldelsinfants.org\/wp-content\/uploads\/logo-mail.png","width":380,"height":158,"caption":"Casal dels Infants"},"image":{"@id":"https:\/\/www.casaldelsinfants.org\/es\/#\/schema\/logo\/image\/"},"sameAs":["https:\/\/www.facebook.com\/casalinfants","https:\/\/x.com\/casalinfants","https:\/\/www.youtube.com\/user\/CasaldelsInfants1","https:\/\/www.instagram.com\/casalinfants\/","https:\/\/www.linkedin.com\/company\/casaldelsinfants?trk=organization-update_share-update_actor-text"]},{"@type":"Person","@id":"https:\/\/www.casaldelsinfants.org\/es\/#\/schema\/person\/97707fc8c64900cf36891127dbf9fba8","name":"cdiAdmin","sameAs":["https:\/\/casaldelsinfants.org"]}]}},"publishpress_future_action":{"enabled":false,"date":"2026-05-09 03:43:11","action":"change-status","newStatus":"draft","terms":[],"taxonomy":"category","extraData":[]},"publishpress_future_workflow_manual_trigger":{"enabledWorkflows":[]},"_links":{"self":[{"href":"https:\/\/www.casaldelsinfants.org\/es\/wp-json\/wp\/v2\/posts\/10448","targetHints":{"allow":["GET"]}}],"collection":[{"href":"https:\/\/www.casaldelsinfants.org\/es\/wp-json\/wp\/v2\/posts"}],"about":[{"href":"https:\/\/www.casaldelsinfants.org\/es\/wp-json\/wp\/v2\/types\/post"}],"author":[{"embeddable":true,"href":"https:\/\/www.casaldelsinfants.org\/es\/wp-json\/wp\/v2\/users\/1"}],"replies":[{"embeddable":true,"href":"https:\/\/www.casaldelsinfants.org\/es\/wp-json\/wp\/v2\/comments?post=10448"}],"version-history":[{"count":12,"href":"https:\/\/www.casaldelsinfants.org\/es\/wp-json\/wp\/v2\/posts\/10448\/revisions"}],"predecessor-version":[{"id":16159,"href":"https:\/\/www.casaldelsinfants.org\/es\/wp-json\/wp\/v2\/posts\/10448\/revisions\/16159"}],"wp:featuredmedia":[{"embeddable":true,"href":"https:\/\/www.casaldelsinfants.org\/es\/wp-json\/wp\/v2\/media\/10288"}],"wp:attachment":[{"href":"https:\/\/www.casaldelsinfants.org\/es\/wp-json\/wp\/v2\/media?parent=10448"}],"wp:term":[{"taxonomy":"category","embeddable":true,"href":"https:\/\/www.casaldelsinfants.org\/es\/wp-json\/wp\/v2\/categories?post=10448"},{"taxonomy":"post_tag","embeddable":true,"href":"https:\/\/www.casaldelsinfants.org\/es\/wp-json\/wp\/v2\/tags?post=10448"},{"taxonomy":"seus","embeddable":true,"href":"https:\/\/www.casaldelsinfants.org\/es\/wp-json\/wp\/v2\/seus?post=10448"},{"taxonomy":"eixos","embeddable":true,"href":"https:\/\/www.casaldelsinfants.org\/es\/wp-json\/wp\/v2\/eixos?post=10448"}],"curies":[{"name":"wp","href":"https:\/\/api.w.org\/{rel}","templated":true}]}}