{"id":10452,"date":"2022-11-29T09:45:26","date_gmt":"2022-11-29T07:45:26","guid":{"rendered":"https:\/\/casal.puntzero.cat\/unas-600-personas-corren-contra-las-desigualdades-en-la-cursa-montilivi\/"},"modified":"2023-11-22T18:16:53","modified_gmt":"2023-11-22T16:16:53","slug":"unas-600-personas-corren-contra-las-desigualdades-en-la-cursa-montilivi","status":"publish","type":"post","link":"https:\/\/www.casaldelsinfants.org\/es\/actualidad\/unas-600-personas-corren-contra-las-desigualdades-en-la-cursa-montilivi\/","title":{"rendered":"Unas 600 personas corren contra las desigualdades en la Cursa Montilivi"},"content":{"rendered":"<p>&nbsp;<\/p>\n<p><span style=\"color: #000000;\">Unas 600 personas corrieron contra las desigualdades en la <strong>Cursa Montilivi<\/strong>, organizada por la <u><a href=\"https:\/\/fundacioguardiolasala.com\/\" target=\"_blank\" rel=\"noopener\">Fundaci\u00f3n Guardiola Sala<\/a><\/u> con el apoyo del <u><a href=\"https:\/\/www.gironafc.cat\/\" target=\"_blank\" rel=\"noopener\">Girona FC<\/a><\/u>, que se celebr\u00f3 este domingo 27 de noviembre en Girona. La cursa solidaria ayudar\u00e1 a llevar adelante los servicios y proyectos socioeducativos del <strong>Casal dels Infants de Salt, especialmente los espacios compartidos con madres y padres de los ni\u00f1os y ni\u00f1as<\/strong>.\u00a0<\/span><\/p>\n<p dir=\"ltr\"><span style=\"color: #000000;\">Desde el Casal dels Infants de Salt, entre educadoras, ni\u00f1os, ni\u00f1as, madres, padres, hermanos y hermanas, <strong>participaron 70 personas<\/strong>, que corr\u00edan con un buf de color naranja para abrigarse del fr\u00edo de las 9h de la ma\u00f1ana. \u00a1Todas y todos consiguieron llegar a la meta!<\/span><\/p>\n<p dir=\"ltr\"><span style=\"color: #000000;\">La Cursa Montilivi propon\u00eda a sus participantes dos recorridos, de 5 y 10 kil\u00f3metros cada uno. Ambos empezaban y acababan a las puertas del Estadio Montilivi, y recorr\u00edan por los puntos emblem\u00e1ticos de la ciudad, como las Vies Verdes, y en la carrera m\u00e1s larga, el Parc de la Devesa y la Pla\u00e7a de la Independ\u00e8ncia, en el Barri Vell.\u00a0<\/span><\/p>\n<p><img decoding=\"async\" class=\"align-center\" src=\"\/wp-content\/uploads\/inline-images\/CMG_8751.jpg\" alt=\"Nens i nenes en rotllana aixequen el bra\u00e7 per practicar un truc amb una gossa. \" width=\"480\" height=\"319\" data-entity-type=\"file\" data-entity-uuid=\"079d2656-4297-4de4-b69a-2f25e1bdbecc\" data-image-style=\"large\" \/><\/p>\n<p dir=\"ltr\"><span style=\"color: #000000;\">Durante la ma\u00f1ana, <strong>los ni\u00f1os y ni\u00f1as se reencontraron con Canya, la perra oficial del Girona FC<\/strong>, con la que quieren promover los valores de respeto animal y cuidado por las mascotas. Los ni\u00f1os y ni\u00f1as del Casal ya la conocen porque cada jueves visita a los chicos y chicas de Dinem Junts, el servicio impulsado por la <\/span><u><a href=\"https:\/\/www.fundacionprobitas.org\/ca\/home\" target=\"_blank\" rel=\"noopener\">Fundaci\u00f3n Probitas<\/a><\/u><span style=\"color: #000000;\">. Esta nueva actividad de terapia canina est\u00e1 siendo un muy buen refuerzo para los y las adolescentes.\u00a0<\/span><\/p>\n<p dir=\"ltr\"><span style=\"color: #000000;\">En el <strong>Casal dels Infants de Salt acompa\u00f1amos 860 ni\u00f1os, ni\u00f1as, j\u00f3venes, madres y padres en situaci\u00f3n de riesgo de exclusi\u00f3n social<\/strong>, a trav\u00e9s de los 8 servicios socioeducativos que desarrollamos en este municipio gerundense. El donativo que la Fundaci\u00f3n Guardiola Sala ayudar\u00e1 a llevar adelante las actividades con familias que refuerzan las relaciones con sus hijos e hijas y son espacio de encuentro con otras madres y padres con quien crean una red de apoyo. <\/span><\/p>\n<blockquote><p><strong>Haz posible que continuemos acompa\u00f1ando y apoyando a ni\u00f1os, ni\u00f1as, j\u00f3venes y familias en situaci\u00f3n de vulnerabilidad.\u00a0<\/strong><\/p>\n<p>Haz\u00a0<strong>voluntariado<\/strong>. Inf\u00f3rmate\u00a0<a href=\"https:\/\/www.casaldelsinfants.org\/es\/que-puedes-hacer-tu\/voluntariado\/\" target=\"_blank\" rel=\"noopener\"><u>aqu\u00ed<\/u><\/a>.<\/p>\n<p>Haz un\u00a0<strong>donativo<\/strong>\u00a0<a href=\"https:\/\/www.casaldelsinfants.org\/es\/dona-ahora\/\" target=\"_blank\" rel=\"noopener\"><u>aqu\u00ed<\/u><\/a>.<\/p><\/blockquote>\n","protected":false},"excerpt":{"rendered":"<p>&nbsp; Unas 600 personas corrieron contra las desigualdades en la Cursa Montilivi, organizada por la Fundaci\u00f3n Guardiola Sala con el apoyo del Girona FC, que se celebr\u00f3 este domingo 27 de noviembre en Girona. La cursa solidaria ayudar\u00e1 a llevar adelante los servicios y proyectos socioeducativos del Casal dels Infants de Salt, especialmente los espacios [&hellip;]<\/p>\n","protected":false},"author":1,"featured_media":10296,"comment_status":"open","ping_status":"open","sticky":false,"template":"","format":"standard","meta":{"_acf_changed":false,"_et_pb_use_builder":"","_et_pb_old_content":"","_et_gb_content_width":"","inline_featured_image":false,"footnotes":""},"categories":[125],"tags":[],"seus":[159],"eixos":[110],"class_list":["post-10452","post","type-post","status-publish","format-standard","has-post-thumbnail","hentry","category-noticias","seus-salt","eixos-comunidad-casal-dels-infants"],"acf":[],"yoast_head":"<!-- This site is optimized with the Yoast SEO plugin v27.4 - https:\/\/yoast.com\/product\/yoast-seo-wordpress\/ -->\n<title>Unas 600 personas corren contra las desigualdades en la Cursa Montilivi<\/title>\n<meta name=\"description\" content=\"Unes 600 persones van c\u00f3rrer contra les desigualtats a la Cursa Montilivi, organitzada per la Fundaci\u00f3 Guardiola Sala amb el suport del Girona FC, i que ajudar\u00e0 a tirar endavant els serveis i projectes socioeducatius del Casal dels Infants de Salt.\" \/>\n<meta name=\"robots\" content=\"index, follow, max-snippet:-1, max-image-preview:large, max-video-preview:-1\" \/>\n<link rel=\"canonical\" href=\"https:\/\/www.casaldelsinfants.org\/es\/actualidad\/unas-600-personas-corren-contra-las-desigualdades-en-la-cursa-montilivi\/\" \/>\n<meta property=\"og:locale\" content=\"es_ES\" \/>\n<meta property=\"og:type\" content=\"article\" \/>\n<meta property=\"og:title\" content=\"Unas 600 personas corren contra las desigualdades en la Cursa Montilivi\" \/>\n<meta property=\"og:description\" content=\"Unes 600 persones van c\u00f3rrer contra les desigualtats a la Cursa Montilivi, organitzada per la Fundaci\u00f3 Guardiola Sala amb el suport del Girona FC, i que ajudar\u00e0 a tirar endavant els serveis i projectes socioeducatius del Casal dels Infants de Salt.\" \/>\n<meta property=\"og:url\" content=\"https:\/\/www.casaldelsinfants.org\/es\/actualidad\/unas-600-personas-corren-contra-las-desigualdades-en-la-cursa-montilivi\/\" \/>\n<meta property=\"og:site_name\" content=\"Casal dels Infants\" \/>\n<meta property=\"article:publisher\" content=\"https:\/\/www.facebook.com\/casalinfants\" \/>\n<meta property=\"article:published_time\" content=\"2022-11-29T07:45:26+00:00\" \/>\n<meta property=\"article:modified_time\" content=\"2023-11-22T16:16:53+00:00\" \/>\n<meta property=\"og:image\" content=\"https:\/\/www.casaldelsinfants.org\/wp-content\/uploads\/cmg_8784-1.webp\" \/>\n\t<meta property=\"og:image:width\" content=\"1500\" \/>\n\t<meta property=\"og:image:height\" content=\"998\" \/>\n\t<meta property=\"og:image:type\" content=\"image\/jpeg\" \/>\n<meta name=\"author\" content=\"cdiAdmin\" \/>\n<meta name=\"twitter:card\" content=\"summary_large_image\" \/>\n<meta name=\"twitter:creator\" content=\"@casalinfants\" \/>\n<meta name=\"twitter:site\" content=\"@casalinfants\" \/>\n<meta name=\"twitter:label1\" content=\"Escrito por\" \/>\n\t<meta name=\"twitter:data1\" content=\"cdiAdmin\" \/>\n\t<meta name=\"twitter:label2\" content=\"Tiempo de lectura\" \/>\n\t<meta name=\"twitter:data2\" content=\"2 minutos\" \/>\n<script type=\"application\/ld+json\" class=\"yoast-schema-graph\">{\"@context\":\"https:\\\/\\\/schema.org\",\"@graph\":[{\"@type\":\"Article\",\"@id\":\"https:\\\/\\\/www.casaldelsinfants.org\\\/es\\\/actualidad\\\/unas-600-personas-corren-contra-las-desigualdades-en-la-cursa-montilivi\\\/#article\",\"isPartOf\":{\"@id\":\"https:\\\/\\\/www.casaldelsinfants.org\\\/es\\\/actualidad\\\/unas-600-personas-corren-contra-las-desigualdades-en-la-cursa-montilivi\\\/\"},\"author\":{\"name\":\"cdiAdmin\",\"@id\":\"https:\\\/\\\/www.casaldelsinfants.org\\\/es\\\/#\\\/schema\\\/person\\\/97707fc8c64900cf36891127dbf9fba8\"},\"headline\":\"Unas 600 personas corren contra las desigualdades en la Cursa Montilivi\",\"datePublished\":\"2022-11-29T07:45:26+00:00\",\"dateModified\":\"2023-11-22T16:16:53+00:00\",\"mainEntityOfPage\":{\"@id\":\"https:\\\/\\\/www.casaldelsinfants.org\\\/es\\\/actualidad\\\/unas-600-personas-corren-contra-las-desigualdades-en-la-cursa-montilivi\\\/\"},\"wordCount\":386,\"commentCount\":0,\"publisher\":{\"@id\":\"https:\\\/\\\/www.casaldelsinfants.org\\\/es\\\/#organization\"},\"image\":{\"@id\":\"https:\\\/\\\/www.casaldelsinfants.org\\\/es\\\/actualidad\\\/unas-600-personas-corren-contra-las-desigualdades-en-la-cursa-montilivi\\\/#primaryimage\"},\"thumbnailUrl\":\"https:\\\/\\\/www.casaldelsinfants.org\\\/wp-content\\\/uploads\\\/cmg_8784-1.webp\",\"articleSection\":[\"Noticia\"],\"inLanguage\":\"es\",\"potentialAction\":[{\"@type\":\"CommentAction\",\"name\":\"Comment\",\"target\":[\"https:\\\/\\\/www.casaldelsinfants.org\\\/es\\\/actualidad\\\/unas-600-personas-corren-contra-las-desigualdades-en-la-cursa-montilivi\\\/#respond\"]}]},{\"@type\":\"WebPage\",\"@id\":\"https:\\\/\\\/www.casaldelsinfants.org\\\/es\\\/actualidad\\\/unas-600-personas-corren-contra-las-desigualdades-en-la-cursa-montilivi\\\/\",\"url\":\"https:\\\/\\\/www.casaldelsinfants.org\\\/es\\\/actualidad\\\/unas-600-personas-corren-contra-las-desigualdades-en-la-cursa-montilivi\\\/\",\"name\":\"Unas 600 personas corren contra las desigualdades en la Cursa Montilivi\",\"isPartOf\":{\"@id\":\"https:\\\/\\\/www.casaldelsinfants.org\\\/es\\\/#website\"},\"primaryImageOfPage\":{\"@id\":\"https:\\\/\\\/www.casaldelsinfants.org\\\/es\\\/actualidad\\\/unas-600-personas-corren-contra-las-desigualdades-en-la-cursa-montilivi\\\/#primaryimage\"},\"image\":{\"@id\":\"https:\\\/\\\/www.casaldelsinfants.org\\\/es\\\/actualidad\\\/unas-600-personas-corren-contra-las-desigualdades-en-la-cursa-montilivi\\\/#primaryimage\"},\"thumbnailUrl\":\"https:\\\/\\\/www.casaldelsinfants.org\\\/wp-content\\\/uploads\\\/cmg_8784-1.webp\",\"datePublished\":\"2022-11-29T07:45:26+00:00\",\"dateModified\":\"2023-11-22T16:16:53+00:00\",\"description\":\"Unes 600 persones van c\u00f3rrer contra les desigualtats a la Cursa Montilivi, organitzada per la Fundaci\u00f3 Guardiola Sala amb el suport del Girona FC, i que ajudar\u00e0 a tirar endavant els serveis i projectes socioeducatius del Casal dels Infants de Salt.\",\"breadcrumb\":{\"@id\":\"https:\\\/\\\/www.casaldelsinfants.org\\\/es\\\/actualidad\\\/unas-600-personas-corren-contra-las-desigualdades-en-la-cursa-montilivi\\\/#breadcrumb\"},\"inLanguage\":\"es\",\"potentialAction\":[{\"@type\":\"ReadAction\",\"target\":[\"https:\\\/\\\/www.casaldelsinfants.org\\\/es\\\/actualidad\\\/unas-600-personas-corren-contra-las-desigualdades-en-la-cursa-montilivi\\\/\"]}]},{\"@type\":\"ImageObject\",\"inLanguage\":\"es\",\"@id\":\"https:\\\/\\\/www.casaldelsinfants.org\\\/es\\\/actualidad\\\/unas-600-personas-corren-contra-las-desigualdades-en-la-cursa-montilivi\\\/#primaryimage\",\"url\":\"https:\\\/\\\/www.casaldelsinfants.org\\\/wp-content\\\/uploads\\\/cmg_8784-1.webp\",\"contentUrl\":\"https:\\\/\\\/www.casaldelsinfants.org\\\/wp-content\\\/uploads\\\/cmg_8784-1.webp\",\"width\":1500,\"height\":998,\"caption\":\"Prop de 600 persones corren contra les desigualtats a la Cursa Montilivi\"},{\"@type\":\"BreadcrumbList\",\"@id\":\"https:\\\/\\\/www.casaldelsinfants.org\\\/es\\\/actualidad\\\/unas-600-personas-corren-contra-las-desigualdades-en-la-cursa-montilivi\\\/#breadcrumb\",\"itemListElement\":[{\"@type\":\"ListItem\",\"position\":1,\"name\":\"Inici\",\"item\":\"https:\\\/\\\/www.casaldelsinfants.org\\\/es\\\/\"},{\"@type\":\"ListItem\",\"position\":2,\"name\":\"Unas 600 personas corren contra las desigualdades en la Cursa Montilivi\"}]},{\"@type\":\"WebSite\",\"@id\":\"https:\\\/\\\/www.casaldelsinfants.org\\\/es\\\/#website\",\"url\":\"https:\\\/\\\/www.casaldelsinfants.org\\\/es\\\/\",\"name\":\"Casal dels Infants\",\"description\":\"\",\"publisher\":{\"@id\":\"https:\\\/\\\/www.casaldelsinfants.org\\\/es\\\/#organization\"},\"potentialAction\":[{\"@type\":\"SearchAction\",\"target\":{\"@type\":\"EntryPoint\",\"urlTemplate\":\"https:\\\/\\\/www.casaldelsinfants.org\\\/es\\\/?s={search_term_string}\"},\"query-input\":{\"@type\":\"PropertyValueSpecification\",\"valueRequired\":true,\"valueName\":\"search_term_string\"}}],\"inLanguage\":\"es\"},{\"@type\":\"Organization\",\"@id\":\"https:\\\/\\\/www.casaldelsinfants.org\\\/es\\\/#organization\",\"name\":\"Casal dels Infants\",\"url\":\"https:\\\/\\\/www.casaldelsinfants.org\\\/es\\\/\",\"logo\":{\"@type\":\"ImageObject\",\"inLanguage\":\"es\",\"@id\":\"https:\\\/\\\/www.casaldelsinfants.org\\\/es\\\/#\\\/schema\\\/logo\\\/image\\\/\",\"url\":\"https:\\\/\\\/www.casaldelsinfants.org\\\/wp-content\\\/uploads\\\/logo-mail.png\",\"contentUrl\":\"https:\\\/\\\/www.casaldelsinfants.org\\\/wp-content\\\/uploads\\\/logo-mail.png\",\"width\":380,\"height\":158,\"caption\":\"Casal dels Infants\"},\"image\":{\"@id\":\"https:\\\/\\\/www.casaldelsinfants.org\\\/es\\\/#\\\/schema\\\/logo\\\/image\\\/\"},\"sameAs\":[\"https:\\\/\\\/www.facebook.com\\\/casalinfants\",\"https:\\\/\\\/x.com\\\/casalinfants\",\"https:\\\/\\\/www.youtube.com\\\/user\\\/CasaldelsInfants1\",\"https:\\\/\\\/www.instagram.com\\\/casalinfants\\\/\",\"https:\\\/\\\/www.linkedin.com\\\/company\\\/casaldelsinfants?trk=organization-update_share-update_actor-text\"]},{\"@type\":\"Person\",\"@id\":\"https:\\\/\\\/www.casaldelsinfants.org\\\/es\\\/#\\\/schema\\\/person\\\/97707fc8c64900cf36891127dbf9fba8\",\"name\":\"cdiAdmin\",\"sameAs\":[\"https:\\\/\\\/casaldelsinfants.org\"]}]}<\/script>\n<!-- \/ Yoast SEO plugin. -->","yoast_head_json":{"title":"Unas 600 personas corren contra las desigualdades en la Cursa Montilivi","description":"Unes 600 persones van c\u00f3rrer contra les desigualtats a la Cursa Montilivi, organitzada per la Fundaci\u00f3 Guardiola Sala amb el suport del Girona FC, i que ajudar\u00e0 a tirar endavant els serveis i projectes socioeducatius del Casal dels Infants de Salt.","robots":{"index":"index","follow":"follow","max-snippet":"max-snippet:-1","max-image-preview":"max-image-preview:large","max-video-preview":"max-video-preview:-1"},"canonical":"https:\/\/www.casaldelsinfants.org\/es\/actualidad\/unas-600-personas-corren-contra-las-desigualdades-en-la-cursa-montilivi\/","og_locale":"es_ES","og_type":"article","og_title":"Unas 600 personas corren contra las desigualdades en la Cursa Montilivi","og_description":"Unes 600 persones van c\u00f3rrer contra les desigualtats a la Cursa Montilivi, organitzada per la Fundaci\u00f3 Guardiola Sala amb el suport del Girona FC, i que ajudar\u00e0 a tirar endavant els serveis i projectes socioeducatius del Casal dels Infants de Salt.","og_url":"https:\/\/www.casaldelsinfants.org\/es\/actualidad\/unas-600-personas-corren-contra-las-desigualdades-en-la-cursa-montilivi\/","og_site_name":"Casal dels Infants","article_publisher":"https:\/\/www.facebook.com\/casalinfants","article_published_time":"2022-11-29T07:45:26+00:00","article_modified_time":"2023-11-22T16:16:53+00:00","og_image":[{"width":1500,"height":998,"url":"https:\/\/www.casaldelsinfants.org\/wp-content\/uploads\/cmg_8784-1.webp","type":"image\/jpeg"}],"author":"cdiAdmin","twitter_card":"summary_large_image","twitter_creator":"@casalinfants","twitter_site":"@casalinfants","twitter_misc":{"Escrito por":"cdiAdmin","Tiempo de lectura":"2 minutos"},"schema":{"@context":"https:\/\/schema.org","@graph":[{"@type":"Article","@id":"https:\/\/www.casaldelsinfants.org\/es\/actualidad\/unas-600-personas-corren-contra-las-desigualdades-en-la-cursa-montilivi\/#article","isPartOf":{"@id":"https:\/\/www.casaldelsinfants.org\/es\/actualidad\/unas-600-personas-corren-contra-las-desigualdades-en-la-cursa-montilivi\/"},"author":{"name":"cdiAdmin","@id":"https:\/\/www.casaldelsinfants.org\/es\/#\/schema\/person\/97707fc8c64900cf36891127dbf9fba8"},"headline":"Unas 600 personas corren contra las desigualdades en la Cursa Montilivi","datePublished":"2022-11-29T07:45:26+00:00","dateModified":"2023-11-22T16:16:53+00:00","mainEntityOfPage":{"@id":"https:\/\/www.casaldelsinfants.org\/es\/actualidad\/unas-600-personas-corren-contra-las-desigualdades-en-la-cursa-montilivi\/"},"wordCount":386,"commentCount":0,"publisher":{"@id":"https:\/\/www.casaldelsinfants.org\/es\/#organization"},"image":{"@id":"https:\/\/www.casaldelsinfants.org\/es\/actualidad\/unas-600-personas-corren-contra-las-desigualdades-en-la-cursa-montilivi\/#primaryimage"},"thumbnailUrl":"https:\/\/www.casaldelsinfants.org\/wp-content\/uploads\/cmg_8784-1.webp","articleSection":["Noticia"],"inLanguage":"es","potentialAction":[{"@type":"CommentAction","name":"Comment","target":["https:\/\/www.casaldelsinfants.org\/es\/actualidad\/unas-600-personas-corren-contra-las-desigualdades-en-la-cursa-montilivi\/#respond"]}]},{"@type":"WebPage","@id":"https:\/\/www.casaldelsinfants.org\/es\/actualidad\/unas-600-personas-corren-contra-las-desigualdades-en-la-cursa-montilivi\/","url":"https:\/\/www.casaldelsinfants.org\/es\/actualidad\/unas-600-personas-corren-contra-las-desigualdades-en-la-cursa-montilivi\/","name":"Unas 600 personas corren contra las desigualdades en la Cursa Montilivi","isPartOf":{"@id":"https:\/\/www.casaldelsinfants.org\/es\/#website"},"primaryImageOfPage":{"@id":"https:\/\/www.casaldelsinfants.org\/es\/actualidad\/unas-600-personas-corren-contra-las-desigualdades-en-la-cursa-montilivi\/#primaryimage"},"image":{"@id":"https:\/\/www.casaldelsinfants.org\/es\/actualidad\/unas-600-personas-corren-contra-las-desigualdades-en-la-cursa-montilivi\/#primaryimage"},"thumbnailUrl":"https:\/\/www.casaldelsinfants.org\/wp-content\/uploads\/cmg_8784-1.webp","datePublished":"2022-11-29T07:45:26+00:00","dateModified":"2023-11-22T16:16:53+00:00","description":"Unes 600 persones van c\u00f3rrer contra les desigualtats a la Cursa Montilivi, organitzada per la Fundaci\u00f3 Guardiola Sala amb el suport del Girona FC, i que ajudar\u00e0 a tirar endavant els serveis i projectes socioeducatius del Casal dels Infants de Salt.","breadcrumb":{"@id":"https:\/\/www.casaldelsinfants.org\/es\/actualidad\/unas-600-personas-corren-contra-las-desigualdades-en-la-cursa-montilivi\/#breadcrumb"},"inLanguage":"es","potentialAction":[{"@type":"ReadAction","target":["https:\/\/www.casaldelsinfants.org\/es\/actualidad\/unas-600-personas-corren-contra-las-desigualdades-en-la-cursa-montilivi\/"]}]},{"@type":"ImageObject","inLanguage":"es","@id":"https:\/\/www.casaldelsinfants.org\/es\/actualidad\/unas-600-personas-corren-contra-las-desigualdades-en-la-cursa-montilivi\/#primaryimage","url":"https:\/\/www.casaldelsinfants.org\/wp-content\/uploads\/cmg_8784-1.webp","contentUrl":"https:\/\/www.casaldelsinfants.org\/wp-content\/uploads\/cmg_8784-1.webp","width":1500,"height":998,"caption":"Prop de 600 persones corren contra les desigualtats a la Cursa Montilivi"},{"@type":"BreadcrumbList","@id":"https:\/\/www.casaldelsinfants.org\/es\/actualidad\/unas-600-personas-corren-contra-las-desigualdades-en-la-cursa-montilivi\/#breadcrumb","itemListElement":[{"@type":"ListItem","position":1,"name":"Inici","item":"https:\/\/www.casaldelsinfants.org\/es\/"},{"@type":"ListItem","position":2,"name":"Unas 600 personas corren contra las desigualdades en la Cursa Montilivi"}]},{"@type":"WebSite","@id":"https:\/\/www.casaldelsinfants.org\/es\/#website","url":"https:\/\/www.casaldelsinfants.org\/es\/","name":"Casal dels Infants","description":"","publisher":{"@id":"https:\/\/www.casaldelsinfants.org\/es\/#organization"},"potentialAction":[{"@type":"SearchAction","target":{"@type":"EntryPoint","urlTemplate":"https:\/\/www.casaldelsinfants.org\/es\/?s={search_term_string}"},"query-input":{"@type":"PropertyValueSpecification","valueRequired":true,"valueName":"search_term_string"}}],"inLanguage":"es"},{"@type":"Organization","@id":"https:\/\/www.casaldelsinfants.org\/es\/#organization","name":"Casal dels Infants","url":"https:\/\/www.casaldelsinfants.org\/es\/","logo":{"@type":"ImageObject","inLanguage":"es","@id":"https:\/\/www.casaldelsinfants.org\/es\/#\/schema\/logo\/image\/","url":"https:\/\/www.casaldelsinfants.org\/wp-content\/uploads\/logo-mail.png","contentUrl":"https:\/\/www.casaldelsinfants.org\/wp-content\/uploads\/logo-mail.png","width":380,"height":158,"caption":"Casal dels Infants"},"image":{"@id":"https:\/\/www.casaldelsinfants.org\/es\/#\/schema\/logo\/image\/"},"sameAs":["https:\/\/www.facebook.com\/casalinfants","https:\/\/x.com\/casalinfants","https:\/\/www.youtube.com\/user\/CasaldelsInfants1","https:\/\/www.instagram.com\/casalinfants\/","https:\/\/www.linkedin.com\/company\/casaldelsinfants?trk=organization-update_share-update_actor-text"]},{"@type":"Person","@id":"https:\/\/www.casaldelsinfants.org\/es\/#\/schema\/person\/97707fc8c64900cf36891127dbf9fba8","name":"cdiAdmin","sameAs":["https:\/\/casaldelsinfants.org"]}]}},"publishpress_future_action":{"enabled":false,"date":"2026-05-09 03:57:11","action":"change-status","newStatus":"draft","terms":[],"taxonomy":"category","extraData":[]},"publishpress_future_workflow_manual_trigger":{"enabledWorkflows":[]},"_links":{"self":[{"href":"https:\/\/www.casaldelsinfants.org\/es\/wp-json\/wp\/v2\/posts\/10452","targetHints":{"allow":["GET"]}}],"collection":[{"href":"https:\/\/www.casaldelsinfants.org\/es\/wp-json\/wp\/v2\/posts"}],"about":[{"href":"https:\/\/www.casaldelsinfants.org\/es\/wp-json\/wp\/v2\/types\/post"}],"author":[{"embeddable":true,"href":"https:\/\/www.casaldelsinfants.org\/es\/wp-json\/wp\/v2\/users\/1"}],"replies":[{"embeddable":true,"href":"https:\/\/www.casaldelsinfants.org\/es\/wp-json\/wp\/v2\/comments?post=10452"}],"version-history":[{"count":3,"href":"https:\/\/www.casaldelsinfants.org\/es\/wp-json\/wp\/v2\/posts\/10452\/revisions"}],"predecessor-version":[{"id":16003,"href":"https:\/\/www.casaldelsinfants.org\/es\/wp-json\/wp\/v2\/posts\/10452\/revisions\/16003"}],"wp:featuredmedia":[{"embeddable":true,"href":"https:\/\/www.casaldelsinfants.org\/es\/wp-json\/wp\/v2\/media\/10296"}],"wp:attachment":[{"href":"https:\/\/www.casaldelsinfants.org\/es\/wp-json\/wp\/v2\/media?parent=10452"}],"wp:term":[{"taxonomy":"category","embeddable":true,"href":"https:\/\/www.casaldelsinfants.org\/es\/wp-json\/wp\/v2\/categories?post=10452"},{"taxonomy":"post_tag","embeddable":true,"href":"https:\/\/www.casaldelsinfants.org\/es\/wp-json\/wp\/v2\/tags?post=10452"},{"taxonomy":"seus","embeddable":true,"href":"https:\/\/www.casaldelsinfants.org\/es\/wp-json\/wp\/v2\/seus?post=10452"},{"taxonomy":"eixos","embeddable":true,"href":"https:\/\/www.casaldelsinfants.org\/es\/wp-json\/wp\/v2\/eixos?post=10452"}],"curies":[{"name":"wp","href":"https:\/\/api.w.org\/{rel}","templated":true}]}}