{"id":10454,"date":"2022-11-28T14:05:37","date_gmt":"2022-11-28T12:05:37","guid":{"rendered":"https:\/\/casal.puntzero.cat\/mas-limpieza-y-mas-pistas-publicas-ninos-ninas-adolescentes-y-familias-dicen-basta-y\/"},"modified":"2023-11-22T18:16:45","modified_gmt":"2023-11-22T16:16:45","slug":"mas-limpieza-y-mas-pistas-publicas-ninos-ninas-adolescentes-y-familias-dicen-basta-y","status":"publish","type":"post","link":"https:\/\/www.casaldelsinfants.org\/es\/actualidad\/mas-limpieza-y-mas-pistas-publicas-ninos-ninas-adolescentes-y-familias-dicen-basta-y\/","title":{"rendered":"M\u00e1s limpieza y m\u00e1s pistas p\u00fablicas: ni\u00f1os, ni\u00f1as, adolescentes y familias dicen basta y reclaman espacios seguros y limpios en el barrio del Raval"},"content":{"rendered":"<p>&nbsp;<\/p>\n<p dir=\"ltr\"><span style=\"color: #000000;\">Ni\u00f1os, ni\u00f1as, j\u00f3venes, familias del Casal dels Infants del Raval se juntaron con participantes de otras entidades la tarde del 24 de noviembre en la rambla del Raval para protestar colectivamente contra las condiciones en las cuales se encuentra el barrio y proponer estrategias y actividades conjuntas de mejora, con el <strong>objetivo de recuperar los espacios p\u00fablicos y que estos est\u00e9n limpios y seguros<\/strong> para que los vecinos y vecinas puedan disfrutar.<\/span><\/p>\n<p dir=\"ltr\"><span style=\"color: #000000;\">Las condiciones en las cuales se encuentran muchos espacios del Raval a menudo son motivo de noticia, pero en pocas ocasiones cuentan con la perspectiva de la infancia y adolescencia que viven en el barrio. El acto \u201c<strong>Diem prou!: 1a Sentada para la recuperaci\u00f3n y cuidado del barrio<\/strong>\u201d, celebrado cuatro d\u00edas despu\u00e9s del D\u00eda Universal de la Infancia, fue un ejercicio de participaci\u00f3n y visibilizaci\u00f3n de los ni\u00f1os y ni\u00f1as del barrio, que han hecho o\u00edr su voz, acompa\u00f1ados tambi\u00e9n de j\u00f3venes, familias y equipo de las entidades donde participan.\u00a0<\/span><\/p>\n<p dir=\"ltr\"><span style=\"color: #000000;\"><strong>Aproximadamente unas 300 personas asistieron a la Sentada<\/strong>, entre ni\u00f1os, ni\u00f1as, adolescentes, familias, vecinos, vecinas y otros agentes del barrio. La Sentada ha estado organizada por los ni\u00f1os, ni\u00f1as, adolescentes y equipos educativos que forman parte del Proyecto Infancia Raval (PIR): AEI Raval, el Casal dels Infants, la Fundaci\u00f3n Gavina y la Fundaci\u00f3n Pere Tarr\u00e9s.<\/span><\/p>\n<p dir=\"ltr\"><span style=\"color: #000000;\">Durante la Sentada, ni\u00f1os, ni\u00f1as y adolescentes, con el acompa\u00f1amiento de sus educadores, han afirmado estar \u201chartos y hartas\u201d de la situaci\u00f3n en la cual se encuentra el barrio y han denunciado las condiciones insalubres de las plazas y las calles, en <strong>un <\/strong><\/span><strong><u>manifiesto<\/u><\/strong><span style=\"color: #000000;\"><strong> que recoge la voz de los y las participantes y nace de un proceso participativo<\/strong> y de trabajo en red para mejorar el barrio. \u201cHay gente durmiendo, consumiendo drogas o alcohol\u2026 Estamos cansadas de encontrarnos cacas de perros y humanas, jeringuillas, preservativos, cartones, muebles y objetos personales abandonados\u201d denunciaron Liza y Wilbel, del Centro Abierto Adolescente (COA) del Casal dels Infants del Raval, leyendo el manifiesto. <\/span><\/p>\n<p><img decoding=\"async\" class=\"align-center\" src=\"\/wp-content\/uploads\/inline-images\/_1290542.JPG\" alt=\"Un noi i una noia llegeixen un manifest amb dos micr\u00f2fons davant.\" width=\"650\" height=\"366\" data-entity-type=\"file\" data-entity-uuid=\"1b900482-3d37-4f44-98de-2811c3f1b3ea\" data-image-style=\"max_650x650\" \/><\/p>\n<p><span style=\"color: #000000;\">Aparte de la suciedad, los ni\u00f1os y ni\u00f1as tambi\u00e9n se quejaban de la inseguridad que sienten por las calles donde pasan cada d\u00eda y a los parques donde juegan por las tardes. \u201cQueremos caminar tranquilos y tranquilas por las calles, queremos jugar sin miedo a recibir un golpe de un desconocido o de pincharnos con alguna jeringuilla, queremos un barrio seguro y limpio\u201d continuaba el manifiesto.<\/span><\/p>\n<p dir=\"ltr\"><span style=\"color: #000000;\">Para ayudar a transformar su barrio, los ni\u00f1os y ni\u00f1as <strong>han reclamado acciones para mejorar el Raval<\/strong>, como ayudar a las personas sin techo, tener m\u00e1s espacios verdes, m\u00e1s contenedores de reciclaje y pistas de juego abiertas a todo el mundo, y han pensado propuestas de actividades conjuntas para contribuir a cambiar las condiciones actuales del barrio, como plantar \u00e1rboles o hacer una recogida de pl\u00e1sticos que se encuentran en la calle y pesarlos.\u00a0<\/span><\/p>\n<p><img decoding=\"async\" class=\"align-center\" src=\"\/wp-content\/uploads\/inline-images\/WhatsApp%20Image%202022-11-24%20at%2017.14.39.jpeg\" alt=\"Un mural amb fotografies i missatges penjat a la rambla del Raval.\" width=\"480\" height=\"357\" data-entity-type=\"file\" data-entity-uuid=\"ed5e4455-896c-455d-886a-9579d62d8f8d\" data-image-style=\"large\" \/><\/p>\n<p dir=\"ltr\"><span style=\"color: #000000;\">En la Sentada tambi\u00e9n se expuso un <strong>mural colectivo fijo en la rambla del Raval<\/strong>, donde se recog\u00edan con fotograf\u00edas aquellas cosas que no les gustaban del barrio, cu\u00e1les les gustar\u00eda que cambiaran y mejoras, para documentar y reflectir el estado de insalubridad en que se encuentran muchas calles y plazas del barrio y, as\u00ed, reivindicar la implicaci\u00f3n de todos los servicios necesarios para encontrar soluciones y mejoras a estas problem\u00e1ticas.\u00a0<\/span><\/p>\n<p dir=\"ltr\"><strong>El Consejo de Participaci\u00f3n de Infancia y Adolescencia<\/strong><\/p>\n<p dir=\"ltr\"><span style=\"color: #000000;\">Previamente a la Sentada, los ni\u00f1os y ni\u00f1as y educadores y educadoras de las entidades del Proyecto Infancia Raval (PIR) se reunieron en el Consejo de Participaci\u00f3n de Infancia y Adolescencia para debatir, de manera adaptada a las necesidades y capacidades de cada edad, <strong>las demandas y propuestas que los delegados y delegadas hab\u00edan recogido del resto de compa\u00f1eros y compa\u00f1eras<\/strong> de sus grupos.\u00a0<\/span><\/p>\n<p dir=\"ltr\"><span style=\"color: #000000;\">El 3 de noviembre, 16 ni\u00f1os y ni\u00f1as y adolescentes entre los seis y diez-i-siete a\u00f1os se juntaron en el Casal de Barri Folch i Torres para compartir que no les gustaba del barrio, como les gustar\u00eda encontrarse el barrio y proponer actividades y acciones conjuntas para ayudar a cambiar a mejor el barrio. Durante el Consejo, se se\u00f1al\u00f3 la suciedad, la masificaci\u00f3n de turistas, la falta de pistas de deporte p\u00fablicas, entre otros, y las situaciones que les generan inseguridad entre las calles que son su casa, como son las peleas, el racismo policial, y los espacios y calles mal iluminados. <\/span><\/p>\n<blockquote><p><strong>Haz posible que continuemos acompa\u00f1ando y apoyando a ni\u00f1os, ni\u00f1as, j\u00f3venes y familias en situaci\u00f3n de vulnerabilidad.\u00a0<\/strong><\/p>\n<p>Haz\u00a0<strong>voluntariado<\/strong>. Inf\u00f3rmate\u00a0<a href=\"https:\/\/www.casaldelsinfants.org\/es\/que-puedes-hacer-tu\/voluntariado\/\" target=\"_blank\" rel=\"noopener\"><u>aqu\u00ed<\/u><\/a>.<\/p>\n<p>Haz un\u00a0<strong>donativo<\/strong>\u00a0<a href=\"https:\/\/www.casaldelsinfants.org\/es\/dona-ahora\/\" target=\"_blank\" rel=\"noopener\"><u>aqu\u00ed<\/u><\/a>.<\/p><\/blockquote>\n","protected":false},"excerpt":{"rendered":"<p>&nbsp; Ni\u00f1os, ni\u00f1as, j\u00f3venes, familias del Casal dels Infants del Raval se juntaron con participantes de otras entidades la tarde del 24 de noviembre en la rambla del Raval para protestar colectivamente contra las condiciones en las cuales se encuentra el barrio y proponer estrategias y actividades conjuntas de mejora, con el objetivo de recuperar [&hellip;]<\/p>\n","protected":false},"author":1,"featured_media":10300,"comment_status":"open","ping_status":"open","sticky":false,"template":"","format":"standard","meta":{"_acf_changed":false,"_et_pb_use_builder":"","_et_pb_old_content":"","_et_gb_content_width":"","inline_featured_image":false,"footnotes":""},"categories":[125],"tags":[],"seus":[157],"eixos":[99],"class_list":["post-10454","post","type-post","status-publish","format-standard","has-post-thumbnail","hentry","category-noticias","seus-el-raval","eixos-infancia-y-adolescencia"],"acf":[],"yoast_head":"<!-- This site is optimized with the Yoast SEO plugin v27.4 - https:\/\/yoast.com\/product\/yoast-seo-wordpress\/ -->\n<title>M\u00e1s limpieza y m\u00e1s pistas p\u00fablicas: ni\u00f1os, ni\u00f1as, adolescentes y familias dicen basta y reclaman espacios seguros y limpios en el barrio del Raval<\/title>\n<meta name=\"description\" content=\"nfants, joves, fam\u00edlies del Casal dels Infants del Raval van ajuntar-se amb participants d\u2019altres entitats, la tarda del 24 de novembre a la rambla del Raval, per protestar col\u00b7lectivament contra les condicions en les quals es troba el barri i proposar estrat\u00e8gies i activitats conjuntes de millora.\" \/>\n<meta name=\"robots\" content=\"index, follow, max-snippet:-1, max-image-preview:large, max-video-preview:-1\" \/>\n<link rel=\"canonical\" href=\"https:\/\/www.casaldelsinfants.org\/es\/actualidad\/mas-limpieza-y-mas-pistas-publicas-ninos-ninas-adolescentes-y-familias-dicen-basta-y\/\" \/>\n<meta property=\"og:locale\" content=\"es_ES\" \/>\n<meta property=\"og:type\" content=\"article\" \/>\n<meta property=\"og:title\" content=\"M\u00e1s limpieza y m\u00e1s pistas p\u00fablicas: ni\u00f1os, ni\u00f1as, adolescentes y familias dicen basta y reclaman espacios seguros y limpios en el barrio del Raval\" \/>\n<meta property=\"og:description\" content=\"nfants, joves, fam\u00edlies del Casal dels Infants del Raval van ajuntar-se amb participants d\u2019altres entitats, la tarda del 24 de novembre a la rambla del Raval, per protestar col\u00b7lectivament contra les condicions en les quals es troba el barri i proposar estrat\u00e8gies i activitats conjuntes de millora.\" \/>\n<meta property=\"og:url\" content=\"https:\/\/www.casaldelsinfants.org\/es\/actualidad\/mas-limpieza-y-mas-pistas-publicas-ninos-ninas-adolescentes-y-familias-dicen-basta-y\/\" \/>\n<meta property=\"og:site_name\" content=\"Casal dels Infants\" \/>\n<meta property=\"article:publisher\" content=\"https:\/\/www.facebook.com\/casalinfants\" \/>\n<meta property=\"article:published_time\" content=\"2022-11-28T12:05:37+00:00\" \/>\n<meta property=\"article:modified_time\" content=\"2023-11-22T16:16:45+00:00\" \/>\n<meta property=\"og:image\" content=\"https:\/\/www.casaldelsinfants.org\/wp-content\/uploads\/dsc08542-scaled-1.webp\" \/>\n\t<meta property=\"og:image:width\" content=\"2560\" \/>\n\t<meta property=\"og:image:height\" content=\"2317\" \/>\n\t<meta property=\"og:image:type\" content=\"image\/jpeg\" \/>\n<meta name=\"author\" content=\"cdiAdmin\" \/>\n<meta name=\"twitter:card\" content=\"summary_large_image\" \/>\n<meta name=\"twitter:creator\" content=\"@casalinfants\" \/>\n<meta name=\"twitter:site\" content=\"@casalinfants\" \/>\n<meta name=\"twitter:label1\" content=\"Escrito por\" \/>\n\t<meta name=\"twitter:data1\" content=\"cdiAdmin\" \/>\n\t<meta name=\"twitter:label2\" content=\"Tiempo de lectura\" \/>\n\t<meta name=\"twitter:data2\" content=\"5 minutos\" \/>\n<script type=\"application\/ld+json\" class=\"yoast-schema-graph\">{\"@context\":\"https:\\\/\\\/schema.org\",\"@graph\":[{\"@type\":\"Article\",\"@id\":\"https:\\\/\\\/www.casaldelsinfants.org\\\/es\\\/actualidad\\\/mas-limpieza-y-mas-pistas-publicas-ninos-ninas-adolescentes-y-familias-dicen-basta-y\\\/#article\",\"isPartOf\":{\"@id\":\"https:\\\/\\\/www.casaldelsinfants.org\\\/es\\\/actualidad\\\/mas-limpieza-y-mas-pistas-publicas-ninos-ninas-adolescentes-y-familias-dicen-basta-y\\\/\"},\"author\":{\"name\":\"cdiAdmin\",\"@id\":\"https:\\\/\\\/www.casaldelsinfants.org\\\/es\\\/#\\\/schema\\\/person\\\/97707fc8c64900cf36891127dbf9fba8\"},\"headline\":\"M\u00e1s limpieza y m\u00e1s pistas p\u00fablicas: ni\u00f1os, ni\u00f1as, adolescentes y familias dicen basta y reclaman espacios seguros y limpios en el barrio del Raval\",\"datePublished\":\"2022-11-28T12:05:37+00:00\",\"dateModified\":\"2023-11-22T16:16:45+00:00\",\"mainEntityOfPage\":{\"@id\":\"https:\\\/\\\/www.casaldelsinfants.org\\\/es\\\/actualidad\\\/mas-limpieza-y-mas-pistas-publicas-ninos-ninas-adolescentes-y-familias-dicen-basta-y\\\/\"},\"wordCount\":827,\"commentCount\":0,\"publisher\":{\"@id\":\"https:\\\/\\\/www.casaldelsinfants.org\\\/es\\\/#organization\"},\"image\":{\"@id\":\"https:\\\/\\\/www.casaldelsinfants.org\\\/es\\\/actualidad\\\/mas-limpieza-y-mas-pistas-publicas-ninos-ninas-adolescentes-y-familias-dicen-basta-y\\\/#primaryimage\"},\"thumbnailUrl\":\"https:\\\/\\\/www.casaldelsinfants.org\\\/wp-content\\\/uploads\\\/dsc08542-scaled-1.webp\",\"articleSection\":[\"Noticia\"],\"inLanguage\":\"es\",\"potentialAction\":[{\"@type\":\"CommentAction\",\"name\":\"Comment\",\"target\":[\"https:\\\/\\\/www.casaldelsinfants.org\\\/es\\\/actualidad\\\/mas-limpieza-y-mas-pistas-publicas-ninos-ninas-adolescentes-y-familias-dicen-basta-y\\\/#respond\"]}]},{\"@type\":\"WebPage\",\"@id\":\"https:\\\/\\\/www.casaldelsinfants.org\\\/es\\\/actualidad\\\/mas-limpieza-y-mas-pistas-publicas-ninos-ninas-adolescentes-y-familias-dicen-basta-y\\\/\",\"url\":\"https:\\\/\\\/www.casaldelsinfants.org\\\/es\\\/actualidad\\\/mas-limpieza-y-mas-pistas-publicas-ninos-ninas-adolescentes-y-familias-dicen-basta-y\\\/\",\"name\":\"M\u00e1s limpieza y m\u00e1s pistas p\u00fablicas: ni\u00f1os, ni\u00f1as, adolescentes y familias dicen basta y reclaman espacios seguros y limpios en el barrio del Raval\",\"isPartOf\":{\"@id\":\"https:\\\/\\\/www.casaldelsinfants.org\\\/es\\\/#website\"},\"primaryImageOfPage\":{\"@id\":\"https:\\\/\\\/www.casaldelsinfants.org\\\/es\\\/actualidad\\\/mas-limpieza-y-mas-pistas-publicas-ninos-ninas-adolescentes-y-familias-dicen-basta-y\\\/#primaryimage\"},\"image\":{\"@id\":\"https:\\\/\\\/www.casaldelsinfants.org\\\/es\\\/actualidad\\\/mas-limpieza-y-mas-pistas-publicas-ninos-ninas-adolescentes-y-familias-dicen-basta-y\\\/#primaryimage\"},\"thumbnailUrl\":\"https:\\\/\\\/www.casaldelsinfants.org\\\/wp-content\\\/uploads\\\/dsc08542-scaled-1.webp\",\"datePublished\":\"2022-11-28T12:05:37+00:00\",\"dateModified\":\"2023-11-22T16:16:45+00:00\",\"description\":\"nfants, joves, fam\u00edlies del Casal dels Infants del Raval van ajuntar-se amb participants d\u2019altres entitats, la tarda del 24 de novembre a la rambla del Raval, per protestar col\u00b7lectivament contra les condicions en les quals es troba el barri i proposar estrat\u00e8gies i activitats conjuntes de millora.\",\"breadcrumb\":{\"@id\":\"https:\\\/\\\/www.casaldelsinfants.org\\\/es\\\/actualidad\\\/mas-limpieza-y-mas-pistas-publicas-ninos-ninas-adolescentes-y-familias-dicen-basta-y\\\/#breadcrumb\"},\"inLanguage\":\"es\",\"potentialAction\":[{\"@type\":\"ReadAction\",\"target\":[\"https:\\\/\\\/www.casaldelsinfants.org\\\/es\\\/actualidad\\\/mas-limpieza-y-mas-pistas-publicas-ninos-ninas-adolescentes-y-familias-dicen-basta-y\\\/\"]}]},{\"@type\":\"ImageObject\",\"inLanguage\":\"es\",\"@id\":\"https:\\\/\\\/www.casaldelsinfants.org\\\/es\\\/actualidad\\\/mas-limpieza-y-mas-pistas-publicas-ninos-ninas-adolescentes-y-familias-dicen-basta-y\\\/#primaryimage\",\"url\":\"https:\\\/\\\/www.casaldelsinfants.org\\\/wp-content\\\/uploads\\\/dsc08542-scaled-1.webp\",\"contentUrl\":\"https:\\\/\\\/www.casaldelsinfants.org\\\/wp-content\\\/uploads\\\/dsc08542-scaled-1.webp\",\"width\":2560,\"height\":2317,\"caption\":\"Cartell a una protesta, \\\"volem respecte per tothom\\\".\"},{\"@type\":\"BreadcrumbList\",\"@id\":\"https:\\\/\\\/www.casaldelsinfants.org\\\/es\\\/actualidad\\\/mas-limpieza-y-mas-pistas-publicas-ninos-ninas-adolescentes-y-familias-dicen-basta-y\\\/#breadcrumb\",\"itemListElement\":[{\"@type\":\"ListItem\",\"position\":1,\"name\":\"Inici\",\"item\":\"https:\\\/\\\/www.casaldelsinfants.org\\\/es\\\/\"},{\"@type\":\"ListItem\",\"position\":2,\"name\":\"M\u00e1s limpieza y m\u00e1s pistas p\u00fablicas: ni\u00f1os, ni\u00f1as, adolescentes y familias dicen basta y reclaman espacios seguros y limpios en el barrio del Raval\"}]},{\"@type\":\"WebSite\",\"@id\":\"https:\\\/\\\/www.casaldelsinfants.org\\\/es\\\/#website\",\"url\":\"https:\\\/\\\/www.casaldelsinfants.org\\\/es\\\/\",\"name\":\"Casal dels Infants\",\"description\":\"\",\"publisher\":{\"@id\":\"https:\\\/\\\/www.casaldelsinfants.org\\\/es\\\/#organization\"},\"potentialAction\":[{\"@type\":\"SearchAction\",\"target\":{\"@type\":\"EntryPoint\",\"urlTemplate\":\"https:\\\/\\\/www.casaldelsinfants.org\\\/es\\\/?s={search_term_string}\"},\"query-input\":{\"@type\":\"PropertyValueSpecification\",\"valueRequired\":true,\"valueName\":\"search_term_string\"}}],\"inLanguage\":\"es\"},{\"@type\":\"Organization\",\"@id\":\"https:\\\/\\\/www.casaldelsinfants.org\\\/es\\\/#organization\",\"name\":\"Casal dels Infants\",\"url\":\"https:\\\/\\\/www.casaldelsinfants.org\\\/es\\\/\",\"logo\":{\"@type\":\"ImageObject\",\"inLanguage\":\"es\",\"@id\":\"https:\\\/\\\/www.casaldelsinfants.org\\\/es\\\/#\\\/schema\\\/logo\\\/image\\\/\",\"url\":\"https:\\\/\\\/www.casaldelsinfants.org\\\/wp-content\\\/uploads\\\/logo-mail.png\",\"contentUrl\":\"https:\\\/\\\/www.casaldelsinfants.org\\\/wp-content\\\/uploads\\\/logo-mail.png\",\"width\":380,\"height\":158,\"caption\":\"Casal dels Infants\"},\"image\":{\"@id\":\"https:\\\/\\\/www.casaldelsinfants.org\\\/es\\\/#\\\/schema\\\/logo\\\/image\\\/\"},\"sameAs\":[\"https:\\\/\\\/www.facebook.com\\\/casalinfants\",\"https:\\\/\\\/x.com\\\/casalinfants\",\"https:\\\/\\\/www.youtube.com\\\/user\\\/CasaldelsInfants1\",\"https:\\\/\\\/www.instagram.com\\\/casalinfants\\\/\",\"https:\\\/\\\/www.linkedin.com\\\/company\\\/casaldelsinfants?trk=organization-update_share-update_actor-text\"]},{\"@type\":\"Person\",\"@id\":\"https:\\\/\\\/www.casaldelsinfants.org\\\/es\\\/#\\\/schema\\\/person\\\/97707fc8c64900cf36891127dbf9fba8\",\"name\":\"cdiAdmin\",\"sameAs\":[\"https:\\\/\\\/casaldelsinfants.org\"]}]}<\/script>\n<!-- \/ Yoast SEO plugin. -->","yoast_head_json":{"title":"M\u00e1s limpieza y m\u00e1s pistas p\u00fablicas: ni\u00f1os, ni\u00f1as, adolescentes y familias dicen basta y reclaman espacios seguros y limpios en el barrio del Raval","description":"nfants, joves, fam\u00edlies del Casal dels Infants del Raval van ajuntar-se amb participants d\u2019altres entitats, la tarda del 24 de novembre a la rambla del Raval, per protestar col\u00b7lectivament contra les condicions en les quals es troba el barri i proposar estrat\u00e8gies i activitats conjuntes de millora.","robots":{"index":"index","follow":"follow","max-snippet":"max-snippet:-1","max-image-preview":"max-image-preview:large","max-video-preview":"max-video-preview:-1"},"canonical":"https:\/\/www.casaldelsinfants.org\/es\/actualidad\/mas-limpieza-y-mas-pistas-publicas-ninos-ninas-adolescentes-y-familias-dicen-basta-y\/","og_locale":"es_ES","og_type":"article","og_title":"M\u00e1s limpieza y m\u00e1s pistas p\u00fablicas: ni\u00f1os, ni\u00f1as, adolescentes y familias dicen basta y reclaman espacios seguros y limpios en el barrio del Raval","og_description":"nfants, joves, fam\u00edlies del Casal dels Infants del Raval van ajuntar-se amb participants d\u2019altres entitats, la tarda del 24 de novembre a la rambla del Raval, per protestar col\u00b7lectivament contra les condicions en les quals es troba el barri i proposar estrat\u00e8gies i activitats conjuntes de millora.","og_url":"https:\/\/www.casaldelsinfants.org\/es\/actualidad\/mas-limpieza-y-mas-pistas-publicas-ninos-ninas-adolescentes-y-familias-dicen-basta-y\/","og_site_name":"Casal dels Infants","article_publisher":"https:\/\/www.facebook.com\/casalinfants","article_published_time":"2022-11-28T12:05:37+00:00","article_modified_time":"2023-11-22T16:16:45+00:00","og_image":[{"width":2560,"height":2317,"url":"https:\/\/www.casaldelsinfants.org\/wp-content\/uploads\/dsc08542-scaled-1.webp","type":"image\/jpeg"}],"author":"cdiAdmin","twitter_card":"summary_large_image","twitter_creator":"@casalinfants","twitter_site":"@casalinfants","twitter_misc":{"Escrito por":"cdiAdmin","Tiempo de lectura":"5 minutos"},"schema":{"@context":"https:\/\/schema.org","@graph":[{"@type":"Article","@id":"https:\/\/www.casaldelsinfants.org\/es\/actualidad\/mas-limpieza-y-mas-pistas-publicas-ninos-ninas-adolescentes-y-familias-dicen-basta-y\/#article","isPartOf":{"@id":"https:\/\/www.casaldelsinfants.org\/es\/actualidad\/mas-limpieza-y-mas-pistas-publicas-ninos-ninas-adolescentes-y-familias-dicen-basta-y\/"},"author":{"name":"cdiAdmin","@id":"https:\/\/www.casaldelsinfants.org\/es\/#\/schema\/person\/97707fc8c64900cf36891127dbf9fba8"},"headline":"M\u00e1s limpieza y m\u00e1s pistas p\u00fablicas: ni\u00f1os, ni\u00f1as, adolescentes y familias dicen basta y reclaman espacios seguros y limpios en el barrio del Raval","datePublished":"2022-11-28T12:05:37+00:00","dateModified":"2023-11-22T16:16:45+00:00","mainEntityOfPage":{"@id":"https:\/\/www.casaldelsinfants.org\/es\/actualidad\/mas-limpieza-y-mas-pistas-publicas-ninos-ninas-adolescentes-y-familias-dicen-basta-y\/"},"wordCount":827,"commentCount":0,"publisher":{"@id":"https:\/\/www.casaldelsinfants.org\/es\/#organization"},"image":{"@id":"https:\/\/www.casaldelsinfants.org\/es\/actualidad\/mas-limpieza-y-mas-pistas-publicas-ninos-ninas-adolescentes-y-familias-dicen-basta-y\/#primaryimage"},"thumbnailUrl":"https:\/\/www.casaldelsinfants.org\/wp-content\/uploads\/dsc08542-scaled-1.webp","articleSection":["Noticia"],"inLanguage":"es","potentialAction":[{"@type":"CommentAction","name":"Comment","target":["https:\/\/www.casaldelsinfants.org\/es\/actualidad\/mas-limpieza-y-mas-pistas-publicas-ninos-ninas-adolescentes-y-familias-dicen-basta-y\/#respond"]}]},{"@type":"WebPage","@id":"https:\/\/www.casaldelsinfants.org\/es\/actualidad\/mas-limpieza-y-mas-pistas-publicas-ninos-ninas-adolescentes-y-familias-dicen-basta-y\/","url":"https:\/\/www.casaldelsinfants.org\/es\/actualidad\/mas-limpieza-y-mas-pistas-publicas-ninos-ninas-adolescentes-y-familias-dicen-basta-y\/","name":"M\u00e1s limpieza y m\u00e1s pistas p\u00fablicas: ni\u00f1os, ni\u00f1as, adolescentes y familias dicen basta y reclaman espacios seguros y limpios en el barrio del Raval","isPartOf":{"@id":"https:\/\/www.casaldelsinfants.org\/es\/#website"},"primaryImageOfPage":{"@id":"https:\/\/www.casaldelsinfants.org\/es\/actualidad\/mas-limpieza-y-mas-pistas-publicas-ninos-ninas-adolescentes-y-familias-dicen-basta-y\/#primaryimage"},"image":{"@id":"https:\/\/www.casaldelsinfants.org\/es\/actualidad\/mas-limpieza-y-mas-pistas-publicas-ninos-ninas-adolescentes-y-familias-dicen-basta-y\/#primaryimage"},"thumbnailUrl":"https:\/\/www.casaldelsinfants.org\/wp-content\/uploads\/dsc08542-scaled-1.webp","datePublished":"2022-11-28T12:05:37+00:00","dateModified":"2023-11-22T16:16:45+00:00","description":"nfants, joves, fam\u00edlies del Casal dels Infants del Raval van ajuntar-se amb participants d\u2019altres entitats, la tarda del 24 de novembre a la rambla del Raval, per protestar col\u00b7lectivament contra les condicions en les quals es troba el barri i proposar estrat\u00e8gies i activitats conjuntes de millora.","breadcrumb":{"@id":"https:\/\/www.casaldelsinfants.org\/es\/actualidad\/mas-limpieza-y-mas-pistas-publicas-ninos-ninas-adolescentes-y-familias-dicen-basta-y\/#breadcrumb"},"inLanguage":"es","potentialAction":[{"@type":"ReadAction","target":["https:\/\/www.casaldelsinfants.org\/es\/actualidad\/mas-limpieza-y-mas-pistas-publicas-ninos-ninas-adolescentes-y-familias-dicen-basta-y\/"]}]},{"@type":"ImageObject","inLanguage":"es","@id":"https:\/\/www.casaldelsinfants.org\/es\/actualidad\/mas-limpieza-y-mas-pistas-publicas-ninos-ninas-adolescentes-y-familias-dicen-basta-y\/#primaryimage","url":"https:\/\/www.casaldelsinfants.org\/wp-content\/uploads\/dsc08542-scaled-1.webp","contentUrl":"https:\/\/www.casaldelsinfants.org\/wp-content\/uploads\/dsc08542-scaled-1.webp","width":2560,"height":2317,"caption":"Cartell a una protesta, \"volem respecte per tothom\"."},{"@type":"BreadcrumbList","@id":"https:\/\/www.casaldelsinfants.org\/es\/actualidad\/mas-limpieza-y-mas-pistas-publicas-ninos-ninas-adolescentes-y-familias-dicen-basta-y\/#breadcrumb","itemListElement":[{"@type":"ListItem","position":1,"name":"Inici","item":"https:\/\/www.casaldelsinfants.org\/es\/"},{"@type":"ListItem","position":2,"name":"M\u00e1s limpieza y m\u00e1s pistas p\u00fablicas: ni\u00f1os, ni\u00f1as, adolescentes y familias dicen basta y reclaman espacios seguros y limpios en el barrio del Raval"}]},{"@type":"WebSite","@id":"https:\/\/www.casaldelsinfants.org\/es\/#website","url":"https:\/\/www.casaldelsinfants.org\/es\/","name":"Casal dels Infants","description":"","publisher":{"@id":"https:\/\/www.casaldelsinfants.org\/es\/#organization"},"potentialAction":[{"@type":"SearchAction","target":{"@type":"EntryPoint","urlTemplate":"https:\/\/www.casaldelsinfants.org\/es\/?s={search_term_string}"},"query-input":{"@type":"PropertyValueSpecification","valueRequired":true,"valueName":"search_term_string"}}],"inLanguage":"es"},{"@type":"Organization","@id":"https:\/\/www.casaldelsinfants.org\/es\/#organization","name":"Casal dels Infants","url":"https:\/\/www.casaldelsinfants.org\/es\/","logo":{"@type":"ImageObject","inLanguage":"es","@id":"https:\/\/www.casaldelsinfants.org\/es\/#\/schema\/logo\/image\/","url":"https:\/\/www.casaldelsinfants.org\/wp-content\/uploads\/logo-mail.png","contentUrl":"https:\/\/www.casaldelsinfants.org\/wp-content\/uploads\/logo-mail.png","width":380,"height":158,"caption":"Casal dels Infants"},"image":{"@id":"https:\/\/www.casaldelsinfants.org\/es\/#\/schema\/logo\/image\/"},"sameAs":["https:\/\/www.facebook.com\/casalinfants","https:\/\/x.com\/casalinfants","https:\/\/www.youtube.com\/user\/CasaldelsInfants1","https:\/\/www.instagram.com\/casalinfants\/","https:\/\/www.linkedin.com\/company\/casaldelsinfants?trk=organization-update_share-update_actor-text"]},{"@type":"Person","@id":"https:\/\/www.casaldelsinfants.org\/es\/#\/schema\/person\/97707fc8c64900cf36891127dbf9fba8","name":"cdiAdmin","sameAs":["https:\/\/casaldelsinfants.org"]}]}},"publishpress_future_action":{"enabled":false,"date":"2026-05-07 20:10:05","action":"change-status","newStatus":"draft","terms":[],"taxonomy":"category","extraData":[]},"publishpress_future_workflow_manual_trigger":{"enabledWorkflows":[]},"_links":{"self":[{"href":"https:\/\/www.casaldelsinfants.org\/es\/wp-json\/wp\/v2\/posts\/10454","targetHints":{"allow":["GET"]}}],"collection":[{"href":"https:\/\/www.casaldelsinfants.org\/es\/wp-json\/wp\/v2\/posts"}],"about":[{"href":"https:\/\/www.casaldelsinfants.org\/es\/wp-json\/wp\/v2\/types\/post"}],"author":[{"embeddable":true,"href":"https:\/\/www.casaldelsinfants.org\/es\/wp-json\/wp\/v2\/users\/1"}],"replies":[{"embeddable":true,"href":"https:\/\/www.casaldelsinfants.org\/es\/wp-json\/wp\/v2\/comments?post=10454"}],"version-history":[{"count":4,"href":"https:\/\/www.casaldelsinfants.org\/es\/wp-json\/wp\/v2\/posts\/10454\/revisions"}],"predecessor-version":[{"id":15366,"href":"https:\/\/www.casaldelsinfants.org\/es\/wp-json\/wp\/v2\/posts\/10454\/revisions\/15366"}],"wp:featuredmedia":[{"embeddable":true,"href":"https:\/\/www.casaldelsinfants.org\/es\/wp-json\/wp\/v2\/media\/10300"}],"wp:attachment":[{"href":"https:\/\/www.casaldelsinfants.org\/es\/wp-json\/wp\/v2\/media?parent=10454"}],"wp:term":[{"taxonomy":"category","embeddable":true,"href":"https:\/\/www.casaldelsinfants.org\/es\/wp-json\/wp\/v2\/categories?post=10454"},{"taxonomy":"post_tag","embeddable":true,"href":"https:\/\/www.casaldelsinfants.org\/es\/wp-json\/wp\/v2\/tags?post=10454"},{"taxonomy":"seus","embeddable":true,"href":"https:\/\/www.casaldelsinfants.org\/es\/wp-json\/wp\/v2\/seus?post=10454"},{"taxonomy":"eixos","embeddable":true,"href":"https:\/\/www.casaldelsinfants.org\/es\/wp-json\/wp\/v2\/eixos?post=10454"}],"curies":[{"name":"wp","href":"https:\/\/api.w.org\/{rel}","templated":true}]}}