{"id":10461,"date":"2022-11-17T15:59:36","date_gmt":"2022-11-17T13:59:36","guid":{"rendered":"https:\/\/casal.puntzero.cat\/20n-continuamos-trabajando-por-la-defensa-de-los-derechos-de-los-ninos-y-ninas-y-sus\/"},"modified":"2023-11-06T14:51:55","modified_gmt":"2023-11-06T12:51:55","slug":"20n-continuamos-trabajando-por-la-defensa-de-los-derechos-de-los-ninos-y-ninas-y-sus","status":"publish","type":"post","link":"https:\/\/www.casaldelsinfants.org\/es\/actualidad\/20n-continuamos-trabajando-por-la-defensa-de-los-derechos-de-los-ninos-y-ninas-y-sus\/","title":{"rendered":"20N: continuamos trabajando por la defensa de los derechos de los ni\u00f1os y ni\u00f1as y sus familias"},"content":{"rendered":"<p><span style=\"display: none;\">\u00a0<\/span><span style=\"color: #000000;\">Diariamente, en el Casal dels Infants <strong>trabajamos por defender y reivindicar los derechos de los ni\u00f1os y ni\u00f1as y adolescentes, que recordamos especialmente esta semana con el D\u00eda Universal de la Infancia<\/strong>, que se celebra este domingo 20 de noviembre. El mismo d\u00eda de 1989, la Asamblea General de las Naciones Unidas aprob\u00f3 la Convenci\u00f3n sobre los Derechos de los ni\u00f1os y ni\u00f1as. Un a\u00f1o despu\u00e9s, la Convenci\u00f3n se convirti\u00f3 en ley y fue firmada y ratificada por 20 pa\u00edses, entre los cuales estaba Espa\u00f1a. Hoy en d\u00eda, seg\u00fan Unicef, la Convenci\u00f3n ha sido aceptada por todos los pa\u00edses menos uno: Estados Unidos.\u00a0<\/span><\/p>\n<p>&nbsp;<\/p>\n<p dir=\"ltr\"><span style=\"color: #000000;\">Las legislaciones catalana y espa\u00f1ola tienen integrado buena parte del contenido de la Convenci\u00f3n, pero, a\u00fan as\u00ed, muchos ni\u00f1os, ni\u00f1as y adolescentes de nuestra casa contin\u00faan sufriendo m\u00faltiples vulneraciones a sus derechos, como disfrutar de una educaci\u00f3n en igualdad de condiciones o tener un nivel de vida adecuada para el desarrollo f\u00edsico, mental y social.\u00a0<\/span><\/p>\n<p dir=\"ltr\"><span style=\"color: #000000;\">Actualmente, <strong>en Catalu\u00f1a casi medio mill\u00f3n de ni\u00f1os y ni\u00f1as se encuentran en riesgo de pobreza o exclusi\u00f3n social<\/strong>, seg\u00fan datos de la Encuesta de Condiciones de Vida. La evoluci\u00f3n de los datos demuestra que no hablamos solo de golpes de la crisis de la pandemia, si no que sufrimos una cronificaci\u00f3n de la vulnerabilidad social entre los ni\u00f1os y ni\u00f1as. Adem\u00e1s, la privaci\u00f3n material severa en la infancia ha crecido: en los \u00faltimos dos a\u00f1os, esta ha afectado al 10% de los ni\u00f1os y ni\u00f1as menores de 16 a\u00f1os, una proporci\u00f3n que solo se super\u00f3 el 2015 (11,1%). En educaci\u00f3n, los resultados del informe PISA evidencian diferencias en las competencias entre los ni\u00f1os y ni\u00f1as en funci\u00f3n de su clase social.\u00a0<\/span><\/p>\n<p dir=\"ltr\"><span style=\"color: #000000;\">El 20N es un d\u00eda reivindicativo, para recordar que estos derechos existen para todos los ni\u00f1os y ni\u00f1as y que los tenemos que hacer cumplir. Este a\u00f1o volvemos a celebrar el D\u00eda Universal de la Infancia en los diferentes barrios y centros socioeducativos donde act\u00faa el Casal, <strong>para que ni\u00f1os, ni\u00f1as, adolescentes y j\u00f3venes aprendan sobre sus derechos y la importancia de defenderlos<\/strong>.\u00a0<\/span><\/p>\n<p dir=\"ltr\"><span style=\"color: #000000;\">En el barrio del<strong> Raval<\/strong>, en Barcelona, los m\u00e1s peque\u00f1os y peque\u00f1as del Centro Abierto Infantil (COI) ejercer\u00e1n el derecho a decidir con una votaci\u00f3n real sobre la ludoteca. Tambi\u00e9n trabajar\u00e1n el derecho a la viviendo con manualidades y el derecho a la alimentaci\u00f3n con un peque\u00f1o taller de cocina. Los m\u00e1s grandes y adolescentes del Centro Abierto Adolescente \/COA) han investigado entre noticias de actualidad para detectar derechos vulnerados en la infancia, y elaboran un mural sobre los derechos que ellos y ellas perciben que tienen garantizados y los que no. Tambi\u00e9n, la Escoleta de Cinema vino a grabar un corto con los chicos y chicas, a quienes entrevistaron hablando y reflexionando sobre los derechos de los ni\u00f1os, ni\u00f1as y adolescentes. Paralelamente, ni\u00f1os, ni\u00f1as y adolescentes se est\u00e1n preparando y organizando para <u><a href=\"https:\/\/www.casaldelsinfants.org\/es\/que-puedes-hacer-tu\/haz-un-donativo\/\" target=\"_blank\" rel=\"noopener\">\u00a1Decimos basta!: 1\u00aa Sentada para la recuperaci\u00f3n y cuidado del barrio.<\/a><\/u><\/span><\/p>\n<p><img decoding=\"async\" class=\"align-center\" src=\"\/wp-content\/uploads\/inline-images\/WhatsApp%20Image%202022-11-17%20at%2011.23.35.jpeg\" alt=\"Tres nois darrere una c\u00e0mera amb tr\u00edpode graven els seus companys.\" width=\"360\" height=\"480\" data-entity-type=\"file\" data-entity-uuid=\"b2003d08-e772-4a58-93e0-a49aa1b9e13c\" data-image-style=\"large\" \/><\/p>\n<p dir=\"ltr\"><span style=\"color: #000000;\">En <strong>Badalona<\/strong>, en el Consejo de ni\u00f1os y ni\u00f1as de Badalona, donde el Casal es representado por el grupo de Grans de COI Llefi\u00e0, ni\u00f1os y ni\u00f1as decidieron elaborar un mural sobre los derechos de los ni\u00f1os y ni\u00f1as para conmemorar el d\u00eda. Una muestra de todos los murales se exhibir\u00e1 estos d\u00edas en el centro comercial M\u00e0gic Badalona. Adem\u00e1s, el domingo 20 de noviembre, ni\u00f1os y ni\u00f1as y adolescentes del Centro Abierto disfrutaran de La Fiesta de los Derechos de los Ni\u00f1os y Ni\u00f1as de Badalona con sus familias.\u00a0<\/span><\/p>\n<p><img decoding=\"async\" class=\"align-center\" src=\"\/wp-content\/uploads\/inline-images\/WhatsApp%20Image%202022-11-17%20at%2012.51.54.jpeg\" alt=\"Nens i nenes miren els murals sobre els drets de la inf\u00e0ncia.\" width=\"480\" height=\"360\" data-entity-type=\"file\" data-entity-uuid=\"7c577806-9e22-4a41-acbd-3e1058984fe0\" data-image-style=\"large\" \/><\/p>\n<p dir=\"ltr\"><span style=\"color: #000000;\">En <strong>Santa Coloma<\/strong>, las familias del espacio maternoinfantil Vincles profundizar\u00e1 en cuales son los derechos de la infancia y de qu\u00e9 manera se puede favorecer el desarrollo de los ni\u00f1os y ni\u00f1as en la etapa de 0 a los 3 a\u00f1os. Los espacios socioeducativos y el Centro Abierto unir\u00e1n reflexi\u00f3n y arte, pintando esos derechos que mas les gusten. Y continuaran la tarea elaborando un m\u00f3vil con diferentes dibujos representando el derecho a jugar, a la participaci\u00f3n, a pertenecer a un grupo, a la alimentaci\u00f3n, a la salud y al amor. El mi\u00e9rcoles organizar\u00e1n una gincana con cinco actividades diferentes, una para cada derecho trabajado.\u00a0<\/span><\/p>\n<p dir=\"ltr\"><span style=\"color: #000000;\">En <strong>Bes\u00f2s-La Mina<\/strong>, madres, padres y ni\u00f1os y ni\u00f1as del Fem Familia participar\u00e1n el 21 de noviembre en la actividad comunitaria organizada por los Proyectos Educativos Barrio la Mina (PEB Mina). Haciendo un recorrido por el barrio, ni\u00f1os, ni\u00f1as y familias\u00a0 deber\u00e1n identificar qu\u00e9 emoci\u00f3n sienten cuando pasan por diferentes calles y espacios del barrio, como los parques o la zona del CAP. Estas reflexiones se pondr\u00e1n en com\u00fan y se relacionar\u00e1n con los derechos de los ni\u00f1os y ni\u00f1as, como el derecho a jugar o el derecho a la salud.\u00a0<\/span><\/p>\n<p dir=\"ltr\"><span style=\"color: #000000;\">En <strong>Salt<\/strong>, los ni\u00f1os, ni\u00f1as y familias participan de una actividad colaborativa que se expondr\u00e1 el 13 de diciembre. Los y las participantes de Vincles, COI y el Casal Familiar est\u00e1n trabajando en la construcci\u00f3n de casitas de cart\u00f3n, para representar el derecho a la vivienda. Los chicos y chicas de RAI-ESO y COA est\u00e1n elaborando las decoraciones de estas casitas con todo tipo de manualidades. Con estas decoraciones, pues, cada casita representar\u00e1 un derecho de la infancia.\u00a0<\/span><\/p>\n<blockquote><p><strong>Haz posible que sigamos acompa\u00f1ando a ni\u00f1os, ni\u00f1as, j\u00f3venes y familias en situaci\u00f3n de vulnerabilidad.\u00a0\u00a0<\/strong><\/p>\n<p>Haz\u00a0<strong>voluntariado<\/strong>. Inf\u00f3rmate\u00a0<a href=\"https:\/\/www.casaldelsinfants.org\/es\/que-puedes-hacer-tu\/voluntariado\/\" target=\"_blank\" rel=\"noopener\"><u>aqu\u00ed<\/u><\/a>.<\/p>\n<p>Haz un\u00a0<strong>donativo<\/strong>\u00a0<a href=\"https:\/\/www.casaldelsinfants.org\/es\/dona-ahora\/\" target=\"_blank\" rel=\"noopener\"><u>aqu\u00ed<\/u><\/a>.<\/p><\/blockquote>\n","protected":false},"excerpt":{"rendered":"<p>\u00a0Diariamente, en el Casal dels Infants trabajamos por defender y reivindicar los derechos de los ni\u00f1os y ni\u00f1as y adolescentes, que recordamos especialmente esta semana con el D\u00eda Universal de la Infancia, que se celebra este domingo 20 de noviembre. El mismo d\u00eda de 1989, la Asamblea General de las Naciones Unidas aprob\u00f3 la Convenci\u00f3n [&hellip;]<\/p>\n","protected":false},"author":1,"featured_media":10310,"comment_status":"open","ping_status":"open","sticky":false,"template":"","format":"standard","meta":{"_acf_changed":false,"_et_pb_use_builder":"","_et_pb_old_content":"","_et_gb_content_width":"","inline_featured_image":false,"footnotes":""},"categories":[125],"tags":[],"seus":[],"eixos":[99],"class_list":["post-10461","post","type-post","status-publish","format-standard","has-post-thumbnail","hentry","category-noticias","eixos-infancia-y-adolescencia"],"acf":[],"yoast_head":"<!-- This site is optimized with the Yoast SEO plugin v27.4 - https:\/\/yoast.com\/product\/yoast-seo-wordpress\/ -->\n<title>20N: continuamos trabajando por la defensa de los derechos de los ni\u00f1os y ni\u00f1as y sus familias - Casal dels Infants<\/title>\n<meta name=\"robots\" content=\"index, follow, max-snippet:-1, max-image-preview:large, max-video-preview:-1\" \/>\n<link rel=\"canonical\" href=\"https:\/\/www.casaldelsinfants.org\/es\/actualidad\/20n-continuamos-trabajando-por-la-defensa-de-los-derechos-de-los-ninos-y-ninas-y-sus\/\" \/>\n<meta property=\"og:locale\" content=\"es_ES\" \/>\n<meta property=\"og:type\" content=\"article\" \/>\n<meta property=\"og:title\" content=\"20N: continuamos trabajando por la defensa de los derechos de los ni\u00f1os y ni\u00f1as y sus familias - Casal dels Infants\" \/>\n<meta property=\"og:description\" content=\"\u00a0Diariamente, en el Casal dels Infants trabajamos por defender y reivindicar los derechos de los ni\u00f1os y ni\u00f1as y adolescentes, que recordamos especialmente esta semana con el D\u00eda Universal de la Infancia, que se celebra este domingo 20 de noviembre. El mismo d\u00eda de 1989, la Asamblea General de las Naciones Unidas aprob\u00f3 la Convenci\u00f3n [&hellip;]\" \/>\n<meta property=\"og:url\" content=\"https:\/\/www.casaldelsinfants.org\/es\/actualidad\/20n-continuamos-trabajando-por-la-defensa-de-los-derechos-de-los-ninos-y-ninas-y-sus\/\" \/>\n<meta property=\"og:site_name\" content=\"Casal dels Infants\" \/>\n<meta property=\"article:publisher\" content=\"https:\/\/www.facebook.com\/casalinfants\" \/>\n<meta property=\"article:published_time\" content=\"2022-11-17T13:59:36+00:00\" \/>\n<meta property=\"article:modified_time\" content=\"2023-11-06T12:51:55+00:00\" \/>\n<meta property=\"og:image\" content=\"https:\/\/www.casaldelsinfants.org\/wp-content\/uploads\/whatsapp_image_2022-11-17_at_11.23.30_1-2.webp\" \/>\n\t<meta property=\"og:image:width\" content=\"2048\" \/>\n\t<meta property=\"og:image:height\" content=\"1536\" \/>\n\t<meta property=\"og:image:type\" content=\"image\/jpeg\" \/>\n<meta name=\"author\" content=\"cdiAdmin\" \/>\n<meta name=\"twitter:card\" content=\"summary_large_image\" \/>\n<meta name=\"twitter:creator\" content=\"@casalinfants\" \/>\n<meta name=\"twitter:site\" content=\"@casalinfants\" \/>\n<meta name=\"twitter:label1\" content=\"Escrito por\" \/>\n\t<meta name=\"twitter:data1\" content=\"cdiAdmin\" \/>\n\t<meta name=\"twitter:label2\" content=\"Tiempo de lectura\" \/>\n\t<meta name=\"twitter:data2\" content=\"6 minutos\" \/>\n<script type=\"application\/ld+json\" class=\"yoast-schema-graph\">{\"@context\":\"https:\\\/\\\/schema.org\",\"@graph\":[{\"@type\":\"Article\",\"@id\":\"https:\\\/\\\/www.casaldelsinfants.org\\\/es\\\/actualidad\\\/20n-continuamos-trabajando-por-la-defensa-de-los-derechos-de-los-ninos-y-ninas-y-sus\\\/#article\",\"isPartOf\":{\"@id\":\"https:\\\/\\\/www.casaldelsinfants.org\\\/es\\\/actualidad\\\/20n-continuamos-trabajando-por-la-defensa-de-los-derechos-de-los-ninos-y-ninas-y-sus\\\/\"},\"author\":{\"name\":\"cdiAdmin\",\"@id\":\"https:\\\/\\\/www.casaldelsinfants.org\\\/es\\\/#\\\/schema\\\/person\\\/97707fc8c64900cf36891127dbf9fba8\"},\"headline\":\"20N: continuamos trabajando por la defensa de los derechos de los ni\u00f1os y ni\u00f1as y sus familias\",\"datePublished\":\"2022-11-17T13:59:36+00:00\",\"dateModified\":\"2023-11-06T12:51:55+00:00\",\"mainEntityOfPage\":{\"@id\":\"https:\\\/\\\/www.casaldelsinfants.org\\\/es\\\/actualidad\\\/20n-continuamos-trabajando-por-la-defensa-de-los-derechos-de-los-ninos-y-ninas-y-sus\\\/\"},\"wordCount\":1002,\"commentCount\":0,\"publisher\":{\"@id\":\"https:\\\/\\\/www.casaldelsinfants.org\\\/es\\\/#organization\"},\"image\":{\"@id\":\"https:\\\/\\\/www.casaldelsinfants.org\\\/es\\\/actualidad\\\/20n-continuamos-trabajando-por-la-defensa-de-los-derechos-de-los-ninos-y-ninas-y-sus\\\/#primaryimage\"},\"thumbnailUrl\":\"https:\\\/\\\/www.casaldelsinfants.org\\\/wp-content\\\/uploads\\\/whatsapp_image_2022-11-17_at_11.23.30_1-2.webp\",\"articleSection\":[\"Noticia\"],\"inLanguage\":\"es\",\"potentialAction\":[{\"@type\":\"CommentAction\",\"name\":\"Comment\",\"target\":[\"https:\\\/\\\/www.casaldelsinfants.org\\\/es\\\/actualidad\\\/20n-continuamos-trabajando-por-la-defensa-de-los-derechos-de-los-ninos-y-ninas-y-sus\\\/#respond\"]}]},{\"@type\":\"WebPage\",\"@id\":\"https:\\\/\\\/www.casaldelsinfants.org\\\/es\\\/actualidad\\\/20n-continuamos-trabajando-por-la-defensa-de-los-derechos-de-los-ninos-y-ninas-y-sus\\\/\",\"url\":\"https:\\\/\\\/www.casaldelsinfants.org\\\/es\\\/actualidad\\\/20n-continuamos-trabajando-por-la-defensa-de-los-derechos-de-los-ninos-y-ninas-y-sus\\\/\",\"name\":\"20N: continuamos trabajando por la defensa de los derechos de los ni\u00f1os y ni\u00f1as y sus familias - Casal dels Infants\",\"isPartOf\":{\"@id\":\"https:\\\/\\\/www.casaldelsinfants.org\\\/es\\\/#website\"},\"primaryImageOfPage\":{\"@id\":\"https:\\\/\\\/www.casaldelsinfants.org\\\/es\\\/actualidad\\\/20n-continuamos-trabajando-por-la-defensa-de-los-derechos-de-los-ninos-y-ninas-y-sus\\\/#primaryimage\"},\"image\":{\"@id\":\"https:\\\/\\\/www.casaldelsinfants.org\\\/es\\\/actualidad\\\/20n-continuamos-trabajando-por-la-defensa-de-los-derechos-de-los-ninos-y-ninas-y-sus\\\/#primaryimage\"},\"thumbnailUrl\":\"https:\\\/\\\/www.casaldelsinfants.org\\\/wp-content\\\/uploads\\\/whatsapp_image_2022-11-17_at_11.23.30_1-2.webp\",\"datePublished\":\"2022-11-17T13:59:36+00:00\",\"dateModified\":\"2023-11-06T12:51:55+00:00\",\"breadcrumb\":{\"@id\":\"https:\\\/\\\/www.casaldelsinfants.org\\\/es\\\/actualidad\\\/20n-continuamos-trabajando-por-la-defensa-de-los-derechos-de-los-ninos-y-ninas-y-sus\\\/#breadcrumb\"},\"inLanguage\":\"es\",\"potentialAction\":[{\"@type\":\"ReadAction\",\"target\":[\"https:\\\/\\\/www.casaldelsinfants.org\\\/es\\\/actualidad\\\/20n-continuamos-trabajando-por-la-defensa-de-los-derechos-de-los-ninos-y-ninas-y-sus\\\/\"]}]},{\"@type\":\"ImageObject\",\"inLanguage\":\"es\",\"@id\":\"https:\\\/\\\/www.casaldelsinfants.org\\\/es\\\/actualidad\\\/20n-continuamos-trabajando-por-la-defensa-de-los-derechos-de-los-ninos-y-ninas-y-sus\\\/#primaryimage\",\"url\":\"https:\\\/\\\/www.casaldelsinfants.org\\\/wp-content\\\/uploads\\\/whatsapp_image_2022-11-17_at_11.23.30_1-2.webp\",\"contentUrl\":\"https:\\\/\\\/www.casaldelsinfants.org\\\/wp-content\\\/uploads\\\/whatsapp_image_2022-11-17_at_11.23.30_1-2.webp\",\"width\":2048,\"height\":1536,\"caption\":\"20N: continuem treballant per la defensa dels drets dels infants i les seves fam\u00edlies\"},{\"@type\":\"BreadcrumbList\",\"@id\":\"https:\\\/\\\/www.casaldelsinfants.org\\\/es\\\/actualidad\\\/20n-continuamos-trabajando-por-la-defensa-de-los-derechos-de-los-ninos-y-ninas-y-sus\\\/#breadcrumb\",\"itemListElement\":[{\"@type\":\"ListItem\",\"position\":1,\"name\":\"Inici\",\"item\":\"https:\\\/\\\/www.casaldelsinfants.org\\\/es\\\/\"},{\"@type\":\"ListItem\",\"position\":2,\"name\":\"20N: continuamos trabajando por la defensa de los derechos de los ni\u00f1os y ni\u00f1as y sus familias\"}]},{\"@type\":\"WebSite\",\"@id\":\"https:\\\/\\\/www.casaldelsinfants.org\\\/es\\\/#website\",\"url\":\"https:\\\/\\\/www.casaldelsinfants.org\\\/es\\\/\",\"name\":\"Casal dels Infants\",\"description\":\"\",\"publisher\":{\"@id\":\"https:\\\/\\\/www.casaldelsinfants.org\\\/es\\\/#organization\"},\"potentialAction\":[{\"@type\":\"SearchAction\",\"target\":{\"@type\":\"EntryPoint\",\"urlTemplate\":\"https:\\\/\\\/www.casaldelsinfants.org\\\/es\\\/?s={search_term_string}\"},\"query-input\":{\"@type\":\"PropertyValueSpecification\",\"valueRequired\":true,\"valueName\":\"search_term_string\"}}],\"inLanguage\":\"es\"},{\"@type\":\"Organization\",\"@id\":\"https:\\\/\\\/www.casaldelsinfants.org\\\/es\\\/#organization\",\"name\":\"Casal dels Infants\",\"url\":\"https:\\\/\\\/www.casaldelsinfants.org\\\/es\\\/\",\"logo\":{\"@type\":\"ImageObject\",\"inLanguage\":\"es\",\"@id\":\"https:\\\/\\\/www.casaldelsinfants.org\\\/es\\\/#\\\/schema\\\/logo\\\/image\\\/\",\"url\":\"https:\\\/\\\/www.casaldelsinfants.org\\\/wp-content\\\/uploads\\\/logo-mail.png\",\"contentUrl\":\"https:\\\/\\\/www.casaldelsinfants.org\\\/wp-content\\\/uploads\\\/logo-mail.png\",\"width\":380,\"height\":158,\"caption\":\"Casal dels Infants\"},\"image\":{\"@id\":\"https:\\\/\\\/www.casaldelsinfants.org\\\/es\\\/#\\\/schema\\\/logo\\\/image\\\/\"},\"sameAs\":[\"https:\\\/\\\/www.facebook.com\\\/casalinfants\",\"https:\\\/\\\/x.com\\\/casalinfants\",\"https:\\\/\\\/www.youtube.com\\\/user\\\/CasaldelsInfants1\",\"https:\\\/\\\/www.instagram.com\\\/casalinfants\\\/\",\"https:\\\/\\\/www.linkedin.com\\\/company\\\/casaldelsinfants?trk=organization-update_share-update_actor-text\"]},{\"@type\":\"Person\",\"@id\":\"https:\\\/\\\/www.casaldelsinfants.org\\\/es\\\/#\\\/schema\\\/person\\\/97707fc8c64900cf36891127dbf9fba8\",\"name\":\"cdiAdmin\",\"sameAs\":[\"https:\\\/\\\/casaldelsinfants.org\"]}]}<\/script>\n<!-- \/ Yoast SEO plugin. -->","yoast_head_json":{"title":"20N: continuamos trabajando por la defensa de los derechos de los ni\u00f1os y ni\u00f1as y sus familias - Casal dels Infants","robots":{"index":"index","follow":"follow","max-snippet":"max-snippet:-1","max-image-preview":"max-image-preview:large","max-video-preview":"max-video-preview:-1"},"canonical":"https:\/\/www.casaldelsinfants.org\/es\/actualidad\/20n-continuamos-trabajando-por-la-defensa-de-los-derechos-de-los-ninos-y-ninas-y-sus\/","og_locale":"es_ES","og_type":"article","og_title":"20N: continuamos trabajando por la defensa de los derechos de los ni\u00f1os y ni\u00f1as y sus familias - Casal dels Infants","og_description":"\u00a0Diariamente, en el Casal dels Infants trabajamos por defender y reivindicar los derechos de los ni\u00f1os y ni\u00f1as y adolescentes, que recordamos especialmente esta semana con el D\u00eda Universal de la Infancia, que se celebra este domingo 20 de noviembre. El mismo d\u00eda de 1989, la Asamblea General de las Naciones Unidas aprob\u00f3 la Convenci\u00f3n [&hellip;]","og_url":"https:\/\/www.casaldelsinfants.org\/es\/actualidad\/20n-continuamos-trabajando-por-la-defensa-de-los-derechos-de-los-ninos-y-ninas-y-sus\/","og_site_name":"Casal dels Infants","article_publisher":"https:\/\/www.facebook.com\/casalinfants","article_published_time":"2022-11-17T13:59:36+00:00","article_modified_time":"2023-11-06T12:51:55+00:00","og_image":[{"width":2048,"height":1536,"url":"https:\/\/www.casaldelsinfants.org\/wp-content\/uploads\/whatsapp_image_2022-11-17_at_11.23.30_1-2.webp","type":"image\/jpeg"}],"author":"cdiAdmin","twitter_card":"summary_large_image","twitter_creator":"@casalinfants","twitter_site":"@casalinfants","twitter_misc":{"Escrito por":"cdiAdmin","Tiempo de lectura":"6 minutos"},"schema":{"@context":"https:\/\/schema.org","@graph":[{"@type":"Article","@id":"https:\/\/www.casaldelsinfants.org\/es\/actualidad\/20n-continuamos-trabajando-por-la-defensa-de-los-derechos-de-los-ninos-y-ninas-y-sus\/#article","isPartOf":{"@id":"https:\/\/www.casaldelsinfants.org\/es\/actualidad\/20n-continuamos-trabajando-por-la-defensa-de-los-derechos-de-los-ninos-y-ninas-y-sus\/"},"author":{"name":"cdiAdmin","@id":"https:\/\/www.casaldelsinfants.org\/es\/#\/schema\/person\/97707fc8c64900cf36891127dbf9fba8"},"headline":"20N: continuamos trabajando por la defensa de los derechos de los ni\u00f1os y ni\u00f1as y sus familias","datePublished":"2022-11-17T13:59:36+00:00","dateModified":"2023-11-06T12:51:55+00:00","mainEntityOfPage":{"@id":"https:\/\/www.casaldelsinfants.org\/es\/actualidad\/20n-continuamos-trabajando-por-la-defensa-de-los-derechos-de-los-ninos-y-ninas-y-sus\/"},"wordCount":1002,"commentCount":0,"publisher":{"@id":"https:\/\/www.casaldelsinfants.org\/es\/#organization"},"image":{"@id":"https:\/\/www.casaldelsinfants.org\/es\/actualidad\/20n-continuamos-trabajando-por-la-defensa-de-los-derechos-de-los-ninos-y-ninas-y-sus\/#primaryimage"},"thumbnailUrl":"https:\/\/www.casaldelsinfants.org\/wp-content\/uploads\/whatsapp_image_2022-11-17_at_11.23.30_1-2.webp","articleSection":["Noticia"],"inLanguage":"es","potentialAction":[{"@type":"CommentAction","name":"Comment","target":["https:\/\/www.casaldelsinfants.org\/es\/actualidad\/20n-continuamos-trabajando-por-la-defensa-de-los-derechos-de-los-ninos-y-ninas-y-sus\/#respond"]}]},{"@type":"WebPage","@id":"https:\/\/www.casaldelsinfants.org\/es\/actualidad\/20n-continuamos-trabajando-por-la-defensa-de-los-derechos-de-los-ninos-y-ninas-y-sus\/","url":"https:\/\/www.casaldelsinfants.org\/es\/actualidad\/20n-continuamos-trabajando-por-la-defensa-de-los-derechos-de-los-ninos-y-ninas-y-sus\/","name":"20N: continuamos trabajando por la defensa de los derechos de los ni\u00f1os y ni\u00f1as y sus familias - Casal dels Infants","isPartOf":{"@id":"https:\/\/www.casaldelsinfants.org\/es\/#website"},"primaryImageOfPage":{"@id":"https:\/\/www.casaldelsinfants.org\/es\/actualidad\/20n-continuamos-trabajando-por-la-defensa-de-los-derechos-de-los-ninos-y-ninas-y-sus\/#primaryimage"},"image":{"@id":"https:\/\/www.casaldelsinfants.org\/es\/actualidad\/20n-continuamos-trabajando-por-la-defensa-de-los-derechos-de-los-ninos-y-ninas-y-sus\/#primaryimage"},"thumbnailUrl":"https:\/\/www.casaldelsinfants.org\/wp-content\/uploads\/whatsapp_image_2022-11-17_at_11.23.30_1-2.webp","datePublished":"2022-11-17T13:59:36+00:00","dateModified":"2023-11-06T12:51:55+00:00","breadcrumb":{"@id":"https:\/\/www.casaldelsinfants.org\/es\/actualidad\/20n-continuamos-trabajando-por-la-defensa-de-los-derechos-de-los-ninos-y-ninas-y-sus\/#breadcrumb"},"inLanguage":"es","potentialAction":[{"@type":"ReadAction","target":["https:\/\/www.casaldelsinfants.org\/es\/actualidad\/20n-continuamos-trabajando-por-la-defensa-de-los-derechos-de-los-ninos-y-ninas-y-sus\/"]}]},{"@type":"ImageObject","inLanguage":"es","@id":"https:\/\/www.casaldelsinfants.org\/es\/actualidad\/20n-continuamos-trabajando-por-la-defensa-de-los-derechos-de-los-ninos-y-ninas-y-sus\/#primaryimage","url":"https:\/\/www.casaldelsinfants.org\/wp-content\/uploads\/whatsapp_image_2022-11-17_at_11.23.30_1-2.webp","contentUrl":"https:\/\/www.casaldelsinfants.org\/wp-content\/uploads\/whatsapp_image_2022-11-17_at_11.23.30_1-2.webp","width":2048,"height":1536,"caption":"20N: continuem treballant per la defensa dels drets dels infants i les seves fam\u00edlies"},{"@type":"BreadcrumbList","@id":"https:\/\/www.casaldelsinfants.org\/es\/actualidad\/20n-continuamos-trabajando-por-la-defensa-de-los-derechos-de-los-ninos-y-ninas-y-sus\/#breadcrumb","itemListElement":[{"@type":"ListItem","position":1,"name":"Inici","item":"https:\/\/www.casaldelsinfants.org\/es\/"},{"@type":"ListItem","position":2,"name":"20N: continuamos trabajando por la defensa de los derechos de los ni\u00f1os y ni\u00f1as y sus familias"}]},{"@type":"WebSite","@id":"https:\/\/www.casaldelsinfants.org\/es\/#website","url":"https:\/\/www.casaldelsinfants.org\/es\/","name":"Casal dels Infants","description":"","publisher":{"@id":"https:\/\/www.casaldelsinfants.org\/es\/#organization"},"potentialAction":[{"@type":"SearchAction","target":{"@type":"EntryPoint","urlTemplate":"https:\/\/www.casaldelsinfants.org\/es\/?s={search_term_string}"},"query-input":{"@type":"PropertyValueSpecification","valueRequired":true,"valueName":"search_term_string"}}],"inLanguage":"es"},{"@type":"Organization","@id":"https:\/\/www.casaldelsinfants.org\/es\/#organization","name":"Casal dels Infants","url":"https:\/\/www.casaldelsinfants.org\/es\/","logo":{"@type":"ImageObject","inLanguage":"es","@id":"https:\/\/www.casaldelsinfants.org\/es\/#\/schema\/logo\/image\/","url":"https:\/\/www.casaldelsinfants.org\/wp-content\/uploads\/logo-mail.png","contentUrl":"https:\/\/www.casaldelsinfants.org\/wp-content\/uploads\/logo-mail.png","width":380,"height":158,"caption":"Casal dels Infants"},"image":{"@id":"https:\/\/www.casaldelsinfants.org\/es\/#\/schema\/logo\/image\/"},"sameAs":["https:\/\/www.facebook.com\/casalinfants","https:\/\/x.com\/casalinfants","https:\/\/www.youtube.com\/user\/CasaldelsInfants1","https:\/\/www.instagram.com\/casalinfants\/","https:\/\/www.linkedin.com\/company\/casaldelsinfants?trk=organization-update_share-update_actor-text"]},{"@type":"Person","@id":"https:\/\/www.casaldelsinfants.org\/es\/#\/schema\/person\/97707fc8c64900cf36891127dbf9fba8","name":"cdiAdmin","sameAs":["https:\/\/casaldelsinfants.org"]}]}},"publishpress_future_action":{"enabled":false,"date":"2026-05-08 14:38:43","action":"change-status","newStatus":"draft","terms":[],"taxonomy":"category","extraData":[]},"publishpress_future_workflow_manual_trigger":{"enabledWorkflows":[]},"_links":{"self":[{"href":"https:\/\/www.casaldelsinfants.org\/es\/wp-json\/wp\/v2\/posts\/10461","targetHints":{"allow":["GET"]}}],"collection":[{"href":"https:\/\/www.casaldelsinfants.org\/es\/wp-json\/wp\/v2\/posts"}],"about":[{"href":"https:\/\/www.casaldelsinfants.org\/es\/wp-json\/wp\/v2\/types\/post"}],"author":[{"embeddable":true,"href":"https:\/\/www.casaldelsinfants.org\/es\/wp-json\/wp\/v2\/users\/1"}],"replies":[{"embeddable":true,"href":"https:\/\/www.casaldelsinfants.org\/es\/wp-json\/wp\/v2\/comments?post=10461"}],"version-history":[{"count":3,"href":"https:\/\/www.casaldelsinfants.org\/es\/wp-json\/wp\/v2\/posts\/10461\/revisions"}],"predecessor-version":[{"id":15372,"href":"https:\/\/www.casaldelsinfants.org\/es\/wp-json\/wp\/v2\/posts\/10461\/revisions\/15372"}],"wp:featuredmedia":[{"embeddable":true,"href":"https:\/\/www.casaldelsinfants.org\/es\/wp-json\/wp\/v2\/media\/10310"}],"wp:attachment":[{"href":"https:\/\/www.casaldelsinfants.org\/es\/wp-json\/wp\/v2\/media?parent=10461"}],"wp:term":[{"taxonomy":"category","embeddable":true,"href":"https:\/\/www.casaldelsinfants.org\/es\/wp-json\/wp\/v2\/categories?post=10461"},{"taxonomy":"post_tag","embeddable":true,"href":"https:\/\/www.casaldelsinfants.org\/es\/wp-json\/wp\/v2\/tags?post=10461"},{"taxonomy":"seus","embeddable":true,"href":"https:\/\/www.casaldelsinfants.org\/es\/wp-json\/wp\/v2\/seus?post=10461"},{"taxonomy":"eixos","embeddable":true,"href":"https:\/\/www.casaldelsinfants.org\/es\/wp-json\/wp\/v2\/eixos?post=10461"}],"curies":[{"name":"wp","href":"https:\/\/api.w.org\/{rel}","templated":true}]}}