{"id":10463,"date":"2022-10-27T08:27:58","date_gmt":"2022-10-27T06:27:58","guid":{"rendered":"https:\/\/casal.puntzero.cat\/las-participantes-del-espai-dona-del-raval-se-adentran-al-mar-con-el-institut-de-nautica\/"},"modified":"2023-10-26T12:30:23","modified_gmt":"2023-10-26T10:30:23","slug":"las-participantes-del-espai-dona-del-raval-se-adentran-al-mar-con-el-institut-de-nautica","status":"publish","type":"post","link":"https:\/\/www.casaldelsinfants.org\/es\/actualidad\/participantes-espai-dona-mar\/","title":{"rendered":"Las participantes del Espai Dona del Raval se adentran al mar con el Institut de N\u00e0utica de Barcelona"},"content":{"rendered":"<p>&nbsp;<\/p>\n<p dir=\"ltr\">\n<p dir=\"ltr\"><span style=\"color: #000000;\">Este curso, les dones de l\u2019<strong>Espai Dona del Casal dels Infants del Raval<\/strong> estan preparades per descobrir espacios y participar en actividades nuevas. El primer taller es en colaboraci\u00f3n con el <\/span><u><a href=\"https:\/\/agora.xtec.cat\/ins-nauticabcn\/\" target=\"_blank\" rel=\"noopener\">Institut de N\u00e0utica de Barcelona<\/a><\/u><span style=\"color: #000000;\">, que las lleva cada lunes por la ma\u00f1ana en la playa de la Barceloneta.\u00a0<\/span><\/p>\n<p dir=\"ltr\"><span style=\"color: #000000;\">El objetivo es brindar oportunidades y experiencias diferentes a las mujeres para que puedan desarrollar competencias personales, explica N\u00faria Oliveras, educadora del Casal Familiar. La participaci\u00f3n en las actividades propuestas es totalmente voluntaria, ellas deciden y proponen qu\u00e9 les gustar\u00eda hacer. <strong>Las sesiones se piensan y se consens\u00faan<\/strong> en grupo para crear un espacio de confianza y c\u00f3modo para todas ellas.\u00a0<\/span><\/p>\n<p dir=\"ltr\"><span style=\"color: #000000;\">Uno de los aspectos que las mujeres quer\u00edan trabajar era <strong>el miedo al mar y aprender a nadar<\/strong>. As\u00ed pues, los y las alumnas del Institut de N\u00e0utica de Barcelona han organizado actividades que permiten trabajar <strong>la capacidad de superaci\u00f3n y enfrentarse a nuevos retos<\/strong>. \u201cLos y las alumnas dinamizan actividades en el entorno de playa con las mujeres, para traspasar las barreras del miedo al agua, y barreras culturales para que puedan disfrutar actividades acu\u00e1ticas y vean que no pasa nada\u201d, explica Isaac Cano, responsable del proyecto y corresponsable del M\u00f3dulo de Inclusi\u00f3n Social.\u00a0<\/span><\/p>\n<p dir=\"ltr\"><span style=\"color: #000000;\">Los y las amunas, que est\u00e1n haciendo el segundo curso del Grado Superior de Ense\u00f1amiento y Animaci\u00f3n Sociodeportiva orientado a la playa, se han dividido en cuatro grupos para evaluar las actividades, dinamizarlas, dar apoyo y participar conjuntamente con las mujeres.<\/span><\/p>\n<p><img decoding=\"async\" class=\"align-center\" src=\"\/wp-content\/uploads\/inline-images\/IMG-20221024-WA0021.jpg\" alt=\"Dones sentades damunt d'una king paddle al mar, vora de la platja. \" width=\"480\" height=\"360\" data-entity-type=\"file\" data-entity-uuid=\"a156a837-2c1e-4989-951c-450352fe716c\" data-image-style=\"large\" \/><\/p>\n<p dir=\"ltr\"><span style=\"color: #000000;\">\u00a0<\/span><\/p>\n<p dir=\"ltr\">\n<p dir=\"ltr\"><span style=\"color: #000000;\">El taller tendr\u00e1 <strong>4 sesiones<\/strong>, que se llevan a cabo cada lunes de 11 a 13h, y que empez\u00f3 el 17 de octubre y terminar\u00e1 el 14 de noviembre. En la primera sesi\u00f3n, las mujeres participaron en diferentes din\u00e1micas y juegos de conocimiento, para conocer los y las alumnas, y en actividades cooperativas. En la segunda sesi\u00f3n, las introdujeron al skate-surf y consiguieron que casi todas las mujeres entrasen en el agua, sobre una tabla llamada king paddle, donde caben 8 personas.\u00a0<\/span><\/p>\n<p dir=\"ltr\"><span style=\"color: #000000;\">Para la tercera sesi\u00f3n, las mujeres aprovechar\u00e1n que tienen un poco de pr\u00e1ctica en el surf-skate para profundizar en ello, se iniciaran en el paddle surf, e intentar\u00e1n que todas suban a la king paddle, con las piernas fuera para imitar movimientos de nataci\u00f3n. En la cuarta y \u00faltima, el grupo se dividir\u00e1 en dos para hacer paddle surf y kayak.\u00a0<\/span><\/p>\n<p dir=\"ltr\"><span style=\"color: #000000;\">Tanto N\u00faria como Isaac destacan la buena actitud y ganas de aprender de las mujeres. \u201c<strong>Todas han participado al m\u00e1ximo<\/strong>. Tienen una buena relaci\u00f3n con los y las alumnas, escuchan y preguntan, y si no entienden algo nos lo hacen saber\u201d, explica Isaac Cano.\u00a0<\/span><\/p>\n<p dir=\"ltr\"><span style=\"color: #000000;\">El <strong>Espai Dona<\/strong> del Casal dels Infants del Raval tiene el objetivo de ofrecer un espacio seguro para las mujeres del barrio, donde puedan crear red entre ellas y desarrollar las competencias personales a trav\u00e9s de experiencias nuevas.\u00a0<\/span><\/p>\n<blockquote><p><strong>Haz posible que continuemos acompa\u00f1ando y apoyando a ni\u00f1os, ni\u00f1as, j\u00f3venes y familias en situaci\u00f3n de vulnerabilidad.\u00a0<\/strong><\/p>\n<p>Haz\u00a0<strong>voluntariado<\/strong>. Inf\u00f3rmate\u00a0<a href=\"https:\/\/www.casaldelsinfants.org\/que-pots-fer-tu\/voluntariat\/\" target=\"_blank\" rel=\"noopener\"><u>aqu\u00ed<\/u><\/a>.<\/p>\n<p>Haz un\u00a0<strong>donativo<\/strong>\u00a0<a href=\"https:\/\/www.casaldelsinfants.org\/es\/dona-ahora\/\" target=\"_blank\" rel=\"noopener\"><u>aqu\u00ed<\/u><\/a>.<\/p><\/blockquote>\n","protected":false},"excerpt":{"rendered":"<p>&nbsp; Este curso, les dones de l\u2019Espai Dona del Casal dels Infants del Raval estan preparades per descobrir espacios y participar en actividades nuevas. El primer taller es en colaboraci\u00f3n con el Institut de N\u00e0utica de Barcelona, que las lleva cada lunes por la ma\u00f1ana en la playa de la Barceloneta.\u00a0 El objetivo es brindar [&hellip;]<\/p>\n","protected":false},"author":1,"featured_media":10314,"comment_status":"open","ping_status":"open","sticky":false,"template":"","format":"standard","meta":{"_acf_changed":false,"_et_pb_use_builder":"","_et_pb_old_content":"","_et_gb_content_width":"","inline_featured_image":false,"footnotes":""},"categories":[125],"tags":[],"seus":[157],"eixos":[107],"class_list":["post-10463","post","type-post","status-publish","format-standard","has-post-thumbnail","hentry","category-noticias","seus-el-raval","eixos-pequena-infancia"],"acf":[],"yoast_head":"<!-- This site is optimized with the Yoast SEO plugin v27.4 - https:\/\/yoast.com\/product\/yoast-seo-wordpress\/ -->\n<title>Las participantes del Espai Dona del Raval se adentran al mar con el Institut de N\u00e0utica de Barcelona - Casal dels Infants<\/title>\n<meta name=\"robots\" content=\"index, follow, max-snippet:-1, max-image-preview:large, max-video-preview:-1\" \/>\n<link rel=\"canonical\" href=\"https:\/\/www.casaldelsinfants.org\/es\/actualidad\/participantes-espai-dona-mar\/\" \/>\n<meta property=\"og:locale\" content=\"es_ES\" \/>\n<meta property=\"og:type\" content=\"article\" \/>\n<meta property=\"og:title\" content=\"Las participantes del Espai Dona del Raval se adentran al mar con el Institut de N\u00e0utica de Barcelona - Casal dels Infants\" \/>\n<meta property=\"og:description\" content=\"&nbsp; Este curso, les dones de l\u2019Espai Dona del Casal dels Infants del Raval estan preparades per descobrir espacios y participar en actividades nuevas. El primer taller es en colaboraci\u00f3n con el Institut de N\u00e0utica de Barcelona, que las lleva cada lunes por la ma\u00f1ana en la playa de la Barceloneta.\u00a0 El objetivo es brindar [&hellip;]\" \/>\n<meta property=\"og:url\" content=\"https:\/\/www.casaldelsinfants.org\/es\/actualidad\/participantes-espai-dona-mar\/\" \/>\n<meta property=\"og:site_name\" content=\"Casal dels Infants\" \/>\n<meta property=\"article:publisher\" content=\"https:\/\/www.facebook.com\/casalinfants\" \/>\n<meta property=\"article:published_time\" content=\"2022-10-27T06:27:58+00:00\" \/>\n<meta property=\"article:modified_time\" content=\"2023-10-26T10:30:23+00:00\" \/>\n<meta property=\"og:image\" content=\"https:\/\/www.casaldelsinfants.org\/wp-content\/uploads\/img_20221024_112610-scaled-1.webp\" \/>\n\t<meta property=\"og:image:width\" content=\"2560\" \/>\n\t<meta property=\"og:image:height\" content=\"1920\" \/>\n\t<meta property=\"og:image:type\" content=\"image\/jpeg\" \/>\n<meta name=\"author\" content=\"cdiAdmin\" \/>\n<meta name=\"twitter:card\" content=\"summary_large_image\" \/>\n<meta name=\"twitter:creator\" content=\"@casalinfants\" \/>\n<meta name=\"twitter:site\" content=\"@casalinfants\" \/>\n<meta name=\"twitter:label1\" content=\"Escrito por\" \/>\n\t<meta name=\"twitter:data1\" content=\"cdiAdmin\" \/>\n\t<meta name=\"twitter:label2\" content=\"Tiempo de lectura\" \/>\n\t<meta name=\"twitter:data2\" content=\"3 minutos\" \/>\n<script type=\"application\/ld+json\" class=\"yoast-schema-graph\">{\"@context\":\"https:\\\/\\\/schema.org\",\"@graph\":[{\"@type\":\"Article\",\"@id\":\"https:\\\/\\\/www.casaldelsinfants.org\\\/es\\\/actualidad\\\/participantes-espai-dona-mar\\\/#article\",\"isPartOf\":{\"@id\":\"https:\\\/\\\/www.casaldelsinfants.org\\\/es\\\/actualidad\\\/participantes-espai-dona-mar\\\/\"},\"author\":{\"name\":\"cdiAdmin\",\"@id\":\"https:\\\/\\\/www.casaldelsinfants.org\\\/es\\\/#\\\/schema\\\/person\\\/97707fc8c64900cf36891127dbf9fba8\"},\"headline\":\"Las participantes del Espai Dona del Raval se adentran al mar con el Institut de N\u00e0utica de Barcelona\",\"datePublished\":\"2022-10-27T06:27:58+00:00\",\"dateModified\":\"2023-10-26T10:30:23+00:00\",\"mainEntityOfPage\":{\"@id\":\"https:\\\/\\\/www.casaldelsinfants.org\\\/es\\\/actualidad\\\/participantes-espai-dona-mar\\\/\"},\"wordCount\":548,\"commentCount\":0,\"publisher\":{\"@id\":\"https:\\\/\\\/www.casaldelsinfants.org\\\/es\\\/#organization\"},\"image\":{\"@id\":\"https:\\\/\\\/www.casaldelsinfants.org\\\/es\\\/actualidad\\\/participantes-espai-dona-mar\\\/#primaryimage\"},\"thumbnailUrl\":\"https:\\\/\\\/www.casaldelsinfants.org\\\/wp-content\\\/uploads\\\/img_20221024_112610-scaled-1.webp\",\"articleSection\":[\"Noticia\"],\"inLanguage\":\"es\",\"potentialAction\":[{\"@type\":\"CommentAction\",\"name\":\"Comment\",\"target\":[\"https:\\\/\\\/www.casaldelsinfants.org\\\/es\\\/actualidad\\\/participantes-espai-dona-mar\\\/#respond\"]}]},{\"@type\":\"WebPage\",\"@id\":\"https:\\\/\\\/www.casaldelsinfants.org\\\/es\\\/actualidad\\\/participantes-espai-dona-mar\\\/\",\"url\":\"https:\\\/\\\/www.casaldelsinfants.org\\\/es\\\/actualidad\\\/participantes-espai-dona-mar\\\/\",\"name\":\"Las participantes del Espai Dona del Raval se adentran al mar con el Institut de N\u00e0utica de Barcelona - Casal dels Infants\",\"isPartOf\":{\"@id\":\"https:\\\/\\\/www.casaldelsinfants.org\\\/es\\\/#website\"},\"primaryImageOfPage\":{\"@id\":\"https:\\\/\\\/www.casaldelsinfants.org\\\/es\\\/actualidad\\\/participantes-espai-dona-mar\\\/#primaryimage\"},\"image\":{\"@id\":\"https:\\\/\\\/www.casaldelsinfants.org\\\/es\\\/actualidad\\\/participantes-espai-dona-mar\\\/#primaryimage\"},\"thumbnailUrl\":\"https:\\\/\\\/www.casaldelsinfants.org\\\/wp-content\\\/uploads\\\/img_20221024_112610-scaled-1.webp\",\"datePublished\":\"2022-10-27T06:27:58+00:00\",\"dateModified\":\"2023-10-26T10:30:23+00:00\",\"breadcrumb\":{\"@id\":\"https:\\\/\\\/www.casaldelsinfants.org\\\/es\\\/actualidad\\\/participantes-espai-dona-mar\\\/#breadcrumb\"},\"inLanguage\":\"es\",\"potentialAction\":[{\"@type\":\"ReadAction\",\"target\":[\"https:\\\/\\\/www.casaldelsinfants.org\\\/es\\\/actualidad\\\/participantes-espai-dona-mar\\\/\"]}]},{\"@type\":\"ImageObject\",\"inLanguage\":\"es\",\"@id\":\"https:\\\/\\\/www.casaldelsinfants.org\\\/es\\\/actualidad\\\/participantes-espai-dona-mar\\\/#primaryimage\",\"url\":\"https:\\\/\\\/www.casaldelsinfants.org\\\/wp-content\\\/uploads\\\/img_20221024_112610-scaled-1.webp\",\"contentUrl\":\"https:\\\/\\\/www.casaldelsinfants.org\\\/wp-content\\\/uploads\\\/img_20221024_112610-scaled-1.webp\",\"width\":2560,\"height\":1920,\"caption\":\"Les participants de l'espai Dona del Raval amb longboards a la passeig mar\u00edtim de Barcelona\"},{\"@type\":\"BreadcrumbList\",\"@id\":\"https:\\\/\\\/www.casaldelsinfants.org\\\/es\\\/actualidad\\\/participantes-espai-dona-mar\\\/#breadcrumb\",\"itemListElement\":[{\"@type\":\"ListItem\",\"position\":1,\"name\":\"Inici\",\"item\":\"https:\\\/\\\/www.casaldelsinfants.org\\\/es\\\/\"},{\"@type\":\"ListItem\",\"position\":2,\"name\":\"Las participantes del Espai Dona del Raval se adentran al mar con el Institut de N\u00e0utica de Barcelona\"}]},{\"@type\":\"WebSite\",\"@id\":\"https:\\\/\\\/www.casaldelsinfants.org\\\/es\\\/#website\",\"url\":\"https:\\\/\\\/www.casaldelsinfants.org\\\/es\\\/\",\"name\":\"Casal dels Infants\",\"description\":\"\",\"publisher\":{\"@id\":\"https:\\\/\\\/www.casaldelsinfants.org\\\/es\\\/#organization\"},\"potentialAction\":[{\"@type\":\"SearchAction\",\"target\":{\"@type\":\"EntryPoint\",\"urlTemplate\":\"https:\\\/\\\/www.casaldelsinfants.org\\\/es\\\/?s={search_term_string}\"},\"query-input\":{\"@type\":\"PropertyValueSpecification\",\"valueRequired\":true,\"valueName\":\"search_term_string\"}}],\"inLanguage\":\"es\"},{\"@type\":\"Organization\",\"@id\":\"https:\\\/\\\/www.casaldelsinfants.org\\\/es\\\/#organization\",\"name\":\"Casal dels Infants\",\"url\":\"https:\\\/\\\/www.casaldelsinfants.org\\\/es\\\/\",\"logo\":{\"@type\":\"ImageObject\",\"inLanguage\":\"es\",\"@id\":\"https:\\\/\\\/www.casaldelsinfants.org\\\/es\\\/#\\\/schema\\\/logo\\\/image\\\/\",\"url\":\"https:\\\/\\\/www.casaldelsinfants.org\\\/wp-content\\\/uploads\\\/logo-mail.png\",\"contentUrl\":\"https:\\\/\\\/www.casaldelsinfants.org\\\/wp-content\\\/uploads\\\/logo-mail.png\",\"width\":380,\"height\":158,\"caption\":\"Casal dels Infants\"},\"image\":{\"@id\":\"https:\\\/\\\/www.casaldelsinfants.org\\\/es\\\/#\\\/schema\\\/logo\\\/image\\\/\"},\"sameAs\":[\"https:\\\/\\\/www.facebook.com\\\/casalinfants\",\"https:\\\/\\\/x.com\\\/casalinfants\",\"https:\\\/\\\/www.youtube.com\\\/user\\\/CasaldelsInfants1\",\"https:\\\/\\\/www.instagram.com\\\/casalinfants\\\/\",\"https:\\\/\\\/www.linkedin.com\\\/company\\\/casaldelsinfants?trk=organization-update_share-update_actor-text\"]},{\"@type\":\"Person\",\"@id\":\"https:\\\/\\\/www.casaldelsinfants.org\\\/es\\\/#\\\/schema\\\/person\\\/97707fc8c64900cf36891127dbf9fba8\",\"name\":\"cdiAdmin\",\"sameAs\":[\"https:\\\/\\\/casaldelsinfants.org\"]}]}<\/script>\n<!-- \/ Yoast SEO plugin. -->","yoast_head_json":{"title":"Las participantes del Espai Dona del Raval se adentran al mar con el Institut de N\u00e0utica de Barcelona - Casal dels Infants","robots":{"index":"index","follow":"follow","max-snippet":"max-snippet:-1","max-image-preview":"max-image-preview:large","max-video-preview":"max-video-preview:-1"},"canonical":"https:\/\/www.casaldelsinfants.org\/es\/actualidad\/participantes-espai-dona-mar\/","og_locale":"es_ES","og_type":"article","og_title":"Las participantes del Espai Dona del Raval se adentran al mar con el Institut de N\u00e0utica de Barcelona - Casal dels Infants","og_description":"&nbsp; Este curso, les dones de l\u2019Espai Dona del Casal dels Infants del Raval estan preparades per descobrir espacios y participar en actividades nuevas. El primer taller es en colaboraci\u00f3n con el Institut de N\u00e0utica de Barcelona, que las lleva cada lunes por la ma\u00f1ana en la playa de la Barceloneta.\u00a0 El objetivo es brindar [&hellip;]","og_url":"https:\/\/www.casaldelsinfants.org\/es\/actualidad\/participantes-espai-dona-mar\/","og_site_name":"Casal dels Infants","article_publisher":"https:\/\/www.facebook.com\/casalinfants","article_published_time":"2022-10-27T06:27:58+00:00","article_modified_time":"2023-10-26T10:30:23+00:00","og_image":[{"width":2560,"height":1920,"url":"https:\/\/www.casaldelsinfants.org\/wp-content\/uploads\/img_20221024_112610-scaled-1.webp","type":"image\/jpeg"}],"author":"cdiAdmin","twitter_card":"summary_large_image","twitter_creator":"@casalinfants","twitter_site":"@casalinfants","twitter_misc":{"Escrito por":"cdiAdmin","Tiempo de lectura":"3 minutos"},"schema":{"@context":"https:\/\/schema.org","@graph":[{"@type":"Article","@id":"https:\/\/www.casaldelsinfants.org\/es\/actualidad\/participantes-espai-dona-mar\/#article","isPartOf":{"@id":"https:\/\/www.casaldelsinfants.org\/es\/actualidad\/participantes-espai-dona-mar\/"},"author":{"name":"cdiAdmin","@id":"https:\/\/www.casaldelsinfants.org\/es\/#\/schema\/person\/97707fc8c64900cf36891127dbf9fba8"},"headline":"Las participantes del Espai Dona del Raval se adentran al mar con el Institut de N\u00e0utica de Barcelona","datePublished":"2022-10-27T06:27:58+00:00","dateModified":"2023-10-26T10:30:23+00:00","mainEntityOfPage":{"@id":"https:\/\/www.casaldelsinfants.org\/es\/actualidad\/participantes-espai-dona-mar\/"},"wordCount":548,"commentCount":0,"publisher":{"@id":"https:\/\/www.casaldelsinfants.org\/es\/#organization"},"image":{"@id":"https:\/\/www.casaldelsinfants.org\/es\/actualidad\/participantes-espai-dona-mar\/#primaryimage"},"thumbnailUrl":"https:\/\/www.casaldelsinfants.org\/wp-content\/uploads\/img_20221024_112610-scaled-1.webp","articleSection":["Noticia"],"inLanguage":"es","potentialAction":[{"@type":"CommentAction","name":"Comment","target":["https:\/\/www.casaldelsinfants.org\/es\/actualidad\/participantes-espai-dona-mar\/#respond"]}]},{"@type":"WebPage","@id":"https:\/\/www.casaldelsinfants.org\/es\/actualidad\/participantes-espai-dona-mar\/","url":"https:\/\/www.casaldelsinfants.org\/es\/actualidad\/participantes-espai-dona-mar\/","name":"Las participantes del Espai Dona del Raval se adentran al mar con el Institut de N\u00e0utica de Barcelona - Casal dels Infants","isPartOf":{"@id":"https:\/\/www.casaldelsinfants.org\/es\/#website"},"primaryImageOfPage":{"@id":"https:\/\/www.casaldelsinfants.org\/es\/actualidad\/participantes-espai-dona-mar\/#primaryimage"},"image":{"@id":"https:\/\/www.casaldelsinfants.org\/es\/actualidad\/participantes-espai-dona-mar\/#primaryimage"},"thumbnailUrl":"https:\/\/www.casaldelsinfants.org\/wp-content\/uploads\/img_20221024_112610-scaled-1.webp","datePublished":"2022-10-27T06:27:58+00:00","dateModified":"2023-10-26T10:30:23+00:00","breadcrumb":{"@id":"https:\/\/www.casaldelsinfants.org\/es\/actualidad\/participantes-espai-dona-mar\/#breadcrumb"},"inLanguage":"es","potentialAction":[{"@type":"ReadAction","target":["https:\/\/www.casaldelsinfants.org\/es\/actualidad\/participantes-espai-dona-mar\/"]}]},{"@type":"ImageObject","inLanguage":"es","@id":"https:\/\/www.casaldelsinfants.org\/es\/actualidad\/participantes-espai-dona-mar\/#primaryimage","url":"https:\/\/www.casaldelsinfants.org\/wp-content\/uploads\/img_20221024_112610-scaled-1.webp","contentUrl":"https:\/\/www.casaldelsinfants.org\/wp-content\/uploads\/img_20221024_112610-scaled-1.webp","width":2560,"height":1920,"caption":"Les participants de l'espai Dona del Raval amb longboards a la passeig mar\u00edtim de Barcelona"},{"@type":"BreadcrumbList","@id":"https:\/\/www.casaldelsinfants.org\/es\/actualidad\/participantes-espai-dona-mar\/#breadcrumb","itemListElement":[{"@type":"ListItem","position":1,"name":"Inici","item":"https:\/\/www.casaldelsinfants.org\/es\/"},{"@type":"ListItem","position":2,"name":"Las participantes del Espai Dona del Raval se adentran al mar con el Institut de N\u00e0utica de Barcelona"}]},{"@type":"WebSite","@id":"https:\/\/www.casaldelsinfants.org\/es\/#website","url":"https:\/\/www.casaldelsinfants.org\/es\/","name":"Casal dels Infants","description":"","publisher":{"@id":"https:\/\/www.casaldelsinfants.org\/es\/#organization"},"potentialAction":[{"@type":"SearchAction","target":{"@type":"EntryPoint","urlTemplate":"https:\/\/www.casaldelsinfants.org\/es\/?s={search_term_string}"},"query-input":{"@type":"PropertyValueSpecification","valueRequired":true,"valueName":"search_term_string"}}],"inLanguage":"es"},{"@type":"Organization","@id":"https:\/\/www.casaldelsinfants.org\/es\/#organization","name":"Casal dels Infants","url":"https:\/\/www.casaldelsinfants.org\/es\/","logo":{"@type":"ImageObject","inLanguage":"es","@id":"https:\/\/www.casaldelsinfants.org\/es\/#\/schema\/logo\/image\/","url":"https:\/\/www.casaldelsinfants.org\/wp-content\/uploads\/logo-mail.png","contentUrl":"https:\/\/www.casaldelsinfants.org\/wp-content\/uploads\/logo-mail.png","width":380,"height":158,"caption":"Casal dels Infants"},"image":{"@id":"https:\/\/www.casaldelsinfants.org\/es\/#\/schema\/logo\/image\/"},"sameAs":["https:\/\/www.facebook.com\/casalinfants","https:\/\/x.com\/casalinfants","https:\/\/www.youtube.com\/user\/CasaldelsInfants1","https:\/\/www.instagram.com\/casalinfants\/","https:\/\/www.linkedin.com\/company\/casaldelsinfants?trk=organization-update_share-update_actor-text"]},{"@type":"Person","@id":"https:\/\/www.casaldelsinfants.org\/es\/#\/schema\/person\/97707fc8c64900cf36891127dbf9fba8","name":"cdiAdmin","sameAs":["https:\/\/casaldelsinfants.org"]}]}},"publishpress_future_action":{"enabled":false,"date":"2026-05-09 03:56:31","action":"change-status","newStatus":"draft","terms":[],"taxonomy":"category","extraData":[]},"publishpress_future_workflow_manual_trigger":{"enabledWorkflows":[]},"_links":{"self":[{"href":"https:\/\/www.casaldelsinfants.org\/es\/wp-json\/wp\/v2\/posts\/10463","targetHints":{"allow":["GET"]}}],"collection":[{"href":"https:\/\/www.casaldelsinfants.org\/es\/wp-json\/wp\/v2\/posts"}],"about":[{"href":"https:\/\/www.casaldelsinfants.org\/es\/wp-json\/wp\/v2\/types\/post"}],"author":[{"embeddable":true,"href":"https:\/\/www.casaldelsinfants.org\/es\/wp-json\/wp\/v2\/users\/1"}],"replies":[{"embeddable":true,"href":"https:\/\/www.casaldelsinfants.org\/es\/wp-json\/wp\/v2\/comments?post=10463"}],"version-history":[{"count":2,"href":"https:\/\/www.casaldelsinfants.org\/es\/wp-json\/wp\/v2\/posts\/10463\/revisions"}],"predecessor-version":[{"id":14951,"href":"https:\/\/www.casaldelsinfants.org\/es\/wp-json\/wp\/v2\/posts\/10463\/revisions\/14951"}],"wp:featuredmedia":[{"embeddable":true,"href":"https:\/\/www.casaldelsinfants.org\/es\/wp-json\/wp\/v2\/media\/10314"}],"wp:attachment":[{"href":"https:\/\/www.casaldelsinfants.org\/es\/wp-json\/wp\/v2\/media?parent=10463"}],"wp:term":[{"taxonomy":"category","embeddable":true,"href":"https:\/\/www.casaldelsinfants.org\/es\/wp-json\/wp\/v2\/categories?post=10463"},{"taxonomy":"post_tag","embeddable":true,"href":"https:\/\/www.casaldelsinfants.org\/es\/wp-json\/wp\/v2\/tags?post=10463"},{"taxonomy":"seus","embeddable":true,"href":"https:\/\/www.casaldelsinfants.org\/es\/wp-json\/wp\/v2\/seus?post=10463"},{"taxonomy":"eixos","embeddable":true,"href":"https:\/\/www.casaldelsinfants.org\/es\/wp-json\/wp\/v2\/eixos?post=10463"}],"curies":[{"name":"wp","href":"https:\/\/api.w.org\/{rel}","templated":true}]}}