{"id":10465,"date":"2022-10-21T13:28:43","date_gmt":"2022-10-21T11:28:43","guid":{"rendered":"https:\/\/casal.puntzero.cat\/mas-plazas-publicas-y-criterios-inclusivos-los-retos-pendientes-en-el-acceso-la\/"},"modified":"2023-10-26T15:55:09","modified_gmt":"2023-10-26T13:55:09","slug":"mas-plazas-publicas-y-criterios-inclusivos-los-retos-pendientes-en-el-acceso-la","status":"publish","type":"post","link":"https:\/\/www.casaldelsinfants.org\/es\/actualidad\/mas-plazas-publicas-y-criterios-inclusivos-los-retos-pendientes-en-el-acceso-la\/","title":{"rendered":"M\u00e1s plazas p\u00fablicas y criterios inclusivos: los retos pendientes en el acceso a la escolarizaci\u00f3n en la etapa de los 0 a los 3 a\u00f1os en Catalunya"},"content":{"rendered":"<p dir=\"ltr\"><span style=\"color: #000000;\">Los primeros a\u00f1os de vida de los ni\u00f1os y ni\u00f1as son cruciales, ya que determinan el desarrollo del cerebro y el comportamiento de los ni\u00f1os y ni\u00f1as. \u201cA medida que avanza el curso el cambio es impresionante. Los ni\u00f1os y ni\u00f1as expresan mucho m\u00e1s las emociones, se mueven con m\u00e1s energ\u00eda y tienen m\u00e1s capacidad de concentraci\u00f3n\u201d, explica Andrea Arias, responsable del servicio materno infantil Vincles del Casal dels Infants del Raval.\u00a0<\/span><\/p>\n<p dir=\"ltr\"><span style=\"color: #000000;\">Adem\u00e1s, el <strong>acceso a la educaci\u00f3n preescolar condiciona sus oportunidades de futuro y es una herramienta para corregir las desigualdades<\/strong> e incrementar el \u00e9xito educativo. La educaci\u00f3n de los 0 a los 3 a\u00f1os no es solo una inversi\u00f3n en cohesi\u00f3n social, sin\u00f3 que tambi\u00e9n es un derecho de todos los ni\u00f1os y ni\u00f1as, reconocido en el Comit\u00e9 de Derechos del Ni\u00f1o de las Naciones Unidas.<\/span><\/p>\n<p dir=\"ltr\"><span style=\"color: #000000;\">Dentro de las aulas queda demostrada la desigualdad en el acceso en la primera etapa de educaci\u00f3n infantil (0-3 a\u00f1os). Seg\u00fan datos del Departament d\u2019Educaci\u00f3, el curso 2019-2020 <strong>menos del 1% del alumnado en esta etapa se encontraba en situaci\u00f3n social desfavorecida<\/strong>. Este n\u00famero tan bajo choca con las altas cifras de pobreza y exclusi\u00f3n social en la infancia, considerando que en el mismo per\u00edodo los menores de 16 a\u00f1os que viv\u00edan bajo el umbral de la pobreza era del 31,1%, es decir, casi 1 de cada 3. En cuanto a la nacionalidad del alumnado, volvemos a toparnos con una situaci\u00f3n clara de desigualdad en el acceso. El curso 2019-2020, <strong>un 6,4% de los ni\u00f1os y ni\u00f1as escolarizados en las guarder\u00edas ten\u00edan nacionalidad extranjera<\/strong>, mientras que los ni\u00f1os y ni\u00f1as extranjeros menores de 3 a\u00f1os representaban el 21,7% del total de la poblaci\u00f3n en esta franja de edad.<\/span><\/p>\n<p class=\"destacat-noticia\" dir=\"ltr\"><span style=\"font-size: 20px;\"><strong><span style=\"color: #000000;\">Durante el curso 2019-2020, menos de l\u20191% del alumnado se encontraba en situaci\u00f3n social desfavorecida, cuando los menores de 16 a\u00f1os que vivian bajo el umbral de la pobreza era de m\u00e1s del 30%; y un 6,4% del alumnado escolarizado menores de 3 a\u00f1os eran de nacionalidad extranjera, mientras que fuera de la guarder\u00eda representaban el 21,7% en esta franja de edad.<\/span><\/strong><\/span><\/p>\n<p dir=\"ltr\"><strong>Avances insuficientes para garantizar la igualdad de condiciones en el acceso a la escolarizaci\u00f3n<\/strong><\/p>\n<p dir=\"ltr\"><span style=\"color: #000000;\">La baja proporci\u00f3n de ni\u00f1os y ni\u00f1as en situaci\u00f3n social desfavorecida y de nacionalidad extranjera en las guarder\u00edas est\u00e1 estrechamente relacionada con el hecho que <strong>esta etapa educativa no sea gratuita ni universal<\/strong>, lo que supone una barrera para que accedan los ni\u00f1os y ni\u00f1as de familias en situaci\u00f3n de vulnerabilidad.\u00a0<\/span><\/p>\n<p><img decoding=\"async\" class=\"align-center\" src=\"\/wp-content\/uploads\/inline-images\/_1230145.JPG\" alt=\"Nen petit es mira un llibre.\" width=\"480\" height=\"360\" data-entity-type=\"file\" data-entity-uuid=\"29fdc2e4-a651-4b01-903b-1b9ce9fe5f63\" data-image-style=\"large\" \/><\/p>\n<p dir=\"ltr\"><span style=\"color: #000000;\">Este curso se ha empezado a instaurar <\/span><u><strong><a href=\"https:\/\/educacio.gencat.cat\/ca\/actualitat\/gratuitat-infantil2\/\" target=\"_blank\" rel=\"noopener\">la gratuidad del curso I2<\/a><\/strong><\/u><span style=\"color: #000000;\"> en las guarder\u00edas municipales y p\u00fablicas de Catalunya, y se han aprobado el <\/span><u><a href=\"https:\/\/dogc.gencat.cat\/ca\/document-del-dogc\/?documentId=893678\" target=\"_blank\" rel=\"noopener\">Decreto 11\/2021<\/a><\/u><span style=\"color: #000000;\"> y la <\/span><u><a href=\"https:\/\/dogc.gencat.cat\/ca\/document-del-dogc\/?documentId=921287\" target=\"_blank\" rel=\"noopener\">Resoluci\u00f3n EDU\/464\/2022<\/a><\/u><span style=\"color: #000000;\">, que modifican los baremos de algunos de los criterios prioritarios y complementarios para el proceso de admisi\u00f3n en los centros educativos. Hasta ahora, las guarder\u00edas eran financiadas por la Generalitat, los ayuntamientos y las familias, que aportaban 1.600 euros por alumno y curso cada una. A partir de este curso, la Generalitat se hace cargo del importe que antes pagaban las familias. \u201c<strong>Es una iniciativa altamente necesaria<\/strong>\u201d, se\u00f1ala Lydia Paredes, educadora de Vincles en el Casal dels Infants de Salt. La gratuidad no incluye, pero, el servicio de comedor ni otros servicios complementarios, como el de acogida.\u00a0<\/span><\/p>\n<p dir=\"ltr\"><span style=\"color: #000000;\"><strong>El nuevo decreto descarta como criterio de prioridad que el ni\u00f1o y ni\u00f1a tenga hermanos matriculados en el centro<\/strong>, que hasta ahora otorgaba 40 puntos. Los otros dos criterios prioritarios son la proximidad del domicilio al centro educativo y que uno de los progenitores o responsables legales del ni\u00f1o\/a perciba la renta garantizada de ciudadan\u00eda (RGC), que pasa de computar de 10 a 15 puntos.\u00a0<\/span><\/p>\n<p dir=\"ltr\"><span style=\"color: #000000;\">De esta manera, a pesar que se resta prioridad a tener hermanos que estudien o padres que trabajen en el centro (este \u00faltimo computa 10 puntos, antes 30), con el objetivo de mejorar el acceso en igualdad de condiciones, <strong>los criterios para favorecer la escolarizaci\u00f3n de los ni\u00f1os y ni\u00f1as de familias con rentas bajas contin\u00faan siendo insuficientes<\/strong>. El \u00fanico criterio que tiene en cuenta la situaci\u00f3n socioecon\u00f3mica de las familias es el de percibir la RGC. El alcance de esta, pero, es muy limitado: actualmente 173.886 personas reciben la RGC, lo que representa solo el 8,9% de toda la poblaci\u00f3n en riesgo de pobreza o exclusi\u00f3n social en Catalunya. Adem\u00e1s, el baremo de ser una familia monomarental, que se trata como un criterio complementario, ha disminuido de los 15 a los 10 puntos, en un contexto donde m\u00e1s de la mitad de estas familias est\u00e1n en riesgo de exclusi\u00f3n social. <\/span><\/p>\n<p class=\"destacat-noticia\" dir=\"ltr\"><span style=\"font-size: 20px;\"><strong><span style=\"color: #000000;\">El \u00fanico criterio que tiene en cuenta la situaci\u00f3n socioecon\u00f3mica de las familias es el de percibir la RGC, que solo reciben el 8,9% de la poblaci\u00f3n en riesgo de pobreza o exclusi\u00f3n social.<\/span><\/strong><\/span><\/p>\n<p dir=\"ltr\"><strong>M\u00e1s plazas p\u00fablicas, inscripciones presenciales y difusi\u00f3n sobre la escolarizaci\u00f3n de los 0 a los 3 a\u00f1os<\/strong><\/p>\n<p dir=\"ltr\"><span style=\"color: #000000;\">A pesar del avance que supone la gratuidad en el I2, quedan retos pendientes y espacios de mejora para garantizar un acceso generalizado y en condiciones de igualdad a la escolarizaci\u00f3n de ni\u00f1os y ni\u00f1as de 0 a 3 a\u00f1os.\u00a0<\/span><\/p>\n<p dir=\"ltr\"><span style=\"color: #000000;\">En primer lugar, las plazas en las guarder\u00edas p\u00fablicas son limitadas. Ante el anuncio de la gratuidad, <\/span><u><a href=\"https:\/\/www.ara.cat\/societat\/educacio\/l-anunci-gratuitat-p2-dispara-20-inscripcions-escoles-bressol-publiques_1_4418063.html\" target=\"_blank\" rel=\"noopener\">la demanda de inscripciones a las guarder\u00edas en siete de los grandes municipios de la demarcaci\u00f3n de Barcelona ha aumentado un 20% de media<\/a><\/u><span style=\"color: #000000;\">. En la ciudad de Barcelona, el ayuntamiento ha recibido <\/span><u><a href=\"https:\/\/beteve.cat\/societat\/arrenca-matricula-escola-bressol-2022-23-barcelona\/\" target=\"_blank\" rel=\"noopener\">7.869 solicitudes para inscribirse en 4.460 plazas<\/a><\/u><span style=\"color: #000000;\"> disponibles. Con gratuidad o sin, muchos ni\u00f1os y ni\u00f1as se quedan sin plaza en las guarder\u00edas p\u00fablicas. \u201c<strong>Hacen falta plazas p\u00fablicas<\/strong>. Estoy convencida que hay muchas familias interesadas en apuntar sus hijos e hijas en las guarder\u00edas. Las madres han salido de la pandemia con muchas ganas de hacer cosas\u201d, explica Lydia Paredes. <\/span><\/p>\n<p><img decoding=\"async\" class=\"align-center\" src=\"\/wp-content\/uploads\/inline-images\/IMG_4320.JPG\" alt=\"Mare, amb el seu infant a les cames, i educadora riuen.\" width=\"480\" height=\"320\" data-entity-type=\"file\" data-entity-uuid=\"846bcd3c-a539-4b19-9352-5d3c79e8799b\" data-image-style=\"large\" \/><\/p>\n<p dir=\"ltr\"><span style=\"color: #000000;\">Esta realidad se ha visto en el servicio de <strong>Vincles<\/strong>, que ofrecimos en el Casal dels Infants del Raval, Badalona, Santa Coloma y Salt. En Vincles acompa\u00f1amos ni\u00f1os y ni\u00f1as menores de 3 a\u00f1os en situaci\u00f3n de vulnerabilidad y sus madres, con el objetivo de garantizar un espacio educativo a los ni\u00f1os y ni\u00f1as para que consoliden los conocimientos, h\u00e1bitos y rutinas que tienen que adquirir en esa edad, reforzar el v\u00ednculo materno infantil y ofrecer un espacio de confianza, empoderamiento y refuerzo de competencias para las mujeres que participan.\u00a0<\/span><\/p>\n<p><span style=\"color: #000000;\">Una vez aprendieron de la gratuidad del I2 a trav\u00e9s del equipo educativo de Vincles, muchas madres decidieron hacer la solicitud para inscribir a sus hijos e hijas. <strong>Pocas han conseguido que se les acepte la plaza, algunas est\u00e1n en lista de espera, y la mayor\u00eda que lo ha intentado se han quedado sin plaza<\/strong>. Mientras, las inscripciones a Vincles de madres con beb\u00e9s menores de 2 a\u00f1os ha aumentado.\u00a0<\/span><\/p>\n<p><span style=\"color: #000000;\">Otra dificultad, pues, es el acceso a la informaci\u00f3n. En muchos casos, las madres que vienen a Vincles son migradas y no conocen el funcionamiento del sistema de educaci\u00f3n en Catalunya, y <strong>muchas de ellas no pueden inscribir a sus hijos en las guarder\u00edas porque no saben que existen<\/strong>. Desde Vincles, las educadoras informan a las madres sobre las fechas y los procesos de inscripci\u00f3n, insistiendo en la posibilidad de escolarizar a los ni\u00f1os y ni\u00f1as de 0 a 3 a\u00f1os. Hace falta m\u00e1s difusi\u00f3n sobre el acceso a esta etapa educativa, subraya Andrea Arias, ya que \u201cla crianza queda siempre en manos de la mujer, y ellas se ven limitadas en su vida hasta que el ni\u00f1o o ni\u00f1a no va a la escuela\u201d, a\u00f1ade. Tambi\u00e9n las acompa\u00f1amos en <strong>el proceso de inscripci\u00f3n, que desde la pandemia se tiene que hacer online<\/strong>, hecho que cierra las puertas a muchas familias, que no tienen ordenadores, conexi\u00f3n a Internet o nociones b\u00e1sicas sobre c\u00f3mo navegar y hacer tr\u00e1mites en l\u00ednea.\u00a0<\/span><\/p>\n<p><span style=\"color: #000000;\">Reclamamos que las inscripciones vuelvan a poder hacerse de manera presencial en las guarder\u00edas, para as\u00ed reducir los obst\u00e1culos en el acceso a la escolarizaci\u00f3n, que se abran m\u00e1s plazas p\u00fablicas en las guarder\u00edas, que los criterios de admisi\u00f3n sean m\u00e1s inclusivos para los ni\u00f1os y ni\u00f1as en situaci\u00f3n de vulnerabilidad social, y que se informe y se haga una difusi\u00f3n adaptada a los medios de todas las familias sobre la posibilidad de escolarizar los hijos e hijas en guarder\u00edas. Y, sobre todo, que el Departament d\u2019Educaci\u00f3 cumpla con el objetivo de futuro de garantizar la gratuidad en los cursos de 1 y 0 a\u00f1os. <\/span><\/p>\n<blockquote><p><strong>Haz posible que continuemos acompa\u00f1ando y apoyando a ni\u00f1os, ni\u00f1as, j\u00f3venes y familias en situaci\u00f3n de vulnerabilidad.\u00a0<\/strong><\/p>\n<p>Haz\u00a0<strong>voluntariado<\/strong>. Inf\u00f3rmate\u00a0<a href=\"https:\/\/www.casaldelsinfants.org\/es\/que-puedes-hacer-tu\/voluntariado\/\" target=\"_blank\" rel=\"noopener\"><u>aqu\u00ed<\/u><\/a>.<\/p>\n<p>Haz un\u00a0<strong>donativo<\/strong>\u00a0<a href=\"https:\/\/www.casaldelsinfants.org\/es\/dona-ahora\/\" target=\"_blank\" rel=\"noopener\"><u>aqu\u00ed<\/u><\/a>.<\/p><\/blockquote>\n","protected":false},"excerpt":{"rendered":"<p dir=\"ltr\">\u00a0<\/p>\n<p class=\"text-align-center\" dir=\"ltr\"><span style=\"font-size:22px;\"><b id=\"docs-internal-guid-db09cfcf-7fff-a292-007e-135560524faf\">Un a\u00f1o despu\u00e9s de haber publicado el dossier \u201c<u><a href=\"https:\/\/www.casaldelsinfants.org\/sites\/default\/files\/Dossier_Final_Petita_infancia_Grans_desigualtats.pdf\" target=\"_blank\" rel=\"noopener\">Peque\u00f1a infancia, grandes desigualdades: el acceso en la educaci\u00f3n en la etapa de los 0 a los 3 a\u00f1os en Catalunya<\/a><\/u>\u201d y habiendo empezado el curso 2022-23 por primera vez con gratuidad en el I2 en las guarder\u00edas p\u00fablicas, repasamos los retos que a\u00fan quedan pendientes para garantizar la educaci\u00f3n en igualdad de condiciones de los m\u00e1s peque\u00f1os y peque\u00f1as.\u00a0<\/b><\/span><\/p>\n<p dir=\"ltr\">\u00a0<\/p>\n","protected":false},"author":1,"featured_media":10318,"comment_status":"open","ping_status":"open","sticky":false,"template":"","format":"standard","meta":{"_acf_changed":false,"_et_pb_use_builder":"","_et_pb_old_content":"","_et_gb_content_width":"","inline_featured_image":false,"footnotes":""},"categories":[105],"tags":[],"seus":[],"eixos":[],"class_list":["post-10465","post","type-post","status-publish","format-standard","has-post-thumbnail","hentry","category-reportaje"],"acf":[],"yoast_head":"<!-- This site is optimized with the Yoast SEO plugin v27.4 - https:\/\/yoast.com\/product\/yoast-seo-wordpress\/ -->\n<title>M\u00e1s plazas p\u00fablicas y criterios m\u00e1s inclusivos: los retos pendientes en el acceso a la escolarizaci\u00f3n en la etapa de los 0 a los 3 a\u00f1os en Catalunya<\/title>\n<meta name=\"description\" content=\"M\u00e9s places p\u00fabliques, criteris inclusius, inscripcions presencials i m\u00e9s informaci\u00f3 i difusi\u00f3 sobre el servei d\u2019escolaritzaci\u00f3 a les escoles bressol i llars d\u2019infants: els reptes pendents per garantir l\u2019educaci\u00f3 en igualtat de condicions dels infants dels 0 als 3 anys.\" \/>\n<meta name=\"robots\" content=\"index, follow, max-snippet:-1, max-image-preview:large, max-video-preview:-1\" \/>\n<link rel=\"canonical\" href=\"https:\/\/www.casaldelsinfants.org\/es\/actualidad\/mas-plazas-publicas-y-criterios-inclusivos-los-retos-pendientes-en-el-acceso-la\/\" \/>\n<meta property=\"og:locale\" content=\"es_ES\" \/>\n<meta property=\"og:type\" content=\"article\" \/>\n<meta property=\"og:title\" content=\"M\u00e1s plazas p\u00fablicas y criterios m\u00e1s inclusivos: los retos pendientes en el acceso a la escolarizaci\u00f3n en la etapa de los 0 a los 3 a\u00f1os en Catalunya\" \/>\n<meta property=\"og:description\" content=\"M\u00e9s places p\u00fabliques, criteris inclusius, inscripcions presencials i m\u00e9s informaci\u00f3 i difusi\u00f3 sobre el servei d\u2019escolaritzaci\u00f3 a les escoles bressol i llars d\u2019infants: els reptes pendents per garantir l\u2019educaci\u00f3 en igualtat de condicions dels infants dels 0 als 3 anys.\" \/>\n<meta property=\"og:url\" content=\"https:\/\/www.casaldelsinfants.org\/es\/actualidad\/mas-plazas-publicas-y-criterios-inclusivos-los-retos-pendientes-en-el-acceso-la\/\" \/>\n<meta property=\"og:site_name\" content=\"Casal dels Infants\" \/>\n<meta property=\"article:publisher\" content=\"https:\/\/www.facebook.com\/casalinfants\" \/>\n<meta property=\"article:published_time\" content=\"2022-10-21T11:28:43+00:00\" \/>\n<meta property=\"article:modified_time\" content=\"2023-10-26T13:55:09+00:00\" \/>\n<meta property=\"og:image\" content=\"https:\/\/www.casaldelsinfants.org\/wp-content\/uploads\/g9a0435_0-scaled-1.webp\" \/>\n\t<meta property=\"og:image:width\" content=\"2560\" \/>\n\t<meta property=\"og:image:height\" content=\"1707\" \/>\n\t<meta property=\"og:image:type\" content=\"image\/jpeg\" \/>\n<meta name=\"author\" content=\"cdiAdmin\" \/>\n<meta name=\"twitter:card\" content=\"summary_large_image\" \/>\n<meta name=\"twitter:creator\" content=\"@casalinfants\" \/>\n<meta name=\"twitter:site\" content=\"@casalinfants\" \/>\n<meta name=\"twitter:label1\" content=\"Escrito por\" \/>\n\t<meta name=\"twitter:data1\" content=\"cdiAdmin\" \/>\n\t<meta name=\"twitter:label2\" content=\"Tiempo de lectura\" \/>\n\t<meta name=\"twitter:data2\" content=\"9 minutos\" \/>\n<script type=\"application\/ld+json\" class=\"yoast-schema-graph\">{\"@context\":\"https:\\\/\\\/schema.org\",\"@graph\":[{\"@type\":\"Article\",\"@id\":\"https:\\\/\\\/www.casaldelsinfants.org\\\/es\\\/actualidad\\\/mas-plazas-publicas-y-criterios-inclusivos-los-retos-pendientes-en-el-acceso-la\\\/#article\",\"isPartOf\":{\"@id\":\"https:\\\/\\\/www.casaldelsinfants.org\\\/es\\\/actualidad\\\/mas-plazas-publicas-y-criterios-inclusivos-los-retos-pendientes-en-el-acceso-la\\\/\"},\"author\":{\"name\":\"cdiAdmin\",\"@id\":\"https:\\\/\\\/www.casaldelsinfants.org\\\/es\\\/#\\\/schema\\\/person\\\/97707fc8c64900cf36891127dbf9fba8\"},\"headline\":\"M\u00e1s plazas p\u00fablicas y criterios inclusivos: los retos pendientes en el acceso a la escolarizaci\u00f3n en la etapa de los 0 a los 3 a\u00f1os en Catalunya\",\"datePublished\":\"2022-10-21T11:28:43+00:00\",\"dateModified\":\"2023-10-26T13:55:09+00:00\",\"mainEntityOfPage\":{\"@id\":\"https:\\\/\\\/www.casaldelsinfants.org\\\/es\\\/actualidad\\\/mas-plazas-publicas-y-criterios-inclusivos-los-retos-pendientes-en-el-acceso-la\\\/\"},\"wordCount\":1562,\"commentCount\":0,\"publisher\":{\"@id\":\"https:\\\/\\\/www.casaldelsinfants.org\\\/es\\\/#organization\"},\"image\":{\"@id\":\"https:\\\/\\\/www.casaldelsinfants.org\\\/es\\\/actualidad\\\/mas-plazas-publicas-y-criterios-inclusivos-los-retos-pendientes-en-el-acceso-la\\\/#primaryimage\"},\"thumbnailUrl\":\"https:\\\/\\\/www.casaldelsinfants.org\\\/wp-content\\\/uploads\\\/g9a0435_0-scaled-1.webp\",\"articleSection\":[\"Reportaje\"],\"inLanguage\":\"es\",\"potentialAction\":[{\"@type\":\"CommentAction\",\"name\":\"Comment\",\"target\":[\"https:\\\/\\\/www.casaldelsinfants.org\\\/es\\\/actualidad\\\/mas-plazas-publicas-y-criterios-inclusivos-los-retos-pendientes-en-el-acceso-la\\\/#respond\"]}]},{\"@type\":\"WebPage\",\"@id\":\"https:\\\/\\\/www.casaldelsinfants.org\\\/es\\\/actualidad\\\/mas-plazas-publicas-y-criterios-inclusivos-los-retos-pendientes-en-el-acceso-la\\\/\",\"url\":\"https:\\\/\\\/www.casaldelsinfants.org\\\/es\\\/actualidad\\\/mas-plazas-publicas-y-criterios-inclusivos-los-retos-pendientes-en-el-acceso-la\\\/\",\"name\":\"M\u00e1s plazas p\u00fablicas y criterios m\u00e1s inclusivos: los retos pendientes en el acceso a la escolarizaci\u00f3n en la etapa de los 0 a los 3 a\u00f1os en Catalunya\",\"isPartOf\":{\"@id\":\"https:\\\/\\\/www.casaldelsinfants.org\\\/es\\\/#website\"},\"primaryImageOfPage\":{\"@id\":\"https:\\\/\\\/www.casaldelsinfants.org\\\/es\\\/actualidad\\\/mas-plazas-publicas-y-criterios-inclusivos-los-retos-pendientes-en-el-acceso-la\\\/#primaryimage\"},\"image\":{\"@id\":\"https:\\\/\\\/www.casaldelsinfants.org\\\/es\\\/actualidad\\\/mas-plazas-publicas-y-criterios-inclusivos-los-retos-pendientes-en-el-acceso-la\\\/#primaryimage\"},\"thumbnailUrl\":\"https:\\\/\\\/www.casaldelsinfants.org\\\/wp-content\\\/uploads\\\/g9a0435_0-scaled-1.webp\",\"datePublished\":\"2022-10-21T11:28:43+00:00\",\"dateModified\":\"2023-10-26T13:55:09+00:00\",\"description\":\"M\u00e9s places p\u00fabliques, criteris inclusius, inscripcions presencials i m\u00e9s informaci\u00f3 i difusi\u00f3 sobre el servei d\u2019escolaritzaci\u00f3 a les escoles bressol i llars d\u2019infants: els reptes pendents per garantir l\u2019educaci\u00f3 en igualtat de condicions dels infants dels 0 als 3 anys.\",\"breadcrumb\":{\"@id\":\"https:\\\/\\\/www.casaldelsinfants.org\\\/es\\\/actualidad\\\/mas-plazas-publicas-y-criterios-inclusivos-los-retos-pendientes-en-el-acceso-la\\\/#breadcrumb\"},\"inLanguage\":\"es\",\"potentialAction\":[{\"@type\":\"ReadAction\",\"target\":[\"https:\\\/\\\/www.casaldelsinfants.org\\\/es\\\/actualidad\\\/mas-plazas-publicas-y-criterios-inclusivos-los-retos-pendientes-en-el-acceso-la\\\/\"]}]},{\"@type\":\"ImageObject\",\"inLanguage\":\"es\",\"@id\":\"https:\\\/\\\/www.casaldelsinfants.org\\\/es\\\/actualidad\\\/mas-plazas-publicas-y-criterios-inclusivos-los-retos-pendientes-en-el-acceso-la\\\/#primaryimage\",\"url\":\"https:\\\/\\\/www.casaldelsinfants.org\\\/wp-content\\\/uploads\\\/g9a0435_0-scaled-1.webp\",\"contentUrl\":\"https:\\\/\\\/www.casaldelsinfants.org\\\/wp-content\\\/uploads\\\/g9a0435_0-scaled-1.webp\",\"width\":2560,\"height\":1707,\"caption\":\"Infants amb joguines.\"},{\"@type\":\"BreadcrumbList\",\"@id\":\"https:\\\/\\\/www.casaldelsinfants.org\\\/es\\\/actualidad\\\/mas-plazas-publicas-y-criterios-inclusivos-los-retos-pendientes-en-el-acceso-la\\\/#breadcrumb\",\"itemListElement\":[{\"@type\":\"ListItem\",\"position\":1,\"name\":\"Inici\",\"item\":\"https:\\\/\\\/www.casaldelsinfants.org\\\/es\\\/\"},{\"@type\":\"ListItem\",\"position\":2,\"name\":\"M\u00e1s plazas p\u00fablicas y criterios inclusivos: los retos pendientes en el acceso a la escolarizaci\u00f3n en la etapa de los 0 a los 3 a\u00f1os en Catalunya\"}]},{\"@type\":\"WebSite\",\"@id\":\"https:\\\/\\\/www.casaldelsinfants.org\\\/es\\\/#website\",\"url\":\"https:\\\/\\\/www.casaldelsinfants.org\\\/es\\\/\",\"name\":\"Casal dels Infants\",\"description\":\"\",\"publisher\":{\"@id\":\"https:\\\/\\\/www.casaldelsinfants.org\\\/es\\\/#organization\"},\"potentialAction\":[{\"@type\":\"SearchAction\",\"target\":{\"@type\":\"EntryPoint\",\"urlTemplate\":\"https:\\\/\\\/www.casaldelsinfants.org\\\/es\\\/?s={search_term_string}\"},\"query-input\":{\"@type\":\"PropertyValueSpecification\",\"valueRequired\":true,\"valueName\":\"search_term_string\"}}],\"inLanguage\":\"es\"},{\"@type\":\"Organization\",\"@id\":\"https:\\\/\\\/www.casaldelsinfants.org\\\/es\\\/#organization\",\"name\":\"Casal dels Infants\",\"url\":\"https:\\\/\\\/www.casaldelsinfants.org\\\/es\\\/\",\"logo\":{\"@type\":\"ImageObject\",\"inLanguage\":\"es\",\"@id\":\"https:\\\/\\\/www.casaldelsinfants.org\\\/es\\\/#\\\/schema\\\/logo\\\/image\\\/\",\"url\":\"https:\\\/\\\/www.casaldelsinfants.org\\\/wp-content\\\/uploads\\\/logo-mail.png\",\"contentUrl\":\"https:\\\/\\\/www.casaldelsinfants.org\\\/wp-content\\\/uploads\\\/logo-mail.png\",\"width\":380,\"height\":158,\"caption\":\"Casal dels Infants\"},\"image\":{\"@id\":\"https:\\\/\\\/www.casaldelsinfants.org\\\/es\\\/#\\\/schema\\\/logo\\\/image\\\/\"},\"sameAs\":[\"https:\\\/\\\/www.facebook.com\\\/casalinfants\",\"https:\\\/\\\/x.com\\\/casalinfants\",\"https:\\\/\\\/www.youtube.com\\\/user\\\/CasaldelsInfants1\",\"https:\\\/\\\/www.instagram.com\\\/casalinfants\\\/\",\"https:\\\/\\\/www.linkedin.com\\\/company\\\/casaldelsinfants?trk=organization-update_share-update_actor-text\"]},{\"@type\":\"Person\",\"@id\":\"https:\\\/\\\/www.casaldelsinfants.org\\\/es\\\/#\\\/schema\\\/person\\\/97707fc8c64900cf36891127dbf9fba8\",\"name\":\"cdiAdmin\",\"sameAs\":[\"https:\\\/\\\/casaldelsinfants.org\"]}]}<\/script>\n<!-- \/ Yoast SEO plugin. -->","yoast_head_json":{"title":"M\u00e1s plazas p\u00fablicas y criterios m\u00e1s inclusivos: los retos pendientes en el acceso a la escolarizaci\u00f3n en la etapa de los 0 a los 3 a\u00f1os en Catalunya","description":"M\u00e9s places p\u00fabliques, criteris inclusius, inscripcions presencials i m\u00e9s informaci\u00f3 i difusi\u00f3 sobre el servei d\u2019escolaritzaci\u00f3 a les escoles bressol i llars d\u2019infants: els reptes pendents per garantir l\u2019educaci\u00f3 en igualtat de condicions dels infants dels 0 als 3 anys.","robots":{"index":"index","follow":"follow","max-snippet":"max-snippet:-1","max-image-preview":"max-image-preview:large","max-video-preview":"max-video-preview:-1"},"canonical":"https:\/\/www.casaldelsinfants.org\/es\/actualidad\/mas-plazas-publicas-y-criterios-inclusivos-los-retos-pendientes-en-el-acceso-la\/","og_locale":"es_ES","og_type":"article","og_title":"M\u00e1s plazas p\u00fablicas y criterios m\u00e1s inclusivos: los retos pendientes en el acceso a la escolarizaci\u00f3n en la etapa de los 0 a los 3 a\u00f1os en Catalunya","og_description":"M\u00e9s places p\u00fabliques, criteris inclusius, inscripcions presencials i m\u00e9s informaci\u00f3 i difusi\u00f3 sobre el servei d\u2019escolaritzaci\u00f3 a les escoles bressol i llars d\u2019infants: els reptes pendents per garantir l\u2019educaci\u00f3 en igualtat de condicions dels infants dels 0 als 3 anys.","og_url":"https:\/\/www.casaldelsinfants.org\/es\/actualidad\/mas-plazas-publicas-y-criterios-inclusivos-los-retos-pendientes-en-el-acceso-la\/","og_site_name":"Casal dels Infants","article_publisher":"https:\/\/www.facebook.com\/casalinfants","article_published_time":"2022-10-21T11:28:43+00:00","article_modified_time":"2023-10-26T13:55:09+00:00","og_image":[{"width":2560,"height":1707,"url":"https:\/\/www.casaldelsinfants.org\/wp-content\/uploads\/g9a0435_0-scaled-1.webp","type":"image\/jpeg"}],"author":"cdiAdmin","twitter_card":"summary_large_image","twitter_creator":"@casalinfants","twitter_site":"@casalinfants","twitter_misc":{"Escrito por":"cdiAdmin","Tiempo de lectura":"9 minutos"},"schema":{"@context":"https:\/\/schema.org","@graph":[{"@type":"Article","@id":"https:\/\/www.casaldelsinfants.org\/es\/actualidad\/mas-plazas-publicas-y-criterios-inclusivos-los-retos-pendientes-en-el-acceso-la\/#article","isPartOf":{"@id":"https:\/\/www.casaldelsinfants.org\/es\/actualidad\/mas-plazas-publicas-y-criterios-inclusivos-los-retos-pendientes-en-el-acceso-la\/"},"author":{"name":"cdiAdmin","@id":"https:\/\/www.casaldelsinfants.org\/es\/#\/schema\/person\/97707fc8c64900cf36891127dbf9fba8"},"headline":"M\u00e1s plazas p\u00fablicas y criterios inclusivos: los retos pendientes en el acceso a la escolarizaci\u00f3n en la etapa de los 0 a los 3 a\u00f1os en Catalunya","datePublished":"2022-10-21T11:28:43+00:00","dateModified":"2023-10-26T13:55:09+00:00","mainEntityOfPage":{"@id":"https:\/\/www.casaldelsinfants.org\/es\/actualidad\/mas-plazas-publicas-y-criterios-inclusivos-los-retos-pendientes-en-el-acceso-la\/"},"wordCount":1562,"commentCount":0,"publisher":{"@id":"https:\/\/www.casaldelsinfants.org\/es\/#organization"},"image":{"@id":"https:\/\/www.casaldelsinfants.org\/es\/actualidad\/mas-plazas-publicas-y-criterios-inclusivos-los-retos-pendientes-en-el-acceso-la\/#primaryimage"},"thumbnailUrl":"https:\/\/www.casaldelsinfants.org\/wp-content\/uploads\/g9a0435_0-scaled-1.webp","articleSection":["Reportaje"],"inLanguage":"es","potentialAction":[{"@type":"CommentAction","name":"Comment","target":["https:\/\/www.casaldelsinfants.org\/es\/actualidad\/mas-plazas-publicas-y-criterios-inclusivos-los-retos-pendientes-en-el-acceso-la\/#respond"]}]},{"@type":"WebPage","@id":"https:\/\/www.casaldelsinfants.org\/es\/actualidad\/mas-plazas-publicas-y-criterios-inclusivos-los-retos-pendientes-en-el-acceso-la\/","url":"https:\/\/www.casaldelsinfants.org\/es\/actualidad\/mas-plazas-publicas-y-criterios-inclusivos-los-retos-pendientes-en-el-acceso-la\/","name":"M\u00e1s plazas p\u00fablicas y criterios m\u00e1s inclusivos: los retos pendientes en el acceso a la escolarizaci\u00f3n en la etapa de los 0 a los 3 a\u00f1os en Catalunya","isPartOf":{"@id":"https:\/\/www.casaldelsinfants.org\/es\/#website"},"primaryImageOfPage":{"@id":"https:\/\/www.casaldelsinfants.org\/es\/actualidad\/mas-plazas-publicas-y-criterios-inclusivos-los-retos-pendientes-en-el-acceso-la\/#primaryimage"},"image":{"@id":"https:\/\/www.casaldelsinfants.org\/es\/actualidad\/mas-plazas-publicas-y-criterios-inclusivos-los-retos-pendientes-en-el-acceso-la\/#primaryimage"},"thumbnailUrl":"https:\/\/www.casaldelsinfants.org\/wp-content\/uploads\/g9a0435_0-scaled-1.webp","datePublished":"2022-10-21T11:28:43+00:00","dateModified":"2023-10-26T13:55:09+00:00","description":"M\u00e9s places p\u00fabliques, criteris inclusius, inscripcions presencials i m\u00e9s informaci\u00f3 i difusi\u00f3 sobre el servei d\u2019escolaritzaci\u00f3 a les escoles bressol i llars d\u2019infants: els reptes pendents per garantir l\u2019educaci\u00f3 en igualtat de condicions dels infants dels 0 als 3 anys.","breadcrumb":{"@id":"https:\/\/www.casaldelsinfants.org\/es\/actualidad\/mas-plazas-publicas-y-criterios-inclusivos-los-retos-pendientes-en-el-acceso-la\/#breadcrumb"},"inLanguage":"es","potentialAction":[{"@type":"ReadAction","target":["https:\/\/www.casaldelsinfants.org\/es\/actualidad\/mas-plazas-publicas-y-criterios-inclusivos-los-retos-pendientes-en-el-acceso-la\/"]}]},{"@type":"ImageObject","inLanguage":"es","@id":"https:\/\/www.casaldelsinfants.org\/es\/actualidad\/mas-plazas-publicas-y-criterios-inclusivos-los-retos-pendientes-en-el-acceso-la\/#primaryimage","url":"https:\/\/www.casaldelsinfants.org\/wp-content\/uploads\/g9a0435_0-scaled-1.webp","contentUrl":"https:\/\/www.casaldelsinfants.org\/wp-content\/uploads\/g9a0435_0-scaled-1.webp","width":2560,"height":1707,"caption":"Infants amb joguines."},{"@type":"BreadcrumbList","@id":"https:\/\/www.casaldelsinfants.org\/es\/actualidad\/mas-plazas-publicas-y-criterios-inclusivos-los-retos-pendientes-en-el-acceso-la\/#breadcrumb","itemListElement":[{"@type":"ListItem","position":1,"name":"Inici","item":"https:\/\/www.casaldelsinfants.org\/es\/"},{"@type":"ListItem","position":2,"name":"M\u00e1s plazas p\u00fablicas y criterios inclusivos: los retos pendientes en el acceso a la escolarizaci\u00f3n en la etapa de los 0 a los 3 a\u00f1os en Catalunya"}]},{"@type":"WebSite","@id":"https:\/\/www.casaldelsinfants.org\/es\/#website","url":"https:\/\/www.casaldelsinfants.org\/es\/","name":"Casal dels Infants","description":"","publisher":{"@id":"https:\/\/www.casaldelsinfants.org\/es\/#organization"},"potentialAction":[{"@type":"SearchAction","target":{"@type":"EntryPoint","urlTemplate":"https:\/\/www.casaldelsinfants.org\/es\/?s={search_term_string}"},"query-input":{"@type":"PropertyValueSpecification","valueRequired":true,"valueName":"search_term_string"}}],"inLanguage":"es"},{"@type":"Organization","@id":"https:\/\/www.casaldelsinfants.org\/es\/#organization","name":"Casal dels Infants","url":"https:\/\/www.casaldelsinfants.org\/es\/","logo":{"@type":"ImageObject","inLanguage":"es","@id":"https:\/\/www.casaldelsinfants.org\/es\/#\/schema\/logo\/image\/","url":"https:\/\/www.casaldelsinfants.org\/wp-content\/uploads\/logo-mail.png","contentUrl":"https:\/\/www.casaldelsinfants.org\/wp-content\/uploads\/logo-mail.png","width":380,"height":158,"caption":"Casal dels Infants"},"image":{"@id":"https:\/\/www.casaldelsinfants.org\/es\/#\/schema\/logo\/image\/"},"sameAs":["https:\/\/www.facebook.com\/casalinfants","https:\/\/x.com\/casalinfants","https:\/\/www.youtube.com\/user\/CasaldelsInfants1","https:\/\/www.instagram.com\/casalinfants\/","https:\/\/www.linkedin.com\/company\/casaldelsinfants?trk=organization-update_share-update_actor-text"]},{"@type":"Person","@id":"https:\/\/www.casaldelsinfants.org\/es\/#\/schema\/person\/97707fc8c64900cf36891127dbf9fba8","name":"cdiAdmin","sameAs":["https:\/\/casaldelsinfants.org"]}]}},"publishpress_future_action":{"enabled":false,"date":"2026-05-08 14:08:26","action":"change-status","newStatus":"draft","terms":[],"taxonomy":"category","extraData":[]},"publishpress_future_workflow_manual_trigger":{"enabledWorkflows":[]},"_links":{"self":[{"href":"https:\/\/www.casaldelsinfants.org\/es\/wp-json\/wp\/v2\/posts\/10465","targetHints":{"allow":["GET"]}}],"collection":[{"href":"https:\/\/www.casaldelsinfants.org\/es\/wp-json\/wp\/v2\/posts"}],"about":[{"href":"https:\/\/www.casaldelsinfants.org\/es\/wp-json\/wp\/v2\/types\/post"}],"author":[{"embeddable":true,"href":"https:\/\/www.casaldelsinfants.org\/es\/wp-json\/wp\/v2\/users\/1"}],"replies":[{"embeddable":true,"href":"https:\/\/www.casaldelsinfants.org\/es\/wp-json\/wp\/v2\/comments?post=10465"}],"version-history":[{"count":2,"href":"https:\/\/www.casaldelsinfants.org\/es\/wp-json\/wp\/v2\/posts\/10465\/revisions"}],"predecessor-version":[{"id":14975,"href":"https:\/\/www.casaldelsinfants.org\/es\/wp-json\/wp\/v2\/posts\/10465\/revisions\/14975"}],"wp:featuredmedia":[{"embeddable":true,"href":"https:\/\/www.casaldelsinfants.org\/es\/wp-json\/wp\/v2\/media\/10318"}],"wp:attachment":[{"href":"https:\/\/www.casaldelsinfants.org\/es\/wp-json\/wp\/v2\/media?parent=10465"}],"wp:term":[{"taxonomy":"category","embeddable":true,"href":"https:\/\/www.casaldelsinfants.org\/es\/wp-json\/wp\/v2\/categories?post=10465"},{"taxonomy":"post_tag","embeddable":true,"href":"https:\/\/www.casaldelsinfants.org\/es\/wp-json\/wp\/v2\/tags?post=10465"},{"taxonomy":"seus","embeddable":true,"href":"https:\/\/www.casaldelsinfants.org\/es\/wp-json\/wp\/v2\/seus?post=10465"},{"taxonomy":"eixos","embeddable":true,"href":"https:\/\/www.casaldelsinfants.org\/es\/wp-json\/wp\/v2\/eixos?post=10465"}],"curies":[{"name":"wp","href":"https:\/\/api.w.org\/{rel}","templated":true}]}}