{"id":10467,"date":"2022-10-19T08:33:55","date_gmt":"2022-10-19T06:33:55","guid":{"rendered":"https:\/\/casal.puntzero.cat\/los-chicos-y-chicas-del-casal-jove-la-betsaida-participan-en-la-carrera-magic-bdn-running\/"},"modified":"2023-10-26T13:00:26","modified_gmt":"2023-10-26T11:00:26","slug":"los-chicos-y-chicas-del-casal-jove-la-betsaida-participan-en-la-carrera-magic-bdn-running","status":"publish","type":"post","link":"https:\/\/www.casaldelsinfants.org\/es\/actualidad\/los-chicos-y-chicas-del-casal-jove-la-betsaida-participan-en-la-carrera-magic-bdn-running\/","title":{"rendered":"Los chicos y chicas del Casal Jove la Betsaida participan en la carrera M\u00e0gic BDN Running"},"content":{"rendered":"<p>&nbsp;<\/p>\n<p dir=\"ltr\"><span style=\"color: #000000;\">Una veintena de ni\u00f1os y ni\u00f1as del Casal Jove la Betsaida, del Casal dels Infants de Badalona, participaron en la <strong>11\u00aa edici\u00f3n de M\u00e0gic BDN Running<\/strong> que se celebr\u00f3 el pasado domingo 16 de octubre, junto con sus educadores y educadoras, acompa\u00f1ados por los dem\u00e1s compa\u00f1eros y compa\u00f1eras.\u00a0<\/span><\/p>\n<p dir=\"ltr\"><span style=\"color: #000000;\">La carrera M\u00e0gic BDN Running propone diferentes recorridos de carrera y los chicos y chicas del Casal pudieron escoger en cual quer\u00edan participar: <strong>3 de ellos corrieron la carrera de 10 kil\u00f3metros; 11 j\u00f3venes y 3 personas del equipo educativo hicieron la de 5 kil\u00f3metros<\/strong>. Los acompa\u00f1aron 5 compa\u00f1eros y compa\u00f1eras que, a parte de darles \u00e1nimos, hicieron tambi\u00e9n un reportaje fotogr\u00e1fico de la jornada.\u00a0<\/span><\/p>\n<p dir=\"ltr\"><span style=\"color: #000000;\">Todas las carreras ten\u00edan el disparo de salida en la Avinguda Alfons XIII, y segu\u00edan un recorrido por lugares emblem\u00e1ticos de la ciudad de Badalona, en gran parte, por el Paseo Mar\u00edtimo. La presencia de chicos y chicas del Casal Jove la Betsaida en esta carrera se ha convertido ya en una tradici\u00f3n, ya que <strong>hace m\u00e1s de cinco a\u00f1os que nuestros y nuestras j\u00f3venes participan<\/strong>. <\/span><\/p>\n<div class=\"video-embed-field-responsive-video form-group\"><iframe loading=\"lazy\" src=\"https:\/\/www.youtube.com\/embed\/6e6uEyTmF44?autoplay=0&amp;start=0&amp;rel=0\" width=\"854\" height=\"480\" frameborder=\"0\" allowfullscreen=\"allowfullscreen\"><\/iframe><\/div>\n<p dir=\"ltr\">\n<p dir=\"ltr\"><span style=\"color: #000000;\">La M\u00e0gic BDN Running \u201cno es solo el d\u00eda de la carrera, sino tambi\u00e9n todo el proceso de preparaci\u00f3n\u201d, explica Alegria Qu\u00e0glia, educadora del Casal Jove la Betsaida. Una semana antes de la celebraci\u00f3n de la carrera, <strong>dos entrenadores profesionales vinieron al Casal de Badalona para dirigir un entrenamiento personalizado para los y las j\u00f3venes<\/strong>.\u00a0<\/span><\/p>\n<p dir=\"ltr\"><span style=\"color: #000000;\">Para el entrenamiento, los chicos y las chicas fueron al lado del r\u00edo para hacer varios ejercicios, como la carrera de fondo, la carrera de relevos, din\u00e1micas para trabajar la fuerza de piernas, bajar y subir escaleras, y estiramientos para acabar. Los profesionales insistieron, sobre todo, en la importancia de entrenarse previamente para hacer una actividad deportiva intensa, como es una carrera.\u00a0<\/span><\/p>\n<p dir=\"ltr\"><span style=\"color: #000000;\">En total, <strong>m\u00e1s de 3.000 personas participaron en la jornada<\/strong>. La <\/span><u><a href=\"https:\/\/magicbdnrunning.cat\/\" target=\"_blank\" rel=\"noopener\">M\u00e0gic BDN Running<\/a><\/u><span style=\"color: #000000;\"> es un memorial al atleta badalona Luis Condon, que el 2011 muri\u00f3 a causa de la leucemia. Por este motivo, la causa social de la organizaci\u00f3n se centra en la lucha de esta enfermedad, y dona 1\u20ac de cada inscripci\u00f3n a la Fundaci\u00f3n Josep Carreras.\u00a0<\/span><\/p>\n<blockquote><p><strong>Haz posible que continuemos acompa\u00f1ando y apoyando a ni\u00f1os, ni\u00f1as, j\u00f3venes y familias en situaci\u00f3n de vulnerabilidad.\u00a0<\/strong><\/p>\n<p>Haz\u00a0<strong>voluntariado<\/strong>. Inf\u00f3rmate\u00a0<a href=\"https:\/\/www.casaldelsinfants.org\/que-pots-fer-tu\/voluntariat\/\" target=\"_blank\" rel=\"noopener\"><u>aqu\u00ed<\/u><\/a>.<\/p>\n<p>Haz un\u00a0<strong>donativo<\/strong>\u00a0<a href=\"https:\/\/www.casaldelsinfants.org\/es\/dona-ahora\/\" target=\"_blank\" rel=\"noopener\"><u>aqu\u00ed<\/u><\/a>.<\/p><\/blockquote>\n","protected":false},"excerpt":{"rendered":"<p>&nbsp; Una veintena de ni\u00f1os y ni\u00f1as del Casal Jove la Betsaida, del Casal dels Infants de Badalona, participaron en la 11\u00aa edici\u00f3n de M\u00e0gic BDN Running que se celebr\u00f3 el pasado domingo 16 de octubre, junto con sus educadores y educadoras, acompa\u00f1ados por los dem\u00e1s compa\u00f1eros y compa\u00f1eras.\u00a0 La carrera M\u00e0gic BDN Running propone [&hellip;]<\/p>\n","protected":false},"author":1,"featured_media":10322,"comment_status":"open","ping_status":"open","sticky":false,"template":"","format":"standard","meta":{"_acf_changed":false,"_et_pb_use_builder":"","_et_pb_old_content":"","_et_gb_content_width":"","inline_featured_image":false,"footnotes":""},"categories":[125],"tags":[],"seus":[155],"eixos":[102],"class_list":["post-10467","post","type-post","status-publish","format-standard","has-post-thumbnail","hentry","category-noticias","seus-badalona","eixos-jovenes"],"acf":[],"yoast_head":"<!-- This site is optimized with the Yoast SEO plugin v27.4 - https:\/\/yoast.com\/product\/yoast-seo-wordpress\/ -->\n<title>Los chicos y chicas del Casal Jove la Betsaida participan en la carrera M\u00e0gic BDN Running - Casal dels Infants<\/title>\n<meta name=\"robots\" content=\"index, follow, max-snippet:-1, max-image-preview:large, max-video-preview:-1\" \/>\n<link rel=\"canonical\" href=\"https:\/\/www.casaldelsinfants.org\/es\/actualidad\/los-chicos-y-chicas-del-casal-jove-la-betsaida-participan-en-la-carrera-magic-bdn-running\/\" \/>\n<meta property=\"og:locale\" content=\"es_ES\" \/>\n<meta property=\"og:type\" content=\"article\" \/>\n<meta property=\"og:title\" content=\"Los chicos y chicas del Casal Jove la Betsaida participan en la carrera M\u00e0gic BDN Running - Casal dels Infants\" \/>\n<meta property=\"og:description\" content=\"&nbsp; Una veintena de ni\u00f1os y ni\u00f1as del Casal Jove la Betsaida, del Casal dels Infants de Badalona, participaron en la 11\u00aa edici\u00f3n de M\u00e0gic BDN Running que se celebr\u00f3 el pasado domingo 16 de octubre, junto con sus educadores y educadoras, acompa\u00f1ados por los dem\u00e1s compa\u00f1eros y compa\u00f1eras.\u00a0 La carrera M\u00e0gic BDN Running propone [&hellip;]\" \/>\n<meta property=\"og:url\" content=\"https:\/\/www.casaldelsinfants.org\/es\/actualidad\/los-chicos-y-chicas-del-casal-jove-la-betsaida-participan-en-la-carrera-magic-bdn-running\/\" \/>\n<meta property=\"og:site_name\" content=\"Casal dels Infants\" \/>\n<meta property=\"article:publisher\" content=\"https:\/\/www.facebook.com\/casalinfants\" \/>\n<meta property=\"article:published_time\" content=\"2022-10-19T06:33:55+00:00\" \/>\n<meta property=\"article:modified_time\" content=\"2023-10-26T11:00:26+00:00\" \/>\n<meta property=\"og:image\" content=\"https:\/\/www.casaldelsinfants.org\/wp-content\/uploads\/whatsapp_image_2022-10-18_at_11.46.32-1.webp\" \/>\n\t<meta property=\"og:image:width\" content=\"1024\" \/>\n\t<meta property=\"og:image:height\" content=\"768\" \/>\n\t<meta property=\"og:image:type\" content=\"image\/jpeg\" \/>\n<meta name=\"author\" content=\"cdiAdmin\" \/>\n<meta name=\"twitter:card\" content=\"summary_large_image\" \/>\n<meta name=\"twitter:creator\" content=\"@casalinfants\" \/>\n<meta name=\"twitter:site\" content=\"@casalinfants\" \/>\n<meta name=\"twitter:label1\" content=\"Escrito por\" \/>\n\t<meta name=\"twitter:data1\" content=\"cdiAdmin\" \/>\n\t<meta name=\"twitter:label2\" content=\"Tiempo de lectura\" \/>\n\t<meta name=\"twitter:data2\" content=\"2 minutos\" \/>\n<script type=\"application\/ld+json\" class=\"yoast-schema-graph\">{\"@context\":\"https:\\\/\\\/schema.org\",\"@graph\":[{\"@type\":\"Article\",\"@id\":\"https:\\\/\\\/www.casaldelsinfants.org\\\/es\\\/actualidad\\\/los-chicos-y-chicas-del-casal-jove-la-betsaida-participan-en-la-carrera-magic-bdn-running\\\/#article\",\"isPartOf\":{\"@id\":\"https:\\\/\\\/www.casaldelsinfants.org\\\/es\\\/actualidad\\\/los-chicos-y-chicas-del-casal-jove-la-betsaida-participan-en-la-carrera-magic-bdn-running\\\/\"},\"author\":{\"name\":\"cdiAdmin\",\"@id\":\"https:\\\/\\\/www.casaldelsinfants.org\\\/es\\\/#\\\/schema\\\/person\\\/97707fc8c64900cf36891127dbf9fba8\"},\"headline\":\"Los chicos y chicas del Casal Jove la Betsaida participan en la carrera M\u00e0gic BDN Running\",\"datePublished\":\"2022-10-19T06:33:55+00:00\",\"dateModified\":\"2023-10-26T11:00:26+00:00\",\"mainEntityOfPage\":{\"@id\":\"https:\\\/\\\/www.casaldelsinfants.org\\\/es\\\/actualidad\\\/los-chicos-y-chicas-del-casal-jove-la-betsaida-participan-en-la-carrera-magic-bdn-running\\\/\"},\"wordCount\":433,\"commentCount\":0,\"publisher\":{\"@id\":\"https:\\\/\\\/www.casaldelsinfants.org\\\/es\\\/#organization\"},\"image\":{\"@id\":\"https:\\\/\\\/www.casaldelsinfants.org\\\/es\\\/actualidad\\\/los-chicos-y-chicas-del-casal-jove-la-betsaida-participan-en-la-carrera-magic-bdn-running\\\/#primaryimage\"},\"thumbnailUrl\":\"https:\\\/\\\/www.casaldelsinfants.org\\\/wp-content\\\/uploads\\\/whatsapp_image_2022-10-18_at_11.46.32-1.webp\",\"articleSection\":[\"Noticia\"],\"inLanguage\":\"es\",\"potentialAction\":[{\"@type\":\"CommentAction\",\"name\":\"Comment\",\"target\":[\"https:\\\/\\\/www.casaldelsinfants.org\\\/es\\\/actualidad\\\/los-chicos-y-chicas-del-casal-jove-la-betsaida-participan-en-la-carrera-magic-bdn-running\\\/#respond\"]}]},{\"@type\":\"WebPage\",\"@id\":\"https:\\\/\\\/www.casaldelsinfants.org\\\/es\\\/actualidad\\\/los-chicos-y-chicas-del-casal-jove-la-betsaida-participan-en-la-carrera-magic-bdn-running\\\/\",\"url\":\"https:\\\/\\\/www.casaldelsinfants.org\\\/es\\\/actualidad\\\/los-chicos-y-chicas-del-casal-jove-la-betsaida-participan-en-la-carrera-magic-bdn-running\\\/\",\"name\":\"Los chicos y chicas del Casal Jove la Betsaida participan en la carrera M\u00e0gic BDN Running - Casal dels Infants\",\"isPartOf\":{\"@id\":\"https:\\\/\\\/www.casaldelsinfants.org\\\/es\\\/#website\"},\"primaryImageOfPage\":{\"@id\":\"https:\\\/\\\/www.casaldelsinfants.org\\\/es\\\/actualidad\\\/los-chicos-y-chicas-del-casal-jove-la-betsaida-participan-en-la-carrera-magic-bdn-running\\\/#primaryimage\"},\"image\":{\"@id\":\"https:\\\/\\\/www.casaldelsinfants.org\\\/es\\\/actualidad\\\/los-chicos-y-chicas-del-casal-jove-la-betsaida-participan-en-la-carrera-magic-bdn-running\\\/#primaryimage\"},\"thumbnailUrl\":\"https:\\\/\\\/www.casaldelsinfants.org\\\/wp-content\\\/uploads\\\/whatsapp_image_2022-10-18_at_11.46.32-1.webp\",\"datePublished\":\"2022-10-19T06:33:55+00:00\",\"dateModified\":\"2023-10-26T11:00:26+00:00\",\"breadcrumb\":{\"@id\":\"https:\\\/\\\/www.casaldelsinfants.org\\\/es\\\/actualidad\\\/los-chicos-y-chicas-del-casal-jove-la-betsaida-participan-en-la-carrera-magic-bdn-running\\\/#breadcrumb\"},\"inLanguage\":\"es\",\"potentialAction\":[{\"@type\":\"ReadAction\",\"target\":[\"https:\\\/\\\/www.casaldelsinfants.org\\\/es\\\/actualidad\\\/los-chicos-y-chicas-del-casal-jove-la-betsaida-participan-en-la-carrera-magic-bdn-running\\\/\"]}]},{\"@type\":\"ImageObject\",\"inLanguage\":\"es\",\"@id\":\"https:\\\/\\\/www.casaldelsinfants.org\\\/es\\\/actualidad\\\/los-chicos-y-chicas-del-casal-jove-la-betsaida-participan-en-la-carrera-magic-bdn-running\\\/#primaryimage\",\"url\":\"https:\\\/\\\/www.casaldelsinfants.org\\\/wp-content\\\/uploads\\\/whatsapp_image_2022-10-18_at_11.46.32-1.webp\",\"contentUrl\":\"https:\\\/\\\/www.casaldelsinfants.org\\\/wp-content\\\/uploads\\\/whatsapp_image_2022-10-18_at_11.46.32-1.webp\",\"width\":1024,\"height\":768,\"caption\":\"Els nois i noies del Casal Jove la Betsaida participen a la cursa M\u00e0gic BDN Running\"},{\"@type\":\"BreadcrumbList\",\"@id\":\"https:\\\/\\\/www.casaldelsinfants.org\\\/es\\\/actualidad\\\/los-chicos-y-chicas-del-casal-jove-la-betsaida-participan-en-la-carrera-magic-bdn-running\\\/#breadcrumb\",\"itemListElement\":[{\"@type\":\"ListItem\",\"position\":1,\"name\":\"Inici\",\"item\":\"https:\\\/\\\/www.casaldelsinfants.org\\\/es\\\/\"},{\"@type\":\"ListItem\",\"position\":2,\"name\":\"Los chicos y chicas del Casal Jove la Betsaida participan en la carrera M\u00e0gic BDN Running\"}]},{\"@type\":\"WebSite\",\"@id\":\"https:\\\/\\\/www.casaldelsinfants.org\\\/es\\\/#website\",\"url\":\"https:\\\/\\\/www.casaldelsinfants.org\\\/es\\\/\",\"name\":\"Casal dels Infants\",\"description\":\"\",\"publisher\":{\"@id\":\"https:\\\/\\\/www.casaldelsinfants.org\\\/es\\\/#organization\"},\"potentialAction\":[{\"@type\":\"SearchAction\",\"target\":{\"@type\":\"EntryPoint\",\"urlTemplate\":\"https:\\\/\\\/www.casaldelsinfants.org\\\/es\\\/?s={search_term_string}\"},\"query-input\":{\"@type\":\"PropertyValueSpecification\",\"valueRequired\":true,\"valueName\":\"search_term_string\"}}],\"inLanguage\":\"es\"},{\"@type\":\"Organization\",\"@id\":\"https:\\\/\\\/www.casaldelsinfants.org\\\/es\\\/#organization\",\"name\":\"Casal dels Infants\",\"url\":\"https:\\\/\\\/www.casaldelsinfants.org\\\/es\\\/\",\"logo\":{\"@type\":\"ImageObject\",\"inLanguage\":\"es\",\"@id\":\"https:\\\/\\\/www.casaldelsinfants.org\\\/es\\\/#\\\/schema\\\/logo\\\/image\\\/\",\"url\":\"https:\\\/\\\/www.casaldelsinfants.org\\\/wp-content\\\/uploads\\\/logo-mail.png\",\"contentUrl\":\"https:\\\/\\\/www.casaldelsinfants.org\\\/wp-content\\\/uploads\\\/logo-mail.png\",\"width\":380,\"height\":158,\"caption\":\"Casal dels Infants\"},\"image\":{\"@id\":\"https:\\\/\\\/www.casaldelsinfants.org\\\/es\\\/#\\\/schema\\\/logo\\\/image\\\/\"},\"sameAs\":[\"https:\\\/\\\/www.facebook.com\\\/casalinfants\",\"https:\\\/\\\/x.com\\\/casalinfants\",\"https:\\\/\\\/www.youtube.com\\\/user\\\/CasaldelsInfants1\",\"https:\\\/\\\/www.instagram.com\\\/casalinfants\\\/\",\"https:\\\/\\\/www.linkedin.com\\\/company\\\/casaldelsinfants?trk=organization-update_share-update_actor-text\"]},{\"@type\":\"Person\",\"@id\":\"https:\\\/\\\/www.casaldelsinfants.org\\\/es\\\/#\\\/schema\\\/person\\\/97707fc8c64900cf36891127dbf9fba8\",\"name\":\"cdiAdmin\",\"sameAs\":[\"https:\\\/\\\/casaldelsinfants.org\"]}]}<\/script>\n<!-- \/ Yoast SEO plugin. -->","yoast_head_json":{"title":"Los chicos y chicas del Casal Jove la Betsaida participan en la carrera M\u00e0gic BDN Running - Casal dels Infants","robots":{"index":"index","follow":"follow","max-snippet":"max-snippet:-1","max-image-preview":"max-image-preview:large","max-video-preview":"max-video-preview:-1"},"canonical":"https:\/\/www.casaldelsinfants.org\/es\/actualidad\/los-chicos-y-chicas-del-casal-jove-la-betsaida-participan-en-la-carrera-magic-bdn-running\/","og_locale":"es_ES","og_type":"article","og_title":"Los chicos y chicas del Casal Jove la Betsaida participan en la carrera M\u00e0gic BDN Running - Casal dels Infants","og_description":"&nbsp; Una veintena de ni\u00f1os y ni\u00f1as del Casal Jove la Betsaida, del Casal dels Infants de Badalona, participaron en la 11\u00aa edici\u00f3n de M\u00e0gic BDN Running que se celebr\u00f3 el pasado domingo 16 de octubre, junto con sus educadores y educadoras, acompa\u00f1ados por los dem\u00e1s compa\u00f1eros y compa\u00f1eras.\u00a0 La carrera M\u00e0gic BDN Running propone [&hellip;]","og_url":"https:\/\/www.casaldelsinfants.org\/es\/actualidad\/los-chicos-y-chicas-del-casal-jove-la-betsaida-participan-en-la-carrera-magic-bdn-running\/","og_site_name":"Casal dels Infants","article_publisher":"https:\/\/www.facebook.com\/casalinfants","article_published_time":"2022-10-19T06:33:55+00:00","article_modified_time":"2023-10-26T11:00:26+00:00","og_image":[{"width":1024,"height":768,"url":"https:\/\/www.casaldelsinfants.org\/wp-content\/uploads\/whatsapp_image_2022-10-18_at_11.46.32-1.webp","type":"image\/jpeg"}],"author":"cdiAdmin","twitter_card":"summary_large_image","twitter_creator":"@casalinfants","twitter_site":"@casalinfants","twitter_misc":{"Escrito por":"cdiAdmin","Tiempo de lectura":"2 minutos"},"schema":{"@context":"https:\/\/schema.org","@graph":[{"@type":"Article","@id":"https:\/\/www.casaldelsinfants.org\/es\/actualidad\/los-chicos-y-chicas-del-casal-jove-la-betsaida-participan-en-la-carrera-magic-bdn-running\/#article","isPartOf":{"@id":"https:\/\/www.casaldelsinfants.org\/es\/actualidad\/los-chicos-y-chicas-del-casal-jove-la-betsaida-participan-en-la-carrera-magic-bdn-running\/"},"author":{"name":"cdiAdmin","@id":"https:\/\/www.casaldelsinfants.org\/es\/#\/schema\/person\/97707fc8c64900cf36891127dbf9fba8"},"headline":"Los chicos y chicas del Casal Jove la Betsaida participan en la carrera M\u00e0gic BDN Running","datePublished":"2022-10-19T06:33:55+00:00","dateModified":"2023-10-26T11:00:26+00:00","mainEntityOfPage":{"@id":"https:\/\/www.casaldelsinfants.org\/es\/actualidad\/los-chicos-y-chicas-del-casal-jove-la-betsaida-participan-en-la-carrera-magic-bdn-running\/"},"wordCount":433,"commentCount":0,"publisher":{"@id":"https:\/\/www.casaldelsinfants.org\/es\/#organization"},"image":{"@id":"https:\/\/www.casaldelsinfants.org\/es\/actualidad\/los-chicos-y-chicas-del-casal-jove-la-betsaida-participan-en-la-carrera-magic-bdn-running\/#primaryimage"},"thumbnailUrl":"https:\/\/www.casaldelsinfants.org\/wp-content\/uploads\/whatsapp_image_2022-10-18_at_11.46.32-1.webp","articleSection":["Noticia"],"inLanguage":"es","potentialAction":[{"@type":"CommentAction","name":"Comment","target":["https:\/\/www.casaldelsinfants.org\/es\/actualidad\/los-chicos-y-chicas-del-casal-jove-la-betsaida-participan-en-la-carrera-magic-bdn-running\/#respond"]}]},{"@type":"WebPage","@id":"https:\/\/www.casaldelsinfants.org\/es\/actualidad\/los-chicos-y-chicas-del-casal-jove-la-betsaida-participan-en-la-carrera-magic-bdn-running\/","url":"https:\/\/www.casaldelsinfants.org\/es\/actualidad\/los-chicos-y-chicas-del-casal-jove-la-betsaida-participan-en-la-carrera-magic-bdn-running\/","name":"Los chicos y chicas del Casal Jove la Betsaida participan en la carrera M\u00e0gic BDN Running - Casal dels Infants","isPartOf":{"@id":"https:\/\/www.casaldelsinfants.org\/es\/#website"},"primaryImageOfPage":{"@id":"https:\/\/www.casaldelsinfants.org\/es\/actualidad\/los-chicos-y-chicas-del-casal-jove-la-betsaida-participan-en-la-carrera-magic-bdn-running\/#primaryimage"},"image":{"@id":"https:\/\/www.casaldelsinfants.org\/es\/actualidad\/los-chicos-y-chicas-del-casal-jove-la-betsaida-participan-en-la-carrera-magic-bdn-running\/#primaryimage"},"thumbnailUrl":"https:\/\/www.casaldelsinfants.org\/wp-content\/uploads\/whatsapp_image_2022-10-18_at_11.46.32-1.webp","datePublished":"2022-10-19T06:33:55+00:00","dateModified":"2023-10-26T11:00:26+00:00","breadcrumb":{"@id":"https:\/\/www.casaldelsinfants.org\/es\/actualidad\/los-chicos-y-chicas-del-casal-jove-la-betsaida-participan-en-la-carrera-magic-bdn-running\/#breadcrumb"},"inLanguage":"es","potentialAction":[{"@type":"ReadAction","target":["https:\/\/www.casaldelsinfants.org\/es\/actualidad\/los-chicos-y-chicas-del-casal-jove-la-betsaida-participan-en-la-carrera-magic-bdn-running\/"]}]},{"@type":"ImageObject","inLanguage":"es","@id":"https:\/\/www.casaldelsinfants.org\/es\/actualidad\/los-chicos-y-chicas-del-casal-jove-la-betsaida-participan-en-la-carrera-magic-bdn-running\/#primaryimage","url":"https:\/\/www.casaldelsinfants.org\/wp-content\/uploads\/whatsapp_image_2022-10-18_at_11.46.32-1.webp","contentUrl":"https:\/\/www.casaldelsinfants.org\/wp-content\/uploads\/whatsapp_image_2022-10-18_at_11.46.32-1.webp","width":1024,"height":768,"caption":"Els nois i noies del Casal Jove la Betsaida participen a la cursa M\u00e0gic BDN Running"},{"@type":"BreadcrumbList","@id":"https:\/\/www.casaldelsinfants.org\/es\/actualidad\/los-chicos-y-chicas-del-casal-jove-la-betsaida-participan-en-la-carrera-magic-bdn-running\/#breadcrumb","itemListElement":[{"@type":"ListItem","position":1,"name":"Inici","item":"https:\/\/www.casaldelsinfants.org\/es\/"},{"@type":"ListItem","position":2,"name":"Los chicos y chicas del Casal Jove la Betsaida participan en la carrera M\u00e0gic BDN Running"}]},{"@type":"WebSite","@id":"https:\/\/www.casaldelsinfants.org\/es\/#website","url":"https:\/\/www.casaldelsinfants.org\/es\/","name":"Casal dels Infants","description":"","publisher":{"@id":"https:\/\/www.casaldelsinfants.org\/es\/#organization"},"potentialAction":[{"@type":"SearchAction","target":{"@type":"EntryPoint","urlTemplate":"https:\/\/www.casaldelsinfants.org\/es\/?s={search_term_string}"},"query-input":{"@type":"PropertyValueSpecification","valueRequired":true,"valueName":"search_term_string"}}],"inLanguage":"es"},{"@type":"Organization","@id":"https:\/\/www.casaldelsinfants.org\/es\/#organization","name":"Casal dels Infants","url":"https:\/\/www.casaldelsinfants.org\/es\/","logo":{"@type":"ImageObject","inLanguage":"es","@id":"https:\/\/www.casaldelsinfants.org\/es\/#\/schema\/logo\/image\/","url":"https:\/\/www.casaldelsinfants.org\/wp-content\/uploads\/logo-mail.png","contentUrl":"https:\/\/www.casaldelsinfants.org\/wp-content\/uploads\/logo-mail.png","width":380,"height":158,"caption":"Casal dels Infants"},"image":{"@id":"https:\/\/www.casaldelsinfants.org\/es\/#\/schema\/logo\/image\/"},"sameAs":["https:\/\/www.facebook.com\/casalinfants","https:\/\/x.com\/casalinfants","https:\/\/www.youtube.com\/user\/CasaldelsInfants1","https:\/\/www.instagram.com\/casalinfants\/","https:\/\/www.linkedin.com\/company\/casaldelsinfants?trk=organization-update_share-update_actor-text"]},{"@type":"Person","@id":"https:\/\/www.casaldelsinfants.org\/es\/#\/schema\/person\/97707fc8c64900cf36891127dbf9fba8","name":"cdiAdmin","sameAs":["https:\/\/casaldelsinfants.org"]}]}},"publishpress_future_action":{"enabled":false,"date":"2026-05-08 05:32:31","action":"change-status","newStatus":"draft","terms":[],"taxonomy":"category","extraData":[]},"publishpress_future_workflow_manual_trigger":{"enabledWorkflows":[]},"_links":{"self":[{"href":"https:\/\/www.casaldelsinfants.org\/es\/wp-json\/wp\/v2\/posts\/10467","targetHints":{"allow":["GET"]}}],"collection":[{"href":"https:\/\/www.casaldelsinfants.org\/es\/wp-json\/wp\/v2\/posts"}],"about":[{"href":"https:\/\/www.casaldelsinfants.org\/es\/wp-json\/wp\/v2\/types\/post"}],"author":[{"embeddable":true,"href":"https:\/\/www.casaldelsinfants.org\/es\/wp-json\/wp\/v2\/users\/1"}],"replies":[{"embeddable":true,"href":"https:\/\/www.casaldelsinfants.org\/es\/wp-json\/wp\/v2\/comments?post=10467"}],"version-history":[{"count":2,"href":"https:\/\/www.casaldelsinfants.org\/es\/wp-json\/wp\/v2\/posts\/10467\/revisions"}],"predecessor-version":[{"id":14969,"href":"https:\/\/www.casaldelsinfants.org\/es\/wp-json\/wp\/v2\/posts\/10467\/revisions\/14969"}],"wp:featuredmedia":[{"embeddable":true,"href":"https:\/\/www.casaldelsinfants.org\/es\/wp-json\/wp\/v2\/media\/10322"}],"wp:attachment":[{"href":"https:\/\/www.casaldelsinfants.org\/es\/wp-json\/wp\/v2\/media?parent=10467"}],"wp:term":[{"taxonomy":"category","embeddable":true,"href":"https:\/\/www.casaldelsinfants.org\/es\/wp-json\/wp\/v2\/categories?post=10467"},{"taxonomy":"post_tag","embeddable":true,"href":"https:\/\/www.casaldelsinfants.org\/es\/wp-json\/wp\/v2\/tags?post=10467"},{"taxonomy":"seus","embeddable":true,"href":"https:\/\/www.casaldelsinfants.org\/es\/wp-json\/wp\/v2\/seus?post=10467"},{"taxonomy":"eixos","embeddable":true,"href":"https:\/\/www.casaldelsinfants.org\/es\/wp-json\/wp\/v2\/eixos?post=10467"}],"curies":[{"name":"wp","href":"https:\/\/api.w.org\/{rel}","templated":true}]}}