{"id":10469,"date":"2022-10-13T15:43:51","date_gmt":"2022-10-13T13:43:51","guid":{"rendered":"https:\/\/casal.puntzero.cat\/el-refuerzo-educativo-como-herramienta-para-la-educacion-en-igualdad-de-condiciones\/"},"modified":"2023-10-26T12:58:30","modified_gmt":"2023-10-26T10:58:30","slug":"el-refuerzo-educativo-como-herramienta-para-la-educacion-en-igualdad-de-condiciones","status":"publish","type":"post","link":"https:\/\/www.casaldelsinfants.org\/es\/actualidad\/el-refuerzo-educativo-como-herramienta-para-la-educacion-en-igualdad-de-condiciones\/","title":{"rendered":"El refuerzo educativo como herramienta para la educaci\u00f3n en igualdad de condiciones"},"content":{"rendered":"<p>&nbsp;<\/p>\n<p dir=\"ltr\"><span style=\"color: #000000;\">Durante las tardes en el Casal <strong>garantizamos espacios de refuerzo educativo y ocio para ni\u00f1os, ni\u00f1as, adolescentes y j\u00f3venes <\/strong>en riesgo de exclusi\u00f3n social. Son espacios donde j\u00f3venes como Antonio, Esperanza y Aminata, del Centro Socioeducativo Adolescentes del Casal dels Infants de Badalona, repasan los contenidos del curr\u00edculum escolar, consolidan h\u00e1bitos de estudio y reciben apoyo acad\u00e9mico, y emocional, del equipo de educadores y educadoras y de personas voluntarias.\u00a0<\/span><\/p>\n<p dir=\"ltr\"><span style=\"color: #000000;\">En el Instituto Eugeni d\u2019Ors, la tarde empieza con las manos lavadas y la merienda. Terminada la primera rotllana, los chicos y chicas se reparten en tres aulas para empezar con el rato de refuerzo educativo, con el acompa\u00f1amiento de los educadores y educadoras y una persona voluntaria. Los que tienen <strong>deberes o ex\u00e1menes<\/strong> los preparan, y los que est\u00e1n libres de tareas, cogen fichas para <strong>repasar temario<\/strong>.\u00a0<\/span><\/p>\n<p dir=\"ltr\"><span style=\"color: #000000;\">\u201cA veces no ha\u00a0acabado los deberes en clase, y vengo aqu\u00ed y los acabo todos, y todo lo que no entiendo lo puedo preguntar a las educadoras\u201d, explica Esperanza, estudiante de 2\u00ba de la ESO. \u201cPodemos hacer los deberes en casa, pero aqu\u00ed los hacemos mejor y es menos aburrido\u201d, a\u00f1ade Aminata, compa\u00f1era del Casal y estudiante de 1\u00ba de la ESO.\u00a0<\/span><\/p>\n<p dir=\"ltr\"><span style=\"color: #000000;\">Los <strong>espacios de refuerzo educativo son claves para corregir las desigualdades educativas<\/strong>. Desarrollamos este acompa\u00f1amiento educativo m\u00e1s individualizado e intensivo con la intenci\u00f3n de favorecer el \u00e9xito educativo de ni\u00f1os, ni\u00f1as y j\u00f3venes y reducir las desigualdades, que desafortunadamente contin\u00faan presentes en las escuelas e institutos. El origen social y migratorio sigue comportando un riesgo m\u00e1s elevado de fracaso escolar, bajo rendimiento acad\u00e9mico y abandono escolar prematuro, hecho que se ha visto agravado a ra\u00edz de la pandemia de la covid-19.\u00a0<\/span><\/p>\n<blockquote><p><span style=\"color: #000000;\"><span style=\"font-size: 24px;\"><strong>El origen social y migratorio sigue comportando un riesgo m\u00e1s elevado de fracaso escolar, bajo rendimiento acad\u00e9mico y abandono escolar prematuro.<\/strong><\/span><\/span><\/p><\/blockquote>\n<p><img decoding=\"async\" class=\"align-center\" src=\"\/wp-content\/uploads\/inline-images\/_1290042.JPG\" alt=\"Dos nois fan els deures junts. \" width=\"480\" height=\"360\" data-entity-type=\"file\" data-entity-uuid=\"1e66e554-0205-4396-ab64-5807d0d5a683\" data-image-style=\"large\" \/><\/p>\n<p dir=\"ltr\"><span style=\"color: #000000;\">\u201cEn el instituto tambi\u00e9n encuentro espacios de refuerzo educativo, pero aqu\u00ed es diferente. En el instituto, en clase hay los listos y los dem\u00e1s, y no te ayudan si ves que lo haces mal. Aqu\u00ed todos somos una pi\u00f1a, y si alguien ve que te est\u00e1s equivocando te lo dicen y se te queda m\u00e1s grabado, porque te est\u00e1 ayudando un compa\u00f1ero\u201d, relata Antonio, estudiante de 3\u00ba de la ESO.\u00a0<\/span><\/p>\n<p dir=\"ltr\">\n<p dir=\"ltr\"><strong>El abandono escolar prematuro aumenta el riesgo de exclusi\u00f3n social\u00a0<\/strong><\/p>\n<p dir=\"ltr\"><span style=\"color: #000000;\">En los \u00faltimos quince a\u00f1os, el abandono escolar prematuro, es decir, el porcentaje de j\u00f3venes de entre 18 y 24 a\u00f1os que no ha estudiado m\u00e1s all\u00e1 de la ESO, se ha reducido a la mitad, pero la cifra en Catalunya sigue al 15%, por encima de la media del estado espa\u00f1ol (13%) y de la Uni\u00f3n Europea (10%), <\/span><u><a href=\"https:\/\/educacio.gencat.cat\/ca\/departament\/estadistiques\/indicadors\/europeus\/abandonament-prematur\/\" target=\"_blank\" rel=\"noopener\">seg\u00fan datos del Departament d\u2019Educaci\u00f3<\/a><\/u><span style=\"color: #000000;\"> del 2021. <strong>Dejar los estudios tan temprano incrementa el riesgo de exclusi\u00f3n social<\/strong> de estos chicos y chicas. La tasa de paro entre la juventud que como m\u00e1ximo tiene los estudios obligatorios es del 33%, m\u00e1s del doble que los que han hecho estudios postobligatorios (14,1%), seg\u00fan datos de la Encuesta de Poblaci\u00f3n Activa del primer trimestre de 2022.<\/span><b>\u00a0<\/b><\/p>\n<blockquote>\n<p dir=\"ltr\"><span style=\"font-size: 24px;\"><span style=\"color: #000000;\"><strong>Dejar los estudios en la educaci\u00f3n secundaria obligatoria\u00a0incrementa el riesgo de exclusi\u00f3n social de estos chicos y chicas.<\/strong><\/span><\/span><\/p>\n<\/blockquote>\n<p dir=\"ltr\"><strong>Ocio saludable para reducir las desigualdades<\/strong><\/p>\n<p dir=\"ltr\"><span style=\"color: #000000;\">Participar en actividades fuera del horario escolar equivale a una ganancia de dos meses en el progreso acad\u00e9mico de los alumnos en un curso escolar, y hasta dos meses y medio para ni\u00f1os y ni\u00f1as en situaci\u00f3n de vulnerabilidad, seg\u00fan un informe de <\/span><u><a href=\"https:\/\/educationendowmentfoundation.org.uk\/education-evidence\/teaching-learning-toolkit\/extending-school-time\" target=\"_blank\" rel=\"noopener\">Education Endowment Foundation<\/a><\/u><span style=\"color: #000000;\">, a parte de la mejora en las habilidades psicosociales y la reducci\u00f3n de comportamientos de riesgo.\u00a0<\/span><\/p>\n<p><img decoding=\"async\" class=\"align-center\" src=\"\/wp-content\/uploads\/inline-images\/_1290139.JPG\" alt=\"Nois i noies en una rotllana al pati de l'institut. \" width=\"480\" height=\"360\" data-entity-type=\"file\" data-entity-uuid=\"7a8c478c-c946-4957-bfcc-7c5f9d3a724c\" data-image-style=\"large\" \/><\/p>\n<p dir=\"ltr\">\n<p dir=\"ltr\"><span style=\"color: #000000;\"><strong>El acceso a este tipo de actividades est\u00e1 condicionado, sobre todo, por si se trata de un ni\u00f1o o una ni\u00f1a, y por el capital econ\u00f3mico y cultural de la familia<\/strong>, seg\u00fan el <\/span><u><a href=\"https:\/\/www.sindic.cat\/site\/unitFiles\/3687\/Informe%20sobre%20el%20lleure%20educatiu.pdf\" target=\"_blank\" rel=\"noopener\">S\u00edndic de Greuges<\/a><\/u><span style=\"color: #000000;\">. La participaci\u00f3n en actividades extraescolares de hijos e hijas de directivos y directivas era de m\u00e1s de 30 puntos por encima de hijos e hijas de trabajadores y trabajadoras no cualificados, tanto en las actividades extraescolares deportivas (con una participaci\u00f3n del 83,5% y del 50%, respectivamente) como en las culturales y acad\u00e9micas (57,1% y 21,4%).\u00a0<\/span><\/p>\n<p dir=\"ltr\"><span style=\"color: #000000;\">Los centros abiertos y los centros y espacios socioeducativos del Casal dels Infants son espacios que, aparte de contar con los ratos de refuerzo educativo, tambi\u00e9n desarrollan actividades deportivas y de ocio educativo, para reforzar <strong>h\u00e1bitos saludables y una buena alimentaci\u00f3n<\/strong>, donde se trabaja en las <strong>habilidades sociales<\/strong> con los compa\u00f1eros y compa\u00f1eras y el entorno, las emociones y el autoconocimiento.\u00a0<\/span><\/p>\n<p dir=\"ltr\"><span style=\"color: #000000;\">Para los chicos y chicas del Centro Socioeducativo Adolescentes de Badalona, la tarde termina en el patio, con din\u00e1micas de juego para activar el cuerpo y practicar la escucha activa. Al final, como siempre, cierran la tarde con una rotllana, donde cada uno escoge una palabra o frase que encapsule el rato compartido. Alegr\u00eda, compa\u00f1erismo, \u201ccansado pero divertido\u201d y \u201cmuy buena tarde\u201d son las expresiones que m\u00e1s se repiten.<\/span><\/p>\n<blockquote>\n<p dir=\"ltr\">Con tu apoyo, podremos continuar acompa\u00f1ando m\u00e1s de 6.000 ni\u00f1os, ni\u00f1as, padres y madres en riesgo de exclusi\u00f3n social a trav\u00e9s de 63 servicios socioeducativos.<\/p>\n<p dir=\"ltr\"><strong>Haz un donativo\u00a0<u><a href=\"https:\/\/www.casaldelsinfants.org\/es\/dona-ahora\/\">aqu\u00ed<\/a><\/u>.<\/strong><\/p>\n<p dir=\"ltr\"><strong>Hazte voluntario\/a\u00a0<a href=\"https:\/\/www.casaldelsinfants.org\/que-pots-fer-tu\/voluntariat\/\"><u>aqu\u00ed<\/u><\/a>.<\/strong><\/p>\n<\/blockquote>\n","protected":false},"excerpt":{"rendered":"<div class=\"video-embed-field-responsive-video form-group\"><iframe loading=\"lazy\" width=\"854\" height=\"480\" frameborder=\"0\" allowfullscreen=\"allowfullscreen\" src=\"https:\/\/www.youtube.com\/embed\/I_tJjnpV2oc?autoplay=0&amp;start=0&amp;rel=0\"><\/iframe>\n<\/div>\n<p class=\"text-align-center\"><meta charset=\"utf-8\" \/><\/p>\n<p class=\"text-align-center\"><meta charset=\"utf-8\" \/><\/p>\n<p class=\"text-align-center\" dir=\"ltr\">\u00a0<\/p>\n<p class=\"text-align-center\" dir=\"ltr\">En el Casal dels Infants hace casi un mes que hemos empezado con las actividades del nuevo curso 2022-23, a los 57 servicios socioeducativos que tenemos en Barcelona, Badalona, Santa Coloma de Gramenet, Sant Adri\u00e0 del Bes\u00f2s y Salt, en Girona. Un a\u00f1o m\u00e1s, nos centramos en la educaci\u00f3n como herramienta principal para la transformaci\u00f3n social y para acercarnos a la igualdad de oportunidades entre ni\u00f1os, ni\u00f1as, j\u00f3venes y familias en riesgo de exclusi\u00f3n social, a pesar que el contexto econ\u00f2mico y social lo hace muy dif\u00edcil.\u00a0<\/p>\n","protected":false},"author":1,"featured_media":0,"comment_status":"open","ping_status":"open","sticky":false,"template":"","format":"standard","meta":{"_acf_changed":false,"_et_pb_use_builder":"","_et_pb_old_content":"","_et_gb_content_width":"","inline_featured_image":false,"footnotes":""},"categories":[105],"tags":[],"seus":[],"eixos":[99],"class_list":["post-10469","post","type-post","status-publish","format-standard","hentry","category-reportaje","eixos-infancia-y-adolescencia"],"acf":[],"yoast_head":"<!-- This site is optimized with the Yoast SEO plugin v27.4 - https:\/\/yoast.com\/product\/yoast-seo-wordpress\/ -->\n<title>El refuerzo educativo como herramienta para la educaci\u00f3n en igualdad de condiciones<\/title>\n<meta name=\"description\" content=\"Durant les tardes, al Casal garantim espais de refor\u00e7 educatiu i lleure per a infants, adolescents i joves en risc d\u2019exclusi\u00f3 social. S\u00f3n espais on infants i joves repassen els continguts del curr\u00edculum escolar, consoliden h\u00e0bits d\u2019estudi i reben suport de l\u2019equip d\u2019educadors i educadores i de persones volunt\u00e0ries.\" \/>\n<meta name=\"robots\" content=\"index, follow, max-snippet:-1, max-image-preview:large, max-video-preview:-1\" \/>\n<link rel=\"canonical\" href=\"https:\/\/www.casaldelsinfants.org\/es\/actualidad\/el-refuerzo-educativo-como-herramienta-para-la-educacion-en-igualdad-de-condiciones\/\" \/>\n<meta property=\"og:locale\" content=\"es_ES\" \/>\n<meta property=\"og:type\" content=\"article\" \/>\n<meta property=\"og:title\" content=\"El refuerzo educativo como herramienta para la educaci\u00f3n en igualdad de condiciones\" \/>\n<meta property=\"og:description\" content=\"Durant les tardes, al Casal garantim espais de refor\u00e7 educatiu i lleure per a infants, adolescents i joves en risc d\u2019exclusi\u00f3 social. S\u00f3n espais on infants i joves repassen els continguts del curr\u00edculum escolar, consoliden h\u00e0bits d\u2019estudi i reben suport de l\u2019equip d\u2019educadors i educadores i de persones volunt\u00e0ries.\" \/>\n<meta property=\"og:url\" content=\"https:\/\/www.casaldelsinfants.org\/es\/actualidad\/el-refuerzo-educativo-como-herramienta-para-la-educacion-en-igualdad-de-condiciones\/\" \/>\n<meta property=\"og:site_name\" content=\"Casal dels Infants\" \/>\n<meta property=\"article:publisher\" content=\"https:\/\/www.facebook.com\/casalinfants\" \/>\n<meta property=\"article:published_time\" content=\"2022-10-13T13:43:51+00:00\" \/>\n<meta property=\"article:modified_time\" content=\"2023-10-26T10:58:30+00:00\" \/>\n<meta name=\"author\" content=\"cdiAdmin\" \/>\n<meta name=\"twitter:card\" content=\"summary_large_image\" \/>\n<meta name=\"twitter:creator\" content=\"@casalinfants\" \/>\n<meta name=\"twitter:site\" content=\"@casalinfants\" \/>\n<meta name=\"twitter:label1\" content=\"Escrito por\" \/>\n\t<meta name=\"twitter:data1\" content=\"cdiAdmin\" \/>\n\t<meta name=\"twitter:label2\" content=\"Tiempo de lectura\" \/>\n\t<meta name=\"twitter:data2\" content=\"4 minutos\" \/>\n<script type=\"application\/ld+json\" class=\"yoast-schema-graph\">{\"@context\":\"https:\\\/\\\/schema.org\",\"@graph\":[{\"@type\":\"Article\",\"@id\":\"https:\\\/\\\/www.casaldelsinfants.org\\\/es\\\/actualidad\\\/el-refuerzo-educativo-como-herramienta-para-la-educacion-en-igualdad-de-condiciones\\\/#article\",\"isPartOf\":{\"@id\":\"https:\\\/\\\/www.casaldelsinfants.org\\\/es\\\/actualidad\\\/el-refuerzo-educativo-como-herramienta-para-la-educacion-en-igualdad-de-condiciones\\\/\"},\"author\":{\"name\":\"cdiAdmin\",\"@id\":\"https:\\\/\\\/www.casaldelsinfants.org\\\/es\\\/#\\\/schema\\\/person\\\/97707fc8c64900cf36891127dbf9fba8\"},\"headline\":\"El refuerzo educativo como herramienta para la educaci\u00f3n en igualdad de condiciones\",\"datePublished\":\"2022-10-13T13:43:51+00:00\",\"dateModified\":\"2023-10-26T10:58:30+00:00\",\"mainEntityOfPage\":{\"@id\":\"https:\\\/\\\/www.casaldelsinfants.org\\\/es\\\/actualidad\\\/el-refuerzo-educativo-como-herramienta-para-la-educacion-en-igualdad-de-condiciones\\\/\"},\"wordCount\":919,\"commentCount\":0,\"publisher\":{\"@id\":\"https:\\\/\\\/www.casaldelsinfants.org\\\/es\\\/#organization\"},\"articleSection\":[\"Reportaje\"],\"inLanguage\":\"es\",\"potentialAction\":[{\"@type\":\"CommentAction\",\"name\":\"Comment\",\"target\":[\"https:\\\/\\\/www.casaldelsinfants.org\\\/es\\\/actualidad\\\/el-refuerzo-educativo-como-herramienta-para-la-educacion-en-igualdad-de-condiciones\\\/#respond\"]}]},{\"@type\":\"WebPage\",\"@id\":\"https:\\\/\\\/www.casaldelsinfants.org\\\/es\\\/actualidad\\\/el-refuerzo-educativo-como-herramienta-para-la-educacion-en-igualdad-de-condiciones\\\/\",\"url\":\"https:\\\/\\\/www.casaldelsinfants.org\\\/es\\\/actualidad\\\/el-refuerzo-educativo-como-herramienta-para-la-educacion-en-igualdad-de-condiciones\\\/\",\"name\":\"El refuerzo educativo como herramienta para la educaci\u00f3n en igualdad de condiciones\",\"isPartOf\":{\"@id\":\"https:\\\/\\\/www.casaldelsinfants.org\\\/es\\\/#website\"},\"datePublished\":\"2022-10-13T13:43:51+00:00\",\"dateModified\":\"2023-10-26T10:58:30+00:00\",\"description\":\"Durant les tardes, al Casal garantim espais de refor\u00e7 educatiu i lleure per a infants, adolescents i joves en risc d\u2019exclusi\u00f3 social. S\u00f3n espais on infants i joves repassen els continguts del curr\u00edculum escolar, consoliden h\u00e0bits d\u2019estudi i reben suport de l\u2019equip d\u2019educadors i educadores i de persones volunt\u00e0ries.\",\"breadcrumb\":{\"@id\":\"https:\\\/\\\/www.casaldelsinfants.org\\\/es\\\/actualidad\\\/el-refuerzo-educativo-como-herramienta-para-la-educacion-en-igualdad-de-condiciones\\\/#breadcrumb\"},\"inLanguage\":\"es\",\"potentialAction\":[{\"@type\":\"ReadAction\",\"target\":[\"https:\\\/\\\/www.casaldelsinfants.org\\\/es\\\/actualidad\\\/el-refuerzo-educativo-como-herramienta-para-la-educacion-en-igualdad-de-condiciones\\\/\"]}]},{\"@type\":\"BreadcrumbList\",\"@id\":\"https:\\\/\\\/www.casaldelsinfants.org\\\/es\\\/actualidad\\\/el-refuerzo-educativo-como-herramienta-para-la-educacion-en-igualdad-de-condiciones\\\/#breadcrumb\",\"itemListElement\":[{\"@type\":\"ListItem\",\"position\":1,\"name\":\"Inici\",\"item\":\"https:\\\/\\\/www.casaldelsinfants.org\\\/es\\\/\"},{\"@type\":\"ListItem\",\"position\":2,\"name\":\"El refuerzo educativo como herramienta para la educaci\u00f3n en igualdad de condiciones\"}]},{\"@type\":\"WebSite\",\"@id\":\"https:\\\/\\\/www.casaldelsinfants.org\\\/es\\\/#website\",\"url\":\"https:\\\/\\\/www.casaldelsinfants.org\\\/es\\\/\",\"name\":\"Casal dels Infants\",\"description\":\"\",\"publisher\":{\"@id\":\"https:\\\/\\\/www.casaldelsinfants.org\\\/es\\\/#organization\"},\"potentialAction\":[{\"@type\":\"SearchAction\",\"target\":{\"@type\":\"EntryPoint\",\"urlTemplate\":\"https:\\\/\\\/www.casaldelsinfants.org\\\/es\\\/?s={search_term_string}\"},\"query-input\":{\"@type\":\"PropertyValueSpecification\",\"valueRequired\":true,\"valueName\":\"search_term_string\"}}],\"inLanguage\":\"es\"},{\"@type\":\"Organization\",\"@id\":\"https:\\\/\\\/www.casaldelsinfants.org\\\/es\\\/#organization\",\"name\":\"Casal dels Infants\",\"url\":\"https:\\\/\\\/www.casaldelsinfants.org\\\/es\\\/\",\"logo\":{\"@type\":\"ImageObject\",\"inLanguage\":\"es\",\"@id\":\"https:\\\/\\\/www.casaldelsinfants.org\\\/es\\\/#\\\/schema\\\/logo\\\/image\\\/\",\"url\":\"https:\\\/\\\/www.casaldelsinfants.org\\\/wp-content\\\/uploads\\\/logo-mail.png\",\"contentUrl\":\"https:\\\/\\\/www.casaldelsinfants.org\\\/wp-content\\\/uploads\\\/logo-mail.png\",\"width\":380,\"height\":158,\"caption\":\"Casal dels Infants\"},\"image\":{\"@id\":\"https:\\\/\\\/www.casaldelsinfants.org\\\/es\\\/#\\\/schema\\\/logo\\\/image\\\/\"},\"sameAs\":[\"https:\\\/\\\/www.facebook.com\\\/casalinfants\",\"https:\\\/\\\/x.com\\\/casalinfants\",\"https:\\\/\\\/www.youtube.com\\\/user\\\/CasaldelsInfants1\",\"https:\\\/\\\/www.instagram.com\\\/casalinfants\\\/\",\"https:\\\/\\\/www.linkedin.com\\\/company\\\/casaldelsinfants?trk=organization-update_share-update_actor-text\"]},{\"@type\":\"Person\",\"@id\":\"https:\\\/\\\/www.casaldelsinfants.org\\\/es\\\/#\\\/schema\\\/person\\\/97707fc8c64900cf36891127dbf9fba8\",\"name\":\"cdiAdmin\",\"sameAs\":[\"https:\\\/\\\/casaldelsinfants.org\"]}]}<\/script>\n<!-- \/ Yoast SEO plugin. -->","yoast_head_json":{"title":"El refuerzo educativo como herramienta para la educaci\u00f3n en igualdad de condiciones","description":"Durant les tardes, al Casal garantim espais de refor\u00e7 educatiu i lleure per a infants, adolescents i joves en risc d\u2019exclusi\u00f3 social. S\u00f3n espais on infants i joves repassen els continguts del curr\u00edculum escolar, consoliden h\u00e0bits d\u2019estudi i reben suport de l\u2019equip d\u2019educadors i educadores i de persones volunt\u00e0ries.","robots":{"index":"index","follow":"follow","max-snippet":"max-snippet:-1","max-image-preview":"max-image-preview:large","max-video-preview":"max-video-preview:-1"},"canonical":"https:\/\/www.casaldelsinfants.org\/es\/actualidad\/el-refuerzo-educativo-como-herramienta-para-la-educacion-en-igualdad-de-condiciones\/","og_locale":"es_ES","og_type":"article","og_title":"El refuerzo educativo como herramienta para la educaci\u00f3n en igualdad de condiciones","og_description":"Durant les tardes, al Casal garantim espais de refor\u00e7 educatiu i lleure per a infants, adolescents i joves en risc d\u2019exclusi\u00f3 social. S\u00f3n espais on infants i joves repassen els continguts del curr\u00edculum escolar, consoliden h\u00e0bits d\u2019estudi i reben suport de l\u2019equip d\u2019educadors i educadores i de persones volunt\u00e0ries.","og_url":"https:\/\/www.casaldelsinfants.org\/es\/actualidad\/el-refuerzo-educativo-como-herramienta-para-la-educacion-en-igualdad-de-condiciones\/","og_site_name":"Casal dels Infants","article_publisher":"https:\/\/www.facebook.com\/casalinfants","article_published_time":"2022-10-13T13:43:51+00:00","article_modified_time":"2023-10-26T10:58:30+00:00","author":"cdiAdmin","twitter_card":"summary_large_image","twitter_creator":"@casalinfants","twitter_site":"@casalinfants","twitter_misc":{"Escrito por":"cdiAdmin","Tiempo de lectura":"4 minutos"},"schema":{"@context":"https:\/\/schema.org","@graph":[{"@type":"Article","@id":"https:\/\/www.casaldelsinfants.org\/es\/actualidad\/el-refuerzo-educativo-como-herramienta-para-la-educacion-en-igualdad-de-condiciones\/#article","isPartOf":{"@id":"https:\/\/www.casaldelsinfants.org\/es\/actualidad\/el-refuerzo-educativo-como-herramienta-para-la-educacion-en-igualdad-de-condiciones\/"},"author":{"name":"cdiAdmin","@id":"https:\/\/www.casaldelsinfants.org\/es\/#\/schema\/person\/97707fc8c64900cf36891127dbf9fba8"},"headline":"El refuerzo educativo como herramienta para la educaci\u00f3n en igualdad de condiciones","datePublished":"2022-10-13T13:43:51+00:00","dateModified":"2023-10-26T10:58:30+00:00","mainEntityOfPage":{"@id":"https:\/\/www.casaldelsinfants.org\/es\/actualidad\/el-refuerzo-educativo-como-herramienta-para-la-educacion-en-igualdad-de-condiciones\/"},"wordCount":919,"commentCount":0,"publisher":{"@id":"https:\/\/www.casaldelsinfants.org\/es\/#organization"},"articleSection":["Reportaje"],"inLanguage":"es","potentialAction":[{"@type":"CommentAction","name":"Comment","target":["https:\/\/www.casaldelsinfants.org\/es\/actualidad\/el-refuerzo-educativo-como-herramienta-para-la-educacion-en-igualdad-de-condiciones\/#respond"]}]},{"@type":"WebPage","@id":"https:\/\/www.casaldelsinfants.org\/es\/actualidad\/el-refuerzo-educativo-como-herramienta-para-la-educacion-en-igualdad-de-condiciones\/","url":"https:\/\/www.casaldelsinfants.org\/es\/actualidad\/el-refuerzo-educativo-como-herramienta-para-la-educacion-en-igualdad-de-condiciones\/","name":"El refuerzo educativo como herramienta para la educaci\u00f3n en igualdad de condiciones","isPartOf":{"@id":"https:\/\/www.casaldelsinfants.org\/es\/#website"},"datePublished":"2022-10-13T13:43:51+00:00","dateModified":"2023-10-26T10:58:30+00:00","description":"Durant les tardes, al Casal garantim espais de refor\u00e7 educatiu i lleure per a infants, adolescents i joves en risc d\u2019exclusi\u00f3 social. S\u00f3n espais on infants i joves repassen els continguts del curr\u00edculum escolar, consoliden h\u00e0bits d\u2019estudi i reben suport de l\u2019equip d\u2019educadors i educadores i de persones volunt\u00e0ries.","breadcrumb":{"@id":"https:\/\/www.casaldelsinfants.org\/es\/actualidad\/el-refuerzo-educativo-como-herramienta-para-la-educacion-en-igualdad-de-condiciones\/#breadcrumb"},"inLanguage":"es","potentialAction":[{"@type":"ReadAction","target":["https:\/\/www.casaldelsinfants.org\/es\/actualidad\/el-refuerzo-educativo-como-herramienta-para-la-educacion-en-igualdad-de-condiciones\/"]}]},{"@type":"BreadcrumbList","@id":"https:\/\/www.casaldelsinfants.org\/es\/actualidad\/el-refuerzo-educativo-como-herramienta-para-la-educacion-en-igualdad-de-condiciones\/#breadcrumb","itemListElement":[{"@type":"ListItem","position":1,"name":"Inici","item":"https:\/\/www.casaldelsinfants.org\/es\/"},{"@type":"ListItem","position":2,"name":"El refuerzo educativo como herramienta para la educaci\u00f3n en igualdad de condiciones"}]},{"@type":"WebSite","@id":"https:\/\/www.casaldelsinfants.org\/es\/#website","url":"https:\/\/www.casaldelsinfants.org\/es\/","name":"Casal dels Infants","description":"","publisher":{"@id":"https:\/\/www.casaldelsinfants.org\/es\/#organization"},"potentialAction":[{"@type":"SearchAction","target":{"@type":"EntryPoint","urlTemplate":"https:\/\/www.casaldelsinfants.org\/es\/?s={search_term_string}"},"query-input":{"@type":"PropertyValueSpecification","valueRequired":true,"valueName":"search_term_string"}}],"inLanguage":"es"},{"@type":"Organization","@id":"https:\/\/www.casaldelsinfants.org\/es\/#organization","name":"Casal dels Infants","url":"https:\/\/www.casaldelsinfants.org\/es\/","logo":{"@type":"ImageObject","inLanguage":"es","@id":"https:\/\/www.casaldelsinfants.org\/es\/#\/schema\/logo\/image\/","url":"https:\/\/www.casaldelsinfants.org\/wp-content\/uploads\/logo-mail.png","contentUrl":"https:\/\/www.casaldelsinfants.org\/wp-content\/uploads\/logo-mail.png","width":380,"height":158,"caption":"Casal dels Infants"},"image":{"@id":"https:\/\/www.casaldelsinfants.org\/es\/#\/schema\/logo\/image\/"},"sameAs":["https:\/\/www.facebook.com\/casalinfants","https:\/\/x.com\/casalinfants","https:\/\/www.youtube.com\/user\/CasaldelsInfants1","https:\/\/www.instagram.com\/casalinfants\/","https:\/\/www.linkedin.com\/company\/casaldelsinfants?trk=organization-update_share-update_actor-text"]},{"@type":"Person","@id":"https:\/\/www.casaldelsinfants.org\/es\/#\/schema\/person\/97707fc8c64900cf36891127dbf9fba8","name":"cdiAdmin","sameAs":["https:\/\/casaldelsinfants.org"]}]}},"publishpress_future_action":{"enabled":false,"date":"2026-05-08 10:58:16","action":"change-status","newStatus":"draft","terms":[],"taxonomy":"category","extraData":[]},"publishpress_future_workflow_manual_trigger":{"enabledWorkflows":[]},"_links":{"self":[{"href":"https:\/\/www.casaldelsinfants.org\/es\/wp-json\/wp\/v2\/posts\/10469","targetHints":{"allow":["GET"]}}],"collection":[{"href":"https:\/\/www.casaldelsinfants.org\/es\/wp-json\/wp\/v2\/posts"}],"about":[{"href":"https:\/\/www.casaldelsinfants.org\/es\/wp-json\/wp\/v2\/types\/post"}],"author":[{"embeddable":true,"href":"https:\/\/www.casaldelsinfants.org\/es\/wp-json\/wp\/v2\/users\/1"}],"replies":[{"embeddable":true,"href":"https:\/\/www.casaldelsinfants.org\/es\/wp-json\/wp\/v2\/comments?post=10469"}],"version-history":[{"count":2,"href":"https:\/\/www.casaldelsinfants.org\/es\/wp-json\/wp\/v2\/posts\/10469\/revisions"}],"predecessor-version":[{"id":14965,"href":"https:\/\/www.casaldelsinfants.org\/es\/wp-json\/wp\/v2\/posts\/10469\/revisions\/14965"}],"wp:attachment":[{"href":"https:\/\/www.casaldelsinfants.org\/es\/wp-json\/wp\/v2\/media?parent=10469"}],"wp:term":[{"taxonomy":"category","embeddable":true,"href":"https:\/\/www.casaldelsinfants.org\/es\/wp-json\/wp\/v2\/categories?post=10469"},{"taxonomy":"post_tag","embeddable":true,"href":"https:\/\/www.casaldelsinfants.org\/es\/wp-json\/wp\/v2\/tags?post=10469"},{"taxonomy":"seus","embeddable":true,"href":"https:\/\/www.casaldelsinfants.org\/es\/wp-json\/wp\/v2\/seus?post=10469"},{"taxonomy":"eixos","embeddable":true,"href":"https:\/\/www.casaldelsinfants.org\/es\/wp-json\/wp\/v2\/eixos?post=10469"}],"curies":[{"name":"wp","href":"https:\/\/api.w.org\/{rel}","templated":true}]}}