{"id":10472,"date":"2022-10-06T08:50:21","date_gmt":"2022-10-06T06:50:21","guid":{"rendered":"https:\/\/casal.puntzero.cat\/exponemos-la-realidad-de-los-y-las-jovenes-migrantes-sin-referentes-familiares-en-la\/"},"modified":"2023-09-01T09:47:42","modified_gmt":"2023-09-01T07:47:42","slug":"exponemos-la-realidad-de-los-y-las-jovenes-migrantes-sin-referentes-familiares-en-la","status":"publish","type":"post","link":"https:\/\/www.casaldelsinfants.org\/es\/actualidad\/exponemos-la-realidad-de-los-y-las-jovenes-migrantes-sin-referentes-familiares-en-la\/","title":{"rendered":"Exponemos la realidad de los y las j\u00f3venes migrantes sin referentes familiares en la Comisi\u00f3n de Derechos de la Infancia y Adolescencia del Congreso de Diputados"},"content":{"rendered":"<p>&nbsp;<\/p>\n<p dir=\"ltr\"><span style=\"color: #000000;\">Miembros de la direcci\u00f3n del Casal dels Infants ha ido al Congreso de los Diputados este mi\u00e9rcoles 5 para presentar el Casal dels Infants y exponer la acci\u00f3n social y el acompa\u00f1amiento a <strong>ni\u00f1os y j\u00f3venes migrantes sin referentes familiares<\/strong> que llevamos a cabo, as\u00ed como el an\u00e1lisis de la situaci\u00f3n en la cual vive este colectivo, y de las pol\u00edticas que les afecta.\u00a0<\/span><\/p>\n<p dir=\"ltr\"><span style=\"color: #000000;\">La directora del Casal dels Infants, Rosa Balaguer, ha hablado delante de los y las miembros de la <strong>Comisi\u00f3n de Derechos de la Infancia y Adolescencia del Congreso de los Diputados<\/strong>. Despu\u00e9s de la presentaci\u00f3n, cada grupo parlamentario ha dispuesto de 3 minutos para hacer preguntas.<\/span><\/p>\n<p dir=\"ltr\"><span style=\"color: #000000;\">La ponencia ha comenzado con una breve introducci\u00f3n sobre la historia del Casal dels Infants, y el trabajo que hacemos d\u00eda a d\u00eda a trav\u00e9s de 63 servicios socioeducativos, acompa\u00f1ando a m\u00e1s de 6.000 ni\u00f1os, j\u00f3venes, madres y padres. Despu\u00e9s de la reproducci\u00f3n del video <\/span><u><a href=\"https:\/\/www.youtube.com\/watch?v=kyQaR_PWmsU&amp;t=2s\" target=\"_blank\" rel=\"noopener\">\u2018Donde nadie se queda atr\u00e1s\u2019<\/a><\/u><span style=\"color: #000000;\">, la ponencia se ha centrado en los procesos migratorios que menores hacen sin el acompa\u00f1amiento de ning\u00fan referente familiar.\u00a0<\/span><\/p>\n<p dir=\"ltr\"><span style=\"color: #000000;\">Balaguer ha explicado c\u00f3mo <strong>a partir del 1992, comenzamos a detectar las primeras llegadas de ni\u00f1os y ni\u00f1as no acompa\u00f1ados en Catalunya, que crecieron a principios del 2000<\/strong>. En 1999, en convenio con la Direcci\u00f3n General de Atenci\u00f3n a la Infancia y la Adolescencia de la Generalitat de Catalunya, desde el Casal comenzamos a acompa\u00f1ar a estos ni\u00f1os y ni\u00f1as, mayoritariamente provenientes de T\u00e1nger, en nuestros servicios socioeducativos. En 2002, este acompa\u00f1amiento se concret\u00f3 con el proyecto Marhaba, un espacio donde ofrec\u00edamos actividades formativas y de inserci\u00f3n laboral y donde pod\u00edan aprender catal\u00e1n y castellano.<\/span><\/p>\n<p><img decoding=\"async\" class=\"align-center\" src=\"\/wp-content\/uploads\/inline-images\/FeUF5XYXgAAaweH.jpg\" alt=\"Rosa Balaguer durant la pon\u00e8ncia al Congr\u00e9s dels Diputats.\" width=\"480\" height=\"360\" data-entity-type=\"file\" data-entity-uuid=\"a4797e18-9de8-4635-9255-254bc31193ae\" data-image-style=\"large\" \/><\/p>\n<p>&nbsp;<\/p>\n<p dir=\"ltr\"><span style=\"color: #000000;\">\u201cTrat\u00e1ndose de menores de edad que llegaban sin referentes familiares, <strong>la prioridad ten\u00eda que ser defender y hacer prevalecer su inter\u00e9s superior como ni\u00f1os y ni\u00f1as<\/strong>, tal como establece la Convenci\u00f3n sobre los Derechos del Ni\u00f1o. Era y contin\u00faa siendo una obligaci\u00f3n de las administraciones p\u00fablicas asumir su tutela hasta la mayor\u00eda de edad\u201d, ha destacado Balaguer.<\/span><\/p>\n<p dir=\"ltr\"><span style=\"color: #000000;\">Del lugar de destino nos desplazamos al lugar de origen, y desde el 2000 comenzamos a trabajar en Marruecos, a lo largo de los a\u00f1os hemos consolidado el equipo y la acci\u00f3n social, coordin\u00e1ndonos con una red de 16 asociaciones locales en T\u00e1nger y Casablanca que acompa\u00f1an ni\u00f1os, ni\u00f1as, j\u00f3venes y familias en riesgo de exclusi\u00f3n social.<\/span><\/p>\n<p dir=\"ltr\"><span style=\"color: #000000;\">El discurso ha cogido un tono de denuncia al hablar de la actual situaci\u00f3n de estos menores no acompa\u00f1ados. El a\u00f1o 2016 se produjo un aumento de llegada de menores extranjeros solos a Espa\u00f1a. <strong>En\u00a02017, hab\u00eda cerca de 4.000 menores sin referentes en el estado, que llegaron a ser 14.000 en 2018<\/strong>. Balaguer ha denunciado la falta de previsi\u00f3n y la insuficiente inversi\u00f3n p\u00fablica para garantizar los derechos de estos y estas menores, con un sistema de protecci\u00f3n a la infancia con escasez de plazas y profesionales precarizados.\u00a0<\/span><\/p>\n<p dir=\"ltr\"><span style=\"color: #000000;\">Tambi\u00e9n, Balaguer ha descrito la <\/span><strong><u>reforma del Reglamento de Extranjer\u00eda<\/u><\/strong><span style=\"color: #000000;\"> como \u201cun gran paso adelante para estos chicos y chicas, y <strong>pone fin a la incoherencia que la ley establec\u00eda hasta ahora<\/strong>\u201d. \u201cNo ten\u00eda ning\u00fan sentido\u201d, ha continuado, \u201cque todos los recursos destinados al sistema de acogida, los esfuerzos de las entidades sociales que sabemos que dan sus frutos, y sobre todo, de los chicos y chicas, cayeran en el saco roto delante del obst\u00e1culo de la regularizaci\u00f3n administrativa\u201d.<\/span><\/p>\n<p><img decoding=\"async\" class=\"align-center\" src=\"\/wp-content\/uploads\/inline-images\/WhatsApp%20Image%202022-10-05%20at%2016.08.38.jpeg\" alt=\"Presentaci\u00f3 del Casal dels Infants al Congr\u00e9s dels Diputats.\" width=\"480\" height=\"360\" data-entity-type=\"file\" data-entity-uuid=\"3c360711-8cff-42f9-96be-75c5b29214de\" data-image-style=\"large\" \/><\/p>\n<p dir=\"ltr\">\n<p dir=\"ltr\"><span style=\"color: #000000;\">A pesar de esta mejora, Balaguer ha subrayado <strong>la discriminaci\u00f3n y estigmatizaci\u00f3n que estos j\u00f3venes migrantes se encuentran m\u00e1s all\u00e1 de conseguir la documentaci\u00f3n<\/strong>, como los obst\u00e1culos para encontrar un piso donde vivir e independizarse, para conseguir recursos para su itinerario formativo y para encontrar trabajo.<\/span><\/p>\n<p dir=\"ltr\"><span style=\"color: #000000;\">Balaguer ha querido hacer una menci\u00f3n espec\u00edfica a la situaci\u00f3n de <strong>las menores y j\u00f3venes migrantes solas que, aun representando el 2%, como chicas est\u00e1n expuestas a situaciones graves de violencia en el proceso migratorio y tambi\u00e9n en la llegada, y son invisibilizadas<\/strong>. Desde el Servicio de Transici\u00f3n a la Autonom\u00eda (STA), servicio que ofrece un piso compartido a j\u00f3venes en situaci\u00f3n de sinhogarismo y la ayuda y el seguimiento de un itinerario de formaci\u00f3n e inserci\u00f3n laboral, hemos impulsado un proceso de trabajo en red con otras asociaciones que trabajan con j\u00f3venes migrantes sin referentes, para organizar encuentros y compartir conocimientos para mejorar el acompa\u00f1amiento a estas j\u00f3venes.<\/span><\/p>\n<p dir=\"ltr\"><span style=\"color: #000000;\">Se ha explicado tambi\u00e9n el <\/span><u><a href=\"https:\/\/www.casaldelsinfants.org\/es\/actualidad\/proteccion-derechos-casal-infants\/\" target=\"_blank\" rel=\"noopener\">proyecto Rassif<\/a><\/u><span style=\"color: #000000;\">, que impulsamos desde T\u00e1nger, Casablanca y Barcelona para mejorar el trabajo en red en la defensa de los derechos de los ni\u00f1os y j\u00f3venes que migran solos desde Marruecos. \u00abLas administraciones p\u00fablicas espa\u00f1olas y marroqu\u00edes tienen la obligaci\u00f3n de hacer que el inter\u00e9s superior de los y las menores prevalezca y de generar las condiciones necesarias para que los menores migrados puedan ejercer sus derechos\u00bb, ha concluido Balaguer.<\/span><\/p>\n<p dir=\"ltr\"><span style=\"color: #000000;\">Para acabar la presentaci\u00f3n, Balaguer ha apelado a los grupos pol\u00edticos a no dar marcha atr\u00e1s, sino al avanzar en la protecci\u00f3n de los derechos de estos j\u00f3venes, al centrar los esfuerzos en generar un trabajo compartido y coordinado entre comunidades aut\u00f3nomas, que responda a la movilidad de estos j\u00f3venes, garantice sus derechos y les brinde nuevas oportunidades. \u00ab<strong>Rechacen y denuncien cualquier discurso que pretenda situarlos en la diana del odio y la discriminaci\u00f3n, en lugar de priorizar su protecci\u00f3n<\/strong>\u00ab, ha concluido.<\/span><\/p>\n<blockquote>\n<p dir=\"ltr\">Con tu apoyo, podremos continuar acompa\u00f1ando m\u00e1s de 6.000 ni\u00f1os, ni\u00f1as, padres y madres en riesgo de exclusi\u00f3n social a trav\u00e9s de 63 servicios socioeducativos.<\/p>\n<p dir=\"ltr\"><strong>Haz un donativo\u00a0<u><a href=\"https:\/\/www.casaldelsinfants.org\/es\/que-puedes-hacer-tu\/haz-un-donativo\/\" target=\"_blank\" rel=\"noopener\">aqu\u00ed<\/a><\/u>.<\/strong><\/p>\n<p dir=\"ltr\"><strong>Hazte voluntario\/a\u00a0<a href=\"https:\/\/www.casaldelsinfants.org\/es\/que-puedes-hacer-tu\/voluntariado\/\" target=\"_blank\" rel=\"noopener\"><u>aqu\u00ed<\/u><\/a>.<\/strong><\/p>\n<\/blockquote>\n","protected":false},"excerpt":{"rendered":"<p>&nbsp; Miembros de la direcci\u00f3n del Casal dels Infants ha ido al Congreso de los Diputados este mi\u00e9rcoles 5 para presentar el Casal dels Infants y exponer la acci\u00f3n social y el acompa\u00f1amiento a ni\u00f1os y j\u00f3venes migrantes sin referentes familiares que llevamos a cabo, as\u00ed como el an\u00e1lisis de la situaci\u00f3n en la cual [&hellip;]<\/p>\n","protected":false},"author":1,"featured_media":10328,"comment_status":"open","ping_status":"open","sticky":false,"template":"","format":"standard","meta":{"_acf_changed":false,"_et_pb_use_builder":"","_et_pb_old_content":"","_et_gb_content_width":"","inline_featured_image":false,"footnotes":""},"categories":[125],"tags":[],"seus":[],"eixos":[110],"class_list":["post-10472","post","type-post","status-publish","format-standard","has-post-thumbnail","hentry","category-noticias","eixos-comunidad-casal-dels-infants"],"acf":[],"yoast_head":"<!-- This site is optimized with the Yoast SEO plugin v27.4 - https:\/\/yoast.com\/product\/yoast-seo-wordpress\/ -->\n<title>Exposem la realitat dels i les joves migrats sense referents familiars a la Comissi\u00f3 de Drets de la Inf\u00e0ncia i Adolesc\u00e8ncia del Congr\u00e9s dels Diputats<\/title>\n<meta name=\"robots\" content=\"index, follow, max-snippet:-1, max-image-preview:large, max-video-preview:-1\" \/>\n<link rel=\"canonical\" href=\"https:\/\/www.casaldelsinfants.org\/es\/actualidad\/exponemos-la-realidad-de-los-y-las-jovenes-migrantes-sin-referentes-familiares-en-la\/\" \/>\n<meta property=\"og:locale\" content=\"es_ES\" \/>\n<meta property=\"og:type\" content=\"article\" \/>\n<meta property=\"og:title\" content=\"Exposem la realitat dels i les joves migrats sense referents familiars a la Comissi\u00f3 de Drets de la Inf\u00e0ncia i Adolesc\u00e8ncia del Congr\u00e9s dels Diputats\" \/>\n<meta property=\"og:description\" content=\"&nbsp; Miembros de la direcci\u00f3n del Casal dels Infants ha ido al Congreso de los Diputados este mi\u00e9rcoles 5 para presentar el Casal dels Infants y exponer la acci\u00f3n social y el acompa\u00f1amiento a ni\u00f1os y j\u00f3venes migrantes sin referentes familiares que llevamos a cabo, as\u00ed como el an\u00e1lisis de la situaci\u00f3n en la cual [&hellip;]\" \/>\n<meta property=\"og:url\" content=\"https:\/\/www.casaldelsinfants.org\/es\/actualidad\/exponemos-la-realidad-de-los-y-las-jovenes-migrantes-sin-referentes-familiares-en-la\/\" \/>\n<meta property=\"og:site_name\" content=\"Casal dels Infants\" \/>\n<meta property=\"article:publisher\" content=\"https:\/\/www.facebook.com\/casalinfants\" \/>\n<meta property=\"article:published_time\" content=\"2022-10-06T06:50:21+00:00\" \/>\n<meta property=\"article:modified_time\" content=\"2023-09-01T07:47:42+00:00\" \/>\n<meta property=\"og:image\" content=\"https:\/\/www.casaldelsinfants.org\/wp-content\/uploads\/feuf5xmwiamjhgf-scaled-1.webp\" \/>\n\t<meta property=\"og:image:width\" content=\"2560\" \/>\n\t<meta property=\"og:image:height\" content=\"1921\" \/>\n\t<meta property=\"og:image:type\" content=\"image\/jpeg\" \/>\n<meta name=\"author\" content=\"cdiAdmin\" \/>\n<meta name=\"twitter:card\" content=\"summary_large_image\" \/>\n<meta name=\"twitter:creator\" content=\"@casalinfants\" \/>\n<meta name=\"twitter:site\" content=\"@casalinfants\" \/>\n<meta name=\"twitter:label1\" content=\"Escrito por\" \/>\n\t<meta name=\"twitter:data1\" content=\"cdiAdmin\" \/>\n\t<meta name=\"twitter:label2\" content=\"Tiempo de lectura\" \/>\n\t<meta name=\"twitter:data2\" content=\"6 minutos\" \/>\n<script type=\"application\/ld+json\" class=\"yoast-schema-graph\">{\"@context\":\"https:\\\/\\\/schema.org\",\"@graph\":[{\"@type\":\"Article\",\"@id\":\"https:\\\/\\\/www.casaldelsinfants.org\\\/es\\\/actualidad\\\/exponemos-la-realidad-de-los-y-las-jovenes-migrantes-sin-referentes-familiares-en-la\\\/#article\",\"isPartOf\":{\"@id\":\"https:\\\/\\\/www.casaldelsinfants.org\\\/es\\\/actualidad\\\/exponemos-la-realidad-de-los-y-las-jovenes-migrantes-sin-referentes-familiares-en-la\\\/\"},\"author\":{\"name\":\"cdiAdmin\",\"@id\":\"https:\\\/\\\/www.casaldelsinfants.org\\\/es\\\/#\\\/schema\\\/person\\\/97707fc8c64900cf36891127dbf9fba8\"},\"headline\":\"Exponemos la realidad de los y las j\u00f3venes migrantes sin referentes familiares en la Comisi\u00f3n de Derechos de la Infancia y Adolescencia del Congreso de Diputados\",\"datePublished\":\"2022-10-06T06:50:21+00:00\",\"dateModified\":\"2023-09-01T07:47:42+00:00\",\"mainEntityOfPage\":{\"@id\":\"https:\\\/\\\/www.casaldelsinfants.org\\\/es\\\/actualidad\\\/exponemos-la-realidad-de-los-y-las-jovenes-migrantes-sin-referentes-familiares-en-la\\\/\"},\"wordCount\":1034,\"commentCount\":0,\"publisher\":{\"@id\":\"https:\\\/\\\/www.casaldelsinfants.org\\\/es\\\/#organization\"},\"image\":{\"@id\":\"https:\\\/\\\/www.casaldelsinfants.org\\\/es\\\/actualidad\\\/exponemos-la-realidad-de-los-y-las-jovenes-migrantes-sin-referentes-familiares-en-la\\\/#primaryimage\"},\"thumbnailUrl\":\"https:\\\/\\\/www.casaldelsinfants.org\\\/wp-content\\\/uploads\\\/feuf5xmwiamjhgf-scaled-1.webp\",\"articleSection\":[\"Noticia\"],\"inLanguage\":\"es\",\"potentialAction\":[{\"@type\":\"CommentAction\",\"name\":\"Comment\",\"target\":[\"https:\\\/\\\/www.casaldelsinfants.org\\\/es\\\/actualidad\\\/exponemos-la-realidad-de-los-y-las-jovenes-migrantes-sin-referentes-familiares-en-la\\\/#respond\"]}]},{\"@type\":\"WebPage\",\"@id\":\"https:\\\/\\\/www.casaldelsinfants.org\\\/es\\\/actualidad\\\/exponemos-la-realidad-de-los-y-las-jovenes-migrantes-sin-referentes-familiares-en-la\\\/\",\"url\":\"https:\\\/\\\/www.casaldelsinfants.org\\\/es\\\/actualidad\\\/exponemos-la-realidad-de-los-y-las-jovenes-migrantes-sin-referentes-familiares-en-la\\\/\",\"name\":\"Exposem la realitat dels i les joves migrats sense referents familiars a la Comissi\u00f3 de Drets de la Inf\u00e0ncia i Adolesc\u00e8ncia del Congr\u00e9s dels Diputats\",\"isPartOf\":{\"@id\":\"https:\\\/\\\/www.casaldelsinfants.org\\\/es\\\/#website\"},\"primaryImageOfPage\":{\"@id\":\"https:\\\/\\\/www.casaldelsinfants.org\\\/es\\\/actualidad\\\/exponemos-la-realidad-de-los-y-las-jovenes-migrantes-sin-referentes-familiares-en-la\\\/#primaryimage\"},\"image\":{\"@id\":\"https:\\\/\\\/www.casaldelsinfants.org\\\/es\\\/actualidad\\\/exponemos-la-realidad-de-los-y-las-jovenes-migrantes-sin-referentes-familiares-en-la\\\/#primaryimage\"},\"thumbnailUrl\":\"https:\\\/\\\/www.casaldelsinfants.org\\\/wp-content\\\/uploads\\\/feuf5xmwiamjhgf-scaled-1.webp\",\"datePublished\":\"2022-10-06T06:50:21+00:00\",\"dateModified\":\"2023-09-01T07:47:42+00:00\",\"breadcrumb\":{\"@id\":\"https:\\\/\\\/www.casaldelsinfants.org\\\/es\\\/actualidad\\\/exponemos-la-realidad-de-los-y-las-jovenes-migrantes-sin-referentes-familiares-en-la\\\/#breadcrumb\"},\"inLanguage\":\"es\",\"potentialAction\":[{\"@type\":\"ReadAction\",\"target\":[\"https:\\\/\\\/www.casaldelsinfants.org\\\/es\\\/actualidad\\\/exponemos-la-realidad-de-los-y-las-jovenes-migrantes-sin-referentes-familiares-en-la\\\/\"]}]},{\"@type\":\"ImageObject\",\"inLanguage\":\"es\",\"@id\":\"https:\\\/\\\/www.casaldelsinfants.org\\\/es\\\/actualidad\\\/exponemos-la-realidad-de-los-y-las-jovenes-migrantes-sin-referentes-familiares-en-la\\\/#primaryimage\",\"url\":\"https:\\\/\\\/www.casaldelsinfants.org\\\/wp-content\\\/uploads\\\/feuf5xmwiamjhgf-scaled-1.webp\",\"contentUrl\":\"https:\\\/\\\/www.casaldelsinfants.org\\\/wp-content\\\/uploads\\\/feuf5xmwiamjhgf-scaled-1.webp\",\"width\":2560,\"height\":1921,\"caption\":\"Imatge Comisi\u00f3 de Drets Infants i Adolescents al Congr\u00e9s dels Diputats\"},{\"@type\":\"BreadcrumbList\",\"@id\":\"https:\\\/\\\/www.casaldelsinfants.org\\\/es\\\/actualidad\\\/exponemos-la-realidad-de-los-y-las-jovenes-migrantes-sin-referentes-familiares-en-la\\\/#breadcrumb\",\"itemListElement\":[{\"@type\":\"ListItem\",\"position\":1,\"name\":\"Inici\",\"item\":\"https:\\\/\\\/www.casaldelsinfants.org\\\/es\\\/\"},{\"@type\":\"ListItem\",\"position\":2,\"name\":\"Exponemos la realidad de los y las j\u00f3venes migrantes sin referentes familiares en la Comisi\u00f3n de Derechos de la Infancia y Adolescencia del Congreso de Diputados\"}]},{\"@type\":\"WebSite\",\"@id\":\"https:\\\/\\\/www.casaldelsinfants.org\\\/es\\\/#website\",\"url\":\"https:\\\/\\\/www.casaldelsinfants.org\\\/es\\\/\",\"name\":\"Casal dels Infants\",\"description\":\"\",\"publisher\":{\"@id\":\"https:\\\/\\\/www.casaldelsinfants.org\\\/es\\\/#organization\"},\"potentialAction\":[{\"@type\":\"SearchAction\",\"target\":{\"@type\":\"EntryPoint\",\"urlTemplate\":\"https:\\\/\\\/www.casaldelsinfants.org\\\/es\\\/?s={search_term_string}\"},\"query-input\":{\"@type\":\"PropertyValueSpecification\",\"valueRequired\":true,\"valueName\":\"search_term_string\"}}],\"inLanguage\":\"es\"},{\"@type\":\"Organization\",\"@id\":\"https:\\\/\\\/www.casaldelsinfants.org\\\/es\\\/#organization\",\"name\":\"Casal dels Infants\",\"url\":\"https:\\\/\\\/www.casaldelsinfants.org\\\/es\\\/\",\"logo\":{\"@type\":\"ImageObject\",\"inLanguage\":\"es\",\"@id\":\"https:\\\/\\\/www.casaldelsinfants.org\\\/es\\\/#\\\/schema\\\/logo\\\/image\\\/\",\"url\":\"https:\\\/\\\/www.casaldelsinfants.org\\\/wp-content\\\/uploads\\\/logo-mail.png\",\"contentUrl\":\"https:\\\/\\\/www.casaldelsinfants.org\\\/wp-content\\\/uploads\\\/logo-mail.png\",\"width\":380,\"height\":158,\"caption\":\"Casal dels Infants\"},\"image\":{\"@id\":\"https:\\\/\\\/www.casaldelsinfants.org\\\/es\\\/#\\\/schema\\\/logo\\\/image\\\/\"},\"sameAs\":[\"https:\\\/\\\/www.facebook.com\\\/casalinfants\",\"https:\\\/\\\/x.com\\\/casalinfants\",\"https:\\\/\\\/www.youtube.com\\\/user\\\/CasaldelsInfants1\",\"https:\\\/\\\/www.instagram.com\\\/casalinfants\\\/\",\"https:\\\/\\\/www.linkedin.com\\\/company\\\/casaldelsinfants?trk=organization-update_share-update_actor-text\"]},{\"@type\":\"Person\",\"@id\":\"https:\\\/\\\/www.casaldelsinfants.org\\\/es\\\/#\\\/schema\\\/person\\\/97707fc8c64900cf36891127dbf9fba8\",\"name\":\"cdiAdmin\",\"sameAs\":[\"https:\\\/\\\/casaldelsinfants.org\"]}]}<\/script>\n<!-- \/ Yoast SEO plugin. -->","yoast_head_json":{"title":"Exposem la realitat dels i les joves migrats sense referents familiars a la Comissi\u00f3 de Drets de la Inf\u00e0ncia i Adolesc\u00e8ncia del Congr\u00e9s dels Diputats","robots":{"index":"index","follow":"follow","max-snippet":"max-snippet:-1","max-image-preview":"max-image-preview:large","max-video-preview":"max-video-preview:-1"},"canonical":"https:\/\/www.casaldelsinfants.org\/es\/actualidad\/exponemos-la-realidad-de-los-y-las-jovenes-migrantes-sin-referentes-familiares-en-la\/","og_locale":"es_ES","og_type":"article","og_title":"Exposem la realitat dels i les joves migrats sense referents familiars a la Comissi\u00f3 de Drets de la Inf\u00e0ncia i Adolesc\u00e8ncia del Congr\u00e9s dels Diputats","og_description":"&nbsp; Miembros de la direcci\u00f3n del Casal dels Infants ha ido al Congreso de los Diputados este mi\u00e9rcoles 5 para presentar el Casal dels Infants y exponer la acci\u00f3n social y el acompa\u00f1amiento a ni\u00f1os y j\u00f3venes migrantes sin referentes familiares que llevamos a cabo, as\u00ed como el an\u00e1lisis de la situaci\u00f3n en la cual [&hellip;]","og_url":"https:\/\/www.casaldelsinfants.org\/es\/actualidad\/exponemos-la-realidad-de-los-y-las-jovenes-migrantes-sin-referentes-familiares-en-la\/","og_site_name":"Casal dels Infants","article_publisher":"https:\/\/www.facebook.com\/casalinfants","article_published_time":"2022-10-06T06:50:21+00:00","article_modified_time":"2023-09-01T07:47:42+00:00","og_image":[{"width":2560,"height":1921,"url":"https:\/\/www.casaldelsinfants.org\/wp-content\/uploads\/feuf5xmwiamjhgf-scaled-1.webp","type":"image\/jpeg"}],"author":"cdiAdmin","twitter_card":"summary_large_image","twitter_creator":"@casalinfants","twitter_site":"@casalinfants","twitter_misc":{"Escrito por":"cdiAdmin","Tiempo de lectura":"6 minutos"},"schema":{"@context":"https:\/\/schema.org","@graph":[{"@type":"Article","@id":"https:\/\/www.casaldelsinfants.org\/es\/actualidad\/exponemos-la-realidad-de-los-y-las-jovenes-migrantes-sin-referentes-familiares-en-la\/#article","isPartOf":{"@id":"https:\/\/www.casaldelsinfants.org\/es\/actualidad\/exponemos-la-realidad-de-los-y-las-jovenes-migrantes-sin-referentes-familiares-en-la\/"},"author":{"name":"cdiAdmin","@id":"https:\/\/www.casaldelsinfants.org\/es\/#\/schema\/person\/97707fc8c64900cf36891127dbf9fba8"},"headline":"Exponemos la realidad de los y las j\u00f3venes migrantes sin referentes familiares en la Comisi\u00f3n de Derechos de la Infancia y Adolescencia del Congreso de Diputados","datePublished":"2022-10-06T06:50:21+00:00","dateModified":"2023-09-01T07:47:42+00:00","mainEntityOfPage":{"@id":"https:\/\/www.casaldelsinfants.org\/es\/actualidad\/exponemos-la-realidad-de-los-y-las-jovenes-migrantes-sin-referentes-familiares-en-la\/"},"wordCount":1034,"commentCount":0,"publisher":{"@id":"https:\/\/www.casaldelsinfants.org\/es\/#organization"},"image":{"@id":"https:\/\/www.casaldelsinfants.org\/es\/actualidad\/exponemos-la-realidad-de-los-y-las-jovenes-migrantes-sin-referentes-familiares-en-la\/#primaryimage"},"thumbnailUrl":"https:\/\/www.casaldelsinfants.org\/wp-content\/uploads\/feuf5xmwiamjhgf-scaled-1.webp","articleSection":["Noticia"],"inLanguage":"es","potentialAction":[{"@type":"CommentAction","name":"Comment","target":["https:\/\/www.casaldelsinfants.org\/es\/actualidad\/exponemos-la-realidad-de-los-y-las-jovenes-migrantes-sin-referentes-familiares-en-la\/#respond"]}]},{"@type":"WebPage","@id":"https:\/\/www.casaldelsinfants.org\/es\/actualidad\/exponemos-la-realidad-de-los-y-las-jovenes-migrantes-sin-referentes-familiares-en-la\/","url":"https:\/\/www.casaldelsinfants.org\/es\/actualidad\/exponemos-la-realidad-de-los-y-las-jovenes-migrantes-sin-referentes-familiares-en-la\/","name":"Exposem la realitat dels i les joves migrats sense referents familiars a la Comissi\u00f3 de Drets de la Inf\u00e0ncia i Adolesc\u00e8ncia del Congr\u00e9s dels Diputats","isPartOf":{"@id":"https:\/\/www.casaldelsinfants.org\/es\/#website"},"primaryImageOfPage":{"@id":"https:\/\/www.casaldelsinfants.org\/es\/actualidad\/exponemos-la-realidad-de-los-y-las-jovenes-migrantes-sin-referentes-familiares-en-la\/#primaryimage"},"image":{"@id":"https:\/\/www.casaldelsinfants.org\/es\/actualidad\/exponemos-la-realidad-de-los-y-las-jovenes-migrantes-sin-referentes-familiares-en-la\/#primaryimage"},"thumbnailUrl":"https:\/\/www.casaldelsinfants.org\/wp-content\/uploads\/feuf5xmwiamjhgf-scaled-1.webp","datePublished":"2022-10-06T06:50:21+00:00","dateModified":"2023-09-01T07:47:42+00:00","breadcrumb":{"@id":"https:\/\/www.casaldelsinfants.org\/es\/actualidad\/exponemos-la-realidad-de-los-y-las-jovenes-migrantes-sin-referentes-familiares-en-la\/#breadcrumb"},"inLanguage":"es","potentialAction":[{"@type":"ReadAction","target":["https:\/\/www.casaldelsinfants.org\/es\/actualidad\/exponemos-la-realidad-de-los-y-las-jovenes-migrantes-sin-referentes-familiares-en-la\/"]}]},{"@type":"ImageObject","inLanguage":"es","@id":"https:\/\/www.casaldelsinfants.org\/es\/actualidad\/exponemos-la-realidad-de-los-y-las-jovenes-migrantes-sin-referentes-familiares-en-la\/#primaryimage","url":"https:\/\/www.casaldelsinfants.org\/wp-content\/uploads\/feuf5xmwiamjhgf-scaled-1.webp","contentUrl":"https:\/\/www.casaldelsinfants.org\/wp-content\/uploads\/feuf5xmwiamjhgf-scaled-1.webp","width":2560,"height":1921,"caption":"Imatge Comisi\u00f3 de Drets Infants i Adolescents al Congr\u00e9s dels Diputats"},{"@type":"BreadcrumbList","@id":"https:\/\/www.casaldelsinfants.org\/es\/actualidad\/exponemos-la-realidad-de-los-y-las-jovenes-migrantes-sin-referentes-familiares-en-la\/#breadcrumb","itemListElement":[{"@type":"ListItem","position":1,"name":"Inici","item":"https:\/\/www.casaldelsinfants.org\/es\/"},{"@type":"ListItem","position":2,"name":"Exponemos la realidad de los y las j\u00f3venes migrantes sin referentes familiares en la Comisi\u00f3n de Derechos de la Infancia y Adolescencia del Congreso de Diputados"}]},{"@type":"WebSite","@id":"https:\/\/www.casaldelsinfants.org\/es\/#website","url":"https:\/\/www.casaldelsinfants.org\/es\/","name":"Casal dels Infants","description":"","publisher":{"@id":"https:\/\/www.casaldelsinfants.org\/es\/#organization"},"potentialAction":[{"@type":"SearchAction","target":{"@type":"EntryPoint","urlTemplate":"https:\/\/www.casaldelsinfants.org\/es\/?s={search_term_string}"},"query-input":{"@type":"PropertyValueSpecification","valueRequired":true,"valueName":"search_term_string"}}],"inLanguage":"es"},{"@type":"Organization","@id":"https:\/\/www.casaldelsinfants.org\/es\/#organization","name":"Casal dels Infants","url":"https:\/\/www.casaldelsinfants.org\/es\/","logo":{"@type":"ImageObject","inLanguage":"es","@id":"https:\/\/www.casaldelsinfants.org\/es\/#\/schema\/logo\/image\/","url":"https:\/\/www.casaldelsinfants.org\/wp-content\/uploads\/logo-mail.png","contentUrl":"https:\/\/www.casaldelsinfants.org\/wp-content\/uploads\/logo-mail.png","width":380,"height":158,"caption":"Casal dels Infants"},"image":{"@id":"https:\/\/www.casaldelsinfants.org\/es\/#\/schema\/logo\/image\/"},"sameAs":["https:\/\/www.facebook.com\/casalinfants","https:\/\/x.com\/casalinfants","https:\/\/www.youtube.com\/user\/CasaldelsInfants1","https:\/\/www.instagram.com\/casalinfants\/","https:\/\/www.linkedin.com\/company\/casaldelsinfants?trk=organization-update_share-update_actor-text"]},{"@type":"Person","@id":"https:\/\/www.casaldelsinfants.org\/es\/#\/schema\/person\/97707fc8c64900cf36891127dbf9fba8","name":"cdiAdmin","sameAs":["https:\/\/casaldelsinfants.org"]}]}},"publishpress_future_action":{"enabled":false,"date":"2026-05-09 03:57:07","action":"change-status","newStatus":"draft","terms":[],"taxonomy":"category","extraData":[]},"publishpress_future_workflow_manual_trigger":{"enabledWorkflows":[]},"_links":{"self":[{"href":"https:\/\/www.casaldelsinfants.org\/es\/wp-json\/wp\/v2\/posts\/10472","targetHints":{"allow":["GET"]}}],"collection":[{"href":"https:\/\/www.casaldelsinfants.org\/es\/wp-json\/wp\/v2\/posts"}],"about":[{"href":"https:\/\/www.casaldelsinfants.org\/es\/wp-json\/wp\/v2\/types\/post"}],"author":[{"embeddable":true,"href":"https:\/\/www.casaldelsinfants.org\/es\/wp-json\/wp\/v2\/users\/1"}],"replies":[{"embeddable":true,"href":"https:\/\/www.casaldelsinfants.org\/es\/wp-json\/wp\/v2\/comments?post=10472"}],"version-history":[{"count":2,"href":"https:\/\/www.casaldelsinfants.org\/es\/wp-json\/wp\/v2\/posts\/10472\/revisions"}],"predecessor-version":[{"id":13591,"href":"https:\/\/www.casaldelsinfants.org\/es\/wp-json\/wp\/v2\/posts\/10472\/revisions\/13591"}],"wp:featuredmedia":[{"embeddable":true,"href":"https:\/\/www.casaldelsinfants.org\/es\/wp-json\/wp\/v2\/media\/10328"}],"wp:attachment":[{"href":"https:\/\/www.casaldelsinfants.org\/es\/wp-json\/wp\/v2\/media?parent=10472"}],"wp:term":[{"taxonomy":"category","embeddable":true,"href":"https:\/\/www.casaldelsinfants.org\/es\/wp-json\/wp\/v2\/categories?post=10472"},{"taxonomy":"post_tag","embeddable":true,"href":"https:\/\/www.casaldelsinfants.org\/es\/wp-json\/wp\/v2\/tags?post=10472"},{"taxonomy":"seus","embeddable":true,"href":"https:\/\/www.casaldelsinfants.org\/es\/wp-json\/wp\/v2\/seus?post=10472"},{"taxonomy":"eixos","embeddable":true,"href":"https:\/\/www.casaldelsinfants.org\/es\/wp-json\/wp\/v2\/eixos?post=10472"}],"curies":[{"name":"wp","href":"https:\/\/api.w.org\/{rel}","templated":true}]}}