{"id":10475,"date":"2022-09-21T09:27:16","date_gmt":"2022-09-21T07:27:16","guid":{"rendered":"https:\/\/casal.puntzero.cat\/el-coste-economico-del-inicio-de-curso-ahoga-las-familias\/"},"modified":"2023-09-05T09:46:06","modified_gmt":"2023-09-05T07:46:06","slug":"el-coste-economico-del-inicio-de-curso-ahoga-las-familias","status":"publish","type":"post","link":"https:\/\/www.casaldelsinfants.org\/es\/actualidad\/el-coste-economico-del-inicio-de-curso-ahoga-las-familias\/","title":{"rendered":"El coste econ\u00f3mico del inicio de curso ahoga a las familias"},"content":{"rendered":"<p><span style=\"color: #000000;\">Si pensamos en cuando \u00e9ramos ni\u00f1os y ni\u00f1as, el inicio de curso nos puede traer recuerdos de mochilas nuevas llenas de libros y libretas relucientes, estuches de bol\u00edgrafos por estrenar, la bata nueva bien planchada, esa actividad extraescolar que ten\u00edamos tantas ganas de probar&#8230; Todo bien listo para empezar con ilusi\u00f3n la aventura que, a\u00f1o tras a\u00f1o, supon\u00eda el <strong>arranque de un nuevo curso escolar<\/strong>. <\/span><\/p>\n<p><span style=\"color: #000000;\">Desgraciadamente, esta imagen id\u00edlica, queda muy lejos de la realidad de muchos ni\u00f1os y ni\u00f1as y de sus familias. <\/span><\/p>\n<p><span style=\"color: #000000;\"><strong>\u00bfQu\u00e9 supone econ\u00f3micamente el inicio del curso escolar?<\/strong> \u00bfY para las familias en riesgo de exclusi\u00f3n?\u00a0<\/span><\/p>\n<p>&nbsp;<\/p>\n<p><strong>Impacto\u00a0econ\u00f3mico\u00a0\u00a0<\/strong><\/p>\n<p><span style=\"color: #000000;\">Para cualquier familia comprar todo lo que necesitan sus hijos e hijas para <strong>empezar el curso supone una inversi\u00f3n econ\u00f3mica m\u00ednima de entre\u00a0150\u20ac i 200\u20ac<\/strong>.\u00a0<\/span><\/p>\n<p dir=\"ltr\"><span style=\"color: #000000;\">Para las familias en riesgo de exclusi\u00f3n social, donde a menudo no entra ning\u00fan ingreso, el inicio de curso de sus hijos e hijas se convierte en una preocupaci\u00f3n que les genera mucha angustia, porque se les est\u00e1 pidiendo un imposible. <\/span><\/p>\n<p dir=\"ltr\"><span style=\"color: #000000;\">La bata, el material escolar, la mochila, las actividades extraescolares, ropa y calzado deportivo&#8230; la lista de lo m\u00ednimo necesario es totalmente inabarcable para estas familias, que no pueden garantizar que sus hihos e hihas empiecen el curso con la mochila llena.\u00a0<\/span><\/p>\n<p dir=\"ltr\"><span style=\"color: #000000;\">A\u00fan haciendo mil y un apa\u00f1os para reutilizar todo lo posible, estos ni\u00f1os, ni\u00f1as y adolescentes\u00a0<strong>empiezan el curso con una desigualdad que arrastrar\u00e1n todo el a\u00f1o\u00a0<\/strong>y repercutir\u00e1 en su \u00e9xito escolar y en su autoestima.\u00a0<\/span><\/p>\n<p dir=\"ltr\"><strong>Nuevas tecnolog\u00edas\u00a0<\/strong><\/p>\n<p><span style=\"color: #000000;\">Las nuevas tecnolog\u00edas presentes en el d\u00eda a d\u00eda de todas las escuelas tambi\u00e9n son un factor de desigualdad para muvhos ni\u00f1os, ni\u00f1as y adolescentes. A pesar de no ser obligatorio, se da por supuesto que todas las familias disponen al menos de un ordenador en casa en el que los chicos y chicas pueden trabajar y hacer los deberes y tareas que se les piden.\u00a0<\/span><\/p>\n<p><span style=\"color: #000000;\">Las familias en situaci\u00f3n de vulnerabilidad social no disponen de dispositivos electr\u00f3nicos en casa, ni de los conocimientos necesarios para utilizarlos, como te explic\u00e1bamos en este art\u00edculo sobre la <\/span><u>brecha digital.\u00a0<\/u><\/p>\n<p><span style=\"color: #000000;\">Otra vez, <strong>m\u00e1s desigualdades que vuelven con el inicio del curso escolar<\/strong>, y muchos ni\u00f1os y ni\u00f1as que no podr\u00e1n seguir\u00a0\u00a0el ritmo de sus compa\u00f1eros y compa\u00f1eras y se quedar\u00e1n atr\u00e1s.\u00a0<\/span><\/p>\n<p><img decoding=\"async\" class=\"align-center\" src=\"\/wp-content\/uploads\/inline-images\/casal%20dels%20infants%20cost%20inici%20curs%20escolar%20.jpg\" alt=\"nena a la classe inici curs escolar\" width=\"480\" height=\"320\" data-entity-type=\"file\" data-entity-uuid=\"e9832380-5d82-4549-9a53-fafef61c5d3b\" data-image-style=\"large\" \/><\/p>\n<p><strong>El acompa\u00f1amiento del casal dels Infants\u00a0\u00a0<\/strong><\/p>\n<p><span style=\"color: #000000;\">En el Casal dels Infants acompa\u00f1amos cada a\u00f1o 6.000 ni\u00f1os, ni\u00f1as , j\u00f3venes y sus familias a trav\u00e9s de 55 servicios socioeducativos en Barcelona, Badalona, Sant Adri\u00e0 de Bes\u00f2s, Santa Coloma de Gramenet y Salt.\u00a0<\/span><\/p>\n<p><span style=\"color: #000000;\">Garantizamos que todos los ni\u00f1os y ni\u00f1as tengan un espacio seguro y de confianza en el que hacer los deberes y recibir <strong>apoyo en los estudios, con acceso a ordenadores y formaci\u00f3n en el uso de nuevas tecnolog\u00edas. <\/strong><\/span><\/p>\n<p><span style=\"color: #000000;\"><strong>Las actividades extraescolares y de tiempo libre tambi\u00e9n tienen mucho peso en el crecimiento y educaci\u00f3n de los ni\u00f1os, ni\u00f1as y j\u00f3venes, repercutiendo positivamente en su proceso ordinario, y por eso en el Casal los n\u00f1os y ni\u00f1as disfrutan de actividades de tiempo libre que de otra manera no podr\u00edan hacer.\u00a0<\/strong><\/span><\/p>\n<p><span style=\"color: #000000;\">En el casal dels Infants, los ni\u00f1os, ni\u00f1as, adolescentes y j\u00f3venes encuentran siempre a alguien que les escucha y les acompa\u00f1a en su desarrollo acad\u00e9mico y humano.\u00a0<\/span><\/p>\n<p dir=\"ltr\"><strong>Llenemos las mochilas de oportunidades\u00a0<\/strong><\/p>\n<p><span style=\"color: #000000;\">Las desigualdades que sufren los ni\u00f1os, ni\u00f1as y j\u00f3venes en riesgo de exclusi\u00f3n son oportunidades que pierden a lo largo de su desarrollo, oportunidades que ya no podr\u00e1n recuperar.\u00a0<\/span><\/p>\n<p><span style=\"color: #000000;\">\u00a1Ay\u00fadanos a llenar las mochilas de los ni\u00f1os y ni\u00f1as que participan en el Casald els Infants, regala oportunidades educativas y no dejemos que ninguna ni\u00f1a\u00a0ni ning\u00fan ni\u00f1o se quede atr\u00e1s!\u00a0<\/span><\/p>\n<p><span style=\"color: #000000;\"><strong>Tu regalo solidario llenar\u00e1 las mochilas de material escolar y de juego para ni\u00f1os\/as en riesgo, de equipamento tecnol\u00f3gico y mejora de competencias digitales, de refuerzo escolar y apoyo en sus estudios, de apoyo social y educativo.\u00a0<\/strong><\/span><\/p>\n<p><a title=\"regalo solidario llenemos las mochilas casal dels infants\" href=\"https:\/\/www.casaldelsinfants.org\/es\/que-puedes-hacer-tu\/haz-un-donativo\/regalos-solidarios\/\" rel=\"nofollow\"><b>Haz tu regalo solidario y llena las mochilas\u00a0<\/b><\/a><\/p>\n<p><a title=\"Hazte socio, haz un donativo\" href=\"https:\/\/www.casaldelsinfants.org\/es\/que-puedes-hacer-tu\/haz-un-donativo\/\" rel=\"nofollow\"><b>H\u00e1zte socio\/a\u00a0<\/b><\/a><\/p>\n<blockquote>\n<p dir=\"ltr\">\n<\/blockquote>\n<blockquote>\n<p dir=\"ltr\">\n<\/blockquote>\n<p dir=\"ltr\">\n","protected":false},"excerpt":{"rendered":"<p>Si pensamos en cuando \u00e9ramos ni\u00f1os y ni\u00f1as, el inicio de curso nos puede traer recuerdos de mochilas nuevas llenas de libros y libretas relucientes, estuches de bol\u00edgrafos por estrenar, la bata nueva bien planchada, esa actividad extraescolar que ten\u00edamos tantas ganas de probar&#8230; Todo bien listo para empezar con ilusi\u00f3n la aventura que, a\u00f1o [&hellip;]<\/p>\n","protected":false},"author":1,"featured_media":10335,"comment_status":"open","ping_status":"open","sticky":false,"template":"","format":"standard","meta":{"_acf_changed":false,"_et_pb_use_builder":"","_et_pb_old_content":"","_et_gb_content_width":"","inline_featured_image":false,"footnotes":""},"categories":[125],"tags":[],"seus":[],"eixos":[],"class_list":["post-10475","post","type-post","status-publish","format-standard","has-post-thumbnail","hentry","category-noticias"],"acf":[],"yoast_head":"<!-- This site is optimized with the Yoast SEO plugin v27.4 - https:\/\/yoast.com\/product\/yoast-seo-wordpress\/ -->\n<title>El coste econ\u00f3mico del inicio de curso ahoga a las familias | [Noticias]<\/title>\n<meta name=\"description\" content=\"El inicio del curso escolar supone un gasto econ\u00f3mico que ahoga a las familias. Las familias en riesgo de exclusi\u00f3n no pueden comprar todo lo que sus hijos e hijas necesitan, y estos ni\u00f1os y ni\u00f1as empiezan el curso en desigualdad respecto a sus compa\u00f1eros y compa\u00f1eras, una desigualdad que arrastrar\u00e1n durante todo el curso y repercutir\u00e1 en su rendimiento escolar. Colabora con el Casal dels Infants y ay\u00fadanos a que ning\u00fan ni\u00f1o ni ni\u00f1a se quede con la mochila vac\u00eda.\" \/>\n<meta name=\"robots\" content=\"index, follow, max-snippet:-1, max-image-preview:large, max-video-preview:-1\" \/>\n<link rel=\"canonical\" href=\"https:\/\/www.casaldelsinfants.org\/es\/actualidad\/el-coste-economico-del-inicio-de-curso-ahoga-las-familias\/\" \/>\n<meta property=\"og:locale\" content=\"es_ES\" \/>\n<meta property=\"og:type\" content=\"article\" \/>\n<meta property=\"og:title\" content=\"El coste econ\u00f3mico del inicio de curso ahoga a las familias | [Noticias]\" \/>\n<meta property=\"og:description\" content=\"El inicio del curso escolar supone un gasto econ\u00f3mico que ahoga a las familias. Las familias en riesgo de exclusi\u00f3n no pueden comprar todo lo que sus hijos e hijas necesitan, y estos ni\u00f1os y ni\u00f1as empiezan el curso en desigualdad respecto a sus compa\u00f1eros y compa\u00f1eras, una desigualdad que arrastrar\u00e1n durante todo el curso y repercutir\u00e1 en su rendimiento escolar. Colabora con el Casal dels Infants y ay\u00fadanos a que ning\u00fan ni\u00f1o ni ni\u00f1a se quede con la mochila vac\u00eda.\" \/>\n<meta property=\"og:url\" content=\"https:\/\/www.casaldelsinfants.org\/es\/actualidad\/el-coste-economico-del-inicio-de-curso-ahoga-las-familias\/\" \/>\n<meta property=\"og:site_name\" content=\"Casal dels Infants\" \/>\n<meta property=\"article:publisher\" content=\"https:\/\/www.facebook.com\/casalinfants\" \/>\n<meta property=\"article:published_time\" content=\"2022-09-21T07:27:16+00:00\" \/>\n<meta property=\"article:modified_time\" content=\"2023-09-05T07:46:06+00:00\" \/>\n<meta property=\"og:image\" content=\"https:\/\/www.casaldelsinfants.org\/wp-content\/uploads\/casal_dels_infants_inici_de_curs-1.webp\" \/>\n\t<meta property=\"og:image:width\" content=\"640\" \/>\n\t<meta property=\"og:image:height\" content=\"427\" \/>\n\t<meta property=\"og:image:type\" content=\"image\/jpeg\" \/>\n<meta name=\"author\" content=\"cdiAdmin\" \/>\n<meta name=\"twitter:card\" content=\"summary_large_image\" \/>\n<meta name=\"twitter:creator\" content=\"@casalinfants\" \/>\n<meta name=\"twitter:site\" content=\"@casalinfants\" \/>\n<meta name=\"twitter:label1\" content=\"Escrito por\" \/>\n\t<meta name=\"twitter:data1\" content=\"cdiAdmin\" \/>\n\t<meta name=\"twitter:label2\" content=\"Tiempo de lectura\" \/>\n\t<meta name=\"twitter:data2\" content=\"4 minutos\" \/>\n<script type=\"application\/ld+json\" class=\"yoast-schema-graph\">{\"@context\":\"https:\\\/\\\/schema.org\",\"@graph\":[{\"@type\":\"Article\",\"@id\":\"https:\\\/\\\/www.casaldelsinfants.org\\\/es\\\/actualidad\\\/el-coste-economico-del-inicio-de-curso-ahoga-las-familias\\\/#article\",\"isPartOf\":{\"@id\":\"https:\\\/\\\/www.casaldelsinfants.org\\\/es\\\/actualidad\\\/el-coste-economico-del-inicio-de-curso-ahoga-las-familias\\\/\"},\"author\":{\"name\":\"cdiAdmin\",\"@id\":\"https:\\\/\\\/www.casaldelsinfants.org\\\/es\\\/#\\\/schema\\\/person\\\/97707fc8c64900cf36891127dbf9fba8\"},\"headline\":\"El coste econ\u00f3mico del inicio de curso ahoga a las familias\",\"datePublished\":\"2022-09-21T07:27:16+00:00\",\"dateModified\":\"2023-09-05T07:46:06+00:00\",\"mainEntityOfPage\":{\"@id\":\"https:\\\/\\\/www.casaldelsinfants.org\\\/es\\\/actualidad\\\/el-coste-economico-del-inicio-de-curso-ahoga-las-familias\\\/\"},\"wordCount\":745,\"commentCount\":0,\"publisher\":{\"@id\":\"https:\\\/\\\/www.casaldelsinfants.org\\\/es\\\/#organization\"},\"image\":{\"@id\":\"https:\\\/\\\/www.casaldelsinfants.org\\\/es\\\/actualidad\\\/el-coste-economico-del-inicio-de-curso-ahoga-las-familias\\\/#primaryimage\"},\"thumbnailUrl\":\"https:\\\/\\\/www.casaldelsinfants.org\\\/wp-content\\\/uploads\\\/casal_dels_infants_inici_de_curs-1.webp\",\"articleSection\":[\"Noticia\"],\"inLanguage\":\"es\",\"potentialAction\":[{\"@type\":\"CommentAction\",\"name\":\"Comment\",\"target\":[\"https:\\\/\\\/www.casaldelsinfants.org\\\/es\\\/actualidad\\\/el-coste-economico-del-inicio-de-curso-ahoga-las-familias\\\/#respond\"]}]},{\"@type\":\"WebPage\",\"@id\":\"https:\\\/\\\/www.casaldelsinfants.org\\\/es\\\/actualidad\\\/el-coste-economico-del-inicio-de-curso-ahoga-las-familias\\\/\",\"url\":\"https:\\\/\\\/www.casaldelsinfants.org\\\/es\\\/actualidad\\\/el-coste-economico-del-inicio-de-curso-ahoga-las-familias\\\/\",\"name\":\"El coste econ\u00f3mico del inicio de curso ahoga a las familias | [Noticias]\",\"isPartOf\":{\"@id\":\"https:\\\/\\\/www.casaldelsinfants.org\\\/es\\\/#website\"},\"primaryImageOfPage\":{\"@id\":\"https:\\\/\\\/www.casaldelsinfants.org\\\/es\\\/actualidad\\\/el-coste-economico-del-inicio-de-curso-ahoga-las-familias\\\/#primaryimage\"},\"image\":{\"@id\":\"https:\\\/\\\/www.casaldelsinfants.org\\\/es\\\/actualidad\\\/el-coste-economico-del-inicio-de-curso-ahoga-las-familias\\\/#primaryimage\"},\"thumbnailUrl\":\"https:\\\/\\\/www.casaldelsinfants.org\\\/wp-content\\\/uploads\\\/casal_dels_infants_inici_de_curs-1.webp\",\"datePublished\":\"2022-09-21T07:27:16+00:00\",\"dateModified\":\"2023-09-05T07:46:06+00:00\",\"description\":\"El inicio del curso escolar supone un gasto econ\u00f3mico que ahoga a las familias. Las familias en riesgo de exclusi\u00f3n no pueden comprar todo lo que sus hijos e hijas necesitan, y estos ni\u00f1os y ni\u00f1as empiezan el curso en desigualdad respecto a sus compa\u00f1eros y compa\u00f1eras, una desigualdad que arrastrar\u00e1n durante todo el curso y repercutir\u00e1 en su rendimiento escolar. Colabora con el Casal dels Infants y ay\u00fadanos a que ning\u00fan ni\u00f1o ni ni\u00f1a se quede con la mochila vac\u00eda.\",\"breadcrumb\":{\"@id\":\"https:\\\/\\\/www.casaldelsinfants.org\\\/es\\\/actualidad\\\/el-coste-economico-del-inicio-de-curso-ahoga-las-familias\\\/#breadcrumb\"},\"inLanguage\":\"es\",\"potentialAction\":[{\"@type\":\"ReadAction\",\"target\":[\"https:\\\/\\\/www.casaldelsinfants.org\\\/es\\\/actualidad\\\/el-coste-economico-del-inicio-de-curso-ahoga-las-familias\\\/\"]}]},{\"@type\":\"ImageObject\",\"inLanguage\":\"es\",\"@id\":\"https:\\\/\\\/www.casaldelsinfants.org\\\/es\\\/actualidad\\\/el-coste-economico-del-inicio-de-curso-ahoga-las-familias\\\/#primaryimage\",\"url\":\"https:\\\/\\\/www.casaldelsinfants.org\\\/wp-content\\\/uploads\\\/casal_dels_infants_inici_de_curs-1.webp\",\"contentUrl\":\"https:\\\/\\\/www.casaldelsinfants.org\\\/wp-content\\\/uploads\\\/casal_dels_infants_inici_de_curs-1.webp\",\"width\":640,\"height\":427,\"caption\":\"El cost de l'inici de curs ofega a les fam\u00edlies\"},{\"@type\":\"BreadcrumbList\",\"@id\":\"https:\\\/\\\/www.casaldelsinfants.org\\\/es\\\/actualidad\\\/el-coste-economico-del-inicio-de-curso-ahoga-las-familias\\\/#breadcrumb\",\"itemListElement\":[{\"@type\":\"ListItem\",\"position\":1,\"name\":\"Inici\",\"item\":\"https:\\\/\\\/www.casaldelsinfants.org\\\/es\\\/\"},{\"@type\":\"ListItem\",\"position\":2,\"name\":\"El coste econ\u00f3mico del inicio de curso ahoga a las familias\"}]},{\"@type\":\"WebSite\",\"@id\":\"https:\\\/\\\/www.casaldelsinfants.org\\\/es\\\/#website\",\"url\":\"https:\\\/\\\/www.casaldelsinfants.org\\\/es\\\/\",\"name\":\"Casal dels Infants\",\"description\":\"\",\"publisher\":{\"@id\":\"https:\\\/\\\/www.casaldelsinfants.org\\\/es\\\/#organization\"},\"potentialAction\":[{\"@type\":\"SearchAction\",\"target\":{\"@type\":\"EntryPoint\",\"urlTemplate\":\"https:\\\/\\\/www.casaldelsinfants.org\\\/es\\\/?s={search_term_string}\"},\"query-input\":{\"@type\":\"PropertyValueSpecification\",\"valueRequired\":true,\"valueName\":\"search_term_string\"}}],\"inLanguage\":\"es\"},{\"@type\":\"Organization\",\"@id\":\"https:\\\/\\\/www.casaldelsinfants.org\\\/es\\\/#organization\",\"name\":\"Casal dels Infants\",\"url\":\"https:\\\/\\\/www.casaldelsinfants.org\\\/es\\\/\",\"logo\":{\"@type\":\"ImageObject\",\"inLanguage\":\"es\",\"@id\":\"https:\\\/\\\/www.casaldelsinfants.org\\\/es\\\/#\\\/schema\\\/logo\\\/image\\\/\",\"url\":\"https:\\\/\\\/www.casaldelsinfants.org\\\/wp-content\\\/uploads\\\/logo-mail.png\",\"contentUrl\":\"https:\\\/\\\/www.casaldelsinfants.org\\\/wp-content\\\/uploads\\\/logo-mail.png\",\"width\":380,\"height\":158,\"caption\":\"Casal dels Infants\"},\"image\":{\"@id\":\"https:\\\/\\\/www.casaldelsinfants.org\\\/es\\\/#\\\/schema\\\/logo\\\/image\\\/\"},\"sameAs\":[\"https:\\\/\\\/www.facebook.com\\\/casalinfants\",\"https:\\\/\\\/x.com\\\/casalinfants\",\"https:\\\/\\\/www.youtube.com\\\/user\\\/CasaldelsInfants1\",\"https:\\\/\\\/www.instagram.com\\\/casalinfants\\\/\",\"https:\\\/\\\/www.linkedin.com\\\/company\\\/casaldelsinfants?trk=organization-update_share-update_actor-text\"]},{\"@type\":\"Person\",\"@id\":\"https:\\\/\\\/www.casaldelsinfants.org\\\/es\\\/#\\\/schema\\\/person\\\/97707fc8c64900cf36891127dbf9fba8\",\"name\":\"cdiAdmin\",\"sameAs\":[\"https:\\\/\\\/casaldelsinfants.org\"]}]}<\/script>\n<!-- \/ Yoast SEO plugin. -->","yoast_head_json":{"title":"El coste econ\u00f3mico del inicio de curso ahoga a las familias | [Noticias]","description":"El inicio del curso escolar supone un gasto econ\u00f3mico que ahoga a las familias. Las familias en riesgo de exclusi\u00f3n no pueden comprar todo lo que sus hijos e hijas necesitan, y estos ni\u00f1os y ni\u00f1as empiezan el curso en desigualdad respecto a sus compa\u00f1eros y compa\u00f1eras, una desigualdad que arrastrar\u00e1n durante todo el curso y repercutir\u00e1 en su rendimiento escolar. Colabora con el Casal dels Infants y ay\u00fadanos a que ning\u00fan ni\u00f1o ni ni\u00f1a se quede con la mochila vac\u00eda.","robots":{"index":"index","follow":"follow","max-snippet":"max-snippet:-1","max-image-preview":"max-image-preview:large","max-video-preview":"max-video-preview:-1"},"canonical":"https:\/\/www.casaldelsinfants.org\/es\/actualidad\/el-coste-economico-del-inicio-de-curso-ahoga-las-familias\/","og_locale":"es_ES","og_type":"article","og_title":"El coste econ\u00f3mico del inicio de curso ahoga a las familias | [Noticias]","og_description":"El inicio del curso escolar supone un gasto econ\u00f3mico que ahoga a las familias. Las familias en riesgo de exclusi\u00f3n no pueden comprar todo lo que sus hijos e hijas necesitan, y estos ni\u00f1os y ni\u00f1as empiezan el curso en desigualdad respecto a sus compa\u00f1eros y compa\u00f1eras, una desigualdad que arrastrar\u00e1n durante todo el curso y repercutir\u00e1 en su rendimiento escolar. Colabora con el Casal dels Infants y ay\u00fadanos a que ning\u00fan ni\u00f1o ni ni\u00f1a se quede con la mochila vac\u00eda.","og_url":"https:\/\/www.casaldelsinfants.org\/es\/actualidad\/el-coste-economico-del-inicio-de-curso-ahoga-las-familias\/","og_site_name":"Casal dels Infants","article_publisher":"https:\/\/www.facebook.com\/casalinfants","article_published_time":"2022-09-21T07:27:16+00:00","article_modified_time":"2023-09-05T07:46:06+00:00","og_image":[{"width":640,"height":427,"url":"https:\/\/www.casaldelsinfants.org\/wp-content\/uploads\/casal_dels_infants_inici_de_curs-1.webp","type":"image\/jpeg"}],"author":"cdiAdmin","twitter_card":"summary_large_image","twitter_creator":"@casalinfants","twitter_site":"@casalinfants","twitter_misc":{"Escrito por":"cdiAdmin","Tiempo de lectura":"4 minutos"},"schema":{"@context":"https:\/\/schema.org","@graph":[{"@type":"Article","@id":"https:\/\/www.casaldelsinfants.org\/es\/actualidad\/el-coste-economico-del-inicio-de-curso-ahoga-las-familias\/#article","isPartOf":{"@id":"https:\/\/www.casaldelsinfants.org\/es\/actualidad\/el-coste-economico-del-inicio-de-curso-ahoga-las-familias\/"},"author":{"name":"cdiAdmin","@id":"https:\/\/www.casaldelsinfants.org\/es\/#\/schema\/person\/97707fc8c64900cf36891127dbf9fba8"},"headline":"El coste econ\u00f3mico del inicio de curso ahoga a las familias","datePublished":"2022-09-21T07:27:16+00:00","dateModified":"2023-09-05T07:46:06+00:00","mainEntityOfPage":{"@id":"https:\/\/www.casaldelsinfants.org\/es\/actualidad\/el-coste-economico-del-inicio-de-curso-ahoga-las-familias\/"},"wordCount":745,"commentCount":0,"publisher":{"@id":"https:\/\/www.casaldelsinfants.org\/es\/#organization"},"image":{"@id":"https:\/\/www.casaldelsinfants.org\/es\/actualidad\/el-coste-economico-del-inicio-de-curso-ahoga-las-familias\/#primaryimage"},"thumbnailUrl":"https:\/\/www.casaldelsinfants.org\/wp-content\/uploads\/casal_dels_infants_inici_de_curs-1.webp","articleSection":["Noticia"],"inLanguage":"es","potentialAction":[{"@type":"CommentAction","name":"Comment","target":["https:\/\/www.casaldelsinfants.org\/es\/actualidad\/el-coste-economico-del-inicio-de-curso-ahoga-las-familias\/#respond"]}]},{"@type":"WebPage","@id":"https:\/\/www.casaldelsinfants.org\/es\/actualidad\/el-coste-economico-del-inicio-de-curso-ahoga-las-familias\/","url":"https:\/\/www.casaldelsinfants.org\/es\/actualidad\/el-coste-economico-del-inicio-de-curso-ahoga-las-familias\/","name":"El coste econ\u00f3mico del inicio de curso ahoga a las familias | [Noticias]","isPartOf":{"@id":"https:\/\/www.casaldelsinfants.org\/es\/#website"},"primaryImageOfPage":{"@id":"https:\/\/www.casaldelsinfants.org\/es\/actualidad\/el-coste-economico-del-inicio-de-curso-ahoga-las-familias\/#primaryimage"},"image":{"@id":"https:\/\/www.casaldelsinfants.org\/es\/actualidad\/el-coste-economico-del-inicio-de-curso-ahoga-las-familias\/#primaryimage"},"thumbnailUrl":"https:\/\/www.casaldelsinfants.org\/wp-content\/uploads\/casal_dels_infants_inici_de_curs-1.webp","datePublished":"2022-09-21T07:27:16+00:00","dateModified":"2023-09-05T07:46:06+00:00","description":"El inicio del curso escolar supone un gasto econ\u00f3mico que ahoga a las familias. Las familias en riesgo de exclusi\u00f3n no pueden comprar todo lo que sus hijos e hijas necesitan, y estos ni\u00f1os y ni\u00f1as empiezan el curso en desigualdad respecto a sus compa\u00f1eros y compa\u00f1eras, una desigualdad que arrastrar\u00e1n durante todo el curso y repercutir\u00e1 en su rendimiento escolar. Colabora con el Casal dels Infants y ay\u00fadanos a que ning\u00fan ni\u00f1o ni ni\u00f1a se quede con la mochila vac\u00eda.","breadcrumb":{"@id":"https:\/\/www.casaldelsinfants.org\/es\/actualidad\/el-coste-economico-del-inicio-de-curso-ahoga-las-familias\/#breadcrumb"},"inLanguage":"es","potentialAction":[{"@type":"ReadAction","target":["https:\/\/www.casaldelsinfants.org\/es\/actualidad\/el-coste-economico-del-inicio-de-curso-ahoga-las-familias\/"]}]},{"@type":"ImageObject","inLanguage":"es","@id":"https:\/\/www.casaldelsinfants.org\/es\/actualidad\/el-coste-economico-del-inicio-de-curso-ahoga-las-familias\/#primaryimage","url":"https:\/\/www.casaldelsinfants.org\/wp-content\/uploads\/casal_dels_infants_inici_de_curs-1.webp","contentUrl":"https:\/\/www.casaldelsinfants.org\/wp-content\/uploads\/casal_dels_infants_inici_de_curs-1.webp","width":640,"height":427,"caption":"El cost de l'inici de curs ofega a les fam\u00edlies"},{"@type":"BreadcrumbList","@id":"https:\/\/www.casaldelsinfants.org\/es\/actualidad\/el-coste-economico-del-inicio-de-curso-ahoga-las-familias\/#breadcrumb","itemListElement":[{"@type":"ListItem","position":1,"name":"Inici","item":"https:\/\/www.casaldelsinfants.org\/es\/"},{"@type":"ListItem","position":2,"name":"El coste econ\u00f3mico del inicio de curso ahoga a las familias"}]},{"@type":"WebSite","@id":"https:\/\/www.casaldelsinfants.org\/es\/#website","url":"https:\/\/www.casaldelsinfants.org\/es\/","name":"Casal dels Infants","description":"","publisher":{"@id":"https:\/\/www.casaldelsinfants.org\/es\/#organization"},"potentialAction":[{"@type":"SearchAction","target":{"@type":"EntryPoint","urlTemplate":"https:\/\/www.casaldelsinfants.org\/es\/?s={search_term_string}"},"query-input":{"@type":"PropertyValueSpecification","valueRequired":true,"valueName":"search_term_string"}}],"inLanguage":"es"},{"@type":"Organization","@id":"https:\/\/www.casaldelsinfants.org\/es\/#organization","name":"Casal dels Infants","url":"https:\/\/www.casaldelsinfants.org\/es\/","logo":{"@type":"ImageObject","inLanguage":"es","@id":"https:\/\/www.casaldelsinfants.org\/es\/#\/schema\/logo\/image\/","url":"https:\/\/www.casaldelsinfants.org\/wp-content\/uploads\/logo-mail.png","contentUrl":"https:\/\/www.casaldelsinfants.org\/wp-content\/uploads\/logo-mail.png","width":380,"height":158,"caption":"Casal dels Infants"},"image":{"@id":"https:\/\/www.casaldelsinfants.org\/es\/#\/schema\/logo\/image\/"},"sameAs":["https:\/\/www.facebook.com\/casalinfants","https:\/\/x.com\/casalinfants","https:\/\/www.youtube.com\/user\/CasaldelsInfants1","https:\/\/www.instagram.com\/casalinfants\/","https:\/\/www.linkedin.com\/company\/casaldelsinfants?trk=organization-update_share-update_actor-text"]},{"@type":"Person","@id":"https:\/\/www.casaldelsinfants.org\/es\/#\/schema\/person\/97707fc8c64900cf36891127dbf9fba8","name":"cdiAdmin","sameAs":["https:\/\/casaldelsinfants.org"]}]}},"publishpress_future_action":{"enabled":false,"date":"2026-05-09 03:56:31","action":"change-status","newStatus":"draft","terms":[],"taxonomy":"category","extraData":[]},"publishpress_future_workflow_manual_trigger":{"enabledWorkflows":[]},"_links":{"self":[{"href":"https:\/\/www.casaldelsinfants.org\/es\/wp-json\/wp\/v2\/posts\/10475","targetHints":{"allow":["GET"]}}],"collection":[{"href":"https:\/\/www.casaldelsinfants.org\/es\/wp-json\/wp\/v2\/posts"}],"about":[{"href":"https:\/\/www.casaldelsinfants.org\/es\/wp-json\/wp\/v2\/types\/post"}],"author":[{"embeddable":true,"href":"https:\/\/www.casaldelsinfants.org\/es\/wp-json\/wp\/v2\/users\/1"}],"replies":[{"embeddable":true,"href":"https:\/\/www.casaldelsinfants.org\/es\/wp-json\/wp\/v2\/comments?post=10475"}],"version-history":[{"count":2,"href":"https:\/\/www.casaldelsinfants.org\/es\/wp-json\/wp\/v2\/posts\/10475\/revisions"}],"predecessor-version":[{"id":13697,"href":"https:\/\/www.casaldelsinfants.org\/es\/wp-json\/wp\/v2\/posts\/10475\/revisions\/13697"}],"wp:featuredmedia":[{"embeddable":true,"href":"https:\/\/www.casaldelsinfants.org\/es\/wp-json\/wp\/v2\/media\/10335"}],"wp:attachment":[{"href":"https:\/\/www.casaldelsinfants.org\/es\/wp-json\/wp\/v2\/media?parent=10475"}],"wp:term":[{"taxonomy":"category","embeddable":true,"href":"https:\/\/www.casaldelsinfants.org\/es\/wp-json\/wp\/v2\/categories?post=10475"},{"taxonomy":"post_tag","embeddable":true,"href":"https:\/\/www.casaldelsinfants.org\/es\/wp-json\/wp\/v2\/tags?post=10475"},{"taxonomy":"seus","embeddable":true,"href":"https:\/\/www.casaldelsinfants.org\/es\/wp-json\/wp\/v2\/seus?post=10475"},{"taxonomy":"eixos","embeddable":true,"href":"https:\/\/www.casaldelsinfants.org\/es\/wp-json\/wp\/v2\/eixos?post=10475"}],"curies":[{"name":"wp","href":"https:\/\/api.w.org\/{rel}","templated":true}]}}