{"id":10479,"date":"2022-09-20T11:11:08","date_gmt":"2022-09-20T09:11:08","guid":{"rendered":"https:\/\/casal.puntzero.cat\/bronquitis-cronica-asma-ansiedad-o-depresion-entre-ninos-y-ninas-que-sufren-pobreza\/"},"modified":"2023-10-26T12:50:37","modified_gmt":"2023-10-26T10:50:37","slug":"bronquitis-cronica-asma-ansiedad-o-depresion-entre-ninos-y-ninas-que-sufren-pobreza","status":"publish","type":"post","link":"https:\/\/www.casaldelsinfants.org\/es\/actualidad\/bronquitis-asma-pobreza-infantil\/","title":{"rendered":"Bronquitis cr\u00f3nica, asma, ansiedad o depresi\u00f3n entre ni\u00f1os y ni\u00f1as que sufren pobreza energ\u00e9tica"},"content":{"rendered":"<p><span style=\"color: #000000;\">La pobreza energ\u00e9tica puede provocar a los ni\u00f1os, ni\u00f1as y adolescentes que la sufren <strong>problemas de salud f\u00edsica, como bronquitis cr\u00f3nica o asma, y de salud mental, como ansiedad, depresi\u00f3n y estr\u00e9s<\/strong>, seg\u00fan ha explicado <\/span><a href=\"https:\/\/esf-cat.org\/es\/\" target=\"_blank\" rel=\"noopener\"><u>Enginyeria sense Fronteres<\/u><\/a><span style=\"color: #000000;\"> en la mesa redonda sobre pobreza energ\u00e9tica e infancia que tuvo lugar en el Casal dels Infants el martes 13.\u00a0<\/span><\/p>\n<p dir=\"ltr\"><span style=\"color: #000000;\">En Barcelona, un 15% de los hogares con ni\u00f1os y ni\u00f1as no se pueden permitir mantener una temperatura adecuada en su casa los meses m\u00e1s fr\u00edos del a\u00f1o, cifra que sube al 30% en Ciutat Vella, seg\u00fan un estudio de Enginyeria sense Fronteres. <strong>De las familias que acompa\u00f1amos en el Casal dels Infants en el barrio del Raval, el 90% de ellas tienen problemas con la vivienda<\/strong>, incluyendo problemas para pagar el alquiler y los gastos de suministros, o que se encuentran en situaci\u00f3n de ocupaci\u00f3n, seg\u00fan ha expuesto la directora del Casal dels Infants del Raval, Maria Jos\u00e9 Garcia.\u00a0<\/span><\/p>\n<p dir=\"ltr\"><span style=\"color: #000000;\">Los ni\u00f1os y ni\u00f1as que se encuentran en situaci\u00f3n de precariedad energ\u00e9tica tienen <strong>el doble de probabilidades de sufrir enfermedades respiratorias y problemas de desnutrici\u00f3n<\/strong>, \u201casociado a tener que decidir pagar las facturas o comer\u201d, seg\u00fan ha explicado Irene Gonz\u00e1lez, de Enginyeria sense Fronteres. Gonz\u00e1lez ha destacado tambi\u00e9n los impactos que tienen las privaciones materiales en la salud mental de ni\u00f1os, ni\u00f1as y j\u00f3venes, como la angustia que genera ver los padres y madres preocupados para llegar a final de mes, las situaciones de acoso escolar que se pueden derivar, y por la limitaci\u00f3n de las relaciones, al no tener unas condiciones \u00f3ptimas para invitar amigos en casa o no tener espacios de privacidad en casa.\u00a0<\/span><\/p>\n<p dir=\"ltr\"><span style=\"color: #000000;\">A parte de problemas de salud f\u00edsica y mental -de esta \u00faltima pueden llegar a manifestarse hasta cinco veces m\u00e1s entre ni\u00f1os y ni\u00f1as que sufren pobreza energ\u00e9tica que en el resto de poblaci\u00f3n de la misma edad- tambi\u00e9n se han observado <strong>impactos en el rendimiento educativo<\/strong>, a ra\u00edz del empeoramiento de la salud f\u00edsica y mental, un descanso insuficiente y los obst\u00e1culos para tener un espacio adecuado donde estudiar.\u00a0<\/span><\/p>\n<p dir=\"ltr\"><strong>Taller\u00a0para acercar los derechos energ\u00e9ticos a los ni\u00f1os y ni\u00f1as del Casal dels Infants<\/strong><\/p>\n<p dir=\"ltr\">\n<p dir=\"ltr\"><span style=\"color: #000000;\">Durante la mesa redonda, donde ha participado tambi\u00e9n Laia Pineda, del <\/span><a href=\"https:\/\/institutinfancia.cat\/es\/\" target=\"_blank\" rel=\"noopener\"><u>Institut Inf\u00e0ncia i Adolesc\u00e8ncia de Barcelona<\/u><\/a><span style=\"color: #000000;\">, se han introducido los resultados del taller <em>Derechos energ\u00e9ticos en manos de la infancia<\/em>, que Enginyeria sense Fronteres y <\/span><a href=\"https:\/\/pobresaenergetica.es\/es\/\" target=\"_blank\" rel=\"noopener\"><u>Alian\u00e7a contra la Pobresa Energ\u00e8tica<\/u><\/a><span style=\"color: #000000;\"> llevaron a cabo con el grupo de Petites (de 6 a 8 a\u00f1os) del Casal dels Infants del Raval.\u00a0<\/span><\/p>\n<p dir=\"ltr\"><span style=\"color: #000000;\">El objetivo del taller era generar espacios a trav\u00e9s de los que acercar la problem\u00e1tica a los ni\u00f1os, ni\u00f1as y sus familias desde una perspectiva de derechos, empoderarlos y trabajar cuales son sus derechos energ\u00e9ticos, situando a los ni\u00f1os y ni\u00f1as en el centro del debate. \u201cLos ni\u00f1os y ni\u00f1as sufren de una manera muy particular la pobreza energ\u00e9tica, y a menudo para protegerlos no se los hace part\u00edcipes de la situaci\u00f3n, lo que les genera desaz\u00f3n. Con los talleres quer\u00edamos <strong>reconocer que los ni\u00f1os y ni\u00f1as son sujetos pol\u00edticos, que pueden aprender y opinar sobre qu\u00e9 es justo y qu\u00e9 no lo es<\/strong>\u201d, ha afirmado Gonz\u00e1lez.\u00a0<\/span><\/p>\n<p dir=\"ltr\"><span style=\"color: #000000;\">Cada dos semanas, miembros de las dos asociaciones trabajan de manera pedag\u00f3gica <strong>la pobreza energ\u00e9tica y los derechos que existen al respecto<\/strong>. Algunos de los talleres incluyeron, entre otras actividades, la lectura del cuento <\/span><a href=\"https:\/\/pol-len.cat\/llibres\/i-es-va-fer-la-llum\/\" target=\"_blank\" rel=\"noopener\"><u>\u201cI es va fer la llum\u201d<\/u><\/a><span style=\"color: #000000;\"> (Pol\u00b7len edicions), seguido de un espacio de reflexi\u00f3n donde los ni\u00f1os y ni\u00f1as relataron experiencias personales o de personas conocidas que hab\u00edan visto sus derechos vulnerados, en quedarse sin luz o agua corriente en casa.<\/span><\/p>\n<p dir=\"ltr\"><span style=\"color: #000000;\">\u201cCuando empezaron el taller, ning\u00fan ni\u00f1o o ni\u00f1a sab\u00eda explicar qu\u00e9 era la pobreza energ\u00e9tica, y a ra\u00edz de leer el cuento y las actividades, fueron reconociendo situaciones de pobreza energ\u00e9tica que ellos hab\u00edan vivido y defendiendo que no deber\u00eda haber casas sin luz o calefacci\u00f3n\u201d, ha explicado Irina Mart\u00edn, educadora del grupo.\u00a0<\/span><\/p>\n<p dir=\"ltr\"><span style=\"color: #000000;\">Tambi\u00e9n aprendieron sobre diferentes situaciones de pobreza energ\u00e9tica, como la retirada de luz, precios abusivos o intentos de estafa, que trabajaron en grupos y a trav\u00e9s de representaciones teatrales, donde aportaban soluciones, como pedir ayudas o manifestarse.\u00a0<\/span><\/p>\n<blockquote><p><strong>Haz posible que continuemos acompa\u00f1ando y apoyando a ni\u00f1os, ni\u00f1as, j\u00f3venes y familias en situaci\u00f3n de vulnerabilidad.\u00a0<\/strong><\/p>\n<p>Haz\u00a0<strong>voluntariado<\/strong>. Inf\u00f3rmate\u00a0<a href=\"https:\/\/www.casaldelsinfants.org\/que-pots-fer-tu\/voluntariat\/\" target=\"_blank\" rel=\"noopener\"><u>aqu\u00ed<\/u><\/a>.<\/p>\n<p>Haz un\u00a0<strong>donativo<\/strong>\u00a0<a href=\"https:\/\/www.casaldelsinfants.org\/es\/dona-ahora\/\" target=\"_blank\" rel=\"noopener\"><u>aqu\u00ed<\/u><\/a>.<\/p><\/blockquote>\n","protected":false},"excerpt":{"rendered":"<p>La pobreza energ\u00e9tica puede provocar a los ni\u00f1os, ni\u00f1as y adolescentes que la sufren problemas de salud f\u00edsica, como bronquitis cr\u00f3nica o asma, y de salud mental, como ansiedad, depresi\u00f3n y estr\u00e9s, seg\u00fan ha explicado Enginyeria sense Fronteres en la mesa redonda sobre pobreza energ\u00e9tica e infancia que tuvo lugar en el Casal dels Infants [&hellip;]<\/p>\n","protected":false},"author":1,"featured_media":10343,"comment_status":"open","ping_status":"open","sticky":false,"template":"","format":"standard","meta":{"_acf_changed":false,"_et_pb_use_builder":"","_et_pb_old_content":"","_et_gb_content_width":"","inline_featured_image":false,"footnotes":""},"categories":[125],"tags":[],"seus":[157],"eixos":[107],"class_list":["post-10479","post","type-post","status-publish","format-standard","has-post-thumbnail","hentry","category-noticias","seus-el-raval","eixos-pequena-infancia"],"acf":[],"yoast_head":"<!-- This site is optimized with the Yoast SEO plugin v27.4 - https:\/\/yoast.com\/product\/yoast-seo-wordpress\/ -->\n<title>Bronquitis cr\u00f3nica, asma, ansiedad o depresi\u00f3n entre ni\u00f1os y ni\u00f1as que sufren pobreza energ\u00e9tica<\/title>\n<meta name=\"description\" content=\"La pobreza energ\u00e9tica puede provocar a los ni\u00f1os, ni\u00f1as y adolescentes que la sufren problemas de salud f\u00edsica, como bronquitis cr\u00f3nica o asma, y de salud mental, como ansiedad, depresi\u00f3n y estr\u00e9s, que acaba afectando en su rendimiento acad\u00e9mico.\" \/>\n<meta name=\"robots\" content=\"index, follow, max-snippet:-1, max-image-preview:large, max-video-preview:-1\" \/>\n<link rel=\"canonical\" href=\"https:\/\/www.casaldelsinfants.org\/es\/actualidad\/bronquitis-asma-pobreza-infantil\/\" \/>\n<meta property=\"og:locale\" content=\"es_ES\" \/>\n<meta property=\"og:type\" content=\"article\" \/>\n<meta property=\"og:title\" content=\"Bronquitis cr\u00f3nica, asma, ansiedad o depresi\u00f3n entre ni\u00f1os y ni\u00f1as que sufren pobreza energ\u00e9tica\" \/>\n<meta property=\"og:description\" content=\"La pobreza energ\u00e9tica puede provocar a los ni\u00f1os, ni\u00f1as y adolescentes que la sufren problemas de salud f\u00edsica, como bronquitis cr\u00f3nica o asma, y de salud mental, como ansiedad, depresi\u00f3n y estr\u00e9s, que acaba afectando en su rendimiento acad\u00e9mico.\" \/>\n<meta property=\"og:url\" content=\"https:\/\/www.casaldelsinfants.org\/es\/actualidad\/bronquitis-asma-pobreza-infantil\/\" \/>\n<meta property=\"og:site_name\" content=\"Casal dels Infants\" \/>\n<meta property=\"article:publisher\" content=\"https:\/\/www.facebook.com\/casalinfants\" \/>\n<meta property=\"article:published_time\" content=\"2022-09-20T09:11:08+00:00\" \/>\n<meta property=\"article:modified_time\" content=\"2023-10-26T10:50:37+00:00\" \/>\n<meta property=\"og:image\" content=\"https:\/\/www.casaldelsinfants.org\/wp-content\/uploads\/86861c3b-7f73-f48e-dac0-d702bc4b7d7c-scaled-1.webp\" \/>\n\t<meta property=\"og:image:width\" content=\"2560\" \/>\n\t<meta property=\"og:image:height\" content=\"1922\" \/>\n\t<meta property=\"og:image:type\" content=\"image\/jpeg\" \/>\n<meta name=\"author\" content=\"cdiAdmin\" \/>\n<meta name=\"twitter:card\" content=\"summary_large_image\" \/>\n<meta name=\"twitter:creator\" content=\"@casalinfants\" \/>\n<meta name=\"twitter:site\" content=\"@casalinfants\" \/>\n<meta name=\"twitter:label1\" content=\"Escrito por\" \/>\n\t<meta name=\"twitter:data1\" content=\"cdiAdmin\" \/>\n\t<meta name=\"twitter:label2\" content=\"Tiempo de lectura\" \/>\n\t<meta name=\"twitter:data2\" content=\"4 minutos\" \/>\n<script type=\"application\/ld+json\" class=\"yoast-schema-graph\">{\"@context\":\"https:\\\/\\\/schema.org\",\"@graph\":[{\"@type\":\"Article\",\"@id\":\"https:\\\/\\\/www.casaldelsinfants.org\\\/es\\\/actualidad\\\/bronquitis-asma-pobreza-infantil\\\/#article\",\"isPartOf\":{\"@id\":\"https:\\\/\\\/www.casaldelsinfants.org\\\/es\\\/actualidad\\\/bronquitis-asma-pobreza-infantil\\\/\"},\"author\":{\"name\":\"cdiAdmin\",\"@id\":\"https:\\\/\\\/www.casaldelsinfants.org\\\/es\\\/#\\\/schema\\\/person\\\/97707fc8c64900cf36891127dbf9fba8\"},\"headline\":\"Bronquitis cr\u00f3nica, asma, ansiedad o depresi\u00f3n entre ni\u00f1os y ni\u00f1as que sufren pobreza energ\u00e9tica\",\"datePublished\":\"2022-09-20T09:11:08+00:00\",\"dateModified\":\"2023-10-26T10:50:37+00:00\",\"mainEntityOfPage\":{\"@id\":\"https:\\\/\\\/www.casaldelsinfants.org\\\/es\\\/actualidad\\\/bronquitis-asma-pobreza-infantil\\\/\"},\"wordCount\":826,\"commentCount\":0,\"publisher\":{\"@id\":\"https:\\\/\\\/www.casaldelsinfants.org\\\/es\\\/#organization\"},\"image\":{\"@id\":\"https:\\\/\\\/www.casaldelsinfants.org\\\/es\\\/actualidad\\\/bronquitis-asma-pobreza-infantil\\\/#primaryimage\"},\"thumbnailUrl\":\"https:\\\/\\\/www.casaldelsinfants.org\\\/wp-content\\\/uploads\\\/86861c3b-7f73-f48e-dac0-d702bc4b7d7c-scaled-1.webp\",\"articleSection\":[\"Noticia\"],\"inLanguage\":\"es\",\"potentialAction\":[{\"@type\":\"CommentAction\",\"name\":\"Comment\",\"target\":[\"https:\\\/\\\/www.casaldelsinfants.org\\\/es\\\/actualidad\\\/bronquitis-asma-pobreza-infantil\\\/#respond\"]}]},{\"@type\":\"WebPage\",\"@id\":\"https:\\\/\\\/www.casaldelsinfants.org\\\/es\\\/actualidad\\\/bronquitis-asma-pobreza-infantil\\\/\",\"url\":\"https:\\\/\\\/www.casaldelsinfants.org\\\/es\\\/actualidad\\\/bronquitis-asma-pobreza-infantil\\\/\",\"name\":\"Bronquitis cr\u00f3nica, asma, ansiedad o depresi\u00f3n entre ni\u00f1os y ni\u00f1as que sufren pobreza energ\u00e9tica\",\"isPartOf\":{\"@id\":\"https:\\\/\\\/www.casaldelsinfants.org\\\/es\\\/#website\"},\"primaryImageOfPage\":{\"@id\":\"https:\\\/\\\/www.casaldelsinfants.org\\\/es\\\/actualidad\\\/bronquitis-asma-pobreza-infantil\\\/#primaryimage\"},\"image\":{\"@id\":\"https:\\\/\\\/www.casaldelsinfants.org\\\/es\\\/actualidad\\\/bronquitis-asma-pobreza-infantil\\\/#primaryimage\"},\"thumbnailUrl\":\"https:\\\/\\\/www.casaldelsinfants.org\\\/wp-content\\\/uploads\\\/86861c3b-7f73-f48e-dac0-d702bc4b7d7c-scaled-1.webp\",\"datePublished\":\"2022-09-20T09:11:08+00:00\",\"dateModified\":\"2023-10-26T10:50:37+00:00\",\"description\":\"La pobreza energ\u00e9tica puede provocar a los ni\u00f1os, ni\u00f1as y adolescentes que la sufren problemas de salud f\u00edsica, como bronquitis cr\u00f3nica o asma, y de salud mental, como ansiedad, depresi\u00f3n y estr\u00e9s, que acaba afectando en su rendimiento acad\u00e9mico.\",\"breadcrumb\":{\"@id\":\"https:\\\/\\\/www.casaldelsinfants.org\\\/es\\\/actualidad\\\/bronquitis-asma-pobreza-infantil\\\/#breadcrumb\"},\"inLanguage\":\"es\",\"potentialAction\":[{\"@type\":\"ReadAction\",\"target\":[\"https:\\\/\\\/www.casaldelsinfants.org\\\/es\\\/actualidad\\\/bronquitis-asma-pobreza-infantil\\\/\"]}]},{\"@type\":\"ImageObject\",\"inLanguage\":\"es\",\"@id\":\"https:\\\/\\\/www.casaldelsinfants.org\\\/es\\\/actualidad\\\/bronquitis-asma-pobreza-infantil\\\/#primaryimage\",\"url\":\"https:\\\/\\\/www.casaldelsinfants.org\\\/wp-content\\\/uploads\\\/86861c3b-7f73-f48e-dac0-d702bc4b7d7c-scaled-1.webp\",\"contentUrl\":\"https:\\\/\\\/www.casaldelsinfants.org\\\/wp-content\\\/uploads\\\/86861c3b-7f73-f48e-dac0-d702bc4b7d7c-scaled-1.webp\",\"width\":2560,\"height\":1922,\"caption\":\"Bronquitis cr\u00f2nica, asma, ansietat o depressi\u00f3 entre infants que pateixen pobresa energ\u00e8tica\"},{\"@type\":\"BreadcrumbList\",\"@id\":\"https:\\\/\\\/www.casaldelsinfants.org\\\/es\\\/actualidad\\\/bronquitis-asma-pobreza-infantil\\\/#breadcrumb\",\"itemListElement\":[{\"@type\":\"ListItem\",\"position\":1,\"name\":\"Inici\",\"item\":\"https:\\\/\\\/www.casaldelsinfants.org\\\/es\\\/\"},{\"@type\":\"ListItem\",\"position\":2,\"name\":\"Bronquitis cr\u00f3nica, asma, ansiedad o depresi\u00f3n entre ni\u00f1os y ni\u00f1as que sufren pobreza energ\u00e9tica\"}]},{\"@type\":\"WebSite\",\"@id\":\"https:\\\/\\\/www.casaldelsinfants.org\\\/es\\\/#website\",\"url\":\"https:\\\/\\\/www.casaldelsinfants.org\\\/es\\\/\",\"name\":\"Casal dels Infants\",\"description\":\"\",\"publisher\":{\"@id\":\"https:\\\/\\\/www.casaldelsinfants.org\\\/es\\\/#organization\"},\"potentialAction\":[{\"@type\":\"SearchAction\",\"target\":{\"@type\":\"EntryPoint\",\"urlTemplate\":\"https:\\\/\\\/www.casaldelsinfants.org\\\/es\\\/?s={search_term_string}\"},\"query-input\":{\"@type\":\"PropertyValueSpecification\",\"valueRequired\":true,\"valueName\":\"search_term_string\"}}],\"inLanguage\":\"es\"},{\"@type\":\"Organization\",\"@id\":\"https:\\\/\\\/www.casaldelsinfants.org\\\/es\\\/#organization\",\"name\":\"Casal dels Infants\",\"url\":\"https:\\\/\\\/www.casaldelsinfants.org\\\/es\\\/\",\"logo\":{\"@type\":\"ImageObject\",\"inLanguage\":\"es\",\"@id\":\"https:\\\/\\\/www.casaldelsinfants.org\\\/es\\\/#\\\/schema\\\/logo\\\/image\\\/\",\"url\":\"https:\\\/\\\/www.casaldelsinfants.org\\\/wp-content\\\/uploads\\\/logo-mail.png\",\"contentUrl\":\"https:\\\/\\\/www.casaldelsinfants.org\\\/wp-content\\\/uploads\\\/logo-mail.png\",\"width\":380,\"height\":158,\"caption\":\"Casal dels Infants\"},\"image\":{\"@id\":\"https:\\\/\\\/www.casaldelsinfants.org\\\/es\\\/#\\\/schema\\\/logo\\\/image\\\/\"},\"sameAs\":[\"https:\\\/\\\/www.facebook.com\\\/casalinfants\",\"https:\\\/\\\/x.com\\\/casalinfants\",\"https:\\\/\\\/www.youtube.com\\\/user\\\/CasaldelsInfants1\",\"https:\\\/\\\/www.instagram.com\\\/casalinfants\\\/\",\"https:\\\/\\\/www.linkedin.com\\\/company\\\/casaldelsinfants?trk=organization-update_share-update_actor-text\"]},{\"@type\":\"Person\",\"@id\":\"https:\\\/\\\/www.casaldelsinfants.org\\\/es\\\/#\\\/schema\\\/person\\\/97707fc8c64900cf36891127dbf9fba8\",\"name\":\"cdiAdmin\",\"sameAs\":[\"https:\\\/\\\/casaldelsinfants.org\"]}]}<\/script>\n<!-- \/ Yoast SEO plugin. -->","yoast_head_json":{"title":"Bronquitis cr\u00f3nica, asma, ansiedad o depresi\u00f3n entre ni\u00f1os y ni\u00f1as que sufren pobreza energ\u00e9tica","description":"La pobreza energ\u00e9tica puede provocar a los ni\u00f1os, ni\u00f1as y adolescentes que la sufren problemas de salud f\u00edsica, como bronquitis cr\u00f3nica o asma, y de salud mental, como ansiedad, depresi\u00f3n y estr\u00e9s, que acaba afectando en su rendimiento acad\u00e9mico.","robots":{"index":"index","follow":"follow","max-snippet":"max-snippet:-1","max-image-preview":"max-image-preview:large","max-video-preview":"max-video-preview:-1"},"canonical":"https:\/\/www.casaldelsinfants.org\/es\/actualidad\/bronquitis-asma-pobreza-infantil\/","og_locale":"es_ES","og_type":"article","og_title":"Bronquitis cr\u00f3nica, asma, ansiedad o depresi\u00f3n entre ni\u00f1os y ni\u00f1as que sufren pobreza energ\u00e9tica","og_description":"La pobreza energ\u00e9tica puede provocar a los ni\u00f1os, ni\u00f1as y adolescentes que la sufren problemas de salud f\u00edsica, como bronquitis cr\u00f3nica o asma, y de salud mental, como ansiedad, depresi\u00f3n y estr\u00e9s, que acaba afectando en su rendimiento acad\u00e9mico.","og_url":"https:\/\/www.casaldelsinfants.org\/es\/actualidad\/bronquitis-asma-pobreza-infantil\/","og_site_name":"Casal dels Infants","article_publisher":"https:\/\/www.facebook.com\/casalinfants","article_published_time":"2022-09-20T09:11:08+00:00","article_modified_time":"2023-10-26T10:50:37+00:00","og_image":[{"width":2560,"height":1922,"url":"https:\/\/www.casaldelsinfants.org\/wp-content\/uploads\/86861c3b-7f73-f48e-dac0-d702bc4b7d7c-scaled-1.webp","type":"image\/jpeg"}],"author":"cdiAdmin","twitter_card":"summary_large_image","twitter_creator":"@casalinfants","twitter_site":"@casalinfants","twitter_misc":{"Escrito por":"cdiAdmin","Tiempo de lectura":"4 minutos"},"schema":{"@context":"https:\/\/schema.org","@graph":[{"@type":"Article","@id":"https:\/\/www.casaldelsinfants.org\/es\/actualidad\/bronquitis-asma-pobreza-infantil\/#article","isPartOf":{"@id":"https:\/\/www.casaldelsinfants.org\/es\/actualidad\/bronquitis-asma-pobreza-infantil\/"},"author":{"name":"cdiAdmin","@id":"https:\/\/www.casaldelsinfants.org\/es\/#\/schema\/person\/97707fc8c64900cf36891127dbf9fba8"},"headline":"Bronquitis cr\u00f3nica, asma, ansiedad o depresi\u00f3n entre ni\u00f1os y ni\u00f1as que sufren pobreza energ\u00e9tica","datePublished":"2022-09-20T09:11:08+00:00","dateModified":"2023-10-26T10:50:37+00:00","mainEntityOfPage":{"@id":"https:\/\/www.casaldelsinfants.org\/es\/actualidad\/bronquitis-asma-pobreza-infantil\/"},"wordCount":826,"commentCount":0,"publisher":{"@id":"https:\/\/www.casaldelsinfants.org\/es\/#organization"},"image":{"@id":"https:\/\/www.casaldelsinfants.org\/es\/actualidad\/bronquitis-asma-pobreza-infantil\/#primaryimage"},"thumbnailUrl":"https:\/\/www.casaldelsinfants.org\/wp-content\/uploads\/86861c3b-7f73-f48e-dac0-d702bc4b7d7c-scaled-1.webp","articleSection":["Noticia"],"inLanguage":"es","potentialAction":[{"@type":"CommentAction","name":"Comment","target":["https:\/\/www.casaldelsinfants.org\/es\/actualidad\/bronquitis-asma-pobreza-infantil\/#respond"]}]},{"@type":"WebPage","@id":"https:\/\/www.casaldelsinfants.org\/es\/actualidad\/bronquitis-asma-pobreza-infantil\/","url":"https:\/\/www.casaldelsinfants.org\/es\/actualidad\/bronquitis-asma-pobreza-infantil\/","name":"Bronquitis cr\u00f3nica, asma, ansiedad o depresi\u00f3n entre ni\u00f1os y ni\u00f1as que sufren pobreza energ\u00e9tica","isPartOf":{"@id":"https:\/\/www.casaldelsinfants.org\/es\/#website"},"primaryImageOfPage":{"@id":"https:\/\/www.casaldelsinfants.org\/es\/actualidad\/bronquitis-asma-pobreza-infantil\/#primaryimage"},"image":{"@id":"https:\/\/www.casaldelsinfants.org\/es\/actualidad\/bronquitis-asma-pobreza-infantil\/#primaryimage"},"thumbnailUrl":"https:\/\/www.casaldelsinfants.org\/wp-content\/uploads\/86861c3b-7f73-f48e-dac0-d702bc4b7d7c-scaled-1.webp","datePublished":"2022-09-20T09:11:08+00:00","dateModified":"2023-10-26T10:50:37+00:00","description":"La pobreza energ\u00e9tica puede provocar a los ni\u00f1os, ni\u00f1as y adolescentes que la sufren problemas de salud f\u00edsica, como bronquitis cr\u00f3nica o asma, y de salud mental, como ansiedad, depresi\u00f3n y estr\u00e9s, que acaba afectando en su rendimiento acad\u00e9mico.","breadcrumb":{"@id":"https:\/\/www.casaldelsinfants.org\/es\/actualidad\/bronquitis-asma-pobreza-infantil\/#breadcrumb"},"inLanguage":"es","potentialAction":[{"@type":"ReadAction","target":["https:\/\/www.casaldelsinfants.org\/es\/actualidad\/bronquitis-asma-pobreza-infantil\/"]}]},{"@type":"ImageObject","inLanguage":"es","@id":"https:\/\/www.casaldelsinfants.org\/es\/actualidad\/bronquitis-asma-pobreza-infantil\/#primaryimage","url":"https:\/\/www.casaldelsinfants.org\/wp-content\/uploads\/86861c3b-7f73-f48e-dac0-d702bc4b7d7c-scaled-1.webp","contentUrl":"https:\/\/www.casaldelsinfants.org\/wp-content\/uploads\/86861c3b-7f73-f48e-dac0-d702bc4b7d7c-scaled-1.webp","width":2560,"height":1922,"caption":"Bronquitis cr\u00f2nica, asma, ansietat o depressi\u00f3 entre infants que pateixen pobresa energ\u00e8tica"},{"@type":"BreadcrumbList","@id":"https:\/\/www.casaldelsinfants.org\/es\/actualidad\/bronquitis-asma-pobreza-infantil\/#breadcrumb","itemListElement":[{"@type":"ListItem","position":1,"name":"Inici","item":"https:\/\/www.casaldelsinfants.org\/es\/"},{"@type":"ListItem","position":2,"name":"Bronquitis cr\u00f3nica, asma, ansiedad o depresi\u00f3n entre ni\u00f1os y ni\u00f1as que sufren pobreza energ\u00e9tica"}]},{"@type":"WebSite","@id":"https:\/\/www.casaldelsinfants.org\/es\/#website","url":"https:\/\/www.casaldelsinfants.org\/es\/","name":"Casal dels Infants","description":"","publisher":{"@id":"https:\/\/www.casaldelsinfants.org\/es\/#organization"},"potentialAction":[{"@type":"SearchAction","target":{"@type":"EntryPoint","urlTemplate":"https:\/\/www.casaldelsinfants.org\/es\/?s={search_term_string}"},"query-input":{"@type":"PropertyValueSpecification","valueRequired":true,"valueName":"search_term_string"}}],"inLanguage":"es"},{"@type":"Organization","@id":"https:\/\/www.casaldelsinfants.org\/es\/#organization","name":"Casal dels Infants","url":"https:\/\/www.casaldelsinfants.org\/es\/","logo":{"@type":"ImageObject","inLanguage":"es","@id":"https:\/\/www.casaldelsinfants.org\/es\/#\/schema\/logo\/image\/","url":"https:\/\/www.casaldelsinfants.org\/wp-content\/uploads\/logo-mail.png","contentUrl":"https:\/\/www.casaldelsinfants.org\/wp-content\/uploads\/logo-mail.png","width":380,"height":158,"caption":"Casal dels Infants"},"image":{"@id":"https:\/\/www.casaldelsinfants.org\/es\/#\/schema\/logo\/image\/"},"sameAs":["https:\/\/www.facebook.com\/casalinfants","https:\/\/x.com\/casalinfants","https:\/\/www.youtube.com\/user\/CasaldelsInfants1","https:\/\/www.instagram.com\/casalinfants\/","https:\/\/www.linkedin.com\/company\/casaldelsinfants?trk=organization-update_share-update_actor-text"]},{"@type":"Person","@id":"https:\/\/www.casaldelsinfants.org\/es\/#\/schema\/person\/97707fc8c64900cf36891127dbf9fba8","name":"cdiAdmin","sameAs":["https:\/\/casaldelsinfants.org"]}]}},"publishpress_future_action":{"enabled":false,"date":"2026-05-09 03:57:11","action":"change-status","newStatus":"draft","terms":[],"taxonomy":"category","extraData":[]},"publishpress_future_workflow_manual_trigger":{"enabledWorkflows":[]},"_links":{"self":[{"href":"https:\/\/www.casaldelsinfants.org\/es\/wp-json\/wp\/v2\/posts\/10479","targetHints":{"allow":["GET"]}}],"collection":[{"href":"https:\/\/www.casaldelsinfants.org\/es\/wp-json\/wp\/v2\/posts"}],"about":[{"href":"https:\/\/www.casaldelsinfants.org\/es\/wp-json\/wp\/v2\/types\/post"}],"author":[{"embeddable":true,"href":"https:\/\/www.casaldelsinfants.org\/es\/wp-json\/wp\/v2\/users\/1"}],"replies":[{"embeddable":true,"href":"https:\/\/www.casaldelsinfants.org\/es\/wp-json\/wp\/v2\/comments?post=10479"}],"version-history":[{"count":2,"href":"https:\/\/www.casaldelsinfants.org\/es\/wp-json\/wp\/v2\/posts\/10479\/revisions"}],"predecessor-version":[{"id":14959,"href":"https:\/\/www.casaldelsinfants.org\/es\/wp-json\/wp\/v2\/posts\/10479\/revisions\/14959"}],"wp:featuredmedia":[{"embeddable":true,"href":"https:\/\/www.casaldelsinfants.org\/es\/wp-json\/wp\/v2\/media\/10343"}],"wp:attachment":[{"href":"https:\/\/www.casaldelsinfants.org\/es\/wp-json\/wp\/v2\/media?parent=10479"}],"wp:term":[{"taxonomy":"category","embeddable":true,"href":"https:\/\/www.casaldelsinfants.org\/es\/wp-json\/wp\/v2\/categories?post=10479"},{"taxonomy":"post_tag","embeddable":true,"href":"https:\/\/www.casaldelsinfants.org\/es\/wp-json\/wp\/v2\/tags?post=10479"},{"taxonomy":"seus","embeddable":true,"href":"https:\/\/www.casaldelsinfants.org\/es\/wp-json\/wp\/v2\/seus?post=10479"},{"taxonomy":"eixos","embeddable":true,"href":"https:\/\/www.casaldelsinfants.org\/es\/wp-json\/wp\/v2\/eixos?post=10479"}],"curies":[{"name":"wp","href":"https:\/\/api.w.org\/{rel}","templated":true}]}}