{"id":10481,"date":"2022-09-12T10:07:38","date_gmt":"2022-09-12T08:07:38","guid":{"rendered":"https:\/\/casal.puntzero.cat\/buscamos-sumar-560-personas-nuestro-equipo\/"},"modified":"2023-11-06T14:53:35","modified_gmt":"2023-11-06T12:53:35","slug":"buscamos-sumar-560-personas-nuestro-equipo","status":"publish","type":"post","link":"https:\/\/www.casaldelsinfants.org\/es\/actualidad\/buscamos-sumar-560-personas-nuestro-equipo\/","title":{"rendered":"\u00a1Buscamos sumar 560 personas a nuestro equipo!"},"content":{"rendered":"<p>&nbsp;<\/p>\n<p dir=\"ltr\"><span style=\"color: #000000;\">Desde el Casal dels Infants, <\/span><strong><span style=\"color: #000000;\">este curso queremos <\/span><a href=\"https:\/\/www.casaldelsinfants.org\/es\/que-puedes-hacer-tu\/voluntariado\/\" target=\"_blank\" rel=\"noopener\"><u>incorporar 560 personas voluntarias al equipo<\/u><\/a><span style=\"color: #000000;\">,<\/span><\/strong><span style=\"color: #000000;\"> con el objetivo de involucrar la ciudadan\u00eda en la lucha contra las desigualdades y en la defensa de los derechos de los ni\u00f1os, ni\u00f1as, j\u00f3venes y familias en riesgo de exclusi\u00f3n social. Estas personas, junto con los educadores i educadoras, har\u00e1n posible que sigamos acompa\u00f1ando m\u00e1s de 6.000 personas al a\u00f1o.\u00a0<\/span><\/p>\n<p dir=\"ltr\"><span style=\"color: #000000;\">En el Casal <strong>actuamos en barrios de cinco municipios que concentran situaciones de exclusi\u00f3n social<\/strong>. As\u00ed, hacen falta 200 personas voluntarias en el <\/span><u><a href=\"https:\/\/www.casaldelsinfants.org\/es\/donde-trabajamos\/el-raval\/\" target=\"_blank\" rel=\"noopener\">barrio del Raval de Barcelona<\/a><\/u><span style=\"color: #000000;\">, 105 en Sant Roc i Llefi\u00e0 (<\/span><a href=\"https:\/\/www.casaldelsinfants.org\/es\/donde-trabajamos\/badalona\/\" target=\"_blank\" rel=\"noopener\"><u>Badalona<\/u><\/a><span style=\"color: #000000;\">); 110 en el Raval, Santa Rosa y Fondo (<\/span><a href=\"https:\/\/www.casaldelsinfants.org\/es\/donde-trabajamos\/santa-coloma-de-gramenet\/\" target=\"_blank\" rel=\"noopener\"><u>Santa Coloma de Gramenet<\/u><\/a><span style=\"color: #000000;\">); 85 en el Bes\u00f2s i el Maresme, el Bes\u00f2s y La Mina (<\/span><a href=\"https:\/\/www.casaldelsinfants.org\/es\/donde-trabajamos\/besos-la-mina\/\" target=\"_blank\" rel=\"noopener\"><u>Barcelona y Sant Adri\u00e0 de Bes\u00f2s<\/u><\/a><span style=\"color: #000000;\">) i 60 en\u00a0la ciudad de <\/span><a href=\"https:\/\/www.casaldelsinfants.org\/es\/donde-trabajamos\/salt\/\" target=\"_blank\" rel=\"noopener\"><u>Salt<\/u><\/a><span style=\"color: #000000;\">.\u00a0<\/span><\/p>\n<p><span style=\"color: #000000;\">Durante todo el a\u00f1o, acompa\u00f1amos a ni\u00f1os, ni\u00f1as y j\u00f3venes de lo 0 a los 21 a\u00f1os, a trav\u00e9s de 63 servicios socioeducativos adaptados a cada franja de edad y orientadas a fortalecer competencias clave para superar el riesgo de exclusi\u00f3n social. Algunas de las tareas que los voluntarios y voluntarias puede asumir son, por ejemplo, <strong>participar en servicios de apoyo a la crianza para familias, dinamizar actividades de ocio con ni\u00f1os, ni\u00f1as y familias, o ayudar en el apoyo educativo<\/strong> en espacios de refuerzo extraescolar para ni\u00f1os, ni\u00f1as y adolescentes y refuerzo acad\u00e9mico para j\u00f3venes, como ha hecho Josep Maria.\u00a0<\/span><\/p>\n<p dir=\"ltr\"><span style=\"color: #000000;\"><strong>Josep Maria<\/strong> es voluntario del Casal Jove de Santa Coloma de Gramenet, donde el a\u00f1o pasado acompa\u00f1\u00f3\u00a0a <strong>Emily<\/strong>, participante del Casal, en su \u00faltimo curso de bachillerato con clases de refuerzo de matem\u00e1ticas. \u00abLas clases con Josep Maria me han ayudado mucho a la hora de estudiar, porque yo pensaba que estudiar era sacar buenas notas en vez de entender lo que estaba haciendo. Esto es gracias al Casal y al voluntariado\u00bb, explica la Emily recordando el curso.\u00a0<\/span><\/p>\n<div class=\"video-embed-field-responsive-video form-group\"><iframe loading=\"lazy\" src=\"https:\/\/www.youtube.com\/embed\/eQHR7_PUHH8?autoplay=0&amp;start=0&amp;rel=0\" width=\"854\" height=\"480\" frameborder=\"0\" allowfullscreen=\"allowfullscreen\"><\/iframe><\/div>\n<p dir=\"ltr\"><span style=\"color: #000000;\">Las personas voluntarias ayudan a reforzar estos espacios de apoyo para miles de ni\u00f1os, ni\u00f1as y j\u00f3venes como Emily, y as\u00ed contribuir en la lucha contra las desigualdades. La directora general del Casal dels Infants, Rosa Balaguer, ha reivindicado<strong> el voluntariado como una herramienta clave para la transformaci\u00f3n social<\/strong>: \u00abHemos de recordar que uno de cada tres ni\u00f1os y ni\u00f1as en Catalunya est\u00e1 en riesgo de pobreza o exclusi\u00f3n social. Hacerse voluntario o voluntaria del Casal dels Infants significa tomar conciencia de esta realidad, reivindicar que los derechos de los ni\u00f1os tienen que ser prioritarios y movilizarse para transformar esta realidad. Tambi\u00e9n implica fortalecer una red de apoyo comunitaria que para muchas personas es una segunda familia\u00bb.\u00a0<\/span><\/p>\n<blockquote>\n<p dir=\"ltr\"><strong><span style=\"font-size: 26px;\"><span style=\"color: #f1c40f;\">Rosa Balaguer, directora general del Casal dels Infants:<\/span><span style=\"color: #000000;\">\u00a0\u00abHacerse voluntario o voluntaria del Casal dels Infants significa tomar conciencia de esta realidad, reivindica que los derechos de los ni\u00f1os y ni\u00f1as tienen que ser prioritarios y movilizarse para transformar esta realidad\u00bb\u00a0<\/span><\/span><\/strong><\/p>\n<\/blockquote>\n<p dir=\"ltr\"><a href=\"https:\/\/www.casaldelsinfants.org\/es\/que-puedes-hacer-tu\/voluntariado\/\" target=\"_blank\" rel=\"noopener\"><u>Para hacer voluntariado<\/u><\/a><span style=\"color: #000000;\"> solo hace falta ser mayor de 16 a\u00f1os y tener ganas, energ\u00eda y compromiso con los derechos sociales y la igualdad de oportunidades. Las personas interesadas pueden pedir m\u00e1s informaci\u00f3n enviando<strong> un mensaje de WhatsApp al n\u00famero 682200911<\/strong>, escribiendo un correo electr\u00f3nico a <strong><a href=\"mailto:voluntariat@casaldelsinfants.org\">voluntariat@casaldelsinfants.org<\/a>\u00a0<\/strong>o llamando al <strong>933170013<\/strong>.<\/span><\/p>\n<blockquote><p><strong>Haz posible que continuemos acompa\u00f1ando y apoyando a ni\u00f1os, ni\u00f1as, j\u00f3venes y familias en situaci\u00f3n de vulnerabilidad.\u00a0<\/strong><\/p>\n<p>Haz\u00a0<strong>voluntariado<\/strong>. Inf\u00f3rmate\u00a0<a href=\"https:\/\/www.casaldelsinfants.org\/es\/que-puedes-hacer-tu\/voluntariado\/\" target=\"_blank\" rel=\"noopener\"><u>aqu\u00ed<\/u><\/a>.<\/p>\n<p>Haz un\u00a0<strong>donativo<\/strong>\u00a0<a href=\"https:\/\/www.casaldelsinfants.org\/es\/dona-ahora\/\" target=\"_blank\" rel=\"noopener\"><u>aqu\u00ed<\/u><\/a>.<\/p><\/blockquote>\n","protected":false},"excerpt":{"rendered":"<p>&nbsp; Desde el Casal dels Infants, este curso queremos incorporar 560 personas voluntarias al equipo, con el objetivo de involucrar la ciudadan\u00eda en la lucha contra las desigualdades y en la defensa de los derechos de los ni\u00f1os, ni\u00f1as, j\u00f3venes y familias en riesgo de exclusi\u00f3n social. Estas personas, junto con los educadores i educadoras, [&hellip;]<\/p>\n","protected":false},"author":1,"featured_media":10347,"comment_status":"open","ping_status":"open","sticky":false,"template":"","format":"standard","meta":{"_acf_changed":false,"_et_pb_use_builder":"","_et_pb_old_content":"","_et_gb_content_width":"","inline_featured_image":false,"footnotes":""},"categories":[125],"tags":[],"seus":[],"eixos":[110],"class_list":["post-10481","post","type-post","status-publish","format-standard","has-post-thumbnail","hentry","category-noticias","eixos-comunidad-casal-dels-infants"],"acf":[],"yoast_head":"<!-- This site is optimized with the Yoast SEO plugin v27.4 - https:\/\/yoast.com\/product\/yoast-seo-wordpress\/ -->\n<title>Busquem sumar 560 persones volunt\u00e0ries al nostre equip!<\/title>\n<meta name=\"description\" content=\"Al Casal dels Infants busquem 560 persones volunt\u00e0ries per al nou curs 2022-23 per incorporar-les al nostre equip, amb l&#039;objectiu d&#039;involucrar la ciutadania en la lluita contra les desigualtats i en la defensa dels drets dels infants\" \/>\n<meta name=\"robots\" content=\"index, follow, max-snippet:-1, max-image-preview:large, max-video-preview:-1\" \/>\n<link rel=\"canonical\" href=\"https:\/\/www.casaldelsinfants.org\/es\/actualidad\/buscamos-sumar-560-personas-nuestro-equipo\/\" \/>\n<meta property=\"og:locale\" content=\"es_ES\" \/>\n<meta property=\"og:type\" content=\"article\" \/>\n<meta property=\"og:title\" content=\"Busquem sumar 560 persones volunt\u00e0ries al nostre equip!\" \/>\n<meta property=\"og:description\" content=\"Al Casal dels Infants busquem 560 persones volunt\u00e0ries per al nou curs 2022-23 per incorporar-les al nostre equip, amb l&#039;objectiu d&#039;involucrar la ciutadania en la lluita contra les desigualtats i en la defensa dels drets dels infants\" \/>\n<meta property=\"og:url\" content=\"https:\/\/www.casaldelsinfants.org\/es\/actualidad\/buscamos-sumar-560-personas-nuestro-equipo\/\" \/>\n<meta property=\"og:site_name\" content=\"Casal dels Infants\" \/>\n<meta property=\"article:publisher\" content=\"https:\/\/www.facebook.com\/casalinfants\" \/>\n<meta property=\"article:published_time\" content=\"2022-09-12T08:07:38+00:00\" \/>\n<meta property=\"article:modified_time\" content=\"2023-11-06T12:53:35+00:00\" \/>\n<meta property=\"og:image\" content=\"https:\/\/www.casaldelsinfants.org\/wp-content\/uploads\/img_4428_ad17slt-scaled-1.webp\" \/>\n\t<meta property=\"og:image:width\" content=\"2560\" \/>\n\t<meta property=\"og:image:height\" content=\"1707\" \/>\n\t<meta property=\"og:image:type\" content=\"image\/jpeg\" \/>\n<meta name=\"author\" content=\"cdiAdmin\" \/>\n<meta name=\"twitter:card\" content=\"summary_large_image\" \/>\n<meta name=\"twitter:creator\" content=\"@casalinfants\" \/>\n<meta name=\"twitter:site\" content=\"@casalinfants\" \/>\n<meta name=\"twitter:label1\" content=\"Escrito por\" \/>\n\t<meta name=\"twitter:data1\" content=\"cdiAdmin\" \/>\n\t<meta name=\"twitter:label2\" content=\"Tiempo de lectura\" \/>\n\t<meta name=\"twitter:data2\" content=\"3 minutos\" \/>\n<script type=\"application\/ld+json\" class=\"yoast-schema-graph\">{\"@context\":\"https:\\\/\\\/schema.org\",\"@graph\":[{\"@type\":\"Article\",\"@id\":\"https:\\\/\\\/www.casaldelsinfants.org\\\/es\\\/actualidad\\\/buscamos-sumar-560-personas-nuestro-equipo\\\/#article\",\"isPartOf\":{\"@id\":\"https:\\\/\\\/www.casaldelsinfants.org\\\/es\\\/actualidad\\\/buscamos-sumar-560-personas-nuestro-equipo\\\/\"},\"author\":{\"name\":\"cdiAdmin\",\"@id\":\"https:\\\/\\\/www.casaldelsinfants.org\\\/es\\\/#\\\/schema\\\/person\\\/97707fc8c64900cf36891127dbf9fba8\"},\"headline\":\"\u00a1Buscamos sumar 560 personas a nuestro equipo!\",\"datePublished\":\"2022-09-12T08:07:38+00:00\",\"dateModified\":\"2023-11-06T12:53:35+00:00\",\"mainEntityOfPage\":{\"@id\":\"https:\\\/\\\/www.casaldelsinfants.org\\\/es\\\/actualidad\\\/buscamos-sumar-560-personas-nuestro-equipo\\\/\"},\"wordCount\":599,\"commentCount\":0,\"publisher\":{\"@id\":\"https:\\\/\\\/www.casaldelsinfants.org\\\/es\\\/#organization\"},\"image\":{\"@id\":\"https:\\\/\\\/www.casaldelsinfants.org\\\/es\\\/actualidad\\\/buscamos-sumar-560-personas-nuestro-equipo\\\/#primaryimage\"},\"thumbnailUrl\":\"https:\\\/\\\/www.casaldelsinfants.org\\\/wp-content\\\/uploads\\\/img_4428_ad17slt-scaled-1.webp\",\"articleSection\":[\"Noticia\"],\"inLanguage\":\"es\",\"potentialAction\":[{\"@type\":\"CommentAction\",\"name\":\"Comment\",\"target\":[\"https:\\\/\\\/www.casaldelsinfants.org\\\/es\\\/actualidad\\\/buscamos-sumar-560-personas-nuestro-equipo\\\/#respond\"]}]},{\"@type\":\"WebPage\",\"@id\":\"https:\\\/\\\/www.casaldelsinfants.org\\\/es\\\/actualidad\\\/buscamos-sumar-560-personas-nuestro-equipo\\\/\",\"url\":\"https:\\\/\\\/www.casaldelsinfants.org\\\/es\\\/actualidad\\\/buscamos-sumar-560-personas-nuestro-equipo\\\/\",\"name\":\"Busquem sumar 560 persones volunt\u00e0ries al nostre equip!\",\"isPartOf\":{\"@id\":\"https:\\\/\\\/www.casaldelsinfants.org\\\/es\\\/#website\"},\"primaryImageOfPage\":{\"@id\":\"https:\\\/\\\/www.casaldelsinfants.org\\\/es\\\/actualidad\\\/buscamos-sumar-560-personas-nuestro-equipo\\\/#primaryimage\"},\"image\":{\"@id\":\"https:\\\/\\\/www.casaldelsinfants.org\\\/es\\\/actualidad\\\/buscamos-sumar-560-personas-nuestro-equipo\\\/#primaryimage\"},\"thumbnailUrl\":\"https:\\\/\\\/www.casaldelsinfants.org\\\/wp-content\\\/uploads\\\/img_4428_ad17slt-scaled-1.webp\",\"datePublished\":\"2022-09-12T08:07:38+00:00\",\"dateModified\":\"2023-11-06T12:53:35+00:00\",\"description\":\"Al Casal dels Infants busquem 560 persones volunt\u00e0ries per al nou curs 2022-23 per incorporar-les al nostre equip, amb l'objectiu d'involucrar la ciutadania en la lluita contra les desigualtats i en la defensa dels drets dels infants\",\"breadcrumb\":{\"@id\":\"https:\\\/\\\/www.casaldelsinfants.org\\\/es\\\/actualidad\\\/buscamos-sumar-560-personas-nuestro-equipo\\\/#breadcrumb\"},\"inLanguage\":\"es\",\"potentialAction\":[{\"@type\":\"ReadAction\",\"target\":[\"https:\\\/\\\/www.casaldelsinfants.org\\\/es\\\/actualidad\\\/buscamos-sumar-560-personas-nuestro-equipo\\\/\"]}]},{\"@type\":\"ImageObject\",\"inLanguage\":\"es\",\"@id\":\"https:\\\/\\\/www.casaldelsinfants.org\\\/es\\\/actualidad\\\/buscamos-sumar-560-personas-nuestro-equipo\\\/#primaryimage\",\"url\":\"https:\\\/\\\/www.casaldelsinfants.org\\\/wp-content\\\/uploads\\\/img_4428_ad17slt-scaled-1.webp\",\"contentUrl\":\"https:\\\/\\\/www.casaldelsinfants.org\\\/wp-content\\\/uploads\\\/img_4428_ad17slt-scaled-1.webp\",\"width\":2560,\"height\":1707,\"caption\":\"Busquem sumar 560 persones volunt\u00e0ries al nostre equip!\"},{\"@type\":\"BreadcrumbList\",\"@id\":\"https:\\\/\\\/www.casaldelsinfants.org\\\/es\\\/actualidad\\\/buscamos-sumar-560-personas-nuestro-equipo\\\/#breadcrumb\",\"itemListElement\":[{\"@type\":\"ListItem\",\"position\":1,\"name\":\"Inici\",\"item\":\"https:\\\/\\\/www.casaldelsinfants.org\\\/es\\\/\"},{\"@type\":\"ListItem\",\"position\":2,\"name\":\"\u00a1Buscamos sumar 560 personas a nuestro equipo!\"}]},{\"@type\":\"WebSite\",\"@id\":\"https:\\\/\\\/www.casaldelsinfants.org\\\/es\\\/#website\",\"url\":\"https:\\\/\\\/www.casaldelsinfants.org\\\/es\\\/\",\"name\":\"Casal dels Infants\",\"description\":\"\",\"publisher\":{\"@id\":\"https:\\\/\\\/www.casaldelsinfants.org\\\/es\\\/#organization\"},\"potentialAction\":[{\"@type\":\"SearchAction\",\"target\":{\"@type\":\"EntryPoint\",\"urlTemplate\":\"https:\\\/\\\/www.casaldelsinfants.org\\\/es\\\/?s={search_term_string}\"},\"query-input\":{\"@type\":\"PropertyValueSpecification\",\"valueRequired\":true,\"valueName\":\"search_term_string\"}}],\"inLanguage\":\"es\"},{\"@type\":\"Organization\",\"@id\":\"https:\\\/\\\/www.casaldelsinfants.org\\\/es\\\/#organization\",\"name\":\"Casal dels Infants\",\"url\":\"https:\\\/\\\/www.casaldelsinfants.org\\\/es\\\/\",\"logo\":{\"@type\":\"ImageObject\",\"inLanguage\":\"es\",\"@id\":\"https:\\\/\\\/www.casaldelsinfants.org\\\/es\\\/#\\\/schema\\\/logo\\\/image\\\/\",\"url\":\"https:\\\/\\\/www.casaldelsinfants.org\\\/wp-content\\\/uploads\\\/logo-mail.png\",\"contentUrl\":\"https:\\\/\\\/www.casaldelsinfants.org\\\/wp-content\\\/uploads\\\/logo-mail.png\",\"width\":380,\"height\":158,\"caption\":\"Casal dels Infants\"},\"image\":{\"@id\":\"https:\\\/\\\/www.casaldelsinfants.org\\\/es\\\/#\\\/schema\\\/logo\\\/image\\\/\"},\"sameAs\":[\"https:\\\/\\\/www.facebook.com\\\/casalinfants\",\"https:\\\/\\\/x.com\\\/casalinfants\",\"https:\\\/\\\/www.youtube.com\\\/user\\\/CasaldelsInfants1\",\"https:\\\/\\\/www.instagram.com\\\/casalinfants\\\/\",\"https:\\\/\\\/www.linkedin.com\\\/company\\\/casaldelsinfants?trk=organization-update_share-update_actor-text\"]},{\"@type\":\"Person\",\"@id\":\"https:\\\/\\\/www.casaldelsinfants.org\\\/es\\\/#\\\/schema\\\/person\\\/97707fc8c64900cf36891127dbf9fba8\",\"name\":\"cdiAdmin\",\"sameAs\":[\"https:\\\/\\\/casaldelsinfants.org\"]}]}<\/script>\n<!-- \/ Yoast SEO plugin. -->","yoast_head_json":{"title":"Busquem sumar 560 persones volunt\u00e0ries al nostre equip!","description":"Al Casal dels Infants busquem 560 persones volunt\u00e0ries per al nou curs 2022-23 per incorporar-les al nostre equip, amb l'objectiu d'involucrar la ciutadania en la lluita contra les desigualtats i en la defensa dels drets dels infants","robots":{"index":"index","follow":"follow","max-snippet":"max-snippet:-1","max-image-preview":"max-image-preview:large","max-video-preview":"max-video-preview:-1"},"canonical":"https:\/\/www.casaldelsinfants.org\/es\/actualidad\/buscamos-sumar-560-personas-nuestro-equipo\/","og_locale":"es_ES","og_type":"article","og_title":"Busquem sumar 560 persones volunt\u00e0ries al nostre equip!","og_description":"Al Casal dels Infants busquem 560 persones volunt\u00e0ries per al nou curs 2022-23 per incorporar-les al nostre equip, amb l'objectiu d'involucrar la ciutadania en la lluita contra les desigualtats i en la defensa dels drets dels infants","og_url":"https:\/\/www.casaldelsinfants.org\/es\/actualidad\/buscamos-sumar-560-personas-nuestro-equipo\/","og_site_name":"Casal dels Infants","article_publisher":"https:\/\/www.facebook.com\/casalinfants","article_published_time":"2022-09-12T08:07:38+00:00","article_modified_time":"2023-11-06T12:53:35+00:00","og_image":[{"width":2560,"height":1707,"url":"https:\/\/www.casaldelsinfants.org\/wp-content\/uploads\/img_4428_ad17slt-scaled-1.webp","type":"image\/jpeg"}],"author":"cdiAdmin","twitter_card":"summary_large_image","twitter_creator":"@casalinfants","twitter_site":"@casalinfants","twitter_misc":{"Escrito por":"cdiAdmin","Tiempo de lectura":"3 minutos"},"schema":{"@context":"https:\/\/schema.org","@graph":[{"@type":"Article","@id":"https:\/\/www.casaldelsinfants.org\/es\/actualidad\/buscamos-sumar-560-personas-nuestro-equipo\/#article","isPartOf":{"@id":"https:\/\/www.casaldelsinfants.org\/es\/actualidad\/buscamos-sumar-560-personas-nuestro-equipo\/"},"author":{"name":"cdiAdmin","@id":"https:\/\/www.casaldelsinfants.org\/es\/#\/schema\/person\/97707fc8c64900cf36891127dbf9fba8"},"headline":"\u00a1Buscamos sumar 560 personas a nuestro equipo!","datePublished":"2022-09-12T08:07:38+00:00","dateModified":"2023-11-06T12:53:35+00:00","mainEntityOfPage":{"@id":"https:\/\/www.casaldelsinfants.org\/es\/actualidad\/buscamos-sumar-560-personas-nuestro-equipo\/"},"wordCount":599,"commentCount":0,"publisher":{"@id":"https:\/\/www.casaldelsinfants.org\/es\/#organization"},"image":{"@id":"https:\/\/www.casaldelsinfants.org\/es\/actualidad\/buscamos-sumar-560-personas-nuestro-equipo\/#primaryimage"},"thumbnailUrl":"https:\/\/www.casaldelsinfants.org\/wp-content\/uploads\/img_4428_ad17slt-scaled-1.webp","articleSection":["Noticia"],"inLanguage":"es","potentialAction":[{"@type":"CommentAction","name":"Comment","target":["https:\/\/www.casaldelsinfants.org\/es\/actualidad\/buscamos-sumar-560-personas-nuestro-equipo\/#respond"]}]},{"@type":"WebPage","@id":"https:\/\/www.casaldelsinfants.org\/es\/actualidad\/buscamos-sumar-560-personas-nuestro-equipo\/","url":"https:\/\/www.casaldelsinfants.org\/es\/actualidad\/buscamos-sumar-560-personas-nuestro-equipo\/","name":"Busquem sumar 560 persones volunt\u00e0ries al nostre equip!","isPartOf":{"@id":"https:\/\/www.casaldelsinfants.org\/es\/#website"},"primaryImageOfPage":{"@id":"https:\/\/www.casaldelsinfants.org\/es\/actualidad\/buscamos-sumar-560-personas-nuestro-equipo\/#primaryimage"},"image":{"@id":"https:\/\/www.casaldelsinfants.org\/es\/actualidad\/buscamos-sumar-560-personas-nuestro-equipo\/#primaryimage"},"thumbnailUrl":"https:\/\/www.casaldelsinfants.org\/wp-content\/uploads\/img_4428_ad17slt-scaled-1.webp","datePublished":"2022-09-12T08:07:38+00:00","dateModified":"2023-11-06T12:53:35+00:00","description":"Al Casal dels Infants busquem 560 persones volunt\u00e0ries per al nou curs 2022-23 per incorporar-les al nostre equip, amb l'objectiu d'involucrar la ciutadania en la lluita contra les desigualtats i en la defensa dels drets dels infants","breadcrumb":{"@id":"https:\/\/www.casaldelsinfants.org\/es\/actualidad\/buscamos-sumar-560-personas-nuestro-equipo\/#breadcrumb"},"inLanguage":"es","potentialAction":[{"@type":"ReadAction","target":["https:\/\/www.casaldelsinfants.org\/es\/actualidad\/buscamos-sumar-560-personas-nuestro-equipo\/"]}]},{"@type":"ImageObject","inLanguage":"es","@id":"https:\/\/www.casaldelsinfants.org\/es\/actualidad\/buscamos-sumar-560-personas-nuestro-equipo\/#primaryimage","url":"https:\/\/www.casaldelsinfants.org\/wp-content\/uploads\/img_4428_ad17slt-scaled-1.webp","contentUrl":"https:\/\/www.casaldelsinfants.org\/wp-content\/uploads\/img_4428_ad17slt-scaled-1.webp","width":2560,"height":1707,"caption":"Busquem sumar 560 persones volunt\u00e0ries al nostre equip!"},{"@type":"BreadcrumbList","@id":"https:\/\/www.casaldelsinfants.org\/es\/actualidad\/buscamos-sumar-560-personas-nuestro-equipo\/#breadcrumb","itemListElement":[{"@type":"ListItem","position":1,"name":"Inici","item":"https:\/\/www.casaldelsinfants.org\/es\/"},{"@type":"ListItem","position":2,"name":"\u00a1Buscamos sumar 560 personas a nuestro equipo!"}]},{"@type":"WebSite","@id":"https:\/\/www.casaldelsinfants.org\/es\/#website","url":"https:\/\/www.casaldelsinfants.org\/es\/","name":"Casal dels Infants","description":"","publisher":{"@id":"https:\/\/www.casaldelsinfants.org\/es\/#organization"},"potentialAction":[{"@type":"SearchAction","target":{"@type":"EntryPoint","urlTemplate":"https:\/\/www.casaldelsinfants.org\/es\/?s={search_term_string}"},"query-input":{"@type":"PropertyValueSpecification","valueRequired":true,"valueName":"search_term_string"}}],"inLanguage":"es"},{"@type":"Organization","@id":"https:\/\/www.casaldelsinfants.org\/es\/#organization","name":"Casal dels Infants","url":"https:\/\/www.casaldelsinfants.org\/es\/","logo":{"@type":"ImageObject","inLanguage":"es","@id":"https:\/\/www.casaldelsinfants.org\/es\/#\/schema\/logo\/image\/","url":"https:\/\/www.casaldelsinfants.org\/wp-content\/uploads\/logo-mail.png","contentUrl":"https:\/\/www.casaldelsinfants.org\/wp-content\/uploads\/logo-mail.png","width":380,"height":158,"caption":"Casal dels Infants"},"image":{"@id":"https:\/\/www.casaldelsinfants.org\/es\/#\/schema\/logo\/image\/"},"sameAs":["https:\/\/www.facebook.com\/casalinfants","https:\/\/x.com\/casalinfants","https:\/\/www.youtube.com\/user\/CasaldelsInfants1","https:\/\/www.instagram.com\/casalinfants\/","https:\/\/www.linkedin.com\/company\/casaldelsinfants?trk=organization-update_share-update_actor-text"]},{"@type":"Person","@id":"https:\/\/www.casaldelsinfants.org\/es\/#\/schema\/person\/97707fc8c64900cf36891127dbf9fba8","name":"cdiAdmin","sameAs":["https:\/\/casaldelsinfants.org"]}]}},"publishpress_future_action":{"enabled":false,"date":"2026-05-09 03:56:14","action":"change-status","newStatus":"draft","terms":[],"taxonomy":"category","extraData":[]},"publishpress_future_workflow_manual_trigger":{"enabledWorkflows":[]},"_links":{"self":[{"href":"https:\/\/www.casaldelsinfants.org\/es\/wp-json\/wp\/v2\/posts\/10481","targetHints":{"allow":["GET"]}}],"collection":[{"href":"https:\/\/www.casaldelsinfants.org\/es\/wp-json\/wp\/v2\/posts"}],"about":[{"href":"https:\/\/www.casaldelsinfants.org\/es\/wp-json\/wp\/v2\/types\/post"}],"author":[{"embeddable":true,"href":"https:\/\/www.casaldelsinfants.org\/es\/wp-json\/wp\/v2\/users\/1"}],"replies":[{"embeddable":true,"href":"https:\/\/www.casaldelsinfants.org\/es\/wp-json\/wp\/v2\/comments?post=10481"}],"version-history":[{"count":3,"href":"https:\/\/www.casaldelsinfants.org\/es\/wp-json\/wp\/v2\/posts\/10481\/revisions"}],"predecessor-version":[{"id":15374,"href":"https:\/\/www.casaldelsinfants.org\/es\/wp-json\/wp\/v2\/posts\/10481\/revisions\/15374"}],"wp:featuredmedia":[{"embeddable":true,"href":"https:\/\/www.casaldelsinfants.org\/es\/wp-json\/wp\/v2\/media\/10347"}],"wp:attachment":[{"href":"https:\/\/www.casaldelsinfants.org\/es\/wp-json\/wp\/v2\/media?parent=10481"}],"wp:term":[{"taxonomy":"category","embeddable":true,"href":"https:\/\/www.casaldelsinfants.org\/es\/wp-json\/wp\/v2\/categories?post=10481"},{"taxonomy":"post_tag","embeddable":true,"href":"https:\/\/www.casaldelsinfants.org\/es\/wp-json\/wp\/v2\/tags?post=10481"},{"taxonomy":"seus","embeddable":true,"href":"https:\/\/www.casaldelsinfants.org\/es\/wp-json\/wp\/v2\/seus?post=10481"},{"taxonomy":"eixos","embeddable":true,"href":"https:\/\/www.casaldelsinfants.org\/es\/wp-json\/wp\/v2\/eixos?post=10481"}],"curies":[{"name":"wp","href":"https:\/\/api.w.org\/{rel}","templated":true}]}}