{"id":10487,"date":"2022-07-28T10:33:23","date_gmt":"2022-07-28T08:33:23","guid":{"rendered":"https:\/\/casal.puntzero.cat\/la-consellera-violant-cervera-visita-los-campamentos-del-casal-dels-infants-en-tavascan\/"},"modified":"2023-05-23T13:21:23","modified_gmt":"2023-05-23T11:21:23","slug":"la-consellera-violant-cervera-visita-los-campamentos-del-casal-dels-infants-en-tavascan","status":"publish","type":"post","link":"https:\/\/www.casaldelsinfants.org\/es\/actualidad\/la-consellera-violant-cervera-visita-los-campamentos-del-casal-dels-infants-en-tavascan\/","title":{"rendered":"La consellera Violant Cervera visita los campamentos del Casal dels Infants en Tavascan"},"content":{"rendered":"<p><span style=\"color:#000000;\">La consellera de Derechos Sociales, Violant Cervera, visit\u00f3 el viernes los campamentos para adolescentes y j\u00f3venes en riesgo de exclusi\u00f3n social del Casal dels Infants en el pueblo de Tavascan, perteneciente al municipio de Lladorre, en el Pallars Sobir\u00e0. Cervera quiso conocer de primera mano las actividades para chicos y chicas de 12 a 21 a\u00f1os que la entidad impulsa cada verano en la comarca desde 1994, en un encuentro en que tambi\u00e9n participaron el alcalde de Lladorre, Salvador Tom\u00e0s; la presidenta del Casal dels Infants, Roser Rosell; el director del Casal dels Infants del Bes\u00f2s y\u00a0la Mina, Juan Manuel Mart\u00edn y el director de relaciones ciudadanas de la entidad, Enric Canet.\u00a0<\/span><\/p>\n<p><span style=\"color:#000000;\">Este a\u00f1o, 26 adolescentes de 12 a 16 a\u00f1os del Casal dels Infants del Bes\u00f2s y\u00a0la Mina acampan durante una semana de julio en el camping Bordes de Graus de Tavascan, en una estada que les permite salir de su entorno urbano habitual, romper con la rutina y disfrutar de actividades de ocio educativo en el entorno de la Vall de Card\u00f3s. Durante la visita, la consejera y los chicos y chicas compartieron un rato de juego y posteriormente de conversaci\u00f3n, donde trataron temas como las tareas de la consejera en el gobierno, los estudios que querr\u00e1n hacer en el futuro y la discriminaci\u00f3n que a\u00fan sufren las mujeres, por el hecho de serlo, para acceder a cargos de responsabilidad.\u00a0<\/span><\/p>\n<p><span style=\"color:#000000;\">M\u00e1s all\u00e1 de los campamentos, unos cincuenta j\u00f3venes de entre 16 y 21 a\u00f1os del Casal dels Infants de Badalona y del Casal dels Infants del Raval participan, durante quince d\u00edas y en dos turnos, en el campo de trabajo que la asociaci\u00f3n organiza en el pueblo de Escal\u00f3. Trabajan codo con codo con la brigada municipal de la Guingueta d&#8217;\u00c0neu en tareas de adecuaci\u00f3n de espacios, como el camino de acceso en el monasterio rom\u00e1nico de Sant Pere del Burgal, donde los \u00faltimos d\u00edas han estado rehaciendo muros de piedra seca. Al margen de estos trabajos, tambi\u00e9n hacen excursiones y actividades para conocer las Valls d&#8217;\u00c0neu.\u00a0<\/span><\/p>\n<p>\u00a0<\/p>\n<p><strong>Garantizando derechos con el reconocimiento del territorio<\/strong><\/p>\n<p><span style=\"color:#000000;\">Enric Canet, uno de los organizadores de las actividades de verano de la entidad en el Pallars Sobir\u00e0, valor\u00f3 durante la visita la importancia de movilizar esfuerzos para garantizar el derecho al ocio educativo y a disfrutar de la naturaleza de los adolescentes y j\u00f3venes con menos oportunidades para acceder a ello: \u00abLa situaci\u00f3n socioecon\u00f3mica desfavorecida de muchas familias hace que muchos chicos y chicas no tengan la oportunidad de disfrutar del territorio m\u00e1s all\u00e1 de sus barrios, ni de entornos como los del Parc Natural del Alt Pirineu. Cada a\u00f1o comprobamos que para muchos es la primera vez que acampan, hacen un pico o se ba\u00f1an en el r\u00edo, y para ellos y ellas es un recuerdo imborrable, rodeados de estas monta\u00f1as\u00bb.\u00a0<\/span><\/p>\n<p><span style=\"color:#000000;\">Los campamentos y los campos de trabajo tienen un marcado componente socioeducativo, en tanto que permiten trabajar valores y competencias como la convivencia, el trabajo en equipo, el cuidado del entorno, la austeridad, el ritmo natural, la autonom\u00eda y la capacidad de resiliencia. En el caso de los j\u00f3venes que participan en el campo de trabajo, su esfuerzo tiene un impacto directo en el territorio y a la vez les supone un reconocimiento: \u00abAportar su compromiso en tareas comunitarias les permite sentirse \u00fatiles y valorados por la poblaci\u00f3n y las instituciones locales que los acogen\u00bb, a\u00f1adi\u00f3 Canet.\u00a0<\/span><\/p>\n<p><span style=\"color:#000000;\">Entre otras actividades, en los \u00faltimos d\u00edas el grupo del campo de trabajo ha ido de excursi\u00f3n a los esta\u00f1os Gerber y Red\u00f3, que forman parte del Parque Nacional de Aig\u00fcestortes y el esta\u00f1o de Sant Maurici, y ha realizado una actividad de kayak\u00a0en el lago de la Guingueta d&#8217;\u00c0neu organizada por el Ayuntamiento. El grupo de campamentos han hecho el ascenso al lago del Port de Tavascan, donde han disfrutado del senderismo y han conocido las rutas del exilio y la libertad que durante la Guerra Civil y la Segona Guerra Mundial tuvieron lugar en este paraje.\u00a0<\/span><\/p>\n<p>\u00a0<\/p>\n<p><strong>Una aventura que empieza\u00a0el 1994<\/strong><\/p>\n<p><span style=\"color:#000000;\">Enric Canet, entonces educador de j\u00f3venes, fue el impulsor de esta aventura. Inicialmente participaban solo una quincena de chicos y chicas del barrio del Raval de Barcelona, pero desde hace a\u00f1os tambi\u00e9n lo disfrutan muchos m\u00e1s adolescentes y j\u00f3venes de Badalona, Santa Coloma de Gramenet, el barrio del Bes\u00f2s y el Maresme\u00a0de Barcelona y el municipio de Salt. Desde el a\u00f1o 2000 los campamentos tienen lugar en el Camping de Bordes de Graus.\u00a0<\/span><\/p>\n<p><span style=\"color:#000000;\">El a\u00f1o 2015 la entidad quiso ir m\u00e1s all\u00e1 con la creaci\u00f3n de los campos de trabajo para j\u00f3venes, donde los chicos y chicas de 16 a 21 a\u00f1os empezar\u00edan a realizar acciones de mantenimiento del entorno y el patrimonio hist\u00f3rico en Tavascan, en colaboraci\u00f3n con la brigada municipal de Lladorre. Finalmente, la asociaci\u00f3n arranc\u00f3 el a\u00f1o pasado el nuevo campo de trabajo para j\u00f3venes en el pueblo de Escal\u00f3, en colaboraci\u00f3n con el Ayuntamiento de la Guingueta d&#8217;\u00c0neu.\u00a0<\/span><\/p>\n<p><span style=\"color:#000000;\">Los campamentos y campos de trabajo del Casal dels Infants en el Pallars Sobir\u00e0 forman parte de las actividades de verano de la asociaci\u00f3n, en que participan 1.600 ni\u00f1os, ni\u00f1as y j\u00f3venes en situaci\u00f3n de vulnerabilidad entre julio y agosto.\u00a0<\/span><\/p>\n<p>\u00a0<\/p>\n","protected":false},"excerpt":{"rendered":"<p>La consellera de Derechos Sociales, Violant Cervera, visit\u00f3 el viernes los campamentos para adolescentes y j\u00f3venes en riesgo de exclusi\u00f3n social del Casal dels Infants en el pueblo de Tavascan, perteneciente al municipio de Lladorre, en el Pallars Sobir\u00e0. Cervera quiso conocer de primera mano las actividades para chicos y chicas de 12 a 21 [&hellip;]<\/p>\n","protected":false},"author":1,"featured_media":10357,"comment_status":"open","ping_status":"open","sticky":false,"template":"","format":"standard","meta":{"_acf_changed":false,"_et_pb_use_builder":"","_et_pb_old_content":"","_et_gb_content_width":"","inline_featured_image":false,"footnotes":""},"categories":[125],"tags":[],"seus":[],"eixos":[110],"class_list":["post-10487","post","type-post","status-publish","format-standard","has-post-thumbnail","hentry","category-noticias","eixos-comunidad-casal-dels-infants"],"acf":[],"yoast_head":"<!-- This site is optimized with the Yoast SEO plugin v27.4 - https:\/\/yoast.com\/product\/yoast-seo-wordpress\/ -->\n<title>La consellera Violant Cervera visita los campamentos del Casal dels Infants en Tavascan - Casal dels Infants<\/title>\n<meta name=\"robots\" content=\"index, follow, max-snippet:-1, max-image-preview:large, max-video-preview:-1\" \/>\n<link rel=\"canonical\" href=\"https:\/\/www.casaldelsinfants.org\/es\/actualidad\/la-consellera-violant-cervera-visita-los-campamentos-del-casal-dels-infants-en-tavascan\/\" \/>\n<meta property=\"og:locale\" content=\"es_ES\" \/>\n<meta property=\"og:type\" content=\"article\" \/>\n<meta property=\"og:title\" content=\"La consellera Violant Cervera visita los campamentos del Casal dels Infants en Tavascan - Casal dels Infants\" \/>\n<meta property=\"og:description\" content=\"La consellera de Derechos Sociales, Violant Cervera, visit\u00f3 el viernes los campamentos para adolescentes y j\u00f3venes en riesgo de exclusi\u00f3n social del Casal dels Infants en el pueblo de Tavascan, perteneciente al municipio de Lladorre, en el Pallars Sobir\u00e0. Cervera quiso conocer de primera mano las actividades para chicos y chicas de 12 a 21 [&hellip;]\" \/>\n<meta property=\"og:url\" content=\"https:\/\/www.casaldelsinfants.org\/es\/actualidad\/la-consellera-violant-cervera-visita-los-campamentos-del-casal-dels-infants-en-tavascan\/\" \/>\n<meta property=\"og:site_name\" content=\"Casal dels Infants\" \/>\n<meta property=\"article:publisher\" content=\"https:\/\/www.facebook.com\/casalinfants\" \/>\n<meta property=\"article:published_time\" content=\"2022-07-28T08:33:23+00:00\" \/>\n<meta property=\"article:modified_time\" content=\"2023-05-23T11:21:23+00:00\" \/>\n<meta property=\"og:image\" content=\"https:\/\/www.casaldelsinfants.org\/wp-content\/uploads\/whatsapp_image_2022-07-22_at_7.32.40_pm-1.webp\" \/>\n\t<meta property=\"og:image:width\" content=\"1024\" \/>\n\t<meta property=\"og:image:height\" content=\"683\" \/>\n\t<meta property=\"og:image:type\" content=\"image\/jpeg\" \/>\n<meta name=\"author\" content=\"cdiAdmin\" \/>\n<meta name=\"twitter:card\" content=\"summary_large_image\" \/>\n<meta name=\"twitter:creator\" content=\"@casalinfants\" \/>\n<meta name=\"twitter:site\" content=\"@casalinfants\" \/>\n<meta name=\"twitter:label1\" content=\"Escrito por\" \/>\n\t<meta name=\"twitter:data1\" content=\"cdiAdmin\" \/>\n\t<meta name=\"twitter:label2\" content=\"Tiempo de lectura\" \/>\n\t<meta name=\"twitter:data2\" content=\"5 minutos\" \/>\n<script type=\"application\/ld+json\" class=\"yoast-schema-graph\">{\"@context\":\"https:\\\/\\\/schema.org\",\"@graph\":[{\"@type\":\"Article\",\"@id\":\"https:\\\/\\\/www.casaldelsinfants.org\\\/es\\\/actualidad\\\/la-consellera-violant-cervera-visita-los-campamentos-del-casal-dels-infants-en-tavascan\\\/#article\",\"isPartOf\":{\"@id\":\"https:\\\/\\\/www.casaldelsinfants.org\\\/es\\\/actualidad\\\/la-consellera-violant-cervera-visita-los-campamentos-del-casal-dels-infants-en-tavascan\\\/\"},\"author\":{\"name\":\"cdiAdmin\",\"@id\":\"https:\\\/\\\/www.casaldelsinfants.org\\\/es\\\/#\\\/schema\\\/person\\\/97707fc8c64900cf36891127dbf9fba8\"},\"headline\":\"La consellera Violant Cervera visita los campamentos del Casal dels Infants en Tavascan\",\"datePublished\":\"2022-07-28T08:33:23+00:00\",\"dateModified\":\"2023-05-23T11:21:23+00:00\",\"mainEntityOfPage\":{\"@id\":\"https:\\\/\\\/www.casaldelsinfants.org\\\/es\\\/actualidad\\\/la-consellera-violant-cervera-visita-los-campamentos-del-casal-dels-infants-en-tavascan\\\/\"},\"wordCount\":934,\"commentCount\":0,\"publisher\":{\"@id\":\"https:\\\/\\\/www.casaldelsinfants.org\\\/es\\\/#organization\"},\"image\":{\"@id\":\"https:\\\/\\\/www.casaldelsinfants.org\\\/es\\\/actualidad\\\/la-consellera-violant-cervera-visita-los-campamentos-del-casal-dels-infants-en-tavascan\\\/#primaryimage\"},\"thumbnailUrl\":\"https:\\\/\\\/www.casaldelsinfants.org\\\/wp-content\\\/uploads\\\/whatsapp_image_2022-07-22_at_7.32.40_pm-1.webp\",\"articleSection\":[\"Noticia\"],\"inLanguage\":\"es\",\"potentialAction\":[{\"@type\":\"CommentAction\",\"name\":\"Comment\",\"target\":[\"https:\\\/\\\/www.casaldelsinfants.org\\\/es\\\/actualidad\\\/la-consellera-violant-cervera-visita-los-campamentos-del-casal-dels-infants-en-tavascan\\\/#respond\"]}]},{\"@type\":\"WebPage\",\"@id\":\"https:\\\/\\\/www.casaldelsinfants.org\\\/es\\\/actualidad\\\/la-consellera-violant-cervera-visita-los-campamentos-del-casal-dels-infants-en-tavascan\\\/\",\"url\":\"https:\\\/\\\/www.casaldelsinfants.org\\\/es\\\/actualidad\\\/la-consellera-violant-cervera-visita-los-campamentos-del-casal-dels-infants-en-tavascan\\\/\",\"name\":\"La consellera Violant Cervera visita los campamentos del Casal dels Infants en Tavascan - Casal dels Infants\",\"isPartOf\":{\"@id\":\"https:\\\/\\\/www.casaldelsinfants.org\\\/es\\\/#website\"},\"primaryImageOfPage\":{\"@id\":\"https:\\\/\\\/www.casaldelsinfants.org\\\/es\\\/actualidad\\\/la-consellera-violant-cervera-visita-los-campamentos-del-casal-dels-infants-en-tavascan\\\/#primaryimage\"},\"image\":{\"@id\":\"https:\\\/\\\/www.casaldelsinfants.org\\\/es\\\/actualidad\\\/la-consellera-violant-cervera-visita-los-campamentos-del-casal-dels-infants-en-tavascan\\\/#primaryimage\"},\"thumbnailUrl\":\"https:\\\/\\\/www.casaldelsinfants.org\\\/wp-content\\\/uploads\\\/whatsapp_image_2022-07-22_at_7.32.40_pm-1.webp\",\"datePublished\":\"2022-07-28T08:33:23+00:00\",\"dateModified\":\"2023-05-23T11:21:23+00:00\",\"breadcrumb\":{\"@id\":\"https:\\\/\\\/www.casaldelsinfants.org\\\/es\\\/actualidad\\\/la-consellera-violant-cervera-visita-los-campamentos-del-casal-dels-infants-en-tavascan\\\/#breadcrumb\"},\"inLanguage\":\"es\",\"potentialAction\":[{\"@type\":\"ReadAction\",\"target\":[\"https:\\\/\\\/www.casaldelsinfants.org\\\/es\\\/actualidad\\\/la-consellera-violant-cervera-visita-los-campamentos-del-casal-dels-infants-en-tavascan\\\/\"]}]},{\"@type\":\"ImageObject\",\"inLanguage\":\"es\",\"@id\":\"https:\\\/\\\/www.casaldelsinfants.org\\\/es\\\/actualidad\\\/la-consellera-violant-cervera-visita-los-campamentos-del-casal-dels-infants-en-tavascan\\\/#primaryimage\",\"url\":\"https:\\\/\\\/www.casaldelsinfants.org\\\/wp-content\\\/uploads\\\/whatsapp_image_2022-07-22_at_7.32.40_pm-1.webp\",\"contentUrl\":\"https:\\\/\\\/www.casaldelsinfants.org\\\/wp-content\\\/uploads\\\/whatsapp_image_2022-07-22_at_7.32.40_pm-1.webp\",\"width\":1024,\"height\":683,\"caption\":\"La consellera Violant Cervera visita els campaments del Casal dels Infants a Tavascan\"},{\"@type\":\"BreadcrumbList\",\"@id\":\"https:\\\/\\\/www.casaldelsinfants.org\\\/es\\\/actualidad\\\/la-consellera-violant-cervera-visita-los-campamentos-del-casal-dels-infants-en-tavascan\\\/#breadcrumb\",\"itemListElement\":[{\"@type\":\"ListItem\",\"position\":1,\"name\":\"Inici\",\"item\":\"https:\\\/\\\/www.casaldelsinfants.org\\\/es\\\/\"},{\"@type\":\"ListItem\",\"position\":2,\"name\":\"La consellera Violant Cervera visita los campamentos del Casal dels Infants en Tavascan\"}]},{\"@type\":\"WebSite\",\"@id\":\"https:\\\/\\\/www.casaldelsinfants.org\\\/es\\\/#website\",\"url\":\"https:\\\/\\\/www.casaldelsinfants.org\\\/es\\\/\",\"name\":\"Casal dels Infants\",\"description\":\"\",\"publisher\":{\"@id\":\"https:\\\/\\\/www.casaldelsinfants.org\\\/es\\\/#organization\"},\"potentialAction\":[{\"@type\":\"SearchAction\",\"target\":{\"@type\":\"EntryPoint\",\"urlTemplate\":\"https:\\\/\\\/www.casaldelsinfants.org\\\/es\\\/?s={search_term_string}\"},\"query-input\":{\"@type\":\"PropertyValueSpecification\",\"valueRequired\":true,\"valueName\":\"search_term_string\"}}],\"inLanguage\":\"es\"},{\"@type\":\"Organization\",\"@id\":\"https:\\\/\\\/www.casaldelsinfants.org\\\/es\\\/#organization\",\"name\":\"Casal dels Infants\",\"url\":\"https:\\\/\\\/www.casaldelsinfants.org\\\/es\\\/\",\"logo\":{\"@type\":\"ImageObject\",\"inLanguage\":\"es\",\"@id\":\"https:\\\/\\\/www.casaldelsinfants.org\\\/es\\\/#\\\/schema\\\/logo\\\/image\\\/\",\"url\":\"https:\\\/\\\/www.casaldelsinfants.org\\\/wp-content\\\/uploads\\\/logo-mail.png\",\"contentUrl\":\"https:\\\/\\\/www.casaldelsinfants.org\\\/wp-content\\\/uploads\\\/logo-mail.png\",\"width\":380,\"height\":158,\"caption\":\"Casal dels Infants\"},\"image\":{\"@id\":\"https:\\\/\\\/www.casaldelsinfants.org\\\/es\\\/#\\\/schema\\\/logo\\\/image\\\/\"},\"sameAs\":[\"https:\\\/\\\/www.facebook.com\\\/casalinfants\",\"https:\\\/\\\/x.com\\\/casalinfants\",\"https:\\\/\\\/www.youtube.com\\\/user\\\/CasaldelsInfants1\",\"https:\\\/\\\/www.instagram.com\\\/casalinfants\\\/\",\"https:\\\/\\\/www.linkedin.com\\\/company\\\/casaldelsinfants?trk=organization-update_share-update_actor-text\"]},{\"@type\":\"Person\",\"@id\":\"https:\\\/\\\/www.casaldelsinfants.org\\\/es\\\/#\\\/schema\\\/person\\\/97707fc8c64900cf36891127dbf9fba8\",\"name\":\"cdiAdmin\",\"sameAs\":[\"https:\\\/\\\/casaldelsinfants.org\"]}]}<\/script>\n<!-- \/ Yoast SEO plugin. -->","yoast_head_json":{"title":"La consellera Violant Cervera visita los campamentos del Casal dels Infants en Tavascan - Casal dels Infants","robots":{"index":"index","follow":"follow","max-snippet":"max-snippet:-1","max-image-preview":"max-image-preview:large","max-video-preview":"max-video-preview:-1"},"canonical":"https:\/\/www.casaldelsinfants.org\/es\/actualidad\/la-consellera-violant-cervera-visita-los-campamentos-del-casal-dels-infants-en-tavascan\/","og_locale":"es_ES","og_type":"article","og_title":"La consellera Violant Cervera visita los campamentos del Casal dels Infants en Tavascan - Casal dels Infants","og_description":"La consellera de Derechos Sociales, Violant Cervera, visit\u00f3 el viernes los campamentos para adolescentes y j\u00f3venes en riesgo de exclusi\u00f3n social del Casal dels Infants en el pueblo de Tavascan, perteneciente al municipio de Lladorre, en el Pallars Sobir\u00e0. Cervera quiso conocer de primera mano las actividades para chicos y chicas de 12 a 21 [&hellip;]","og_url":"https:\/\/www.casaldelsinfants.org\/es\/actualidad\/la-consellera-violant-cervera-visita-los-campamentos-del-casal-dels-infants-en-tavascan\/","og_site_name":"Casal dels Infants","article_publisher":"https:\/\/www.facebook.com\/casalinfants","article_published_time":"2022-07-28T08:33:23+00:00","article_modified_time":"2023-05-23T11:21:23+00:00","og_image":[{"width":1024,"height":683,"url":"https:\/\/www.casaldelsinfants.org\/wp-content\/uploads\/whatsapp_image_2022-07-22_at_7.32.40_pm-1.webp","type":"image\/jpeg"}],"author":"cdiAdmin","twitter_card":"summary_large_image","twitter_creator":"@casalinfants","twitter_site":"@casalinfants","twitter_misc":{"Escrito por":"cdiAdmin","Tiempo de lectura":"5 minutos"},"schema":{"@context":"https:\/\/schema.org","@graph":[{"@type":"Article","@id":"https:\/\/www.casaldelsinfants.org\/es\/actualidad\/la-consellera-violant-cervera-visita-los-campamentos-del-casal-dels-infants-en-tavascan\/#article","isPartOf":{"@id":"https:\/\/www.casaldelsinfants.org\/es\/actualidad\/la-consellera-violant-cervera-visita-los-campamentos-del-casal-dels-infants-en-tavascan\/"},"author":{"name":"cdiAdmin","@id":"https:\/\/www.casaldelsinfants.org\/es\/#\/schema\/person\/97707fc8c64900cf36891127dbf9fba8"},"headline":"La consellera Violant Cervera visita los campamentos del Casal dels Infants en Tavascan","datePublished":"2022-07-28T08:33:23+00:00","dateModified":"2023-05-23T11:21:23+00:00","mainEntityOfPage":{"@id":"https:\/\/www.casaldelsinfants.org\/es\/actualidad\/la-consellera-violant-cervera-visita-los-campamentos-del-casal-dels-infants-en-tavascan\/"},"wordCount":934,"commentCount":0,"publisher":{"@id":"https:\/\/www.casaldelsinfants.org\/es\/#organization"},"image":{"@id":"https:\/\/www.casaldelsinfants.org\/es\/actualidad\/la-consellera-violant-cervera-visita-los-campamentos-del-casal-dels-infants-en-tavascan\/#primaryimage"},"thumbnailUrl":"https:\/\/www.casaldelsinfants.org\/wp-content\/uploads\/whatsapp_image_2022-07-22_at_7.32.40_pm-1.webp","articleSection":["Noticia"],"inLanguage":"es","potentialAction":[{"@type":"CommentAction","name":"Comment","target":["https:\/\/www.casaldelsinfants.org\/es\/actualidad\/la-consellera-violant-cervera-visita-los-campamentos-del-casal-dels-infants-en-tavascan\/#respond"]}]},{"@type":"WebPage","@id":"https:\/\/www.casaldelsinfants.org\/es\/actualidad\/la-consellera-violant-cervera-visita-los-campamentos-del-casal-dels-infants-en-tavascan\/","url":"https:\/\/www.casaldelsinfants.org\/es\/actualidad\/la-consellera-violant-cervera-visita-los-campamentos-del-casal-dels-infants-en-tavascan\/","name":"La consellera Violant Cervera visita los campamentos del Casal dels Infants en Tavascan - Casal dels Infants","isPartOf":{"@id":"https:\/\/www.casaldelsinfants.org\/es\/#website"},"primaryImageOfPage":{"@id":"https:\/\/www.casaldelsinfants.org\/es\/actualidad\/la-consellera-violant-cervera-visita-los-campamentos-del-casal-dels-infants-en-tavascan\/#primaryimage"},"image":{"@id":"https:\/\/www.casaldelsinfants.org\/es\/actualidad\/la-consellera-violant-cervera-visita-los-campamentos-del-casal-dels-infants-en-tavascan\/#primaryimage"},"thumbnailUrl":"https:\/\/www.casaldelsinfants.org\/wp-content\/uploads\/whatsapp_image_2022-07-22_at_7.32.40_pm-1.webp","datePublished":"2022-07-28T08:33:23+00:00","dateModified":"2023-05-23T11:21:23+00:00","breadcrumb":{"@id":"https:\/\/www.casaldelsinfants.org\/es\/actualidad\/la-consellera-violant-cervera-visita-los-campamentos-del-casal-dels-infants-en-tavascan\/#breadcrumb"},"inLanguage":"es","potentialAction":[{"@type":"ReadAction","target":["https:\/\/www.casaldelsinfants.org\/es\/actualidad\/la-consellera-violant-cervera-visita-los-campamentos-del-casal-dels-infants-en-tavascan\/"]}]},{"@type":"ImageObject","inLanguage":"es","@id":"https:\/\/www.casaldelsinfants.org\/es\/actualidad\/la-consellera-violant-cervera-visita-los-campamentos-del-casal-dels-infants-en-tavascan\/#primaryimage","url":"https:\/\/www.casaldelsinfants.org\/wp-content\/uploads\/whatsapp_image_2022-07-22_at_7.32.40_pm-1.webp","contentUrl":"https:\/\/www.casaldelsinfants.org\/wp-content\/uploads\/whatsapp_image_2022-07-22_at_7.32.40_pm-1.webp","width":1024,"height":683,"caption":"La consellera Violant Cervera visita els campaments del Casal dels Infants a Tavascan"},{"@type":"BreadcrumbList","@id":"https:\/\/www.casaldelsinfants.org\/es\/actualidad\/la-consellera-violant-cervera-visita-los-campamentos-del-casal-dels-infants-en-tavascan\/#breadcrumb","itemListElement":[{"@type":"ListItem","position":1,"name":"Inici","item":"https:\/\/www.casaldelsinfants.org\/es\/"},{"@type":"ListItem","position":2,"name":"La consellera Violant Cervera visita los campamentos del Casal dels Infants en Tavascan"}]},{"@type":"WebSite","@id":"https:\/\/www.casaldelsinfants.org\/es\/#website","url":"https:\/\/www.casaldelsinfants.org\/es\/","name":"Casal dels Infants","description":"","publisher":{"@id":"https:\/\/www.casaldelsinfants.org\/es\/#organization"},"potentialAction":[{"@type":"SearchAction","target":{"@type":"EntryPoint","urlTemplate":"https:\/\/www.casaldelsinfants.org\/es\/?s={search_term_string}"},"query-input":{"@type":"PropertyValueSpecification","valueRequired":true,"valueName":"search_term_string"}}],"inLanguage":"es"},{"@type":"Organization","@id":"https:\/\/www.casaldelsinfants.org\/es\/#organization","name":"Casal dels Infants","url":"https:\/\/www.casaldelsinfants.org\/es\/","logo":{"@type":"ImageObject","inLanguage":"es","@id":"https:\/\/www.casaldelsinfants.org\/es\/#\/schema\/logo\/image\/","url":"https:\/\/www.casaldelsinfants.org\/wp-content\/uploads\/logo-mail.png","contentUrl":"https:\/\/www.casaldelsinfants.org\/wp-content\/uploads\/logo-mail.png","width":380,"height":158,"caption":"Casal dels Infants"},"image":{"@id":"https:\/\/www.casaldelsinfants.org\/es\/#\/schema\/logo\/image\/"},"sameAs":["https:\/\/www.facebook.com\/casalinfants","https:\/\/x.com\/casalinfants","https:\/\/www.youtube.com\/user\/CasaldelsInfants1","https:\/\/www.instagram.com\/casalinfants\/","https:\/\/www.linkedin.com\/company\/casaldelsinfants?trk=organization-update_share-update_actor-text"]},{"@type":"Person","@id":"https:\/\/www.casaldelsinfants.org\/es\/#\/schema\/person\/97707fc8c64900cf36891127dbf9fba8","name":"cdiAdmin","sameAs":["https:\/\/casaldelsinfants.org"]}]}},"publishpress_future_action":{"enabled":false,"date":"2026-05-08 18:04:57","action":"change-status","newStatus":"draft","terms":[],"taxonomy":"category","extraData":[]},"publishpress_future_workflow_manual_trigger":{"enabledWorkflows":[]},"_links":{"self":[{"href":"https:\/\/www.casaldelsinfants.org\/es\/wp-json\/wp\/v2\/posts\/10487","targetHints":{"allow":["GET"]}}],"collection":[{"href":"https:\/\/www.casaldelsinfants.org\/es\/wp-json\/wp\/v2\/posts"}],"about":[{"href":"https:\/\/www.casaldelsinfants.org\/es\/wp-json\/wp\/v2\/types\/post"}],"author":[{"embeddable":true,"href":"https:\/\/www.casaldelsinfants.org\/es\/wp-json\/wp\/v2\/users\/1"}],"replies":[{"embeddable":true,"href":"https:\/\/www.casaldelsinfants.org\/es\/wp-json\/wp\/v2\/comments?post=10487"}],"version-history":[{"count":1,"href":"https:\/\/www.casaldelsinfants.org\/es\/wp-json\/wp\/v2\/posts\/10487\/revisions"}],"predecessor-version":[{"id":10490,"href":"https:\/\/www.casaldelsinfants.org\/es\/wp-json\/wp\/v2\/posts\/10487\/revisions\/10490"}],"wp:featuredmedia":[{"embeddable":true,"href":"https:\/\/www.casaldelsinfants.org\/es\/wp-json\/wp\/v2\/media\/10357"}],"wp:attachment":[{"href":"https:\/\/www.casaldelsinfants.org\/es\/wp-json\/wp\/v2\/media?parent=10487"}],"wp:term":[{"taxonomy":"category","embeddable":true,"href":"https:\/\/www.casaldelsinfants.org\/es\/wp-json\/wp\/v2\/categories?post=10487"},{"taxonomy":"post_tag","embeddable":true,"href":"https:\/\/www.casaldelsinfants.org\/es\/wp-json\/wp\/v2\/tags?post=10487"},{"taxonomy":"seus","embeddable":true,"href":"https:\/\/www.casaldelsinfants.org\/es\/wp-json\/wp\/v2\/seus?post=10487"},{"taxonomy":"eixos","embeddable":true,"href":"https:\/\/www.casaldelsinfants.org\/es\/wp-json\/wp\/v2\/eixos?post=10487"}],"curies":[{"name":"wp","href":"https:\/\/api.w.org\/{rel}","templated":true}]}}