{"id":10488,"date":"2022-07-26T09:17:28","date_gmt":"2022-07-26T07:17:28","guid":{"rendered":"https:\/\/casal.puntzero.cat\/refuerzo-escolar-de-la-lengua-catalana-y-semanas-tematicas-en-catestiu\/"},"modified":"2023-05-23T13:21:19","modified_gmt":"2023-05-23T11:21:19","slug":"refuerzo-escolar-de-la-lengua-catalana-y-semanas-tematicas-en-catestiu","status":"publish","type":"post","link":"https:\/\/www.casaldelsinfants.org\/es\/actualidad\/refuerzo-escolar-de-la-lengua-catalana-y-semanas-tematicas-en-catestiu\/","title":{"rendered":"Refuerzo escolar, de la lengua catalana y semanas tem\u00e1ticas en CatEstiu"},"content":{"rendered":"<p dir=\"ltr\"><span style=\"color:#000000;\">Durante estas vacaciones, unos sesenta ni\u00f1os y ni\u00f1as del Casal dels Infants en el barrio del Raval, de entre 6 y 12 a\u00f1os, participan en <strong>CatEstiu<\/strong>, un servicio que les ofrece refuerzo escolar con el catal\u00e1n como eje transversal, as\u00ed como actividades de ocio, deportivas y art\u00edsticas. La mitad de ni\u00f1os y ni\u00f1as ya eran participantes del Casal dels Infants durante el curso, y la otra que ha incorporado derivada por las mismas escuelas con las que el equipo educativo trabaja en red durante el curso.\u00a0<\/span><\/p>\n<p dir=\"ltr\"><span style=\"color:#000000;\">Dos veces a la semana, los ni\u00f1os y ni\u00f1as participan durante la primera parte de la ma\u00f1ana en unas gincanas acad\u00e9micas donde repasan <strong>competencias ling\u00fc\u00edsticas en catal\u00e1n y matem\u00e1ticas de forma l\u00fadica<\/strong>, superando peque\u00f1as pruebas adaptadas a cada nivel. Tambi\u00e9n se reservan ratos de deberes, donde los ni\u00f1os y ni\u00f1as traen las tareas que les han mandado desde la escuela y las resuelven con la ayuda del equipo educativo.<\/span><\/p>\n<p dir=\"ltr\">\u00a0<\/p>\n<p><img decoding=\"async\" alt=\"Nena fa els deures de catal\u00e0.\" data-entity-type=\"file\" data-entity-uuid=\"67e396cd-7a07-4893-b955-ee990a9d63e6\" data-image-style=\"large\" src=\"\/wp-content\/uploads\/inline-images\/IMG_20220719_103507%20%281%29_2.jpg\" width=\"480\" height=\"359\" typeof=\"foaf:Image\" class=\"align-center\" \/><\/p>\n<p dir=\"ltr\">\u00a0<\/p>\n<p dir=\"ltr\"><span style=\"color:#000000;\">El <strong>fomento del uso del catal\u00e1n <\/strong>es transversal en el proyecto: es la lengua que utilizan durante el d\u00eda, en las gincanas acad\u00e9micas, las actividades de ocio, los ratos de deberes y, sobre todo, en las asambleas, con las que empiezan y acaban el d\u00eda haciendo <em>rotllana<\/em> para hablar, expresarse y evaluar la jornada.\u00a0\u00a0<\/span><\/p>\n<p dir=\"ltr\"><span style=\"color:#000000;\">Durante el mes de julio, las actividades se han repartido en semanas tem\u00e1ticas para trabajar temas de inter\u00e9s para el desarrollo de los ni\u00f1os y ni\u00f1as. La primera semana aprendieron sobre <strong>feminismo, diversidad de g\u00e9nero, la comunidad LGTBIQ+ y la diversidad familiar<\/strong>. La <\/span><u><a href=\"http:\/\/encaraenaccio.cat\/\" target=\"_blank\" rel=\"noopener\">Associaci\u00f3 Encara en Acci\u00f3, moviment afectiu, sexual i de g\u00e8nere<\/a><\/u><span style=\"color:#000000;\"> vino al Casal para llevar a cabo un taller de cuentacuentos con el grupo de Petits (6 a 8 a\u00f1os), y un taller de estampaci\u00f3n de camisetas para trabajar el acoso escolar por identidad y expresi\u00f3n de g\u00e9nero y orientaci\u00f3n sexual, con Mitjans (8 a 10 a\u00f1os) y Grans (10 a 12 a\u00f1os).\u00a0<\/span><\/p>\n<p dir=\"ltr\">\u00a0<\/p>\n<p><img decoding=\"async\" alt=\"Nen de peu canta a un micro amb els auriculars posats, mentre un home amb un ordinador grava la veu.\" data-entity-type=\"file\" data-entity-uuid=\"509aabc4-ef4c-470f-97d6-ead29d92fd1f\" data-image-style=\"large\" src=\"\/wp-content\/uploads\/inline-images\/1658148797762%20%281%29.png\" width=\"359\" height=\"480\" typeof=\"foaf:Image\" class=\"align-center\" \/><\/p>\n<p dir=\"ltr\"><span style=\"color:#000000;\">La segunda semana estuvo centrada en la <strong>interculturalidad<\/strong> y la identidad cultural. Los ni\u00f1os y ni\u00f1as del grupo de Grans participaron en un taller de rap, donde escribieron y grabaron una canci\u00f3n, mientras Petits y Mitjans ayudaron a grabar el videoclip. La tercera semana iba sobre las <strong>emociones<\/strong>, el fomento de la autoestima y la empat\u00eda, y aprender a reconocer las propias emociones y las de los dem\u00e1s. La cuarta y \u00faltima semana de CatEstiu se ha enfocado en el <strong>medio ambiente<\/strong>, con el que se quiere fomentar el uso responsable de los recursos, la conciencia de cuidado del medio ambiente y c\u00f3mo podemos contribuir conjuntamente a cuidar el planeta.\u00a0<\/span><\/p>\n<p dir=\"ltr\"><span style=\"color:#000000;\">Para esta \u00faltima semana tem\u00e1tica, Petits han ido de <strong>excursi\u00f3n a una granja<\/strong>, donde han aprendido sobre animales, sus caracter\u00edsticas, qu\u00e9 comen y c\u00f3mo se reproducen, y sobre la vida en la mas\u00eda y la granja, gracias a la colaboraci\u00f3n con <\/span><u><a href=\"https:\/\/www.fundacionbancosabadell.com\/ca\/\" target=\"_blank\" rel=\"noopener\">Fundaci\u00f3n Banc Sabadell<\/a><\/u><span style=\"color:#000000;\"> y <\/span><u><a href=\"https:\/\/www.quadpack.com\/\" target=\"_blank\" rel=\"noopener\">Quadpack<\/a><\/u><span style=\"color:#000000;\">. Con Mitjans y Grans han hecho un <strong>taller de graffitis <\/strong>con la red de creativos <\/span><u><a href=\"https:\/\/www.instagram.com\/weareaviva\/?hl=es\" target=\"_blank\" rel=\"noopener\">Aviva<\/a><\/u><span style=\"color:#000000;\">, donde han creado juntamente con un artista un dise\u00f1o destinado a concienciar sobre la emergencia clim\u00e1tica. Lo pod\u00e9is encontrar en la calle T\u00e0pies con la Avinguda Paral\u00b7lel.<\/span><\/p>\n<p dir=\"ltr\">\u00a0<\/p>\n<blockquote>\n<p><strong>Haz\u00a0posible que continuemos\u00a0apoyando a ni\u00f1os, ni\u00f1as y familias en situaci\u00f3n de vulnerabilidad.\u00a0<\/strong><\/p>\n<p>Haz\u00a0<strong>voluntariado<\/strong>. Inf\u00f3rmate\u00a0<a href=\"https:\/\/www.casaldelsinfants.org\/es\/que-puedes-hacer-tu\/voluntariado\/\" target=\"_blank\" rel=\"noopener\"><u>aqu\u00ed<\/u><\/a>.<\/p>\n<p>Haz un\u00a0<strong>donativo<\/strong>\u00a0<a href=\"https:\/\/www.casaldelsinfants.org\/es\/dona-ahora-verano\/\" target=\"_blank\" rel=\"noopener\"><u>aqu\u00ed<\/u><\/a>.<\/p>\n<p dir=\"ltr\"><b>\u00a0<\/b><\/p>\n<\/blockquote>\n","protected":false},"excerpt":{"rendered":"<p>Durante estas vacaciones, unos sesenta ni\u00f1os y ni\u00f1as del Casal dels Infants en el barrio del Raval, de entre 6 y 12 a\u00f1os, participan en CatEstiu, un servicio que les ofrece refuerzo escolar con el catal\u00e1n como eje transversal, as\u00ed como actividades de ocio, deportivas y art\u00edsticas. La mitad de ni\u00f1os y ni\u00f1as ya eran [&hellip;]<\/p>\n","protected":false},"author":1,"featured_media":10360,"comment_status":"open","ping_status":"open","sticky":false,"template":"","format":"standard","meta":{"_acf_changed":false,"_et_pb_use_builder":"","_et_pb_old_content":"","_et_gb_content_width":"","inline_featured_image":false,"footnotes":""},"categories":[125],"tags":[],"seus":[16,157],"eixos":[99,207],"class_list":{"0":"post-10488","1":"post","2":"type-post","3":"status-publish","4":"format-standard","5":"has-post-thumbnail","6":"hentry","7":"category-noticias","8":"seus-el-raval","10":"eixos-infancia-y-adolescencia","11":"eixos-infancia-i-adolescencia-es-2"},"acf":[],"yoast_head":"<!-- This site is optimized with the Yoast SEO plugin v27.4 - https:\/\/yoast.com\/product\/yoast-seo-wordpress\/ -->\n<title>Refuerzo escolar, de la lengua catalana y semanas tem\u00e1ticas en CatEstiu<\/title>\n<meta name=\"description\" content=\"CatEstiu es un proyecto del Casal dels Infants, con el que durante el mes de julio unos 60 ni\u00f1os y ni\u00f1as del barrio del Raval entre 6 y 12 a\u00f1os disfrutan de ratos de refuerzo escolar, actividades de ocio educativo y talleres centrados en diferentes temas durante las vacaciones de verano, para garantizarles el derecho al ocio.\" \/>\n<meta name=\"robots\" content=\"index, follow, max-snippet:-1, max-image-preview:large, max-video-preview:-1\" \/>\n<link rel=\"canonical\" href=\"https:\/\/www.casaldelsinfants.org\/es\/actualidad\/refuerzo-escolar-de-la-lengua-catalana-y-semanas-tematicas-en-catestiu\/\" \/>\n<meta property=\"og:locale\" content=\"es_ES\" \/>\n<meta property=\"og:type\" content=\"article\" \/>\n<meta property=\"og:title\" content=\"Refuerzo escolar, de la lengua catalana y semanas tem\u00e1ticas en CatEstiu\" \/>\n<meta property=\"og:description\" content=\"CatEstiu es un proyecto del Casal dels Infants, con el que durante el mes de julio unos 60 ni\u00f1os y ni\u00f1as del barrio del Raval entre 6 y 12 a\u00f1os disfrutan de ratos de refuerzo escolar, actividades de ocio educativo y talleres centrados en diferentes temas durante las vacaciones de verano, para garantizarles el derecho al ocio.\" \/>\n<meta property=\"og:url\" content=\"https:\/\/www.casaldelsinfants.org\/es\/actualidad\/refuerzo-escolar-de-la-lengua-catalana-y-semanas-tematicas-en-catestiu\/\" \/>\n<meta property=\"og:site_name\" content=\"Casal dels Infants\" \/>\n<meta property=\"article:publisher\" content=\"https:\/\/www.facebook.com\/casalinfants\" \/>\n<meta property=\"article:published_time\" content=\"2022-07-26T07:17:28+00:00\" \/>\n<meta property=\"article:modified_time\" content=\"2023-05-23T11:21:19+00:00\" \/>\n<meta property=\"og:image\" content=\"https:\/\/www.casaldelsinfants.org\/wp-content\/uploads\/1658148797986_0-scaled-1.webp\" \/>\n\t<meta property=\"og:image:width\" content=\"2560\" \/>\n\t<meta property=\"og:image:height\" content=\"1916\" \/>\n\t<meta property=\"og:image:type\" content=\"image\/jpeg\" \/>\n<meta name=\"author\" content=\"cdiAdmin\" \/>\n<meta name=\"twitter:card\" content=\"summary_large_image\" \/>\n<meta name=\"twitter:creator\" content=\"@casalinfants\" \/>\n<meta name=\"twitter:site\" content=\"@casalinfants\" \/>\n<meta name=\"twitter:label1\" content=\"Escrito por\" \/>\n\t<meta name=\"twitter:data1\" content=\"cdiAdmin\" \/>\n\t<meta name=\"twitter:label2\" content=\"Tiempo de lectura\" \/>\n\t<meta name=\"twitter:data2\" content=\"3 minutos\" \/>\n<script type=\"application\/ld+json\" class=\"yoast-schema-graph\">{\"@context\":\"https:\\\/\\\/schema.org\",\"@graph\":[{\"@type\":\"Article\",\"@id\":\"https:\\\/\\\/www.casaldelsinfants.org\\\/es\\\/actualidad\\\/refuerzo-escolar-de-la-lengua-catalana-y-semanas-tematicas-en-catestiu\\\/#article\",\"isPartOf\":{\"@id\":\"https:\\\/\\\/www.casaldelsinfants.org\\\/es\\\/actualidad\\\/refuerzo-escolar-de-la-lengua-catalana-y-semanas-tematicas-en-catestiu\\\/\"},\"author\":{\"name\":\"cdiAdmin\",\"@id\":\"https:\\\/\\\/www.casaldelsinfants.org\\\/es\\\/#\\\/schema\\\/person\\\/97707fc8c64900cf36891127dbf9fba8\"},\"headline\":\"Refuerzo escolar, de la lengua catalana y semanas tem\u00e1ticas en CatEstiu\",\"datePublished\":\"2022-07-26T07:17:28+00:00\",\"dateModified\":\"2023-05-23T11:21:19+00:00\",\"mainEntityOfPage\":{\"@id\":\"https:\\\/\\\/www.casaldelsinfants.org\\\/es\\\/actualidad\\\/refuerzo-escolar-de-la-lengua-catalana-y-semanas-tematicas-en-catestiu\\\/\"},\"wordCount\":598,\"commentCount\":0,\"publisher\":{\"@id\":\"https:\\\/\\\/www.casaldelsinfants.org\\\/es\\\/#organization\"},\"image\":{\"@id\":\"https:\\\/\\\/www.casaldelsinfants.org\\\/es\\\/actualidad\\\/refuerzo-escolar-de-la-lengua-catalana-y-semanas-tematicas-en-catestiu\\\/#primaryimage\"},\"thumbnailUrl\":\"https:\\\/\\\/www.casaldelsinfants.org\\\/wp-content\\\/uploads\\\/1658148797986_0-scaled-1.webp\",\"articleSection\":[\"Noticia\"],\"inLanguage\":\"es\",\"potentialAction\":[{\"@type\":\"CommentAction\",\"name\":\"Comment\",\"target\":[\"https:\\\/\\\/www.casaldelsinfants.org\\\/es\\\/actualidad\\\/refuerzo-escolar-de-la-lengua-catalana-y-semanas-tematicas-en-catestiu\\\/#respond\"]}]},{\"@type\":\"WebPage\",\"@id\":\"https:\\\/\\\/www.casaldelsinfants.org\\\/es\\\/actualidad\\\/refuerzo-escolar-de-la-lengua-catalana-y-semanas-tematicas-en-catestiu\\\/\",\"url\":\"https:\\\/\\\/www.casaldelsinfants.org\\\/es\\\/actualidad\\\/refuerzo-escolar-de-la-lengua-catalana-y-semanas-tematicas-en-catestiu\\\/\",\"name\":\"Refuerzo escolar, de la lengua catalana y semanas tem\u00e1ticas en CatEstiu\",\"isPartOf\":{\"@id\":\"https:\\\/\\\/www.casaldelsinfants.org\\\/es\\\/#website\"},\"primaryImageOfPage\":{\"@id\":\"https:\\\/\\\/www.casaldelsinfants.org\\\/es\\\/actualidad\\\/refuerzo-escolar-de-la-lengua-catalana-y-semanas-tematicas-en-catestiu\\\/#primaryimage\"},\"image\":{\"@id\":\"https:\\\/\\\/www.casaldelsinfants.org\\\/es\\\/actualidad\\\/refuerzo-escolar-de-la-lengua-catalana-y-semanas-tematicas-en-catestiu\\\/#primaryimage\"},\"thumbnailUrl\":\"https:\\\/\\\/www.casaldelsinfants.org\\\/wp-content\\\/uploads\\\/1658148797986_0-scaled-1.webp\",\"datePublished\":\"2022-07-26T07:17:28+00:00\",\"dateModified\":\"2023-05-23T11:21:19+00:00\",\"description\":\"CatEstiu es un proyecto del Casal dels Infants, con el que durante el mes de julio unos 60 ni\u00f1os y ni\u00f1as del barrio del Raval entre 6 y 12 a\u00f1os disfrutan de ratos de refuerzo escolar, actividades de ocio educativo y talleres centrados en diferentes temas durante las vacaciones de verano, para garantizarles el derecho al ocio.\",\"breadcrumb\":{\"@id\":\"https:\\\/\\\/www.casaldelsinfants.org\\\/es\\\/actualidad\\\/refuerzo-escolar-de-la-lengua-catalana-y-semanas-tematicas-en-catestiu\\\/#breadcrumb\"},\"inLanguage\":\"es\",\"potentialAction\":[{\"@type\":\"ReadAction\",\"target\":[\"https:\\\/\\\/www.casaldelsinfants.org\\\/es\\\/actualidad\\\/refuerzo-escolar-de-la-lengua-catalana-y-semanas-tematicas-en-catestiu\\\/\"]}]},{\"@type\":\"ImageObject\",\"inLanguage\":\"es\",\"@id\":\"https:\\\/\\\/www.casaldelsinfants.org\\\/es\\\/actualidad\\\/refuerzo-escolar-de-la-lengua-catalana-y-semanas-tematicas-en-catestiu\\\/#primaryimage\",\"url\":\"https:\\\/\\\/www.casaldelsinfants.org\\\/wp-content\\\/uploads\\\/1658148797986_0-scaled-1.webp\",\"contentUrl\":\"https:\\\/\\\/www.casaldelsinfants.org\\\/wp-content\\\/uploads\\\/1658148797986_0-scaled-1.webp\",\"width\":2560,\"height\":1916,\"caption\":\"Nens i nenes al Tibidabo durant les setmanes tem\u00e0ticas de CatEstiu\"},{\"@type\":\"BreadcrumbList\",\"@id\":\"https:\\\/\\\/www.casaldelsinfants.org\\\/es\\\/actualidad\\\/refuerzo-escolar-de-la-lengua-catalana-y-semanas-tematicas-en-catestiu\\\/#breadcrumb\",\"itemListElement\":[{\"@type\":\"ListItem\",\"position\":1,\"name\":\"Inici\",\"item\":\"https:\\\/\\\/www.casaldelsinfants.org\\\/es\\\/\"},{\"@type\":\"ListItem\",\"position\":2,\"name\":\"Refuerzo escolar, de la lengua catalana y semanas tem\u00e1ticas en CatEstiu\"}]},{\"@type\":\"WebSite\",\"@id\":\"https:\\\/\\\/www.casaldelsinfants.org\\\/es\\\/#website\",\"url\":\"https:\\\/\\\/www.casaldelsinfants.org\\\/es\\\/\",\"name\":\"Casal dels Infants\",\"description\":\"\",\"publisher\":{\"@id\":\"https:\\\/\\\/www.casaldelsinfants.org\\\/es\\\/#organization\"},\"potentialAction\":[{\"@type\":\"SearchAction\",\"target\":{\"@type\":\"EntryPoint\",\"urlTemplate\":\"https:\\\/\\\/www.casaldelsinfants.org\\\/es\\\/?s={search_term_string}\"},\"query-input\":{\"@type\":\"PropertyValueSpecification\",\"valueRequired\":true,\"valueName\":\"search_term_string\"}}],\"inLanguage\":\"es\"},{\"@type\":\"Organization\",\"@id\":\"https:\\\/\\\/www.casaldelsinfants.org\\\/es\\\/#organization\",\"name\":\"Casal dels Infants\",\"url\":\"https:\\\/\\\/www.casaldelsinfants.org\\\/es\\\/\",\"logo\":{\"@type\":\"ImageObject\",\"inLanguage\":\"es\",\"@id\":\"https:\\\/\\\/www.casaldelsinfants.org\\\/es\\\/#\\\/schema\\\/logo\\\/image\\\/\",\"url\":\"https:\\\/\\\/www.casaldelsinfants.org\\\/wp-content\\\/uploads\\\/logo-mail.png\",\"contentUrl\":\"https:\\\/\\\/www.casaldelsinfants.org\\\/wp-content\\\/uploads\\\/logo-mail.png\",\"width\":380,\"height\":158,\"caption\":\"Casal dels Infants\"},\"image\":{\"@id\":\"https:\\\/\\\/www.casaldelsinfants.org\\\/es\\\/#\\\/schema\\\/logo\\\/image\\\/\"},\"sameAs\":[\"https:\\\/\\\/www.facebook.com\\\/casalinfants\",\"https:\\\/\\\/x.com\\\/casalinfants\",\"https:\\\/\\\/www.youtube.com\\\/user\\\/CasaldelsInfants1\",\"https:\\\/\\\/www.instagram.com\\\/casalinfants\\\/\",\"https:\\\/\\\/www.linkedin.com\\\/company\\\/casaldelsinfants?trk=organization-update_share-update_actor-text\"]},{\"@type\":\"Person\",\"@id\":\"https:\\\/\\\/www.casaldelsinfants.org\\\/es\\\/#\\\/schema\\\/person\\\/97707fc8c64900cf36891127dbf9fba8\",\"name\":\"cdiAdmin\",\"sameAs\":[\"https:\\\/\\\/casaldelsinfants.org\"]}]}<\/script>\n<!-- \/ Yoast SEO plugin. -->","yoast_head_json":{"title":"Refuerzo escolar, de la lengua catalana y semanas tem\u00e1ticas en CatEstiu","description":"CatEstiu es un proyecto del Casal dels Infants, con el que durante el mes de julio unos 60 ni\u00f1os y ni\u00f1as del barrio del Raval entre 6 y 12 a\u00f1os disfrutan de ratos de refuerzo escolar, actividades de ocio educativo y talleres centrados en diferentes temas durante las vacaciones de verano, para garantizarles el derecho al ocio.","robots":{"index":"index","follow":"follow","max-snippet":"max-snippet:-1","max-image-preview":"max-image-preview:large","max-video-preview":"max-video-preview:-1"},"canonical":"https:\/\/www.casaldelsinfants.org\/es\/actualidad\/refuerzo-escolar-de-la-lengua-catalana-y-semanas-tematicas-en-catestiu\/","og_locale":"es_ES","og_type":"article","og_title":"Refuerzo escolar, de la lengua catalana y semanas tem\u00e1ticas en CatEstiu","og_description":"CatEstiu es un proyecto del Casal dels Infants, con el que durante el mes de julio unos 60 ni\u00f1os y ni\u00f1as del barrio del Raval entre 6 y 12 a\u00f1os disfrutan de ratos de refuerzo escolar, actividades de ocio educativo y talleres centrados en diferentes temas durante las vacaciones de verano, para garantizarles el derecho al ocio.","og_url":"https:\/\/www.casaldelsinfants.org\/es\/actualidad\/refuerzo-escolar-de-la-lengua-catalana-y-semanas-tematicas-en-catestiu\/","og_site_name":"Casal dels Infants","article_publisher":"https:\/\/www.facebook.com\/casalinfants","article_published_time":"2022-07-26T07:17:28+00:00","article_modified_time":"2023-05-23T11:21:19+00:00","og_image":[{"width":2560,"height":1916,"url":"https:\/\/www.casaldelsinfants.org\/wp-content\/uploads\/1658148797986_0-scaled-1.webp","type":"image\/jpeg"}],"author":"cdiAdmin","twitter_card":"summary_large_image","twitter_creator":"@casalinfants","twitter_site":"@casalinfants","twitter_misc":{"Escrito por":"cdiAdmin","Tiempo de lectura":"3 minutos"},"schema":{"@context":"https:\/\/schema.org","@graph":[{"@type":"Article","@id":"https:\/\/www.casaldelsinfants.org\/es\/actualidad\/refuerzo-escolar-de-la-lengua-catalana-y-semanas-tematicas-en-catestiu\/#article","isPartOf":{"@id":"https:\/\/www.casaldelsinfants.org\/es\/actualidad\/refuerzo-escolar-de-la-lengua-catalana-y-semanas-tematicas-en-catestiu\/"},"author":{"name":"cdiAdmin","@id":"https:\/\/www.casaldelsinfants.org\/es\/#\/schema\/person\/97707fc8c64900cf36891127dbf9fba8"},"headline":"Refuerzo escolar, de la lengua catalana y semanas tem\u00e1ticas en CatEstiu","datePublished":"2022-07-26T07:17:28+00:00","dateModified":"2023-05-23T11:21:19+00:00","mainEntityOfPage":{"@id":"https:\/\/www.casaldelsinfants.org\/es\/actualidad\/refuerzo-escolar-de-la-lengua-catalana-y-semanas-tematicas-en-catestiu\/"},"wordCount":598,"commentCount":0,"publisher":{"@id":"https:\/\/www.casaldelsinfants.org\/es\/#organization"},"image":{"@id":"https:\/\/www.casaldelsinfants.org\/es\/actualidad\/refuerzo-escolar-de-la-lengua-catalana-y-semanas-tematicas-en-catestiu\/#primaryimage"},"thumbnailUrl":"https:\/\/www.casaldelsinfants.org\/wp-content\/uploads\/1658148797986_0-scaled-1.webp","articleSection":["Noticia"],"inLanguage":"es","potentialAction":[{"@type":"CommentAction","name":"Comment","target":["https:\/\/www.casaldelsinfants.org\/es\/actualidad\/refuerzo-escolar-de-la-lengua-catalana-y-semanas-tematicas-en-catestiu\/#respond"]}]},{"@type":"WebPage","@id":"https:\/\/www.casaldelsinfants.org\/es\/actualidad\/refuerzo-escolar-de-la-lengua-catalana-y-semanas-tematicas-en-catestiu\/","url":"https:\/\/www.casaldelsinfants.org\/es\/actualidad\/refuerzo-escolar-de-la-lengua-catalana-y-semanas-tematicas-en-catestiu\/","name":"Refuerzo escolar, de la lengua catalana y semanas tem\u00e1ticas en CatEstiu","isPartOf":{"@id":"https:\/\/www.casaldelsinfants.org\/es\/#website"},"primaryImageOfPage":{"@id":"https:\/\/www.casaldelsinfants.org\/es\/actualidad\/refuerzo-escolar-de-la-lengua-catalana-y-semanas-tematicas-en-catestiu\/#primaryimage"},"image":{"@id":"https:\/\/www.casaldelsinfants.org\/es\/actualidad\/refuerzo-escolar-de-la-lengua-catalana-y-semanas-tematicas-en-catestiu\/#primaryimage"},"thumbnailUrl":"https:\/\/www.casaldelsinfants.org\/wp-content\/uploads\/1658148797986_0-scaled-1.webp","datePublished":"2022-07-26T07:17:28+00:00","dateModified":"2023-05-23T11:21:19+00:00","description":"CatEstiu es un proyecto del Casal dels Infants, con el que durante el mes de julio unos 60 ni\u00f1os y ni\u00f1as del barrio del Raval entre 6 y 12 a\u00f1os disfrutan de ratos de refuerzo escolar, actividades de ocio educativo y talleres centrados en diferentes temas durante las vacaciones de verano, para garantizarles el derecho al ocio.","breadcrumb":{"@id":"https:\/\/www.casaldelsinfants.org\/es\/actualidad\/refuerzo-escolar-de-la-lengua-catalana-y-semanas-tematicas-en-catestiu\/#breadcrumb"},"inLanguage":"es","potentialAction":[{"@type":"ReadAction","target":["https:\/\/www.casaldelsinfants.org\/es\/actualidad\/refuerzo-escolar-de-la-lengua-catalana-y-semanas-tematicas-en-catestiu\/"]}]},{"@type":"ImageObject","inLanguage":"es","@id":"https:\/\/www.casaldelsinfants.org\/es\/actualidad\/refuerzo-escolar-de-la-lengua-catalana-y-semanas-tematicas-en-catestiu\/#primaryimage","url":"https:\/\/www.casaldelsinfants.org\/wp-content\/uploads\/1658148797986_0-scaled-1.webp","contentUrl":"https:\/\/www.casaldelsinfants.org\/wp-content\/uploads\/1658148797986_0-scaled-1.webp","width":2560,"height":1916,"caption":"Nens i nenes al Tibidabo durant les setmanes tem\u00e0ticas de CatEstiu"},{"@type":"BreadcrumbList","@id":"https:\/\/www.casaldelsinfants.org\/es\/actualidad\/refuerzo-escolar-de-la-lengua-catalana-y-semanas-tematicas-en-catestiu\/#breadcrumb","itemListElement":[{"@type":"ListItem","position":1,"name":"Inici","item":"https:\/\/www.casaldelsinfants.org\/es\/"},{"@type":"ListItem","position":2,"name":"Refuerzo escolar, de la lengua catalana y semanas tem\u00e1ticas en CatEstiu"}]},{"@type":"WebSite","@id":"https:\/\/www.casaldelsinfants.org\/es\/#website","url":"https:\/\/www.casaldelsinfants.org\/es\/","name":"Casal dels Infants","description":"","publisher":{"@id":"https:\/\/www.casaldelsinfants.org\/es\/#organization"},"potentialAction":[{"@type":"SearchAction","target":{"@type":"EntryPoint","urlTemplate":"https:\/\/www.casaldelsinfants.org\/es\/?s={search_term_string}"},"query-input":{"@type":"PropertyValueSpecification","valueRequired":true,"valueName":"search_term_string"}}],"inLanguage":"es"},{"@type":"Organization","@id":"https:\/\/www.casaldelsinfants.org\/es\/#organization","name":"Casal dels Infants","url":"https:\/\/www.casaldelsinfants.org\/es\/","logo":{"@type":"ImageObject","inLanguage":"es","@id":"https:\/\/www.casaldelsinfants.org\/es\/#\/schema\/logo\/image\/","url":"https:\/\/www.casaldelsinfants.org\/wp-content\/uploads\/logo-mail.png","contentUrl":"https:\/\/www.casaldelsinfants.org\/wp-content\/uploads\/logo-mail.png","width":380,"height":158,"caption":"Casal dels Infants"},"image":{"@id":"https:\/\/www.casaldelsinfants.org\/es\/#\/schema\/logo\/image\/"},"sameAs":["https:\/\/www.facebook.com\/casalinfants","https:\/\/x.com\/casalinfants","https:\/\/www.youtube.com\/user\/CasaldelsInfants1","https:\/\/www.instagram.com\/casalinfants\/","https:\/\/www.linkedin.com\/company\/casaldelsinfants?trk=organization-update_share-update_actor-text"]},{"@type":"Person","@id":"https:\/\/www.casaldelsinfants.org\/es\/#\/schema\/person\/97707fc8c64900cf36891127dbf9fba8","name":"cdiAdmin","sameAs":["https:\/\/casaldelsinfants.org"]}]}},"publishpress_future_action":{"enabled":false,"date":"2026-05-08 14:38:26","action":"change-status","newStatus":"draft","terms":[],"taxonomy":"category","extraData":[]},"publishpress_future_workflow_manual_trigger":{"enabledWorkflows":[]},"_links":{"self":[{"href":"https:\/\/www.casaldelsinfants.org\/es\/wp-json\/wp\/v2\/posts\/10488","targetHints":{"allow":["GET"]}}],"collection":[{"href":"https:\/\/www.casaldelsinfants.org\/es\/wp-json\/wp\/v2\/posts"}],"about":[{"href":"https:\/\/www.casaldelsinfants.org\/es\/wp-json\/wp\/v2\/types\/post"}],"author":[{"embeddable":true,"href":"https:\/\/www.casaldelsinfants.org\/es\/wp-json\/wp\/v2\/users\/1"}],"replies":[{"embeddable":true,"href":"https:\/\/www.casaldelsinfants.org\/es\/wp-json\/wp\/v2\/comments?post=10488"}],"version-history":[{"count":1,"href":"https:\/\/www.casaldelsinfants.org\/es\/wp-json\/wp\/v2\/posts\/10488\/revisions"}],"predecessor-version":[{"id":10489,"href":"https:\/\/www.casaldelsinfants.org\/es\/wp-json\/wp\/v2\/posts\/10488\/revisions\/10489"}],"wp:featuredmedia":[{"embeddable":true,"href":"https:\/\/www.casaldelsinfants.org\/es\/wp-json\/wp\/v2\/media\/10360"}],"wp:attachment":[{"href":"https:\/\/www.casaldelsinfants.org\/es\/wp-json\/wp\/v2\/media?parent=10488"}],"wp:term":[{"taxonomy":"category","embeddable":true,"href":"https:\/\/www.casaldelsinfants.org\/es\/wp-json\/wp\/v2\/categories?post=10488"},{"taxonomy":"post_tag","embeddable":true,"href":"https:\/\/www.casaldelsinfants.org\/es\/wp-json\/wp\/v2\/tags?post=10488"},{"taxonomy":"seus","embeddable":true,"href":"https:\/\/www.casaldelsinfants.org\/es\/wp-json\/wp\/v2\/seus?post=10488"},{"taxonomy":"eixos","embeddable":true,"href":"https:\/\/www.casaldelsinfants.org\/es\/wp-json\/wp\/v2\/eixos?post=10488"}],"curies":[{"name":"wp","href":"https:\/\/api.w.org\/{rel}","templated":true}]}}