{"id":10491,"date":"2022-07-18T14:35:33","date_gmt":"2022-07-18T12:35:33","guid":{"rendered":"https:\/\/casal.puntzero.cat\/experiencia-solidaria-wallapop-2\/"},"modified":"2023-07-05T12:07:25","modified_gmt":"2023-07-05T10:07:25","slug":"experiencia-solidaria-wallapop-2","status":"publish","type":"post","link":"https:\/\/www.casaldelsinfants.org\/es\/actualidad\/experiencia-solidaria-wallapop-2\/","title":{"rendered":"Experiencia solidaria Wallapop"},"content":{"rendered":"<p>&nbsp;<\/p>\n<p dir=\"ltr\"><b>El impacto que generan las alianzas con el mundo de la empresa es clave para expandir la lucha contra las desigualdades y tienen el potencial de crear grandes experiencias para todos los participantes. \u00a1La actividad de voluntariado corporativo que la empresa Wallapop realiz\u00f3 en el Casal es un gran ejemplo<\/b><\/p>\n<p>El pasado mes de mayo, una treintena de trabajadores de Wallapop particip\u00f3 en la experiencia piloto \u201cUna tarde en el Casal\u201d. El reto fue importante, pues 30 personas externas y no familiarizadas con el contexto de desigualdad que viven los ni\u00f1os y j\u00f3venes del Casal pasaron una tarde compartiendo actividad con ellos.<\/p>\n<p>Para hacerlo posible se trabaj\u00f3 con el equipo educativo y la empresa, todo el mundo implicado ten\u00eda que poder encontrar su sitio y vivirlo como una gran experiencia:<\/p>\n<ul>\n<li dir=\"ltr\" aria-level=\"1\">Antes de iniciar la tarde en el Casal, los voluntarios de la empresa fueron contextualizados sobre el trabajo que se realiza en el Casal, las situaciones de los ni\u00f1os y j\u00f3venes, que se espera de su tarde en el Casal y en qu\u00e9 consistir\u00eda la actividad.<\/li>\n<li dir=\"ltr\" aria-level=\"1\">Las 30 personas voluntarias fueron divididas en grupos de dos o tres personas para que se pudieran integrar de forma org\u00e1nica en los diferentes grupos de edad.<\/li>\n<li dir=\"ltr\" aria-level=\"1\">La tarde, empez\u00f3 con el aula de estudio y apoyo a los deberes y trabajos escolares, para despu\u00e9s pasar a la actividad de ocio, m\u00e1s l\u00fadica, aprovechando que se pod\u00eda contar con m\u00e1s personas para hacer desarrollar aquellas que requieren m\u00e1s manos: taller de cocina, gincana, partidos de baloncesto\u2026<\/li>\n<\/ul>\n<p>La tarde result\u00f3 ser una gran experiencia para todas y todos, el equipo de Wallapop nos hizo saber que hab\u00eda sido muy gratificante, tanto es as\u00ed que varias personas se interesaron en formar parte del equipo de voluntarios\/as del Casal.<\/p>\n<p>Para el Casal la labor sensibilizadora de la acci\u00f3n tiene mucho valor, permite explicar las dificultades del territorio a m\u00e1s personas y hacer que conozcan de primera mano realidades cercanas que les quedan demasiado lejos. La acci\u00f3n consigue hacer a todas y todos m\u00e1s conscientes de los retos sociales y seguramente cambiar actitudes y formas de hacer, al tiempo que el Casal recibe apoyo de la empresa para seguir sosteniendo las m\u00e1s de 6.000 situaciones de desigualdad que le afronta, cada a\u00f1o.<\/p>\n<p>\u00a1Para el siguiente curso ya estamos preparando nuevas \u201cTardes al Casal\u201d!<\/p>\n<p>Para m\u00e1s informaci\u00f3n contacta con <a href=\"mailto:csavin@casaldelsinfants.org\">csavin@casaldelsinfants.org<\/a><\/p>\n","protected":false},"excerpt":{"rendered":"<p>&nbsp; El impacto que generan las alianzas con el mundo de la empresa es clave para expandir la lucha contra las desigualdades y tienen el potencial de crear grandes experiencias para todos los participantes. \u00a1La actividad de voluntariado corporativo que la empresa Wallapop realiz\u00f3 en el Casal es un gran ejemplo El pasado mes de [&hellip;]<\/p>\n","protected":false},"author":1,"featured_media":2891,"comment_status":"open","ping_status":"open","sticky":false,"template":"","format":"standard","meta":{"_acf_changed":false,"_et_pb_use_builder":"","_et_pb_old_content":"","_et_gb_content_width":"","inline_featured_image":false,"footnotes":""},"categories":[125],"tags":[],"seus":[],"eixos":[150],"class_list":["post-10491","post","type-post","status-publish","format-standard","has-post-thumbnail","hentry","category-noticias","eixos-como-ayudar-a-una-ong"],"acf":[],"yoast_head":"<!-- This site is optimized with the Yoast SEO plugin v27.4 - https:\/\/yoast.com\/product\/yoast-seo-wordpress\/ -->\n<title>Experiencia solidaria Wallapop - Casal dels Infants<\/title>\n<meta name=\"robots\" content=\"index, follow, max-snippet:-1, max-image-preview:large, max-video-preview:-1\" \/>\n<link rel=\"canonical\" href=\"https:\/\/www.casaldelsinfants.org\/es\/actualidad\/experiencia-solidaria-wallapop-2\/\" \/>\n<meta property=\"og:locale\" content=\"es_ES\" \/>\n<meta property=\"og:type\" content=\"article\" \/>\n<meta property=\"og:title\" content=\"Experiencia solidaria Wallapop - Casal dels Infants\" \/>\n<meta property=\"og:description\" content=\"&nbsp; El impacto que generan las alianzas con el mundo de la empresa es clave para expandir la lucha contra las desigualdades y tienen el potencial de crear grandes experiencias para todos los participantes. \u00a1La actividad de voluntariado corporativo que la empresa Wallapop realiz\u00f3 en el Casal es un gran ejemplo El pasado mes de [&hellip;]\" \/>\n<meta property=\"og:url\" content=\"https:\/\/www.casaldelsinfants.org\/es\/actualidad\/experiencia-solidaria-wallapop-2\/\" \/>\n<meta property=\"og:site_name\" content=\"Casal dels Infants\" \/>\n<meta property=\"article:publisher\" content=\"https:\/\/www.facebook.com\/casalinfants\" \/>\n<meta property=\"article:published_time\" content=\"2022-07-18T12:35:33+00:00\" \/>\n<meta property=\"article:modified_time\" content=\"2023-07-05T10:07:25+00:00\" \/>\n<meta property=\"og:image\" content=\"https:\/\/www.casaldelsinfants.org\/wp-content\/uploads\/copia_de_img-0884-scaled.jpg\" \/>\n\t<meta property=\"og:image:width\" content=\"2560\" \/>\n\t<meta property=\"og:image:height\" content=\"1920\" \/>\n\t<meta property=\"og:image:type\" content=\"image\/jpeg\" \/>\n<meta name=\"author\" content=\"cdiAdmin\" \/>\n<meta name=\"twitter:card\" content=\"summary_large_image\" \/>\n<meta name=\"twitter:creator\" content=\"@casalinfants\" \/>\n<meta name=\"twitter:site\" content=\"@casalinfants\" \/>\n<meta name=\"twitter:label1\" content=\"Escrito por\" \/>\n\t<meta name=\"twitter:data1\" content=\"cdiAdmin\" \/>\n\t<meta name=\"twitter:label2\" content=\"Tiempo de lectura\" \/>\n\t<meta name=\"twitter:data2\" content=\"3 minutos\" \/>\n<script type=\"application\/ld+json\" class=\"yoast-schema-graph\">{\"@context\":\"https:\\\/\\\/schema.org\",\"@graph\":[{\"@type\":\"Article\",\"@id\":\"https:\\\/\\\/www.casaldelsinfants.org\\\/es\\\/actualidad\\\/experiencia-solidaria-wallapop-2\\\/#article\",\"isPartOf\":{\"@id\":\"https:\\\/\\\/www.casaldelsinfants.org\\\/es\\\/actualidad\\\/experiencia-solidaria-wallapop-2\\\/\"},\"author\":{\"name\":\"cdiAdmin\",\"@id\":\"https:\\\/\\\/www.casaldelsinfants.org\\\/es\\\/#\\\/schema\\\/person\\\/97707fc8c64900cf36891127dbf9fba8\"},\"headline\":\"Experiencia solidaria Wallapop\",\"datePublished\":\"2022-07-18T12:35:33+00:00\",\"dateModified\":\"2023-07-05T10:07:25+00:00\",\"mainEntityOfPage\":{\"@id\":\"https:\\\/\\\/www.casaldelsinfants.org\\\/es\\\/actualidad\\\/experiencia-solidaria-wallapop-2\\\/\"},\"wordCount\":417,\"commentCount\":0,\"publisher\":{\"@id\":\"https:\\\/\\\/www.casaldelsinfants.org\\\/es\\\/#organization\"},\"image\":{\"@id\":\"https:\\\/\\\/www.casaldelsinfants.org\\\/es\\\/actualidad\\\/experiencia-solidaria-wallapop-2\\\/#primaryimage\"},\"thumbnailUrl\":\"https:\\\/\\\/www.casaldelsinfants.org\\\/wp-content\\\/uploads\\\/copia_de_img-0884-scaled.jpg\",\"articleSection\":[\"Noticia\"],\"inLanguage\":\"es\",\"potentialAction\":[{\"@type\":\"CommentAction\",\"name\":\"Comment\",\"target\":[\"https:\\\/\\\/www.casaldelsinfants.org\\\/es\\\/actualidad\\\/experiencia-solidaria-wallapop-2\\\/#respond\"]}]},{\"@type\":\"WebPage\",\"@id\":\"https:\\\/\\\/www.casaldelsinfants.org\\\/es\\\/actualidad\\\/experiencia-solidaria-wallapop-2\\\/\",\"url\":\"https:\\\/\\\/www.casaldelsinfants.org\\\/es\\\/actualidad\\\/experiencia-solidaria-wallapop-2\\\/\",\"name\":\"Experiencia solidaria Wallapop - Casal dels Infants\",\"isPartOf\":{\"@id\":\"https:\\\/\\\/www.casaldelsinfants.org\\\/es\\\/#website\"},\"primaryImageOfPage\":{\"@id\":\"https:\\\/\\\/www.casaldelsinfants.org\\\/es\\\/actualidad\\\/experiencia-solidaria-wallapop-2\\\/#primaryimage\"},\"image\":{\"@id\":\"https:\\\/\\\/www.casaldelsinfants.org\\\/es\\\/actualidad\\\/experiencia-solidaria-wallapop-2\\\/#primaryimage\"},\"thumbnailUrl\":\"https:\\\/\\\/www.casaldelsinfants.org\\\/wp-content\\\/uploads\\\/copia_de_img-0884-scaled.jpg\",\"datePublished\":\"2022-07-18T12:35:33+00:00\",\"dateModified\":\"2023-07-05T10:07:25+00:00\",\"breadcrumb\":{\"@id\":\"https:\\\/\\\/www.casaldelsinfants.org\\\/es\\\/actualidad\\\/experiencia-solidaria-wallapop-2\\\/#breadcrumb\"},\"inLanguage\":\"es\",\"potentialAction\":[{\"@type\":\"ReadAction\",\"target\":[\"https:\\\/\\\/www.casaldelsinfants.org\\\/es\\\/actualidad\\\/experiencia-solidaria-wallapop-2\\\/\"]}]},{\"@type\":\"ImageObject\",\"inLanguage\":\"es\",\"@id\":\"https:\\\/\\\/www.casaldelsinfants.org\\\/es\\\/actualidad\\\/experiencia-solidaria-wallapop-2\\\/#primaryimage\",\"url\":\"https:\\\/\\\/www.casaldelsinfants.org\\\/wp-content\\\/uploads\\\/copia_de_img-0884-scaled.jpg\",\"contentUrl\":\"https:\\\/\\\/www.casaldelsinfants.org\\\/wp-content\\\/uploads\\\/copia_de_img-0884-scaled.jpg\",\"width\":2560,\"height\":1920,\"caption\":\"Nens i nenes parlant\"},{\"@type\":\"BreadcrumbList\",\"@id\":\"https:\\\/\\\/www.casaldelsinfants.org\\\/es\\\/actualidad\\\/experiencia-solidaria-wallapop-2\\\/#breadcrumb\",\"itemListElement\":[{\"@type\":\"ListItem\",\"position\":1,\"name\":\"Inici\",\"item\":\"https:\\\/\\\/www.casaldelsinfants.org\\\/es\\\/\"},{\"@type\":\"ListItem\",\"position\":2,\"name\":\"Experiencia solidaria Wallapop\"}]},{\"@type\":\"WebSite\",\"@id\":\"https:\\\/\\\/www.casaldelsinfants.org\\\/es\\\/#website\",\"url\":\"https:\\\/\\\/www.casaldelsinfants.org\\\/es\\\/\",\"name\":\"Casal dels Infants\",\"description\":\"\",\"publisher\":{\"@id\":\"https:\\\/\\\/www.casaldelsinfants.org\\\/es\\\/#organization\"},\"potentialAction\":[{\"@type\":\"SearchAction\",\"target\":{\"@type\":\"EntryPoint\",\"urlTemplate\":\"https:\\\/\\\/www.casaldelsinfants.org\\\/es\\\/?s={search_term_string}\"},\"query-input\":{\"@type\":\"PropertyValueSpecification\",\"valueRequired\":true,\"valueName\":\"search_term_string\"}}],\"inLanguage\":\"es\"},{\"@type\":\"Organization\",\"@id\":\"https:\\\/\\\/www.casaldelsinfants.org\\\/es\\\/#organization\",\"name\":\"Casal dels Infants\",\"url\":\"https:\\\/\\\/www.casaldelsinfants.org\\\/es\\\/\",\"logo\":{\"@type\":\"ImageObject\",\"inLanguage\":\"es\",\"@id\":\"https:\\\/\\\/www.casaldelsinfants.org\\\/es\\\/#\\\/schema\\\/logo\\\/image\\\/\",\"url\":\"https:\\\/\\\/www.casaldelsinfants.org\\\/wp-content\\\/uploads\\\/logo-mail.png\",\"contentUrl\":\"https:\\\/\\\/www.casaldelsinfants.org\\\/wp-content\\\/uploads\\\/logo-mail.png\",\"width\":380,\"height\":158,\"caption\":\"Casal dels Infants\"},\"image\":{\"@id\":\"https:\\\/\\\/www.casaldelsinfants.org\\\/es\\\/#\\\/schema\\\/logo\\\/image\\\/\"},\"sameAs\":[\"https:\\\/\\\/www.facebook.com\\\/casalinfants\",\"https:\\\/\\\/x.com\\\/casalinfants\",\"https:\\\/\\\/www.youtube.com\\\/user\\\/CasaldelsInfants1\",\"https:\\\/\\\/www.instagram.com\\\/casalinfants\\\/\",\"https:\\\/\\\/www.linkedin.com\\\/company\\\/casaldelsinfants?trk=organization-update_share-update_actor-text\"]},{\"@type\":\"Person\",\"@id\":\"https:\\\/\\\/www.casaldelsinfants.org\\\/es\\\/#\\\/schema\\\/person\\\/97707fc8c64900cf36891127dbf9fba8\",\"name\":\"cdiAdmin\",\"sameAs\":[\"https:\\\/\\\/casaldelsinfants.org\"]}]}<\/script>\n<!-- \/ Yoast SEO plugin. -->","yoast_head_json":{"title":"Experiencia solidaria Wallapop - Casal dels Infants","robots":{"index":"index","follow":"follow","max-snippet":"max-snippet:-1","max-image-preview":"max-image-preview:large","max-video-preview":"max-video-preview:-1"},"canonical":"https:\/\/www.casaldelsinfants.org\/es\/actualidad\/experiencia-solidaria-wallapop-2\/","og_locale":"es_ES","og_type":"article","og_title":"Experiencia solidaria Wallapop - Casal dels Infants","og_description":"&nbsp; El impacto que generan las alianzas con el mundo de la empresa es clave para expandir la lucha contra las desigualdades y tienen el potencial de crear grandes experiencias para todos los participantes. \u00a1La actividad de voluntariado corporativo que la empresa Wallapop realiz\u00f3 en el Casal es un gran ejemplo El pasado mes de [&hellip;]","og_url":"https:\/\/www.casaldelsinfants.org\/es\/actualidad\/experiencia-solidaria-wallapop-2\/","og_site_name":"Casal dels Infants","article_publisher":"https:\/\/www.facebook.com\/casalinfants","article_published_time":"2022-07-18T12:35:33+00:00","article_modified_time":"2023-07-05T10:07:25+00:00","og_image":[{"width":2560,"height":1920,"url":"https:\/\/www.casaldelsinfants.org\/wp-content\/uploads\/copia_de_img-0884-scaled.jpg","type":"image\/jpeg"}],"author":"cdiAdmin","twitter_card":"summary_large_image","twitter_creator":"@casalinfants","twitter_site":"@casalinfants","twitter_misc":{"Escrito por":"cdiAdmin","Tiempo de lectura":"3 minutos"},"schema":{"@context":"https:\/\/schema.org","@graph":[{"@type":"Article","@id":"https:\/\/www.casaldelsinfants.org\/es\/actualidad\/experiencia-solidaria-wallapop-2\/#article","isPartOf":{"@id":"https:\/\/www.casaldelsinfants.org\/es\/actualidad\/experiencia-solidaria-wallapop-2\/"},"author":{"name":"cdiAdmin","@id":"https:\/\/www.casaldelsinfants.org\/es\/#\/schema\/person\/97707fc8c64900cf36891127dbf9fba8"},"headline":"Experiencia solidaria Wallapop","datePublished":"2022-07-18T12:35:33+00:00","dateModified":"2023-07-05T10:07:25+00:00","mainEntityOfPage":{"@id":"https:\/\/www.casaldelsinfants.org\/es\/actualidad\/experiencia-solidaria-wallapop-2\/"},"wordCount":417,"commentCount":0,"publisher":{"@id":"https:\/\/www.casaldelsinfants.org\/es\/#organization"},"image":{"@id":"https:\/\/www.casaldelsinfants.org\/es\/actualidad\/experiencia-solidaria-wallapop-2\/#primaryimage"},"thumbnailUrl":"https:\/\/www.casaldelsinfants.org\/wp-content\/uploads\/copia_de_img-0884-scaled.jpg","articleSection":["Noticia"],"inLanguage":"es","potentialAction":[{"@type":"CommentAction","name":"Comment","target":["https:\/\/www.casaldelsinfants.org\/es\/actualidad\/experiencia-solidaria-wallapop-2\/#respond"]}]},{"@type":"WebPage","@id":"https:\/\/www.casaldelsinfants.org\/es\/actualidad\/experiencia-solidaria-wallapop-2\/","url":"https:\/\/www.casaldelsinfants.org\/es\/actualidad\/experiencia-solidaria-wallapop-2\/","name":"Experiencia solidaria Wallapop - Casal dels Infants","isPartOf":{"@id":"https:\/\/www.casaldelsinfants.org\/es\/#website"},"primaryImageOfPage":{"@id":"https:\/\/www.casaldelsinfants.org\/es\/actualidad\/experiencia-solidaria-wallapop-2\/#primaryimage"},"image":{"@id":"https:\/\/www.casaldelsinfants.org\/es\/actualidad\/experiencia-solidaria-wallapop-2\/#primaryimage"},"thumbnailUrl":"https:\/\/www.casaldelsinfants.org\/wp-content\/uploads\/copia_de_img-0884-scaled.jpg","datePublished":"2022-07-18T12:35:33+00:00","dateModified":"2023-07-05T10:07:25+00:00","breadcrumb":{"@id":"https:\/\/www.casaldelsinfants.org\/es\/actualidad\/experiencia-solidaria-wallapop-2\/#breadcrumb"},"inLanguage":"es","potentialAction":[{"@type":"ReadAction","target":["https:\/\/www.casaldelsinfants.org\/es\/actualidad\/experiencia-solidaria-wallapop-2\/"]}]},{"@type":"ImageObject","inLanguage":"es","@id":"https:\/\/www.casaldelsinfants.org\/es\/actualidad\/experiencia-solidaria-wallapop-2\/#primaryimage","url":"https:\/\/www.casaldelsinfants.org\/wp-content\/uploads\/copia_de_img-0884-scaled.jpg","contentUrl":"https:\/\/www.casaldelsinfants.org\/wp-content\/uploads\/copia_de_img-0884-scaled.jpg","width":2560,"height":1920,"caption":"Nens i nenes parlant"},{"@type":"BreadcrumbList","@id":"https:\/\/www.casaldelsinfants.org\/es\/actualidad\/experiencia-solidaria-wallapop-2\/#breadcrumb","itemListElement":[{"@type":"ListItem","position":1,"name":"Inici","item":"https:\/\/www.casaldelsinfants.org\/es\/"},{"@type":"ListItem","position":2,"name":"Experiencia solidaria Wallapop"}]},{"@type":"WebSite","@id":"https:\/\/www.casaldelsinfants.org\/es\/#website","url":"https:\/\/www.casaldelsinfants.org\/es\/","name":"Casal dels Infants","description":"","publisher":{"@id":"https:\/\/www.casaldelsinfants.org\/es\/#organization"},"potentialAction":[{"@type":"SearchAction","target":{"@type":"EntryPoint","urlTemplate":"https:\/\/www.casaldelsinfants.org\/es\/?s={search_term_string}"},"query-input":{"@type":"PropertyValueSpecification","valueRequired":true,"valueName":"search_term_string"}}],"inLanguage":"es"},{"@type":"Organization","@id":"https:\/\/www.casaldelsinfants.org\/es\/#organization","name":"Casal dels Infants","url":"https:\/\/www.casaldelsinfants.org\/es\/","logo":{"@type":"ImageObject","inLanguage":"es","@id":"https:\/\/www.casaldelsinfants.org\/es\/#\/schema\/logo\/image\/","url":"https:\/\/www.casaldelsinfants.org\/wp-content\/uploads\/logo-mail.png","contentUrl":"https:\/\/www.casaldelsinfants.org\/wp-content\/uploads\/logo-mail.png","width":380,"height":158,"caption":"Casal dels Infants"},"image":{"@id":"https:\/\/www.casaldelsinfants.org\/es\/#\/schema\/logo\/image\/"},"sameAs":["https:\/\/www.facebook.com\/casalinfants","https:\/\/x.com\/casalinfants","https:\/\/www.youtube.com\/user\/CasaldelsInfants1","https:\/\/www.instagram.com\/casalinfants\/","https:\/\/www.linkedin.com\/company\/casaldelsinfants?trk=organization-update_share-update_actor-text"]},{"@type":"Person","@id":"https:\/\/www.casaldelsinfants.org\/es\/#\/schema\/person\/97707fc8c64900cf36891127dbf9fba8","name":"cdiAdmin","sameAs":["https:\/\/casaldelsinfants.org"]}]}},"publishpress_future_action":{"enabled":false,"date":"2026-05-09 04:54:32","action":"change-status","newStatus":"draft","terms":[],"taxonomy":"category","extraData":[]},"publishpress_future_workflow_manual_trigger":{"enabledWorkflows":[]},"_links":{"self":[{"href":"https:\/\/www.casaldelsinfants.org\/es\/wp-json\/wp\/v2\/posts\/10491","targetHints":{"allow":["GET"]}}],"collection":[{"href":"https:\/\/www.casaldelsinfants.org\/es\/wp-json\/wp\/v2\/posts"}],"about":[{"href":"https:\/\/www.casaldelsinfants.org\/es\/wp-json\/wp\/v2\/types\/post"}],"author":[{"embeddable":true,"href":"https:\/\/www.casaldelsinfants.org\/es\/wp-json\/wp\/v2\/users\/1"}],"replies":[{"embeddable":true,"href":"https:\/\/www.casaldelsinfants.org\/es\/wp-json\/wp\/v2\/comments?post=10491"}],"version-history":[{"count":2,"href":"https:\/\/www.casaldelsinfants.org\/es\/wp-json\/wp\/v2\/posts\/10491\/revisions"}],"predecessor-version":[{"id":12793,"href":"https:\/\/www.casaldelsinfants.org\/es\/wp-json\/wp\/v2\/posts\/10491\/revisions\/12793"}],"wp:featuredmedia":[{"embeddable":true,"href":"https:\/\/www.casaldelsinfants.org\/es\/wp-json\/wp\/v2\/media\/2891"}],"wp:attachment":[{"href":"https:\/\/www.casaldelsinfants.org\/es\/wp-json\/wp\/v2\/media?parent=10491"}],"wp:term":[{"taxonomy":"category","embeddable":true,"href":"https:\/\/www.casaldelsinfants.org\/es\/wp-json\/wp\/v2\/categories?post=10491"},{"taxonomy":"post_tag","embeddable":true,"href":"https:\/\/www.casaldelsinfants.org\/es\/wp-json\/wp\/v2\/tags?post=10491"},{"taxonomy":"seus","embeddable":true,"href":"https:\/\/www.casaldelsinfants.org\/es\/wp-json\/wp\/v2\/seus?post=10491"},{"taxonomy":"eixos","embeddable":true,"href":"https:\/\/www.casaldelsinfants.org\/es\/wp-json\/wp\/v2\/eixos?post=10491"}],"curies":[{"name":"wp","href":"https:\/\/api.w.org\/{rel}","templated":true}]}}