{"id":10650,"date":"2023-05-23T13:39:54","date_gmt":"2023-05-23T11:39:54","guid":{"rendered":"https:\/\/casal.puntzero.cat\/?p=10650"},"modified":"2023-05-23T13:41:07","modified_gmt":"2023-05-23T11:41:07","slug":"festival-bcnzoom-jovenes-y-adolescentes-con-talento-y-mirada-propia-de-la-realidad-traves-2","status":"publish","type":"post","link":"https:\/\/www.casaldelsinfants.org\/es\/actualidad\/festival-bcnzoom-realidad-jovenes\/","title":{"rendered":"Festival BCNZoom: j\u00f3venes y adolescentes con talento y mirada propia de la realidad a trav\u00e9s de cortometrajes"},"content":{"rendered":"<p><span style=\"color:#000000;\">La tercera edici\u00f3n del Festival BCNZoom, el festival de cortometraje social para j\u00f3venes organizado por el Consell de la Joventut de Barcelona (CJB) y el Casal dels Infants, se celebr\u00f3 el pasado s\u00e1bado 27 de mayo en el Espai Jove la Fontana de Barcelona.<\/span><\/p>\n<p><span style=\"color:#000000;\">Con el objetivo de promover la creaci\u00f3n audiovisual entre adolescentes y j\u00f3venes como herramienta para analizar, entender y transformar su entorno, el festival consigui\u00f3 reunir propuestas llenas de talento y motivaci\u00f3n, con una mirada de la realidad desde los ojos los j\u00f3venes autores. Las historias de los cortos se contagiaron entre el p\u00fablico, unas 200 persones entre la ma\u00f1ana y la tarde.<\/span><\/p>\n<p><span style=\"color:#000000;\">En la categor\u00eda de adolescentes, se presentaron los siguientes cortometrajes: <\/span><a href=\"https:\/\/www.youtube.com\/watch?v=GYU_dKsuLhI\" target=\"_blank\" rel=\"noopener\"><span style=\"color:#000000;\">S\u00e9 tu<\/span><\/a><span style=\"color:#000000;\"> (Casal Obert d\u2019Adolescents de Santa Coloma del Casal dels Infants); <\/span><a href=\"https:\/\/www.youtube.com\/watch?v=JieggmeAS_c\" target=\"_blank\" rel=\"noopener\"><span style=\"color:#000000;\">No soy una ni\u00f1a refugiada<\/span><\/a><span style=\"color:#000000;\"> (Casal Obert d\u2019Adolescents del Raval del Casal dels Infants); <\/span><a href=\"https:\/\/www.youtube.com\/watch?v=C1dyb9SpXhU\" target=\"_blank\" rel=\"noopener\"><span style=\"color:#000000;\">La revoluci\u00f3 <\/span><\/a><span style=\"color:#000000;\">(Espai Tecnol\u00f2gic de Badalona del Casal dels Infants)<\/span><a href=\"https:\/\/www.youtube.com\/watch?v=C1dyb9SpXhU\" target=\"_blank\" rel=\"noopener\"><span style=\"color:#000000;\">;<\/span><\/a><span style=\"color:#000000;\"> <\/span><a href=\"https:\/\/www.youtube.com\/watch?v=obQ0DNEXaLU\" target=\"_blank\" rel=\"noopener\"><span style=\"color:#000000;\">Comida al suelo<\/span><\/a><span style=\"color:#000000;\">(Fundaci\u00f3 Ateneu Sant Roc-Joves); <\/span><a href=\"https:\/\/www.youtube.com\/watch?v=-a1xlZOYIvg\" target=\"_blank\" rel=\"noopener\"><span style=\"color:#000000;\">Congelemos la agresi\u00f3n<\/span><\/a><span style=\"color:#000000;\"> (Fundaci\u00f3 Ateneu Sant Roc-Joves) y <\/span><a href=\"https:\/\/www.youtube.com\/watch?v=buWRwZUWjTs\" target=\"_blank\" rel=\"noopener\"><span style=\"color:#000000;\">Geoviv\u00e8ncia 2: 1717<\/span><\/a><span style=\"color:#000000;\"> (IES Barri Bes\u00f2s-4o ESO).<\/span><\/p>\n<p><span style=\"color:#000000;\">En la categor\u00eda de j\u00f3venes, los candidatos fueron: <\/span><a href=\"https:\/\/www.youtube.com\/watch?v=lOZ7zXirzr4\" target=\"_blank\" rel=\"noopener\"><span style=\"color:#000000;\">Home sweet home<\/span><\/a><span style=\"color:#000000;\"> (Ull Cr\u00edtic-Espai Tecnol\u00f2gic de Badalona); <\/span><a href=\"https:\/\/www.youtube.com\/watch?v=8ddZulQ5V-Q\" target=\"_blank\" rel=\"noopener\"><span style=\"color:#000000;\">Historia de much@s<\/span><\/a><span style=\"color:#000000;\"> (El Parlante: Projecte Ciutat Esperan\u00e7a-Joves); <\/span><a href=\"https:\/\/www.youtube.com\/watch?v=_9IoenNUWQw\" target=\"_blank\" rel=\"noopener\"><span style=\"color:#000000;\">In-visibles<\/span><\/a><span style=\"color:#000000;\"> (AEI Raval); <\/span><a href=\"https:\/\/www.youtube.com\/watch?v=xfySQGehQLA\" target=\"_blank\" rel=\"noopener\"><span style=\"color:#000000;\">1NT3GRA2<\/span><\/a><span style=\"color:#000000;\"> (Casal Jove Atles-Raval) i <\/span><a href=\"https:\/\/www.youtube.com\/watch?v=rDAqI2OJ6IM\" target=\"_blank\" rel=\"noopener\"><span style=\"color:#000000;\">En tu piel<\/span><\/a><span style=\"color:#000000;\"> (TEB-Joves).<\/span><\/p>\n<p><span style=\"color:#000000;\">El jurado del festival, integrado por Celia Nissarre (que ha participado en el Festival Tanja Zoom), \u00c0lex \u201cGela\u201d Aguado (especialista en montaje), Amina Gaddour (educadora e integradora social), Itziar Castro (actriz) y J\u00falia V\u00e1zquez (codirectora del documental \u201cA trav\u00e9s del chat\u201d), vivi\u00f3 una deliberaci\u00f3n complicada para elegir a los premiados, dada la calidad de las propuestas.<\/span><\/p>\n<p class=\"bold\">\u00a0<\/p>\n<p class=\"bold\"><span style=\"color:#000000;\">El dolor de una siria en un poema y la revuelta por tener menos deberes<\/span><\/p>\n<p><span style=\"color:#000000;\">En la categor\u00eda de adolescentes, el gran triunfador fue \u201cNo soy una ni\u00f1a refugiada\u201d, la historia real de una adolescente que ha llegado a Barcelona huyendo de la guerra que vive su pa\u00eds, Siria. La protagonista, Amina, escribi\u00f3 un poema expresando sus sentimientos, y cuando lo comparti\u00f3 con sus compa\u00f1eras y compa\u00f1eros del Casal Obert d\u2019Adolescents del Raval del Casal dels Infants., juntos decidieron que los versos ser\u00edan el hilo argumental de su cortometraje. El resultado es impresionante, y nos recuerda que tras las personas refugiadas hay seres humanos con sentimientos, entre los cuales ni\u00f1os y j\u00f3venes.<\/span><\/p>\n<p><span style=\"color:#000000;\">Siguiendo en la categor\u00eda de adolescentes, \u201cLa Revoluci\u00f3\u201d fue galardonado con el premio del p\u00fablico. La propuesta del Espai Tecnol\u00f2gic de Badalona del Casal dels Infants recibi\u00f3 la complicidad de los asistentes gracias a un mensaje claro y divertido: los ni\u00f1os y ni\u00f1as tienen derecho al descanso y al ocio, a entregarse al juego y a las actividades de recreo adecuadas a su edad.<\/span><\/p>\n<p class=\"bold\">\u00a0<\/p>\n<p class=\"bold\"><span style=\"color:#000000;\">El deporte para ganarse el futuro y la mirada a quienes se lo juegan todo en un viaje<\/span><\/p>\n<p><span style=\"color:#000000;\">Llegado el turno de los j\u00f3venes, el premio conjunto del jurado y del Consell de la Joventut de Barcelona (CJB) fue para 1NT3GRA2, un relato potende de superaci\u00f3n personal y colectiva a trav\u00e9s del deporte que han tra\u00eddo a las pantallas un grupo de integrantes del Casal Jove Atles del Raval del Casal dels Infants.<\/span><\/p>\n<p><span style=\"color:#000000;\">El segundo galard\u00f3n del jurado en esta categor\u00eda fue a parar a manos de j\u00f3venes de la entidad AEI Raval autores y autoras de \u201cIn-visibles\u201d. Su cortometraje ha sido posible gracias a una tarea inmensa de producci\u00f3n. Durante dos meses, siguieron los pasos de j\u00f3venes acabados de llegar a Barcelona procedentes de Marruecos con la esperanza de encontrar un futuro mejor.<\/span><\/p>\n<p><span style=\"color:#000000;\">M\u00e1s all\u00e1 del reconocimiento, los premiados recibir\u00e1n una recompensa a su esfuerzo y a su talento. Los realizadores y realizadoras de \u201cNo soy una ni\u00f1a refugiada\u201d pasar\u00e1n un fin de semana en una casa de colonias, mientras que los autores y autoras de \u201cLa revoluci\u00f3n\u201d disfrutar\u00e1n de una actividad l\u00fadica.<\/span><\/p>\n<p><span style=\"color:#000000;\">En cuanto a los j\u00f3venes, ambos ganadores vivir\u00e1n la experiencia \u00fanica de viajar a T\u00e1nger para participar en el festival de cortometrajes TanjaZoom, un certamen de cine social de referencia en Marruecos y que es el origen del surgimiento del festival BCNZoom.<\/span><\/p>\n","protected":false},"excerpt":{"rendered":"<p>La tercera edici\u00f3n del Festival BCNZoom, el festival de cortometraje social para j\u00f3venes organizado por el Consell de la Joventut de Barcelona (CJB) y el Casal dels Infants, se celebr\u00f3 el pasado s\u00e1bado 27 de mayo en el Espai Jove la Fontana de Barcelona. Con el objetivo de promover la creaci\u00f3n audiovisual entre adolescentes y [&hellip;]<\/p>\n","protected":false},"author":1,"featured_media":3704,"comment_status":"open","ping_status":"open","sticky":false,"template":"","format":"standard","meta":{"_acf_changed":false,"_et_pb_use_builder":"","_et_pb_old_content":"","_et_gb_content_width":"","inline_featured_image":false,"footnotes":""},"categories":[125],"tags":[],"seus":[],"eixos":[],"class_list":["post-10650","post","type-post","status-publish","format-standard","has-post-thumbnail","hentry","category-noticias"],"acf":[],"yoast_head":"<!-- This site is optimized with the Yoast SEO plugin v27.4 - https:\/\/yoast.com\/product\/yoast-seo-wordpress\/ -->\n<title>Festival BCNZoom: j\u00f3venes y adolescentes con talento y mirada propia de la realidad a trav\u00e9s de cortometrajes - Casal dels Infants<\/title>\n<meta name=\"robots\" content=\"index, follow, max-snippet:-1, max-image-preview:large, max-video-preview:-1\" \/>\n<link rel=\"canonical\" href=\"https:\/\/www.casaldelsinfants.org\/es\/actualidad\/festival-bcnzoom-realidad-jovenes\/\" \/>\n<meta property=\"og:locale\" content=\"es_ES\" \/>\n<meta property=\"og:type\" content=\"article\" \/>\n<meta property=\"og:title\" content=\"Festival BCNZoom: j\u00f3venes y adolescentes con talento y mirada propia de la realidad a trav\u00e9s de cortometrajes - Casal dels Infants\" \/>\n<meta property=\"og:description\" content=\"La tercera edici\u00f3n del Festival BCNZoom, el festival de cortometraje social para j\u00f3venes organizado por el Consell de la Joventut de Barcelona (CJB) y el Casal dels Infants, se celebr\u00f3 el pasado s\u00e1bado 27 de mayo en el Espai Jove la Fontana de Barcelona. Con el objetivo de promover la creaci\u00f3n audiovisual entre adolescentes y [&hellip;]\" \/>\n<meta property=\"og:url\" content=\"https:\/\/www.casaldelsinfants.org\/es\/actualidad\/festival-bcnzoom-realidad-jovenes\/\" \/>\n<meta property=\"og:site_name\" content=\"Casal dels Infants\" \/>\n<meta property=\"article:publisher\" content=\"https:\/\/www.facebook.com\/casalinfants\" \/>\n<meta property=\"article:published_time\" content=\"2023-05-23T11:39:54+00:00\" \/>\n<meta property=\"article:modified_time\" content=\"2023-05-23T11:41:07+00:00\" \/>\n<meta property=\"og:image\" content=\"https:\/\/www.casaldelsinfants.org\/wp-content\/uploads\/bcn-zoom-2017_0_0-scaled.jpg\" \/>\n\t<meta property=\"og:image:width\" content=\"2560\" \/>\n\t<meta property=\"og:image:height\" content=\"1438\" \/>\n\t<meta property=\"og:image:type\" content=\"image\/jpeg\" \/>\n<meta name=\"author\" content=\"cdiAdmin\" \/>\n<meta name=\"twitter:card\" content=\"summary_large_image\" \/>\n<meta name=\"twitter:creator\" content=\"@casalinfants\" \/>\n<meta name=\"twitter:site\" content=\"@casalinfants\" \/>\n<meta name=\"twitter:label1\" content=\"Escrito por\" \/>\n\t<meta name=\"twitter:data1\" content=\"cdiAdmin\" \/>\n\t<meta name=\"twitter:label2\" content=\"Tiempo de lectura\" \/>\n\t<meta name=\"twitter:data2\" content=\"4 minutos\" \/>\n<script type=\"application\/ld+json\" class=\"yoast-schema-graph\">{\"@context\":\"https:\\\/\\\/schema.org\",\"@graph\":[{\"@type\":\"Article\",\"@id\":\"https:\\\/\\\/www.casaldelsinfants.org\\\/es\\\/actualidad\\\/festival-bcnzoom-realidad-jovenes\\\/#article\",\"isPartOf\":{\"@id\":\"https:\\\/\\\/www.casaldelsinfants.org\\\/es\\\/actualidad\\\/festival-bcnzoom-realidad-jovenes\\\/\"},\"author\":{\"name\":\"cdiAdmin\",\"@id\":\"https:\\\/\\\/www.casaldelsinfants.org\\\/es\\\/#\\\/schema\\\/person\\\/97707fc8c64900cf36891127dbf9fba8\"},\"headline\":\"Festival BCNZoom: j\u00f3venes y adolescentes con talento y mirada propia de la realidad a trav\u00e9s de cortometrajes\",\"datePublished\":\"2023-05-23T11:39:54+00:00\",\"dateModified\":\"2023-05-23T11:41:07+00:00\",\"mainEntityOfPage\":{\"@id\":\"https:\\\/\\\/www.casaldelsinfants.org\\\/es\\\/actualidad\\\/festival-bcnzoom-realidad-jovenes\\\/\"},\"wordCount\":746,\"commentCount\":0,\"publisher\":{\"@id\":\"https:\\\/\\\/www.casaldelsinfants.org\\\/es\\\/#organization\"},\"image\":{\"@id\":\"https:\\\/\\\/www.casaldelsinfants.org\\\/es\\\/actualidad\\\/festival-bcnzoom-realidad-jovenes\\\/#primaryimage\"},\"thumbnailUrl\":\"https:\\\/\\\/www.casaldelsinfants.org\\\/wp-content\\\/uploads\\\/bcn-zoom-2017_0_0-scaled.jpg\",\"articleSection\":[\"Noticia\"],\"inLanguage\":\"es\",\"potentialAction\":[{\"@type\":\"CommentAction\",\"name\":\"Comment\",\"target\":[\"https:\\\/\\\/www.casaldelsinfants.org\\\/es\\\/actualidad\\\/festival-bcnzoom-realidad-jovenes\\\/#respond\"]}]},{\"@type\":\"WebPage\",\"@id\":\"https:\\\/\\\/www.casaldelsinfants.org\\\/es\\\/actualidad\\\/festival-bcnzoom-realidad-jovenes\\\/\",\"url\":\"https:\\\/\\\/www.casaldelsinfants.org\\\/es\\\/actualidad\\\/festival-bcnzoom-realidad-jovenes\\\/\",\"name\":\"Festival BCNZoom: j\u00f3venes y adolescentes con talento y mirada propia de la realidad a trav\u00e9s de cortometrajes - Casal dels Infants\",\"isPartOf\":{\"@id\":\"https:\\\/\\\/www.casaldelsinfants.org\\\/es\\\/#website\"},\"primaryImageOfPage\":{\"@id\":\"https:\\\/\\\/www.casaldelsinfants.org\\\/es\\\/actualidad\\\/festival-bcnzoom-realidad-jovenes\\\/#primaryimage\"},\"image\":{\"@id\":\"https:\\\/\\\/www.casaldelsinfants.org\\\/es\\\/actualidad\\\/festival-bcnzoom-realidad-jovenes\\\/#primaryimage\"},\"thumbnailUrl\":\"https:\\\/\\\/www.casaldelsinfants.org\\\/wp-content\\\/uploads\\\/bcn-zoom-2017_0_0-scaled.jpg\",\"datePublished\":\"2023-05-23T11:39:54+00:00\",\"dateModified\":\"2023-05-23T11:41:07+00:00\",\"breadcrumb\":{\"@id\":\"https:\\\/\\\/www.casaldelsinfants.org\\\/es\\\/actualidad\\\/festival-bcnzoom-realidad-jovenes\\\/#breadcrumb\"},\"inLanguage\":\"es\",\"potentialAction\":[{\"@type\":\"ReadAction\",\"target\":[\"https:\\\/\\\/www.casaldelsinfants.org\\\/es\\\/actualidad\\\/festival-bcnzoom-realidad-jovenes\\\/\"]}]},{\"@type\":\"ImageObject\",\"inLanguage\":\"es\",\"@id\":\"https:\\\/\\\/www.casaldelsinfants.org\\\/es\\\/actualidad\\\/festival-bcnzoom-realidad-jovenes\\\/#primaryimage\",\"url\":\"https:\\\/\\\/www.casaldelsinfants.org\\\/wp-content\\\/uploads\\\/bcn-zoom-2017_0_0-scaled.jpg\",\"contentUrl\":\"https:\\\/\\\/www.casaldelsinfants.org\\\/wp-content\\\/uploads\\\/bcn-zoom-2017_0_0-scaled.jpg\",\"width\":2560,\"height\":1438,\"caption\":\"Foto grupal al Festival BCNZoom\"},{\"@type\":\"BreadcrumbList\",\"@id\":\"https:\\\/\\\/www.casaldelsinfants.org\\\/es\\\/actualidad\\\/festival-bcnzoom-realidad-jovenes\\\/#breadcrumb\",\"itemListElement\":[{\"@type\":\"ListItem\",\"position\":1,\"name\":\"Inici\",\"item\":\"https:\\\/\\\/www.casaldelsinfants.org\\\/es\\\/\"},{\"@type\":\"ListItem\",\"position\":2,\"name\":\"Festival BCNZoom: j\u00f3venes y adolescentes con talento y mirada propia de la realidad a trav\u00e9s de cortometrajes\"}]},{\"@type\":\"WebSite\",\"@id\":\"https:\\\/\\\/www.casaldelsinfants.org\\\/es\\\/#website\",\"url\":\"https:\\\/\\\/www.casaldelsinfants.org\\\/es\\\/\",\"name\":\"Casal dels Infants\",\"description\":\"\",\"publisher\":{\"@id\":\"https:\\\/\\\/www.casaldelsinfants.org\\\/es\\\/#organization\"},\"potentialAction\":[{\"@type\":\"SearchAction\",\"target\":{\"@type\":\"EntryPoint\",\"urlTemplate\":\"https:\\\/\\\/www.casaldelsinfants.org\\\/es\\\/?s={search_term_string}\"},\"query-input\":{\"@type\":\"PropertyValueSpecification\",\"valueRequired\":true,\"valueName\":\"search_term_string\"}}],\"inLanguage\":\"es\"},{\"@type\":\"Organization\",\"@id\":\"https:\\\/\\\/www.casaldelsinfants.org\\\/es\\\/#organization\",\"name\":\"Casal dels Infants\",\"url\":\"https:\\\/\\\/www.casaldelsinfants.org\\\/es\\\/\",\"logo\":{\"@type\":\"ImageObject\",\"inLanguage\":\"es\",\"@id\":\"https:\\\/\\\/www.casaldelsinfants.org\\\/es\\\/#\\\/schema\\\/logo\\\/image\\\/\",\"url\":\"https:\\\/\\\/www.casaldelsinfants.org\\\/wp-content\\\/uploads\\\/logo-mail.png\",\"contentUrl\":\"https:\\\/\\\/www.casaldelsinfants.org\\\/wp-content\\\/uploads\\\/logo-mail.png\",\"width\":380,\"height\":158,\"caption\":\"Casal dels Infants\"},\"image\":{\"@id\":\"https:\\\/\\\/www.casaldelsinfants.org\\\/es\\\/#\\\/schema\\\/logo\\\/image\\\/\"},\"sameAs\":[\"https:\\\/\\\/www.facebook.com\\\/casalinfants\",\"https:\\\/\\\/x.com\\\/casalinfants\",\"https:\\\/\\\/www.youtube.com\\\/user\\\/CasaldelsInfants1\",\"https:\\\/\\\/www.instagram.com\\\/casalinfants\\\/\",\"https:\\\/\\\/www.linkedin.com\\\/company\\\/casaldelsinfants?trk=organization-update_share-update_actor-text\"]},{\"@type\":\"Person\",\"@id\":\"https:\\\/\\\/www.casaldelsinfants.org\\\/es\\\/#\\\/schema\\\/person\\\/97707fc8c64900cf36891127dbf9fba8\",\"name\":\"cdiAdmin\",\"sameAs\":[\"https:\\\/\\\/casaldelsinfants.org\"]}]}<\/script>\n<!-- \/ Yoast SEO plugin. -->","yoast_head_json":{"title":"Festival BCNZoom: j\u00f3venes y adolescentes con talento y mirada propia de la realidad a trav\u00e9s de cortometrajes - Casal dels Infants","robots":{"index":"index","follow":"follow","max-snippet":"max-snippet:-1","max-image-preview":"max-image-preview:large","max-video-preview":"max-video-preview:-1"},"canonical":"https:\/\/www.casaldelsinfants.org\/es\/actualidad\/festival-bcnzoom-realidad-jovenes\/","og_locale":"es_ES","og_type":"article","og_title":"Festival BCNZoom: j\u00f3venes y adolescentes con talento y mirada propia de la realidad a trav\u00e9s de cortometrajes - Casal dels Infants","og_description":"La tercera edici\u00f3n del Festival BCNZoom, el festival de cortometraje social para j\u00f3venes organizado por el Consell de la Joventut de Barcelona (CJB) y el Casal dels Infants, se celebr\u00f3 el pasado s\u00e1bado 27 de mayo en el Espai Jove la Fontana de Barcelona. Con el objetivo de promover la creaci\u00f3n audiovisual entre adolescentes y [&hellip;]","og_url":"https:\/\/www.casaldelsinfants.org\/es\/actualidad\/festival-bcnzoom-realidad-jovenes\/","og_site_name":"Casal dels Infants","article_publisher":"https:\/\/www.facebook.com\/casalinfants","article_published_time":"2023-05-23T11:39:54+00:00","article_modified_time":"2023-05-23T11:41:07+00:00","og_image":[{"width":2560,"height":1438,"url":"https:\/\/www.casaldelsinfants.org\/wp-content\/uploads\/bcn-zoom-2017_0_0-scaled.jpg","type":"image\/jpeg"}],"author":"cdiAdmin","twitter_card":"summary_large_image","twitter_creator":"@casalinfants","twitter_site":"@casalinfants","twitter_misc":{"Escrito por":"cdiAdmin","Tiempo de lectura":"4 minutos"},"schema":{"@context":"https:\/\/schema.org","@graph":[{"@type":"Article","@id":"https:\/\/www.casaldelsinfants.org\/es\/actualidad\/festival-bcnzoom-realidad-jovenes\/#article","isPartOf":{"@id":"https:\/\/www.casaldelsinfants.org\/es\/actualidad\/festival-bcnzoom-realidad-jovenes\/"},"author":{"name":"cdiAdmin","@id":"https:\/\/www.casaldelsinfants.org\/es\/#\/schema\/person\/97707fc8c64900cf36891127dbf9fba8"},"headline":"Festival BCNZoom: j\u00f3venes y adolescentes con talento y mirada propia de la realidad a trav\u00e9s de cortometrajes","datePublished":"2023-05-23T11:39:54+00:00","dateModified":"2023-05-23T11:41:07+00:00","mainEntityOfPage":{"@id":"https:\/\/www.casaldelsinfants.org\/es\/actualidad\/festival-bcnzoom-realidad-jovenes\/"},"wordCount":746,"commentCount":0,"publisher":{"@id":"https:\/\/www.casaldelsinfants.org\/es\/#organization"},"image":{"@id":"https:\/\/www.casaldelsinfants.org\/es\/actualidad\/festival-bcnzoom-realidad-jovenes\/#primaryimage"},"thumbnailUrl":"https:\/\/www.casaldelsinfants.org\/wp-content\/uploads\/bcn-zoom-2017_0_0-scaled.jpg","articleSection":["Noticia"],"inLanguage":"es","potentialAction":[{"@type":"CommentAction","name":"Comment","target":["https:\/\/www.casaldelsinfants.org\/es\/actualidad\/festival-bcnzoom-realidad-jovenes\/#respond"]}]},{"@type":"WebPage","@id":"https:\/\/www.casaldelsinfants.org\/es\/actualidad\/festival-bcnzoom-realidad-jovenes\/","url":"https:\/\/www.casaldelsinfants.org\/es\/actualidad\/festival-bcnzoom-realidad-jovenes\/","name":"Festival BCNZoom: j\u00f3venes y adolescentes con talento y mirada propia de la realidad a trav\u00e9s de cortometrajes - Casal dels Infants","isPartOf":{"@id":"https:\/\/www.casaldelsinfants.org\/es\/#website"},"primaryImageOfPage":{"@id":"https:\/\/www.casaldelsinfants.org\/es\/actualidad\/festival-bcnzoom-realidad-jovenes\/#primaryimage"},"image":{"@id":"https:\/\/www.casaldelsinfants.org\/es\/actualidad\/festival-bcnzoom-realidad-jovenes\/#primaryimage"},"thumbnailUrl":"https:\/\/www.casaldelsinfants.org\/wp-content\/uploads\/bcn-zoom-2017_0_0-scaled.jpg","datePublished":"2023-05-23T11:39:54+00:00","dateModified":"2023-05-23T11:41:07+00:00","breadcrumb":{"@id":"https:\/\/www.casaldelsinfants.org\/es\/actualidad\/festival-bcnzoom-realidad-jovenes\/#breadcrumb"},"inLanguage":"es","potentialAction":[{"@type":"ReadAction","target":["https:\/\/www.casaldelsinfants.org\/es\/actualidad\/festival-bcnzoom-realidad-jovenes\/"]}]},{"@type":"ImageObject","inLanguage":"es","@id":"https:\/\/www.casaldelsinfants.org\/es\/actualidad\/festival-bcnzoom-realidad-jovenes\/#primaryimage","url":"https:\/\/www.casaldelsinfants.org\/wp-content\/uploads\/bcn-zoom-2017_0_0-scaled.jpg","contentUrl":"https:\/\/www.casaldelsinfants.org\/wp-content\/uploads\/bcn-zoom-2017_0_0-scaled.jpg","width":2560,"height":1438,"caption":"Foto grupal al Festival BCNZoom"},{"@type":"BreadcrumbList","@id":"https:\/\/www.casaldelsinfants.org\/es\/actualidad\/festival-bcnzoom-realidad-jovenes\/#breadcrumb","itemListElement":[{"@type":"ListItem","position":1,"name":"Inici","item":"https:\/\/www.casaldelsinfants.org\/es\/"},{"@type":"ListItem","position":2,"name":"Festival BCNZoom: j\u00f3venes y adolescentes con talento y mirada propia de la realidad a trav\u00e9s de cortometrajes"}]},{"@type":"WebSite","@id":"https:\/\/www.casaldelsinfants.org\/es\/#website","url":"https:\/\/www.casaldelsinfants.org\/es\/","name":"Casal dels Infants","description":"","publisher":{"@id":"https:\/\/www.casaldelsinfants.org\/es\/#organization"},"potentialAction":[{"@type":"SearchAction","target":{"@type":"EntryPoint","urlTemplate":"https:\/\/www.casaldelsinfants.org\/es\/?s={search_term_string}"},"query-input":{"@type":"PropertyValueSpecification","valueRequired":true,"valueName":"search_term_string"}}],"inLanguage":"es"},{"@type":"Organization","@id":"https:\/\/www.casaldelsinfants.org\/es\/#organization","name":"Casal dels Infants","url":"https:\/\/www.casaldelsinfants.org\/es\/","logo":{"@type":"ImageObject","inLanguage":"es","@id":"https:\/\/www.casaldelsinfants.org\/es\/#\/schema\/logo\/image\/","url":"https:\/\/www.casaldelsinfants.org\/wp-content\/uploads\/logo-mail.png","contentUrl":"https:\/\/www.casaldelsinfants.org\/wp-content\/uploads\/logo-mail.png","width":380,"height":158,"caption":"Casal dels Infants"},"image":{"@id":"https:\/\/www.casaldelsinfants.org\/es\/#\/schema\/logo\/image\/"},"sameAs":["https:\/\/www.facebook.com\/casalinfants","https:\/\/x.com\/casalinfants","https:\/\/www.youtube.com\/user\/CasaldelsInfants1","https:\/\/www.instagram.com\/casalinfants\/","https:\/\/www.linkedin.com\/company\/casaldelsinfants?trk=organization-update_share-update_actor-text"]},{"@type":"Person","@id":"https:\/\/www.casaldelsinfants.org\/es\/#\/schema\/person\/97707fc8c64900cf36891127dbf9fba8","name":"cdiAdmin","sameAs":["https:\/\/casaldelsinfants.org"]}]}},"publishpress_future_action":{"enabled":false,"date":"2026-05-09 11:19:42","action":"change-status","newStatus":"draft","terms":[],"taxonomy":"category","extraData":[]},"publishpress_future_workflow_manual_trigger":{"enabledWorkflows":[]},"_links":{"self":[{"href":"https:\/\/www.casaldelsinfants.org\/es\/wp-json\/wp\/v2\/posts\/10650","targetHints":{"allow":["GET"]}}],"collection":[{"href":"https:\/\/www.casaldelsinfants.org\/es\/wp-json\/wp\/v2\/posts"}],"about":[{"href":"https:\/\/www.casaldelsinfants.org\/es\/wp-json\/wp\/v2\/types\/post"}],"author":[{"embeddable":true,"href":"https:\/\/www.casaldelsinfants.org\/es\/wp-json\/wp\/v2\/users\/1"}],"replies":[{"embeddable":true,"href":"https:\/\/www.casaldelsinfants.org\/es\/wp-json\/wp\/v2\/comments?post=10650"}],"version-history":[{"count":1,"href":"https:\/\/www.casaldelsinfants.org\/es\/wp-json\/wp\/v2\/posts\/10650\/revisions"}],"predecessor-version":[{"id":10651,"href":"https:\/\/www.casaldelsinfants.org\/es\/wp-json\/wp\/v2\/posts\/10650\/revisions\/10651"}],"wp:featuredmedia":[{"embeddable":true,"href":"https:\/\/www.casaldelsinfants.org\/es\/wp-json\/wp\/v2\/media\/3704"}],"wp:attachment":[{"href":"https:\/\/www.casaldelsinfants.org\/es\/wp-json\/wp\/v2\/media?parent=10650"}],"wp:term":[{"taxonomy":"category","embeddable":true,"href":"https:\/\/www.casaldelsinfants.org\/es\/wp-json\/wp\/v2\/categories?post=10650"},{"taxonomy":"post_tag","embeddable":true,"href":"https:\/\/www.casaldelsinfants.org\/es\/wp-json\/wp\/v2\/tags?post=10650"},{"taxonomy":"seus","embeddable":true,"href":"https:\/\/www.casaldelsinfants.org\/es\/wp-json\/wp\/v2\/seus?post=10650"},{"taxonomy":"eixos","embeddable":true,"href":"https:\/\/www.casaldelsinfants.org\/es\/wp-json\/wp\/v2\/eixos?post=10650"}],"curies":[{"name":"wp","href":"https:\/\/api.w.org\/{rel}","templated":true}]}}