{"id":10652,"date":"2023-05-23T13:44:55","date_gmt":"2023-05-23T11:44:55","guid":{"rendered":"https:\/\/casal.puntzero.cat\/?p=10652"},"modified":"2023-05-23T13:45:24","modified_gmt":"2023-05-23T11:45:24","slug":"la-fiesta-solidaria-de-las-estrellas-aporta-30000-euros-al-proyecto-entorn-escolar-2","status":"publish","type":"post","link":"https:\/\/www.casaldelsinfants.org\/es\/actualidad\/fiesta-solidaria-estrellas\/","title":{"rendered":"La Fiesta Solidaria de las Estrellas aporta 30.000 euros al proyecto Entorn Escolar"},"content":{"rendered":"<p class=\"verd\"><span style=\"color:#000000;\">Los grandes chefs de la gastronom\u00eda catalana <strong>Albert Adri\u00e0, Nandu Jubany, Carles Abellan, Carles Gaig, Albert Raurich, Albert Adri\u00e0, Mateu Casa\u00f1as, Eduard Xatruch y Oriol Castro<\/strong> fueron los anfitriones de la gran <strong>Fiesta Solidaria de la Estrellas<\/strong> a favor del <strong>Casal dels Infants<\/strong>, que se celebr\u00f3 el 26 de octubre en la terraza del restaurante Brava, en el Hotel W de Barcelona.<\/span><\/p>\n<p class=\"verd\"><span style=\"color:#000000;\">Las personas y empresas participantes tuvieron la oportunidad de vivir una experiencia culinaria \u00fanica que, al mismo tiempo, implic\u00f3 una aportaci\u00f3n solidaria muy importante para el Casal dels Infants. Durante el acto, <strong>la asociaci\u00f3n recibi\u00f3 un cheque por valor de 30.000 euros<\/strong>, el total de dinero ingresado con la venda de entradas. Este donativo se destinar\u00e1 a <strong>ofrecer actividades diarias de refuerzo escolar a 700 ni\u00f1os y adolescentes en situaci\u00f3n social vulnerable<\/strong>, mediante el proyecto <strong>Entorn Escolar (Entorno Escolar)<\/strong>.<\/span><\/p>\n<p class=\"verd\">\u00a0<\/p>\n<p class=\"verd\"><span style=\"color:#000000;\">A la fiesta asistieron unas 400 personas, y se sirvieron m\u00e1s de 16.500 consumiciones, entre tapas y bebidas. Los alumnos del proyecto de formaci\u00f3n e inserci\u00f3n social y laboral Aula d\u2019Hostaleria del Casal dels Infants se encargaron del servicio de la cena. Llu\u00eds Prats, representante de Caves Gramona i voluntario del Casal dels Infants, agradeci\u00f3 el compromiso de los cocineros y de las dem\u00e1s personas presentes: \u201cHoy est\u00e1is haciendo posible que la vida de muchos ni\u00f1os, ni\u00f1as y j\u00f3venes del pa\u00eds se transforme. No nos cansaremos de decir que <strong>la suma de esfuerzos es transformadora<\/strong>\u201d.<\/span><\/p>\n","protected":false},"excerpt":{"rendered":"<p>Los grandes chefs de la gastronom\u00eda catalana Albert Adri\u00e0, Nandu Jubany, Carles Abellan, Carles Gaig, Albert Raurich, Albert Adri\u00e0, Mateu Casa\u00f1as, Eduard Xatruch y Oriol Castro fueron los anfitriones de la gran Fiesta Solidaria de la Estrellas a favor del Casal dels Infants, que se celebr\u00f3 el 26 de octubre en la terraza del restaurante [&hellip;]<\/p>\n","protected":false},"author":1,"featured_media":3670,"comment_status":"open","ping_status":"open","sticky":false,"template":"","format":"standard","meta":{"_acf_changed":false,"_et_pb_use_builder":"","_et_pb_old_content":"","_et_gb_content_width":"","inline_featured_image":false,"footnotes":""},"categories":[125],"tags":[],"seus":[],"eixos":[],"class_list":["post-10652","post","type-post","status-publish","format-standard","has-post-thumbnail","hentry","category-noticias"],"acf":[],"yoast_head":"<!-- This site is optimized with the Yoast SEO plugin v27.4 - https:\/\/yoast.com\/product\/yoast-seo-wordpress\/ -->\n<title>La Fiesta Solidaria de las Estrellas aporta 30.000 euros al proyecto Entorn Escolar - Casal dels Infants<\/title>\n<meta name=\"robots\" content=\"index, follow, max-snippet:-1, max-image-preview:large, max-video-preview:-1\" \/>\n<link rel=\"canonical\" href=\"https:\/\/www.casaldelsinfants.org\/es\/actualidad\/fiesta-solidaria-estrellas\/\" \/>\n<meta property=\"og:locale\" content=\"es_ES\" \/>\n<meta property=\"og:type\" content=\"article\" \/>\n<meta property=\"og:title\" content=\"La Fiesta Solidaria de las Estrellas aporta 30.000 euros al proyecto Entorn Escolar - Casal dels Infants\" \/>\n<meta property=\"og:description\" content=\"Los grandes chefs de la gastronom\u00eda catalana Albert Adri\u00e0, Nandu Jubany, Carles Abellan, Carles Gaig, Albert Raurich, Albert Adri\u00e0, Mateu Casa\u00f1as, Eduard Xatruch y Oriol Castro fueron los anfitriones de la gran Fiesta Solidaria de la Estrellas a favor del Casal dels Infants, que se celebr\u00f3 el 26 de octubre en la terraza del restaurante [&hellip;]\" \/>\n<meta property=\"og:url\" content=\"https:\/\/www.casaldelsinfants.org\/es\/actualidad\/fiesta-solidaria-estrellas\/\" \/>\n<meta property=\"og:site_name\" content=\"Casal dels Infants\" \/>\n<meta property=\"article:publisher\" content=\"https:\/\/www.facebook.com\/casalinfants\" \/>\n<meta property=\"article:published_time\" content=\"2023-05-23T11:44:55+00:00\" \/>\n<meta property=\"article:modified_time\" content=\"2023-05-23T11:45:24+00:00\" \/>\n<meta property=\"og:image\" content=\"https:\/\/www.casaldelsinfants.org\/wp-content\/uploads\/IMG_4968-scaled.jpg\" \/>\n\t<meta property=\"og:image:width\" content=\"2560\" \/>\n\t<meta property=\"og:image:height\" content=\"1707\" \/>\n\t<meta property=\"og:image:type\" content=\"image\/jpeg\" \/>\n<meta name=\"author\" content=\"cdiAdmin\" \/>\n<meta name=\"twitter:card\" content=\"summary_large_image\" \/>\n<meta name=\"twitter:creator\" content=\"@casalinfants\" \/>\n<meta name=\"twitter:site\" content=\"@casalinfants\" \/>\n<meta name=\"twitter:label1\" content=\"Escrito por\" \/>\n\t<meta name=\"twitter:data1\" content=\"cdiAdmin\" \/>\n\t<meta name=\"twitter:label2\" content=\"Tiempo de lectura\" \/>\n\t<meta name=\"twitter:data2\" content=\"2 minutos\" \/>\n<script type=\"application\/ld+json\" class=\"yoast-schema-graph\">{\"@context\":\"https:\\\/\\\/schema.org\",\"@graph\":[{\"@type\":\"Article\",\"@id\":\"https:\\\/\\\/www.casaldelsinfants.org\\\/es\\\/actualidad\\\/fiesta-solidaria-estrellas\\\/#article\",\"isPartOf\":{\"@id\":\"https:\\\/\\\/www.casaldelsinfants.org\\\/es\\\/actualidad\\\/fiesta-solidaria-estrellas\\\/\"},\"author\":{\"name\":\"cdiAdmin\",\"@id\":\"https:\\\/\\\/www.casaldelsinfants.org\\\/es\\\/#\\\/schema\\\/person\\\/97707fc8c64900cf36891127dbf9fba8\"},\"headline\":\"La Fiesta Solidaria de las Estrellas aporta 30.000 euros al proyecto Entorn Escolar\",\"datePublished\":\"2023-05-23T11:44:55+00:00\",\"dateModified\":\"2023-05-23T11:45:24+00:00\",\"mainEntityOfPage\":{\"@id\":\"https:\\\/\\\/www.casaldelsinfants.org\\\/es\\\/actualidad\\\/fiesta-solidaria-estrellas\\\/\"},\"wordCount\":260,\"commentCount\":0,\"publisher\":{\"@id\":\"https:\\\/\\\/www.casaldelsinfants.org\\\/es\\\/#organization\"},\"image\":{\"@id\":\"https:\\\/\\\/www.casaldelsinfants.org\\\/es\\\/actualidad\\\/fiesta-solidaria-estrellas\\\/#primaryimage\"},\"thumbnailUrl\":\"https:\\\/\\\/www.casaldelsinfants.org\\\/wp-content\\\/uploads\\\/IMG_4968-scaled.jpg\",\"articleSection\":[\"Noticia\"],\"inLanguage\":\"es\",\"potentialAction\":[{\"@type\":\"CommentAction\",\"name\":\"Comment\",\"target\":[\"https:\\\/\\\/www.casaldelsinfants.org\\\/es\\\/actualidad\\\/fiesta-solidaria-estrellas\\\/#respond\"]}]},{\"@type\":\"WebPage\",\"@id\":\"https:\\\/\\\/www.casaldelsinfants.org\\\/es\\\/actualidad\\\/fiesta-solidaria-estrellas\\\/\",\"url\":\"https:\\\/\\\/www.casaldelsinfants.org\\\/es\\\/actualidad\\\/fiesta-solidaria-estrellas\\\/\",\"name\":\"La Fiesta Solidaria de las Estrellas aporta 30.000 euros al proyecto Entorn Escolar - Casal dels Infants\",\"isPartOf\":{\"@id\":\"https:\\\/\\\/www.casaldelsinfants.org\\\/es\\\/#website\"},\"primaryImageOfPage\":{\"@id\":\"https:\\\/\\\/www.casaldelsinfants.org\\\/es\\\/actualidad\\\/fiesta-solidaria-estrellas\\\/#primaryimage\"},\"image\":{\"@id\":\"https:\\\/\\\/www.casaldelsinfants.org\\\/es\\\/actualidad\\\/fiesta-solidaria-estrellas\\\/#primaryimage\"},\"thumbnailUrl\":\"https:\\\/\\\/www.casaldelsinfants.org\\\/wp-content\\\/uploads\\\/IMG_4968-scaled.jpg\",\"datePublished\":\"2023-05-23T11:44:55+00:00\",\"dateModified\":\"2023-05-23T11:45:24+00:00\",\"breadcrumb\":{\"@id\":\"https:\\\/\\\/www.casaldelsinfants.org\\\/es\\\/actualidad\\\/fiesta-solidaria-estrellas\\\/#breadcrumb\"},\"inLanguage\":\"es\",\"potentialAction\":[{\"@type\":\"ReadAction\",\"target\":[\"https:\\\/\\\/www.casaldelsinfants.org\\\/es\\\/actualidad\\\/fiesta-solidaria-estrellas\\\/\"]}]},{\"@type\":\"ImageObject\",\"inLanguage\":\"es\",\"@id\":\"https:\\\/\\\/www.casaldelsinfants.org\\\/es\\\/actualidad\\\/fiesta-solidaria-estrellas\\\/#primaryimage\",\"url\":\"https:\\\/\\\/www.casaldelsinfants.org\\\/wp-content\\\/uploads\\\/IMG_4968-scaled.jpg\",\"contentUrl\":\"https:\\\/\\\/www.casaldelsinfants.org\\\/wp-content\\\/uploads\\\/IMG_4968-scaled.jpg\",\"width\":2560,\"height\":1707,\"caption\":\"La Festa Solid\u00e0ria de les Estrelles aporta 30.000 euros al projecte Entorn Escolar\"},{\"@type\":\"BreadcrumbList\",\"@id\":\"https:\\\/\\\/www.casaldelsinfants.org\\\/es\\\/actualidad\\\/fiesta-solidaria-estrellas\\\/#breadcrumb\",\"itemListElement\":[{\"@type\":\"ListItem\",\"position\":1,\"name\":\"Inici\",\"item\":\"https:\\\/\\\/www.casaldelsinfants.org\\\/es\\\/\"},{\"@type\":\"ListItem\",\"position\":2,\"name\":\"La Fiesta Solidaria de las Estrellas aporta 30.000 euros al proyecto Entorn Escolar\"}]},{\"@type\":\"WebSite\",\"@id\":\"https:\\\/\\\/www.casaldelsinfants.org\\\/es\\\/#website\",\"url\":\"https:\\\/\\\/www.casaldelsinfants.org\\\/es\\\/\",\"name\":\"Casal dels Infants\",\"description\":\"\",\"publisher\":{\"@id\":\"https:\\\/\\\/www.casaldelsinfants.org\\\/es\\\/#organization\"},\"potentialAction\":[{\"@type\":\"SearchAction\",\"target\":{\"@type\":\"EntryPoint\",\"urlTemplate\":\"https:\\\/\\\/www.casaldelsinfants.org\\\/es\\\/?s={search_term_string}\"},\"query-input\":{\"@type\":\"PropertyValueSpecification\",\"valueRequired\":true,\"valueName\":\"search_term_string\"}}],\"inLanguage\":\"es\"},{\"@type\":\"Organization\",\"@id\":\"https:\\\/\\\/www.casaldelsinfants.org\\\/es\\\/#organization\",\"name\":\"Casal dels Infants\",\"url\":\"https:\\\/\\\/www.casaldelsinfants.org\\\/es\\\/\",\"logo\":{\"@type\":\"ImageObject\",\"inLanguage\":\"es\",\"@id\":\"https:\\\/\\\/www.casaldelsinfants.org\\\/es\\\/#\\\/schema\\\/logo\\\/image\\\/\",\"url\":\"https:\\\/\\\/www.casaldelsinfants.org\\\/wp-content\\\/uploads\\\/logo-mail.png\",\"contentUrl\":\"https:\\\/\\\/www.casaldelsinfants.org\\\/wp-content\\\/uploads\\\/logo-mail.png\",\"width\":380,\"height\":158,\"caption\":\"Casal dels Infants\"},\"image\":{\"@id\":\"https:\\\/\\\/www.casaldelsinfants.org\\\/es\\\/#\\\/schema\\\/logo\\\/image\\\/\"},\"sameAs\":[\"https:\\\/\\\/www.facebook.com\\\/casalinfants\",\"https:\\\/\\\/x.com\\\/casalinfants\",\"https:\\\/\\\/www.youtube.com\\\/user\\\/CasaldelsInfants1\",\"https:\\\/\\\/www.instagram.com\\\/casalinfants\\\/\",\"https:\\\/\\\/www.linkedin.com\\\/company\\\/casaldelsinfants?trk=organization-update_share-update_actor-text\"]},{\"@type\":\"Person\",\"@id\":\"https:\\\/\\\/www.casaldelsinfants.org\\\/es\\\/#\\\/schema\\\/person\\\/97707fc8c64900cf36891127dbf9fba8\",\"name\":\"cdiAdmin\",\"sameAs\":[\"https:\\\/\\\/casaldelsinfants.org\"]}]}<\/script>\n<!-- \/ Yoast SEO plugin. -->","yoast_head_json":{"title":"La Fiesta Solidaria de las Estrellas aporta 30.000 euros al proyecto Entorn Escolar - Casal dels Infants","robots":{"index":"index","follow":"follow","max-snippet":"max-snippet:-1","max-image-preview":"max-image-preview:large","max-video-preview":"max-video-preview:-1"},"canonical":"https:\/\/www.casaldelsinfants.org\/es\/actualidad\/fiesta-solidaria-estrellas\/","og_locale":"es_ES","og_type":"article","og_title":"La Fiesta Solidaria de las Estrellas aporta 30.000 euros al proyecto Entorn Escolar - Casal dels Infants","og_description":"Los grandes chefs de la gastronom\u00eda catalana Albert Adri\u00e0, Nandu Jubany, Carles Abellan, Carles Gaig, Albert Raurich, Albert Adri\u00e0, Mateu Casa\u00f1as, Eduard Xatruch y Oriol Castro fueron los anfitriones de la gran Fiesta Solidaria de la Estrellas a favor del Casal dels Infants, que se celebr\u00f3 el 26 de octubre en la terraza del restaurante [&hellip;]","og_url":"https:\/\/www.casaldelsinfants.org\/es\/actualidad\/fiesta-solidaria-estrellas\/","og_site_name":"Casal dels Infants","article_publisher":"https:\/\/www.facebook.com\/casalinfants","article_published_time":"2023-05-23T11:44:55+00:00","article_modified_time":"2023-05-23T11:45:24+00:00","og_image":[{"width":2560,"height":1707,"url":"https:\/\/www.casaldelsinfants.org\/wp-content\/uploads\/IMG_4968-scaled.jpg","type":"image\/jpeg"}],"author":"cdiAdmin","twitter_card":"summary_large_image","twitter_creator":"@casalinfants","twitter_site":"@casalinfants","twitter_misc":{"Escrito por":"cdiAdmin","Tiempo de lectura":"2 minutos"},"schema":{"@context":"https:\/\/schema.org","@graph":[{"@type":"Article","@id":"https:\/\/www.casaldelsinfants.org\/es\/actualidad\/fiesta-solidaria-estrellas\/#article","isPartOf":{"@id":"https:\/\/www.casaldelsinfants.org\/es\/actualidad\/fiesta-solidaria-estrellas\/"},"author":{"name":"cdiAdmin","@id":"https:\/\/www.casaldelsinfants.org\/es\/#\/schema\/person\/97707fc8c64900cf36891127dbf9fba8"},"headline":"La Fiesta Solidaria de las Estrellas aporta 30.000 euros al proyecto Entorn Escolar","datePublished":"2023-05-23T11:44:55+00:00","dateModified":"2023-05-23T11:45:24+00:00","mainEntityOfPage":{"@id":"https:\/\/www.casaldelsinfants.org\/es\/actualidad\/fiesta-solidaria-estrellas\/"},"wordCount":260,"commentCount":0,"publisher":{"@id":"https:\/\/www.casaldelsinfants.org\/es\/#organization"},"image":{"@id":"https:\/\/www.casaldelsinfants.org\/es\/actualidad\/fiesta-solidaria-estrellas\/#primaryimage"},"thumbnailUrl":"https:\/\/www.casaldelsinfants.org\/wp-content\/uploads\/IMG_4968-scaled.jpg","articleSection":["Noticia"],"inLanguage":"es","potentialAction":[{"@type":"CommentAction","name":"Comment","target":["https:\/\/www.casaldelsinfants.org\/es\/actualidad\/fiesta-solidaria-estrellas\/#respond"]}]},{"@type":"WebPage","@id":"https:\/\/www.casaldelsinfants.org\/es\/actualidad\/fiesta-solidaria-estrellas\/","url":"https:\/\/www.casaldelsinfants.org\/es\/actualidad\/fiesta-solidaria-estrellas\/","name":"La Fiesta Solidaria de las Estrellas aporta 30.000 euros al proyecto Entorn Escolar - Casal dels Infants","isPartOf":{"@id":"https:\/\/www.casaldelsinfants.org\/es\/#website"},"primaryImageOfPage":{"@id":"https:\/\/www.casaldelsinfants.org\/es\/actualidad\/fiesta-solidaria-estrellas\/#primaryimage"},"image":{"@id":"https:\/\/www.casaldelsinfants.org\/es\/actualidad\/fiesta-solidaria-estrellas\/#primaryimage"},"thumbnailUrl":"https:\/\/www.casaldelsinfants.org\/wp-content\/uploads\/IMG_4968-scaled.jpg","datePublished":"2023-05-23T11:44:55+00:00","dateModified":"2023-05-23T11:45:24+00:00","breadcrumb":{"@id":"https:\/\/www.casaldelsinfants.org\/es\/actualidad\/fiesta-solidaria-estrellas\/#breadcrumb"},"inLanguage":"es","potentialAction":[{"@type":"ReadAction","target":["https:\/\/www.casaldelsinfants.org\/es\/actualidad\/fiesta-solidaria-estrellas\/"]}]},{"@type":"ImageObject","inLanguage":"es","@id":"https:\/\/www.casaldelsinfants.org\/es\/actualidad\/fiesta-solidaria-estrellas\/#primaryimage","url":"https:\/\/www.casaldelsinfants.org\/wp-content\/uploads\/IMG_4968-scaled.jpg","contentUrl":"https:\/\/www.casaldelsinfants.org\/wp-content\/uploads\/IMG_4968-scaled.jpg","width":2560,"height":1707,"caption":"La Festa Solid\u00e0ria de les Estrelles aporta 30.000 euros al projecte Entorn Escolar"},{"@type":"BreadcrumbList","@id":"https:\/\/www.casaldelsinfants.org\/es\/actualidad\/fiesta-solidaria-estrellas\/#breadcrumb","itemListElement":[{"@type":"ListItem","position":1,"name":"Inici","item":"https:\/\/www.casaldelsinfants.org\/es\/"},{"@type":"ListItem","position":2,"name":"La Fiesta Solidaria de las Estrellas aporta 30.000 euros al proyecto Entorn Escolar"}]},{"@type":"WebSite","@id":"https:\/\/www.casaldelsinfants.org\/es\/#website","url":"https:\/\/www.casaldelsinfants.org\/es\/","name":"Casal dels Infants","description":"","publisher":{"@id":"https:\/\/www.casaldelsinfants.org\/es\/#organization"},"potentialAction":[{"@type":"SearchAction","target":{"@type":"EntryPoint","urlTemplate":"https:\/\/www.casaldelsinfants.org\/es\/?s={search_term_string}"},"query-input":{"@type":"PropertyValueSpecification","valueRequired":true,"valueName":"search_term_string"}}],"inLanguage":"es"},{"@type":"Organization","@id":"https:\/\/www.casaldelsinfants.org\/es\/#organization","name":"Casal dels Infants","url":"https:\/\/www.casaldelsinfants.org\/es\/","logo":{"@type":"ImageObject","inLanguage":"es","@id":"https:\/\/www.casaldelsinfants.org\/es\/#\/schema\/logo\/image\/","url":"https:\/\/www.casaldelsinfants.org\/wp-content\/uploads\/logo-mail.png","contentUrl":"https:\/\/www.casaldelsinfants.org\/wp-content\/uploads\/logo-mail.png","width":380,"height":158,"caption":"Casal dels Infants"},"image":{"@id":"https:\/\/www.casaldelsinfants.org\/es\/#\/schema\/logo\/image\/"},"sameAs":["https:\/\/www.facebook.com\/casalinfants","https:\/\/x.com\/casalinfants","https:\/\/www.youtube.com\/user\/CasaldelsInfants1","https:\/\/www.instagram.com\/casalinfants\/","https:\/\/www.linkedin.com\/company\/casaldelsinfants?trk=organization-update_share-update_actor-text"]},{"@type":"Person","@id":"https:\/\/www.casaldelsinfants.org\/es\/#\/schema\/person\/97707fc8c64900cf36891127dbf9fba8","name":"cdiAdmin","sameAs":["https:\/\/casaldelsinfants.org"]}]}},"publishpress_future_action":{"enabled":false,"date":"2026-05-07 10:35:50","action":"change-status","newStatus":"draft","terms":[],"taxonomy":"category","extraData":[]},"publishpress_future_workflow_manual_trigger":{"enabledWorkflows":[]},"_links":{"self":[{"href":"https:\/\/www.casaldelsinfants.org\/es\/wp-json\/wp\/v2\/posts\/10652","targetHints":{"allow":["GET"]}}],"collection":[{"href":"https:\/\/www.casaldelsinfants.org\/es\/wp-json\/wp\/v2\/posts"}],"about":[{"href":"https:\/\/www.casaldelsinfants.org\/es\/wp-json\/wp\/v2\/types\/post"}],"author":[{"embeddable":true,"href":"https:\/\/www.casaldelsinfants.org\/es\/wp-json\/wp\/v2\/users\/1"}],"replies":[{"embeddable":true,"href":"https:\/\/www.casaldelsinfants.org\/es\/wp-json\/wp\/v2\/comments?post=10652"}],"version-history":[{"count":1,"href":"https:\/\/www.casaldelsinfants.org\/es\/wp-json\/wp\/v2\/posts\/10652\/revisions"}],"predecessor-version":[{"id":10653,"href":"https:\/\/www.casaldelsinfants.org\/es\/wp-json\/wp\/v2\/posts\/10652\/revisions\/10653"}],"wp:featuredmedia":[{"embeddable":true,"href":"https:\/\/www.casaldelsinfants.org\/es\/wp-json\/wp\/v2\/media\/3670"}],"wp:attachment":[{"href":"https:\/\/www.casaldelsinfants.org\/es\/wp-json\/wp\/v2\/media?parent=10652"}],"wp:term":[{"taxonomy":"category","embeddable":true,"href":"https:\/\/www.casaldelsinfants.org\/es\/wp-json\/wp\/v2\/categories?post=10652"},{"taxonomy":"post_tag","embeddable":true,"href":"https:\/\/www.casaldelsinfants.org\/es\/wp-json\/wp\/v2\/tags?post=10652"},{"taxonomy":"seus","embeddable":true,"href":"https:\/\/www.casaldelsinfants.org\/es\/wp-json\/wp\/v2\/seus?post=10652"},{"taxonomy":"eixos","embeddable":true,"href":"https:\/\/www.casaldelsinfants.org\/es\/wp-json\/wp\/v2\/eixos?post=10652"}],"curies":[{"name":"wp","href":"https:\/\/api.w.org\/{rel}","templated":true}]}}