{"id":10654,"date":"2023-05-23T13:56:18","date_gmt":"2023-05-23T11:56:18","guid":{"rendered":"https:\/\/casal.puntzero.cat\/?p=10654"},"modified":"2023-05-23T13:56:45","modified_gmt":"2023-05-23T11:56:45","slug":"llega-el-concierto-voces-por-la-igualdad-de-oportunidades-de-los-jovenes-favor-del-casal-2","status":"publish","type":"post","link":"https:\/\/www.casaldelsinfants.org\/es\/actualidad\/concierto-igualdad-oportunidades\/","title":{"rendered":"Llega el concierto &quot;Voces por la igualdad de oportunidades de los j\u00f3venes&quot; a favor del Casal dels Infants"},"content":{"rendered":"<p class=\"verd\"><span style=\"color:#000000;\">Cinco referentes del panorama musical catal\u00e1n han decidido reunir su talento en una actuaci\u00f3n sin precedentes. <strong>Estopa<\/strong>, <strong>Els Amics de les Arts<\/strong>, <strong>Blaumut<\/strong>, <strong>Judit Neddermann<\/strong> y <strong>Ramon Mirabet<\/strong> ser\u00e1n los protagonistas del <strong>concierto \u201cVoces por la igualdad de oportunidades de los j\u00f3venes\u201d a favor del Casal dels Infants<\/strong>, que se celebrar\u00e1 el <strong>27 de noviembre a las 21h en la sala Barts <\/strong>de Barcelona (<strong>entradas a la venta en <\/strong><\/span><strong><a href=\"http:\/\/www.barts.cat\"><span style=\"color:#000000;\">www.barts.cat<\/span><\/a><\/strong><span style=\"color:#000000;\">).<\/span><\/p>\n<p class=\"verd\"><span style=\"color:#000000;\">La iniciativa surge con un objetivo muy claro: tomar partido para que <strong>cualquier joven de nuestra sociedad, sea cual sea su contexto, pueda acceder a oportunidades para construir su vida<\/strong>. Para conseguir este impacto, <strong>la recaudaci\u00f3n de la venta de las entradas se dar\u00e1 al Casal dels Infants<\/strong>, que desde 1983 trabaja contra la exclusi\u00f3n social de ni\u00f1os, j\u00f3venes y familias en barrios en situaci\u00f3n vulnerable.<\/span><\/p>\n<p class=\"verd\"><span style=\"color:#000000;\">Concretamente <strong>el dinero se destinar\u00e1 a proyectos de la asociaci\u00f3n que acompa\u00f1an a m\u00e1s de 1.700 j\u00f3venes de entre 16 y 23 a\u00f1os<\/strong> en barrios de Barcelona (el Raval y el Bes\u00f2s-Maresme; Sant Adri\u00e0 de Bes\u00f2s (La Mina y el Bes\u00f2s); Santa Coloma de Gramenet (el Raval, Santa Rosa y Fondo); Badalona (Sant Roc y Llefi\u00e0) y el municipio de Salt.<\/span><\/p>\n<p class=\"verd\"><span style=\"color:#000000;\">La directora general del Casal dels Infants,<strong> Rosa Balaguer<\/strong>, ha avanzado que algunos de estos chicos y chicas compartir\u00e1n protagonismo con los grupos durante el concierto \u201cSer\u00e1 una noche muy especial, llena de <strong>talento, compromiso social y esp\u00edritu de superaci\u00f3n personal y colectiva<\/strong>. Los j\u00f3venes tienen ganas de explicar todo lo que son capaces de hacer y aportar a la sociedad cuando se les garantizan <strong>oportunidades para salir adelante<\/strong>\u201d.<\/span><\/p>\n<p class=\"verd\"><span style=\"color:#000000;\">El concierto solidario es posible gracias a la suma de esfuerzos de <strong>The Project<\/strong>, <strong>Fundaci\u00f3 Damm<\/strong>, <strong>Canet Rock<\/strong>, <strong>Sala Barts<\/strong>, <strong>Atr\u00e1palo<\/strong>, <strong>One Box<\/strong> y el <strong>Casal dels Infants<\/strong>.<\/span><\/p>\n<p class=\"verd\">\u00a0<\/p>\n<p><!-- THEME DEBUG --><br \/>\n<!-- THEME HOOK: 'container' --><br \/>\n<!-- BEGIN OUTPUT from 'themes\/bootstrap\/templates\/system\/container.html.twig' --><\/p>\n<div class=\"video-embed-field-responsive-video form-group\">\n<p><!-- THEME DEBUG --><br \/>\n<!-- THEME HOOK: 'video_embed_iframe__youtube' --><br \/>\n<!-- FILE NAME SUGGESTIONS:\n   * video-embed-iframe--youtube.html.twig\n   x video-embed-iframe.html.twig\n--><br \/>\n<!-- BEGIN OUTPUT from 'modules\/video_embed_field\/templates\/video-embed-iframe.html.twig' --><br \/>\n<iframe loading=\"lazy\" width=\"854\" height=\"480\" frameborder=\"0\" allowfullscreen=\"allowfullscreen\" src=\"https:\/\/www.youtube.com\/embed\/oCcvQbyHxtw?autoplay=1&amp;start=0&amp;rel=0\"><\/iframe><\/p>\n<p><!-- END OUTPUT from 'modules\/video_embed_field\/templates\/video-embed-iframe.html.twig' --><\/p>\n<\/div>\n<p><!-- END OUTPUT from 'themes\/bootstrap\/templates\/system\/container.html.twig' --><\/p>\n","protected":false},"excerpt":{"rendered":"<p>Cinco referentes del panorama musical catal\u00e1n han decidido reunir su talento en una actuaci\u00f3n sin precedentes. Estopa, Els Amics de les Arts, Blaumut, Judit Neddermann y Ramon Mirabet ser\u00e1n los protagonistas del concierto \u201cVoces por la igualdad de oportunidades de los j\u00f3venes\u201d a favor del Casal dels Infants, que se celebrar\u00e1 el 27 de noviembre [&hellip;]<\/p>\n","protected":false},"author":1,"featured_media":3677,"comment_status":"open","ping_status":"open","sticky":false,"template":"","format":"standard","meta":{"_acf_changed":false,"_et_pb_use_builder":"","_et_pb_old_content":"","_et_gb_content_width":"","inline_featured_image":false,"footnotes":""},"categories":[125],"tags":[],"seus":[],"eixos":[],"class_list":["post-10654","post","type-post","status-publish","format-standard","has-post-thumbnail","hentry","category-noticias"],"acf":[],"yoast_head":"<!-- This site is optimized with the Yoast SEO plugin v27.4 - https:\/\/yoast.com\/product\/yoast-seo-wordpress\/ -->\n<title>Llega el concierto &quot;Voces por la igualdad de oportunidades de los j\u00f3venes&quot; a favor del Casal dels Infants - Casal dels Infants<\/title>\n<meta name=\"robots\" content=\"index, follow, max-snippet:-1, max-image-preview:large, max-video-preview:-1\" \/>\n<link rel=\"canonical\" href=\"https:\/\/www.casaldelsinfants.org\/es\/actualidad\/concierto-igualdad-oportunidades\/\" \/>\n<meta property=\"og:locale\" content=\"es_ES\" \/>\n<meta property=\"og:type\" content=\"article\" \/>\n<meta property=\"og:title\" content=\"Llega el concierto &quot;Voces por la igualdad de oportunidades de los j\u00f3venes&quot; a favor del Casal dels Infants - Casal dels Infants\" \/>\n<meta property=\"og:description\" content=\"Cinco referentes del panorama musical catal\u00e1n han decidido reunir su talento en una actuaci\u00f3n sin precedentes. Estopa, Els Amics de les Arts, Blaumut, Judit Neddermann y Ramon Mirabet ser\u00e1n los protagonistas del concierto \u201cVoces por la igualdad de oportunidades de los j\u00f3venes\u201d a favor del Casal dels Infants, que se celebrar\u00e1 el 27 de noviembre [&hellip;]\" \/>\n<meta property=\"og:url\" content=\"https:\/\/www.casaldelsinfants.org\/es\/actualidad\/concierto-igualdad-oportunidades\/\" \/>\n<meta property=\"og:site_name\" content=\"Casal dels Infants\" \/>\n<meta property=\"article:publisher\" content=\"https:\/\/www.facebook.com\/casalinfants\" \/>\n<meta property=\"article:published_time\" content=\"2023-05-23T11:56:18+00:00\" \/>\n<meta property=\"article:modified_time\" content=\"2023-05-23T11:56:45+00:00\" \/>\n<meta property=\"og:image\" content=\"https:\/\/www.casaldelsinfants.org\/wp-content\/uploads\/IMG-20171018-WA0007_0.jpg\" \/>\n\t<meta property=\"og:image:width\" content=\"1200\" \/>\n\t<meta property=\"og:image:height\" content=\"630\" \/>\n\t<meta property=\"og:image:type\" content=\"image\/jpeg\" \/>\n<meta name=\"author\" content=\"cdiAdmin\" \/>\n<meta name=\"twitter:card\" content=\"summary_large_image\" \/>\n<meta name=\"twitter:creator\" content=\"@casalinfants\" \/>\n<meta name=\"twitter:site\" content=\"@casalinfants\" \/>\n<meta name=\"twitter:label1\" content=\"Escrito por\" \/>\n\t<meta name=\"twitter:data1\" content=\"cdiAdmin\" \/>\n\t<meta name=\"twitter:label2\" content=\"Tiempo de lectura\" \/>\n\t<meta name=\"twitter:data2\" content=\"2 minutos\" \/>\n<script type=\"application\/ld+json\" class=\"yoast-schema-graph\">{\"@context\":\"https:\\\/\\\/schema.org\",\"@graph\":[{\"@type\":\"Article\",\"@id\":\"https:\\\/\\\/www.casaldelsinfants.org\\\/es\\\/actualidad\\\/concierto-igualdad-oportunidades\\\/#article\",\"isPartOf\":{\"@id\":\"https:\\\/\\\/www.casaldelsinfants.org\\\/es\\\/actualidad\\\/concierto-igualdad-oportunidades\\\/\"},\"author\":{\"name\":\"cdiAdmin\",\"@id\":\"https:\\\/\\\/www.casaldelsinfants.org\\\/es\\\/#\\\/schema\\\/person\\\/97707fc8c64900cf36891127dbf9fba8\"},\"headline\":\"Llega el concierto &quot;Voces por la igualdad de oportunidades de los j\u00f3venes&quot; a favor del Casal dels Infants\",\"datePublished\":\"2023-05-23T11:56:18+00:00\",\"dateModified\":\"2023-05-23T11:56:45+00:00\",\"mainEntityOfPage\":{\"@id\":\"https:\\\/\\\/www.casaldelsinfants.org\\\/es\\\/actualidad\\\/concierto-igualdad-oportunidades\\\/\"},\"wordCount\":334,\"commentCount\":0,\"publisher\":{\"@id\":\"https:\\\/\\\/www.casaldelsinfants.org\\\/es\\\/#organization\"},\"image\":{\"@id\":\"https:\\\/\\\/www.casaldelsinfants.org\\\/es\\\/actualidad\\\/concierto-igualdad-oportunidades\\\/#primaryimage\"},\"thumbnailUrl\":\"https:\\\/\\\/www.casaldelsinfants.org\\\/wp-content\\\/uploads\\\/IMG-20171018-WA0007_0.jpg\",\"articleSection\":[\"Noticia\"],\"inLanguage\":\"es\",\"potentialAction\":[{\"@type\":\"CommentAction\",\"name\":\"Comment\",\"target\":[\"https:\\\/\\\/www.casaldelsinfants.org\\\/es\\\/actualidad\\\/concierto-igualdad-oportunidades\\\/#respond\"]}]},{\"@type\":\"WebPage\",\"@id\":\"https:\\\/\\\/www.casaldelsinfants.org\\\/es\\\/actualidad\\\/concierto-igualdad-oportunidades\\\/\",\"url\":\"https:\\\/\\\/www.casaldelsinfants.org\\\/es\\\/actualidad\\\/concierto-igualdad-oportunidades\\\/\",\"name\":\"Llega el concierto &quot;Voces por la igualdad de oportunidades de los j\u00f3venes&quot; a favor del Casal dels Infants - Casal dels Infants\",\"isPartOf\":{\"@id\":\"https:\\\/\\\/www.casaldelsinfants.org\\\/es\\\/#website\"},\"primaryImageOfPage\":{\"@id\":\"https:\\\/\\\/www.casaldelsinfants.org\\\/es\\\/actualidad\\\/concierto-igualdad-oportunidades\\\/#primaryimage\"},\"image\":{\"@id\":\"https:\\\/\\\/www.casaldelsinfants.org\\\/es\\\/actualidad\\\/concierto-igualdad-oportunidades\\\/#primaryimage\"},\"thumbnailUrl\":\"https:\\\/\\\/www.casaldelsinfants.org\\\/wp-content\\\/uploads\\\/IMG-20171018-WA0007_0.jpg\",\"datePublished\":\"2023-05-23T11:56:18+00:00\",\"dateModified\":\"2023-05-23T11:56:45+00:00\",\"breadcrumb\":{\"@id\":\"https:\\\/\\\/www.casaldelsinfants.org\\\/es\\\/actualidad\\\/concierto-igualdad-oportunidades\\\/#breadcrumb\"},\"inLanguage\":\"es\",\"potentialAction\":[{\"@type\":\"ReadAction\",\"target\":[\"https:\\\/\\\/www.casaldelsinfants.org\\\/es\\\/actualidad\\\/concierto-igualdad-oportunidades\\\/\"]}]},{\"@type\":\"ImageObject\",\"inLanguage\":\"es\",\"@id\":\"https:\\\/\\\/www.casaldelsinfants.org\\\/es\\\/actualidad\\\/concierto-igualdad-oportunidades\\\/#primaryimage\",\"url\":\"https:\\\/\\\/www.casaldelsinfants.org\\\/wp-content\\\/uploads\\\/IMG-20171018-WA0007_0.jpg\",\"contentUrl\":\"https:\\\/\\\/www.casaldelsinfants.org\\\/wp-content\\\/uploads\\\/IMG-20171018-WA0007_0.jpg\",\"width\":1200,\"height\":630,\"caption\":\"Concert Casal dels Infants.\"},{\"@type\":\"BreadcrumbList\",\"@id\":\"https:\\\/\\\/www.casaldelsinfants.org\\\/es\\\/actualidad\\\/concierto-igualdad-oportunidades\\\/#breadcrumb\",\"itemListElement\":[{\"@type\":\"ListItem\",\"position\":1,\"name\":\"Inici\",\"item\":\"https:\\\/\\\/www.casaldelsinfants.org\\\/es\\\/\"},{\"@type\":\"ListItem\",\"position\":2,\"name\":\"Llega el concierto &quot;Voces por la igualdad de oportunidades de los j\u00f3venes&quot; a favor del Casal dels Infants\"}]},{\"@type\":\"WebSite\",\"@id\":\"https:\\\/\\\/www.casaldelsinfants.org\\\/es\\\/#website\",\"url\":\"https:\\\/\\\/www.casaldelsinfants.org\\\/es\\\/\",\"name\":\"Casal dels Infants\",\"description\":\"\",\"publisher\":{\"@id\":\"https:\\\/\\\/www.casaldelsinfants.org\\\/es\\\/#organization\"},\"potentialAction\":[{\"@type\":\"SearchAction\",\"target\":{\"@type\":\"EntryPoint\",\"urlTemplate\":\"https:\\\/\\\/www.casaldelsinfants.org\\\/es\\\/?s={search_term_string}\"},\"query-input\":{\"@type\":\"PropertyValueSpecification\",\"valueRequired\":true,\"valueName\":\"search_term_string\"}}],\"inLanguage\":\"es\"},{\"@type\":\"Organization\",\"@id\":\"https:\\\/\\\/www.casaldelsinfants.org\\\/es\\\/#organization\",\"name\":\"Casal dels Infants\",\"url\":\"https:\\\/\\\/www.casaldelsinfants.org\\\/es\\\/\",\"logo\":{\"@type\":\"ImageObject\",\"inLanguage\":\"es\",\"@id\":\"https:\\\/\\\/www.casaldelsinfants.org\\\/es\\\/#\\\/schema\\\/logo\\\/image\\\/\",\"url\":\"https:\\\/\\\/www.casaldelsinfants.org\\\/wp-content\\\/uploads\\\/logo-mail.png\",\"contentUrl\":\"https:\\\/\\\/www.casaldelsinfants.org\\\/wp-content\\\/uploads\\\/logo-mail.png\",\"width\":380,\"height\":158,\"caption\":\"Casal dels Infants\"},\"image\":{\"@id\":\"https:\\\/\\\/www.casaldelsinfants.org\\\/es\\\/#\\\/schema\\\/logo\\\/image\\\/\"},\"sameAs\":[\"https:\\\/\\\/www.facebook.com\\\/casalinfants\",\"https:\\\/\\\/x.com\\\/casalinfants\",\"https:\\\/\\\/www.youtube.com\\\/user\\\/CasaldelsInfants1\",\"https:\\\/\\\/www.instagram.com\\\/casalinfants\\\/\",\"https:\\\/\\\/www.linkedin.com\\\/company\\\/casaldelsinfants?trk=organization-update_share-update_actor-text\"]},{\"@type\":\"Person\",\"@id\":\"https:\\\/\\\/www.casaldelsinfants.org\\\/es\\\/#\\\/schema\\\/person\\\/97707fc8c64900cf36891127dbf9fba8\",\"name\":\"cdiAdmin\",\"sameAs\":[\"https:\\\/\\\/casaldelsinfants.org\"]}]}<\/script>\n<!-- \/ Yoast SEO plugin. -->","yoast_head_json":{"title":"Llega el concierto &quot;Voces por la igualdad de oportunidades de los j\u00f3venes&quot; a favor del Casal dels Infants - Casal dels Infants","robots":{"index":"index","follow":"follow","max-snippet":"max-snippet:-1","max-image-preview":"max-image-preview:large","max-video-preview":"max-video-preview:-1"},"canonical":"https:\/\/www.casaldelsinfants.org\/es\/actualidad\/concierto-igualdad-oportunidades\/","og_locale":"es_ES","og_type":"article","og_title":"Llega el concierto &quot;Voces por la igualdad de oportunidades de los j\u00f3venes&quot; a favor del Casal dels Infants - Casal dels Infants","og_description":"Cinco referentes del panorama musical catal\u00e1n han decidido reunir su talento en una actuaci\u00f3n sin precedentes. Estopa, Els Amics de les Arts, Blaumut, Judit Neddermann y Ramon Mirabet ser\u00e1n los protagonistas del concierto \u201cVoces por la igualdad de oportunidades de los j\u00f3venes\u201d a favor del Casal dels Infants, que se celebrar\u00e1 el 27 de noviembre [&hellip;]","og_url":"https:\/\/www.casaldelsinfants.org\/es\/actualidad\/concierto-igualdad-oportunidades\/","og_site_name":"Casal dels Infants","article_publisher":"https:\/\/www.facebook.com\/casalinfants","article_published_time":"2023-05-23T11:56:18+00:00","article_modified_time":"2023-05-23T11:56:45+00:00","og_image":[{"width":1200,"height":630,"url":"https:\/\/www.casaldelsinfants.org\/wp-content\/uploads\/IMG-20171018-WA0007_0.jpg","type":"image\/jpeg"}],"author":"cdiAdmin","twitter_card":"summary_large_image","twitter_creator":"@casalinfants","twitter_site":"@casalinfants","twitter_misc":{"Escrito por":"cdiAdmin","Tiempo de lectura":"2 minutos"},"schema":{"@context":"https:\/\/schema.org","@graph":[{"@type":"Article","@id":"https:\/\/www.casaldelsinfants.org\/es\/actualidad\/concierto-igualdad-oportunidades\/#article","isPartOf":{"@id":"https:\/\/www.casaldelsinfants.org\/es\/actualidad\/concierto-igualdad-oportunidades\/"},"author":{"name":"cdiAdmin","@id":"https:\/\/www.casaldelsinfants.org\/es\/#\/schema\/person\/97707fc8c64900cf36891127dbf9fba8"},"headline":"Llega el concierto &quot;Voces por la igualdad de oportunidades de los j\u00f3venes&quot; a favor del Casal dels Infants","datePublished":"2023-05-23T11:56:18+00:00","dateModified":"2023-05-23T11:56:45+00:00","mainEntityOfPage":{"@id":"https:\/\/www.casaldelsinfants.org\/es\/actualidad\/concierto-igualdad-oportunidades\/"},"wordCount":334,"commentCount":0,"publisher":{"@id":"https:\/\/www.casaldelsinfants.org\/es\/#organization"},"image":{"@id":"https:\/\/www.casaldelsinfants.org\/es\/actualidad\/concierto-igualdad-oportunidades\/#primaryimage"},"thumbnailUrl":"https:\/\/www.casaldelsinfants.org\/wp-content\/uploads\/IMG-20171018-WA0007_0.jpg","articleSection":["Noticia"],"inLanguage":"es","potentialAction":[{"@type":"CommentAction","name":"Comment","target":["https:\/\/www.casaldelsinfants.org\/es\/actualidad\/concierto-igualdad-oportunidades\/#respond"]}]},{"@type":"WebPage","@id":"https:\/\/www.casaldelsinfants.org\/es\/actualidad\/concierto-igualdad-oportunidades\/","url":"https:\/\/www.casaldelsinfants.org\/es\/actualidad\/concierto-igualdad-oportunidades\/","name":"Llega el concierto &quot;Voces por la igualdad de oportunidades de los j\u00f3venes&quot; a favor del Casal dels Infants - Casal dels Infants","isPartOf":{"@id":"https:\/\/www.casaldelsinfants.org\/es\/#website"},"primaryImageOfPage":{"@id":"https:\/\/www.casaldelsinfants.org\/es\/actualidad\/concierto-igualdad-oportunidades\/#primaryimage"},"image":{"@id":"https:\/\/www.casaldelsinfants.org\/es\/actualidad\/concierto-igualdad-oportunidades\/#primaryimage"},"thumbnailUrl":"https:\/\/www.casaldelsinfants.org\/wp-content\/uploads\/IMG-20171018-WA0007_0.jpg","datePublished":"2023-05-23T11:56:18+00:00","dateModified":"2023-05-23T11:56:45+00:00","breadcrumb":{"@id":"https:\/\/www.casaldelsinfants.org\/es\/actualidad\/concierto-igualdad-oportunidades\/#breadcrumb"},"inLanguage":"es","potentialAction":[{"@type":"ReadAction","target":["https:\/\/www.casaldelsinfants.org\/es\/actualidad\/concierto-igualdad-oportunidades\/"]}]},{"@type":"ImageObject","inLanguage":"es","@id":"https:\/\/www.casaldelsinfants.org\/es\/actualidad\/concierto-igualdad-oportunidades\/#primaryimage","url":"https:\/\/www.casaldelsinfants.org\/wp-content\/uploads\/IMG-20171018-WA0007_0.jpg","contentUrl":"https:\/\/www.casaldelsinfants.org\/wp-content\/uploads\/IMG-20171018-WA0007_0.jpg","width":1200,"height":630,"caption":"Concert Casal dels Infants."},{"@type":"BreadcrumbList","@id":"https:\/\/www.casaldelsinfants.org\/es\/actualidad\/concierto-igualdad-oportunidades\/#breadcrumb","itemListElement":[{"@type":"ListItem","position":1,"name":"Inici","item":"https:\/\/www.casaldelsinfants.org\/es\/"},{"@type":"ListItem","position":2,"name":"Llega el concierto &quot;Voces por la igualdad de oportunidades de los j\u00f3venes&quot; a favor del Casal dels Infants"}]},{"@type":"WebSite","@id":"https:\/\/www.casaldelsinfants.org\/es\/#website","url":"https:\/\/www.casaldelsinfants.org\/es\/","name":"Casal dels Infants","description":"","publisher":{"@id":"https:\/\/www.casaldelsinfants.org\/es\/#organization"},"potentialAction":[{"@type":"SearchAction","target":{"@type":"EntryPoint","urlTemplate":"https:\/\/www.casaldelsinfants.org\/es\/?s={search_term_string}"},"query-input":{"@type":"PropertyValueSpecification","valueRequired":true,"valueName":"search_term_string"}}],"inLanguage":"es"},{"@type":"Organization","@id":"https:\/\/www.casaldelsinfants.org\/es\/#organization","name":"Casal dels Infants","url":"https:\/\/www.casaldelsinfants.org\/es\/","logo":{"@type":"ImageObject","inLanguage":"es","@id":"https:\/\/www.casaldelsinfants.org\/es\/#\/schema\/logo\/image\/","url":"https:\/\/www.casaldelsinfants.org\/wp-content\/uploads\/logo-mail.png","contentUrl":"https:\/\/www.casaldelsinfants.org\/wp-content\/uploads\/logo-mail.png","width":380,"height":158,"caption":"Casal dels Infants"},"image":{"@id":"https:\/\/www.casaldelsinfants.org\/es\/#\/schema\/logo\/image\/"},"sameAs":["https:\/\/www.facebook.com\/casalinfants","https:\/\/x.com\/casalinfants","https:\/\/www.youtube.com\/user\/CasaldelsInfants1","https:\/\/www.instagram.com\/casalinfants\/","https:\/\/www.linkedin.com\/company\/casaldelsinfants?trk=organization-update_share-update_actor-text"]},{"@type":"Person","@id":"https:\/\/www.casaldelsinfants.org\/es\/#\/schema\/person\/97707fc8c64900cf36891127dbf9fba8","name":"cdiAdmin","sameAs":["https:\/\/casaldelsinfants.org"]}]}},"publishpress_future_action":{"enabled":false,"date":"2026-05-07 10:36:42","action":"change-status","newStatus":"draft","terms":[],"taxonomy":"category","extraData":[]},"publishpress_future_workflow_manual_trigger":{"enabledWorkflows":[]},"_links":{"self":[{"href":"https:\/\/www.casaldelsinfants.org\/es\/wp-json\/wp\/v2\/posts\/10654","targetHints":{"allow":["GET"]}}],"collection":[{"href":"https:\/\/www.casaldelsinfants.org\/es\/wp-json\/wp\/v2\/posts"}],"about":[{"href":"https:\/\/www.casaldelsinfants.org\/es\/wp-json\/wp\/v2\/types\/post"}],"author":[{"embeddable":true,"href":"https:\/\/www.casaldelsinfants.org\/es\/wp-json\/wp\/v2\/users\/1"}],"replies":[{"embeddable":true,"href":"https:\/\/www.casaldelsinfants.org\/es\/wp-json\/wp\/v2\/comments?post=10654"}],"version-history":[{"count":1,"href":"https:\/\/www.casaldelsinfants.org\/es\/wp-json\/wp\/v2\/posts\/10654\/revisions"}],"predecessor-version":[{"id":10655,"href":"https:\/\/www.casaldelsinfants.org\/es\/wp-json\/wp\/v2\/posts\/10654\/revisions\/10655"}],"wp:featuredmedia":[{"embeddable":true,"href":"https:\/\/www.casaldelsinfants.org\/es\/wp-json\/wp\/v2\/media\/3677"}],"wp:attachment":[{"href":"https:\/\/www.casaldelsinfants.org\/es\/wp-json\/wp\/v2\/media?parent=10654"}],"wp:term":[{"taxonomy":"category","embeddable":true,"href":"https:\/\/www.casaldelsinfants.org\/es\/wp-json\/wp\/v2\/categories?post=10654"},{"taxonomy":"post_tag","embeddable":true,"href":"https:\/\/www.casaldelsinfants.org\/es\/wp-json\/wp\/v2\/tags?post=10654"},{"taxonomy":"seus","embeddable":true,"href":"https:\/\/www.casaldelsinfants.org\/es\/wp-json\/wp\/v2\/seus?post=10654"},{"taxonomy":"eixos","embeddable":true,"href":"https:\/\/www.casaldelsinfants.org\/es\/wp-json\/wp\/v2\/eixos?post=10654"}],"curies":[{"name":"wp","href":"https:\/\/api.w.org\/{rel}","templated":true}]}}