{"id":10656,"date":"2023-05-23T13:59:37","date_gmt":"2023-05-23T11:59:37","guid":{"rendered":"https:\/\/casal.puntzero.cat\/?p=10656"},"modified":"2023-05-25T18:14:51","modified_gmt":"2023-05-25T16:14:51","slug":"llega-la-fiesta-solidaria-de-las-estrellas-favor-del-casal-dels-infants-2","status":"publish","type":"post","link":"https:\/\/www.casaldelsinfants.org\/es\/actualidad\/llega-la-fiesta-solidaria-de-las-estrellas-favor-del-casal-dels-infants\/","title":{"rendered":"Llega la Fiesta Solidaria de las Estrellas a favor del Casal dels Infants"},"content":{"rendered":"<p><span style=\"color: #000000;\">Los grandes chefs de la cocina catalana Albert Adri\u00e0, Nandu Jubany, Carles Abellan y Carles Gaig ser\u00e1n los anfitriones de la Gran Fiesta Solidaria de las Estrellas a favor del Casal dels Infants, que se celebrar\u00e1 el pr\u00f3ximo 26 de octubre en la terraza del restaurante Bravo, en el Hotel W de Barcelona.<\/span><\/p>\n<p><span style=\"color: #000000;\">Las personas y las empresas participantes tendr\u00e1n la oportunidad de vivir una experiencia culinaria \u00fanica y, al mismo tiempo, realizar una aportaci\u00f3n solidaria para el Casal dels Infants. As\u00ed, la asociaci\u00f3n destinar\u00e1 los ingresos a ofrecer actividades de refuerzo escolar diario a 700 ni\u00f1os y adolescentes en situaci\u00f3n vulnerable, mediante el proyecto Entorn Escolar.<\/span><\/p>\n<p><span style=\"color: #000000;\">La Fiesta Solidaria de las Estrellas llega precedida del \u00e9xito de la Gran Cena del Liceu en los \u00faltimos a\u00f1os, impulsada por los mismos cuatro chefs y en el que participaron hasta 53 empresas, consiguiendo una recaudaci\u00f3n de 35.000 euros para el Casal dels Infants en la edici\u00f3n del a\u00f1o pasado.<\/span><\/p>\n","protected":false},"excerpt":{"rendered":"<p>Los grandes chefs de la cocina catalana Albert Adri\u00e0, Nandu Jubany, Carles Abellan y Carles Gaig ser\u00e1n los anfitriones de la Gran Fiesta Solidaria de las Estrellas a favor del Casal dels Infants, que se celebrar\u00e1 el pr\u00f3ximo 26 de octubre en la terraza del restaurante Bravo, en el Hotel W de Barcelona. Las personas [&hellip;]<\/p>\n","protected":false},"author":1,"featured_media":3695,"comment_status":"open","ping_status":"open","sticky":false,"template":"","format":"standard","meta":{"_acf_changed":false,"_et_pb_use_builder":"","_et_pb_old_content":"","_et_gb_content_width":"","inline_featured_image":false,"footnotes":""},"categories":[125],"tags":[],"seus":[],"eixos":[],"class_list":["post-10656","post","type-post","status-publish","format-standard","has-post-thumbnail","hentry","category-noticias"],"acf":[],"yoast_head":"<!-- This site is optimized with the Yoast SEO plugin v27.4 - https:\/\/yoast.com\/product\/yoast-seo-wordpress\/ -->\n<title>Llega la Fiesta Solidaria de las Estrellas a favor del Casal dels Infants - Casal dels Infants<\/title>\n<meta name=\"robots\" content=\"index, nofollow, max-snippet:-1, max-image-preview:large, max-video-preview:-1\" \/>\n<link rel=\"canonical\" href=\"https:\/\/www.casaldelsinfants.org\/es\/actualidad\/llega-la-fiesta-solidaria-de-las-estrellas-favor-del-casal-dels-infants\/\" \/>\n<meta property=\"og:locale\" content=\"es_ES\" \/>\n<meta property=\"og:type\" content=\"article\" \/>\n<meta property=\"og:title\" content=\"Llega la Fiesta Solidaria de las Estrellas a favor del Casal dels Infants - Casal dels Infants\" \/>\n<meta property=\"og:description\" content=\"Los grandes chefs de la cocina catalana Albert Adri\u00e0, Nandu Jubany, Carles Abellan y Carles Gaig ser\u00e1n los anfitriones de la Gran Fiesta Solidaria de las Estrellas a favor del Casal dels Infants, que se celebrar\u00e1 el pr\u00f3ximo 26 de octubre en la terraza del restaurante Bravo, en el Hotel W de Barcelona. Las personas [&hellip;]\" \/>\n<meta property=\"og:url\" content=\"https:\/\/www.casaldelsinfants.org\/es\/actualidad\/llega-la-fiesta-solidaria-de-las-estrellas-favor-del-casal-dels-infants\/\" \/>\n<meta property=\"og:site_name\" content=\"Casal dels Infants\" \/>\n<meta property=\"article:publisher\" content=\"https:\/\/www.facebook.com\/casalinfants\" \/>\n<meta property=\"article:published_time\" content=\"2023-05-23T11:59:37+00:00\" \/>\n<meta property=\"article:modified_time\" content=\"2023-05-25T16:14:51+00:00\" \/>\n<meta property=\"og:image\" content=\"https:\/\/www.casaldelsinfants.org\/wp-content\/uploads\/FestaSolidariaEstrelles_Banner2_1__0_0-scaled.jpg\" \/>\n\t<meta property=\"og:image:width\" content=\"2560\" \/>\n\t<meta property=\"og:image:height\" content=\"1811\" \/>\n\t<meta property=\"og:image:type\" content=\"image\/jpeg\" \/>\n<meta name=\"author\" content=\"cdiAdmin\" \/>\n<meta name=\"twitter:card\" content=\"summary_large_image\" \/>\n<meta name=\"twitter:creator\" content=\"@casalinfants\" \/>\n<meta name=\"twitter:site\" content=\"@casalinfants\" \/>\n<meta name=\"twitter:label1\" content=\"Escrito por\" \/>\n\t<meta name=\"twitter:data1\" content=\"cdiAdmin\" \/>\n\t<meta name=\"twitter:label2\" content=\"Tiempo de lectura\" \/>\n\t<meta name=\"twitter:data2\" content=\"1 minuto\" \/>\n<script type=\"application\/ld+json\" class=\"yoast-schema-graph\">{\"@context\":\"https:\\\/\\\/schema.org\",\"@graph\":[{\"@type\":\"Article\",\"@id\":\"https:\\\/\\\/www.casaldelsinfants.org\\\/es\\\/actualidad\\\/llega-la-fiesta-solidaria-de-las-estrellas-favor-del-casal-dels-infants\\\/#article\",\"isPartOf\":{\"@id\":\"https:\\\/\\\/www.casaldelsinfants.org\\\/es\\\/actualidad\\\/llega-la-fiesta-solidaria-de-las-estrellas-favor-del-casal-dels-infants\\\/\"},\"author\":{\"name\":\"cdiAdmin\",\"@id\":\"https:\\\/\\\/www.casaldelsinfants.org\\\/es\\\/#\\\/schema\\\/person\\\/97707fc8c64900cf36891127dbf9fba8\"},\"headline\":\"Llega la Fiesta Solidaria de las Estrellas a favor del Casal dels Infants\",\"datePublished\":\"2023-05-23T11:59:37+00:00\",\"dateModified\":\"2023-05-25T16:14:51+00:00\",\"mainEntityOfPage\":{\"@id\":\"https:\\\/\\\/www.casaldelsinfants.org\\\/es\\\/actualidad\\\/llega-la-fiesta-solidaria-de-las-estrellas-favor-del-casal-dels-infants\\\/\"},\"wordCount\":178,\"commentCount\":0,\"publisher\":{\"@id\":\"https:\\\/\\\/www.casaldelsinfants.org\\\/es\\\/#organization\"},\"image\":{\"@id\":\"https:\\\/\\\/www.casaldelsinfants.org\\\/es\\\/actualidad\\\/llega-la-fiesta-solidaria-de-las-estrellas-favor-del-casal-dels-infants\\\/#primaryimage\"},\"thumbnailUrl\":\"https:\\\/\\\/www.casaldelsinfants.org\\\/wp-content\\\/uploads\\\/FestaSolidariaEstrelles_Banner2_1__0_0-scaled.jpg\",\"articleSection\":[\"Noticia\"],\"inLanguage\":\"es\",\"potentialAction\":[{\"@type\":\"CommentAction\",\"name\":\"Comment\",\"target\":[\"https:\\\/\\\/www.casaldelsinfants.org\\\/es\\\/actualidad\\\/llega-la-fiesta-solidaria-de-las-estrellas-favor-del-casal-dels-infants\\\/#respond\"]}]},{\"@type\":\"WebPage\",\"@id\":\"https:\\\/\\\/www.casaldelsinfants.org\\\/es\\\/actualidad\\\/llega-la-fiesta-solidaria-de-las-estrellas-favor-del-casal-dels-infants\\\/\",\"url\":\"https:\\\/\\\/www.casaldelsinfants.org\\\/es\\\/actualidad\\\/llega-la-fiesta-solidaria-de-las-estrellas-favor-del-casal-dels-infants\\\/\",\"name\":\"Llega la Fiesta Solidaria de las Estrellas a favor del Casal dels Infants - Casal dels Infants\",\"isPartOf\":{\"@id\":\"https:\\\/\\\/www.casaldelsinfants.org\\\/es\\\/#website\"},\"primaryImageOfPage\":{\"@id\":\"https:\\\/\\\/www.casaldelsinfants.org\\\/es\\\/actualidad\\\/llega-la-fiesta-solidaria-de-las-estrellas-favor-del-casal-dels-infants\\\/#primaryimage\"},\"image\":{\"@id\":\"https:\\\/\\\/www.casaldelsinfants.org\\\/es\\\/actualidad\\\/llega-la-fiesta-solidaria-de-las-estrellas-favor-del-casal-dels-infants\\\/#primaryimage\"},\"thumbnailUrl\":\"https:\\\/\\\/www.casaldelsinfants.org\\\/wp-content\\\/uploads\\\/FestaSolidariaEstrelles_Banner2_1__0_0-scaled.jpg\",\"datePublished\":\"2023-05-23T11:59:37+00:00\",\"dateModified\":\"2023-05-25T16:14:51+00:00\",\"breadcrumb\":{\"@id\":\"https:\\\/\\\/www.casaldelsinfants.org\\\/es\\\/actualidad\\\/llega-la-fiesta-solidaria-de-las-estrellas-favor-del-casal-dels-infants\\\/#breadcrumb\"},\"inLanguage\":\"es\",\"potentialAction\":[{\"@type\":\"ReadAction\",\"target\":[\"https:\\\/\\\/www.casaldelsinfants.org\\\/es\\\/actualidad\\\/llega-la-fiesta-solidaria-de-las-estrellas-favor-del-casal-dels-infants\\\/\"]}]},{\"@type\":\"ImageObject\",\"inLanguage\":\"es\",\"@id\":\"https:\\\/\\\/www.casaldelsinfants.org\\\/es\\\/actualidad\\\/llega-la-fiesta-solidaria-de-las-estrellas-favor-del-casal-dels-infants\\\/#primaryimage\",\"url\":\"https:\\\/\\\/www.casaldelsinfants.org\\\/wp-content\\\/uploads\\\/FestaSolidariaEstrelles_Banner2_1__0_0-scaled.jpg\",\"contentUrl\":\"https:\\\/\\\/www.casaldelsinfants.org\\\/wp-content\\\/uploads\\\/FestaSolidariaEstrelles_Banner2_1__0_0-scaled.jpg\",\"width\":2560,\"height\":1811,\"caption\":\"Cartell festa solid\u00e0ria de les estrelles a benefici del Casal dels Infants\"},{\"@type\":\"BreadcrumbList\",\"@id\":\"https:\\\/\\\/www.casaldelsinfants.org\\\/es\\\/actualidad\\\/llega-la-fiesta-solidaria-de-las-estrellas-favor-del-casal-dels-infants\\\/#breadcrumb\",\"itemListElement\":[{\"@type\":\"ListItem\",\"position\":1,\"name\":\"Inici\",\"item\":\"https:\\\/\\\/www.casaldelsinfants.org\\\/es\\\/\"},{\"@type\":\"ListItem\",\"position\":2,\"name\":\"Llega la Fiesta Solidaria de las Estrellas a favor del Casal dels Infants\"}]},{\"@type\":\"WebSite\",\"@id\":\"https:\\\/\\\/www.casaldelsinfants.org\\\/es\\\/#website\",\"url\":\"https:\\\/\\\/www.casaldelsinfants.org\\\/es\\\/\",\"name\":\"Casal dels Infants\",\"description\":\"\",\"publisher\":{\"@id\":\"https:\\\/\\\/www.casaldelsinfants.org\\\/es\\\/#organization\"},\"potentialAction\":[{\"@type\":\"SearchAction\",\"target\":{\"@type\":\"EntryPoint\",\"urlTemplate\":\"https:\\\/\\\/www.casaldelsinfants.org\\\/es\\\/?s={search_term_string}\"},\"query-input\":{\"@type\":\"PropertyValueSpecification\",\"valueRequired\":true,\"valueName\":\"search_term_string\"}}],\"inLanguage\":\"es\"},{\"@type\":\"Organization\",\"@id\":\"https:\\\/\\\/www.casaldelsinfants.org\\\/es\\\/#organization\",\"name\":\"Casal dels Infants\",\"url\":\"https:\\\/\\\/www.casaldelsinfants.org\\\/es\\\/\",\"logo\":{\"@type\":\"ImageObject\",\"inLanguage\":\"es\",\"@id\":\"https:\\\/\\\/www.casaldelsinfants.org\\\/es\\\/#\\\/schema\\\/logo\\\/image\\\/\",\"url\":\"https:\\\/\\\/www.casaldelsinfants.org\\\/wp-content\\\/uploads\\\/logo-mail.png\",\"contentUrl\":\"https:\\\/\\\/www.casaldelsinfants.org\\\/wp-content\\\/uploads\\\/logo-mail.png\",\"width\":380,\"height\":158,\"caption\":\"Casal dels Infants\"},\"image\":{\"@id\":\"https:\\\/\\\/www.casaldelsinfants.org\\\/es\\\/#\\\/schema\\\/logo\\\/image\\\/\"},\"sameAs\":[\"https:\\\/\\\/www.facebook.com\\\/casalinfants\",\"https:\\\/\\\/x.com\\\/casalinfants\",\"https:\\\/\\\/www.youtube.com\\\/user\\\/CasaldelsInfants1\",\"https:\\\/\\\/www.instagram.com\\\/casalinfants\\\/\",\"https:\\\/\\\/www.linkedin.com\\\/company\\\/casaldelsinfants?trk=organization-update_share-update_actor-text\"]},{\"@type\":\"Person\",\"@id\":\"https:\\\/\\\/www.casaldelsinfants.org\\\/es\\\/#\\\/schema\\\/person\\\/97707fc8c64900cf36891127dbf9fba8\",\"name\":\"cdiAdmin\",\"sameAs\":[\"https:\\\/\\\/casaldelsinfants.org\"]}]}<\/script>\n<!-- \/ Yoast SEO plugin. -->","yoast_head_json":{"title":"Llega la Fiesta Solidaria de las Estrellas a favor del Casal dels Infants - Casal dels Infants","robots":{"index":"index","follow":"nofollow","max-snippet":"max-snippet:-1","max-image-preview":"max-image-preview:large","max-video-preview":"max-video-preview:-1"},"canonical":"https:\/\/www.casaldelsinfants.org\/es\/actualidad\/llega-la-fiesta-solidaria-de-las-estrellas-favor-del-casal-dels-infants\/","og_locale":"es_ES","og_type":"article","og_title":"Llega la Fiesta Solidaria de las Estrellas a favor del Casal dels Infants - Casal dels Infants","og_description":"Los grandes chefs de la cocina catalana Albert Adri\u00e0, Nandu Jubany, Carles Abellan y Carles Gaig ser\u00e1n los anfitriones de la Gran Fiesta Solidaria de las Estrellas a favor del Casal dels Infants, que se celebrar\u00e1 el pr\u00f3ximo 26 de octubre en la terraza del restaurante Bravo, en el Hotel W de Barcelona. Las personas [&hellip;]","og_url":"https:\/\/www.casaldelsinfants.org\/es\/actualidad\/llega-la-fiesta-solidaria-de-las-estrellas-favor-del-casal-dels-infants\/","og_site_name":"Casal dels Infants","article_publisher":"https:\/\/www.facebook.com\/casalinfants","article_published_time":"2023-05-23T11:59:37+00:00","article_modified_time":"2023-05-25T16:14:51+00:00","og_image":[{"width":2560,"height":1811,"url":"https:\/\/www.casaldelsinfants.org\/wp-content\/uploads\/FestaSolidariaEstrelles_Banner2_1__0_0-scaled.jpg","type":"image\/jpeg"}],"author":"cdiAdmin","twitter_card":"summary_large_image","twitter_creator":"@casalinfants","twitter_site":"@casalinfants","twitter_misc":{"Escrito por":"cdiAdmin","Tiempo de lectura":"1 minuto"},"schema":{"@context":"https:\/\/schema.org","@graph":[{"@type":"Article","@id":"https:\/\/www.casaldelsinfants.org\/es\/actualidad\/llega-la-fiesta-solidaria-de-las-estrellas-favor-del-casal-dels-infants\/#article","isPartOf":{"@id":"https:\/\/www.casaldelsinfants.org\/es\/actualidad\/llega-la-fiesta-solidaria-de-las-estrellas-favor-del-casal-dels-infants\/"},"author":{"name":"cdiAdmin","@id":"https:\/\/www.casaldelsinfants.org\/es\/#\/schema\/person\/97707fc8c64900cf36891127dbf9fba8"},"headline":"Llega la Fiesta Solidaria de las Estrellas a favor del Casal dels Infants","datePublished":"2023-05-23T11:59:37+00:00","dateModified":"2023-05-25T16:14:51+00:00","mainEntityOfPage":{"@id":"https:\/\/www.casaldelsinfants.org\/es\/actualidad\/llega-la-fiesta-solidaria-de-las-estrellas-favor-del-casal-dels-infants\/"},"wordCount":178,"commentCount":0,"publisher":{"@id":"https:\/\/www.casaldelsinfants.org\/es\/#organization"},"image":{"@id":"https:\/\/www.casaldelsinfants.org\/es\/actualidad\/llega-la-fiesta-solidaria-de-las-estrellas-favor-del-casal-dels-infants\/#primaryimage"},"thumbnailUrl":"https:\/\/www.casaldelsinfants.org\/wp-content\/uploads\/FestaSolidariaEstrelles_Banner2_1__0_0-scaled.jpg","articleSection":["Noticia"],"inLanguage":"es","potentialAction":[{"@type":"CommentAction","name":"Comment","target":["https:\/\/www.casaldelsinfants.org\/es\/actualidad\/llega-la-fiesta-solidaria-de-las-estrellas-favor-del-casal-dels-infants\/#respond"]}]},{"@type":"WebPage","@id":"https:\/\/www.casaldelsinfants.org\/es\/actualidad\/llega-la-fiesta-solidaria-de-las-estrellas-favor-del-casal-dels-infants\/","url":"https:\/\/www.casaldelsinfants.org\/es\/actualidad\/llega-la-fiesta-solidaria-de-las-estrellas-favor-del-casal-dels-infants\/","name":"Llega la Fiesta Solidaria de las Estrellas a favor del Casal dels Infants - Casal dels Infants","isPartOf":{"@id":"https:\/\/www.casaldelsinfants.org\/es\/#website"},"primaryImageOfPage":{"@id":"https:\/\/www.casaldelsinfants.org\/es\/actualidad\/llega-la-fiesta-solidaria-de-las-estrellas-favor-del-casal-dels-infants\/#primaryimage"},"image":{"@id":"https:\/\/www.casaldelsinfants.org\/es\/actualidad\/llega-la-fiesta-solidaria-de-las-estrellas-favor-del-casal-dels-infants\/#primaryimage"},"thumbnailUrl":"https:\/\/www.casaldelsinfants.org\/wp-content\/uploads\/FestaSolidariaEstrelles_Banner2_1__0_0-scaled.jpg","datePublished":"2023-05-23T11:59:37+00:00","dateModified":"2023-05-25T16:14:51+00:00","breadcrumb":{"@id":"https:\/\/www.casaldelsinfants.org\/es\/actualidad\/llega-la-fiesta-solidaria-de-las-estrellas-favor-del-casal-dels-infants\/#breadcrumb"},"inLanguage":"es","potentialAction":[{"@type":"ReadAction","target":["https:\/\/www.casaldelsinfants.org\/es\/actualidad\/llega-la-fiesta-solidaria-de-las-estrellas-favor-del-casal-dels-infants\/"]}]},{"@type":"ImageObject","inLanguage":"es","@id":"https:\/\/www.casaldelsinfants.org\/es\/actualidad\/llega-la-fiesta-solidaria-de-las-estrellas-favor-del-casal-dels-infants\/#primaryimage","url":"https:\/\/www.casaldelsinfants.org\/wp-content\/uploads\/FestaSolidariaEstrelles_Banner2_1__0_0-scaled.jpg","contentUrl":"https:\/\/www.casaldelsinfants.org\/wp-content\/uploads\/FestaSolidariaEstrelles_Banner2_1__0_0-scaled.jpg","width":2560,"height":1811,"caption":"Cartell festa solid\u00e0ria de les estrelles a benefici del Casal dels Infants"},{"@type":"BreadcrumbList","@id":"https:\/\/www.casaldelsinfants.org\/es\/actualidad\/llega-la-fiesta-solidaria-de-las-estrellas-favor-del-casal-dels-infants\/#breadcrumb","itemListElement":[{"@type":"ListItem","position":1,"name":"Inici","item":"https:\/\/www.casaldelsinfants.org\/es\/"},{"@type":"ListItem","position":2,"name":"Llega la Fiesta Solidaria de las Estrellas a favor del Casal dels Infants"}]},{"@type":"WebSite","@id":"https:\/\/www.casaldelsinfants.org\/es\/#website","url":"https:\/\/www.casaldelsinfants.org\/es\/","name":"Casal dels Infants","description":"","publisher":{"@id":"https:\/\/www.casaldelsinfants.org\/es\/#organization"},"potentialAction":[{"@type":"SearchAction","target":{"@type":"EntryPoint","urlTemplate":"https:\/\/www.casaldelsinfants.org\/es\/?s={search_term_string}"},"query-input":{"@type":"PropertyValueSpecification","valueRequired":true,"valueName":"search_term_string"}}],"inLanguage":"es"},{"@type":"Organization","@id":"https:\/\/www.casaldelsinfants.org\/es\/#organization","name":"Casal dels Infants","url":"https:\/\/www.casaldelsinfants.org\/es\/","logo":{"@type":"ImageObject","inLanguage":"es","@id":"https:\/\/www.casaldelsinfants.org\/es\/#\/schema\/logo\/image\/","url":"https:\/\/www.casaldelsinfants.org\/wp-content\/uploads\/logo-mail.png","contentUrl":"https:\/\/www.casaldelsinfants.org\/wp-content\/uploads\/logo-mail.png","width":380,"height":158,"caption":"Casal dels Infants"},"image":{"@id":"https:\/\/www.casaldelsinfants.org\/es\/#\/schema\/logo\/image\/"},"sameAs":["https:\/\/www.facebook.com\/casalinfants","https:\/\/x.com\/casalinfants","https:\/\/www.youtube.com\/user\/CasaldelsInfants1","https:\/\/www.instagram.com\/casalinfants\/","https:\/\/www.linkedin.com\/company\/casaldelsinfants?trk=organization-update_share-update_actor-text"]},{"@type":"Person","@id":"https:\/\/www.casaldelsinfants.org\/es\/#\/schema\/person\/97707fc8c64900cf36891127dbf9fba8","name":"cdiAdmin","sameAs":["https:\/\/casaldelsinfants.org"]}]}},"publishpress_future_action":{"enabled":false,"date":"2026-05-07 11:29:56","action":"change-status","newStatus":"draft","terms":[],"taxonomy":"category","extraData":[]},"publishpress_future_workflow_manual_trigger":{"enabledWorkflows":[]},"_links":{"self":[{"href":"https:\/\/www.casaldelsinfants.org\/es\/wp-json\/wp\/v2\/posts\/10656","targetHints":{"allow":["GET"]}}],"collection":[{"href":"https:\/\/www.casaldelsinfants.org\/es\/wp-json\/wp\/v2\/posts"}],"about":[{"href":"https:\/\/www.casaldelsinfants.org\/es\/wp-json\/wp\/v2\/types\/post"}],"author":[{"embeddable":true,"href":"https:\/\/www.casaldelsinfants.org\/es\/wp-json\/wp\/v2\/users\/1"}],"replies":[{"embeddable":true,"href":"https:\/\/www.casaldelsinfants.org\/es\/wp-json\/wp\/v2\/comments?post=10656"}],"version-history":[{"count":2,"href":"https:\/\/www.casaldelsinfants.org\/es\/wp-json\/wp\/v2\/posts\/10656\/revisions"}],"predecessor-version":[{"id":11227,"href":"https:\/\/www.casaldelsinfants.org\/es\/wp-json\/wp\/v2\/posts\/10656\/revisions\/11227"}],"wp:featuredmedia":[{"embeddable":true,"href":"https:\/\/www.casaldelsinfants.org\/es\/wp-json\/wp\/v2\/media\/3695"}],"wp:attachment":[{"href":"https:\/\/www.casaldelsinfants.org\/es\/wp-json\/wp\/v2\/media?parent=10656"}],"wp:term":[{"taxonomy":"category","embeddable":true,"href":"https:\/\/www.casaldelsinfants.org\/es\/wp-json\/wp\/v2\/categories?post=10656"},{"taxonomy":"post_tag","embeddable":true,"href":"https:\/\/www.casaldelsinfants.org\/es\/wp-json\/wp\/v2\/tags?post=10656"},{"taxonomy":"seus","embeddable":true,"href":"https:\/\/www.casaldelsinfants.org\/es\/wp-json\/wp\/v2\/seus?post=10656"},{"taxonomy":"eixos","embeddable":true,"href":"https:\/\/www.casaldelsinfants.org\/es\/wp-json\/wp\/v2\/eixos?post=10656"}],"curies":[{"name":"wp","href":"https:\/\/api.w.org\/{rel}","templated":true}]}}