{"id":10658,"date":"2023-05-23T14:06:34","date_gmt":"2023-05-23T12:06:34","guid":{"rendered":"https:\/\/casal.puntzero.cat\/?p=10658"},"modified":"2023-05-23T14:07:04","modified_gmt":"2023-05-23T12:07:04","slug":"pobresa-zero-justicia-global-exige-derechos-fundamentales-contra-la-pobreza-y-las-2","status":"publish","type":"post","link":"https:\/\/www.casaldelsinfants.org\/es\/actualidad\/pobreza-zero-justicia-global\/","title":{"rendered":"Pobresa Zero-Just\u00edcia Global exige derechos fundamentales contra la pobreza y las desigualdades"},"content":{"rendered":"<p class=\"verd\"><span style=\"color:#000000;\"><span style=\"background:white\"><span style=\"font-family:&quot;Georgia&quot;,&quot;serif&quot;\">La plataforma <strong>Pobresa Zero-Just\u00edcia Global<\/strong> (PZ-JG), integrada por m\u00e1s de 3.200 entidades, entre las cuales el <strong>Casal dels Infants<\/strong>, ha exigido esta ma\u00f1ana la garant\u00eda de los <strong>derechos fundamentales de la ciudadan\u00eda para poder erradicar la pobreza y las desigualdades<\/strong>, el objetivo por el cual se articula la plataforma.<\/span><\/span><\/span><\/p>\n<p class=\"verd\"><span style=\"color:#000000;\"><span style=\"background:white\"><span style=\"font-family:&quot;Georgia&quot;,&quot;serif&quot;\">Lo ha hecho en un acto p\u00fablico a las puertas del <strong>S\u00edndic de Greuges de Catalunya<\/strong>, en el marco del <strong>D\u00eda internacional para la erradicaci\u00f3n de la pobreza<\/strong> y presentando el <strong>manifiesto \u201cContra la pobreza y las desigualdades, exigimos nuestros derechos\u201d<\/strong>.<\/span><\/span><\/span><\/p>\n<p class=\"verd\"><span style=\"color:#000000;\"><span style=\"background:white\"><span style=\"font-family:&quot;Georgia&quot;,&quot;serif&quot;\">El manifiesto exige el cumplimiento de ocho derechos fundamentales como base para que se hagan efectivos todos los que reconoce el ordenamiento jur\u00eddico. Se trata de los derechos a la <strong>alimentaci\u00f3n<\/strong>, a la <strong>salud<\/strong>, a la<strong> educaci\u00f3n<\/strong>, a la <strong>vivienda<\/strong>, al <strong>trabajo<\/strong>, a unos <strong>ingresos m\u00ednimos<\/strong>, a la <strong>movilidad<\/strong> y a la <strong>participaci\u00f3n<\/strong>.<\/span><\/span><\/span><\/p>\n<p class=\"verd\"><span style=\"color:#000000;\"><span style=\"background:white\"><span style=\"font-family:&quot;Georgia&quot;,&quot;serif&quot;\">El acto se ha abierto denunciando el atropello de derechos y libertades que han supuesto las actuaciones del Estado espa\u00f1ol en los \u00faltimos d\u00edas, y concretamente el encarcelamiento de <strong>Jordi S\u00e1nchez y Jordi Cuixart<\/strong>. A continuaci\u00f3n han le\u00eddo el manifiesto Teresa Crespo, presidenta de ECAS; Xavi Ortega, coordinador del Centro de Cooperaci\u00f3n para el Desarrollo de la UPC; Josefina D\u00edaz, presidenta de Metges del M\u00f3n Catalunya; Enric Canet, director de Relaciones ciudadanas del Casal dels Infants; Sonia Fuertes, responsable de inclusi\u00f3n y pobreza de la Taula d\u2019entitats del Tercer Sector Social de Catalunya; Ghassan Saliba, responsable de la Xarxa d\u2019Acci\u00f3 Solid\u00e0ria, lluita contra la pobresa y del Mundo \u00c1rabe de CCOO de Catalunya; Montserrat Rosaura, integrante de la Comisi\u00f3n de Servicios Sociales B\u00e1sicos del Col\u00b7legi Oficial de Treball Social de Catalunya; Alba Cuevas, directora de SOS Racisme Catalunya; Xavier Burgu\u00e9s, presidente de Amnistia Internacional Catalunya; i Patr\u00edcia Cantarell, responsable de Movilizaci\u00f3n Social y Presencia P\u00fablica de Oxfam Intermon.<\/span><\/span><\/span><\/p>\n<p class=\"verd\"><span style=\"color:#000000;\"><span style=\"font-size:11.0pt\"><span style=\"background:white\"><span style=\"line-height:115%\"><span style=\"font-family:&quot;Georgia&quot;,&quot;serif&quot;\">Los representantes de PZ-JG se han reunido posteriormente con el<strong> s\u00edndic de greuges<\/strong>, que se ha comprometido a <strong>trasladar las demandas del manifiesto a los poderes p\u00fablicos y a pedirles respuestas<\/strong> mediante un seguimiento.<\/span><\/span><\/span><\/span><\/span><\/p>\n","protected":false},"excerpt":{"rendered":"<p>La plataforma Pobresa Zero-Just\u00edcia Global (PZ-JG), integrada por m\u00e1s de 3.200 entidades, entre las cuales el Casal dels Infants, ha exigido esta ma\u00f1ana la garant\u00eda de los derechos fundamentales de la ciudadan\u00eda para poder erradicar la pobreza y las desigualdades, el objetivo por el cual se articula la plataforma. Lo ha hecho en un acto [&hellip;]<\/p>\n","protected":false},"author":1,"featured_media":3664,"comment_status":"open","ping_status":"open","sticky":false,"template":"","format":"standard","meta":{"_acf_changed":false,"_et_pb_use_builder":"","_et_pb_old_content":"","_et_gb_content_width":"","inline_featured_image":false,"footnotes":""},"categories":[125],"tags":[],"seus":[],"eixos":[],"class_list":["post-10658","post","type-post","status-publish","format-standard","has-post-thumbnail","hentry","category-noticias"],"acf":[],"yoast_head":"<!-- This site is optimized with the Yoast SEO plugin v27.4 - https:\/\/yoast.com\/product\/yoast-seo-wordpress\/ -->\n<title>Pobresa Zero-Just\u00edcia Global exige derechos fundamentales contra la pobreza y las desigualdades - Casal dels Infants<\/title>\n<meta name=\"robots\" content=\"index, follow, max-snippet:-1, max-image-preview:large, max-video-preview:-1\" \/>\n<link rel=\"canonical\" href=\"https:\/\/www.casaldelsinfants.org\/es\/actualidad\/pobreza-zero-justicia-global\/\" \/>\n<meta property=\"og:locale\" content=\"es_ES\" \/>\n<meta property=\"og:type\" content=\"article\" \/>\n<meta property=\"og:title\" content=\"Pobresa Zero-Just\u00edcia Global exige derechos fundamentales contra la pobreza y las desigualdades - Casal dels Infants\" \/>\n<meta property=\"og:description\" content=\"La plataforma Pobresa Zero-Just\u00edcia Global (PZ-JG), integrada por m\u00e1s de 3.200 entidades, entre las cuales el Casal dels Infants, ha exigido esta ma\u00f1ana la garant\u00eda de los derechos fundamentales de la ciudadan\u00eda para poder erradicar la pobreza y las desigualdades, el objetivo por el cual se articula la plataforma. Lo ha hecho en un acto [&hellip;]\" \/>\n<meta property=\"og:url\" content=\"https:\/\/www.casaldelsinfants.org\/es\/actualidad\/pobreza-zero-justicia-global\/\" \/>\n<meta property=\"og:site_name\" content=\"Casal dels Infants\" \/>\n<meta property=\"article:publisher\" content=\"https:\/\/www.facebook.com\/casalinfants\" \/>\n<meta property=\"article:published_time\" content=\"2023-05-23T12:06:34+00:00\" \/>\n<meta property=\"article:modified_time\" content=\"2023-05-23T12:07:04+00:00\" \/>\n<meta property=\"og:image\" content=\"https:\/\/www.casaldelsinfants.org\/wp-content\/uploads\/PZ-JG-FOTO-PZ-JG-JUOAN-LUZZATTI.jpg\" \/>\n\t<meta property=\"og:image:width\" content=\"640\" \/>\n\t<meta property=\"og:image:height\" content=\"383\" \/>\n\t<meta property=\"og:image:type\" content=\"image\/jpeg\" \/>\n<meta name=\"author\" content=\"cdiAdmin\" \/>\n<meta name=\"twitter:card\" content=\"summary_large_image\" \/>\n<meta name=\"twitter:creator\" content=\"@casalinfants\" \/>\n<meta name=\"twitter:site\" content=\"@casalinfants\" \/>\n<meta name=\"twitter:label1\" content=\"Escrito por\" \/>\n\t<meta name=\"twitter:data1\" content=\"cdiAdmin\" \/>\n\t<meta name=\"twitter:label2\" content=\"Tiempo de lectura\" \/>\n\t<meta name=\"twitter:data2\" content=\"2 minutos\" \/>\n<script type=\"application\/ld+json\" class=\"yoast-schema-graph\">{\"@context\":\"https:\\\/\\\/schema.org\",\"@graph\":[{\"@type\":\"Article\",\"@id\":\"https:\\\/\\\/www.casaldelsinfants.org\\\/es\\\/actualidad\\\/pobreza-zero-justicia-global\\\/#article\",\"isPartOf\":{\"@id\":\"https:\\\/\\\/www.casaldelsinfants.org\\\/es\\\/actualidad\\\/pobreza-zero-justicia-global\\\/\"},\"author\":{\"name\":\"cdiAdmin\",\"@id\":\"https:\\\/\\\/www.casaldelsinfants.org\\\/es\\\/#\\\/schema\\\/person\\\/97707fc8c64900cf36891127dbf9fba8\"},\"headline\":\"Pobresa Zero-Just\u00edcia Global exige derechos fundamentales contra la pobreza y las desigualdades\",\"datePublished\":\"2023-05-23T12:06:34+00:00\",\"dateModified\":\"2023-05-23T12:07:04+00:00\",\"mainEntityOfPage\":{\"@id\":\"https:\\\/\\\/www.casaldelsinfants.org\\\/es\\\/actualidad\\\/pobreza-zero-justicia-global\\\/\"},\"wordCount\":382,\"commentCount\":0,\"publisher\":{\"@id\":\"https:\\\/\\\/www.casaldelsinfants.org\\\/es\\\/#organization\"},\"image\":{\"@id\":\"https:\\\/\\\/www.casaldelsinfants.org\\\/es\\\/actualidad\\\/pobreza-zero-justicia-global\\\/#primaryimage\"},\"thumbnailUrl\":\"https:\\\/\\\/www.casaldelsinfants.org\\\/wp-content\\\/uploads\\\/PZ-JG-FOTO-PZ-JG-JUOAN-LUZZATTI.jpg\",\"articleSection\":[\"Noticia\"],\"inLanguage\":\"es\",\"potentialAction\":[{\"@type\":\"CommentAction\",\"name\":\"Comment\",\"target\":[\"https:\\\/\\\/www.casaldelsinfants.org\\\/es\\\/actualidad\\\/pobreza-zero-justicia-global\\\/#respond\"]}]},{\"@type\":\"WebPage\",\"@id\":\"https:\\\/\\\/www.casaldelsinfants.org\\\/es\\\/actualidad\\\/pobreza-zero-justicia-global\\\/\",\"url\":\"https:\\\/\\\/www.casaldelsinfants.org\\\/es\\\/actualidad\\\/pobreza-zero-justicia-global\\\/\",\"name\":\"Pobresa Zero-Just\u00edcia Global exige derechos fundamentales contra la pobreza y las desigualdades - Casal dels Infants\",\"isPartOf\":{\"@id\":\"https:\\\/\\\/www.casaldelsinfants.org\\\/es\\\/#website\"},\"primaryImageOfPage\":{\"@id\":\"https:\\\/\\\/www.casaldelsinfants.org\\\/es\\\/actualidad\\\/pobreza-zero-justicia-global\\\/#primaryimage\"},\"image\":{\"@id\":\"https:\\\/\\\/www.casaldelsinfants.org\\\/es\\\/actualidad\\\/pobreza-zero-justicia-global\\\/#primaryimage\"},\"thumbnailUrl\":\"https:\\\/\\\/www.casaldelsinfants.org\\\/wp-content\\\/uploads\\\/PZ-JG-FOTO-PZ-JG-JUOAN-LUZZATTI.jpg\",\"datePublished\":\"2023-05-23T12:06:34+00:00\",\"dateModified\":\"2023-05-23T12:07:04+00:00\",\"breadcrumb\":{\"@id\":\"https:\\\/\\\/www.casaldelsinfants.org\\\/es\\\/actualidad\\\/pobreza-zero-justicia-global\\\/#breadcrumb\"},\"inLanguage\":\"es\",\"potentialAction\":[{\"@type\":\"ReadAction\",\"target\":[\"https:\\\/\\\/www.casaldelsinfants.org\\\/es\\\/actualidad\\\/pobreza-zero-justicia-global\\\/\"]}]},{\"@type\":\"ImageObject\",\"inLanguage\":\"es\",\"@id\":\"https:\\\/\\\/www.casaldelsinfants.org\\\/es\\\/actualidad\\\/pobreza-zero-justicia-global\\\/#primaryimage\",\"url\":\"https:\\\/\\\/www.casaldelsinfants.org\\\/wp-content\\\/uploads\\\/PZ-JG-FOTO-PZ-JG-JUOAN-LUZZATTI.jpg\",\"contentUrl\":\"https:\\\/\\\/www.casaldelsinfants.org\\\/wp-content\\\/uploads\\\/PZ-JG-FOTO-PZ-JG-JUOAN-LUZZATTI.jpg\",\"width\":640,\"height\":383,\"caption\":\"Probresa Zero Just\u00edcia Global reclama drets fonamentals contra la pobresa i les desigualtats\"},{\"@type\":\"BreadcrumbList\",\"@id\":\"https:\\\/\\\/www.casaldelsinfants.org\\\/es\\\/actualidad\\\/pobreza-zero-justicia-global\\\/#breadcrumb\",\"itemListElement\":[{\"@type\":\"ListItem\",\"position\":1,\"name\":\"Inici\",\"item\":\"https:\\\/\\\/www.casaldelsinfants.org\\\/es\\\/\"},{\"@type\":\"ListItem\",\"position\":2,\"name\":\"Pobresa Zero-Just\u00edcia Global exige derechos fundamentales contra la pobreza y las desigualdades\"}]},{\"@type\":\"WebSite\",\"@id\":\"https:\\\/\\\/www.casaldelsinfants.org\\\/es\\\/#website\",\"url\":\"https:\\\/\\\/www.casaldelsinfants.org\\\/es\\\/\",\"name\":\"Casal dels Infants\",\"description\":\"\",\"publisher\":{\"@id\":\"https:\\\/\\\/www.casaldelsinfants.org\\\/es\\\/#organization\"},\"potentialAction\":[{\"@type\":\"SearchAction\",\"target\":{\"@type\":\"EntryPoint\",\"urlTemplate\":\"https:\\\/\\\/www.casaldelsinfants.org\\\/es\\\/?s={search_term_string}\"},\"query-input\":{\"@type\":\"PropertyValueSpecification\",\"valueRequired\":true,\"valueName\":\"search_term_string\"}}],\"inLanguage\":\"es\"},{\"@type\":\"Organization\",\"@id\":\"https:\\\/\\\/www.casaldelsinfants.org\\\/es\\\/#organization\",\"name\":\"Casal dels Infants\",\"url\":\"https:\\\/\\\/www.casaldelsinfants.org\\\/es\\\/\",\"logo\":{\"@type\":\"ImageObject\",\"inLanguage\":\"es\",\"@id\":\"https:\\\/\\\/www.casaldelsinfants.org\\\/es\\\/#\\\/schema\\\/logo\\\/image\\\/\",\"url\":\"https:\\\/\\\/www.casaldelsinfants.org\\\/wp-content\\\/uploads\\\/logo-mail.png\",\"contentUrl\":\"https:\\\/\\\/www.casaldelsinfants.org\\\/wp-content\\\/uploads\\\/logo-mail.png\",\"width\":380,\"height\":158,\"caption\":\"Casal dels Infants\"},\"image\":{\"@id\":\"https:\\\/\\\/www.casaldelsinfants.org\\\/es\\\/#\\\/schema\\\/logo\\\/image\\\/\"},\"sameAs\":[\"https:\\\/\\\/www.facebook.com\\\/casalinfants\",\"https:\\\/\\\/x.com\\\/casalinfants\",\"https:\\\/\\\/www.youtube.com\\\/user\\\/CasaldelsInfants1\",\"https:\\\/\\\/www.instagram.com\\\/casalinfants\\\/\",\"https:\\\/\\\/www.linkedin.com\\\/company\\\/casaldelsinfants?trk=organization-update_share-update_actor-text\"]},{\"@type\":\"Person\",\"@id\":\"https:\\\/\\\/www.casaldelsinfants.org\\\/es\\\/#\\\/schema\\\/person\\\/97707fc8c64900cf36891127dbf9fba8\",\"name\":\"cdiAdmin\",\"sameAs\":[\"https:\\\/\\\/casaldelsinfants.org\"]}]}<\/script>\n<!-- \/ Yoast SEO plugin. -->","yoast_head_json":{"title":"Pobresa Zero-Just\u00edcia Global exige derechos fundamentales contra la pobreza y las desigualdades - Casal dels Infants","robots":{"index":"index","follow":"follow","max-snippet":"max-snippet:-1","max-image-preview":"max-image-preview:large","max-video-preview":"max-video-preview:-1"},"canonical":"https:\/\/www.casaldelsinfants.org\/es\/actualidad\/pobreza-zero-justicia-global\/","og_locale":"es_ES","og_type":"article","og_title":"Pobresa Zero-Just\u00edcia Global exige derechos fundamentales contra la pobreza y las desigualdades - Casal dels Infants","og_description":"La plataforma Pobresa Zero-Just\u00edcia Global (PZ-JG), integrada por m\u00e1s de 3.200 entidades, entre las cuales el Casal dels Infants, ha exigido esta ma\u00f1ana la garant\u00eda de los derechos fundamentales de la ciudadan\u00eda para poder erradicar la pobreza y las desigualdades, el objetivo por el cual se articula la plataforma. Lo ha hecho en un acto [&hellip;]","og_url":"https:\/\/www.casaldelsinfants.org\/es\/actualidad\/pobreza-zero-justicia-global\/","og_site_name":"Casal dels Infants","article_publisher":"https:\/\/www.facebook.com\/casalinfants","article_published_time":"2023-05-23T12:06:34+00:00","article_modified_time":"2023-05-23T12:07:04+00:00","og_image":[{"width":640,"height":383,"url":"https:\/\/www.casaldelsinfants.org\/wp-content\/uploads\/PZ-JG-FOTO-PZ-JG-JUOAN-LUZZATTI.jpg","type":"image\/jpeg"}],"author":"cdiAdmin","twitter_card":"summary_large_image","twitter_creator":"@casalinfants","twitter_site":"@casalinfants","twitter_misc":{"Escrito por":"cdiAdmin","Tiempo de lectura":"2 minutos"},"schema":{"@context":"https:\/\/schema.org","@graph":[{"@type":"Article","@id":"https:\/\/www.casaldelsinfants.org\/es\/actualidad\/pobreza-zero-justicia-global\/#article","isPartOf":{"@id":"https:\/\/www.casaldelsinfants.org\/es\/actualidad\/pobreza-zero-justicia-global\/"},"author":{"name":"cdiAdmin","@id":"https:\/\/www.casaldelsinfants.org\/es\/#\/schema\/person\/97707fc8c64900cf36891127dbf9fba8"},"headline":"Pobresa Zero-Just\u00edcia Global exige derechos fundamentales contra la pobreza y las desigualdades","datePublished":"2023-05-23T12:06:34+00:00","dateModified":"2023-05-23T12:07:04+00:00","mainEntityOfPage":{"@id":"https:\/\/www.casaldelsinfants.org\/es\/actualidad\/pobreza-zero-justicia-global\/"},"wordCount":382,"commentCount":0,"publisher":{"@id":"https:\/\/www.casaldelsinfants.org\/es\/#organization"},"image":{"@id":"https:\/\/www.casaldelsinfants.org\/es\/actualidad\/pobreza-zero-justicia-global\/#primaryimage"},"thumbnailUrl":"https:\/\/www.casaldelsinfants.org\/wp-content\/uploads\/PZ-JG-FOTO-PZ-JG-JUOAN-LUZZATTI.jpg","articleSection":["Noticia"],"inLanguage":"es","potentialAction":[{"@type":"CommentAction","name":"Comment","target":["https:\/\/www.casaldelsinfants.org\/es\/actualidad\/pobreza-zero-justicia-global\/#respond"]}]},{"@type":"WebPage","@id":"https:\/\/www.casaldelsinfants.org\/es\/actualidad\/pobreza-zero-justicia-global\/","url":"https:\/\/www.casaldelsinfants.org\/es\/actualidad\/pobreza-zero-justicia-global\/","name":"Pobresa Zero-Just\u00edcia Global exige derechos fundamentales contra la pobreza y las desigualdades - Casal dels Infants","isPartOf":{"@id":"https:\/\/www.casaldelsinfants.org\/es\/#website"},"primaryImageOfPage":{"@id":"https:\/\/www.casaldelsinfants.org\/es\/actualidad\/pobreza-zero-justicia-global\/#primaryimage"},"image":{"@id":"https:\/\/www.casaldelsinfants.org\/es\/actualidad\/pobreza-zero-justicia-global\/#primaryimage"},"thumbnailUrl":"https:\/\/www.casaldelsinfants.org\/wp-content\/uploads\/PZ-JG-FOTO-PZ-JG-JUOAN-LUZZATTI.jpg","datePublished":"2023-05-23T12:06:34+00:00","dateModified":"2023-05-23T12:07:04+00:00","breadcrumb":{"@id":"https:\/\/www.casaldelsinfants.org\/es\/actualidad\/pobreza-zero-justicia-global\/#breadcrumb"},"inLanguage":"es","potentialAction":[{"@type":"ReadAction","target":["https:\/\/www.casaldelsinfants.org\/es\/actualidad\/pobreza-zero-justicia-global\/"]}]},{"@type":"ImageObject","inLanguage":"es","@id":"https:\/\/www.casaldelsinfants.org\/es\/actualidad\/pobreza-zero-justicia-global\/#primaryimage","url":"https:\/\/www.casaldelsinfants.org\/wp-content\/uploads\/PZ-JG-FOTO-PZ-JG-JUOAN-LUZZATTI.jpg","contentUrl":"https:\/\/www.casaldelsinfants.org\/wp-content\/uploads\/PZ-JG-FOTO-PZ-JG-JUOAN-LUZZATTI.jpg","width":640,"height":383,"caption":"Probresa Zero Just\u00edcia Global reclama drets fonamentals contra la pobresa i les desigualtats"},{"@type":"BreadcrumbList","@id":"https:\/\/www.casaldelsinfants.org\/es\/actualidad\/pobreza-zero-justicia-global\/#breadcrumb","itemListElement":[{"@type":"ListItem","position":1,"name":"Inici","item":"https:\/\/www.casaldelsinfants.org\/es\/"},{"@type":"ListItem","position":2,"name":"Pobresa Zero-Just\u00edcia Global exige derechos fundamentales contra la pobreza y las desigualdades"}]},{"@type":"WebSite","@id":"https:\/\/www.casaldelsinfants.org\/es\/#website","url":"https:\/\/www.casaldelsinfants.org\/es\/","name":"Casal dels Infants","description":"","publisher":{"@id":"https:\/\/www.casaldelsinfants.org\/es\/#organization"},"potentialAction":[{"@type":"SearchAction","target":{"@type":"EntryPoint","urlTemplate":"https:\/\/www.casaldelsinfants.org\/es\/?s={search_term_string}"},"query-input":{"@type":"PropertyValueSpecification","valueRequired":true,"valueName":"search_term_string"}}],"inLanguage":"es"},{"@type":"Organization","@id":"https:\/\/www.casaldelsinfants.org\/es\/#organization","name":"Casal dels Infants","url":"https:\/\/www.casaldelsinfants.org\/es\/","logo":{"@type":"ImageObject","inLanguage":"es","@id":"https:\/\/www.casaldelsinfants.org\/es\/#\/schema\/logo\/image\/","url":"https:\/\/www.casaldelsinfants.org\/wp-content\/uploads\/logo-mail.png","contentUrl":"https:\/\/www.casaldelsinfants.org\/wp-content\/uploads\/logo-mail.png","width":380,"height":158,"caption":"Casal dels Infants"},"image":{"@id":"https:\/\/www.casaldelsinfants.org\/es\/#\/schema\/logo\/image\/"},"sameAs":["https:\/\/www.facebook.com\/casalinfants","https:\/\/x.com\/casalinfants","https:\/\/www.youtube.com\/user\/CasaldelsInfants1","https:\/\/www.instagram.com\/casalinfants\/","https:\/\/www.linkedin.com\/company\/casaldelsinfants?trk=organization-update_share-update_actor-text"]},{"@type":"Person","@id":"https:\/\/www.casaldelsinfants.org\/es\/#\/schema\/person\/97707fc8c64900cf36891127dbf9fba8","name":"cdiAdmin","sameAs":["https:\/\/casaldelsinfants.org"]}]}},"publishpress_future_action":{"enabled":false,"date":"2026-05-07 11:12:49","action":"change-status","newStatus":"draft","terms":[],"taxonomy":"category","extraData":[]},"publishpress_future_workflow_manual_trigger":{"enabledWorkflows":[]},"_links":{"self":[{"href":"https:\/\/www.casaldelsinfants.org\/es\/wp-json\/wp\/v2\/posts\/10658","targetHints":{"allow":["GET"]}}],"collection":[{"href":"https:\/\/www.casaldelsinfants.org\/es\/wp-json\/wp\/v2\/posts"}],"about":[{"href":"https:\/\/www.casaldelsinfants.org\/es\/wp-json\/wp\/v2\/types\/post"}],"author":[{"embeddable":true,"href":"https:\/\/www.casaldelsinfants.org\/es\/wp-json\/wp\/v2\/users\/1"}],"replies":[{"embeddable":true,"href":"https:\/\/www.casaldelsinfants.org\/es\/wp-json\/wp\/v2\/comments?post=10658"}],"version-history":[{"count":1,"href":"https:\/\/www.casaldelsinfants.org\/es\/wp-json\/wp\/v2\/posts\/10658\/revisions"}],"predecessor-version":[{"id":10659,"href":"https:\/\/www.casaldelsinfants.org\/es\/wp-json\/wp\/v2\/posts\/10658\/revisions\/10659"}],"wp:featuredmedia":[{"embeddable":true,"href":"https:\/\/www.casaldelsinfants.org\/es\/wp-json\/wp\/v2\/media\/3664"}],"wp:attachment":[{"href":"https:\/\/www.casaldelsinfants.org\/es\/wp-json\/wp\/v2\/media?parent=10658"}],"wp:term":[{"taxonomy":"category","embeddable":true,"href":"https:\/\/www.casaldelsinfants.org\/es\/wp-json\/wp\/v2\/categories?post=10658"},{"taxonomy":"post_tag","embeddable":true,"href":"https:\/\/www.casaldelsinfants.org\/es\/wp-json\/wp\/v2\/tags?post=10658"},{"taxonomy":"seus","embeddable":true,"href":"https:\/\/www.casaldelsinfants.org\/es\/wp-json\/wp\/v2\/seus?post=10658"},{"taxonomy":"eixos","embeddable":true,"href":"https:\/\/www.casaldelsinfants.org\/es\/wp-json\/wp\/v2\/eixos?post=10658"}],"curies":[{"name":"wp","href":"https:\/\/api.w.org\/{rel}","templated":true}]}}