{"id":10660,"date":"2023-05-23T14:09:52","date_gmt":"2023-05-23T12:09:52","guid":{"rendered":"https:\/\/casal.puntzero.cat\/?p=10660"},"modified":"2023-05-23T14:10:28","modified_gmt":"2023-05-23T12:10:28","slug":"reflexion-y-participacion-activa-en-el-dia-universal-de-los-derechos-de-la-infancia-2","status":"publish","type":"post","link":"https:\/\/www.casaldelsinfants.org\/es\/actualidad\/dia-universal-derechos-infancia\/","title":{"rendered":"Reflexi\u00f3n y participaci\u00f3n activa en el D\u00eda Universal de los Derechos de la Infancia"},"content":{"rendered":"<p class=\"verd\"><span style=\"color:#000000;\">Las ni\u00f1as y los ni\u00f1os del <strong>Casal dels Infants<\/strong> participaron este lunes 20 de noviembre en distintas actividades relacionadas con el<strong> D\u00eda Universal de los Derechos de la Infancia<\/strong>, aprendiendo as\u00ed desde peque\u00f1os sus principales derechos y la importancia de reivindicarlos.<\/span><\/p>\n<p class=\"verd\"><span style=\"color:#000000;\">Lo hicieron, como siempre, acompa\u00f1ados por los educadores y educadoras y las personas voluntarias, y en algunos casos compartiendo actividades con ni\u00f1as y ni\u00f1os de otras entidades sociales. En el proyecto<strong> Vincles<\/strong> (V\u00ednculos) del Casal dels Infants de <strong>Badalona<\/strong>, por ejemplo, las madres y sus hijos hicieron un <strong>mural<\/strong> en el cual escribieron derechos, que despu\u00e9s relacionaron con dibujos. Reforzaron as\u00ed sus competencias ling\u00fc\u00edsticas y reflexionaron sobre los derechos de la infancia que no se respetan.<\/span><\/p>\n<p class=\"verd\"><span style=\"color:#000000;\">En el Casal dels Infants de <strong>Santa Coloma de Gramenet<\/strong> la actividad la compartieron todos los centros abiertos de la ciudad en el Mas Fonollar, y se centr\u00f3 en conocer y defender el <strong>derecho a la participaci\u00f3n de las ni\u00f1as y los ni\u00f1os<\/strong>. Hubo juegos tradicionales, un mural y propuestas para mejorar la ciudad.<\/span><\/p>\n<p class=\"verd\"><span style=\"color:#000000;\">En cuanto a las ni\u00f1as y los ni\u00f1os del Casal dels Infants del <strong>Bes\u00f2s-La Mina<\/strong>, participaron en la jornada junto a otras entidades del Proyecto educativo del barrio de La Mina (<strong>PEB Mina<\/strong>). Cada una de estas entidades se encarg\u00f3 de dinamizar actividades relacionadas con un derecho concreto. Los chicos y chicas disfrutaron de un almuerzo saludable y de un espect\u00e1culo musical. Por parte del Ayuntamiento, se ley\u00f3 el manifiesto institucional \u201cMunicipio comprometido con la infancia refugiada\u201d.<\/span><\/p>\n<p class=\"verd\"><span style=\"color:#000000;\">En el Casal dels Infants de <strong>Salt<\/strong> las actividades vinculadas al D\u00eda Universal de los Derechos de la Infancia duraron toda la semana. El lunes, para empezar, las ni\u00f1as y los ni\u00f1os <strong>reflexionaron a trav\u00e9s del teatro<\/strong>: un grupo interpretaba escenas donde se daban violaciones de derechos, y el grupo que hac\u00eda de espectador ten\u00eda que proponer cambios en el gui\u00f3n para corregir estas violaciones (inspir\u00e1ndose as\u00ed en la metodolog\u00eda del teatro del oprimido). Todo ello con el apoyo de las <a href=\"https:\/\/www.youtube.com\/watch?v=E00Lo3I8jSc\"><strong>educadoras, que tambi\u00e9n se pusieron en el lugar de los m\u00e1s peque\u00f1os<\/strong><\/a>.<\/span><\/p>\n<p class=\"verd\"><span style=\"color:#000000;\">En el barrio del <strong>Raval<\/strong>, el Casal Familiar recibi\u00f3 la <strong>visita de la Associaci\u00f3 Catalana per la Inf\u00e0ncia Maltractada<\/strong> (ACIM), que realiz\u00f3 un taller introductorio a los derechos de las ni\u00f1as y los ni\u00f1os a familias con hijos de 3 a 6 a\u00f1os.<\/span><\/p>\n","protected":false},"excerpt":{"rendered":"<p>Las ni\u00f1as y los ni\u00f1os del Casal dels Infants participaron este lunes 20 de noviembre en distintas actividades relacionadas con el D\u00eda Universal de los Derechos de la Infancia, aprendiendo as\u00ed desde peque\u00f1os sus principales derechos y la importancia de reivindicarlos. Lo hicieron, como siempre, acompa\u00f1ados por los educadores y educadoras y las personas voluntarias, [&hellip;]<\/p>\n","protected":false},"author":1,"featured_media":3583,"comment_status":"open","ping_status":"open","sticky":false,"template":"","format":"standard","meta":{"_acf_changed":false,"_et_pb_use_builder":"","_et_pb_old_content":"","_et_gb_content_width":"","inline_featured_image":false,"footnotes":""},"categories":[125],"tags":[],"seus":[],"eixos":[99],"class_list":["post-10660","post","type-post","status-publish","format-standard","has-post-thumbnail","hentry","category-noticias","eixos-infancia-y-adolescencia"],"acf":[],"yoast_head":"<!-- This site is optimized with the Yoast SEO plugin v27.4 - https:\/\/yoast.com\/product\/yoast-seo-wordpress\/ -->\n<title>Reflexi\u00f3n y participaci\u00f3n activa en el D\u00eda Universal de los Derechos de la Infancia - Casal dels Infants<\/title>\n<meta name=\"robots\" content=\"index, follow, max-snippet:-1, max-image-preview:large, max-video-preview:-1\" \/>\n<link rel=\"canonical\" href=\"https:\/\/www.casaldelsinfants.org\/es\/actualidad\/dia-universal-derechos-infancia\/\" \/>\n<meta property=\"og:locale\" content=\"es_ES\" \/>\n<meta property=\"og:type\" content=\"article\" \/>\n<meta property=\"og:title\" content=\"Reflexi\u00f3n y participaci\u00f3n activa en el D\u00eda Universal de los Derechos de la Infancia - Casal dels Infants\" \/>\n<meta property=\"og:description\" content=\"Las ni\u00f1as y los ni\u00f1os del Casal dels Infants participaron este lunes 20 de noviembre en distintas actividades relacionadas con el D\u00eda Universal de los Derechos de la Infancia, aprendiendo as\u00ed desde peque\u00f1os sus principales derechos y la importancia de reivindicarlos. Lo hicieron, como siempre, acompa\u00f1ados por los educadores y educadoras y las personas voluntarias, [&hellip;]\" \/>\n<meta property=\"og:url\" content=\"https:\/\/www.casaldelsinfants.org\/es\/actualidad\/dia-universal-derechos-infancia\/\" \/>\n<meta property=\"og:site_name\" content=\"Casal dels Infants\" \/>\n<meta property=\"article:publisher\" content=\"https:\/\/www.facebook.com\/casalinfants\" \/>\n<meta property=\"article:published_time\" content=\"2023-05-23T12:09:52+00:00\" \/>\n<meta property=\"article:modified_time\" content=\"2023-05-23T12:10:28+00:00\" \/>\n<meta property=\"og:image\" content=\"https:\/\/www.casaldelsinfants.org\/wp-content\/uploads\/IMG-20171120-WA0015.jpg\" \/>\n\t<meta property=\"og:image:width\" content=\"1600\" \/>\n\t<meta property=\"og:image:height\" content=\"1200\" \/>\n\t<meta property=\"og:image:type\" content=\"image\/jpeg\" \/>\n<meta name=\"author\" content=\"cdiAdmin\" \/>\n<meta name=\"twitter:card\" content=\"summary_large_image\" \/>\n<meta name=\"twitter:creator\" content=\"@casalinfants\" \/>\n<meta name=\"twitter:site\" content=\"@casalinfants\" \/>\n<meta name=\"twitter:label1\" content=\"Escrito por\" \/>\n\t<meta name=\"twitter:data1\" content=\"cdiAdmin\" \/>\n\t<meta name=\"twitter:label2\" content=\"Tiempo de lectura\" \/>\n\t<meta name=\"twitter:data2\" content=\"3 minutos\" \/>\n<script type=\"application\/ld+json\" class=\"yoast-schema-graph\">{\"@context\":\"https:\\\/\\\/schema.org\",\"@graph\":[{\"@type\":\"Article\",\"@id\":\"https:\\\/\\\/www.casaldelsinfants.org\\\/es\\\/actualidad\\\/dia-universal-derechos-infancia\\\/#article\",\"isPartOf\":{\"@id\":\"https:\\\/\\\/www.casaldelsinfants.org\\\/es\\\/actualidad\\\/dia-universal-derechos-infancia\\\/\"},\"author\":{\"name\":\"cdiAdmin\",\"@id\":\"https:\\\/\\\/www.casaldelsinfants.org\\\/es\\\/#\\\/schema\\\/person\\\/97707fc8c64900cf36891127dbf9fba8\"},\"headline\":\"Reflexi\u00f3n y participaci\u00f3n activa en el D\u00eda Universal de los Derechos de la Infancia\",\"datePublished\":\"2023-05-23T12:09:52+00:00\",\"dateModified\":\"2023-05-23T12:10:28+00:00\",\"mainEntityOfPage\":{\"@id\":\"https:\\\/\\\/www.casaldelsinfants.org\\\/es\\\/actualidad\\\/dia-universal-derechos-infancia\\\/\"},\"wordCount\":431,\"commentCount\":0,\"publisher\":{\"@id\":\"https:\\\/\\\/www.casaldelsinfants.org\\\/es\\\/#organization\"},\"image\":{\"@id\":\"https:\\\/\\\/www.casaldelsinfants.org\\\/es\\\/actualidad\\\/dia-universal-derechos-infancia\\\/#primaryimage\"},\"thumbnailUrl\":\"https:\\\/\\\/www.casaldelsinfants.org\\\/wp-content\\\/uploads\\\/IMG-20171120-WA0015.jpg\",\"articleSection\":[\"Noticia\"],\"inLanguage\":\"es\",\"potentialAction\":[{\"@type\":\"CommentAction\",\"name\":\"Comment\",\"target\":[\"https:\\\/\\\/www.casaldelsinfants.org\\\/es\\\/actualidad\\\/dia-universal-derechos-infancia\\\/#respond\"]}]},{\"@type\":\"WebPage\",\"@id\":\"https:\\\/\\\/www.casaldelsinfants.org\\\/es\\\/actualidad\\\/dia-universal-derechos-infancia\\\/\",\"url\":\"https:\\\/\\\/www.casaldelsinfants.org\\\/es\\\/actualidad\\\/dia-universal-derechos-infancia\\\/\",\"name\":\"Reflexi\u00f3n y participaci\u00f3n activa en el D\u00eda Universal de los Derechos de la Infancia - Casal dels Infants\",\"isPartOf\":{\"@id\":\"https:\\\/\\\/www.casaldelsinfants.org\\\/es\\\/#website\"},\"primaryImageOfPage\":{\"@id\":\"https:\\\/\\\/www.casaldelsinfants.org\\\/es\\\/actualidad\\\/dia-universal-derechos-infancia\\\/#primaryimage\"},\"image\":{\"@id\":\"https:\\\/\\\/www.casaldelsinfants.org\\\/es\\\/actualidad\\\/dia-universal-derechos-infancia\\\/#primaryimage\"},\"thumbnailUrl\":\"https:\\\/\\\/www.casaldelsinfants.org\\\/wp-content\\\/uploads\\\/IMG-20171120-WA0015.jpg\",\"datePublished\":\"2023-05-23T12:09:52+00:00\",\"dateModified\":\"2023-05-23T12:10:28+00:00\",\"breadcrumb\":{\"@id\":\"https:\\\/\\\/www.casaldelsinfants.org\\\/es\\\/actualidad\\\/dia-universal-derechos-infancia\\\/#breadcrumb\"},\"inLanguage\":\"es\",\"potentialAction\":[{\"@type\":\"ReadAction\",\"target\":[\"https:\\\/\\\/www.casaldelsinfants.org\\\/es\\\/actualidad\\\/dia-universal-derechos-infancia\\\/\"]}]},{\"@type\":\"ImageObject\",\"inLanguage\":\"es\",\"@id\":\"https:\\\/\\\/www.casaldelsinfants.org\\\/es\\\/actualidad\\\/dia-universal-derechos-infancia\\\/#primaryimage\",\"url\":\"https:\\\/\\\/www.casaldelsinfants.org\\\/wp-content\\\/uploads\\\/IMG-20171120-WA0015.jpg\",\"contentUrl\":\"https:\\\/\\\/www.casaldelsinfants.org\\\/wp-content\\\/uploads\\\/IMG-20171120-WA0015.jpg\",\"width\":1600,\"height\":1200,\"caption\":\"Infants en una aula sostenint una pancarta pel dia universal dels Drets de l'Infant\"},{\"@type\":\"BreadcrumbList\",\"@id\":\"https:\\\/\\\/www.casaldelsinfants.org\\\/es\\\/actualidad\\\/dia-universal-derechos-infancia\\\/#breadcrumb\",\"itemListElement\":[{\"@type\":\"ListItem\",\"position\":1,\"name\":\"Inici\",\"item\":\"https:\\\/\\\/www.casaldelsinfants.org\\\/es\\\/\"},{\"@type\":\"ListItem\",\"position\":2,\"name\":\"Reflexi\u00f3n y participaci\u00f3n activa en el D\u00eda Universal de los Derechos de la Infancia\"}]},{\"@type\":\"WebSite\",\"@id\":\"https:\\\/\\\/www.casaldelsinfants.org\\\/es\\\/#website\",\"url\":\"https:\\\/\\\/www.casaldelsinfants.org\\\/es\\\/\",\"name\":\"Casal dels Infants\",\"description\":\"\",\"publisher\":{\"@id\":\"https:\\\/\\\/www.casaldelsinfants.org\\\/es\\\/#organization\"},\"potentialAction\":[{\"@type\":\"SearchAction\",\"target\":{\"@type\":\"EntryPoint\",\"urlTemplate\":\"https:\\\/\\\/www.casaldelsinfants.org\\\/es\\\/?s={search_term_string}\"},\"query-input\":{\"@type\":\"PropertyValueSpecification\",\"valueRequired\":true,\"valueName\":\"search_term_string\"}}],\"inLanguage\":\"es\"},{\"@type\":\"Organization\",\"@id\":\"https:\\\/\\\/www.casaldelsinfants.org\\\/es\\\/#organization\",\"name\":\"Casal dels Infants\",\"url\":\"https:\\\/\\\/www.casaldelsinfants.org\\\/es\\\/\",\"logo\":{\"@type\":\"ImageObject\",\"inLanguage\":\"es\",\"@id\":\"https:\\\/\\\/www.casaldelsinfants.org\\\/es\\\/#\\\/schema\\\/logo\\\/image\\\/\",\"url\":\"https:\\\/\\\/www.casaldelsinfants.org\\\/wp-content\\\/uploads\\\/logo-mail.png\",\"contentUrl\":\"https:\\\/\\\/www.casaldelsinfants.org\\\/wp-content\\\/uploads\\\/logo-mail.png\",\"width\":380,\"height\":158,\"caption\":\"Casal dels Infants\"},\"image\":{\"@id\":\"https:\\\/\\\/www.casaldelsinfants.org\\\/es\\\/#\\\/schema\\\/logo\\\/image\\\/\"},\"sameAs\":[\"https:\\\/\\\/www.facebook.com\\\/casalinfants\",\"https:\\\/\\\/x.com\\\/casalinfants\",\"https:\\\/\\\/www.youtube.com\\\/user\\\/CasaldelsInfants1\",\"https:\\\/\\\/www.instagram.com\\\/casalinfants\\\/\",\"https:\\\/\\\/www.linkedin.com\\\/company\\\/casaldelsinfants?trk=organization-update_share-update_actor-text\"]},{\"@type\":\"Person\",\"@id\":\"https:\\\/\\\/www.casaldelsinfants.org\\\/es\\\/#\\\/schema\\\/person\\\/97707fc8c64900cf36891127dbf9fba8\",\"name\":\"cdiAdmin\",\"sameAs\":[\"https:\\\/\\\/casaldelsinfants.org\"]}]}<\/script>\n<!-- \/ Yoast SEO plugin. -->","yoast_head_json":{"title":"Reflexi\u00f3n y participaci\u00f3n activa en el D\u00eda Universal de los Derechos de la Infancia - Casal dels Infants","robots":{"index":"index","follow":"follow","max-snippet":"max-snippet:-1","max-image-preview":"max-image-preview:large","max-video-preview":"max-video-preview:-1"},"canonical":"https:\/\/www.casaldelsinfants.org\/es\/actualidad\/dia-universal-derechos-infancia\/","og_locale":"es_ES","og_type":"article","og_title":"Reflexi\u00f3n y participaci\u00f3n activa en el D\u00eda Universal de los Derechos de la Infancia - Casal dels Infants","og_description":"Las ni\u00f1as y los ni\u00f1os del Casal dels Infants participaron este lunes 20 de noviembre en distintas actividades relacionadas con el D\u00eda Universal de los Derechos de la Infancia, aprendiendo as\u00ed desde peque\u00f1os sus principales derechos y la importancia de reivindicarlos. Lo hicieron, como siempre, acompa\u00f1ados por los educadores y educadoras y las personas voluntarias, [&hellip;]","og_url":"https:\/\/www.casaldelsinfants.org\/es\/actualidad\/dia-universal-derechos-infancia\/","og_site_name":"Casal dels Infants","article_publisher":"https:\/\/www.facebook.com\/casalinfants","article_published_time":"2023-05-23T12:09:52+00:00","article_modified_time":"2023-05-23T12:10:28+00:00","og_image":[{"width":1600,"height":1200,"url":"https:\/\/www.casaldelsinfants.org\/wp-content\/uploads\/IMG-20171120-WA0015.jpg","type":"image\/jpeg"}],"author":"cdiAdmin","twitter_card":"summary_large_image","twitter_creator":"@casalinfants","twitter_site":"@casalinfants","twitter_misc":{"Escrito por":"cdiAdmin","Tiempo de lectura":"3 minutos"},"schema":{"@context":"https:\/\/schema.org","@graph":[{"@type":"Article","@id":"https:\/\/www.casaldelsinfants.org\/es\/actualidad\/dia-universal-derechos-infancia\/#article","isPartOf":{"@id":"https:\/\/www.casaldelsinfants.org\/es\/actualidad\/dia-universal-derechos-infancia\/"},"author":{"name":"cdiAdmin","@id":"https:\/\/www.casaldelsinfants.org\/es\/#\/schema\/person\/97707fc8c64900cf36891127dbf9fba8"},"headline":"Reflexi\u00f3n y participaci\u00f3n activa en el D\u00eda Universal de los Derechos de la Infancia","datePublished":"2023-05-23T12:09:52+00:00","dateModified":"2023-05-23T12:10:28+00:00","mainEntityOfPage":{"@id":"https:\/\/www.casaldelsinfants.org\/es\/actualidad\/dia-universal-derechos-infancia\/"},"wordCount":431,"commentCount":0,"publisher":{"@id":"https:\/\/www.casaldelsinfants.org\/es\/#organization"},"image":{"@id":"https:\/\/www.casaldelsinfants.org\/es\/actualidad\/dia-universal-derechos-infancia\/#primaryimage"},"thumbnailUrl":"https:\/\/www.casaldelsinfants.org\/wp-content\/uploads\/IMG-20171120-WA0015.jpg","articleSection":["Noticia"],"inLanguage":"es","potentialAction":[{"@type":"CommentAction","name":"Comment","target":["https:\/\/www.casaldelsinfants.org\/es\/actualidad\/dia-universal-derechos-infancia\/#respond"]}]},{"@type":"WebPage","@id":"https:\/\/www.casaldelsinfants.org\/es\/actualidad\/dia-universal-derechos-infancia\/","url":"https:\/\/www.casaldelsinfants.org\/es\/actualidad\/dia-universal-derechos-infancia\/","name":"Reflexi\u00f3n y participaci\u00f3n activa en el D\u00eda Universal de los Derechos de la Infancia - Casal dels Infants","isPartOf":{"@id":"https:\/\/www.casaldelsinfants.org\/es\/#website"},"primaryImageOfPage":{"@id":"https:\/\/www.casaldelsinfants.org\/es\/actualidad\/dia-universal-derechos-infancia\/#primaryimage"},"image":{"@id":"https:\/\/www.casaldelsinfants.org\/es\/actualidad\/dia-universal-derechos-infancia\/#primaryimage"},"thumbnailUrl":"https:\/\/www.casaldelsinfants.org\/wp-content\/uploads\/IMG-20171120-WA0015.jpg","datePublished":"2023-05-23T12:09:52+00:00","dateModified":"2023-05-23T12:10:28+00:00","breadcrumb":{"@id":"https:\/\/www.casaldelsinfants.org\/es\/actualidad\/dia-universal-derechos-infancia\/#breadcrumb"},"inLanguage":"es","potentialAction":[{"@type":"ReadAction","target":["https:\/\/www.casaldelsinfants.org\/es\/actualidad\/dia-universal-derechos-infancia\/"]}]},{"@type":"ImageObject","inLanguage":"es","@id":"https:\/\/www.casaldelsinfants.org\/es\/actualidad\/dia-universal-derechos-infancia\/#primaryimage","url":"https:\/\/www.casaldelsinfants.org\/wp-content\/uploads\/IMG-20171120-WA0015.jpg","contentUrl":"https:\/\/www.casaldelsinfants.org\/wp-content\/uploads\/IMG-20171120-WA0015.jpg","width":1600,"height":1200,"caption":"Infants en una aula sostenint una pancarta pel dia universal dels Drets de l'Infant"},{"@type":"BreadcrumbList","@id":"https:\/\/www.casaldelsinfants.org\/es\/actualidad\/dia-universal-derechos-infancia\/#breadcrumb","itemListElement":[{"@type":"ListItem","position":1,"name":"Inici","item":"https:\/\/www.casaldelsinfants.org\/es\/"},{"@type":"ListItem","position":2,"name":"Reflexi\u00f3n y participaci\u00f3n activa en el D\u00eda Universal de los Derechos de la Infancia"}]},{"@type":"WebSite","@id":"https:\/\/www.casaldelsinfants.org\/es\/#website","url":"https:\/\/www.casaldelsinfants.org\/es\/","name":"Casal dels Infants","description":"","publisher":{"@id":"https:\/\/www.casaldelsinfants.org\/es\/#organization"},"potentialAction":[{"@type":"SearchAction","target":{"@type":"EntryPoint","urlTemplate":"https:\/\/www.casaldelsinfants.org\/es\/?s={search_term_string}"},"query-input":{"@type":"PropertyValueSpecification","valueRequired":true,"valueName":"search_term_string"}}],"inLanguage":"es"},{"@type":"Organization","@id":"https:\/\/www.casaldelsinfants.org\/es\/#organization","name":"Casal dels Infants","url":"https:\/\/www.casaldelsinfants.org\/es\/","logo":{"@type":"ImageObject","inLanguage":"es","@id":"https:\/\/www.casaldelsinfants.org\/es\/#\/schema\/logo\/image\/","url":"https:\/\/www.casaldelsinfants.org\/wp-content\/uploads\/logo-mail.png","contentUrl":"https:\/\/www.casaldelsinfants.org\/wp-content\/uploads\/logo-mail.png","width":380,"height":158,"caption":"Casal dels Infants"},"image":{"@id":"https:\/\/www.casaldelsinfants.org\/es\/#\/schema\/logo\/image\/"},"sameAs":["https:\/\/www.facebook.com\/casalinfants","https:\/\/x.com\/casalinfants","https:\/\/www.youtube.com\/user\/CasaldelsInfants1","https:\/\/www.instagram.com\/casalinfants\/","https:\/\/www.linkedin.com\/company\/casaldelsinfants?trk=organization-update_share-update_actor-text"]},{"@type":"Person","@id":"https:\/\/www.casaldelsinfants.org\/es\/#\/schema\/person\/97707fc8c64900cf36891127dbf9fba8","name":"cdiAdmin","sameAs":["https:\/\/casaldelsinfants.org"]}]}},"publishpress_future_action":{"enabled":false,"date":"2026-05-07 10:06:09","action":"change-status","newStatus":"draft","terms":[],"taxonomy":"category","extraData":[]},"publishpress_future_workflow_manual_trigger":{"enabledWorkflows":[]},"_links":{"self":[{"href":"https:\/\/www.casaldelsinfants.org\/es\/wp-json\/wp\/v2\/posts\/10660","targetHints":{"allow":["GET"]}}],"collection":[{"href":"https:\/\/www.casaldelsinfants.org\/es\/wp-json\/wp\/v2\/posts"}],"about":[{"href":"https:\/\/www.casaldelsinfants.org\/es\/wp-json\/wp\/v2\/types\/post"}],"author":[{"embeddable":true,"href":"https:\/\/www.casaldelsinfants.org\/es\/wp-json\/wp\/v2\/users\/1"}],"replies":[{"embeddable":true,"href":"https:\/\/www.casaldelsinfants.org\/es\/wp-json\/wp\/v2\/comments?post=10660"}],"version-history":[{"count":1,"href":"https:\/\/www.casaldelsinfants.org\/es\/wp-json\/wp\/v2\/posts\/10660\/revisions"}],"predecessor-version":[{"id":10661,"href":"https:\/\/www.casaldelsinfants.org\/es\/wp-json\/wp\/v2\/posts\/10660\/revisions\/10661"}],"wp:featuredmedia":[{"embeddable":true,"href":"https:\/\/www.casaldelsinfants.org\/es\/wp-json\/wp\/v2\/media\/3583"}],"wp:attachment":[{"href":"https:\/\/www.casaldelsinfants.org\/es\/wp-json\/wp\/v2\/media?parent=10660"}],"wp:term":[{"taxonomy":"category","embeddable":true,"href":"https:\/\/www.casaldelsinfants.org\/es\/wp-json\/wp\/v2\/categories?post=10660"},{"taxonomy":"post_tag","embeddable":true,"href":"https:\/\/www.casaldelsinfants.org\/es\/wp-json\/wp\/v2\/tags?post=10660"},{"taxonomy":"seus","embeddable":true,"href":"https:\/\/www.casaldelsinfants.org\/es\/wp-json\/wp\/v2\/seus?post=10660"},{"taxonomy":"eixos","embeddable":true,"href":"https:\/\/www.casaldelsinfants.org\/es\/wp-json\/wp\/v2\/eixos?post=10660"}],"curies":[{"name":"wp","href":"https:\/\/api.w.org\/{rel}","templated":true}]}}