{"id":12515,"date":"2023-06-27T13:39:23","date_gmt":"2023-06-27T11:39:23","guid":{"rendered":"https:\/\/www.casaldelsinfants.org\/?p=12515"},"modified":"2023-06-27T13:43:12","modified_gmt":"2023-06-27T11:43:12","slug":"encuentrotchackayxavi","status":"publish","type":"post","link":"https:\/\/www.casaldelsinfants.org\/es\/actualidad\/encuentrotchackayxavi\/","title":{"rendered":"Tchacka Xavi: del sue\u00f1o de un ni\u00f1o a la lucha de un joven migrado"},"content":{"rendered":"<p>Tchacka Doumbia naci\u00f3 en Mali hace 28 a\u00f1os, y hace 12, cuando ten\u00eda 16, unos chicos de su pueblo le dijeron que si se iba a Barcelona conocer\u00eda Xavi, su gran \u00eddolo, e incluso que podr\u00eda hacerse futbolista y jugar con \u00e9l. \u00abCon la ropa que llevaba puesta me march\u00e9. Me comieron la cabeza, yo no ten\u00eda ni idea de qu\u00e9 me esperaba ni donde estaba Barcelona en el mapa, era solo un ni\u00f1o con un sue\u00f1o\u00bb, explica. Despu\u00e9s de un proceso migratorio largo y duro, cruzando el desierto y el Mediterr\u00e1neo, consigui\u00f3 llegar a Catalunya, donde todo era nuevo. \u00abIba como un pollo sin cabeza\u00bb, explica.<\/p>\n<p>Hoy, Tchacka tiene la oportunidad de hacer realidad el sue\u00f1o de aquel ni\u00f1o. Ve un entreno del primer equipo masculina del Bar\u00e7a y, al terminar, conoce Xavi. \u00abNo tengo palabras\u00bb, dice al terminar. Pero s\u00ed que le han salido, las palabras, repasando sus \u00faltimos a\u00f1os en Barcelona. Desde que est\u00e1 aqu\u00ed no ha parado de esforzarse en formase para tirar adelante: apender catal\u00e1n y castellano, hacer cursos formativos&#8230; Pero no se hab\u00edan acabado los escollos. Lo m\u00e1s dif\u00edcil fue y a\u00fan es conseguir el permiso de residencia con autorizaci\u00f3n a trabajar- De hecho, tantos a\u00f1os despu\u00e9s, a\u00fan est\u00e1 pendiente de conseguir la autorizaci\u00f3n para trabajar. La reforma del reglamento de estranger\u00eda de finales del 2021 rebaj\u00f3 los requisitos para poder conseguir este permiso a la joventud migrada extutelada, pero Tchacka no pudo acceder porque era mayor de 23 a\u00f1os, el tope de edad que fijaba la ley.<\/p>\n<p>&nbsp;<\/p>\n<p><img decoding=\"async\" class=\"wp-image-12511 aligncenter\" src=\"https:\/\/www.casaldelsinfants.org\/wp-content\/uploads\/Tchacka-i-Xavi-V-1.webp\" alt=\"En Tchacka i en Xavi es fan una selfie.\" width=\"800\" height=\"450\" \/><\/p>\n<p>&nbsp;<\/p>\n<p>\u00abAhora ya no sue\u00f1o en ser futbolista. S\u00e9 el sacrificio que hay detr\u00e1s y c\u00f3mo cuesta llegar all\u00ed\u00bb, explica. A pesar de esto, el f\u00fatbol s\u00ed que sigue presente en su d\u00eda a d\u00eda: entrena a equipos de ni\u00f1os y ni\u00f1as del C.D. Almeda. M\u00e1s all\u00e1 de ense\u00f1arles a jugar, para \u00e9l es importante transmitir valores como el respeto por los compa\u00f1eros y la no discriminaci\u00f3n por ninguna condici\u00f3n. Quiere evitar, entre otras cosas, que normalicen y reproduzcan actitudes racistas que \u00e9l ha sufrido.<\/p>\n<p>En la misma l\u00ednea, en el taller \u00abPodr\u00edas ser tu\u00bb de nuestro programa de educaci\u00f3n en valores de la Escola Suma, Tchacka ofrece charlas y juegos de rol a escuelas e institutos, para que el alumnado sea consciente de las desigualdades que nos rodean y, con pensamiento cr\u00edtico, tome conciencia de qu\u00e9 puede hacer para combatirlas.<\/p>\n","protected":false},"excerpt":{"rendered":"<p>Tchacka Doumbia naci\u00f3 en Mali hace 28 a\u00f1os, y hace 12, cuando ten\u00eda 16, unos chicos de su pueblo le dijeron que si se iba a Barcelona conocer\u00eda Xavi, su gran \u00eddolo, e incluso que podr\u00eda hacerse futbolista y jugar con \u00e9l. \u00abCon la ropa que llevaba puesta me march\u00e9. Me comieron la cabeza, yo [&hellip;]<\/p>\n","protected":false},"author":9,"featured_media":12510,"comment_status":"open","ping_status":"open","sticky":false,"template":"","format":"standard","meta":{"_acf_changed":false,"_et_pb_use_builder":"","_et_pb_old_content":"","_et_gb_content_width":"","inline_featured_image":false,"footnotes":""},"categories":[125],"tags":[],"seus":[],"eixos":[110],"class_list":["post-12515","post","type-post","status-publish","format-standard","has-post-thumbnail","hentry","category-noticias","eixos-comunidad-casal-dels-infants"],"acf":[],"yoast_head":"<!-- This site is optimized with the Yoast SEO plugin v27.4 - https:\/\/yoast.com\/product\/yoast-seo-wordpress\/ -->\n<title>Tchacka conoce a Xavi Hern\u00e1ndez - Casal dels Infants<\/title>\n<meta name=\"description\" content=\"Tchacka Doumbia naci\u00f3 en Mali hace 28 a\u00f1os, y hace 12, cuando ten\u00eda 16, unos chicos de su pueblo le dijeron que si se iba a Barcelona conocer\u00eda Xavi, su gran \u00eddolo, e incluso que podr\u00eda hacerse futbolista y jugar con \u00e9l. Hoy, Tchacka tiene la oportunidad de hacer realidad el sue\u00f1o de aquel ni\u00f1o.\" \/>\n<meta name=\"robots\" content=\"index, follow, max-snippet:-1, max-image-preview:large, max-video-preview:-1\" \/>\n<link rel=\"canonical\" href=\"https:\/\/www.casaldelsinfants.org\/es\/actualidad\/encuentrotchackayxavi\/\" \/>\n<meta property=\"og:locale\" content=\"es_ES\" \/>\n<meta property=\"og:type\" content=\"article\" \/>\n<meta property=\"og:title\" content=\"Tchacka conoce a Xavi Hern\u00e1ndez - Casal dels Infants\" \/>\n<meta property=\"og:description\" content=\"Tchacka Doumbia naci\u00f3 en Mali hace 28 a\u00f1os, y hace 12, cuando ten\u00eda 16, unos chicos de su pueblo le dijeron que si se iba a Barcelona conocer\u00eda Xavi, su gran \u00eddolo, e incluso que podr\u00eda hacerse futbolista y jugar con \u00e9l. Hoy, Tchacka tiene la oportunidad de hacer realidad el sue\u00f1o de aquel ni\u00f1o.\" \/>\n<meta property=\"og:url\" content=\"https:\/\/www.casaldelsinfants.org\/es\/actualidad\/encuentrotchackayxavi\/\" \/>\n<meta property=\"og:site_name\" content=\"Casal dels Infants\" \/>\n<meta property=\"article:publisher\" content=\"https:\/\/www.facebook.com\/casalinfants\" \/>\n<meta property=\"article:published_time\" content=\"2023-06-27T11:39:23+00:00\" \/>\n<meta property=\"article:modified_time\" content=\"2023-06-27T11:43:12+00:00\" \/>\n<meta property=\"og:image\" content=\"https:\/\/www.casaldelsinfants.org\/wp-content\/uploads\/Tchacka-i-Xavi-II-1.webp\" \/>\n\t<meta property=\"og:image:width\" content=\"1920\" \/>\n\t<meta property=\"og:image:height\" content=\"1080\" \/>\n\t<meta property=\"og:image:type\" content=\"image\/jpeg\" \/>\n<meta name=\"author\" content=\"julia\" \/>\n<meta name=\"twitter:card\" content=\"summary_large_image\" \/>\n<meta name=\"twitter:creator\" content=\"@casalinfants\" \/>\n<meta name=\"twitter:site\" content=\"@casalinfants\" \/>\n<meta name=\"twitter:label1\" content=\"Escrito por\" \/>\n\t<meta name=\"twitter:data1\" content=\"julia\" \/>\n\t<meta name=\"twitter:label2\" content=\"Tiempo de lectura\" \/>\n\t<meta name=\"twitter:data2\" content=\"3 minutos\" \/>\n<script type=\"application\/ld+json\" class=\"yoast-schema-graph\">{\"@context\":\"https:\\\/\\\/schema.org\",\"@graph\":[{\"@type\":\"Article\",\"@id\":\"https:\\\/\\\/www.casaldelsinfants.org\\\/es\\\/actualidad\\\/encuentrotchackayxavi\\\/#article\",\"isPartOf\":{\"@id\":\"https:\\\/\\\/www.casaldelsinfants.org\\\/es\\\/actualidad\\\/encuentrotchackayxavi\\\/\"},\"author\":{\"name\":\"julia\",\"@id\":\"https:\\\/\\\/www.casaldelsinfants.org\\\/es\\\/#\\\/schema\\\/person\\\/e870791b50f03fd60f872e1cd83910fc\"},\"headline\":\"Tchacka Xavi: del sue\u00f1o de un ni\u00f1o a la lucha de un joven migrado\",\"datePublished\":\"2023-06-27T11:39:23+00:00\",\"dateModified\":\"2023-06-27T11:43:12+00:00\",\"mainEntityOfPage\":{\"@id\":\"https:\\\/\\\/www.casaldelsinfants.org\\\/es\\\/actualidad\\\/encuentrotchackayxavi\\\/\"},\"wordCount\":450,\"commentCount\":0,\"publisher\":{\"@id\":\"https:\\\/\\\/www.casaldelsinfants.org\\\/es\\\/#organization\"},\"image\":{\"@id\":\"https:\\\/\\\/www.casaldelsinfants.org\\\/es\\\/actualidad\\\/encuentrotchackayxavi\\\/#primaryimage\"},\"thumbnailUrl\":\"https:\\\/\\\/www.casaldelsinfants.org\\\/wp-content\\\/uploads\\\/Tchacka-i-Xavi-II-1.webp\",\"articleSection\":[\"Noticia\"],\"inLanguage\":\"es\",\"potentialAction\":[{\"@type\":\"CommentAction\",\"name\":\"Comment\",\"target\":[\"https:\\\/\\\/www.casaldelsinfants.org\\\/es\\\/actualidad\\\/encuentrotchackayxavi\\\/#respond\"]}]},{\"@type\":\"WebPage\",\"@id\":\"https:\\\/\\\/www.casaldelsinfants.org\\\/es\\\/actualidad\\\/encuentrotchackayxavi\\\/\",\"url\":\"https:\\\/\\\/www.casaldelsinfants.org\\\/es\\\/actualidad\\\/encuentrotchackayxavi\\\/\",\"name\":\"Tchacka conoce a Xavi Hern\u00e1ndez - Casal dels Infants\",\"isPartOf\":{\"@id\":\"https:\\\/\\\/www.casaldelsinfants.org\\\/es\\\/#website\"},\"primaryImageOfPage\":{\"@id\":\"https:\\\/\\\/www.casaldelsinfants.org\\\/es\\\/actualidad\\\/encuentrotchackayxavi\\\/#primaryimage\"},\"image\":{\"@id\":\"https:\\\/\\\/www.casaldelsinfants.org\\\/es\\\/actualidad\\\/encuentrotchackayxavi\\\/#primaryimage\"},\"thumbnailUrl\":\"https:\\\/\\\/www.casaldelsinfants.org\\\/wp-content\\\/uploads\\\/Tchacka-i-Xavi-II-1.webp\",\"datePublished\":\"2023-06-27T11:39:23+00:00\",\"dateModified\":\"2023-06-27T11:43:12+00:00\",\"description\":\"Tchacka Doumbia naci\u00f3 en Mali hace 28 a\u00f1os, y hace 12, cuando ten\u00eda 16, unos chicos de su pueblo le dijeron que si se iba a Barcelona conocer\u00eda Xavi, su gran \u00eddolo, e incluso que podr\u00eda hacerse futbolista y jugar con \u00e9l. Hoy, Tchacka tiene la oportunidad de hacer realidad el sue\u00f1o de aquel ni\u00f1o.\",\"breadcrumb\":{\"@id\":\"https:\\\/\\\/www.casaldelsinfants.org\\\/es\\\/actualidad\\\/encuentrotchackayxavi\\\/#breadcrumb\"},\"inLanguage\":\"es\",\"potentialAction\":[{\"@type\":\"ReadAction\",\"target\":[\"https:\\\/\\\/www.casaldelsinfants.org\\\/es\\\/actualidad\\\/encuentrotchackayxavi\\\/\"]}]},{\"@type\":\"ImageObject\",\"inLanguage\":\"es\",\"@id\":\"https:\\\/\\\/www.casaldelsinfants.org\\\/es\\\/actualidad\\\/encuentrotchackayxavi\\\/#primaryimage\",\"url\":\"https:\\\/\\\/www.casaldelsinfants.org\\\/wp-content\\\/uploads\\\/Tchacka-i-Xavi-II-1.webp\",\"contentUrl\":\"https:\\\/\\\/www.casaldelsinfants.org\\\/wp-content\\\/uploads\\\/Tchacka-i-Xavi-II-1.webp\",\"width\":1920,\"height\":1080,\"caption\":\"En Tchacka parla amb el Xavi Hern\u00e1ndez, entrenador del FC Barcelona.\"},{\"@type\":\"BreadcrumbList\",\"@id\":\"https:\\\/\\\/www.casaldelsinfants.org\\\/es\\\/actualidad\\\/encuentrotchackayxavi\\\/#breadcrumb\",\"itemListElement\":[{\"@type\":\"ListItem\",\"position\":1,\"name\":\"Inici\",\"item\":\"https:\\\/\\\/www.casaldelsinfants.org\\\/es\\\/\"},{\"@type\":\"ListItem\",\"position\":2,\"name\":\"Tchacka Xavi: del sue\u00f1o de un ni\u00f1o a la lucha de un joven migrado\"}]},{\"@type\":\"WebSite\",\"@id\":\"https:\\\/\\\/www.casaldelsinfants.org\\\/es\\\/#website\",\"url\":\"https:\\\/\\\/www.casaldelsinfants.org\\\/es\\\/\",\"name\":\"Casal dels Infants\",\"description\":\"\",\"publisher\":{\"@id\":\"https:\\\/\\\/www.casaldelsinfants.org\\\/es\\\/#organization\"},\"potentialAction\":[{\"@type\":\"SearchAction\",\"target\":{\"@type\":\"EntryPoint\",\"urlTemplate\":\"https:\\\/\\\/www.casaldelsinfants.org\\\/es\\\/?s={search_term_string}\"},\"query-input\":{\"@type\":\"PropertyValueSpecification\",\"valueRequired\":true,\"valueName\":\"search_term_string\"}}],\"inLanguage\":\"es\"},{\"@type\":\"Organization\",\"@id\":\"https:\\\/\\\/www.casaldelsinfants.org\\\/es\\\/#organization\",\"name\":\"Casal dels Infants\",\"url\":\"https:\\\/\\\/www.casaldelsinfants.org\\\/es\\\/\",\"logo\":{\"@type\":\"ImageObject\",\"inLanguage\":\"es\",\"@id\":\"https:\\\/\\\/www.casaldelsinfants.org\\\/es\\\/#\\\/schema\\\/logo\\\/image\\\/\",\"url\":\"https:\\\/\\\/www.casaldelsinfants.org\\\/wp-content\\\/uploads\\\/logo-mail.png\",\"contentUrl\":\"https:\\\/\\\/www.casaldelsinfants.org\\\/wp-content\\\/uploads\\\/logo-mail.png\",\"width\":380,\"height\":158,\"caption\":\"Casal dels Infants\"},\"image\":{\"@id\":\"https:\\\/\\\/www.casaldelsinfants.org\\\/es\\\/#\\\/schema\\\/logo\\\/image\\\/\"},\"sameAs\":[\"https:\\\/\\\/www.facebook.com\\\/casalinfants\",\"https:\\\/\\\/x.com\\\/casalinfants\",\"https:\\\/\\\/www.youtube.com\\\/user\\\/CasaldelsInfants1\",\"https:\\\/\\\/www.instagram.com\\\/casalinfants\\\/\",\"https:\\\/\\\/www.linkedin.com\\\/company\\\/casaldelsinfants?trk=organization-update_share-update_actor-text\"]},{\"@type\":\"Person\",\"@id\":\"https:\\\/\\\/www.casaldelsinfants.org\\\/es\\\/#\\\/schema\\\/person\\\/e870791b50f03fd60f872e1cd83910fc\",\"name\":\"julia\"}]}<\/script>\n<!-- \/ Yoast SEO plugin. -->","yoast_head_json":{"title":"Tchacka conoce a Xavi Hern\u00e1ndez - Casal dels Infants","description":"Tchacka Doumbia naci\u00f3 en Mali hace 28 a\u00f1os, y hace 12, cuando ten\u00eda 16, unos chicos de su pueblo le dijeron que si se iba a Barcelona conocer\u00eda Xavi, su gran \u00eddolo, e incluso que podr\u00eda hacerse futbolista y jugar con \u00e9l. Hoy, Tchacka tiene la oportunidad de hacer realidad el sue\u00f1o de aquel ni\u00f1o.","robots":{"index":"index","follow":"follow","max-snippet":"max-snippet:-1","max-image-preview":"max-image-preview:large","max-video-preview":"max-video-preview:-1"},"canonical":"https:\/\/www.casaldelsinfants.org\/es\/actualidad\/encuentrotchackayxavi\/","og_locale":"es_ES","og_type":"article","og_title":"Tchacka conoce a Xavi Hern\u00e1ndez - Casal dels Infants","og_description":"Tchacka Doumbia naci\u00f3 en Mali hace 28 a\u00f1os, y hace 12, cuando ten\u00eda 16, unos chicos de su pueblo le dijeron que si se iba a Barcelona conocer\u00eda Xavi, su gran \u00eddolo, e incluso que podr\u00eda hacerse futbolista y jugar con \u00e9l. Hoy, Tchacka tiene la oportunidad de hacer realidad el sue\u00f1o de aquel ni\u00f1o.","og_url":"https:\/\/www.casaldelsinfants.org\/es\/actualidad\/encuentrotchackayxavi\/","og_site_name":"Casal dels Infants","article_publisher":"https:\/\/www.facebook.com\/casalinfants","article_published_time":"2023-06-27T11:39:23+00:00","article_modified_time":"2023-06-27T11:43:12+00:00","og_image":[{"width":1920,"height":1080,"url":"https:\/\/www.casaldelsinfants.org\/wp-content\/uploads\/Tchacka-i-Xavi-II-1.webp","type":"image\/jpeg"}],"author":"julia","twitter_card":"summary_large_image","twitter_creator":"@casalinfants","twitter_site":"@casalinfants","twitter_misc":{"Escrito por":"julia","Tiempo de lectura":"3 minutos"},"schema":{"@context":"https:\/\/schema.org","@graph":[{"@type":"Article","@id":"https:\/\/www.casaldelsinfants.org\/es\/actualidad\/encuentrotchackayxavi\/#article","isPartOf":{"@id":"https:\/\/www.casaldelsinfants.org\/es\/actualidad\/encuentrotchackayxavi\/"},"author":{"name":"julia","@id":"https:\/\/www.casaldelsinfants.org\/es\/#\/schema\/person\/e870791b50f03fd60f872e1cd83910fc"},"headline":"Tchacka Xavi: del sue\u00f1o de un ni\u00f1o a la lucha de un joven migrado","datePublished":"2023-06-27T11:39:23+00:00","dateModified":"2023-06-27T11:43:12+00:00","mainEntityOfPage":{"@id":"https:\/\/www.casaldelsinfants.org\/es\/actualidad\/encuentrotchackayxavi\/"},"wordCount":450,"commentCount":0,"publisher":{"@id":"https:\/\/www.casaldelsinfants.org\/es\/#organization"},"image":{"@id":"https:\/\/www.casaldelsinfants.org\/es\/actualidad\/encuentrotchackayxavi\/#primaryimage"},"thumbnailUrl":"https:\/\/www.casaldelsinfants.org\/wp-content\/uploads\/Tchacka-i-Xavi-II-1.webp","articleSection":["Noticia"],"inLanguage":"es","potentialAction":[{"@type":"CommentAction","name":"Comment","target":["https:\/\/www.casaldelsinfants.org\/es\/actualidad\/encuentrotchackayxavi\/#respond"]}]},{"@type":"WebPage","@id":"https:\/\/www.casaldelsinfants.org\/es\/actualidad\/encuentrotchackayxavi\/","url":"https:\/\/www.casaldelsinfants.org\/es\/actualidad\/encuentrotchackayxavi\/","name":"Tchacka conoce a Xavi Hern\u00e1ndez - Casal dels Infants","isPartOf":{"@id":"https:\/\/www.casaldelsinfants.org\/es\/#website"},"primaryImageOfPage":{"@id":"https:\/\/www.casaldelsinfants.org\/es\/actualidad\/encuentrotchackayxavi\/#primaryimage"},"image":{"@id":"https:\/\/www.casaldelsinfants.org\/es\/actualidad\/encuentrotchackayxavi\/#primaryimage"},"thumbnailUrl":"https:\/\/www.casaldelsinfants.org\/wp-content\/uploads\/Tchacka-i-Xavi-II-1.webp","datePublished":"2023-06-27T11:39:23+00:00","dateModified":"2023-06-27T11:43:12+00:00","description":"Tchacka Doumbia naci\u00f3 en Mali hace 28 a\u00f1os, y hace 12, cuando ten\u00eda 16, unos chicos de su pueblo le dijeron que si se iba a Barcelona conocer\u00eda Xavi, su gran \u00eddolo, e incluso que podr\u00eda hacerse futbolista y jugar con \u00e9l. Hoy, Tchacka tiene la oportunidad de hacer realidad el sue\u00f1o de aquel ni\u00f1o.","breadcrumb":{"@id":"https:\/\/www.casaldelsinfants.org\/es\/actualidad\/encuentrotchackayxavi\/#breadcrumb"},"inLanguage":"es","potentialAction":[{"@type":"ReadAction","target":["https:\/\/www.casaldelsinfants.org\/es\/actualidad\/encuentrotchackayxavi\/"]}]},{"@type":"ImageObject","inLanguage":"es","@id":"https:\/\/www.casaldelsinfants.org\/es\/actualidad\/encuentrotchackayxavi\/#primaryimage","url":"https:\/\/www.casaldelsinfants.org\/wp-content\/uploads\/Tchacka-i-Xavi-II-1.webp","contentUrl":"https:\/\/www.casaldelsinfants.org\/wp-content\/uploads\/Tchacka-i-Xavi-II-1.webp","width":1920,"height":1080,"caption":"En Tchacka parla amb el Xavi Hern\u00e1ndez, entrenador del FC Barcelona."},{"@type":"BreadcrumbList","@id":"https:\/\/www.casaldelsinfants.org\/es\/actualidad\/encuentrotchackayxavi\/#breadcrumb","itemListElement":[{"@type":"ListItem","position":1,"name":"Inici","item":"https:\/\/www.casaldelsinfants.org\/es\/"},{"@type":"ListItem","position":2,"name":"Tchacka Xavi: del sue\u00f1o de un ni\u00f1o a la lucha de un joven migrado"}]},{"@type":"WebSite","@id":"https:\/\/www.casaldelsinfants.org\/es\/#website","url":"https:\/\/www.casaldelsinfants.org\/es\/","name":"Casal dels Infants","description":"","publisher":{"@id":"https:\/\/www.casaldelsinfants.org\/es\/#organization"},"potentialAction":[{"@type":"SearchAction","target":{"@type":"EntryPoint","urlTemplate":"https:\/\/www.casaldelsinfants.org\/es\/?s={search_term_string}"},"query-input":{"@type":"PropertyValueSpecification","valueRequired":true,"valueName":"search_term_string"}}],"inLanguage":"es"},{"@type":"Organization","@id":"https:\/\/www.casaldelsinfants.org\/es\/#organization","name":"Casal dels Infants","url":"https:\/\/www.casaldelsinfants.org\/es\/","logo":{"@type":"ImageObject","inLanguage":"es","@id":"https:\/\/www.casaldelsinfants.org\/es\/#\/schema\/logo\/image\/","url":"https:\/\/www.casaldelsinfants.org\/wp-content\/uploads\/logo-mail.png","contentUrl":"https:\/\/www.casaldelsinfants.org\/wp-content\/uploads\/logo-mail.png","width":380,"height":158,"caption":"Casal dels Infants"},"image":{"@id":"https:\/\/www.casaldelsinfants.org\/es\/#\/schema\/logo\/image\/"},"sameAs":["https:\/\/www.facebook.com\/casalinfants","https:\/\/x.com\/casalinfants","https:\/\/www.youtube.com\/user\/CasaldelsInfants1","https:\/\/www.instagram.com\/casalinfants\/","https:\/\/www.linkedin.com\/company\/casaldelsinfants?trk=organization-update_share-update_actor-text"]},{"@type":"Person","@id":"https:\/\/www.casaldelsinfants.org\/es\/#\/schema\/person\/e870791b50f03fd60f872e1cd83910fc","name":"julia"}]}},"publishpress_future_action":{"enabled":false,"date":"2026-05-08 09:08:20","action":"change-status","newStatus":"draft","terms":[],"taxonomy":"category","extraData":[]},"publishpress_future_workflow_manual_trigger":{"enabledWorkflows":[]},"_links":{"self":[{"href":"https:\/\/www.casaldelsinfants.org\/es\/wp-json\/wp\/v2\/posts\/12515","targetHints":{"allow":["GET"]}}],"collection":[{"href":"https:\/\/www.casaldelsinfants.org\/es\/wp-json\/wp\/v2\/posts"}],"about":[{"href":"https:\/\/www.casaldelsinfants.org\/es\/wp-json\/wp\/v2\/types\/post"}],"author":[{"embeddable":true,"href":"https:\/\/www.casaldelsinfants.org\/es\/wp-json\/wp\/v2\/users\/9"}],"replies":[{"embeddable":true,"href":"https:\/\/www.casaldelsinfants.org\/es\/wp-json\/wp\/v2\/comments?post=12515"}],"version-history":[{"count":1,"href":"https:\/\/www.casaldelsinfants.org\/es\/wp-json\/wp\/v2\/posts\/12515\/revisions"}],"predecessor-version":[{"id":12516,"href":"https:\/\/www.casaldelsinfants.org\/es\/wp-json\/wp\/v2\/posts\/12515\/revisions\/12516"}],"wp:featuredmedia":[{"embeddable":true,"href":"https:\/\/www.casaldelsinfants.org\/es\/wp-json\/wp\/v2\/media\/12510"}],"wp:attachment":[{"href":"https:\/\/www.casaldelsinfants.org\/es\/wp-json\/wp\/v2\/media?parent=12515"}],"wp:term":[{"taxonomy":"category","embeddable":true,"href":"https:\/\/www.casaldelsinfants.org\/es\/wp-json\/wp\/v2\/categories?post=12515"},{"taxonomy":"post_tag","embeddable":true,"href":"https:\/\/www.casaldelsinfants.org\/es\/wp-json\/wp\/v2\/tags?post=12515"},{"taxonomy":"seus","embeddable":true,"href":"https:\/\/www.casaldelsinfants.org\/es\/wp-json\/wp\/v2\/seus?post=12515"},{"taxonomy":"eixos","embeddable":true,"href":"https:\/\/www.casaldelsinfants.org\/es\/wp-json\/wp\/v2\/eixos?post=12515"}],"curies":[{"name":"wp","href":"https:\/\/api.w.org\/{rel}","templated":true}]}}