{"id":12528,"date":"2023-06-27T14:07:24","date_gmt":"2023-06-27T12:07:24","guid":{"rendered":"https:\/\/www.casaldelsinfants.org\/?p=12528"},"modified":"2023-07-03T11:32:43","modified_gmt":"2023-07-03T09:32:43","slug":"campanaantirracista","status":"publish","type":"post","link":"https:\/\/www.casaldelsinfants.org\/es\/actualidad\/campanaantirracista\/","title":{"rendered":"Adolescentes y j\u00f3venes del Casal se movilizan en contra del racismo"},"content":{"rendered":"<p><iframe loading=\"lazy\" title=\"Campa\u00f1a contra el racismo de j\u00f3venes y adolescentes del Casal dels Infants\" width=\"1080\" height=\"608\" src=\"https:\/\/www.youtube.com\/embed\/6uaKSGa58xE?feature=oembed&#038;enablejsapi=1&#038;origin=https:\/\/www.casaldelsinfants.org\"  allow=\"accelerometer; autoplay; clipboard-write; encrypted-media; gyroscope; picture-in-picture; web-share\" allowfullscreen><\/iframe><\/p>\n<p>&nbsp;<\/p>\n<p><span style=\"font-weight: 400;\">El pasado 31 de mayo, <strong>los chicos y chicas de los Centros Abiertos Adolescentes y Casals Jove del Casal dels Infants llevaron a cabo una campa\u00f1a de sensibilizaci\u00f3n contra el racismo<\/strong>, en la plaza de la Catedral de Barcelona. El objetivo era concienciar con reflexiones que invitaran a la deconstrucci\u00f3n de mitos y estereotipos racistas. Los servicios implicados en la acci\u00f3n cuentan con el apoyo del Ministerio de Inclusi\u00f3n, Seguridad Social y Migraciones y la Uni\u00f3n Europea.<\/span><\/p>\n<p><span style=\"font-weight: 400;\"><strong>Un grupo motor formado entre los y las participantes de los Casals Jove<\/strong>, de chicos y chicas entre 16 y 21 a\u00f1os,<strong> se fueron reuniendo durante el tercer trimestre para pensar, preparar y desarrollar las actividades y din\u00e1micas<\/strong> que formar\u00edan parte de la campa\u00f1a. Las reuniones tuvieron lugar en los tres Casals Jove, en el Raval, en Badalona y en Santa Coloma, y agruparon hasta 30 j\u00f3venes cada vez que se juntaron.\u00a0<\/span><\/p>\n<p>&nbsp;<\/p>\n<p><img decoding=\"async\" class=\"alignnone size-full wp-image-12532\" src=\"https:\/\/www.casaldelsinfants.org\/wp-content\/uploads\/campanya-CAST.00_00_09_31.Imagen-fija002-1.webp\" alt=\"Nois i noies fan una rotllana a la pla\u00e7a de la Catedral.\" width=\"1920\" height=\"1080\" \/><\/p>\n<p>&nbsp;<\/p>\n<p><span style=\"font-weight: 400;\">La tarde del 31 de mayo, la plaza de la Catedral estaba repleta de gente, y los chicos y chicas estaban muy implicados para captar la atenci\u00f3n de interesados e interesadas y animarlos a participar en las actividades que ellos y ellas mismas dinamizaban. <strong>Un grupo de j\u00f3venes se encargaba de un concurso de preguntas con una ruleta, con datos y hechos contrastados sobre racismo y migraciones<\/strong>. Las preguntas abiertas, tipo test y de verdadero o falso &#8211; como \u201c\u00bfexiste la apropiaci\u00f3n cultural?\u201d o \u201c\u00bfcu\u00e1l es la nacionalidad que comite m\u00e1s delincuencia en el estado espa\u00f1ol?\u201d &#8211; incitaban a aquellos que participaban a reflexionar sobre el racismo socialmente impuesto y a deconstruir prejuicios y comportamientos racistas.<\/span><\/p>\n<p><span style=\"font-weight: 400;\"><strong>Otro grupo se encargaba del juego \u201c\u00bfQui\u00e9n es qui\u00e9n?\u201d<\/strong>, donde se hac\u00eda una r\u00e9plica en grande del cl\u00e1sico juego con fotograf\u00edas de participantes y equipo educativo del Casal. Un jugador escog\u00eda una de las personas de las fotograf\u00edas, que otro ten\u00eda que intentar adivinar a trav\u00e9s de preguntas como \u201c\u00bfla persona tiene DNI?\u201d, \u201cla persona ha nacido en Espa\u00f1a?\u201d o \u201c\u00bfla persona va a la universidad?\u201d y poniendo cabeza abajo aquellas personas que no lo cumplieran. En muchas ocasiones, llevados inconscientemente por los estereotipos y mitos de car\u00e1cter racista, las personas que jugaban no adivinaban la persona correcta.\u00a0<\/span><\/p>\n<p><span style=\"font-weight: 400;\">\u201c\u00bfTe das cuenta de los prejuicios que tenemos instaurados en la cabeza?\u201d, se\u00f1alaba Ximena Iba\u00f1ez, del equipo de Direcci\u00f3n T\u00e9cnica del Casal dels Infants y coordinadora de la campa\u00f1a. \u201cComo cuando has dicho, \u2018esta persona no puede ser espa\u00f1ola porque es musulmana\u2019, pero no tiene nada que ver, \u00bfverdad?\u201d, hac\u00eda reflexionar a uno de los chicos que se hab\u00eda puesto a jugar al \u201c\u00bfQui\u00e9n es qui\u00e9n?\u201d. \u201cSe puede ser espa\u00f1ol y musulm\u00e1n\u201d; continuaba. \u201c\u00a1Claro, como yo!\u201d, conclu\u00eda el chico con una sonrisa.\u00a0<\/span><\/p>\n<p><span style=\"font-weight: 400;\">Otra tarea de la tarde era<strong> documentar la campa\u00f1a y hacer un v\u00eddeo reportaje<\/strong>. Unos chicos y chicas se encargaban de grabar, y los otros buscaban personas de la calle para hacerles preguntas y grabar sus respuestas y reacciones.\u00a0<\/span><\/p>\n<p><span style=\"font-weight: 400;\">La expresi\u00f3n escrita y art\u00edstica tambi\u00e9n ten\u00eda espacio en la campa\u00f1a contra el racismo. En un rinc\u00f3n, se hac\u00edan <strong>bolsas de tela con mensajes antirracistas<\/strong>. Tambi\u00e9n, <strong>una gran pancarta<\/strong> extendida en el suelo con el t\u00edtulo \u201cYo no soy racista, pero\u2026\u201d <strong>recog\u00eda las historias y comentarios racistas que ni\u00f1os, ni\u00f1as, adolescentes, j\u00f3venes del Casal, as\u00ed como personas de la calle, hab\u00edan experimentado y decidido compartir<\/strong>. Se le\u00edan testimonios como \u201ccuando llevo hijab me dicen que no lo lleve\u201d o, escrito en ingl\u00e9s, \u201ccuando voy a sitios, me juzgan por el color de mi piel y mi etnia, y no por mis capacidades o talento\u201d.\u00a0<\/span><\/p>\n<p><span style=\"font-weight: 400;\">Entre las personas que participaron y jugaron en las diferentes din\u00e1micas que los y las j\u00f3venes hab\u00edan preparado, se ve\u00edan caras de sorpresa, por la informaci\u00f3n que aprend\u00edan, que ayudaba a romper ideas preconcebidas sobre las personas racializadas, y de indignaci\u00f3n, por la injusta situaci\u00f3n de discriminaci\u00f3n, tanto cuotidiana como estructural, que estas se encuentran en su d\u00eda a d\u00eda.\u00a0<\/span><\/p>\n<p>&nbsp;<\/p>\n<h1><b>Educar para combatir el racismo\u00a0<\/b><\/h1>\n<p>&nbsp;<\/p>\n<p><span style=\"font-weight: 400;\">En el <strong>Casal dels Infants<\/strong>, trabajamos con ni\u00f1os, ni\u00f1as, adolescentes y j\u00f3venes para sensibilizarlos contra el racismo, y para que adquieran una mirada cr\u00edtica hacia este tipo de actitudes discriminatorias y darles voz para denunciarlo. Con los chicos y chicas que acompa\u00f1amos en los Casals Jove y Centros Abiertos Adolescentes (COA) de los diferentes barrios donde act\u00faa el Casal, trabajamos transversalmente e impulsamos una perspectiva antiracista durante todo el a\u00f1o. Es un ejemplo el Teatro F\u00f3rum de los chicos y chicas del Casal Jove la Betsaida del Casal dels Infants de Badalona.\u00a0<\/span><\/p>\n<p><span style=\"font-weight: 400;\">\u201c<strong>Para combatir el racismo tenemos que promocionar la diversidad que tenemos, como hacemos en el Casal<\/strong>, donde somos gente totalmente diferente y nos lo pasamos muy bien. Esto lo tenemos que ense\u00f1ar a la gente del exterior, que sepan que disfrutamos m\u00e1s conociendo gente de otros pa\u00edses y de otros idiomas\u201d, explicaba Shamir, del Casal Jove la Betsaida.\u00a0<\/span><\/p>\n","protected":false},"excerpt":{"rendered":"<p>&nbsp; El pasado 31 de mayo, los chicos y chicas de los Centros Abiertos Adolescentes y Casals Jove del Casal dels Infants llevaron a cabo una campa\u00f1a de sensibilizaci\u00f3n contra el racismo, en la plaza de la Catedral de Barcelona. El objetivo era concienciar con reflexiones que invitaran a la deconstrucci\u00f3n de mitos y estereotipos [&hellip;]<\/p>\n","protected":false},"author":9,"featured_media":0,"comment_status":"open","ping_status":"open","sticky":false,"template":"","format":"standard","meta":{"_acf_changed":false,"_et_pb_use_builder":"","_et_pb_old_content":"","_et_gb_content_width":"","inline_featured_image":false,"footnotes":""},"categories":[125],"tags":[],"seus":[],"eixos":[99,207],"class_list":["post-12528","post","type-post","status-publish","format-standard","hentry","category-noticias","eixos-infancia-y-adolescencia","eixos-infancia-i-adolescencia-es-2"],"acf":[],"yoast_head":"<!-- This site is optimized with the Yoast SEO plugin v27.4 - https:\/\/yoast.com\/product\/yoast-seo-wordpress\/ -->\n<title>Campa\u00f1a antirracista de adolescentes y j\u00f3venes - Casal dels Infants<\/title>\n<meta name=\"description\" content=\"El pasado 31 de mayo, los chicos y chicas de los Centros Abiertos Adolescentes y Casals Jove del Casal dels Infants llevaron a cabo una campa\u00f1a de sensibilizaci\u00f3n contra el racismo, en la plaza de la Catedral de Barcelona. El objetivo era concienciar con reflexiones que invitaran a la deconstrucci\u00f3n de mitos y estereotipos racistas.\" \/>\n<meta name=\"robots\" content=\"index, follow, max-snippet:-1, max-image-preview:large, max-video-preview:-1\" \/>\n<link rel=\"canonical\" href=\"https:\/\/www.casaldelsinfants.org\/es\/actualidad\/campanaantirracista\/\" \/>\n<meta property=\"og:locale\" content=\"es_ES\" \/>\n<meta property=\"og:type\" content=\"article\" \/>\n<meta property=\"og:title\" content=\"Campa\u00f1a antirracista de adolescentes y j\u00f3venes - Casal dels Infants\" \/>\n<meta property=\"og:description\" content=\"El pasado 31 de mayo, los chicos y chicas de los Centros Abiertos Adolescentes y Casals Jove del Casal dels Infants llevaron a cabo una campa\u00f1a de sensibilizaci\u00f3n contra el racismo, en la plaza de la Catedral de Barcelona. El objetivo era concienciar con reflexiones que invitaran a la deconstrucci\u00f3n de mitos y estereotipos racistas.\" \/>\n<meta property=\"og:url\" content=\"https:\/\/www.casaldelsinfants.org\/es\/actualidad\/campanaantirracista\/\" \/>\n<meta property=\"og:site_name\" content=\"Casal dels Infants\" \/>\n<meta property=\"article:publisher\" content=\"https:\/\/www.facebook.com\/casalinfants\" \/>\n<meta property=\"article:published_time\" content=\"2023-06-27T12:07:24+00:00\" \/>\n<meta property=\"article:modified_time\" content=\"2023-07-03T09:32:43+00:00\" \/>\n<meta property=\"og:image\" content=\"https:\/\/www.casaldelsinfants.org\/wp-content\/uploads\/campanya-CAST.00_00_09_31.Imagen-fija002-1.webp\" \/>\n<meta name=\"author\" content=\"julia\" \/>\n<meta name=\"twitter:card\" content=\"summary_large_image\" \/>\n<meta name=\"twitter:creator\" content=\"@casalinfants\" \/>\n<meta name=\"twitter:site\" content=\"@casalinfants\" \/>\n<meta name=\"twitter:label1\" content=\"Escrito por\" \/>\n\t<meta name=\"twitter:data1\" content=\"julia\" \/>\n\t<meta name=\"twitter:label2\" content=\"Tiempo de lectura\" \/>\n\t<meta name=\"twitter:data2\" content=\"4 minutos\" \/>\n<script type=\"application\/ld+json\" class=\"yoast-schema-graph\">{\"@context\":\"https:\\\/\\\/schema.org\",\"@graph\":[{\"@type\":\"Article\",\"@id\":\"https:\\\/\\\/www.casaldelsinfants.org\\\/es\\\/actualidad\\\/campanaantirracista\\\/#article\",\"isPartOf\":{\"@id\":\"https:\\\/\\\/www.casaldelsinfants.org\\\/es\\\/actualidad\\\/campanaantirracista\\\/\"},\"author\":{\"name\":\"julia\",\"@id\":\"https:\\\/\\\/www.casaldelsinfants.org\\\/es\\\/#\\\/schema\\\/person\\\/e870791b50f03fd60f872e1cd83910fc\"},\"headline\":\"Adolescentes y j\u00f3venes del Casal se movilizan en contra del racismo\",\"datePublished\":\"2023-06-27T12:07:24+00:00\",\"dateModified\":\"2023-07-03T09:32:43+00:00\",\"mainEntityOfPage\":{\"@id\":\"https:\\\/\\\/www.casaldelsinfants.org\\\/es\\\/actualidad\\\/campanaantirracista\\\/\"},\"wordCount\":904,\"commentCount\":0,\"publisher\":{\"@id\":\"https:\\\/\\\/www.casaldelsinfants.org\\\/es\\\/#organization\"},\"image\":{\"@id\":\"https:\\\/\\\/www.casaldelsinfants.org\\\/es\\\/actualidad\\\/campanaantirracista\\\/#primaryimage\"},\"thumbnailUrl\":\"https:\\\/\\\/www.casaldelsinfants.org\\\/wp-content\\\/uploads\\\/campanya-CAST.00_00_09_31.Imagen-fija002-1.webp\",\"articleSection\":[\"Noticia\"],\"inLanguage\":\"es\",\"potentialAction\":[{\"@type\":\"CommentAction\",\"name\":\"Comment\",\"target\":[\"https:\\\/\\\/www.casaldelsinfants.org\\\/es\\\/actualidad\\\/campanaantirracista\\\/#respond\"]}]},{\"@type\":\"WebPage\",\"@id\":\"https:\\\/\\\/www.casaldelsinfants.org\\\/es\\\/actualidad\\\/campanaantirracista\\\/\",\"url\":\"https:\\\/\\\/www.casaldelsinfants.org\\\/es\\\/actualidad\\\/campanaantirracista\\\/\",\"name\":\"Campa\u00f1a antirracista de adolescentes y j\u00f3venes - Casal dels Infants\",\"isPartOf\":{\"@id\":\"https:\\\/\\\/www.casaldelsinfants.org\\\/es\\\/#website\"},\"primaryImageOfPage\":{\"@id\":\"https:\\\/\\\/www.casaldelsinfants.org\\\/es\\\/actualidad\\\/campanaantirracista\\\/#primaryimage\"},\"image\":{\"@id\":\"https:\\\/\\\/www.casaldelsinfants.org\\\/es\\\/actualidad\\\/campanaantirracista\\\/#primaryimage\"},\"thumbnailUrl\":\"https:\\\/\\\/www.casaldelsinfants.org\\\/wp-content\\\/uploads\\\/campanya-CAST.00_00_09_31.Imagen-fija002-1.webp\",\"datePublished\":\"2023-06-27T12:07:24+00:00\",\"dateModified\":\"2023-07-03T09:32:43+00:00\",\"description\":\"El pasado 31 de mayo, los chicos y chicas de los Centros Abiertos Adolescentes y Casals Jove del Casal dels Infants llevaron a cabo una campa\u00f1a de sensibilizaci\u00f3n contra el racismo, en la plaza de la Catedral de Barcelona. El objetivo era concienciar con reflexiones que invitaran a la deconstrucci\u00f3n de mitos y estereotipos racistas.\",\"breadcrumb\":{\"@id\":\"https:\\\/\\\/www.casaldelsinfants.org\\\/es\\\/actualidad\\\/campanaantirracista\\\/#breadcrumb\"},\"inLanguage\":\"es\",\"potentialAction\":[{\"@type\":\"ReadAction\",\"target\":[\"https:\\\/\\\/www.casaldelsinfants.org\\\/es\\\/actualidad\\\/campanaantirracista\\\/\"]}]},{\"@type\":\"ImageObject\",\"inLanguage\":\"es\",\"@id\":\"https:\\\/\\\/www.casaldelsinfants.org\\\/es\\\/actualidad\\\/campanaantirracista\\\/#primaryimage\",\"url\":\"https:\\\/\\\/www.casaldelsinfants.org\\\/wp-content\\\/uploads\\\/campanya-CAST.00_00_09_31.Imagen-fija002-1.webp\",\"contentUrl\":\"https:\\\/\\\/www.casaldelsinfants.org\\\/wp-content\\\/uploads\\\/campanya-CAST.00_00_09_31.Imagen-fija002-1.webp\"},{\"@type\":\"BreadcrumbList\",\"@id\":\"https:\\\/\\\/www.casaldelsinfants.org\\\/es\\\/actualidad\\\/campanaantirracista\\\/#breadcrumb\",\"itemListElement\":[{\"@type\":\"ListItem\",\"position\":1,\"name\":\"Inici\",\"item\":\"https:\\\/\\\/www.casaldelsinfants.org\\\/es\\\/\"},{\"@type\":\"ListItem\",\"position\":2,\"name\":\"Adolescentes y j\u00f3venes del Casal se movilizan en contra del racismo\"}]},{\"@type\":\"WebSite\",\"@id\":\"https:\\\/\\\/www.casaldelsinfants.org\\\/es\\\/#website\",\"url\":\"https:\\\/\\\/www.casaldelsinfants.org\\\/es\\\/\",\"name\":\"Casal dels Infants\",\"description\":\"\",\"publisher\":{\"@id\":\"https:\\\/\\\/www.casaldelsinfants.org\\\/es\\\/#organization\"},\"potentialAction\":[{\"@type\":\"SearchAction\",\"target\":{\"@type\":\"EntryPoint\",\"urlTemplate\":\"https:\\\/\\\/www.casaldelsinfants.org\\\/es\\\/?s={search_term_string}\"},\"query-input\":{\"@type\":\"PropertyValueSpecification\",\"valueRequired\":true,\"valueName\":\"search_term_string\"}}],\"inLanguage\":\"es\"},{\"@type\":\"Organization\",\"@id\":\"https:\\\/\\\/www.casaldelsinfants.org\\\/es\\\/#organization\",\"name\":\"Casal dels Infants\",\"url\":\"https:\\\/\\\/www.casaldelsinfants.org\\\/es\\\/\",\"logo\":{\"@type\":\"ImageObject\",\"inLanguage\":\"es\",\"@id\":\"https:\\\/\\\/www.casaldelsinfants.org\\\/es\\\/#\\\/schema\\\/logo\\\/image\\\/\",\"url\":\"https:\\\/\\\/www.casaldelsinfants.org\\\/wp-content\\\/uploads\\\/logo-mail.png\",\"contentUrl\":\"https:\\\/\\\/www.casaldelsinfants.org\\\/wp-content\\\/uploads\\\/logo-mail.png\",\"width\":380,\"height\":158,\"caption\":\"Casal dels Infants\"},\"image\":{\"@id\":\"https:\\\/\\\/www.casaldelsinfants.org\\\/es\\\/#\\\/schema\\\/logo\\\/image\\\/\"},\"sameAs\":[\"https:\\\/\\\/www.facebook.com\\\/casalinfants\",\"https:\\\/\\\/x.com\\\/casalinfants\",\"https:\\\/\\\/www.youtube.com\\\/user\\\/CasaldelsInfants1\",\"https:\\\/\\\/www.instagram.com\\\/casalinfants\\\/\",\"https:\\\/\\\/www.linkedin.com\\\/company\\\/casaldelsinfants?trk=organization-update_share-update_actor-text\"]},{\"@type\":\"Person\",\"@id\":\"https:\\\/\\\/www.casaldelsinfants.org\\\/es\\\/#\\\/schema\\\/person\\\/e870791b50f03fd60f872e1cd83910fc\",\"name\":\"julia\"}]}<\/script>\n<!-- \/ Yoast SEO plugin. -->","yoast_head_json":{"title":"Campa\u00f1a antirracista de adolescentes y j\u00f3venes - Casal dels Infants","description":"El pasado 31 de mayo, los chicos y chicas de los Centros Abiertos Adolescentes y Casals Jove del Casal dels Infants llevaron a cabo una campa\u00f1a de sensibilizaci\u00f3n contra el racismo, en la plaza de la Catedral de Barcelona. El objetivo era concienciar con reflexiones que invitaran a la deconstrucci\u00f3n de mitos y estereotipos racistas.","robots":{"index":"index","follow":"follow","max-snippet":"max-snippet:-1","max-image-preview":"max-image-preview:large","max-video-preview":"max-video-preview:-1"},"canonical":"https:\/\/www.casaldelsinfants.org\/es\/actualidad\/campanaantirracista\/","og_locale":"es_ES","og_type":"article","og_title":"Campa\u00f1a antirracista de adolescentes y j\u00f3venes - Casal dels Infants","og_description":"El pasado 31 de mayo, los chicos y chicas de los Centros Abiertos Adolescentes y Casals Jove del Casal dels Infants llevaron a cabo una campa\u00f1a de sensibilizaci\u00f3n contra el racismo, en la plaza de la Catedral de Barcelona. El objetivo era concienciar con reflexiones que invitaran a la deconstrucci\u00f3n de mitos y estereotipos racistas.","og_url":"https:\/\/www.casaldelsinfants.org\/es\/actualidad\/campanaantirracista\/","og_site_name":"Casal dels Infants","article_publisher":"https:\/\/www.facebook.com\/casalinfants","article_published_time":"2023-06-27T12:07:24+00:00","article_modified_time":"2023-07-03T09:32:43+00:00","og_image":[{"url":"https:\/\/www.casaldelsinfants.org\/wp-content\/uploads\/campanya-CAST.00_00_09_31.Imagen-fija002-1.webp","type":"","width":"","height":""}],"author":"julia","twitter_card":"summary_large_image","twitter_creator":"@casalinfants","twitter_site":"@casalinfants","twitter_misc":{"Escrito por":"julia","Tiempo de lectura":"4 minutos"},"schema":{"@context":"https:\/\/schema.org","@graph":[{"@type":"Article","@id":"https:\/\/www.casaldelsinfants.org\/es\/actualidad\/campanaantirracista\/#article","isPartOf":{"@id":"https:\/\/www.casaldelsinfants.org\/es\/actualidad\/campanaantirracista\/"},"author":{"name":"julia","@id":"https:\/\/www.casaldelsinfants.org\/es\/#\/schema\/person\/e870791b50f03fd60f872e1cd83910fc"},"headline":"Adolescentes y j\u00f3venes del Casal se movilizan en contra del racismo","datePublished":"2023-06-27T12:07:24+00:00","dateModified":"2023-07-03T09:32:43+00:00","mainEntityOfPage":{"@id":"https:\/\/www.casaldelsinfants.org\/es\/actualidad\/campanaantirracista\/"},"wordCount":904,"commentCount":0,"publisher":{"@id":"https:\/\/www.casaldelsinfants.org\/es\/#organization"},"image":{"@id":"https:\/\/www.casaldelsinfants.org\/es\/actualidad\/campanaantirracista\/#primaryimage"},"thumbnailUrl":"https:\/\/www.casaldelsinfants.org\/wp-content\/uploads\/campanya-CAST.00_00_09_31.Imagen-fija002-1.webp","articleSection":["Noticia"],"inLanguage":"es","potentialAction":[{"@type":"CommentAction","name":"Comment","target":["https:\/\/www.casaldelsinfants.org\/es\/actualidad\/campanaantirracista\/#respond"]}]},{"@type":"WebPage","@id":"https:\/\/www.casaldelsinfants.org\/es\/actualidad\/campanaantirracista\/","url":"https:\/\/www.casaldelsinfants.org\/es\/actualidad\/campanaantirracista\/","name":"Campa\u00f1a antirracista de adolescentes y j\u00f3venes - Casal dels Infants","isPartOf":{"@id":"https:\/\/www.casaldelsinfants.org\/es\/#website"},"primaryImageOfPage":{"@id":"https:\/\/www.casaldelsinfants.org\/es\/actualidad\/campanaantirracista\/#primaryimage"},"image":{"@id":"https:\/\/www.casaldelsinfants.org\/es\/actualidad\/campanaantirracista\/#primaryimage"},"thumbnailUrl":"https:\/\/www.casaldelsinfants.org\/wp-content\/uploads\/campanya-CAST.00_00_09_31.Imagen-fija002-1.webp","datePublished":"2023-06-27T12:07:24+00:00","dateModified":"2023-07-03T09:32:43+00:00","description":"El pasado 31 de mayo, los chicos y chicas de los Centros Abiertos Adolescentes y Casals Jove del Casal dels Infants llevaron a cabo una campa\u00f1a de sensibilizaci\u00f3n contra el racismo, en la plaza de la Catedral de Barcelona. El objetivo era concienciar con reflexiones que invitaran a la deconstrucci\u00f3n de mitos y estereotipos racistas.","breadcrumb":{"@id":"https:\/\/www.casaldelsinfants.org\/es\/actualidad\/campanaantirracista\/#breadcrumb"},"inLanguage":"es","potentialAction":[{"@type":"ReadAction","target":["https:\/\/www.casaldelsinfants.org\/es\/actualidad\/campanaantirracista\/"]}]},{"@type":"ImageObject","inLanguage":"es","@id":"https:\/\/www.casaldelsinfants.org\/es\/actualidad\/campanaantirracista\/#primaryimage","url":"https:\/\/www.casaldelsinfants.org\/wp-content\/uploads\/campanya-CAST.00_00_09_31.Imagen-fija002-1.webp","contentUrl":"https:\/\/www.casaldelsinfants.org\/wp-content\/uploads\/campanya-CAST.00_00_09_31.Imagen-fija002-1.webp"},{"@type":"BreadcrumbList","@id":"https:\/\/www.casaldelsinfants.org\/es\/actualidad\/campanaantirracista\/#breadcrumb","itemListElement":[{"@type":"ListItem","position":1,"name":"Inici","item":"https:\/\/www.casaldelsinfants.org\/es\/"},{"@type":"ListItem","position":2,"name":"Adolescentes y j\u00f3venes del Casal se movilizan en contra del racismo"}]},{"@type":"WebSite","@id":"https:\/\/www.casaldelsinfants.org\/es\/#website","url":"https:\/\/www.casaldelsinfants.org\/es\/","name":"Casal dels Infants","description":"","publisher":{"@id":"https:\/\/www.casaldelsinfants.org\/es\/#organization"},"potentialAction":[{"@type":"SearchAction","target":{"@type":"EntryPoint","urlTemplate":"https:\/\/www.casaldelsinfants.org\/es\/?s={search_term_string}"},"query-input":{"@type":"PropertyValueSpecification","valueRequired":true,"valueName":"search_term_string"}}],"inLanguage":"es"},{"@type":"Organization","@id":"https:\/\/www.casaldelsinfants.org\/es\/#organization","name":"Casal dels Infants","url":"https:\/\/www.casaldelsinfants.org\/es\/","logo":{"@type":"ImageObject","inLanguage":"es","@id":"https:\/\/www.casaldelsinfants.org\/es\/#\/schema\/logo\/image\/","url":"https:\/\/www.casaldelsinfants.org\/wp-content\/uploads\/logo-mail.png","contentUrl":"https:\/\/www.casaldelsinfants.org\/wp-content\/uploads\/logo-mail.png","width":380,"height":158,"caption":"Casal dels Infants"},"image":{"@id":"https:\/\/www.casaldelsinfants.org\/es\/#\/schema\/logo\/image\/"},"sameAs":["https:\/\/www.facebook.com\/casalinfants","https:\/\/x.com\/casalinfants","https:\/\/www.youtube.com\/user\/CasaldelsInfants1","https:\/\/www.instagram.com\/casalinfants\/","https:\/\/www.linkedin.com\/company\/casaldelsinfants?trk=organization-update_share-update_actor-text"]},{"@type":"Person","@id":"https:\/\/www.casaldelsinfants.org\/es\/#\/schema\/person\/e870791b50f03fd60f872e1cd83910fc","name":"julia"}]}},"publishpress_future_action":{"enabled":false,"date":"2026-05-07 20:09:45","action":"change-status","newStatus":"draft","terms":[],"taxonomy":"category","extraData":[]},"publishpress_future_workflow_manual_trigger":{"enabledWorkflows":[]},"_links":{"self":[{"href":"https:\/\/www.casaldelsinfants.org\/es\/wp-json\/wp\/v2\/posts\/12528","targetHints":{"allow":["GET"]}}],"collection":[{"href":"https:\/\/www.casaldelsinfants.org\/es\/wp-json\/wp\/v2\/posts"}],"about":[{"href":"https:\/\/www.casaldelsinfants.org\/es\/wp-json\/wp\/v2\/types\/post"}],"author":[{"embeddable":true,"href":"https:\/\/www.casaldelsinfants.org\/es\/wp-json\/wp\/v2\/users\/9"}],"replies":[{"embeddable":true,"href":"https:\/\/www.casaldelsinfants.org\/es\/wp-json\/wp\/v2\/comments?post=12528"}],"version-history":[{"count":4,"href":"https:\/\/www.casaldelsinfants.org\/es\/wp-json\/wp\/v2\/posts\/12528\/revisions"}],"predecessor-version":[{"id":12733,"href":"https:\/\/www.casaldelsinfants.org\/es\/wp-json\/wp\/v2\/posts\/12528\/revisions\/12733"}],"wp:attachment":[{"href":"https:\/\/www.casaldelsinfants.org\/es\/wp-json\/wp\/v2\/media?parent=12528"}],"wp:term":[{"taxonomy":"category","embeddable":true,"href":"https:\/\/www.casaldelsinfants.org\/es\/wp-json\/wp\/v2\/categories?post=12528"},{"taxonomy":"post_tag","embeddable":true,"href":"https:\/\/www.casaldelsinfants.org\/es\/wp-json\/wp\/v2\/tags?post=12528"},{"taxonomy":"seus","embeddable":true,"href":"https:\/\/www.casaldelsinfants.org\/es\/wp-json\/wp\/v2\/seus?post=12528"},{"taxonomy":"eixos","embeddable":true,"href":"https:\/\/www.casaldelsinfants.org\/es\/wp-json\/wp\/v2\/eixos?post=12528"}],"curies":[{"name":"wp","href":"https:\/\/api.w.org\/{rel}","templated":true}]}}