{"id":12546,"date":"2023-06-27T15:11:01","date_gmt":"2023-06-27T13:11:01","guid":{"rendered":"https:\/\/www.casaldelsinfants.org\/?p=12546"},"modified":"2023-07-03T11:34:01","modified_gmt":"2023-07-03T09:34:01","slug":"ravaloritzatjovenesraval","status":"publish","type":"post","link":"https:\/\/www.casaldelsinfants.org\/es\/actualidad\/ravaloritzatjovenesraval\/","title":{"rendered":"Sostenibilidad y econom\u00eda circular: j\u00f3venes del Raval hacen muebles con material reciclado"},"content":{"rendered":"<p><iframe loading=\"lazy\" title=\"J\u00f3venes del Raval construyen muebles con material reciclado con TransfoLAB BCN y Cooperativa Raons\" width=\"1080\" height=\"608\" src=\"https:\/\/www.youtube.com\/embed\/zS2yF-KgBA4?start=1&#038;feature=oembed&#038;enablejsapi=1&#038;origin=https:\/\/www.casaldelsinfants.org\"  allow=\"accelerometer; autoplay; clipboard-write; encrypted-media; gyroscope; picture-in-picture; web-share\" allowfullscreen><\/iframe><\/p>\n<p>&nbsp;<\/p>\n<p><span style=\"font-weight: 400;\">Se escuchan golpes, ruidos de clavos siendo clavados a los muebles de mader arecientemente creados, hay tiras y retales de tajos sobre la mesa. Esta tarde la sala de J\u00f3venes del Casal dels Infants en el barrio del Raval se ha convertido en un taller por un rato, para continuar con el proyecto de <\/span><b>transformar el espacio de j\u00f3venes con la construcci\u00f3n de muebles de material reciclado<\/b><span style=\"font-weight: 400;\"> que hace semanas han puesto en marcha.\u00a0<\/span><\/p>\n<p><span style=\"font-weight: 400;\">Los y las j\u00f3venes participan desde el mes de febrero en <\/span><b>RAVALoritza, un proyecto de TransfoLAB BCN y la Cooperativa Raons<\/b><span style=\"font-weight: 400;\"> que consiste en transformar un espacio aprovechando materiales reciclados, dando a conocer tambi\u00e9n la cultura de la sostenibilidad y la econom\u00eda circular, seg\u00fan explica Susana Gimber, socia y miembro de la Cooperativa Raons. \u201cEl objetivo es implicar a los y las j\u00f3venes para dar a conocer esta nueva tendencia, que cada vez es m\u00e1s necesaria e importante\u201d, a\u00f1ade. A lo largo de estos meses, han construido muebles nuevos, han hecho carteles para la se\u00f1alizaci\u00f3n del local y han liberado espacio en la sala de J\u00f3venes, que desde este curso ocupaba un nuevo espacio al Casal.\u00a0<\/span><\/p>\n<p><span style=\"font-weight: 400;\">El pasado septiembre, el equipo y los y las participantes de J\u00f3venes del Raval tuvieron que mudarse al local de calle Junta de Comer\u00e7 y dejar atr\u00e1s el local de la calle Doctor Dou, donde hac\u00eda a\u00f1os que el Casal desarrollaba su acci\u00f3n con chicos y chicas. Este desplazamiento result\u00f3 en un <\/span><b>cambio y reducci\u00f3n del espacio disponible<\/b><span style=\"font-weight: 400;\">, y <\/span><b>los y las j\u00f3venes quisieron reorganizarlo y hac\u00e9rselo suyo<\/b><span style=\"font-weight: 400;\">. La colaboraci\u00f3n con TransfoLAB BCN y la Cooperativa Raons, que cuentan con la subvenci\u00f3n deBIT Habitat, vino como anillo al dedo.\u00a0<\/span><\/p>\n<p><span style=\"font-weight: 400;\">\u201c<\/span><b>Nos faltaban muebles, ya que somos muchos j\u00f3venes en el Casal<\/b><span style=\"font-weight: 400;\">, y solo ten\u00edamos un sof\u00e1 y unas sillas bastante inc\u00f3modas. Tambi\u00e9n nos sent\u00edamos apretados y un poco inc\u00f3modos en un espacio desordenado\u201d, explica El\u00edas, j\u00f3ven participante del Casal Jove Atles del Raval.\u00a0<\/span><\/p>\n<p>&nbsp;<\/p>\n<p><img decoding=\"async\" class=\"wp-image-12538 aligncenter\" src=\"https:\/\/www.casaldelsinfants.org\/wp-content\/uploads\/mobles-CAT.00_00_21_18.Imagen-fija001-1.webp\" alt=\"Nois i noies forren amb texans unes fustes que faran de sof\u00e0s.\" width=\"1022\" height=\"575\" srcset=\"https:\/\/www.casaldelsinfants.org\/wp-content\/uploads\/mobles-CAT.00_00_21_18.Imagen-fija001-1-980x551.webp 980w, https:\/\/www.casaldelsinfants.org\/wp-content\/uploads\/mobles-CAT.00_00_21_18.Imagen-fija001-1-480x270.webp 480w\" sizes=\"(min-width: 0px) and (max-width: 480px) 480px, (min-width: 481px) and (max-width: 980px) 980px, (min-width: 981px) 1022px, 100vw\" \/><\/p>\n<h1><\/h1>\n<p>&nbsp;<\/p>\n<h1><b>El inicio de RAVALoritza<\/b><\/h1>\n<p>&nbsp;<\/p>\n<p><span style=\"font-weight: 400;\">Antes de entrar en el taller, RAVALoritza empez\u00f3 con una primera fase m\u00e1s te\u00f3rica, para <\/span><b>introducir los y las j\u00f3venes al mundo y tendencia de la econom\u00eda circular<\/b><span style=\"font-weight: 400;\"> y ense\u00f1arles conceptos de dise\u00f1o, de materiales reciclados y m\u00e1s. El siguiente paso fue decidir qu\u00e9 quer\u00edan transformar. Para hacerlo, era muy importante contar con la opini\u00f3n de todos y todas: <\/span><b>pasaron una encuesta a todos los y las j\u00f3venes que hiciesen uso del espacio<\/b><span style=\"font-weight: 400;\"> para saber qu\u00e9 necesitaba el espacio que comparten. De acuerdo con la falta de sillas c\u00f3modas y un espacio que acababa de pasar por una mudanza, <\/span><b>lo que m\u00e1s se vot\u00f3 fue tener m\u00e1s asientos y m\u00e1s organizaci\u00f3n<\/b><span style=\"font-weight: 400;\">.\u00a0\u00a0<\/span><\/p>\n<p><span style=\"font-weight: 400;\">Una vez quedaron claras las necesidades de la juventud respecto al espacio, se hab\u00edan estudiado los materiales reciclables y sus diferentes posibilidades y se valor\u00f3 con el equipo de Serveis Generals la viabilidad de las ideas, se hicieron maquetas y prototipos para acabar de definir quina era la transformaci\u00f3n que se quer\u00eda conseguir del espacio, nos explica Susana.\u00a0<\/span><\/p>\n<p><span style=\"font-weight: 400;\">As\u00ed pues, los y las j\u00f3venes, por equipos y con la ayuda de los talleristas especializados, se pusieron manos a la obra. <\/span><b>Un equipo se ha encargado de construir un sof\u00e1 de asientos modulares<\/b><span style=\"font-weight: 400;\"> con madera que hab\u00edan recogido de la calle. Para las tareas de construcci\u00f3n y carpinter\u00eda, han contado con la ayuda y pericia de Ariel Facundo Uzal, de TransfoLAB BCN. El sof\u00e1 tambi\u00e9n tiene ruedas para poderlo ir moviendo por la sala y multiplicar sus usos. \u201cEste sof\u00e1 no est\u00e1 hecho para estar en un solo lugar, sino para que se traslade por toda el \u00e1rea. <\/span><b>Tuvimos la idea de hacerlo as\u00ed porque cuando tengamos las reuniones de asamblea, que hacemos cada mes, el sof\u00e1 sirva para movernos y organizarnos mejor<\/b><span style=\"font-weight: 400;\">\u201d, explica El\u00edas. <\/span><\/p>\n<p>&nbsp;<\/p>\n<p><img decoding=\"async\" class=\"wp-image-12540 aligncenter\" src=\"https:\/\/www.casaldelsinfants.org\/wp-content\/uploads\/mobles-CAT.00_02_00_11.Imagen-fija002-1.webp\" alt=\"Noies cusen texans reciclats amb m\u00e0quines de cosir.\" width=\"878\" height=\"494\" \/><\/p>\n<p>&nbsp;<\/p>\n<p><span style=\"font-weight: 400;\">Otro equipo, acompa\u00f1ado por Penny Papacrhristodoulou, investigadora y coordinadora a TransfoLAB BCN, ha tenido la tarea de <\/span><b>hacer los cojines para el sof\u00e1, con tejanos reciclados<\/b><span style=\"font-weight: 400;\">, ya que sin ellos sentarse en la madera ser\u00eda muy inc\u00f3modo. Un tercero y \u00faltimo equipo est\u00e1 puesto en un proyecto que no se contemplaba al principio, pero que beneficia la est\u00e9tica de la sala con el aprovechamiento de materiales reciclados. En la F\u00e0brica del Sol, un equipamiento de educaci\u00f3n ambiental promovido por el \u00c1rea de Ecolog\u00eda, Urbanismo y Movilidad del Ajuntament de Barcelona, <\/span><b>el equipo de j\u00f3venes ha estado utilizando nuevas tecnolog\u00edas para derretir el pl\u00e1stico de tapones de botella y con eso, hacer nuevos carteles por la sala de j\u00f3venes del Casal<\/b><span style=\"font-weight: 400;\">, y sustituir los papeles laminados de ahora, acompa\u00f1ados por la fundadora de TransfoLAB BCN y educadora, Nada Tozija.<\/span><\/p>\n<p>&nbsp;<\/p>\n<h1><b>Una oportunidad para descubrir habilidades y vocaciones<\/b><\/h1>\n<p>&nbsp;<\/p>\n<p><span style=\"font-weight: 400;\">Durante este tiempo, los y las j\u00f3venes han tenido <\/span><b>la oportunidad de sumergirse en un proceso creativo y artesanal<\/b><span style=\"font-weight: 400;\">, aprender de profesionales del sector del dise\u00f1o, interiorismo y costura y visitar el taller de TransfoLAB BCN. Han empezado un proyecto que ellos y ellos se han responsabilizado para hacer y terminar, ver\u00e1n un resultado final producto de su esfuerzo y paciencia que aportar\u00e1 utilidad y estilo al espacio que comparten con los dem\u00e1s compa\u00f1eros y compa\u00f1eras.\u00a0<\/span><\/p>\n<p><span style=\"font-weight: 400;\">Para El\u00edas, que quiere ser arquitecto, dise\u00f1ador de interiores y dibujante, participar en este proyecto le ha permitido ver de cerca y practicar su vocaci\u00f3n. \u201c<\/span><b>Ha sido un impulso m\u00e1s acercarme a qu\u00e9 quiero ser de mayor<\/b><span style=\"font-weight: 400;\">\u201d, afirma. \u201cEs una oportunidad para que estos j\u00f3venes puedan descubrir sus habilidades, algunas la tienen en la parte de concepto, otras tienen habilidades manuales, pero cada uno tiene su fortaleza\u201d, concluye Susana.\u00a0<\/span><\/p>\n<p>&nbsp;<\/p>\n","protected":false},"excerpt":{"rendered":"<p>&nbsp; Se escuchan golpes, ruidos de clavos siendo clavados a los muebles de mader arecientemente creados, hay tiras y retales de tajos sobre la mesa. Esta tarde la sala de J\u00f3venes del Casal dels Infants en el barrio del Raval se ha convertido en un taller por un rato, para continuar con el proyecto de [&hellip;]<\/p>\n","protected":false},"author":9,"featured_media":0,"comment_status":"open","ping_status":"open","sticky":false,"template":"","format":"video","meta":{"_acf_changed":false,"_et_pb_use_builder":"","_et_pb_old_content":"","_et_gb_content_width":"","inline_featured_image":false,"footnotes":""},"categories":[125],"tags":[],"seus":[157],"eixos":[102],"class_list":["post-12546","post","type-post","status-publish","format-video","hentry","category-noticias","post_format-post-format-video","seus-el-raval","eixos-jovenes"],"acf":[],"yoast_head":"<!-- This site is optimized with the Yoast SEO plugin v27.4 - https:\/\/yoast.com\/product\/yoast-seo-wordpress\/ -->\n<title>&#039;RAVALoritza&#039; con los y las j\u00f3venes del Raval - Casal dels Infants<\/title>\n<meta name=\"robots\" content=\"index, follow, max-snippet:-1, max-image-preview:large, max-video-preview:-1\" \/>\n<link rel=\"canonical\" href=\"https:\/\/www.casaldelsinfants.org\/es\/actualidad\/ravaloritzatjovenesraval\/\" \/>\n<meta property=\"og:locale\" content=\"es_ES\" \/>\n<meta property=\"og:type\" content=\"article\" \/>\n<meta property=\"og:title\" content=\"&#039;RAVALoritza&#039; con los y las j\u00f3venes del Raval - Casal dels Infants\" \/>\n<meta property=\"og:description\" content=\"&nbsp; Se escuchan golpes, ruidos de clavos siendo clavados a los muebles de mader arecientemente creados, hay tiras y retales de tajos sobre la mesa. Esta tarde la sala de J\u00f3venes del Casal dels Infants en el barrio del Raval se ha convertido en un taller por un rato, para continuar con el proyecto de [&hellip;]\" \/>\n<meta property=\"og:url\" content=\"https:\/\/www.casaldelsinfants.org\/es\/actualidad\/ravaloritzatjovenesraval\/\" \/>\n<meta property=\"og:site_name\" content=\"Casal dels Infants\" \/>\n<meta property=\"article:publisher\" content=\"https:\/\/www.facebook.com\/casalinfants\" \/>\n<meta property=\"article:published_time\" content=\"2023-06-27T13:11:01+00:00\" \/>\n<meta property=\"article:modified_time\" content=\"2023-07-03T09:34:01+00:00\" \/>\n<meta property=\"og:image\" content=\"https:\/\/www.casaldelsinfants.org\/wp-content\/uploads\/mobles-CAT.00_00_21_18.Imagen-fija001-1.webp\" \/>\n<meta name=\"author\" content=\"julia\" \/>\n<meta name=\"twitter:card\" content=\"summary_large_image\" \/>\n<meta name=\"twitter:creator\" content=\"@casalinfants\" \/>\n<meta name=\"twitter:site\" content=\"@casalinfants\" \/>\n<meta name=\"twitter:label1\" content=\"Escrito por\" \/>\n\t<meta name=\"twitter:data1\" content=\"julia\" \/>\n\t<meta name=\"twitter:label2\" content=\"Tiempo de lectura\" \/>\n\t<meta name=\"twitter:data2\" content=\"5 minutos\" \/>\n<script type=\"application\/ld+json\" class=\"yoast-schema-graph\">{\"@context\":\"https:\\\/\\\/schema.org\",\"@graph\":[{\"@type\":\"Article\",\"@id\":\"https:\\\/\\\/www.casaldelsinfants.org\\\/es\\\/actualidad\\\/ravaloritzatjovenesraval\\\/#article\",\"isPartOf\":{\"@id\":\"https:\\\/\\\/www.casaldelsinfants.org\\\/es\\\/actualidad\\\/ravaloritzatjovenesraval\\\/\"},\"author\":{\"name\":\"julia\",\"@id\":\"https:\\\/\\\/www.casaldelsinfants.org\\\/es\\\/#\\\/schema\\\/person\\\/e870791b50f03fd60f872e1cd83910fc\"},\"headline\":\"Sostenibilidad y econom\u00eda circular: j\u00f3venes del Raval hacen muebles con material reciclado\",\"datePublished\":\"2023-06-27T13:11:01+00:00\",\"dateModified\":\"2023-07-03T09:34:01+00:00\",\"mainEntityOfPage\":{\"@id\":\"https:\\\/\\\/www.casaldelsinfants.org\\\/es\\\/actualidad\\\/ravaloritzatjovenesraval\\\/\"},\"wordCount\":1024,\"commentCount\":0,\"publisher\":{\"@id\":\"https:\\\/\\\/www.casaldelsinfants.org\\\/es\\\/#organization\"},\"image\":{\"@id\":\"https:\\\/\\\/www.casaldelsinfants.org\\\/es\\\/actualidad\\\/ravaloritzatjovenesraval\\\/#primaryimage\"},\"thumbnailUrl\":\"https:\\\/\\\/www.casaldelsinfants.org\\\/wp-content\\\/uploads\\\/mobles-CAT.00_00_21_18.Imagen-fija001-1.webp\",\"articleSection\":[\"Noticia\"],\"inLanguage\":\"es\",\"potentialAction\":[{\"@type\":\"CommentAction\",\"name\":\"Comment\",\"target\":[\"https:\\\/\\\/www.casaldelsinfants.org\\\/es\\\/actualidad\\\/ravaloritzatjovenesraval\\\/#respond\"]}]},{\"@type\":\"WebPage\",\"@id\":\"https:\\\/\\\/www.casaldelsinfants.org\\\/es\\\/actualidad\\\/ravaloritzatjovenesraval\\\/\",\"url\":\"https:\\\/\\\/www.casaldelsinfants.org\\\/es\\\/actualidad\\\/ravaloritzatjovenesraval\\\/\",\"name\":\"'RAVALoritza' con los y las j\u00f3venes del Raval - Casal dels Infants\",\"isPartOf\":{\"@id\":\"https:\\\/\\\/www.casaldelsinfants.org\\\/es\\\/#website\"},\"primaryImageOfPage\":{\"@id\":\"https:\\\/\\\/www.casaldelsinfants.org\\\/es\\\/actualidad\\\/ravaloritzatjovenesraval\\\/#primaryimage\"},\"image\":{\"@id\":\"https:\\\/\\\/www.casaldelsinfants.org\\\/es\\\/actualidad\\\/ravaloritzatjovenesraval\\\/#primaryimage\"},\"thumbnailUrl\":\"https:\\\/\\\/www.casaldelsinfants.org\\\/wp-content\\\/uploads\\\/mobles-CAT.00_00_21_18.Imagen-fija001-1.webp\",\"datePublished\":\"2023-06-27T13:11:01+00:00\",\"dateModified\":\"2023-07-03T09:34:01+00:00\",\"breadcrumb\":{\"@id\":\"https:\\\/\\\/www.casaldelsinfants.org\\\/es\\\/actualidad\\\/ravaloritzatjovenesraval\\\/#breadcrumb\"},\"inLanguage\":\"es\",\"potentialAction\":[{\"@type\":\"ReadAction\",\"target\":[\"https:\\\/\\\/www.casaldelsinfants.org\\\/es\\\/actualidad\\\/ravaloritzatjovenesraval\\\/\"]}]},{\"@type\":\"ImageObject\",\"inLanguage\":\"es\",\"@id\":\"https:\\\/\\\/www.casaldelsinfants.org\\\/es\\\/actualidad\\\/ravaloritzatjovenesraval\\\/#primaryimage\",\"url\":\"https:\\\/\\\/www.casaldelsinfants.org\\\/wp-content\\\/uploads\\\/mobles-CAT.00_00_21_18.Imagen-fija001-1.webp\",\"contentUrl\":\"https:\\\/\\\/www.casaldelsinfants.org\\\/wp-content\\\/uploads\\\/mobles-CAT.00_00_21_18.Imagen-fija001-1.webp\"},{\"@type\":\"BreadcrumbList\",\"@id\":\"https:\\\/\\\/www.casaldelsinfants.org\\\/es\\\/actualidad\\\/ravaloritzatjovenesraval\\\/#breadcrumb\",\"itemListElement\":[{\"@type\":\"ListItem\",\"position\":1,\"name\":\"Inici\",\"item\":\"https:\\\/\\\/www.casaldelsinfants.org\\\/es\\\/\"},{\"@type\":\"ListItem\",\"position\":2,\"name\":\"Sostenibilidad y econom\u00eda circular: j\u00f3venes del Raval hacen muebles con material reciclado\"}]},{\"@type\":\"WebSite\",\"@id\":\"https:\\\/\\\/www.casaldelsinfants.org\\\/es\\\/#website\",\"url\":\"https:\\\/\\\/www.casaldelsinfants.org\\\/es\\\/\",\"name\":\"Casal dels Infants\",\"description\":\"\",\"publisher\":{\"@id\":\"https:\\\/\\\/www.casaldelsinfants.org\\\/es\\\/#organization\"},\"potentialAction\":[{\"@type\":\"SearchAction\",\"target\":{\"@type\":\"EntryPoint\",\"urlTemplate\":\"https:\\\/\\\/www.casaldelsinfants.org\\\/es\\\/?s={search_term_string}\"},\"query-input\":{\"@type\":\"PropertyValueSpecification\",\"valueRequired\":true,\"valueName\":\"search_term_string\"}}],\"inLanguage\":\"es\"},{\"@type\":\"Organization\",\"@id\":\"https:\\\/\\\/www.casaldelsinfants.org\\\/es\\\/#organization\",\"name\":\"Casal dels Infants\",\"url\":\"https:\\\/\\\/www.casaldelsinfants.org\\\/es\\\/\",\"logo\":{\"@type\":\"ImageObject\",\"inLanguage\":\"es\",\"@id\":\"https:\\\/\\\/www.casaldelsinfants.org\\\/es\\\/#\\\/schema\\\/logo\\\/image\\\/\",\"url\":\"https:\\\/\\\/www.casaldelsinfants.org\\\/wp-content\\\/uploads\\\/logo-mail.png\",\"contentUrl\":\"https:\\\/\\\/www.casaldelsinfants.org\\\/wp-content\\\/uploads\\\/logo-mail.png\",\"width\":380,\"height\":158,\"caption\":\"Casal dels Infants\"},\"image\":{\"@id\":\"https:\\\/\\\/www.casaldelsinfants.org\\\/es\\\/#\\\/schema\\\/logo\\\/image\\\/\"},\"sameAs\":[\"https:\\\/\\\/www.facebook.com\\\/casalinfants\",\"https:\\\/\\\/x.com\\\/casalinfants\",\"https:\\\/\\\/www.youtube.com\\\/user\\\/CasaldelsInfants1\",\"https:\\\/\\\/www.instagram.com\\\/casalinfants\\\/\",\"https:\\\/\\\/www.linkedin.com\\\/company\\\/casaldelsinfants?trk=organization-update_share-update_actor-text\"]},{\"@type\":\"Person\",\"@id\":\"https:\\\/\\\/www.casaldelsinfants.org\\\/es\\\/#\\\/schema\\\/person\\\/e870791b50f03fd60f872e1cd83910fc\",\"name\":\"julia\"}]}<\/script>\n<!-- \/ Yoast SEO plugin. -->","yoast_head_json":{"title":"'RAVALoritza' con los y las j\u00f3venes del Raval - Casal dels Infants","robots":{"index":"index","follow":"follow","max-snippet":"max-snippet:-1","max-image-preview":"max-image-preview:large","max-video-preview":"max-video-preview:-1"},"canonical":"https:\/\/www.casaldelsinfants.org\/es\/actualidad\/ravaloritzatjovenesraval\/","og_locale":"es_ES","og_type":"article","og_title":"'RAVALoritza' con los y las j\u00f3venes del Raval - Casal dels Infants","og_description":"&nbsp; Se escuchan golpes, ruidos de clavos siendo clavados a los muebles de mader arecientemente creados, hay tiras y retales de tajos sobre la mesa. Esta tarde la sala de J\u00f3venes del Casal dels Infants en el barrio del Raval se ha convertido en un taller por un rato, para continuar con el proyecto de [&hellip;]","og_url":"https:\/\/www.casaldelsinfants.org\/es\/actualidad\/ravaloritzatjovenesraval\/","og_site_name":"Casal dels Infants","article_publisher":"https:\/\/www.facebook.com\/casalinfants","article_published_time":"2023-06-27T13:11:01+00:00","article_modified_time":"2023-07-03T09:34:01+00:00","og_image":[{"url":"https:\/\/www.casaldelsinfants.org\/wp-content\/uploads\/mobles-CAT.00_00_21_18.Imagen-fija001-1.webp","type":"","width":"","height":""}],"author":"julia","twitter_card":"summary_large_image","twitter_creator":"@casalinfants","twitter_site":"@casalinfants","twitter_misc":{"Escrito por":"julia","Tiempo de lectura":"5 minutos"},"schema":{"@context":"https:\/\/schema.org","@graph":[{"@type":"Article","@id":"https:\/\/www.casaldelsinfants.org\/es\/actualidad\/ravaloritzatjovenesraval\/#article","isPartOf":{"@id":"https:\/\/www.casaldelsinfants.org\/es\/actualidad\/ravaloritzatjovenesraval\/"},"author":{"name":"julia","@id":"https:\/\/www.casaldelsinfants.org\/es\/#\/schema\/person\/e870791b50f03fd60f872e1cd83910fc"},"headline":"Sostenibilidad y econom\u00eda circular: j\u00f3venes del Raval hacen muebles con material reciclado","datePublished":"2023-06-27T13:11:01+00:00","dateModified":"2023-07-03T09:34:01+00:00","mainEntityOfPage":{"@id":"https:\/\/www.casaldelsinfants.org\/es\/actualidad\/ravaloritzatjovenesraval\/"},"wordCount":1024,"commentCount":0,"publisher":{"@id":"https:\/\/www.casaldelsinfants.org\/es\/#organization"},"image":{"@id":"https:\/\/www.casaldelsinfants.org\/es\/actualidad\/ravaloritzatjovenesraval\/#primaryimage"},"thumbnailUrl":"https:\/\/www.casaldelsinfants.org\/wp-content\/uploads\/mobles-CAT.00_00_21_18.Imagen-fija001-1.webp","articleSection":["Noticia"],"inLanguage":"es","potentialAction":[{"@type":"CommentAction","name":"Comment","target":["https:\/\/www.casaldelsinfants.org\/es\/actualidad\/ravaloritzatjovenesraval\/#respond"]}]},{"@type":"WebPage","@id":"https:\/\/www.casaldelsinfants.org\/es\/actualidad\/ravaloritzatjovenesraval\/","url":"https:\/\/www.casaldelsinfants.org\/es\/actualidad\/ravaloritzatjovenesraval\/","name":"'RAVALoritza' con los y las j\u00f3venes del Raval - Casal dels Infants","isPartOf":{"@id":"https:\/\/www.casaldelsinfants.org\/es\/#website"},"primaryImageOfPage":{"@id":"https:\/\/www.casaldelsinfants.org\/es\/actualidad\/ravaloritzatjovenesraval\/#primaryimage"},"image":{"@id":"https:\/\/www.casaldelsinfants.org\/es\/actualidad\/ravaloritzatjovenesraval\/#primaryimage"},"thumbnailUrl":"https:\/\/www.casaldelsinfants.org\/wp-content\/uploads\/mobles-CAT.00_00_21_18.Imagen-fija001-1.webp","datePublished":"2023-06-27T13:11:01+00:00","dateModified":"2023-07-03T09:34:01+00:00","breadcrumb":{"@id":"https:\/\/www.casaldelsinfants.org\/es\/actualidad\/ravaloritzatjovenesraval\/#breadcrumb"},"inLanguage":"es","potentialAction":[{"@type":"ReadAction","target":["https:\/\/www.casaldelsinfants.org\/es\/actualidad\/ravaloritzatjovenesraval\/"]}]},{"@type":"ImageObject","inLanguage":"es","@id":"https:\/\/www.casaldelsinfants.org\/es\/actualidad\/ravaloritzatjovenesraval\/#primaryimage","url":"https:\/\/www.casaldelsinfants.org\/wp-content\/uploads\/mobles-CAT.00_00_21_18.Imagen-fija001-1.webp","contentUrl":"https:\/\/www.casaldelsinfants.org\/wp-content\/uploads\/mobles-CAT.00_00_21_18.Imagen-fija001-1.webp"},{"@type":"BreadcrumbList","@id":"https:\/\/www.casaldelsinfants.org\/es\/actualidad\/ravaloritzatjovenesraval\/#breadcrumb","itemListElement":[{"@type":"ListItem","position":1,"name":"Inici","item":"https:\/\/www.casaldelsinfants.org\/es\/"},{"@type":"ListItem","position":2,"name":"Sostenibilidad y econom\u00eda circular: j\u00f3venes del Raval hacen muebles con material reciclado"}]},{"@type":"WebSite","@id":"https:\/\/www.casaldelsinfants.org\/es\/#website","url":"https:\/\/www.casaldelsinfants.org\/es\/","name":"Casal dels Infants","description":"","publisher":{"@id":"https:\/\/www.casaldelsinfants.org\/es\/#organization"},"potentialAction":[{"@type":"SearchAction","target":{"@type":"EntryPoint","urlTemplate":"https:\/\/www.casaldelsinfants.org\/es\/?s={search_term_string}"},"query-input":{"@type":"PropertyValueSpecification","valueRequired":true,"valueName":"search_term_string"}}],"inLanguage":"es"},{"@type":"Organization","@id":"https:\/\/www.casaldelsinfants.org\/es\/#organization","name":"Casal dels Infants","url":"https:\/\/www.casaldelsinfants.org\/es\/","logo":{"@type":"ImageObject","inLanguage":"es","@id":"https:\/\/www.casaldelsinfants.org\/es\/#\/schema\/logo\/image\/","url":"https:\/\/www.casaldelsinfants.org\/wp-content\/uploads\/logo-mail.png","contentUrl":"https:\/\/www.casaldelsinfants.org\/wp-content\/uploads\/logo-mail.png","width":380,"height":158,"caption":"Casal dels Infants"},"image":{"@id":"https:\/\/www.casaldelsinfants.org\/es\/#\/schema\/logo\/image\/"},"sameAs":["https:\/\/www.facebook.com\/casalinfants","https:\/\/x.com\/casalinfants","https:\/\/www.youtube.com\/user\/CasaldelsInfants1","https:\/\/www.instagram.com\/casalinfants\/","https:\/\/www.linkedin.com\/company\/casaldelsinfants?trk=organization-update_share-update_actor-text"]},{"@type":"Person","@id":"https:\/\/www.casaldelsinfants.org\/es\/#\/schema\/person\/e870791b50f03fd60f872e1cd83910fc","name":"julia"}]}},"publishpress_future_action":{"enabled":false,"date":"2026-05-09 01:22:51","action":"change-status","newStatus":"draft","terms":[],"taxonomy":"category","extraData":[]},"publishpress_future_workflow_manual_trigger":{"enabledWorkflows":[]},"_links":{"self":[{"href":"https:\/\/www.casaldelsinfants.org\/es\/wp-json\/wp\/v2\/posts\/12546","targetHints":{"allow":["GET"]}}],"collection":[{"href":"https:\/\/www.casaldelsinfants.org\/es\/wp-json\/wp\/v2\/posts"}],"about":[{"href":"https:\/\/www.casaldelsinfants.org\/es\/wp-json\/wp\/v2\/types\/post"}],"author":[{"embeddable":true,"href":"https:\/\/www.casaldelsinfants.org\/es\/wp-json\/wp\/v2\/users\/9"}],"replies":[{"embeddable":true,"href":"https:\/\/www.casaldelsinfants.org\/es\/wp-json\/wp\/v2\/comments?post=12546"}],"version-history":[{"count":6,"href":"https:\/\/www.casaldelsinfants.org\/es\/wp-json\/wp\/v2\/posts\/12546\/revisions"}],"predecessor-version":[{"id":12734,"href":"https:\/\/www.casaldelsinfants.org\/es\/wp-json\/wp\/v2\/posts\/12546\/revisions\/12734"}],"wp:attachment":[{"href":"https:\/\/www.casaldelsinfants.org\/es\/wp-json\/wp\/v2\/media?parent=12546"}],"wp:term":[{"taxonomy":"category","embeddable":true,"href":"https:\/\/www.casaldelsinfants.org\/es\/wp-json\/wp\/v2\/categories?post=12546"},{"taxonomy":"post_tag","embeddable":true,"href":"https:\/\/www.casaldelsinfants.org\/es\/wp-json\/wp\/v2\/tags?post=12546"},{"taxonomy":"seus","embeddable":true,"href":"https:\/\/www.casaldelsinfants.org\/es\/wp-json\/wp\/v2\/seus?post=12546"},{"taxonomy":"eixos","embeddable":true,"href":"https:\/\/www.casaldelsinfants.org\/es\/wp-json\/wp\/v2\/eixos?post=12546"}],"curies":[{"name":"wp","href":"https:\/\/api.w.org\/{rel}","templated":true}]}}