{"id":12581,"date":"2023-06-28T15:11:57","date_gmt":"2023-06-28T13:11:57","guid":{"rendered":"https:\/\/www.casaldelsinfants.org\/?p=12581"},"modified":"2023-11-22T18:10:08","modified_gmt":"2023-11-22T16:10:08","slug":"presentacionrassif2023","status":"publish","type":"post","link":"https:\/\/www.casaldelsinfants.org\/es\/actualidad\/presentacionrassif2023\/","title":{"rendered":"Rassif: seguimos protegiendo los derechos de los ni\u00f1os, ni\u00f1as y j\u00f3venes migrados"},"content":{"rendered":"<p><iframe loading=\"lazy\" title=\"Un a\u00f1o m\u00e1s de Rassif, para la protecci\u00f3n transnacional de los derechos de ni\u00f1os que emigran solos\" width=\"1080\" height=\"608\" src=\"https:\/\/www.youtube.com\/embed\/-J9ak0QEuDk?feature=oembed&#038;enablejsapi=1&#038;origin=https:\/\/www.casaldelsinfants.org\"  allow=\"accelerometer; autoplay; clipboard-write; encrypted-media; gyroscope; picture-in-picture; web-share\" allowfullscreen><\/iframe><\/p>\n<p>&nbsp;<\/p>\n<p><span style=\"font-weight: 400;\">El pasado viernes 16 de junio presentamos la actualizaci\u00f3n de <strong>la continuidad del proyecto Rassif<\/strong> en la Universitat Pompeu Fabra (UPF). Fue un a\u00f1o despu\u00e9s de la <a href=\"https:\/\/www.casaldelsinfants.org\/es\/actualidad\/proteccion-derechos-casal-infants\/\" target=\"_blank\" rel=\"noopener\">presentaci\u00f3n del proyecto en la Facultat de Comunicaci\u00f3n<\/a> de la misma universidad. Los tres d\u00edas anteriores, el equipo vinculado al proyecto de Marruecos y de Catalunya, as\u00ed como los y las j\u00f3venes, participaron en talleres y seminarios alrededor de la migraci\u00f3n, interculturalidad, violencias y discriminaci\u00f3n.<\/span><\/p>\n<p><span style=\"font-weight: 400;\"><strong>Rassif\u00a0<\/strong>es un proyecto que impulsamos desde T\u00e1nger, Casablanca y Barcelona para <strong>mejorar el trabajo en red en la defensa de los derechos de los ni\u00f1os, ni\u00f1as y j\u00f3venes que migran solos desde Marruecos<\/strong>, desde un enfoco transnacional y basado en los derechos humanos. Naci\u00f3 el a\u00f1o 2018 realizando un diagn\u00f3stico inicial de la situaci\u00f3n de los j\u00f3venes en proceso migratorio en T\u00e1nger y de los que hab\u00edan llegado a Barcelona. Este diagn\u00f3stico permiti\u00f3 definir un modelo de intervenci\u00f3n que actualmente el Casal dels Infants desarrolla con la <a href=\"https:\/\/ong-aida.org\/\" target=\"_blank\" rel=\"noopener\">Asociaci\u00f3n AIDA<\/a> y las entidades locales <a href=\"https:\/\/www.linkedin.com\/company\/aiceed\/about\/\" target=\"_blank\" rel=\"noopener\">AICEED<\/a> (T\u00e1nger) y <a href=\"http:\/\/www.association-bayti.ma\/\" target=\"_blank\" rel=\"noopener\">Bayti<\/a> (Casablanca).<\/span><\/p>\n<p>&nbsp;<\/p>\n<p><img decoding=\"async\" class=\"wp-image-12596 aligncenter\" src=\"https:\/\/www.casaldelsinfants.org\/wp-content\/uploads\/1340172-1.webp\" alt=\"Assistents de la presentaci\u00f3 del projecte Rassif.\" width=\"937\" height=\"527\" \/><\/p>\n<h2><\/h2>\n<p>&nbsp;<\/p>\n<h2>Ampliaci\u00f3n del proyecto Rassif<\/h2>\n<p>&nbsp;<\/p>\n<p><span style=\"font-weight: 400;\">Despu\u00e9s de la introducci\u00f3n a la jornada de la mano de Jordi Ball\u00f3, director del Departamento de Comunicaci\u00f3n de la UPF, y Vicen\u00e7 Margalef, director de la Ag\u00e8ncia Catalana de Cooperaci\u00f3 al Desenvolupament, Claire Trichot, directora del Casal dels Infants en Marruecos, procedi\u00f3 a presentar la continuidad del proyecto. Rassif trabaja con chicos y chicas menores que se encuentran en tr\u00e1nsito de un proceso migratorio y en situaci\u00f3n de calle, as\u00ed como con sus familias.\u00a0<\/span><\/p>\n<p><strong>Este a\u00f1o, 640 menores han sido atendidos y 70 se han reencontrado con su familia<\/strong>. Tambi\u00e9n, el proyecto ha ampliado su acci\u00f3n a j\u00f3venes de otras nacionalidades a parte de la marroquina, y a las ciudades de Nador y Oujda, a parte de T\u00e1nger y Casablanca. \u00ab<strong>Este proyecto no tendr\u00eda sentido sin la participaci\u00f3n de los titulares de derecho, es decir, de los chicos y chicas<\/strong>. Tenemos que abordar las intervenciones desde su perspectiva\u00bb, afirmaba.<\/p>\n<p><b>Uno de los otros ejes de acci\u00f3n de Rassif es en la incidencia con las adiminstraciones p\u00fablicas y la sensibilizaci\u00f3n de la ciudadan\u00eda. <\/b>As\u00ed, este a\u00f1o se ha firmado una convenci\u00f3n con instituciones p\u00fablicas de Marruecos que permita activar pol\u00edticas p\u00fablicas a favor de la protecci\u00f3n de los menores. Sobre todo, los que se encuentran en situaci\u00f3n de calle y en movilidad. Tambi\u00e9n se ha firmado un convenio con el s\u00edndic de greuges de Catalunya, y han estado participando en mecanismos de las Naciones Unidas. \u00abTrabajamos para movilizar los actores. Sin respuesta colectiva seguiremos vulnerando los derechos y seguiremos constatando violencias continuadas hacia los y las menores y j\u00f3venes\u00bb, a\u00f1ad\u00eda Trichot.<\/p>\n<p>&nbsp;<\/p>\n<h2>Trabajo de investigaci\u00f3n con la UPF<\/h2>\n<p>&nbsp;<\/p>\n<p><span style=\"font-weight: 400;\">La jornada continu\u00f3 con las presentaciones de los estudios de Jos\u00e9 S\u00e1nchez-Garc\u00eda y Celia Premat, investigadores del proyecto Rassif del Departamento de Comunicaci\u00f3n de la UPF. S\u00e1nchez-Garc\u00eda, en su presentaci\u00f3n de \u00abJ\u00f3venes magreb\u00edes: marginalizaci\u00f3n y movilidad\u00bb, <b style=\"font-weight: 400;\">recalc\u00f3 la idea del mar <\/b><b>Mediterr\u00e1neo<\/b><b style=\"font-weight: 400;\"> como \u00abun mar de comunicaci\u00f3n, no mar de frontera\u00bb<\/b> y el papel de Rassif para intentar unir las dos orillas \u00abporque las personas de los dos lados tengan los mismos derechos\u00bb. Premat, presentando el estudio \u00abEmancipaci\u00f3n, discriminaciones y violencias de las migraciones juveniles\u00bb, se\u00f1al\u00f3 los mecanismos de violencia, deshumanizaci\u00f3n, invisibilidad y asignaci\u00f3n de etiquetas de los procesos migratorios. Estos a menudo pueden acabar definiendo las historias de vida de los que migran, as\u00ed como el papel crucial de las familias en estos procesos.\u00a0<\/span><\/p>\n<p>&nbsp;<\/p>\n<h2>El grupo motor de los y l\u00e1s j\u00f3venes y equipo educativo<\/h2>\n<p>&nbsp;<\/p>\n<p><span style=\"font-weight: 400;\">Seguidamente, se dio voz a los protagonistas del proyecto: los y las mismas j\u00f3venes. Hace un a\u00f1o, <strong>empez\u00f3 un proyecto metodol\u00f3gico con la participaci\u00f3n de los y las j\u00f3venes de Rassif -seis de Barcelona y seis de Marruecos<\/strong>. Cada uno se emparejaba con un educador o educadora, y una vez al mes se reun\u00edan virtualmente para trabajar y coinvestigar temas relacionados con la migraci\u00f3n. Lo hac\u00edan a trav\u00e9s de diferentes herramientas, como fotograf\u00edas, v\u00eddeos, entrevistas, cartograf\u00edas, mapas de dolor y violencia, historias de vida y debates. \u00ab<strong>Me ha gustado mucho participar en el grupo motor porque me ha dado la posibilidad de opinar y porque mi experiencia sirva para mejorar la situaci\u00f3n de las nuevas generaciones<\/strong>\u00ab, declar\u00f3 Abdel, participante de Rassif en Barcelona.\u00a0<\/span><\/p>\n<p>&nbsp;<\/p>\n<p><img decoding=\"async\" class=\"wp-image-12587 aligncenter\" src=\"https:\/\/www.casaldelsinfants.org\/wp-content\/uploads\/1340146-1.webp\" alt=\"Joves i educadors participen a una taula rodona a la Facultat de Comunicaci\u00f3 de la UPF.\" width=\"870\" height=\"489\" \/><\/p>\n<p>&nbsp;<\/p>\n<p><span style=\"font-weight: 400;\">Una mesa redonda alrededor de la juventud, los derechos humanos y los sistemas de protecci\u00f3n cerr\u00f3 la jornada. Con las intervenciones de la secretaria de infancia, adolescencia y juventud de la Generalitat de Catalunya, N\u00faria Valls, la adjunta de infancia del s\u00edndic de greuges de Catalunya, Aida C. Rodr\u00edguez, y la directora del Casal dels Infants, Rosa Balaguer, se habl\u00f3 de <strong>retos pendientes, de como disminuir las violencias y como mejorar una respuesta colectiva<\/strong>. \u00abUn reto importante y no conseguido es superar la mirada est\u00e1tica de cada pa\u00eds. Es imprescindible tejer colaboraciones y construir puentes para la defensa de los derechos humanos de la juventud\u00bb, concluy\u00f3 Balaguer.\u00a0<\/span><\/p>\n<p>&nbsp;<\/p>\n<h2>Tres d\u00edas de talleres, charlas y actividades<\/h2>\n<p>&nbsp;<\/p>\n<p><span style=\"font-weight: 400;\">La jornada del viernes cerr\u00f3 una semana con <strong>tres d\u00edas de talleres, charlas y actividades donde participaron j\u00f3venes, equipo de Marruecos, equipo de Barcelona y de la UPF<\/strong>. Se compartieron reflexiones y experiencias alrededor de los derechos de los y las j\u00f3venes migradas y las violencias que sufren. Los martes reflexionaron sobre la inclusi\u00f3n o discriminaci\u00f3n alrededor del g\u00e9nero y la interculturalidad; el mi\u00e9rcoles se centraron en los derechos humanos, la participaci\u00f3n y la ciudadan\u00eda; y el jueves visitaron la exposici\u00f3n \u00abDe Gangland a Transgang\u00bb y compartieron un cine f\u00f3rum sobre j\u00f3venes y discriminaci\u00f3n.\u00a0<\/span><\/p>\n<p>&nbsp;<\/p>\n","protected":false},"excerpt":{"rendered":"<p>&nbsp; El pasado viernes 16 de junio presentamos la actualizaci\u00f3n de la continuidad del proyecto Rassif en la Universitat Pompeu Fabra (UPF). Fue un a\u00f1o despu\u00e9s de la presentaci\u00f3n del proyecto en la Facultat de Comunicaci\u00f3n de la misma universidad. Los tres d\u00edas anteriores, el equipo vinculado al proyecto de Marruecos y de Catalunya, as\u00ed [&hellip;]<\/p>\n","protected":false},"author":9,"featured_media":0,"comment_status":"open","ping_status":"open","sticky":false,"template":"","format":"standard","meta":{"_acf_changed":false,"_et_pb_use_builder":"","_et_pb_old_content":"","_et_gb_content_width":"","inline_featured_image":false,"footnotes":""},"categories":[125],"tags":[],"seus":[158],"eixos":[],"class_list":["post-12581","post","type-post","status-publish","format-standard","hentry","category-noticias","seus-marruecos"],"acf":[],"yoast_head":"<!-- This site is optimized with the Yoast SEO plugin v27.4 - https:\/\/yoast.com\/product\/yoast-seo-wordpress\/ -->\n<title>Rassif: defensa de los derechos de ni\u00f1os migrantes - Casal dels Infants<\/title>\n<meta name=\"robots\" content=\"index, follow, max-snippet:-1, max-image-preview:large, max-video-preview:-1\" \/>\n<link rel=\"canonical\" href=\"https:\/\/www.casaldelsinfants.org\/es\/actualidad\/presentacionrassif2023\/\" \/>\n<meta property=\"og:locale\" content=\"es_ES\" \/>\n<meta property=\"og:type\" content=\"article\" \/>\n<meta property=\"og:title\" content=\"Rassif: defensa de los derechos de ni\u00f1os migrantes - Casal dels Infants\" \/>\n<meta property=\"og:description\" content=\"&nbsp; El pasado viernes 16 de junio presentamos la actualizaci\u00f3n de la continuidad del proyecto Rassif en la Universitat Pompeu Fabra (UPF). Fue un a\u00f1o despu\u00e9s de la presentaci\u00f3n del proyecto en la Facultat de Comunicaci\u00f3n de la misma universidad. Los tres d\u00edas anteriores, el equipo vinculado al proyecto de Marruecos y de Catalunya, as\u00ed [&hellip;]\" \/>\n<meta property=\"og:url\" content=\"https:\/\/www.casaldelsinfants.org\/es\/actualidad\/presentacionrassif2023\/\" \/>\n<meta property=\"og:site_name\" content=\"Casal dels Infants\" \/>\n<meta property=\"article:publisher\" content=\"https:\/\/www.facebook.com\/casalinfants\" \/>\n<meta property=\"article:published_time\" content=\"2023-06-28T13:11:57+00:00\" \/>\n<meta property=\"article:modified_time\" content=\"2023-11-22T16:10:08+00:00\" \/>\n<meta property=\"og:image\" content=\"https:\/\/www.casaldelsinfants.org\/wp-content\/uploads\/1340172-1.webp\" \/>\n<meta name=\"author\" content=\"julia\" \/>\n<meta name=\"twitter:card\" content=\"summary_large_image\" \/>\n<meta name=\"twitter:creator\" content=\"@casalinfants\" \/>\n<meta name=\"twitter:site\" content=\"@casalinfants\" \/>\n<meta name=\"twitter:label1\" content=\"Escrito por\" \/>\n\t<meta name=\"twitter:data1\" content=\"julia\" \/>\n\t<meta name=\"twitter:label2\" content=\"Tiempo de lectura\" \/>\n\t<meta name=\"twitter:data2\" content=\"6 minutos\" \/>\n<script type=\"application\/ld+json\" class=\"yoast-schema-graph\">{\"@context\":\"https:\\\/\\\/schema.org\",\"@graph\":[{\"@type\":\"Article\",\"@id\":\"https:\\\/\\\/www.casaldelsinfants.org\\\/es\\\/actualidad\\\/presentacionrassif2023\\\/#article\",\"isPartOf\":{\"@id\":\"https:\\\/\\\/www.casaldelsinfants.org\\\/es\\\/actualidad\\\/presentacionrassif2023\\\/\"},\"author\":{\"name\":\"julia\",\"@id\":\"https:\\\/\\\/www.casaldelsinfants.org\\\/es\\\/#\\\/schema\\\/person\\\/e870791b50f03fd60f872e1cd83910fc\"},\"headline\":\"Rassif: seguimos protegiendo los derechos de los ni\u00f1os, ni\u00f1as y j\u00f3venes migrados\",\"datePublished\":\"2023-06-28T13:11:57+00:00\",\"dateModified\":\"2023-11-22T16:10:08+00:00\",\"mainEntityOfPage\":{\"@id\":\"https:\\\/\\\/www.casaldelsinfants.org\\\/es\\\/actualidad\\\/presentacionrassif2023\\\/\"},\"wordCount\":1045,\"commentCount\":0,\"publisher\":{\"@id\":\"https:\\\/\\\/www.casaldelsinfants.org\\\/es\\\/#organization\"},\"image\":{\"@id\":\"https:\\\/\\\/www.casaldelsinfants.org\\\/es\\\/actualidad\\\/presentacionrassif2023\\\/#primaryimage\"},\"thumbnailUrl\":\"https:\\\/\\\/www.casaldelsinfants.org\\\/wp-content\\\/uploads\\\/1340172-1.webp\",\"articleSection\":[\"Noticia\"],\"inLanguage\":\"es\",\"potentialAction\":[{\"@type\":\"CommentAction\",\"name\":\"Comment\",\"target\":[\"https:\\\/\\\/www.casaldelsinfants.org\\\/es\\\/actualidad\\\/presentacionrassif2023\\\/#respond\"]}]},{\"@type\":\"WebPage\",\"@id\":\"https:\\\/\\\/www.casaldelsinfants.org\\\/es\\\/actualidad\\\/presentacionrassif2023\\\/\",\"url\":\"https:\\\/\\\/www.casaldelsinfants.org\\\/es\\\/actualidad\\\/presentacionrassif2023\\\/\",\"name\":\"Rassif: defensa de los derechos de ni\u00f1os migrantes - Casal dels Infants\",\"isPartOf\":{\"@id\":\"https:\\\/\\\/www.casaldelsinfants.org\\\/es\\\/#website\"},\"primaryImageOfPage\":{\"@id\":\"https:\\\/\\\/www.casaldelsinfants.org\\\/es\\\/actualidad\\\/presentacionrassif2023\\\/#primaryimage\"},\"image\":{\"@id\":\"https:\\\/\\\/www.casaldelsinfants.org\\\/es\\\/actualidad\\\/presentacionrassif2023\\\/#primaryimage\"},\"thumbnailUrl\":\"https:\\\/\\\/www.casaldelsinfants.org\\\/wp-content\\\/uploads\\\/1340172-1.webp\",\"datePublished\":\"2023-06-28T13:11:57+00:00\",\"dateModified\":\"2023-11-22T16:10:08+00:00\",\"breadcrumb\":{\"@id\":\"https:\\\/\\\/www.casaldelsinfants.org\\\/es\\\/actualidad\\\/presentacionrassif2023\\\/#breadcrumb\"},\"inLanguage\":\"es\",\"potentialAction\":[{\"@type\":\"ReadAction\",\"target\":[\"https:\\\/\\\/www.casaldelsinfants.org\\\/es\\\/actualidad\\\/presentacionrassif2023\\\/\"]}]},{\"@type\":\"ImageObject\",\"inLanguage\":\"es\",\"@id\":\"https:\\\/\\\/www.casaldelsinfants.org\\\/es\\\/actualidad\\\/presentacionrassif2023\\\/#primaryimage\",\"url\":\"https:\\\/\\\/www.casaldelsinfants.org\\\/wp-content\\\/uploads\\\/1340172-1.webp\",\"contentUrl\":\"https:\\\/\\\/www.casaldelsinfants.org\\\/wp-content\\\/uploads\\\/1340172-1.webp\"},{\"@type\":\"BreadcrumbList\",\"@id\":\"https:\\\/\\\/www.casaldelsinfants.org\\\/es\\\/actualidad\\\/presentacionrassif2023\\\/#breadcrumb\",\"itemListElement\":[{\"@type\":\"ListItem\",\"position\":1,\"name\":\"Inici\",\"item\":\"https:\\\/\\\/www.casaldelsinfants.org\\\/es\\\/\"},{\"@type\":\"ListItem\",\"position\":2,\"name\":\"Rassif: seguimos protegiendo los derechos de los ni\u00f1os, ni\u00f1as y j\u00f3venes migrados\"}]},{\"@type\":\"WebSite\",\"@id\":\"https:\\\/\\\/www.casaldelsinfants.org\\\/es\\\/#website\",\"url\":\"https:\\\/\\\/www.casaldelsinfants.org\\\/es\\\/\",\"name\":\"Casal dels Infants\",\"description\":\"\",\"publisher\":{\"@id\":\"https:\\\/\\\/www.casaldelsinfants.org\\\/es\\\/#organization\"},\"potentialAction\":[{\"@type\":\"SearchAction\",\"target\":{\"@type\":\"EntryPoint\",\"urlTemplate\":\"https:\\\/\\\/www.casaldelsinfants.org\\\/es\\\/?s={search_term_string}\"},\"query-input\":{\"@type\":\"PropertyValueSpecification\",\"valueRequired\":true,\"valueName\":\"search_term_string\"}}],\"inLanguage\":\"es\"},{\"@type\":\"Organization\",\"@id\":\"https:\\\/\\\/www.casaldelsinfants.org\\\/es\\\/#organization\",\"name\":\"Casal dels Infants\",\"url\":\"https:\\\/\\\/www.casaldelsinfants.org\\\/es\\\/\",\"logo\":{\"@type\":\"ImageObject\",\"inLanguage\":\"es\",\"@id\":\"https:\\\/\\\/www.casaldelsinfants.org\\\/es\\\/#\\\/schema\\\/logo\\\/image\\\/\",\"url\":\"https:\\\/\\\/www.casaldelsinfants.org\\\/wp-content\\\/uploads\\\/logo-mail.png\",\"contentUrl\":\"https:\\\/\\\/www.casaldelsinfants.org\\\/wp-content\\\/uploads\\\/logo-mail.png\",\"width\":380,\"height\":158,\"caption\":\"Casal dels Infants\"},\"image\":{\"@id\":\"https:\\\/\\\/www.casaldelsinfants.org\\\/es\\\/#\\\/schema\\\/logo\\\/image\\\/\"},\"sameAs\":[\"https:\\\/\\\/www.facebook.com\\\/casalinfants\",\"https:\\\/\\\/x.com\\\/casalinfants\",\"https:\\\/\\\/www.youtube.com\\\/user\\\/CasaldelsInfants1\",\"https:\\\/\\\/www.instagram.com\\\/casalinfants\\\/\",\"https:\\\/\\\/www.linkedin.com\\\/company\\\/casaldelsinfants?trk=organization-update_share-update_actor-text\"]},{\"@type\":\"Person\",\"@id\":\"https:\\\/\\\/www.casaldelsinfants.org\\\/es\\\/#\\\/schema\\\/person\\\/e870791b50f03fd60f872e1cd83910fc\",\"name\":\"julia\"}]}<\/script>\n<!-- \/ Yoast SEO plugin. -->","yoast_head_json":{"title":"Rassif: defensa de los derechos de ni\u00f1os migrantes - Casal dels Infants","robots":{"index":"index","follow":"follow","max-snippet":"max-snippet:-1","max-image-preview":"max-image-preview:large","max-video-preview":"max-video-preview:-1"},"canonical":"https:\/\/www.casaldelsinfants.org\/es\/actualidad\/presentacionrassif2023\/","og_locale":"es_ES","og_type":"article","og_title":"Rassif: defensa de los derechos de ni\u00f1os migrantes - Casal dels Infants","og_description":"&nbsp; El pasado viernes 16 de junio presentamos la actualizaci\u00f3n de la continuidad del proyecto Rassif en la Universitat Pompeu Fabra (UPF). Fue un a\u00f1o despu\u00e9s de la presentaci\u00f3n del proyecto en la Facultat de Comunicaci\u00f3n de la misma universidad. Los tres d\u00edas anteriores, el equipo vinculado al proyecto de Marruecos y de Catalunya, as\u00ed [&hellip;]","og_url":"https:\/\/www.casaldelsinfants.org\/es\/actualidad\/presentacionrassif2023\/","og_site_name":"Casal dels Infants","article_publisher":"https:\/\/www.facebook.com\/casalinfants","article_published_time":"2023-06-28T13:11:57+00:00","article_modified_time":"2023-11-22T16:10:08+00:00","og_image":[{"url":"https:\/\/www.casaldelsinfants.org\/wp-content\/uploads\/1340172-1.webp","type":"","width":"","height":""}],"author":"julia","twitter_card":"summary_large_image","twitter_creator":"@casalinfants","twitter_site":"@casalinfants","twitter_misc":{"Escrito por":"julia","Tiempo de lectura":"6 minutos"},"schema":{"@context":"https:\/\/schema.org","@graph":[{"@type":"Article","@id":"https:\/\/www.casaldelsinfants.org\/es\/actualidad\/presentacionrassif2023\/#article","isPartOf":{"@id":"https:\/\/www.casaldelsinfants.org\/es\/actualidad\/presentacionrassif2023\/"},"author":{"name":"julia","@id":"https:\/\/www.casaldelsinfants.org\/es\/#\/schema\/person\/e870791b50f03fd60f872e1cd83910fc"},"headline":"Rassif: seguimos protegiendo los derechos de los ni\u00f1os, ni\u00f1as y j\u00f3venes migrados","datePublished":"2023-06-28T13:11:57+00:00","dateModified":"2023-11-22T16:10:08+00:00","mainEntityOfPage":{"@id":"https:\/\/www.casaldelsinfants.org\/es\/actualidad\/presentacionrassif2023\/"},"wordCount":1045,"commentCount":0,"publisher":{"@id":"https:\/\/www.casaldelsinfants.org\/es\/#organization"},"image":{"@id":"https:\/\/www.casaldelsinfants.org\/es\/actualidad\/presentacionrassif2023\/#primaryimage"},"thumbnailUrl":"https:\/\/www.casaldelsinfants.org\/wp-content\/uploads\/1340172-1.webp","articleSection":["Noticia"],"inLanguage":"es","potentialAction":[{"@type":"CommentAction","name":"Comment","target":["https:\/\/www.casaldelsinfants.org\/es\/actualidad\/presentacionrassif2023\/#respond"]}]},{"@type":"WebPage","@id":"https:\/\/www.casaldelsinfants.org\/es\/actualidad\/presentacionrassif2023\/","url":"https:\/\/www.casaldelsinfants.org\/es\/actualidad\/presentacionrassif2023\/","name":"Rassif: defensa de los derechos de ni\u00f1os migrantes - Casal dels Infants","isPartOf":{"@id":"https:\/\/www.casaldelsinfants.org\/es\/#website"},"primaryImageOfPage":{"@id":"https:\/\/www.casaldelsinfants.org\/es\/actualidad\/presentacionrassif2023\/#primaryimage"},"image":{"@id":"https:\/\/www.casaldelsinfants.org\/es\/actualidad\/presentacionrassif2023\/#primaryimage"},"thumbnailUrl":"https:\/\/www.casaldelsinfants.org\/wp-content\/uploads\/1340172-1.webp","datePublished":"2023-06-28T13:11:57+00:00","dateModified":"2023-11-22T16:10:08+00:00","breadcrumb":{"@id":"https:\/\/www.casaldelsinfants.org\/es\/actualidad\/presentacionrassif2023\/#breadcrumb"},"inLanguage":"es","potentialAction":[{"@type":"ReadAction","target":["https:\/\/www.casaldelsinfants.org\/es\/actualidad\/presentacionrassif2023\/"]}]},{"@type":"ImageObject","inLanguage":"es","@id":"https:\/\/www.casaldelsinfants.org\/es\/actualidad\/presentacionrassif2023\/#primaryimage","url":"https:\/\/www.casaldelsinfants.org\/wp-content\/uploads\/1340172-1.webp","contentUrl":"https:\/\/www.casaldelsinfants.org\/wp-content\/uploads\/1340172-1.webp"},{"@type":"BreadcrumbList","@id":"https:\/\/www.casaldelsinfants.org\/es\/actualidad\/presentacionrassif2023\/#breadcrumb","itemListElement":[{"@type":"ListItem","position":1,"name":"Inici","item":"https:\/\/www.casaldelsinfants.org\/es\/"},{"@type":"ListItem","position":2,"name":"Rassif: seguimos protegiendo los derechos de los ni\u00f1os, ni\u00f1as y j\u00f3venes migrados"}]},{"@type":"WebSite","@id":"https:\/\/www.casaldelsinfants.org\/es\/#website","url":"https:\/\/www.casaldelsinfants.org\/es\/","name":"Casal dels Infants","description":"","publisher":{"@id":"https:\/\/www.casaldelsinfants.org\/es\/#organization"},"potentialAction":[{"@type":"SearchAction","target":{"@type":"EntryPoint","urlTemplate":"https:\/\/www.casaldelsinfants.org\/es\/?s={search_term_string}"},"query-input":{"@type":"PropertyValueSpecification","valueRequired":true,"valueName":"search_term_string"}}],"inLanguage":"es"},{"@type":"Organization","@id":"https:\/\/www.casaldelsinfants.org\/es\/#organization","name":"Casal dels Infants","url":"https:\/\/www.casaldelsinfants.org\/es\/","logo":{"@type":"ImageObject","inLanguage":"es","@id":"https:\/\/www.casaldelsinfants.org\/es\/#\/schema\/logo\/image\/","url":"https:\/\/www.casaldelsinfants.org\/wp-content\/uploads\/logo-mail.png","contentUrl":"https:\/\/www.casaldelsinfants.org\/wp-content\/uploads\/logo-mail.png","width":380,"height":158,"caption":"Casal dels Infants"},"image":{"@id":"https:\/\/www.casaldelsinfants.org\/es\/#\/schema\/logo\/image\/"},"sameAs":["https:\/\/www.facebook.com\/casalinfants","https:\/\/x.com\/casalinfants","https:\/\/www.youtube.com\/user\/CasaldelsInfants1","https:\/\/www.instagram.com\/casalinfants\/","https:\/\/www.linkedin.com\/company\/casaldelsinfants?trk=organization-update_share-update_actor-text"]},{"@type":"Person","@id":"https:\/\/www.casaldelsinfants.org\/es\/#\/schema\/person\/e870791b50f03fd60f872e1cd83910fc","name":"julia"}]}},"publishpress_future_action":{"enabled":false,"date":"2026-05-07 07:12:34","action":"change-status","newStatus":"draft","terms":[],"taxonomy":"category","extraData":[]},"publishpress_future_workflow_manual_trigger":{"enabledWorkflows":[]},"_links":{"self":[{"href":"https:\/\/www.casaldelsinfants.org\/es\/wp-json\/wp\/v2\/posts\/12581","targetHints":{"allow":["GET"]}}],"collection":[{"href":"https:\/\/www.casaldelsinfants.org\/es\/wp-json\/wp\/v2\/posts"}],"about":[{"href":"https:\/\/www.casaldelsinfants.org\/es\/wp-json\/wp\/v2\/types\/post"}],"author":[{"embeddable":true,"href":"https:\/\/www.casaldelsinfants.org\/es\/wp-json\/wp\/v2\/users\/9"}],"replies":[{"embeddable":true,"href":"https:\/\/www.casaldelsinfants.org\/es\/wp-json\/wp\/v2\/comments?post=12581"}],"version-history":[{"count":7,"href":"https:\/\/www.casaldelsinfants.org\/es\/wp-json\/wp\/v2\/posts\/12581\/revisions"}],"predecessor-version":[{"id":16000,"href":"https:\/\/www.casaldelsinfants.org\/es\/wp-json\/wp\/v2\/posts\/12581\/revisions\/16000"}],"wp:attachment":[{"href":"https:\/\/www.casaldelsinfants.org\/es\/wp-json\/wp\/v2\/media?parent=12581"}],"wp:term":[{"taxonomy":"category","embeddable":true,"href":"https:\/\/www.casaldelsinfants.org\/es\/wp-json\/wp\/v2\/categories?post=12581"},{"taxonomy":"post_tag","embeddable":true,"href":"https:\/\/www.casaldelsinfants.org\/es\/wp-json\/wp\/v2\/tags?post=12581"},{"taxonomy":"seus","embeddable":true,"href":"https:\/\/www.casaldelsinfants.org\/es\/wp-json\/wp\/v2\/seus?post=12581"},{"taxonomy":"eixos","embeddable":true,"href":"https:\/\/www.casaldelsinfants.org\/es\/wp-json\/wp\/v2\/eixos?post=12581"}],"curies":[{"name":"wp","href":"https:\/\/api.w.org\/{rel}","templated":true}]}}