{"id":12616,"date":"2023-06-28T16:07:04","date_gmt":"2023-06-28T14:07:04","guid":{"rendered":"https:\/\/www.casaldelsinfants.org\/?p=12616"},"modified":"2023-06-28T17:45:46","modified_gmt":"2023-06-28T15:45:46","slug":"espaciosfamiliares03","status":"publish","type":"post","link":"https:\/\/www.casaldelsinfants.org\/es\/actualidad\/espaciosfamiliares03\/","title":{"rendered":"Espacios Familiares 0-3: una peque\u00f1a gran familia"},"content":{"rendered":"<p><iframe loading=\"lazy\" title=\"Espacios familiares 0-3: &quot;Somos una peque\u00f1a gran familia. \u00a1Estoy bien, aqu\u00ed!&quot;\" width=\"1080\" height=\"608\" src=\"https:\/\/www.youtube.com\/embed\/40On_JbIUck?feature=oembed&#038;enablejsapi=1&#038;origin=https:\/\/www.casaldelsinfants.org\"  allow=\"accelerometer; autoplay; clipboard-write; encrypted-media; gyroscope; picture-in-picture; web-share\" allowfullscreen><\/iframe><\/p>\n<h4 lang=\"ca-ES\" style=\"text-align: center;\">Tener hijos o hijas es para muchas personas una experiencia maravillosa, pero tambi\u00e9n multiplica el riesgo de pobreza. Para las familias desfavorecidas sin red de apoyo puede suponer un momento de gran vulnerabilidad. Los primeros a\u00f1os de vida son tambi\u00e9n los m\u00e1s determinantes en el desarrollo cognitivo y emocional de los ni\u00f1os y ni\u00f1as. Garantizarles oportunidades de aprendizaje y un entorno seguro es una gran herramienta para corregir las desigualdades sociales. Por ello, en el <a href=\"https:\/\/www.casaldelsinfants.org\/es\/donde-trabajamos\/badalona\/\/\">Casal dels Infants de Badalona<\/a> impulsamos un nuevo proyecto piloto que garantiza a familias en riesgo de exclusi\u00f3n social espacios familiares de apoyo en la crianza y en el desarrollo de sus hijos e hijas menores de 3 a\u00f1os. Tambi\u00e9n contempla un estudio del impacto del acompa\u00f1amiento socioeducativo en la reducci\u00f3n de la vulnerabilidad social en las familias participantes, y les garantiza unos ingresos para la alimentaci\u00f3n y la higiene de las criaturas. Por encima de todo, es un espacio de apoyo mutuo donde se comparten vivencias y mucha informaci\u00f3n sobre la crianza. Hablamos de todo ello con sus protagonistas.<\/h4>\n<p lang=\"ca-ES\">\u00abTe ser\u00e9 sincera: \u00a1aqu\u00ed estoy bien! Como en casa. C\u00f3moda. Me desahogo. Aqu\u00ed venimos con nuestras historias, vidas, circunstancias, experiencias&#8230; Nos apoyamos, escuchamos, re\u00edmos. Podr\u00eda parecer una gabinete de psic\u00f3logos, pero es m\u00e1s bien como una peque\u00f1a gran familia\u00bb. As\u00ed, desde el corz\u00f3n, habla Kristina del proyecto piloto Espacios Familiares 0-3. Ella es rusa, lleva siete a\u00f1os en Catalunya y m\u00e1s de 20 en el estado. Tiene un hijo de 8 a\u00f1os y una ni\u00f1a de 10 meses. Por circunstancias, principalmente porque no tienen con quien dejar a Kivi, su hija, ahora no trabaja. \u00abTodo el mundo tiene sus problemas. Yo pasaba una mala racha. En un sentido econ\u00f3mico, incluso mental: me sent\u00eda sola\u00bb.<\/p>\n<p lang=\"ca-ES\">Lo que ha encontrado en el proyecto piloto no es s\u00f3lo una red de mujeres con quien compartir vivencias, dudas de la crianza e inquietudes, sino el acompa\u00f1amiento intensivo de una educadora social, Cristina Tr\u00e9bol, y de una trabajadora social, M\u00f2nica \u00c1lvaro. \u00abEn el proyecto participan 48 familias. Todas ellas tienen acceso a acompa\u00f1amiento para la inserci\u00f3n laboral, 15 horas de apoyo social con M\u00f3nica, una ayuda econ\u00f3mica de 300 euros cada 2 meses para alimentaci\u00f3n e higiene de las criaturas, unas horas de canguraje mientras realizan acciones de inserci\u00f3n laboral y seis espacios de encuentro con otras familias participantes\u00bb, explica Cristina.<\/p>\n<div id=\"attachment_12573\" style=\"width: 510px\" class=\"wp-caption aligncenter\"><img decoding=\"async\" aria-describedby=\"caption-attachment-12573\" class=\"wp-image-12573\" src=\"https:\/\/www.casaldelsinfants.org\/wp-content\/uploads\/Casal-dels-Infants-Espais-Familiars-0-3-1.webp\" alt=\"Un grup de mares durant un taller dels espais familiars de suport en la crian\u00e7a\" width=\"500\" height=\"281\" \/><p id=\"caption-attachment-12573\" class=\"wp-caption-text\">Un grupo de madres de Espacios Familiares 0-3 durante un taller con Cristina<\/p><\/div>\n<p>&nbsp;<\/p>\n<blockquote>\n<p lang=\"ca-ES\"><strong>Kristina, participante: \u00ab\u00a1Aqu\u00ed estoy bien! C\u00f3moda. Como en casa. Me desahogo\u00bb<\/strong><\/p>\n<\/blockquote>\n<h2 lang=\"ca-ES\"><b>El impacto del apoyo socioeducativo en la crianza<\/b><\/h2>\n<p lang=\"ca-ES\">A parte de estas actividades, la mitad de las familias, como es el caso de Kristina, participan tambi\u00e9n en talleres familiares dos veces a la semana, en los que comparten experiencias y dudas, pero tambi\u00e9n reciben mucha informaci\u00f3n sobre distintos temas relacionados con la crianza y la maternidad: el posparto inmediato; los cuidados del beb\u00e9; la crianza respetuosa; el tipo de v\u00ednculo; la crianza en tribu; la alimentaci\u00f3n y el sue\u00f1o; el desarrollo integral y el juego. Finalmente, tambi\u00e9n tratan un aspecto fundamental: la realidad de la madre: \u00abHablamos de las luces y sombras de la maternidad, de c\u00f3mo se sienten ellas y del apoyo que necesitan en esta etapa\u00bb, a\u00f1ade Cristina.<\/p>\n<p lang=\"ca-ES\">El proyecto piloto tambi\u00e9n incluye un estudio que pretende comparar a los dos grupos, el que participa en los talleres familiares el que no lo hace, y as\u00ed ver el impacto que tiene la intervenci\u00f3n socioeducativa en la superaci\u00f3n o reducci\u00f3n de esta vulnerabilidad social. Pese a que todav\u00eda no se han obtenido los datos finales, hablando con otras participantes nos hacemos una idea de la importancia que dan a este apoyo: \u00abSi tienes problemas, hablar con Cristina y M\u00f3nica te quita el estr\u00e9s\u00bb, explica Aminatu, que participa en el proyecto con su hija Ana. Pero tambi\u00e9n da mucha importancia a la ayuda econ\u00f3mica que recibe: \u00abSoy madre de una familia numerosa, y en casa s\u00f3lo entra el sueldo de mi marido. Esta ayuda me sirve para los pa\u00f1ales de la ni\u00f1a y para que en casa haya comida hasta final de mes\u00bb.<\/p>\n<h2 lang=\"ca-ES\"><\/h2>\n<h2 lang=\"ca-ES\"><strong>Estimulaci\u00f3n cognitiva i motriz de los ni\u00f1os y ni\u00f1as<\/strong><\/h2>\n<p lang=\"ca-ES\">El impacto de los espacios familiares de apoyo en la crianza, l\u00f3gicamente, tambi\u00e9n se ve en los peque\u00f1os y peque\u00f1as. A Joaquina, antes de vincularse al proyecto, le parec\u00eda que su hijo peque\u00f1o, Manuel, que ahora tiene dos a\u00f1os, iba con retraso en su desarrollo, si lo comparaba con el recuerdo que ten\u00eda de sus dos hermanos mayores. \u00abNo prestaba atenci\u00f3n, no se expresaba. Me preguntaba si tendr\u00eda alg\u00fan problema, si lo deb\u00eda llevar al logopeda. Aqu\u00ed he visto que lo que le faltaba era un poco de est\u00edmulo. He entendido que hay otras maneras de jugar, que no s\u00f3lo tiene que estar conmigo\u00bb, explica.<\/p>\n<div id=\"attachment_12595\" style=\"width: 510px\" class=\"wp-caption aligncenter\"><img decoding=\"async\" aria-describedby=\"caption-attachment-12595\" class=\"wp-image-12595\" src=\"https:\/\/www.casaldelsinfants.org\/wp-content\/uploads\/Estimulacio-infants-Espais-Familiars-0-3-Casal-dels-Infants-1.webp\" alt=\"La estimulaci\u00f3n motriz de los ni\u00f1os es un eje importante de los espacios familiares de apoyo en la crianza \" width=\"500\" height=\"281\" \/><p id=\"caption-attachment-12595\" class=\"wp-caption-text\">Los espacios familiares de apoyo en la crianza trabajan la estimulaci\u00f3n motriz<\/p><\/div>\n<blockquote>\n<p lang=\"ca-ES\"><strong>Saray, participante: \u00abAqu\u00ed he entendido que lo \u00fanico que le pasaba a mi hijo es que le faltaba un poco de est\u00edmulo\u00bb<\/strong><\/p>\n<\/blockquote>\n<p lang=\"ca-ES\">Diego y Cristina tambi\u00e9n han visto una evoluci\u00f3n clara en su hija Sara: \u00abLe encanta venir. Ve la puerta del Casal y se le pone una sonrisa. Ha cambiado mucho, comparte mucho m\u00e1s con otros ni\u00f1os y ni\u00f1as, ha aprendido a hablar con las canciones que escucha aqu\u00ed, come sola con la cuchara&#8230; Estamos encantados\u00bb. Kristina tambi\u00e9n echa la vista atr\u00e1s y es consciente de lo que han aprendido Kivi y sus compa\u00f1eros en el espacio: \u00ab\u00a1Nuestros hijos han crecido aqu\u00ed! La m\u00eda lleg\u00f3 con tres meses y medio, ahora tiene 10 y ya gatea y dice alguna cosa. Tambi\u00e9n veo la evoluci\u00f3n de los dem\u00e1s, que es como si fueran mis otros hijos\u00bb.<\/p>\n<blockquote>\n<p lang=\"ca-ES\"><strong>Diego y Cristina, participantes: \u00abNuestra hija ve la puerta del Casal y se le pone una sonrisa\u00bb<\/strong><\/p>\n<\/blockquote>\n<h2 lang=\"ca-ES\"><\/h2>\n<h2 lang=\"ca-ES\"><b>Espacios de competencias laborales<\/b><\/h2>\n<p lang=\"ca-ES\">\u00abVemos el potencial y las necesidades de las familias, y a partir de aqu\u00ed establecemos un plan de trabajo encarado a la formaci\u00f3n en competencias para entrar al mundo laboral\u00bb, explica M\u00f3nica. Joaquina y Saray est\u00e1n satisfechas al ver c\u00f3mo les ha quedad el curr\u00edculum, despu\u00e9s de trabajarlo en el proyecto. Y tambi\u00e9n porque han aprendido inform\u00e1tica, sobre todo de cara a hacer solicitudes y otros tr\u00e1mites. La primera ha conseguido tramitar la T-16 para sus hijos mayores, la segunda ha podido inscribir al peque\u00f1o en el jard\u00edn de infancia de cara al curso que viene.<\/p>\n<h2 lang=\"ca-ES\"><\/h2>\n<h2 lang=\"ca-ES\"><strong>Coordinaci\u00f3n ante la emergencia social<\/strong><\/h2>\n<p lang=\"ca-ES\">M\u00f3nica, sin embargo, tambi\u00e9n debe responder a situaciones de emergencia que sobrevienen a las familias, especialmente en relaci\u00f3n a la vivienda. \u00abTiene mucha incidencia&#8230; Hay familias que han sido desahuciadas. Las criaturas lo sufren mucho, en un momento en el que deben sentirse seguras mientras construyen el apego con los padres, que tambi\u00e9n sufren. En estos casos, nos coordinamos con los servicios sociales para buscar soluciones, e informamos sobre las plataformas por el derecho a la vivienda, como el caso de Sant Roc Som Badalona\u00bb.<\/p>\n<blockquote>\n<p lang=\"ca-ES\"><strong>M\u00f2nica, trabajadora social: \u00abCon los problemas de vivienda, las criaturas sufren mucho, en un momento en el que deben sentirse seguras\u00bb<\/strong><\/p>\n<\/blockquote>\n<p lang=\"ca-ES\">Ante las adversidades del d\u00eda a d\u00eda, el grupo es un refugio que no tiene precio, un rayo de esperanza, en palabras de M\u00f2nica, y se tejen lazos que se extienden m\u00e1s all\u00e1 de las aulas del proyecto. \u00abVimos que el simple hecho de compartir el caf\u00e9 nos cambiaba el d\u00eda, y ahora tambi\u00e9n nos vemos en nuestras casas con algunas madres. Aqu\u00ed he hecho amigas, cuando no es algo f\u00e1cil\u00bb, comparte Kristina. \u00abEsperemos que el proyecto se repita\u00bb, piensa en voz alta Joaquina. \u00abYa sea para nosotras o, si todo va bien y estamos trabajando, para que lo disfruten otras madres que seguro que lo necesitar\u00e1n\u00bb.<\/p>\n<p lang=\"ca-ES\"><em>El proyecto piloto Espacios Familiares 0-3 es una iniciativa del <a href=\"https:\/\/fundacionlacaixa.org\/es\/pobreza-infantil?utm_source=sc&amp;utm_medium=cpc&amp;utm_campaign=plan-editorial&amp;utm_content=caixaproinfancia&amp;utm_term=601067&amp;gclid=Cj0KCQjwtO-kBhDIARIsAL6Lorf1nicYPEujIksUBbl9dU0SJc2Cumoj0Dr-EcOAy-Q-lyMSfEg2IkYaApTAEALw_wcB\">Programa CaixaProinfancia<\/a> y del <a href=\"https:\/\/inclusion.seg-social.es\/home#:~:text=El%20Ministerio%20de%20Inclusi%C3%B3n%2C%20Seguridad,y%20de%20pol%C3%ADticas%20de%20inclusi%C3%B3n.\">Ministerio de Inclusi\u00f3n, Seguridad Social y Migraciones<\/a>.<\/em><\/p>\n<p lang=\"ca-ES\"><img decoding=\"async\" class=\"alignleft wp-image-12605\" src=\"https:\/\/www.casaldelsinfants.org\/wp-content\/uploads\/logo-proinfancia-2.webp\" alt=\"\" width=\"150\" height=\"18\" \/><\/p>\n<p lang=\"ca-ES\">\n<p lang=\"ca-ES\"><img decoding=\"async\" class=\"alignleft wp-image-12607\" src=\"https:\/\/www.casaldelsinfants.org\/wp-content\/uploads\/Logo-Ministerio-Inmigracion-2.webp\" alt=\"\" width=\"250\" height=\"55\" \/><\/p>\n<p lang=\"ca-ES\">\n<p lang=\"ca-ES\">\n","protected":false},"excerpt":{"rendered":"<p>Tener hijos o hijas es para muchas personas una experiencia maravillosa, pero tambi\u00e9n multiplica el riesgo de pobreza. Para las familias desfavorecidas sin red de apoyo puede suponer un momento de gran vulnerabilidad. Los primeros a\u00f1os de vida son tambi\u00e9n los m\u00e1s determinantes en el desarrollo cognitivo y emocional de los ni\u00f1os y ni\u00f1as. Garantizarles [&hellip;]<\/p>\n","protected":false},"author":10,"featured_media":0,"comment_status":"open","ping_status":"open","sticky":false,"template":"","format":"standard","meta":{"_acf_changed":false,"_et_pb_use_builder":"","_et_pb_old_content":"","_et_gb_content_width":"","inline_featured_image":false,"footnotes":""},"categories":[105],"tags":[],"seus":[155],"eixos":[107],"class_list":["post-12616","post","type-post","status-publish","format-standard","hentry","category-reportaje","seus-badalona","eixos-pequena-infancia"],"acf":[],"yoast_head":"<!-- This site is optimized with the Yoast SEO plugin v27.4 - https:\/\/yoast.com\/product\/yoast-seo-wordpress\/ -->\n<title>Espacios Familiares 0-3: una peque\u00f1a gran familia - Casal dels Infants<\/title>\n<meta name=\"description\" content=\"Los espacios familiares de apoyo en la crianza en la etapa 0-3 ofrecen apoyo a familas y criaturas en riesgo de exclusi\u00f3n social.\" \/>\n<meta name=\"robots\" content=\"index, follow, max-snippet:-1, max-image-preview:large, max-video-preview:-1\" \/>\n<link rel=\"canonical\" href=\"https:\/\/www.casaldelsinfants.org\/es\/actualidad\/espaciosfamiliares03\/\" \/>\n<meta property=\"og:locale\" content=\"es_ES\" \/>\n<meta property=\"og:type\" content=\"article\" \/>\n<meta property=\"og:title\" content=\"Espacios Familiares 0-3: una peque\u00f1a gran familia - Casal dels Infants\" \/>\n<meta property=\"og:description\" content=\"Los espacios familiares de apoyo en la crianza en la etapa 0-3 ofrecen apoyo a familas y criaturas en riesgo de exclusi\u00f3n social.\" \/>\n<meta property=\"og:url\" content=\"https:\/\/www.casaldelsinfants.org\/es\/actualidad\/espaciosfamiliares03\/\" \/>\n<meta property=\"og:site_name\" content=\"Casal dels Infants\" \/>\n<meta property=\"article:publisher\" content=\"https:\/\/www.facebook.com\/casalinfants\" \/>\n<meta property=\"article:published_time\" content=\"2023-06-28T14:07:04+00:00\" \/>\n<meta property=\"article:modified_time\" content=\"2023-06-28T15:45:46+00:00\" \/>\n<meta property=\"og:image\" content=\"https:\/\/www.casaldelsinfants.org\/wp-content\/uploads\/Casal-dels-Infants-Espais-Familiars-0-3-1.webp\" \/>\n<meta name=\"author\" content=\"Pau\" \/>\n<meta name=\"twitter:card\" content=\"summary_large_image\" \/>\n<meta name=\"twitter:creator\" content=\"@casalinfants\" \/>\n<meta name=\"twitter:site\" content=\"@casalinfants\" \/>\n<meta name=\"twitter:label1\" content=\"Escrito por\" \/>\n\t<meta name=\"twitter:data1\" content=\"Pau\" \/>\n\t<meta name=\"twitter:label2\" content=\"Tiempo de lectura\" \/>\n\t<meta name=\"twitter:data2\" content=\"7 minutos\" \/>\n<script type=\"application\/ld+json\" class=\"yoast-schema-graph\">{\"@context\":\"https:\\\/\\\/schema.org\",\"@graph\":[{\"@type\":\"Article\",\"@id\":\"https:\\\/\\\/www.casaldelsinfants.org\\\/es\\\/actualidad\\\/espaciosfamiliares03\\\/#article\",\"isPartOf\":{\"@id\":\"https:\\\/\\\/www.casaldelsinfants.org\\\/es\\\/actualidad\\\/espaciosfamiliares03\\\/\"},\"author\":{\"name\":\"Pau\",\"@id\":\"https:\\\/\\\/www.casaldelsinfants.org\\\/es\\\/#\\\/schema\\\/person\\\/2ef4311d50d338a60b5e32ef2d303033\"},\"headline\":\"Espacios Familiares 0-3: una peque\u00f1a gran familia\",\"datePublished\":\"2023-06-28T14:07:04+00:00\",\"dateModified\":\"2023-06-28T15:45:46+00:00\",\"mainEntityOfPage\":{\"@id\":\"https:\\\/\\\/www.casaldelsinfants.org\\\/es\\\/actualidad\\\/espaciosfamiliares03\\\/\"},\"wordCount\":1435,\"commentCount\":0,\"publisher\":{\"@id\":\"https:\\\/\\\/www.casaldelsinfants.org\\\/es\\\/#organization\"},\"image\":{\"@id\":\"https:\\\/\\\/www.casaldelsinfants.org\\\/es\\\/actualidad\\\/espaciosfamiliares03\\\/#primaryimage\"},\"thumbnailUrl\":\"https:\\\/\\\/www.casaldelsinfants.org\\\/wp-content\\\/uploads\\\/Casal-dels-Infants-Espais-Familiars-0-3-1.webp\",\"articleSection\":[\"Reportaje\"],\"inLanguage\":\"es\",\"potentialAction\":[{\"@type\":\"CommentAction\",\"name\":\"Comment\",\"target\":[\"https:\\\/\\\/www.casaldelsinfants.org\\\/es\\\/actualidad\\\/espaciosfamiliares03\\\/#respond\"]}]},{\"@type\":\"WebPage\",\"@id\":\"https:\\\/\\\/www.casaldelsinfants.org\\\/es\\\/actualidad\\\/espaciosfamiliares03\\\/\",\"url\":\"https:\\\/\\\/www.casaldelsinfants.org\\\/es\\\/actualidad\\\/espaciosfamiliares03\\\/\",\"name\":\"Espacios Familiares 0-3: una peque\u00f1a gran familia - Casal dels Infants\",\"isPartOf\":{\"@id\":\"https:\\\/\\\/www.casaldelsinfants.org\\\/es\\\/#website\"},\"primaryImageOfPage\":{\"@id\":\"https:\\\/\\\/www.casaldelsinfants.org\\\/es\\\/actualidad\\\/espaciosfamiliares03\\\/#primaryimage\"},\"image\":{\"@id\":\"https:\\\/\\\/www.casaldelsinfants.org\\\/es\\\/actualidad\\\/espaciosfamiliares03\\\/#primaryimage\"},\"thumbnailUrl\":\"https:\\\/\\\/www.casaldelsinfants.org\\\/wp-content\\\/uploads\\\/Casal-dels-Infants-Espais-Familiars-0-3-1.webp\",\"datePublished\":\"2023-06-28T14:07:04+00:00\",\"dateModified\":\"2023-06-28T15:45:46+00:00\",\"description\":\"Los espacios familiares de apoyo en la crianza en la etapa 0-3 ofrecen apoyo a familas y criaturas en riesgo de exclusi\u00f3n social.\",\"breadcrumb\":{\"@id\":\"https:\\\/\\\/www.casaldelsinfants.org\\\/es\\\/actualidad\\\/espaciosfamiliares03\\\/#breadcrumb\"},\"inLanguage\":\"es\",\"potentialAction\":[{\"@type\":\"ReadAction\",\"target\":[\"https:\\\/\\\/www.casaldelsinfants.org\\\/es\\\/actualidad\\\/espaciosfamiliares03\\\/\"]}]},{\"@type\":\"ImageObject\",\"inLanguage\":\"es\",\"@id\":\"https:\\\/\\\/www.casaldelsinfants.org\\\/es\\\/actualidad\\\/espaciosfamiliares03\\\/#primaryimage\",\"url\":\"https:\\\/\\\/www.casaldelsinfants.org\\\/wp-content\\\/uploads\\\/Casal-dels-Infants-Espais-Familiars-0-3-1.webp\",\"contentUrl\":\"https:\\\/\\\/www.casaldelsinfants.org\\\/wp-content\\\/uploads\\\/Casal-dels-Infants-Espais-Familiars-0-3-1.webp\"},{\"@type\":\"BreadcrumbList\",\"@id\":\"https:\\\/\\\/www.casaldelsinfants.org\\\/es\\\/actualidad\\\/espaciosfamiliares03\\\/#breadcrumb\",\"itemListElement\":[{\"@type\":\"ListItem\",\"position\":1,\"name\":\"Inici\",\"item\":\"https:\\\/\\\/www.casaldelsinfants.org\\\/es\\\/\"},{\"@type\":\"ListItem\",\"position\":2,\"name\":\"Espacios Familiares 0-3: una peque\u00f1a gran familia\"}]},{\"@type\":\"WebSite\",\"@id\":\"https:\\\/\\\/www.casaldelsinfants.org\\\/es\\\/#website\",\"url\":\"https:\\\/\\\/www.casaldelsinfants.org\\\/es\\\/\",\"name\":\"Casal dels Infants\",\"description\":\"\",\"publisher\":{\"@id\":\"https:\\\/\\\/www.casaldelsinfants.org\\\/es\\\/#organization\"},\"potentialAction\":[{\"@type\":\"SearchAction\",\"target\":{\"@type\":\"EntryPoint\",\"urlTemplate\":\"https:\\\/\\\/www.casaldelsinfants.org\\\/es\\\/?s={search_term_string}\"},\"query-input\":{\"@type\":\"PropertyValueSpecification\",\"valueRequired\":true,\"valueName\":\"search_term_string\"}}],\"inLanguage\":\"es\"},{\"@type\":\"Organization\",\"@id\":\"https:\\\/\\\/www.casaldelsinfants.org\\\/es\\\/#organization\",\"name\":\"Casal dels Infants\",\"url\":\"https:\\\/\\\/www.casaldelsinfants.org\\\/es\\\/\",\"logo\":{\"@type\":\"ImageObject\",\"inLanguage\":\"es\",\"@id\":\"https:\\\/\\\/www.casaldelsinfants.org\\\/es\\\/#\\\/schema\\\/logo\\\/image\\\/\",\"url\":\"https:\\\/\\\/www.casaldelsinfants.org\\\/wp-content\\\/uploads\\\/logo-mail.png\",\"contentUrl\":\"https:\\\/\\\/www.casaldelsinfants.org\\\/wp-content\\\/uploads\\\/logo-mail.png\",\"width\":380,\"height\":158,\"caption\":\"Casal dels Infants\"},\"image\":{\"@id\":\"https:\\\/\\\/www.casaldelsinfants.org\\\/es\\\/#\\\/schema\\\/logo\\\/image\\\/\"},\"sameAs\":[\"https:\\\/\\\/www.facebook.com\\\/casalinfants\",\"https:\\\/\\\/x.com\\\/casalinfants\",\"https:\\\/\\\/www.youtube.com\\\/user\\\/CasaldelsInfants1\",\"https:\\\/\\\/www.instagram.com\\\/casalinfants\\\/\",\"https:\\\/\\\/www.linkedin.com\\\/company\\\/casaldelsinfants?trk=organization-update_share-update_actor-text\"]},{\"@type\":\"Person\",\"@id\":\"https:\\\/\\\/www.casaldelsinfants.org\\\/es\\\/#\\\/schema\\\/person\\\/2ef4311d50d338a60b5e32ef2d303033\",\"name\":\"Pau\"}]}<\/script>\n<!-- \/ Yoast SEO plugin. -->","yoast_head_json":{"title":"Espacios Familiares 0-3: una peque\u00f1a gran familia - Casal dels Infants","description":"Los espacios familiares de apoyo en la crianza en la etapa 0-3 ofrecen apoyo a familas y criaturas en riesgo de exclusi\u00f3n social.","robots":{"index":"index","follow":"follow","max-snippet":"max-snippet:-1","max-image-preview":"max-image-preview:large","max-video-preview":"max-video-preview:-1"},"canonical":"https:\/\/www.casaldelsinfants.org\/es\/actualidad\/espaciosfamiliares03\/","og_locale":"es_ES","og_type":"article","og_title":"Espacios Familiares 0-3: una peque\u00f1a gran familia - Casal dels Infants","og_description":"Los espacios familiares de apoyo en la crianza en la etapa 0-3 ofrecen apoyo a familas y criaturas en riesgo de exclusi\u00f3n social.","og_url":"https:\/\/www.casaldelsinfants.org\/es\/actualidad\/espaciosfamiliares03\/","og_site_name":"Casal dels Infants","article_publisher":"https:\/\/www.facebook.com\/casalinfants","article_published_time":"2023-06-28T14:07:04+00:00","article_modified_time":"2023-06-28T15:45:46+00:00","og_image":[{"url":"https:\/\/www.casaldelsinfants.org\/wp-content\/uploads\/Casal-dels-Infants-Espais-Familiars-0-3-1.webp","type":"","width":"","height":""}],"author":"Pau","twitter_card":"summary_large_image","twitter_creator":"@casalinfants","twitter_site":"@casalinfants","twitter_misc":{"Escrito por":"Pau","Tiempo de lectura":"7 minutos"},"schema":{"@context":"https:\/\/schema.org","@graph":[{"@type":"Article","@id":"https:\/\/www.casaldelsinfants.org\/es\/actualidad\/espaciosfamiliares03\/#article","isPartOf":{"@id":"https:\/\/www.casaldelsinfants.org\/es\/actualidad\/espaciosfamiliares03\/"},"author":{"name":"Pau","@id":"https:\/\/www.casaldelsinfants.org\/es\/#\/schema\/person\/2ef4311d50d338a60b5e32ef2d303033"},"headline":"Espacios Familiares 0-3: una peque\u00f1a gran familia","datePublished":"2023-06-28T14:07:04+00:00","dateModified":"2023-06-28T15:45:46+00:00","mainEntityOfPage":{"@id":"https:\/\/www.casaldelsinfants.org\/es\/actualidad\/espaciosfamiliares03\/"},"wordCount":1435,"commentCount":0,"publisher":{"@id":"https:\/\/www.casaldelsinfants.org\/es\/#organization"},"image":{"@id":"https:\/\/www.casaldelsinfants.org\/es\/actualidad\/espaciosfamiliares03\/#primaryimage"},"thumbnailUrl":"https:\/\/www.casaldelsinfants.org\/wp-content\/uploads\/Casal-dels-Infants-Espais-Familiars-0-3-1.webp","articleSection":["Reportaje"],"inLanguage":"es","potentialAction":[{"@type":"CommentAction","name":"Comment","target":["https:\/\/www.casaldelsinfants.org\/es\/actualidad\/espaciosfamiliares03\/#respond"]}]},{"@type":"WebPage","@id":"https:\/\/www.casaldelsinfants.org\/es\/actualidad\/espaciosfamiliares03\/","url":"https:\/\/www.casaldelsinfants.org\/es\/actualidad\/espaciosfamiliares03\/","name":"Espacios Familiares 0-3: una peque\u00f1a gran familia - Casal dels Infants","isPartOf":{"@id":"https:\/\/www.casaldelsinfants.org\/es\/#website"},"primaryImageOfPage":{"@id":"https:\/\/www.casaldelsinfants.org\/es\/actualidad\/espaciosfamiliares03\/#primaryimage"},"image":{"@id":"https:\/\/www.casaldelsinfants.org\/es\/actualidad\/espaciosfamiliares03\/#primaryimage"},"thumbnailUrl":"https:\/\/www.casaldelsinfants.org\/wp-content\/uploads\/Casal-dels-Infants-Espais-Familiars-0-3-1.webp","datePublished":"2023-06-28T14:07:04+00:00","dateModified":"2023-06-28T15:45:46+00:00","description":"Los espacios familiares de apoyo en la crianza en la etapa 0-3 ofrecen apoyo a familas y criaturas en riesgo de exclusi\u00f3n social.","breadcrumb":{"@id":"https:\/\/www.casaldelsinfants.org\/es\/actualidad\/espaciosfamiliares03\/#breadcrumb"},"inLanguage":"es","potentialAction":[{"@type":"ReadAction","target":["https:\/\/www.casaldelsinfants.org\/es\/actualidad\/espaciosfamiliares03\/"]}]},{"@type":"ImageObject","inLanguage":"es","@id":"https:\/\/www.casaldelsinfants.org\/es\/actualidad\/espaciosfamiliares03\/#primaryimage","url":"https:\/\/www.casaldelsinfants.org\/wp-content\/uploads\/Casal-dels-Infants-Espais-Familiars-0-3-1.webp","contentUrl":"https:\/\/www.casaldelsinfants.org\/wp-content\/uploads\/Casal-dels-Infants-Espais-Familiars-0-3-1.webp"},{"@type":"BreadcrumbList","@id":"https:\/\/www.casaldelsinfants.org\/es\/actualidad\/espaciosfamiliares03\/#breadcrumb","itemListElement":[{"@type":"ListItem","position":1,"name":"Inici","item":"https:\/\/www.casaldelsinfants.org\/es\/"},{"@type":"ListItem","position":2,"name":"Espacios Familiares 0-3: una peque\u00f1a gran familia"}]},{"@type":"WebSite","@id":"https:\/\/www.casaldelsinfants.org\/es\/#website","url":"https:\/\/www.casaldelsinfants.org\/es\/","name":"Casal dels Infants","description":"","publisher":{"@id":"https:\/\/www.casaldelsinfants.org\/es\/#organization"},"potentialAction":[{"@type":"SearchAction","target":{"@type":"EntryPoint","urlTemplate":"https:\/\/www.casaldelsinfants.org\/es\/?s={search_term_string}"},"query-input":{"@type":"PropertyValueSpecification","valueRequired":true,"valueName":"search_term_string"}}],"inLanguage":"es"},{"@type":"Organization","@id":"https:\/\/www.casaldelsinfants.org\/es\/#organization","name":"Casal dels Infants","url":"https:\/\/www.casaldelsinfants.org\/es\/","logo":{"@type":"ImageObject","inLanguage":"es","@id":"https:\/\/www.casaldelsinfants.org\/es\/#\/schema\/logo\/image\/","url":"https:\/\/www.casaldelsinfants.org\/wp-content\/uploads\/logo-mail.png","contentUrl":"https:\/\/www.casaldelsinfants.org\/wp-content\/uploads\/logo-mail.png","width":380,"height":158,"caption":"Casal dels Infants"},"image":{"@id":"https:\/\/www.casaldelsinfants.org\/es\/#\/schema\/logo\/image\/"},"sameAs":["https:\/\/www.facebook.com\/casalinfants","https:\/\/x.com\/casalinfants","https:\/\/www.youtube.com\/user\/CasaldelsInfants1","https:\/\/www.instagram.com\/casalinfants\/","https:\/\/www.linkedin.com\/company\/casaldelsinfants?trk=organization-update_share-update_actor-text"]},{"@type":"Person","@id":"https:\/\/www.casaldelsinfants.org\/es\/#\/schema\/person\/2ef4311d50d338a60b5e32ef2d303033","name":"Pau"}]}},"publishpress_future_action":{"enabled":false,"date":"2026-05-07 00:00:56","action":"change-status","newStatus":"draft","terms":[],"taxonomy":"category","extraData":[]},"publishpress_future_workflow_manual_trigger":{"enabledWorkflows":[]},"_links":{"self":[{"href":"https:\/\/www.casaldelsinfants.org\/es\/wp-json\/wp\/v2\/posts\/12616","targetHints":{"allow":["GET"]}}],"collection":[{"href":"https:\/\/www.casaldelsinfants.org\/es\/wp-json\/wp\/v2\/posts"}],"about":[{"href":"https:\/\/www.casaldelsinfants.org\/es\/wp-json\/wp\/v2\/types\/post"}],"author":[{"embeddable":true,"href":"https:\/\/www.casaldelsinfants.org\/es\/wp-json\/wp\/v2\/users\/10"}],"replies":[{"embeddable":true,"href":"https:\/\/www.casaldelsinfants.org\/es\/wp-json\/wp\/v2\/comments?post=12616"}],"version-history":[{"count":5,"href":"https:\/\/www.casaldelsinfants.org\/es\/wp-json\/wp\/v2\/posts\/12616\/revisions"}],"predecessor-version":[{"id":12641,"href":"https:\/\/www.casaldelsinfants.org\/es\/wp-json\/wp\/v2\/posts\/12616\/revisions\/12641"}],"wp:attachment":[{"href":"https:\/\/www.casaldelsinfants.org\/es\/wp-json\/wp\/v2\/media?parent=12616"}],"wp:term":[{"taxonomy":"category","embeddable":true,"href":"https:\/\/www.casaldelsinfants.org\/es\/wp-json\/wp\/v2\/categories?post=12616"},{"taxonomy":"post_tag","embeddable":true,"href":"https:\/\/www.casaldelsinfants.org\/es\/wp-json\/wp\/v2\/tags?post=12616"},{"taxonomy":"seus","embeddable":true,"href":"https:\/\/www.casaldelsinfants.org\/es\/wp-json\/wp\/v2\/seus?post=12616"},{"taxonomy":"eixos","embeddable":true,"href":"https:\/\/www.casaldelsinfants.org\/es\/wp-json\/wp\/v2\/eixos?post=12616"}],"curies":[{"name":"wp","href":"https:\/\/api.w.org\/{rel}","templated":true}]}}