{"id":12910,"date":"2023-07-11T11:26:23","date_gmt":"2023-07-11T09:26:23","guid":{"rendered":"https:\/\/www.casaldelsinfants.org\/?p=12910"},"modified":"2023-11-23T13:16:57","modified_gmt":"2023-11-23T11:16:57","slug":"fiestasraval2023santacoloma","status":"publish","type":"post","link":"https:\/\/www.casaldelsinfants.org\/es\/actualidad\/fiestasraval2023santacoloma\/","title":{"rendered":"Literatura y cultura en las Fiestas del Raval de Santa Coloma de Gramenet"},"content":{"rendered":"<p><span style=\"font-weight: 400;\">Este fin de semana en el barrio del Raval de Santa Coloma de Gramenet estaba de fiesta. Las fiestas mayores del barrio tuvieron lugar el 7, 8 y 9 de julio. El <\/span><b>Casal dels Infants de Santa Coloma<\/b><span style=\"font-weight: 400;\"> particip\u00f3 especialmente el s\u00e1bado, organizando el <\/span><b>Mat\u00ed Intercultural Mar Aubeso, en honor a la librera y activista de la cultura catalana<\/b><span style=\"font-weight: 400;\"> que promovi\u00f3 la apertura de la biblioteca Can Peixauet de la ciudad colomenca.\u00a0<\/span><\/p>\n<p><span style=\"font-weight: 400;\">Durante la ma\u00f1ana tuvieron lugar diferentes talleres y actividades: inflables para los peque\u00f1os y peque\u00f1as, una batucada y desfile de la Colla de Capgrossos i Grallers del Raval, una gincana familiar, un taller de origami, un futbol\u00edn humano, un taller de costura de las mujeres de <\/span><a href=\"https:\/\/twitter.com\/casalinfants\/status\/1640364012041822208?s=20\" target=\"_blank\" rel=\"noopener\"><span style=\"font-weight: 400;\">\u201c<span style=\"text-decoration: underline;\">Teixint xarxa<\/span>\u201d<\/span><\/a> de <span style=\"text-decoration: underline;\"><a href=\"https:\/\/www.casaldelsinfants.org\/actualitat\/teixint-somnis-la-desfilada-de-les-dones-del-hilo-del-casal-de-santa-coloma\/\" target=\"_blank\" rel=\"noopener\">El Hilo del Casal<\/a><\/span><span style=\"font-weight: 400;\">, y otros talleres, manualidades y paradas del Espai de les Oportunitats y Ocell de Foc.\u00a0<\/span><\/p>\n<p>&nbsp;<\/p>\n<p><img decoding=\"async\" class=\"wp-image-12903 aligncenter\" src=\"https:\/\/www.casaldelsinfants.org\/wp-content\/uploads\/WhatsApp-Image-2023-07-10-at-11.04.24-1.webp\" alt=\"Dones participen en un taller de costura durant les festes majors del barri.\" width=\"520\" height=\"431\" \/><\/p>\n<p>&nbsp;<\/p>\n<p><span style=\"font-weight: 400;\">Para hacerlo posible, han colaborado tambi\u00e9n el Espai Ban\u00fas de la Fundaci\u00f3n Maria Ravent\u00f3s, Conversat\u00f2ries, la Fundaci\u00f3n Tallers, CNL Heura y Associacions de Fam\u00edlies de las escuelas del barrio.<\/span><\/p>\n<p>&nbsp;<\/p>\n<h2>VII Premios de Creaci\u00f3 i Expressi\u00f3 Liter\u00e0ria Mar Aubeso<\/h2>\n<p><span style=\"font-weight: 400;\">Aparte del juego y el entretenimiento, la ma\u00f1ana estuvo dedicada a conmemorar el legado de Mar Aubeso y, por tanto, dar protagonismo a la lectura, la literatura y la cultura. Durante la ma\u00f1ana se hizo entrega de los <\/span><b>VII premios de Creaci\u00f3 i Expressi\u00f3 Liter\u00e0ria Mar Aubeso<\/b><span style=\"font-weight: 400;\">, organizado por la Associaic\u00f3 de Ve\u00efns del Raval. Este a\u00f1o <\/span><b>la tem\u00e1tica para los relatos era la amistad<\/b><span style=\"font-weight: 400;\">. Participaron ni\u00f1os y ni\u00f1as de las escuelas y entidades del barrio, entre los que hab\u00eda tambi\u00e9n los ni\u00f1os y ni\u00f1as participantes del Centro Abierto Tornem, del grupo de edad de 9 a 12 a\u00f1os.\u00a0<\/span><\/p>\n<p>&nbsp;<\/p>\n<p><img decoding=\"async\" class=\"wp-image-12905 aligncenter\" src=\"https:\/\/www.casaldelsinfants.org\/wp-content\/uploads\/WhatsApp-Image-2023-07-10-at-11.04.34-convertido-de-webp.webp\" alt=\"Les dues guanyadores del concurs literari del Casal dels Infants ensenyen el seu premi.\" width=\"644\" height=\"483\" \/><\/p>\n<p>&nbsp;<\/p>\n<p><b>Entre los ganadores hab\u00eda dos participantes del Casal dels Infants de Santa Coloma<\/b><span style=\"font-weight: 400;\">, Jennifer y Rosalin, ambas de 11 a\u00f1os. Recibieron el premio de la mano de la alcaldesa de la ciudad, N\u00faria Parl\u00f3n, y de la secretaria de Infancia, Adolescencia y Juventud de la Generalitat de Catalunya, N\u00faria Valls. El reconocimiento inclu\u00eda una copia del libro <\/span><i><span style=\"font-weight: 400;\">La amistad<\/span><\/i><span style=\"font-weight: 400;\">, que recog\u00eda todos los relatos de los ni\u00f1os y ni\u00f1as que participaron en el concurso.\u00a0<\/span><\/p>\n<p><span style=\"font-weight: 400;\">Un a\u00f1o m\u00e1s, el Casal dels Infants de Santa Coloma <\/span><b>suma fuerzas con la comunidad<\/b><span style=\"font-weight: 400;\"> para hacer posible estas fiestas de celebraci\u00f3n del barrio y del legado de una mujer revolucionaria de la ciudad.\u00a0<\/span><\/p>\n","protected":false},"excerpt":{"rendered":"<p>Este fin de semana en el barrio del Raval de Santa Coloma de Gramenet estaba de fiesta. Las fiestas mayores del barrio tuvieron lugar el 7, 8 y 9 de julio. El Casal dels Infants de Santa Coloma particip\u00f3 especialmente el s\u00e1bado, organizando el Mat\u00ed Intercultural Mar Aubeso, en honor a la librera y activista [&hellip;]<\/p>\n","protected":false},"author":9,"featured_media":12902,"comment_status":"open","ping_status":"open","sticky":false,"template":"","format":"standard","meta":{"_acf_changed":false,"_et_pb_use_builder":"","_et_pb_old_content":"","_et_gb_content_width":"","inline_featured_image":false,"footnotes":""},"categories":[125],"tags":[],"seus":[160],"eixos":[99],"class_list":["post-12910","post","type-post","status-publish","format-standard","has-post-thumbnail","hentry","category-noticias","seus-santa-coloma-de-gramenet","eixos-infancia-y-adolescencia"],"acf":[],"yoast_head":"<!-- This site is optimized with the Yoast SEO plugin v27.4 - https:\/\/yoast.com\/product\/yoast-seo-wordpress\/ -->\n<title>Fiestas Raval Santa Coloma de Gramenet - Casal dels Infants<\/title>\n<meta name=\"description\" content=\"El Casal dels Infants de Santa Coloma particip\u00f3 especialmente el s\u00e1bado, organizando el Mat\u00ed Intercultural Mar Aubeso.\" \/>\n<meta name=\"robots\" content=\"index, follow, max-snippet:-1, max-image-preview:large, max-video-preview:-1\" \/>\n<link rel=\"canonical\" href=\"https:\/\/www.casaldelsinfants.org\/es\/actualidad\/fiestasraval2023santacoloma\/\" \/>\n<meta property=\"og:locale\" content=\"es_ES\" \/>\n<meta property=\"og:type\" content=\"article\" \/>\n<meta property=\"og:title\" content=\"Fiestas Raval Santa Coloma de Gramenet - Casal dels Infants\" \/>\n<meta property=\"og:description\" content=\"El Casal dels Infants de Santa Coloma particip\u00f3 especialmente el s\u00e1bado, organizando el Mat\u00ed Intercultural Mar Aubeso.\" \/>\n<meta property=\"og:url\" content=\"https:\/\/www.casaldelsinfants.org\/es\/actualidad\/fiestasraval2023santacoloma\/\" \/>\n<meta property=\"og:site_name\" content=\"Casal dels Infants\" \/>\n<meta property=\"article:publisher\" content=\"https:\/\/www.facebook.com\/casalinfants\" \/>\n<meta property=\"article:published_time\" content=\"2023-07-11T09:26:23+00:00\" \/>\n<meta property=\"article:modified_time\" content=\"2023-11-23T11:16:57+00:00\" \/>\n<meta property=\"og:image\" content=\"https:\/\/www.casaldelsinfants.org\/wp-content\/uploads\/WhatsApp-Image-2023-07-10-at-11.04.38-1.webp\" \/>\n\t<meta property=\"og:image:width\" content=\"2048\" \/>\n\t<meta property=\"og:image:height\" content=\"1536\" \/>\n\t<meta property=\"og:image:type\" content=\"image\/jpeg\" \/>\n<meta name=\"author\" content=\"julia\" \/>\n<meta name=\"twitter:card\" content=\"summary_large_image\" \/>\n<meta name=\"twitter:creator\" content=\"@casalinfants\" \/>\n<meta name=\"twitter:site\" content=\"@casalinfants\" \/>\n<meta name=\"twitter:label1\" content=\"Escrito por\" \/>\n\t<meta name=\"twitter:data1\" content=\"julia\" \/>\n\t<meta name=\"twitter:label2\" content=\"Tiempo de lectura\" \/>\n\t<meta name=\"twitter:data2\" content=\"3 minutos\" \/>\n<script type=\"application\/ld+json\" class=\"yoast-schema-graph\">{\"@context\":\"https:\\\/\\\/schema.org\",\"@graph\":[{\"@type\":\"Article\",\"@id\":\"https:\\\/\\\/www.casaldelsinfants.org\\\/es\\\/actualidad\\\/fiestasraval2023santacoloma\\\/#article\",\"isPartOf\":{\"@id\":\"https:\\\/\\\/www.casaldelsinfants.org\\\/es\\\/actualidad\\\/fiestasraval2023santacoloma\\\/\"},\"author\":{\"name\":\"julia\",\"@id\":\"https:\\\/\\\/www.casaldelsinfants.org\\\/es\\\/#\\\/schema\\\/person\\\/e870791b50f03fd60f872e1cd83910fc\"},\"headline\":\"Literatura y cultura en las Fiestas del Raval de Santa Coloma de Gramenet\",\"datePublished\":\"2023-07-11T09:26:23+00:00\",\"dateModified\":\"2023-11-23T11:16:57+00:00\",\"mainEntityOfPage\":{\"@id\":\"https:\\\/\\\/www.casaldelsinfants.org\\\/es\\\/actualidad\\\/fiestasraval2023santacoloma\\\/\"},\"wordCount\":435,\"commentCount\":0,\"publisher\":{\"@id\":\"https:\\\/\\\/www.casaldelsinfants.org\\\/es\\\/#organization\"},\"image\":{\"@id\":\"https:\\\/\\\/www.casaldelsinfants.org\\\/es\\\/actualidad\\\/fiestasraval2023santacoloma\\\/#primaryimage\"},\"thumbnailUrl\":\"https:\\\/\\\/www.casaldelsinfants.org\\\/wp-content\\\/uploads\\\/WhatsApp-Image-2023-07-10-at-11.04.38-1.webp\",\"articleSection\":[\"Noticia\"],\"inLanguage\":\"es\",\"potentialAction\":[{\"@type\":\"CommentAction\",\"name\":\"Comment\",\"target\":[\"https:\\\/\\\/www.casaldelsinfants.org\\\/es\\\/actualidad\\\/fiestasraval2023santacoloma\\\/#respond\"]}]},{\"@type\":\"WebPage\",\"@id\":\"https:\\\/\\\/www.casaldelsinfants.org\\\/es\\\/actualidad\\\/fiestasraval2023santacoloma\\\/\",\"url\":\"https:\\\/\\\/www.casaldelsinfants.org\\\/es\\\/actualidad\\\/fiestasraval2023santacoloma\\\/\",\"name\":\"Fiestas Raval Santa Coloma de Gramenet - Casal dels Infants\",\"isPartOf\":{\"@id\":\"https:\\\/\\\/www.casaldelsinfants.org\\\/es\\\/#website\"},\"primaryImageOfPage\":{\"@id\":\"https:\\\/\\\/www.casaldelsinfants.org\\\/es\\\/actualidad\\\/fiestasraval2023santacoloma\\\/#primaryimage\"},\"image\":{\"@id\":\"https:\\\/\\\/www.casaldelsinfants.org\\\/es\\\/actualidad\\\/fiestasraval2023santacoloma\\\/#primaryimage\"},\"thumbnailUrl\":\"https:\\\/\\\/www.casaldelsinfants.org\\\/wp-content\\\/uploads\\\/WhatsApp-Image-2023-07-10-at-11.04.38-1.webp\",\"datePublished\":\"2023-07-11T09:26:23+00:00\",\"dateModified\":\"2023-11-23T11:16:57+00:00\",\"description\":\"El Casal dels Infants de Santa Coloma particip\u00f3 especialmente el s\u00e1bado, organizando el Mat\u00ed Intercultural Mar Aubeso.\",\"breadcrumb\":{\"@id\":\"https:\\\/\\\/www.casaldelsinfants.org\\\/es\\\/actualidad\\\/fiestasraval2023santacoloma\\\/#breadcrumb\"},\"inLanguage\":\"es\",\"potentialAction\":[{\"@type\":\"ReadAction\",\"target\":[\"https:\\\/\\\/www.casaldelsinfants.org\\\/es\\\/actualidad\\\/fiestasraval2023santacoloma\\\/\"]}]},{\"@type\":\"ImageObject\",\"inLanguage\":\"es\",\"@id\":\"https:\\\/\\\/www.casaldelsinfants.org\\\/es\\\/actualidad\\\/fiestasraval2023santacoloma\\\/#primaryimage\",\"url\":\"https:\\\/\\\/www.casaldelsinfants.org\\\/wp-content\\\/uploads\\\/WhatsApp-Image-2023-07-10-at-11.04.38-1.webp\",\"contentUrl\":\"https:\\\/\\\/www.casaldelsinfants.org\\\/wp-content\\\/uploads\\\/WhatsApp-Image-2023-07-10-at-11.04.38-1.webp\",\"width\":2048,\"height\":1536,\"caption\":\"Nena rep el premi del concurs literari damunt d'un escenari.\"},{\"@type\":\"BreadcrumbList\",\"@id\":\"https:\\\/\\\/www.casaldelsinfants.org\\\/es\\\/actualidad\\\/fiestasraval2023santacoloma\\\/#breadcrumb\",\"itemListElement\":[{\"@type\":\"ListItem\",\"position\":1,\"name\":\"Inici\",\"item\":\"https:\\\/\\\/www.casaldelsinfants.org\\\/es\\\/\"},{\"@type\":\"ListItem\",\"position\":2,\"name\":\"Literatura y cultura en las Fiestas del Raval de Santa Coloma de Gramenet\"}]},{\"@type\":\"WebSite\",\"@id\":\"https:\\\/\\\/www.casaldelsinfants.org\\\/es\\\/#website\",\"url\":\"https:\\\/\\\/www.casaldelsinfants.org\\\/es\\\/\",\"name\":\"Casal dels Infants\",\"description\":\"\",\"publisher\":{\"@id\":\"https:\\\/\\\/www.casaldelsinfants.org\\\/es\\\/#organization\"},\"potentialAction\":[{\"@type\":\"SearchAction\",\"target\":{\"@type\":\"EntryPoint\",\"urlTemplate\":\"https:\\\/\\\/www.casaldelsinfants.org\\\/es\\\/?s={search_term_string}\"},\"query-input\":{\"@type\":\"PropertyValueSpecification\",\"valueRequired\":true,\"valueName\":\"search_term_string\"}}],\"inLanguage\":\"es\"},{\"@type\":\"Organization\",\"@id\":\"https:\\\/\\\/www.casaldelsinfants.org\\\/es\\\/#organization\",\"name\":\"Casal dels Infants\",\"url\":\"https:\\\/\\\/www.casaldelsinfants.org\\\/es\\\/\",\"logo\":{\"@type\":\"ImageObject\",\"inLanguage\":\"es\",\"@id\":\"https:\\\/\\\/www.casaldelsinfants.org\\\/es\\\/#\\\/schema\\\/logo\\\/image\\\/\",\"url\":\"https:\\\/\\\/www.casaldelsinfants.org\\\/wp-content\\\/uploads\\\/logo-mail.png\",\"contentUrl\":\"https:\\\/\\\/www.casaldelsinfants.org\\\/wp-content\\\/uploads\\\/logo-mail.png\",\"width\":380,\"height\":158,\"caption\":\"Casal dels Infants\"},\"image\":{\"@id\":\"https:\\\/\\\/www.casaldelsinfants.org\\\/es\\\/#\\\/schema\\\/logo\\\/image\\\/\"},\"sameAs\":[\"https:\\\/\\\/www.facebook.com\\\/casalinfants\",\"https:\\\/\\\/x.com\\\/casalinfants\",\"https:\\\/\\\/www.youtube.com\\\/user\\\/CasaldelsInfants1\",\"https:\\\/\\\/www.instagram.com\\\/casalinfants\\\/\",\"https:\\\/\\\/www.linkedin.com\\\/company\\\/casaldelsinfants?trk=organization-update_share-update_actor-text\"]},{\"@type\":\"Person\",\"@id\":\"https:\\\/\\\/www.casaldelsinfants.org\\\/es\\\/#\\\/schema\\\/person\\\/e870791b50f03fd60f872e1cd83910fc\",\"name\":\"julia\"}]}<\/script>\n<!-- \/ Yoast SEO plugin. -->","yoast_head_json":{"title":"Fiestas Raval Santa Coloma de Gramenet - Casal dels Infants","description":"El Casal dels Infants de Santa Coloma particip\u00f3 especialmente el s\u00e1bado, organizando el Mat\u00ed Intercultural Mar Aubeso.","robots":{"index":"index","follow":"follow","max-snippet":"max-snippet:-1","max-image-preview":"max-image-preview:large","max-video-preview":"max-video-preview:-1"},"canonical":"https:\/\/www.casaldelsinfants.org\/es\/actualidad\/fiestasraval2023santacoloma\/","og_locale":"es_ES","og_type":"article","og_title":"Fiestas Raval Santa Coloma de Gramenet - Casal dels Infants","og_description":"El Casal dels Infants de Santa Coloma particip\u00f3 especialmente el s\u00e1bado, organizando el Mat\u00ed Intercultural Mar Aubeso.","og_url":"https:\/\/www.casaldelsinfants.org\/es\/actualidad\/fiestasraval2023santacoloma\/","og_site_name":"Casal dels Infants","article_publisher":"https:\/\/www.facebook.com\/casalinfants","article_published_time":"2023-07-11T09:26:23+00:00","article_modified_time":"2023-11-23T11:16:57+00:00","og_image":[{"width":2048,"height":1536,"url":"https:\/\/www.casaldelsinfants.org\/wp-content\/uploads\/WhatsApp-Image-2023-07-10-at-11.04.38-1.webp","type":"image\/jpeg"}],"author":"julia","twitter_card":"summary_large_image","twitter_creator":"@casalinfants","twitter_site":"@casalinfants","twitter_misc":{"Escrito por":"julia","Tiempo de lectura":"3 minutos"},"schema":{"@context":"https:\/\/schema.org","@graph":[{"@type":"Article","@id":"https:\/\/www.casaldelsinfants.org\/es\/actualidad\/fiestasraval2023santacoloma\/#article","isPartOf":{"@id":"https:\/\/www.casaldelsinfants.org\/es\/actualidad\/fiestasraval2023santacoloma\/"},"author":{"name":"julia","@id":"https:\/\/www.casaldelsinfants.org\/es\/#\/schema\/person\/e870791b50f03fd60f872e1cd83910fc"},"headline":"Literatura y cultura en las Fiestas del Raval de Santa Coloma de Gramenet","datePublished":"2023-07-11T09:26:23+00:00","dateModified":"2023-11-23T11:16:57+00:00","mainEntityOfPage":{"@id":"https:\/\/www.casaldelsinfants.org\/es\/actualidad\/fiestasraval2023santacoloma\/"},"wordCount":435,"commentCount":0,"publisher":{"@id":"https:\/\/www.casaldelsinfants.org\/es\/#organization"},"image":{"@id":"https:\/\/www.casaldelsinfants.org\/es\/actualidad\/fiestasraval2023santacoloma\/#primaryimage"},"thumbnailUrl":"https:\/\/www.casaldelsinfants.org\/wp-content\/uploads\/WhatsApp-Image-2023-07-10-at-11.04.38-1.webp","articleSection":["Noticia"],"inLanguage":"es","potentialAction":[{"@type":"CommentAction","name":"Comment","target":["https:\/\/www.casaldelsinfants.org\/es\/actualidad\/fiestasraval2023santacoloma\/#respond"]}]},{"@type":"WebPage","@id":"https:\/\/www.casaldelsinfants.org\/es\/actualidad\/fiestasraval2023santacoloma\/","url":"https:\/\/www.casaldelsinfants.org\/es\/actualidad\/fiestasraval2023santacoloma\/","name":"Fiestas Raval Santa Coloma de Gramenet - Casal dels Infants","isPartOf":{"@id":"https:\/\/www.casaldelsinfants.org\/es\/#website"},"primaryImageOfPage":{"@id":"https:\/\/www.casaldelsinfants.org\/es\/actualidad\/fiestasraval2023santacoloma\/#primaryimage"},"image":{"@id":"https:\/\/www.casaldelsinfants.org\/es\/actualidad\/fiestasraval2023santacoloma\/#primaryimage"},"thumbnailUrl":"https:\/\/www.casaldelsinfants.org\/wp-content\/uploads\/WhatsApp-Image-2023-07-10-at-11.04.38-1.webp","datePublished":"2023-07-11T09:26:23+00:00","dateModified":"2023-11-23T11:16:57+00:00","description":"El Casal dels Infants de Santa Coloma particip\u00f3 especialmente el s\u00e1bado, organizando el Mat\u00ed Intercultural Mar Aubeso.","breadcrumb":{"@id":"https:\/\/www.casaldelsinfants.org\/es\/actualidad\/fiestasraval2023santacoloma\/#breadcrumb"},"inLanguage":"es","potentialAction":[{"@type":"ReadAction","target":["https:\/\/www.casaldelsinfants.org\/es\/actualidad\/fiestasraval2023santacoloma\/"]}]},{"@type":"ImageObject","inLanguage":"es","@id":"https:\/\/www.casaldelsinfants.org\/es\/actualidad\/fiestasraval2023santacoloma\/#primaryimage","url":"https:\/\/www.casaldelsinfants.org\/wp-content\/uploads\/WhatsApp-Image-2023-07-10-at-11.04.38-1.webp","contentUrl":"https:\/\/www.casaldelsinfants.org\/wp-content\/uploads\/WhatsApp-Image-2023-07-10-at-11.04.38-1.webp","width":2048,"height":1536,"caption":"Nena rep el premi del concurs literari damunt d'un escenari."},{"@type":"BreadcrumbList","@id":"https:\/\/www.casaldelsinfants.org\/es\/actualidad\/fiestasraval2023santacoloma\/#breadcrumb","itemListElement":[{"@type":"ListItem","position":1,"name":"Inici","item":"https:\/\/www.casaldelsinfants.org\/es\/"},{"@type":"ListItem","position":2,"name":"Literatura y cultura en las Fiestas del Raval de Santa Coloma de Gramenet"}]},{"@type":"WebSite","@id":"https:\/\/www.casaldelsinfants.org\/es\/#website","url":"https:\/\/www.casaldelsinfants.org\/es\/","name":"Casal dels Infants","description":"","publisher":{"@id":"https:\/\/www.casaldelsinfants.org\/es\/#organization"},"potentialAction":[{"@type":"SearchAction","target":{"@type":"EntryPoint","urlTemplate":"https:\/\/www.casaldelsinfants.org\/es\/?s={search_term_string}"},"query-input":{"@type":"PropertyValueSpecification","valueRequired":true,"valueName":"search_term_string"}}],"inLanguage":"es"},{"@type":"Organization","@id":"https:\/\/www.casaldelsinfants.org\/es\/#organization","name":"Casal dels Infants","url":"https:\/\/www.casaldelsinfants.org\/es\/","logo":{"@type":"ImageObject","inLanguage":"es","@id":"https:\/\/www.casaldelsinfants.org\/es\/#\/schema\/logo\/image\/","url":"https:\/\/www.casaldelsinfants.org\/wp-content\/uploads\/logo-mail.png","contentUrl":"https:\/\/www.casaldelsinfants.org\/wp-content\/uploads\/logo-mail.png","width":380,"height":158,"caption":"Casal dels Infants"},"image":{"@id":"https:\/\/www.casaldelsinfants.org\/es\/#\/schema\/logo\/image\/"},"sameAs":["https:\/\/www.facebook.com\/casalinfants","https:\/\/x.com\/casalinfants","https:\/\/www.youtube.com\/user\/CasaldelsInfants1","https:\/\/www.instagram.com\/casalinfants\/","https:\/\/www.linkedin.com\/company\/casaldelsinfants?trk=organization-update_share-update_actor-text"]},{"@type":"Person","@id":"https:\/\/www.casaldelsinfants.org\/es\/#\/schema\/person\/e870791b50f03fd60f872e1cd83910fc","name":"julia"}]}},"publishpress_future_action":{"enabled":false,"date":"2026-05-08 12:33:05","action":"change-status","newStatus":"draft","terms":[],"taxonomy":"category","extraData":[]},"publishpress_future_workflow_manual_trigger":{"enabledWorkflows":[]},"_links":{"self":[{"href":"https:\/\/www.casaldelsinfants.org\/es\/wp-json\/wp\/v2\/posts\/12910","targetHints":{"allow":["GET"]}}],"collection":[{"href":"https:\/\/www.casaldelsinfants.org\/es\/wp-json\/wp\/v2\/posts"}],"about":[{"href":"https:\/\/www.casaldelsinfants.org\/es\/wp-json\/wp\/v2\/types\/post"}],"author":[{"embeddable":true,"href":"https:\/\/www.casaldelsinfants.org\/es\/wp-json\/wp\/v2\/users\/9"}],"replies":[{"embeddable":true,"href":"https:\/\/www.casaldelsinfants.org\/es\/wp-json\/wp\/v2\/comments?post=12910"}],"version-history":[{"count":3,"href":"https:\/\/www.casaldelsinfants.org\/es\/wp-json\/wp\/v2\/posts\/12910\/revisions"}],"predecessor-version":[{"id":16150,"href":"https:\/\/www.casaldelsinfants.org\/es\/wp-json\/wp\/v2\/posts\/12910\/revisions\/16150"}],"wp:featuredmedia":[{"embeddable":true,"href":"https:\/\/www.casaldelsinfants.org\/es\/wp-json\/wp\/v2\/media\/12902"}],"wp:attachment":[{"href":"https:\/\/www.casaldelsinfants.org\/es\/wp-json\/wp\/v2\/media?parent=12910"}],"wp:term":[{"taxonomy":"category","embeddable":true,"href":"https:\/\/www.casaldelsinfants.org\/es\/wp-json\/wp\/v2\/categories?post=12910"},{"taxonomy":"post_tag","embeddable":true,"href":"https:\/\/www.casaldelsinfants.org\/es\/wp-json\/wp\/v2\/tags?post=12910"},{"taxonomy":"seus","embeddable":true,"href":"https:\/\/www.casaldelsinfants.org\/es\/wp-json\/wp\/v2\/seus?post=12910"},{"taxonomy":"eixos","embeddable":true,"href":"https:\/\/www.casaldelsinfants.org\/es\/wp-json\/wp\/v2\/eixos?post=12910"}],"curies":[{"name":"wp","href":"https:\/\/api.w.org\/{rel}","templated":true}]}}