{"id":12942,"date":"2023-07-13T13:10:37","date_gmt":"2023-07-13T11:10:37","guid":{"rendered":"https:\/\/www.casaldelsinfants.org\/?p=12942"},"modified":"2023-07-13T13:13:52","modified_gmt":"2023-07-13T11:13:52","slug":"casalverano2023","status":"publish","type":"post","link":"https:\/\/www.casaldelsinfants.org\/es\/actualidad\/casalverano2023\/","title":{"rendered":"Comienza el casal de verano en Casal dels Infants"},"content":{"rendered":"<p><span style=\"font-weight: 400;\">El verano ya ha empezado y las vacaciones han comenzado para todos los ni\u00f1os y ni\u00f1as, que las esperaban con muchas ganas. Pero, <span style=\"text-decoration: underline;\"><a href=\"https:\/\/www.social.cat\/opinio\/19147\/un-estiu-contra-la-pobresa-infantil\">no todos podr\u00e1n disfrutar de ellas en las mismas condiciones<\/a><\/span>. Con la escuela cerrada, los ni\u00f1os, ni\u00f1as y adolescentes en situaci\u00f3n de vulnerabilidad social pierden el referente del centro educativo, los ratos de estudio supervisado y de ocio seguro. Tambi\u00e9n, alguien que haga un seguimiento de las dificultades para tirar adelante de su familia. Por esto motivo, <strong>\u00a1empieza el Casal de verano en el Casal dels Infants!<\/strong><\/span><\/p>\n<p><span style=\"font-weight: 400;\">En el Casal seguimos abiertos para <strong>garantizar que 1.500 ni\u00f1os, ni\u00f1as, adolescentes y j\u00f3venes en riesgo de exclusi\u00f3n social participen en el Casal de verano. <\/strong>Este tiene lugar\u00a0durante los meses de vacaciones, en julio y agosto. Aqu\u00ed les garantizamos el derecho al ocio y a la educaci\u00f3n. Adem\u00e1s, sumamos esfuerzos para asegurar que ni\u00f1os, ni\u00f1as, adolescentes y j\u00f3venes cuenten con una alimentaci\u00f3n adecuada y con un seguimiento de las situaciones de riesgo en sus familias. Ponemos ojos y recursos en los ni\u00f1os y ni\u00f1as y velamos por sus necesidades b\u00e1sicas y sus derechos.\u00a0<\/span><\/p>\n<p><span style=\"font-weight: 400;\">Para hacerlo posible, hemos lanzado la campa\u00f1a \u201c<\/span><span style=\"text-decoration: underline;\"><strong><a href=\"https:\/\/www.casaldelsinfants.org\/es\/dona-ahora-verano\/\" target=\"_blank\" rel=\"noopener\">Activamos los factores de protecci\u00f3n<\/a><\/strong><\/span><span style=\"font-weight: 400;\">\u201d. Con ella, queremos movilizar la ciudadan\u00eda y conseguir donativos que nos ayuden a tirar adelante las actividades de verano. Para hacerlo posible, puedes hacer un <\/span><span style=\"text-decoration: underline;\"><a href=\"https:\/\/www.casaldelsinfants.org\/es\/dona-ahora-verano\/\" target=\"_blank\" rel=\"noopener\"><span style=\"font-weight: 400;\">donativo<\/span><\/a><\/span><span style=\"font-weight: 400;\"> o colaborar haciendo <\/span><span style=\"text-decoration: underline;\"><a href=\"https:\/\/www.casaldelsinfants.org\/que-pots-fer-tu\/voluntariat\/\" target=\"_blank\" rel=\"noopener\"><span style=\"font-weight: 400;\">voluntariado<\/span><\/a><\/span><span style=\"font-weight: 400;\">.\u00a0<\/span><\/p>\n<p>&nbsp;<\/p>\n<h2><b>\u00bfEn qu\u00e9 consiste el casal de verano de Casal dels Infants?<\/b><\/h2>\n<p>&nbsp;<\/p>\n<p><span style=\"font-weight: 400;\">En el Casal dels Infants ofrecemos <strong>actividades de verano entre el 26 de junio y el 25 de agosto. <\/strong>Tiene lugar en los barrios donde actuamos todo el a\u00f1o: el Raval y el Bes\u00f2s i el Maresme (Barcelona); el Bes\u00f2s y la Mina (Sant Adri\u00e0 de Bes\u00f2s); Santa Rosa, el Raval y Fondo (Santa Coloma de Gramenet); Sant Roc i Llefi\u00e0 (Badalona) y el municipio gerundense de Salt.\u00a0<\/span><\/p>\n<p><span style=\"font-weight: 400;\">Las actividades del casal de verano mezclan ratos de recreo, ocio y salidas con espacios de refuerzo educativo. Las ma\u00f1anas y tardes de lunes a viernes, nuestros y nuestras participantes hacen<strong> salidas a museos, excursiones por la ciudad, ratos de juego y deberes, actividades en la piscina y salidas a la playa<\/strong>, entre otras.\u00a0<\/span><\/p>\n<p><span style=\"font-weight: 400;\">El casal de verano se alarga durante los dos meses de vacaciones, con una tanda de julio y la otra en agosto. Despu\u00e9s de tres semanas en la ciudad, llega el momento m\u00e1s esperado del casal de verano y de todo el a\u00f1o: las colonias, los campamentos y campos de trabajo, estos \u00faltimos para los y las j\u00f3venes de m\u00e1s de 16 a\u00f1os.\u00a0<\/span><\/p>\n<p>&nbsp;<\/p>\n<h2><b>\u00bfA qui\u00e9n est\u00e1 destinado el casal de verano infantil?<\/b><\/h2>\n<p>&nbsp;<\/p>\n<p><span style=\"font-weight: 400;\">El casal de verano es para <strong>ni\u00f1os, ni\u00f1as, adolescentes y j\u00f3venes de 3 a 21 a\u00f1os<\/strong>. Muchos de ellos han participado en el Casal durante el a\u00f1o, pero tambi\u00e9n hay ni\u00f1os y ni\u00f1as nuevas. Las inscripciones son de media para cuatro semanas, pero hay ni\u00f1os y ni\u00f1as que alargar\u00e1n su participaci\u00f3n, cuando el equipo de la asociaci\u00f3n valore que sus necesidades lo requieran.\u00a0<\/span><\/p>\n<p>&nbsp;<\/p>\n<h2><b>\u00a0\u00bfQu\u00e9 actividades de casal de verano se llevan a cabo?<\/b><\/h2>\n<p>&nbsp;<\/p>\n<p><span style=\"font-weight: 400;\">Las actividades del casal de verano que se llevan a cabo en el Casal dels Infants son variadas.\u00a0<\/span><\/p>\n<h3><\/h3>\n<h3><b>Espacios de refuerzo y ocio educativo\u00a0<\/b><\/h3>\n<p><span style=\"font-weight: 400;\">Cada d\u00eda, los ni\u00f1os, ni\u00f1as, chicos y chicas vienen al Casal y empiezan el d\u00eda desayunando y haciendo \u2018rotllana\u2019. Hacen todo tipo de actividades actividades en grupo. Por ejemplo, hacen yincanas, practican deportes, tienen ratos de juego libro, y de lectura y refuerzo educativo.\u00a0<\/span><\/p>\n<p><span style=\"font-weight: 400;\">Estas \u00faltimas son clave para los ni\u00f1os y ni\u00f1as. Les permite <strong>consolidar aprendizajes del curso pasado, mantener los h\u00e1bitos y rutinas, y prepararse para el siguiente con garant\u00edas de \u00e9xito<\/strong>.\u00a0<\/span><\/p>\n<h3><\/h3>\n<h3><b>Actividades en la ciudad\u00a0<\/b><\/h3>\n<p><span style=\"font-weight: 400;\">Durante las tres primeras semanas del casal de verano, ni\u00f1os, ni\u00f1as, adolescentes y j\u00f3venes exprimen las <strong>posibilidades de ocio educativo que su entorno cotidiano les ofrece<\/strong>. Visitan museos y exhibiciones que hay en su ciudad, hacen excursiones y salidas, como al Tibidabo o al Castillo de Montju\u00efc, y cada semana van a la piscina y a la playa.\u00a0<\/span><\/p>\n<h3><\/h3>\n<h3><b>Colonias, campamentos y campos de trabajo<\/b><\/h3>\n<p><span style=\"font-weight: 400;\">En el casal de verano, los ni\u00f1os y ni\u00f1as de todas las edades, y tambi\u00e9n adolescentes y j\u00f3venes, disfrutan de colonias, campamentos y campos de trabajo. <strong>Para muchos y muchas son sus \u00fanicas vacaciones en verano<\/strong>. Salen de su ciudad y se van a otra comarca que les permite explorar nuevos sitios del territorio catal\u00e1n y disfrutar de la naturaleza.<\/span><\/p>\n<p><span style=\"font-weight: 400;\">Los m\u00e1s peque\u00f1os y peque\u00f1as, de 3 a 5 a\u00f1os, van de colonias durante tres d\u00edas. Los ni\u00f1os, ni\u00f1as y adolescentes de 6 a 16 a\u00f1os, cinco d\u00edas. Tambi\u00e9n, algunos grupos de adolescentes, de los Centros Adolescentes (COA), van de campamentos a Tavascan, al municipio de Lladorre, como hemos hecho cada verano. Por \u00faltimo, los y las j\u00f3venes de m\u00e1s de 16 a\u00f1os har\u00e1n campos de trabajo a Cambrils, Olot y el pueblo de Gav\u00e0s, en el Pallars Sobir\u00e0, con una estancia de una semana donde har\u00e1n tascas comunitarias en coordinaci\u00f3n con los ayuntamientos de cada localidad.\u00a0<\/span><\/p>\n<p><span style=\"font-weight: 400;\">Para hacer posible el momento del a\u00f1o m\u00e1s esperado por los ni\u00f1os y ni\u00f1as, necesitamos sumar esfuerzos con el apoyo de la ciudadan\u00eda, para garantizar un verano seguro a 1.500 ni\u00f1os, ni\u00f1as, adolescentes y j\u00f3venes. Puedes colaborar <\/span><span style=\"text-decoration: underline;\"><a href=\"https:\/\/www.casaldelsinfants.org\/es\/dona-ahora-verano\/\" target=\"_blank\" rel=\"noopener\"><span style=\"font-weight: 400;\">haciendo un donativo<\/span><\/a><\/span><span style=\"font-weight: 400;\"> o <\/span><span style=\"text-decoration: underline;\"><a href=\"https:\/\/www.casaldelsinfants.org\/es\/que-puedes-hacer-tu\/voluntariado\/\" target=\"_blank\" rel=\"noopener\"><span style=\"font-weight: 400;\">haciendo voluntariado<\/span><\/a><\/span><span style=\"font-weight: 400;\">.\u00a0<\/span><\/p>\n","protected":false},"excerpt":{"rendered":"<p>El verano ya ha empezado y las vacaciones han comenzado para todos los ni\u00f1os y ni\u00f1as, que las esperaban con muchas ganas. Pero, no todos podr\u00e1n disfrutar de ellas en las mismas condiciones. Con la escuela cerrada, los ni\u00f1os, ni\u00f1as y adolescentes en situaci\u00f3n de vulnerabilidad social pierden el referente del centro educativo, los ratos [&hellip;]<\/p>\n","protected":false},"author":9,"featured_media":12926,"comment_status":"open","ping_status":"open","sticky":false,"template":"","format":"standard","meta":{"_acf_changed":false,"_et_pb_use_builder":"","_et_pb_old_content":"","_et_gb_content_width":"","inline_featured_image":false,"footnotes":""},"categories":[125],"tags":[],"seus":[],"eixos":[],"class_list":["post-12942","post","type-post","status-publish","format-standard","has-post-thumbnail","hentry","category-noticias"],"acf":[],"yoast_head":"<!-- This site is optimized with the Yoast SEO plugin v27.4 - https:\/\/yoast.com\/product\/yoast-seo-wordpress\/ -->\n<title>Comienza casal de verano en Casal dels Infants - Casal dels Infants<\/title>\n<meta name=\"description\" content=\"En el Casal dels Infants garantizamos que 1.500 ni\u00f1os, ni\u00f1as, adolescentes y j\u00f3venes en riesgo de exclusi\u00f3n social participen en el Casal de verano.\" \/>\n<meta name=\"robots\" content=\"index, follow, max-snippet:-1, max-image-preview:large, max-video-preview:-1\" \/>\n<link rel=\"canonical\" href=\"https:\/\/www.casaldelsinfants.org\/es\/actualidad\/casalverano2023\/\" \/>\n<meta property=\"og:locale\" content=\"es_ES\" \/>\n<meta property=\"og:type\" content=\"article\" \/>\n<meta property=\"og:title\" content=\"Comienza casal de verano en Casal dels Infants - Casal dels Infants\" \/>\n<meta property=\"og:description\" content=\"En el Casal dels Infants garantizamos que 1.500 ni\u00f1os, ni\u00f1as, adolescentes y j\u00f3venes en riesgo de exclusi\u00f3n social participen en el Casal de verano.\" \/>\n<meta property=\"og:url\" content=\"https:\/\/www.casaldelsinfants.org\/es\/actualidad\/casalverano2023\/\" \/>\n<meta property=\"og:site_name\" content=\"Casal dels Infants\" \/>\n<meta property=\"article:publisher\" content=\"https:\/\/www.facebook.com\/casalinfants\" \/>\n<meta property=\"article:published_time\" content=\"2023-07-13T11:10:37+00:00\" \/>\n<meta property=\"article:modified_time\" content=\"2023-07-13T11:13:52+00:00\" \/>\n<meta property=\"og:image\" content=\"https:\/\/www.casaldelsinfants.org\/wp-content\/uploads\/WhatsApp-Image-2023-07-06-at-13.08.51-convertido-de-jpeg.webp\" \/>\n\t<meta property=\"og:image:width\" content=\"2043\" \/>\n\t<meta property=\"og:image:height\" content=\"1345\" \/>\n\t<meta property=\"og:image:type\" content=\"image\/jpeg\" \/>\n<meta name=\"author\" content=\"julia\" \/>\n<meta name=\"twitter:card\" content=\"summary_large_image\" \/>\n<meta name=\"twitter:creator\" content=\"@casalinfants\" \/>\n<meta name=\"twitter:site\" content=\"@casalinfants\" \/>\n<meta name=\"twitter:label1\" content=\"Escrito por\" \/>\n\t<meta name=\"twitter:data1\" content=\"julia\" \/>\n\t<meta name=\"twitter:label2\" content=\"Tiempo de lectura\" \/>\n\t<meta name=\"twitter:data2\" content=\"5 minutos\" \/>\n<script type=\"application\/ld+json\" class=\"yoast-schema-graph\">{\"@context\":\"https:\\\/\\\/schema.org\",\"@graph\":[{\"@type\":\"Article\",\"@id\":\"https:\\\/\\\/www.casaldelsinfants.org\\\/es\\\/actualidad\\\/casalverano2023\\\/#article\",\"isPartOf\":{\"@id\":\"https:\\\/\\\/www.casaldelsinfants.org\\\/es\\\/actualidad\\\/casalverano2023\\\/\"},\"author\":{\"name\":\"julia\",\"@id\":\"https:\\\/\\\/www.casaldelsinfants.org\\\/es\\\/#\\\/schema\\\/person\\\/e870791b50f03fd60f872e1cd83910fc\"},\"headline\":\"Comienza el casal de verano en Casal dels Infants\",\"datePublished\":\"2023-07-13T11:10:37+00:00\",\"dateModified\":\"2023-07-13T11:13:52+00:00\",\"mainEntityOfPage\":{\"@id\":\"https:\\\/\\\/www.casaldelsinfants.org\\\/es\\\/actualidad\\\/casalverano2023\\\/\"},\"wordCount\":963,\"commentCount\":0,\"publisher\":{\"@id\":\"https:\\\/\\\/www.casaldelsinfants.org\\\/es\\\/#organization\"},\"image\":{\"@id\":\"https:\\\/\\\/www.casaldelsinfants.org\\\/es\\\/actualidad\\\/casalverano2023\\\/#primaryimage\"},\"thumbnailUrl\":\"https:\\\/\\\/www.casaldelsinfants.org\\\/wp-content\\\/uploads\\\/WhatsApp-Image-2023-07-06-at-13.08.51-convertido-de-jpeg.webp\",\"articleSection\":[\"Noticia\"],\"inLanguage\":\"es\",\"potentialAction\":[{\"@type\":\"CommentAction\",\"name\":\"Comment\",\"target\":[\"https:\\\/\\\/www.casaldelsinfants.org\\\/es\\\/actualidad\\\/casalverano2023\\\/#respond\"]}]},{\"@type\":\"WebPage\",\"@id\":\"https:\\\/\\\/www.casaldelsinfants.org\\\/es\\\/actualidad\\\/casalverano2023\\\/\",\"url\":\"https:\\\/\\\/www.casaldelsinfants.org\\\/es\\\/actualidad\\\/casalverano2023\\\/\",\"name\":\"Comienza casal de verano en Casal dels Infants - Casal dels Infants\",\"isPartOf\":{\"@id\":\"https:\\\/\\\/www.casaldelsinfants.org\\\/es\\\/#website\"},\"primaryImageOfPage\":{\"@id\":\"https:\\\/\\\/www.casaldelsinfants.org\\\/es\\\/actualidad\\\/casalverano2023\\\/#primaryimage\"},\"image\":{\"@id\":\"https:\\\/\\\/www.casaldelsinfants.org\\\/es\\\/actualidad\\\/casalverano2023\\\/#primaryimage\"},\"thumbnailUrl\":\"https:\\\/\\\/www.casaldelsinfants.org\\\/wp-content\\\/uploads\\\/WhatsApp-Image-2023-07-06-at-13.08.51-convertido-de-jpeg.webp\",\"datePublished\":\"2023-07-13T11:10:37+00:00\",\"dateModified\":\"2023-07-13T11:13:52+00:00\",\"description\":\"En el Casal dels Infants garantizamos que 1.500 ni\u00f1os, ni\u00f1as, adolescentes y j\u00f3venes en riesgo de exclusi\u00f3n social participen en el Casal de verano.\",\"breadcrumb\":{\"@id\":\"https:\\\/\\\/www.casaldelsinfants.org\\\/es\\\/actualidad\\\/casalverano2023\\\/#breadcrumb\"},\"inLanguage\":\"es\",\"potentialAction\":[{\"@type\":\"ReadAction\",\"target\":[\"https:\\\/\\\/www.casaldelsinfants.org\\\/es\\\/actualidad\\\/casalverano2023\\\/\"]}]},{\"@type\":\"ImageObject\",\"inLanguage\":\"es\",\"@id\":\"https:\\\/\\\/www.casaldelsinfants.org\\\/es\\\/actualidad\\\/casalverano2023\\\/#primaryimage\",\"url\":\"https:\\\/\\\/www.casaldelsinfants.org\\\/wp-content\\\/uploads\\\/WhatsApp-Image-2023-07-06-at-13.08.51-convertido-de-jpeg.webp\",\"contentUrl\":\"https:\\\/\\\/www.casaldelsinfants.org\\\/wp-content\\\/uploads\\\/WhatsApp-Image-2023-07-06-at-13.08.51-convertido-de-jpeg.webp\",\"width\":2043,\"height\":1345,\"caption\":\"Nens i nenes en un parc durant el casal d'estiu del Casal dels Infants.\"},{\"@type\":\"BreadcrumbList\",\"@id\":\"https:\\\/\\\/www.casaldelsinfants.org\\\/es\\\/actualidad\\\/casalverano2023\\\/#breadcrumb\",\"itemListElement\":[{\"@type\":\"ListItem\",\"position\":1,\"name\":\"Inici\",\"item\":\"https:\\\/\\\/www.casaldelsinfants.org\\\/es\\\/\"},{\"@type\":\"ListItem\",\"position\":2,\"name\":\"Comienza el casal de verano en Casal dels Infants\"}]},{\"@type\":\"WebSite\",\"@id\":\"https:\\\/\\\/www.casaldelsinfants.org\\\/es\\\/#website\",\"url\":\"https:\\\/\\\/www.casaldelsinfants.org\\\/es\\\/\",\"name\":\"Casal dels Infants\",\"description\":\"\",\"publisher\":{\"@id\":\"https:\\\/\\\/www.casaldelsinfants.org\\\/es\\\/#organization\"},\"potentialAction\":[{\"@type\":\"SearchAction\",\"target\":{\"@type\":\"EntryPoint\",\"urlTemplate\":\"https:\\\/\\\/www.casaldelsinfants.org\\\/es\\\/?s={search_term_string}\"},\"query-input\":{\"@type\":\"PropertyValueSpecification\",\"valueRequired\":true,\"valueName\":\"search_term_string\"}}],\"inLanguage\":\"es\"},{\"@type\":\"Organization\",\"@id\":\"https:\\\/\\\/www.casaldelsinfants.org\\\/es\\\/#organization\",\"name\":\"Casal dels Infants\",\"url\":\"https:\\\/\\\/www.casaldelsinfants.org\\\/es\\\/\",\"logo\":{\"@type\":\"ImageObject\",\"inLanguage\":\"es\",\"@id\":\"https:\\\/\\\/www.casaldelsinfants.org\\\/es\\\/#\\\/schema\\\/logo\\\/image\\\/\",\"url\":\"https:\\\/\\\/www.casaldelsinfants.org\\\/wp-content\\\/uploads\\\/logo-mail.png\",\"contentUrl\":\"https:\\\/\\\/www.casaldelsinfants.org\\\/wp-content\\\/uploads\\\/logo-mail.png\",\"width\":380,\"height\":158,\"caption\":\"Casal dels Infants\"},\"image\":{\"@id\":\"https:\\\/\\\/www.casaldelsinfants.org\\\/es\\\/#\\\/schema\\\/logo\\\/image\\\/\"},\"sameAs\":[\"https:\\\/\\\/www.facebook.com\\\/casalinfants\",\"https:\\\/\\\/x.com\\\/casalinfants\",\"https:\\\/\\\/www.youtube.com\\\/user\\\/CasaldelsInfants1\",\"https:\\\/\\\/www.instagram.com\\\/casalinfants\\\/\",\"https:\\\/\\\/www.linkedin.com\\\/company\\\/casaldelsinfants?trk=organization-update_share-update_actor-text\"]},{\"@type\":\"Person\",\"@id\":\"https:\\\/\\\/www.casaldelsinfants.org\\\/es\\\/#\\\/schema\\\/person\\\/e870791b50f03fd60f872e1cd83910fc\",\"name\":\"julia\"}]}<\/script>\n<!-- \/ Yoast SEO plugin. -->","yoast_head_json":{"title":"Comienza casal de verano en Casal dels Infants - Casal dels Infants","description":"En el Casal dels Infants garantizamos que 1.500 ni\u00f1os, ni\u00f1as, adolescentes y j\u00f3venes en riesgo de exclusi\u00f3n social participen en el Casal de verano.","robots":{"index":"index","follow":"follow","max-snippet":"max-snippet:-1","max-image-preview":"max-image-preview:large","max-video-preview":"max-video-preview:-1"},"canonical":"https:\/\/www.casaldelsinfants.org\/es\/actualidad\/casalverano2023\/","og_locale":"es_ES","og_type":"article","og_title":"Comienza casal de verano en Casal dels Infants - Casal dels Infants","og_description":"En el Casal dels Infants garantizamos que 1.500 ni\u00f1os, ni\u00f1as, adolescentes y j\u00f3venes en riesgo de exclusi\u00f3n social participen en el Casal de verano.","og_url":"https:\/\/www.casaldelsinfants.org\/es\/actualidad\/casalverano2023\/","og_site_name":"Casal dels Infants","article_publisher":"https:\/\/www.facebook.com\/casalinfants","article_published_time":"2023-07-13T11:10:37+00:00","article_modified_time":"2023-07-13T11:13:52+00:00","og_image":[{"width":2043,"height":1345,"url":"https:\/\/www.casaldelsinfants.org\/wp-content\/uploads\/WhatsApp-Image-2023-07-06-at-13.08.51-convertido-de-jpeg.webp","type":"image\/jpeg"}],"author":"julia","twitter_card":"summary_large_image","twitter_creator":"@casalinfants","twitter_site":"@casalinfants","twitter_misc":{"Escrito por":"julia","Tiempo de lectura":"5 minutos"},"schema":{"@context":"https:\/\/schema.org","@graph":[{"@type":"Article","@id":"https:\/\/www.casaldelsinfants.org\/es\/actualidad\/casalverano2023\/#article","isPartOf":{"@id":"https:\/\/www.casaldelsinfants.org\/es\/actualidad\/casalverano2023\/"},"author":{"name":"julia","@id":"https:\/\/www.casaldelsinfants.org\/es\/#\/schema\/person\/e870791b50f03fd60f872e1cd83910fc"},"headline":"Comienza el casal de verano en Casal dels Infants","datePublished":"2023-07-13T11:10:37+00:00","dateModified":"2023-07-13T11:13:52+00:00","mainEntityOfPage":{"@id":"https:\/\/www.casaldelsinfants.org\/es\/actualidad\/casalverano2023\/"},"wordCount":963,"commentCount":0,"publisher":{"@id":"https:\/\/www.casaldelsinfants.org\/es\/#organization"},"image":{"@id":"https:\/\/www.casaldelsinfants.org\/es\/actualidad\/casalverano2023\/#primaryimage"},"thumbnailUrl":"https:\/\/www.casaldelsinfants.org\/wp-content\/uploads\/WhatsApp-Image-2023-07-06-at-13.08.51-convertido-de-jpeg.webp","articleSection":["Noticia"],"inLanguage":"es","potentialAction":[{"@type":"CommentAction","name":"Comment","target":["https:\/\/www.casaldelsinfants.org\/es\/actualidad\/casalverano2023\/#respond"]}]},{"@type":"WebPage","@id":"https:\/\/www.casaldelsinfants.org\/es\/actualidad\/casalverano2023\/","url":"https:\/\/www.casaldelsinfants.org\/es\/actualidad\/casalverano2023\/","name":"Comienza casal de verano en Casal dels Infants - Casal dels Infants","isPartOf":{"@id":"https:\/\/www.casaldelsinfants.org\/es\/#website"},"primaryImageOfPage":{"@id":"https:\/\/www.casaldelsinfants.org\/es\/actualidad\/casalverano2023\/#primaryimage"},"image":{"@id":"https:\/\/www.casaldelsinfants.org\/es\/actualidad\/casalverano2023\/#primaryimage"},"thumbnailUrl":"https:\/\/www.casaldelsinfants.org\/wp-content\/uploads\/WhatsApp-Image-2023-07-06-at-13.08.51-convertido-de-jpeg.webp","datePublished":"2023-07-13T11:10:37+00:00","dateModified":"2023-07-13T11:13:52+00:00","description":"En el Casal dels Infants garantizamos que 1.500 ni\u00f1os, ni\u00f1as, adolescentes y j\u00f3venes en riesgo de exclusi\u00f3n social participen en el Casal de verano.","breadcrumb":{"@id":"https:\/\/www.casaldelsinfants.org\/es\/actualidad\/casalverano2023\/#breadcrumb"},"inLanguage":"es","potentialAction":[{"@type":"ReadAction","target":["https:\/\/www.casaldelsinfants.org\/es\/actualidad\/casalverano2023\/"]}]},{"@type":"ImageObject","inLanguage":"es","@id":"https:\/\/www.casaldelsinfants.org\/es\/actualidad\/casalverano2023\/#primaryimage","url":"https:\/\/www.casaldelsinfants.org\/wp-content\/uploads\/WhatsApp-Image-2023-07-06-at-13.08.51-convertido-de-jpeg.webp","contentUrl":"https:\/\/www.casaldelsinfants.org\/wp-content\/uploads\/WhatsApp-Image-2023-07-06-at-13.08.51-convertido-de-jpeg.webp","width":2043,"height":1345,"caption":"Nens i nenes en un parc durant el casal d'estiu del Casal dels Infants."},{"@type":"BreadcrumbList","@id":"https:\/\/www.casaldelsinfants.org\/es\/actualidad\/casalverano2023\/#breadcrumb","itemListElement":[{"@type":"ListItem","position":1,"name":"Inici","item":"https:\/\/www.casaldelsinfants.org\/es\/"},{"@type":"ListItem","position":2,"name":"Comienza el casal de verano en Casal dels Infants"}]},{"@type":"WebSite","@id":"https:\/\/www.casaldelsinfants.org\/es\/#website","url":"https:\/\/www.casaldelsinfants.org\/es\/","name":"Casal dels Infants","description":"","publisher":{"@id":"https:\/\/www.casaldelsinfants.org\/es\/#organization"},"potentialAction":[{"@type":"SearchAction","target":{"@type":"EntryPoint","urlTemplate":"https:\/\/www.casaldelsinfants.org\/es\/?s={search_term_string}"},"query-input":{"@type":"PropertyValueSpecification","valueRequired":true,"valueName":"search_term_string"}}],"inLanguage":"es"},{"@type":"Organization","@id":"https:\/\/www.casaldelsinfants.org\/es\/#organization","name":"Casal dels Infants","url":"https:\/\/www.casaldelsinfants.org\/es\/","logo":{"@type":"ImageObject","inLanguage":"es","@id":"https:\/\/www.casaldelsinfants.org\/es\/#\/schema\/logo\/image\/","url":"https:\/\/www.casaldelsinfants.org\/wp-content\/uploads\/logo-mail.png","contentUrl":"https:\/\/www.casaldelsinfants.org\/wp-content\/uploads\/logo-mail.png","width":380,"height":158,"caption":"Casal dels Infants"},"image":{"@id":"https:\/\/www.casaldelsinfants.org\/es\/#\/schema\/logo\/image\/"},"sameAs":["https:\/\/www.facebook.com\/casalinfants","https:\/\/x.com\/casalinfants","https:\/\/www.youtube.com\/user\/CasaldelsInfants1","https:\/\/www.instagram.com\/casalinfants\/","https:\/\/www.linkedin.com\/company\/casaldelsinfants?trk=organization-update_share-update_actor-text"]},{"@type":"Person","@id":"https:\/\/www.casaldelsinfants.org\/es\/#\/schema\/person\/e870791b50f03fd60f872e1cd83910fc","name":"julia"}]}},"publishpress_future_action":{"enabled":false,"date":"2026-05-06 10:57:53","action":"change-status","newStatus":"draft","terms":[],"taxonomy":"category","extraData":[]},"publishpress_future_workflow_manual_trigger":{"enabledWorkflows":[]},"_links":{"self":[{"href":"https:\/\/www.casaldelsinfants.org\/es\/wp-json\/wp\/v2\/posts\/12942","targetHints":{"allow":["GET"]}}],"collection":[{"href":"https:\/\/www.casaldelsinfants.org\/es\/wp-json\/wp\/v2\/posts"}],"about":[{"href":"https:\/\/www.casaldelsinfants.org\/es\/wp-json\/wp\/v2\/types\/post"}],"author":[{"embeddable":true,"href":"https:\/\/www.casaldelsinfants.org\/es\/wp-json\/wp\/v2\/users\/9"}],"replies":[{"embeddable":true,"href":"https:\/\/www.casaldelsinfants.org\/es\/wp-json\/wp\/v2\/comments?post=12942"}],"version-history":[{"count":3,"href":"https:\/\/www.casaldelsinfants.org\/es\/wp-json\/wp\/v2\/posts\/12942\/revisions"}],"predecessor-version":[{"id":12946,"href":"https:\/\/www.casaldelsinfants.org\/es\/wp-json\/wp\/v2\/posts\/12942\/revisions\/12946"}],"wp:featuredmedia":[{"embeddable":true,"href":"https:\/\/www.casaldelsinfants.org\/es\/wp-json\/wp\/v2\/media\/12926"}],"wp:attachment":[{"href":"https:\/\/www.casaldelsinfants.org\/es\/wp-json\/wp\/v2\/media?parent=12942"}],"wp:term":[{"taxonomy":"category","embeddable":true,"href":"https:\/\/www.casaldelsinfants.org\/es\/wp-json\/wp\/v2\/categories?post=12942"},{"taxonomy":"post_tag","embeddable":true,"href":"https:\/\/www.casaldelsinfants.org\/es\/wp-json\/wp\/v2\/tags?post=12942"},{"taxonomy":"seus","embeddable":true,"href":"https:\/\/www.casaldelsinfants.org\/es\/wp-json\/wp\/v2\/seus?post=12942"},{"taxonomy":"eixos","embeddable":true,"href":"https:\/\/www.casaldelsinfants.org\/es\/wp-json\/wp\/v2\/eixos?post=12942"}],"curies":[{"name":"wp","href":"https:\/\/api.w.org\/{rel}","templated":true}]}}