{"id":13077,"date":"2023-07-20T16:17:31","date_gmt":"2023-07-20T14:17:31","guid":{"rendered":"https:\/\/www.casaldelsinfants.org\/?p=13077"},"modified":"2023-07-20T16:23:09","modified_gmt":"2023-07-20T14:23:09","slug":"voluntariado-verano-2023","status":"publish","type":"post","link":"https:\/\/www.casaldelsinfants.org\/es\/actualidad\/voluntariado-verano-2023\/","title":{"rendered":"\u00bfEst\u00e1s buscando un voluntariado para verano 2023?"},"content":{"rendered":"<p>&nbsp;<\/p>\n<p><img decoding=\"async\" class=\"alignnone size-full wp-image-13073\" src=\"https:\/\/www.casaldelsinfants.org\/wp-content\/uploads\/pikwizard-6c64612d1fa4099aeed2832ce20c232f-scaled-1.webp\" alt=\"voluntariado verano 2023\" width=\"2560\" height=\"1707\" \/><\/p>\n<p>El <strong>voluntariado de verano<\/strong> es una pieza clave para las entidades sociales, porque gracias a la colaboraci\u00f3n desinteresada de las personas voluntarias, las ONG podemos contar con el apoyo que los equipos necesitan para llevar a cabo los proyectos tambi\u00e9n durante las vacaciones, cuando las escuelas est\u00e1n cerradas.<\/p>\n<p>Si <strong>est\u00e1s buscando voluntariado para el verano 2023<\/strong> en este art\u00edculo te explicamos qu\u00e9 necesitas saber para hacer voluntaria y c\u00f3mo ayudar este verano.<\/p>\n<p>&nbsp;<\/p>\n<p><span style=\"font-size: 14pt; color: #026451;\"><strong>\u00bfC\u00f3mo hacer voluntariado en la Casa dels Infants?<\/strong><\/span><\/p>\n<p>Lo primero que debes hacer si quieres <strong>hacer voluntariado en una ong<\/strong> como en el Casal dels Infants es contactar con el departamento de voluntariado de la entidad, que te citar\u00e1 para una sesi\u00f3n informativa. A continuaci\u00f3n te har\u00e1n una entrevista individual, que servir\u00e1 para conocer mejor, saber qu\u00e9 te gusta hacer, y en cu\u00e1l de los territorios donde trabajamos (Barcelona, Sant Adri\u00e0 de Bes\u00f2s, Badalona, Santa Coloma de Gramanet o Salt) te gustar\u00eda<strong> hacer voluntariado.<\/strong><\/p>\n<p>El voluntariado se adapta a tu disponibilidad, s\u00f3lo pedimos compromiso y respetar los horarios pactados, puesto que los equipos educativos cuentan contigo y realizar\u00e1s el<strong> voluntariado con ni\u00f1os y ni\u00f1as<\/strong> que establecen unos v\u00ednculos con los voluntarios y voluntarias.<\/p>\n<p>Si quieres contactar con nuestro equipo de voluntariado puedes hacerlo a trav\u00e9s del correo voluntariat@casaldelsinfants.org o del tel\u00e9fono 682 200 911 (tambi\u00e9n te responderemos por whatsapp).<\/p>\n<p>&nbsp;<\/p>\n<p><span style=\"font-size: 14pt; color: #026451;\"><strong>\u00bfC\u00f3mo funciona el voluntariado?<\/strong><\/span><\/p>\n<p>El voluntariado consiste en dedicar parte de tu tiempo a colaborar con una causa solidaria. El voluntario o voluntaria es la persona que se compromete de forma desinteresada a ayudar a los dem\u00e1s, de forma organizada en el seno de una instituci\u00f3n o proyecto.<\/p>\n<p>Si quieres<strong> hacer voluntariado en el verano de 2023<\/strong>, es importante que elijas una entidad con la que compartas valores y con la que te sientas c\u00f3modo con el tipo de actividades que se realizan y con el colectivo con el que se trabaja, por ejemplo, en el caso del Casal dels Infants, que te guste relacionarte con ni\u00f1os y j\u00f3venes.<\/p>\n<p>Desde un punto de vista m\u00e1s centrado en valores, se puede definir a la persona voluntaria como aquella que:<\/p>\n<ul>\n<li>Act\u00faa a favor de los dem\u00e1s o de la comunidad en general.<\/li>\n<li>Es solidaria y comprometida con el entorno, la comunidad y la sociedad.<\/li>\n<li>Establece por propia voluntad y desde su plena libertad un compromiso de actuaci\u00f3n.<\/li>\n<li>Es sensible a las carencias y necesidades de la sociedad y el entorno entendidas como global.<\/li>\n<li>Decide desde la convicci\u00f3n personal pasar a la acci\u00f3n.<\/li>\n<li>Es una persona activa, din\u00e1mica, emprendedora, responsable y dispuesta a asumir compromisos.<\/li>\n<li>Act\u00faa coordinadamente en el marco de una organizaci\u00f3n.<\/li>\n<li>Da sin esperar nada a cambio.<\/li>\n<\/ul>\n<p>&nbsp;<\/p>\n<p><span style=\"font-size: 14pt; color: #026451;\"><strong>\u00bfQui\u00e9n puede realizar voluntariado?<\/strong><\/span><\/p>\n<p>Cualquier persona mayor de 16 a\u00f1os puede ser voluntario\/a y realizar un <strong>voluntariado para j\u00f3venes<\/strong>, lo \u00fanico que se necesita es estar motivado y tener ganas. No hay l\u00edmite de edad, en el Casal hacen voluntariado tanto chicos y chicas muy j\u00f3venes como personas de 65 a\u00f1os. Todas y todos suman y aportan valor.<\/p>\n<p>\u00a1Conoce <span style=\"text-decoration: underline; color: #026451;\"><a style=\"color: #026451; text-decoration: underline;\" href=\"https:\/\/www.youtube.com\/watch?v=ckIHQvoR1eQ\">aqu\u00ed<\/a> <\/span>la experiencia de Julia realizando <strong>voluntariado en el Casal de verano<\/strong>!<\/p>\n<p>&nbsp;<\/p>\n<p><span style=\"font-size: 14pt; color: #026451;\"><strong>\u00bfEn qu\u00e9 podr\u00e1s ayudar con tu voluntariado de verano?<\/strong><\/span><\/p>\n<p>Con tu <strong>voluntariado de verano<\/strong> en el Casal dels Infants podr\u00e1s ayudar a acompa\u00f1ar a 1.500 ni\u00f1os, adolescentes y j\u00f3venes en riesgo de exclusi\u00f3n que gracias a nuestra entidad podr\u00e1n disfrutar de unas vacaciones, como te cont\u00e1bamos en <a href=\"https:\/\/www.casaldelsinfants.org\/es\/actualidad\/casalverano2023\/\"><span style=\"text-decoration: underline; color: #026451;\">este art\u00edculo<\/span><\/a>.<\/p>\n<p>Espacios de ludoteca y de comedor, acompa\u00f1amiento en las actividades de ocio como ir a la piscina, a la playa, a un parque o a realizar otras excursiones y salidas, dar apoyo en el refuerzo de los aprendizajes escolares, y salir unos d\u00edas de colonias en la naturaleza.<\/p>\n<p>\u00a1Una experiencia llena de emociones compartidas que seguro ser\u00e1 inolvidable!<\/p>\n<blockquote><p><span style=\"color: #026541;\"><strong>Ay\u00fadanos a continuar dando apoyo a los ni\u00f1os y ni\u00f1as en riesgo de exclusi\u00f3n<\/strong><\/span><\/p>\n<p><span style=\"color: #026541;\"><strong>Has un do<span style=\"color: #026541;\">nativo<a style=\"color: #026541;\" href=\"https:\/\/www.casaldelsinfants.org\/es\/dona-ahora-verano\/\"> <span style=\"text-decoration: underline;\">aqu\u00ed<\/span><\/a><\/span><\/strong><\/span><\/p>\n<p><span style=\"color: #026541;\"><strong>Haz voluntariado, inf\u00f3rmate <a style=\"color: #026541;\" href=\"https:\/\/www.casaldelsinfants.org\/es\/que-puedes-hacer-tu\/voluntariado\/\"><span style=\"text-decoration: underline;\">aqu\u00ed\u00a0<\/span><\/a><\/strong><\/span><\/p><\/blockquote>\n<p>&nbsp;<\/p>\n","protected":false},"excerpt":{"rendered":"<p>&nbsp; El voluntariado de verano es una pieza clave para las entidades sociales, porque gracias a la colaboraci\u00f3n desinteresada de las personas voluntarias, las ONG podemos contar con el apoyo que los equipos necesitan para llevar a cabo los proyectos tambi\u00e9n durante las vacaciones, cuando las escuelas est\u00e1n cerradas. Si est\u00e1s buscando voluntariado para el [&hellip;]<\/p>\n","protected":false},"author":11,"featured_media":0,"comment_status":"open","ping_status":"open","sticky":false,"template":"","format":"standard","meta":{"_acf_changed":false,"_et_pb_use_builder":"","_et_pb_old_content":"","_et_gb_content_width":"","inline_featured_image":false,"footnotes":""},"categories":[125],"tags":[],"seus":[],"eixos":[],"class_list":["post-13077","post","type-post","status-publish","format-standard","hentry","category-noticias"],"acf":[],"yoast_head":"<!-- This site is optimized with the Yoast SEO plugin v27.4 - https:\/\/yoast.com\/product\/yoast-seo-wordpress\/ -->\n<title>\u00bfEst\u00e1s buscando un voluntariado para verano 2023? - Casal dels Infants<\/title>\n<meta name=\"description\" content=\"\u00bfEst\u00e1s buscando un voluntariado joven con ni\u00f1os y ni\u00f1as para este verano 2023? \u00a1Ven al Casal dels Infants!\" \/>\n<meta name=\"robots\" content=\"index, follow, max-snippet:-1, max-image-preview:large, max-video-preview:-1\" \/>\n<link rel=\"canonical\" href=\"https:\/\/www.casaldelsinfants.org\/es\/actualidad\/voluntariado-verano-2023\/\" \/>\n<meta property=\"og:locale\" content=\"es_ES\" \/>\n<meta property=\"og:type\" content=\"article\" \/>\n<meta property=\"og:title\" content=\"\u00bfEst\u00e1s buscando un voluntariado para verano 2023? - Casal dels Infants\" \/>\n<meta property=\"og:description\" content=\"\u00bfEst\u00e1s buscando un voluntariado joven con ni\u00f1os y ni\u00f1as para este verano 2023? \u00a1Ven al Casal dels Infants!\" \/>\n<meta property=\"og:url\" content=\"https:\/\/www.casaldelsinfants.org\/es\/actualidad\/voluntariado-verano-2023\/\" \/>\n<meta property=\"og:site_name\" content=\"Casal dels Infants\" \/>\n<meta property=\"article:publisher\" content=\"https:\/\/www.facebook.com\/casalinfants\" \/>\n<meta property=\"article:published_time\" content=\"2023-07-20T14:17:31+00:00\" \/>\n<meta property=\"article:modified_time\" content=\"2023-07-20T14:23:09+00:00\" \/>\n<meta property=\"og:image\" content=\"https:\/\/www.casaldelsinfants.org\/wp-content\/uploads\/pikwizard-6c64612d1fa4099aeed2832ce20c232f-scaled-1.webp\" \/>\n<meta name=\"author\" content=\"aina\" \/>\n<meta name=\"twitter:card\" content=\"summary_large_image\" \/>\n<meta name=\"twitter:creator\" content=\"@casalinfants\" \/>\n<meta name=\"twitter:site\" content=\"@casalinfants\" \/>\n<meta name=\"twitter:label1\" content=\"Escrito por\" \/>\n\t<meta name=\"twitter:data1\" content=\"aina\" \/>\n\t<meta name=\"twitter:label2\" content=\"Tiempo de lectura\" \/>\n\t<meta name=\"twitter:data2\" content=\"4 minutos\" \/>\n<script type=\"application\/ld+json\" class=\"yoast-schema-graph\">{\"@context\":\"https:\\\/\\\/schema.org\",\"@graph\":[{\"@type\":\"Article\",\"@id\":\"https:\\\/\\\/www.casaldelsinfants.org\\\/es\\\/actualidad\\\/voluntariado-verano-2023\\\/#article\",\"isPartOf\":{\"@id\":\"https:\\\/\\\/www.casaldelsinfants.org\\\/es\\\/actualidad\\\/voluntariado-verano-2023\\\/\"},\"author\":{\"name\":\"aina\",\"@id\":\"https:\\\/\\\/www.casaldelsinfants.org\\\/es\\\/#\\\/schema\\\/person\\\/760a729c39b48cb86928de163caeeefa\"},\"headline\":\"\u00bfEst\u00e1s buscando un voluntariado para verano 2023?\",\"datePublished\":\"2023-07-20T14:17:31+00:00\",\"dateModified\":\"2023-07-20T14:23:09+00:00\",\"mainEntityOfPage\":{\"@id\":\"https:\\\/\\\/www.casaldelsinfants.org\\\/es\\\/actualidad\\\/voluntariado-verano-2023\\\/\"},\"wordCount\":703,\"commentCount\":0,\"publisher\":{\"@id\":\"https:\\\/\\\/www.casaldelsinfants.org\\\/es\\\/#organization\"},\"image\":{\"@id\":\"https:\\\/\\\/www.casaldelsinfants.org\\\/es\\\/actualidad\\\/voluntariado-verano-2023\\\/#primaryimage\"},\"thumbnailUrl\":\"https:\\\/\\\/www.casaldelsinfants.org\\\/wp-content\\\/uploads\\\/pikwizard-6c64612d1fa4099aeed2832ce20c232f-scaled-1.webp\",\"articleSection\":[\"Noticia\"],\"inLanguage\":\"es\",\"potentialAction\":[{\"@type\":\"CommentAction\",\"name\":\"Comment\",\"target\":[\"https:\\\/\\\/www.casaldelsinfants.org\\\/es\\\/actualidad\\\/voluntariado-verano-2023\\\/#respond\"]}]},{\"@type\":\"WebPage\",\"@id\":\"https:\\\/\\\/www.casaldelsinfants.org\\\/es\\\/actualidad\\\/voluntariado-verano-2023\\\/\",\"url\":\"https:\\\/\\\/www.casaldelsinfants.org\\\/es\\\/actualidad\\\/voluntariado-verano-2023\\\/\",\"name\":\"\u00bfEst\u00e1s buscando un voluntariado para verano 2023? - Casal dels Infants\",\"isPartOf\":{\"@id\":\"https:\\\/\\\/www.casaldelsinfants.org\\\/es\\\/#website\"},\"primaryImageOfPage\":{\"@id\":\"https:\\\/\\\/www.casaldelsinfants.org\\\/es\\\/actualidad\\\/voluntariado-verano-2023\\\/#primaryimage\"},\"image\":{\"@id\":\"https:\\\/\\\/www.casaldelsinfants.org\\\/es\\\/actualidad\\\/voluntariado-verano-2023\\\/#primaryimage\"},\"thumbnailUrl\":\"https:\\\/\\\/www.casaldelsinfants.org\\\/wp-content\\\/uploads\\\/pikwizard-6c64612d1fa4099aeed2832ce20c232f-scaled-1.webp\",\"datePublished\":\"2023-07-20T14:17:31+00:00\",\"dateModified\":\"2023-07-20T14:23:09+00:00\",\"description\":\"\u00bfEst\u00e1s buscando un voluntariado joven con ni\u00f1os y ni\u00f1as para este verano 2023? \u00a1Ven al Casal dels Infants!\",\"breadcrumb\":{\"@id\":\"https:\\\/\\\/www.casaldelsinfants.org\\\/es\\\/actualidad\\\/voluntariado-verano-2023\\\/#breadcrumb\"},\"inLanguage\":\"es\",\"potentialAction\":[{\"@type\":\"ReadAction\",\"target\":[\"https:\\\/\\\/www.casaldelsinfants.org\\\/es\\\/actualidad\\\/voluntariado-verano-2023\\\/\"]}]},{\"@type\":\"ImageObject\",\"inLanguage\":\"es\",\"@id\":\"https:\\\/\\\/www.casaldelsinfants.org\\\/es\\\/actualidad\\\/voluntariado-verano-2023\\\/#primaryimage\",\"url\":\"https:\\\/\\\/www.casaldelsinfants.org\\\/wp-content\\\/uploads\\\/pikwizard-6c64612d1fa4099aeed2832ce20c232f-scaled-1.webp\",\"contentUrl\":\"https:\\\/\\\/www.casaldelsinfants.org\\\/wp-content\\\/uploads\\\/pikwizard-6c64612d1fa4099aeed2832ce20c232f-scaled-1.webp\"},{\"@type\":\"BreadcrumbList\",\"@id\":\"https:\\\/\\\/www.casaldelsinfants.org\\\/es\\\/actualidad\\\/voluntariado-verano-2023\\\/#breadcrumb\",\"itemListElement\":[{\"@type\":\"ListItem\",\"position\":1,\"name\":\"Inici\",\"item\":\"https:\\\/\\\/www.casaldelsinfants.org\\\/es\\\/\"},{\"@type\":\"ListItem\",\"position\":2,\"name\":\"\u00bfEst\u00e1s buscando un voluntariado para verano 2023?\"}]},{\"@type\":\"WebSite\",\"@id\":\"https:\\\/\\\/www.casaldelsinfants.org\\\/es\\\/#website\",\"url\":\"https:\\\/\\\/www.casaldelsinfants.org\\\/es\\\/\",\"name\":\"Casal dels Infants\",\"description\":\"\",\"publisher\":{\"@id\":\"https:\\\/\\\/www.casaldelsinfants.org\\\/es\\\/#organization\"},\"potentialAction\":[{\"@type\":\"SearchAction\",\"target\":{\"@type\":\"EntryPoint\",\"urlTemplate\":\"https:\\\/\\\/www.casaldelsinfants.org\\\/es\\\/?s={search_term_string}\"},\"query-input\":{\"@type\":\"PropertyValueSpecification\",\"valueRequired\":true,\"valueName\":\"search_term_string\"}}],\"inLanguage\":\"es\"},{\"@type\":\"Organization\",\"@id\":\"https:\\\/\\\/www.casaldelsinfants.org\\\/es\\\/#organization\",\"name\":\"Casal dels Infants\",\"url\":\"https:\\\/\\\/www.casaldelsinfants.org\\\/es\\\/\",\"logo\":{\"@type\":\"ImageObject\",\"inLanguage\":\"es\",\"@id\":\"https:\\\/\\\/www.casaldelsinfants.org\\\/es\\\/#\\\/schema\\\/logo\\\/image\\\/\",\"url\":\"https:\\\/\\\/www.casaldelsinfants.org\\\/wp-content\\\/uploads\\\/logo-mail.png\",\"contentUrl\":\"https:\\\/\\\/www.casaldelsinfants.org\\\/wp-content\\\/uploads\\\/logo-mail.png\",\"width\":380,\"height\":158,\"caption\":\"Casal dels Infants\"},\"image\":{\"@id\":\"https:\\\/\\\/www.casaldelsinfants.org\\\/es\\\/#\\\/schema\\\/logo\\\/image\\\/\"},\"sameAs\":[\"https:\\\/\\\/www.facebook.com\\\/casalinfants\",\"https:\\\/\\\/x.com\\\/casalinfants\",\"https:\\\/\\\/www.youtube.com\\\/user\\\/CasaldelsInfants1\",\"https:\\\/\\\/www.instagram.com\\\/casalinfants\\\/\",\"https:\\\/\\\/www.linkedin.com\\\/company\\\/casaldelsinfants?trk=organization-update_share-update_actor-text\"]},{\"@type\":\"Person\",\"@id\":\"https:\\\/\\\/www.casaldelsinfants.org\\\/es\\\/#\\\/schema\\\/person\\\/760a729c39b48cb86928de163caeeefa\",\"name\":\"aina\"}]}<\/script>\n<!-- \/ Yoast SEO plugin. -->","yoast_head_json":{"title":"\u00bfEst\u00e1s buscando un voluntariado para verano 2023? - Casal dels Infants","description":"\u00bfEst\u00e1s buscando un voluntariado joven con ni\u00f1os y ni\u00f1as para este verano 2023? \u00a1Ven al Casal dels Infants!","robots":{"index":"index","follow":"follow","max-snippet":"max-snippet:-1","max-image-preview":"max-image-preview:large","max-video-preview":"max-video-preview:-1"},"canonical":"https:\/\/www.casaldelsinfants.org\/es\/actualidad\/voluntariado-verano-2023\/","og_locale":"es_ES","og_type":"article","og_title":"\u00bfEst\u00e1s buscando un voluntariado para verano 2023? - Casal dels Infants","og_description":"\u00bfEst\u00e1s buscando un voluntariado joven con ni\u00f1os y ni\u00f1as para este verano 2023? \u00a1Ven al Casal dels Infants!","og_url":"https:\/\/www.casaldelsinfants.org\/es\/actualidad\/voluntariado-verano-2023\/","og_site_name":"Casal dels Infants","article_publisher":"https:\/\/www.facebook.com\/casalinfants","article_published_time":"2023-07-20T14:17:31+00:00","article_modified_time":"2023-07-20T14:23:09+00:00","og_image":[{"url":"https:\/\/www.casaldelsinfants.org\/wp-content\/uploads\/pikwizard-6c64612d1fa4099aeed2832ce20c232f-scaled-1.webp","type":"","width":"","height":""}],"author":"aina","twitter_card":"summary_large_image","twitter_creator":"@casalinfants","twitter_site":"@casalinfants","twitter_misc":{"Escrito por":"aina","Tiempo de lectura":"4 minutos"},"schema":{"@context":"https:\/\/schema.org","@graph":[{"@type":"Article","@id":"https:\/\/www.casaldelsinfants.org\/es\/actualidad\/voluntariado-verano-2023\/#article","isPartOf":{"@id":"https:\/\/www.casaldelsinfants.org\/es\/actualidad\/voluntariado-verano-2023\/"},"author":{"name":"aina","@id":"https:\/\/www.casaldelsinfants.org\/es\/#\/schema\/person\/760a729c39b48cb86928de163caeeefa"},"headline":"\u00bfEst\u00e1s buscando un voluntariado para verano 2023?","datePublished":"2023-07-20T14:17:31+00:00","dateModified":"2023-07-20T14:23:09+00:00","mainEntityOfPage":{"@id":"https:\/\/www.casaldelsinfants.org\/es\/actualidad\/voluntariado-verano-2023\/"},"wordCount":703,"commentCount":0,"publisher":{"@id":"https:\/\/www.casaldelsinfants.org\/es\/#organization"},"image":{"@id":"https:\/\/www.casaldelsinfants.org\/es\/actualidad\/voluntariado-verano-2023\/#primaryimage"},"thumbnailUrl":"https:\/\/www.casaldelsinfants.org\/wp-content\/uploads\/pikwizard-6c64612d1fa4099aeed2832ce20c232f-scaled-1.webp","articleSection":["Noticia"],"inLanguage":"es","potentialAction":[{"@type":"CommentAction","name":"Comment","target":["https:\/\/www.casaldelsinfants.org\/es\/actualidad\/voluntariado-verano-2023\/#respond"]}]},{"@type":"WebPage","@id":"https:\/\/www.casaldelsinfants.org\/es\/actualidad\/voluntariado-verano-2023\/","url":"https:\/\/www.casaldelsinfants.org\/es\/actualidad\/voluntariado-verano-2023\/","name":"\u00bfEst\u00e1s buscando un voluntariado para verano 2023? - Casal dels Infants","isPartOf":{"@id":"https:\/\/www.casaldelsinfants.org\/es\/#website"},"primaryImageOfPage":{"@id":"https:\/\/www.casaldelsinfants.org\/es\/actualidad\/voluntariado-verano-2023\/#primaryimage"},"image":{"@id":"https:\/\/www.casaldelsinfants.org\/es\/actualidad\/voluntariado-verano-2023\/#primaryimage"},"thumbnailUrl":"https:\/\/www.casaldelsinfants.org\/wp-content\/uploads\/pikwizard-6c64612d1fa4099aeed2832ce20c232f-scaled-1.webp","datePublished":"2023-07-20T14:17:31+00:00","dateModified":"2023-07-20T14:23:09+00:00","description":"\u00bfEst\u00e1s buscando un voluntariado joven con ni\u00f1os y ni\u00f1as para este verano 2023? \u00a1Ven al Casal dels Infants!","breadcrumb":{"@id":"https:\/\/www.casaldelsinfants.org\/es\/actualidad\/voluntariado-verano-2023\/#breadcrumb"},"inLanguage":"es","potentialAction":[{"@type":"ReadAction","target":["https:\/\/www.casaldelsinfants.org\/es\/actualidad\/voluntariado-verano-2023\/"]}]},{"@type":"ImageObject","inLanguage":"es","@id":"https:\/\/www.casaldelsinfants.org\/es\/actualidad\/voluntariado-verano-2023\/#primaryimage","url":"https:\/\/www.casaldelsinfants.org\/wp-content\/uploads\/pikwizard-6c64612d1fa4099aeed2832ce20c232f-scaled-1.webp","contentUrl":"https:\/\/www.casaldelsinfants.org\/wp-content\/uploads\/pikwizard-6c64612d1fa4099aeed2832ce20c232f-scaled-1.webp"},{"@type":"BreadcrumbList","@id":"https:\/\/www.casaldelsinfants.org\/es\/actualidad\/voluntariado-verano-2023\/#breadcrumb","itemListElement":[{"@type":"ListItem","position":1,"name":"Inici","item":"https:\/\/www.casaldelsinfants.org\/es\/"},{"@type":"ListItem","position":2,"name":"\u00bfEst\u00e1s buscando un voluntariado para verano 2023?"}]},{"@type":"WebSite","@id":"https:\/\/www.casaldelsinfants.org\/es\/#website","url":"https:\/\/www.casaldelsinfants.org\/es\/","name":"Casal dels Infants","description":"","publisher":{"@id":"https:\/\/www.casaldelsinfants.org\/es\/#organization"},"potentialAction":[{"@type":"SearchAction","target":{"@type":"EntryPoint","urlTemplate":"https:\/\/www.casaldelsinfants.org\/es\/?s={search_term_string}"},"query-input":{"@type":"PropertyValueSpecification","valueRequired":true,"valueName":"search_term_string"}}],"inLanguage":"es"},{"@type":"Organization","@id":"https:\/\/www.casaldelsinfants.org\/es\/#organization","name":"Casal dels Infants","url":"https:\/\/www.casaldelsinfants.org\/es\/","logo":{"@type":"ImageObject","inLanguage":"es","@id":"https:\/\/www.casaldelsinfants.org\/es\/#\/schema\/logo\/image\/","url":"https:\/\/www.casaldelsinfants.org\/wp-content\/uploads\/logo-mail.png","contentUrl":"https:\/\/www.casaldelsinfants.org\/wp-content\/uploads\/logo-mail.png","width":380,"height":158,"caption":"Casal dels Infants"},"image":{"@id":"https:\/\/www.casaldelsinfants.org\/es\/#\/schema\/logo\/image\/"},"sameAs":["https:\/\/www.facebook.com\/casalinfants","https:\/\/x.com\/casalinfants","https:\/\/www.youtube.com\/user\/CasaldelsInfants1","https:\/\/www.instagram.com\/casalinfants\/","https:\/\/www.linkedin.com\/company\/casaldelsinfants?trk=organization-update_share-update_actor-text"]},{"@type":"Person","@id":"https:\/\/www.casaldelsinfants.org\/es\/#\/schema\/person\/760a729c39b48cb86928de163caeeefa","name":"aina"}]}},"publishpress_future_action":{"enabled":false,"date":"2026-05-07 22:13:46","action":"change-status","newStatus":"draft","terms":[],"taxonomy":"category","extraData":[]},"publishpress_future_workflow_manual_trigger":{"enabledWorkflows":[]},"_links":{"self":[{"href":"https:\/\/www.casaldelsinfants.org\/es\/wp-json\/wp\/v2\/posts\/13077","targetHints":{"allow":["GET"]}}],"collection":[{"href":"https:\/\/www.casaldelsinfants.org\/es\/wp-json\/wp\/v2\/posts"}],"about":[{"href":"https:\/\/www.casaldelsinfants.org\/es\/wp-json\/wp\/v2\/types\/post"}],"author":[{"embeddable":true,"href":"https:\/\/www.casaldelsinfants.org\/es\/wp-json\/wp\/v2\/users\/11"}],"replies":[{"embeddable":true,"href":"https:\/\/www.casaldelsinfants.org\/es\/wp-json\/wp\/v2\/comments?post=13077"}],"version-history":[{"count":6,"href":"https:\/\/www.casaldelsinfants.org\/es\/wp-json\/wp\/v2\/posts\/13077\/revisions"}],"predecessor-version":[{"id":13084,"href":"https:\/\/www.casaldelsinfants.org\/es\/wp-json\/wp\/v2\/posts\/13077\/revisions\/13084"}],"wp:attachment":[{"href":"https:\/\/www.casaldelsinfants.org\/es\/wp-json\/wp\/v2\/media?parent=13077"}],"wp:term":[{"taxonomy":"category","embeddable":true,"href":"https:\/\/www.casaldelsinfants.org\/es\/wp-json\/wp\/v2\/categories?post=13077"},{"taxonomy":"post_tag","embeddable":true,"href":"https:\/\/www.casaldelsinfants.org\/es\/wp-json\/wp\/v2\/tags?post=13077"},{"taxonomy":"seus","embeddable":true,"href":"https:\/\/www.casaldelsinfants.org\/es\/wp-json\/wp\/v2\/seus?post=13077"},{"taxonomy":"eixos","embeddable":true,"href":"https:\/\/www.casaldelsinfants.org\/es\/wp-json\/wp\/v2\/eixos?post=13077"}],"curies":[{"name":"wp","href":"https:\/\/api.w.org\/{rel}","templated":true}]}}