{"id":13313,"date":"2023-08-07T17:43:12","date_gmt":"2023-08-07T15:43:12","guid":{"rendered":"https:\/\/www.casaldelsinfants.org\/?p=13313"},"modified":"2023-11-22T18:23:25","modified_gmt":"2023-11-22T16:23:25","slug":"catestiu2023cast","status":"publish","type":"post","link":"https:\/\/www.casaldelsinfants.org\/es\/actualidad\/catestiu2023cast\/","title":{"rendered":"Refuerzo escolar, educaci\u00f3n ambiental y m\u00fasica en CatEstiu"},"content":{"rendered":"<p><span style=\"font-weight: 400;\">Durante estas vacaciones, unos sesenta de ni\u00f1os y ni\u00f1as del Casal dels Infants en el barrio del Raval, de entre 6 y 12 a\u00f1os, han participado en <strong>CatEstiu<\/strong>, un servicio que les ofrece refuerzo escolar con el catal\u00e1n como eje transversal, as\u00ed como actividades de ocio, art\u00edsticas y talleres. Algunos de los ni\u00f1os y ni\u00f1as ya eran participantes del Casal dels Infants durante el curso, los dem\u00e1s se han incorporado derivados y derivadas por las mismas escuelas con las que el equipo educativo trabaja en red durante el curso.\u00a0<\/span><\/p>\n<p><b>El fomento del uso del catal\u00e1n es transversal en el proyecto:\u00a0<\/b>es la lengua que han utilizado durante el d\u00eda, en los ratos de deberes, las actividades de ocio y en las &#8216;rotllanes&#8217;, con los que empiezan y acaban el d\u00eda para hablar, compartir y evaluar la jornada.<\/p>\n<p>En los ratos de<b> refuerzo escolar<\/b>, los ni\u00f1os y ni\u00f1as han hecho los deberes de verano asignados por la escuela con el apoyo del equipo educativo. Tambi\u00e9n, han repasado conceptos del curso para prepararse para el curso que viene y as\u00ed aumentar las garant\u00edas de \u00e9xito.<\/p>\n<p><span style=\"font-weight: 400;\">A lo largo del mes, los ni\u00f1os y ni\u00f1as han trabajado diferentes tem\u00e1ticas de <strong>educaci\u00f3n ambiental<\/strong>, como el reciclaje, la pobreza energ\u00e9tica, el cambio clim\u00e1tico, etc., enfatizando y pregunt\u00e1ndose qu\u00e9 podr\u00edan hacer ellos y ellas para ayudar la situaci\u00f3n. Para profundizar en los temas, recibieron la visita de algunas entidades. Con<\/span><span style=\"font-weight: 400;\">\u00a0<span style=\"text-decoration: underline;\"><a href=\"https:\/\/fronteresinvisible.wixsite.com\/frinvisibles\" target=\"_blank\" rel=\"noopener\">Fronteres Invisibles<\/a><\/span> jugaron a un monopolio humano que reflejaba los procesos migratorios, para promocionar la reflexi\u00f3n sobre el racismo y el racismo institucional. Con\u00a0<\/span><span style=\"font-weight: 400;\"><a href=\"https:\/\/youngitgirls.org\/\" target=\"_blank\" rel=\"noopener\"><span style=\"text-decoration: underline;\">Young It Girls<\/span><\/a><span style=\"text-decoration: underline;\">,<\/span> una entidad con el objetivo de visibilizar y fomentar las ciencias entre las chicas, hicieron dos actividades relacionadas con el cambio clim\u00e1tico. <a href=\"https:\/\/www.lortiga.cat\/\" target=\"_blank\" rel=\"noopener\"><span style=\"text-decoration: underline;\">L\u2019Ortiga Cooperativa<\/span>, <\/a>que trabaja para sensibilizar sobre los actos con la natura y el desarrollo de incendios, trajo un juego para tomar consciencia sobre los elementos que empeoran las condiciones de los incendios. <\/span><\/p>\n<p>Otro tema que se ha mantenido durante todo el julio ha sido la <strong>m\u00fasica<\/strong>. Cada martes, los ni\u00f1os y ni\u00f1as trabajaban con un voluntario que hab\u00eda sido profesor de m\u00fasica, que les ense\u00f1\u00f3 a crear instrumentos con material reciclado, a buscar ritmos y coordinarse entre ellos y ellas. El trabajo y los aprendizajes musicales se vieron representados en un concierto que los ni\u00f1os y ni\u00f1as hicieron para sus familias para cerrar la \u00faltima semana de actividades.<\/p>\n<p>Tambi\u00e9n han hecho <strong>diferentes salidas y excursiones<\/strong>, como ir a la monta\u00f1a, al Tibidabo, a la playa y a la piscina.<\/p>\n","protected":false},"excerpt":{"rendered":"<p>Durante estas vacaciones, unos sesenta de ni\u00f1os y ni\u00f1as del Casal dels Infants en el barrio del Raval, de entre 6 y 12 a\u00f1os, han participado en CatEstiu, un servicio que les ofrece refuerzo escolar con el catal\u00e1n como eje transversal, as\u00ed como actividades de ocio, art\u00edsticas y talleres. Algunos de los ni\u00f1os y ni\u00f1as [&hellip;]<\/p>\n","protected":false},"author":9,"featured_media":13311,"comment_status":"open","ping_status":"open","sticky":false,"template":"","format":"standard","meta":{"_acf_changed":false,"_et_pb_use_builder":"","_et_pb_old_content":"","_et_gb_content_width":"","inline_featured_image":false,"footnotes":""},"categories":[125],"tags":[],"seus":[157],"eixos":[99],"class_list":["post-13313","post","type-post","status-publish","format-standard","has-post-thumbnail","hentry","category-noticias","seus-el-raval","eixos-infancia-y-adolescencia"],"acf":[],"yoast_head":"<!-- This site is optimized with the Yoast SEO plugin v27.4 - https:\/\/yoast.com\/product\/yoast-seo-wordpress\/ -->\n<title>Refuerzo escolar, educaci\u00f3n ambiental y m\u00fasica en CatEstiu - Casal dels Infants<\/title>\n<meta name=\"description\" content=\"Ni\u00f1os y ni\u00f1as del Raval han participado en CatEstiu, un servicio que les ofrece refuerzo escolar con el catal\u00e1n como eje transversal.\" \/>\n<meta name=\"robots\" content=\"index, follow, max-snippet:-1, max-image-preview:large, max-video-preview:-1\" \/>\n<link rel=\"canonical\" href=\"https:\/\/www.casaldelsinfants.org\/es\/actualidad\/catestiu2023cast\/\" \/>\n<meta property=\"og:locale\" content=\"es_ES\" \/>\n<meta property=\"og:type\" content=\"article\" \/>\n<meta property=\"og:title\" content=\"Refuerzo escolar, educaci\u00f3n ambiental y m\u00fasica en CatEstiu - Casal dels Infants\" \/>\n<meta property=\"og:description\" content=\"Ni\u00f1os y ni\u00f1as del Raval han participado en CatEstiu, un servicio que les ofrece refuerzo escolar con el catal\u00e1n como eje transversal.\" \/>\n<meta property=\"og:url\" content=\"https:\/\/www.casaldelsinfants.org\/es\/actualidad\/catestiu2023cast\/\" \/>\n<meta property=\"og:site_name\" content=\"Casal dels Infants\" \/>\n<meta property=\"article:publisher\" content=\"https:\/\/www.facebook.com\/casalinfants\" \/>\n<meta property=\"article:published_time\" content=\"2023-08-07T15:43:12+00:00\" \/>\n<meta property=\"article:modified_time\" content=\"2023-11-22T16:23:25+00:00\" \/>\n<meta property=\"og:image\" content=\"https:\/\/www.casaldelsinfants.org\/wp-content\/uploads\/WhatsApp-Image-2023-07-31-at-12.51.25-4-1.webp\" \/>\n\t<meta property=\"og:image:width\" content=\"1714\" \/>\n\t<meta property=\"og:image:height\" content=\"1258\" \/>\n\t<meta property=\"og:image:type\" content=\"image\/jpeg\" \/>\n<meta name=\"author\" content=\"julia\" \/>\n<meta name=\"twitter:card\" content=\"summary_large_image\" \/>\n<meta name=\"twitter:creator\" content=\"@casalinfants\" \/>\n<meta name=\"twitter:site\" content=\"@casalinfants\" \/>\n<meta name=\"twitter:label1\" content=\"Escrito por\" \/>\n\t<meta name=\"twitter:data1\" content=\"julia\" \/>\n\t<meta name=\"twitter:label2\" content=\"Tiempo de lectura\" \/>\n\t<meta name=\"twitter:data2\" content=\"3 minutos\" \/>\n<script type=\"application\/ld+json\" class=\"yoast-schema-graph\">{\"@context\":\"https:\\\/\\\/schema.org\",\"@graph\":[{\"@type\":\"Article\",\"@id\":\"https:\\\/\\\/www.casaldelsinfants.org\\\/es\\\/actualidad\\\/catestiu2023cast\\\/#article\",\"isPartOf\":{\"@id\":\"https:\\\/\\\/www.casaldelsinfants.org\\\/es\\\/actualidad\\\/catestiu2023cast\\\/\"},\"author\":{\"name\":\"julia\",\"@id\":\"https:\\\/\\\/www.casaldelsinfants.org\\\/es\\\/#\\\/schema\\\/person\\\/e870791b50f03fd60f872e1cd83910fc\"},\"headline\":\"Refuerzo escolar, educaci\u00f3n ambiental y m\u00fasica en CatEstiu\",\"datePublished\":\"2023-08-07T15:43:12+00:00\",\"dateModified\":\"2023-11-22T16:23:25+00:00\",\"mainEntityOfPage\":{\"@id\":\"https:\\\/\\\/www.casaldelsinfants.org\\\/es\\\/actualidad\\\/catestiu2023cast\\\/\"},\"wordCount\":457,\"commentCount\":0,\"publisher\":{\"@id\":\"https:\\\/\\\/www.casaldelsinfants.org\\\/es\\\/#organization\"},\"image\":{\"@id\":\"https:\\\/\\\/www.casaldelsinfants.org\\\/es\\\/actualidad\\\/catestiu2023cast\\\/#primaryimage\"},\"thumbnailUrl\":\"https:\\\/\\\/www.casaldelsinfants.org\\\/wp-content\\\/uploads\\\/WhatsApp-Image-2023-07-31-at-12.51.25-4-1.webp\",\"articleSection\":[\"Noticia\"],\"inLanguage\":\"es\",\"potentialAction\":[{\"@type\":\"CommentAction\",\"name\":\"Comment\",\"target\":[\"https:\\\/\\\/www.casaldelsinfants.org\\\/es\\\/actualidad\\\/catestiu2023cast\\\/#respond\"]}]},{\"@type\":\"WebPage\",\"@id\":\"https:\\\/\\\/www.casaldelsinfants.org\\\/es\\\/actualidad\\\/catestiu2023cast\\\/\",\"url\":\"https:\\\/\\\/www.casaldelsinfants.org\\\/es\\\/actualidad\\\/catestiu2023cast\\\/\",\"name\":\"Refuerzo escolar, educaci\u00f3n ambiental y m\u00fasica en CatEstiu - Casal dels Infants\",\"isPartOf\":{\"@id\":\"https:\\\/\\\/www.casaldelsinfants.org\\\/es\\\/#website\"},\"primaryImageOfPage\":{\"@id\":\"https:\\\/\\\/www.casaldelsinfants.org\\\/es\\\/actualidad\\\/catestiu2023cast\\\/#primaryimage\"},\"image\":{\"@id\":\"https:\\\/\\\/www.casaldelsinfants.org\\\/es\\\/actualidad\\\/catestiu2023cast\\\/#primaryimage\"},\"thumbnailUrl\":\"https:\\\/\\\/www.casaldelsinfants.org\\\/wp-content\\\/uploads\\\/WhatsApp-Image-2023-07-31-at-12.51.25-4-1.webp\",\"datePublished\":\"2023-08-07T15:43:12+00:00\",\"dateModified\":\"2023-11-22T16:23:25+00:00\",\"description\":\"Ni\u00f1os y ni\u00f1as del Raval han participado en CatEstiu, un servicio que les ofrece refuerzo escolar con el catal\u00e1n como eje transversal.\",\"breadcrumb\":{\"@id\":\"https:\\\/\\\/www.casaldelsinfants.org\\\/es\\\/actualidad\\\/catestiu2023cast\\\/#breadcrumb\"},\"inLanguage\":\"es\",\"potentialAction\":[{\"@type\":\"ReadAction\",\"target\":[\"https:\\\/\\\/www.casaldelsinfants.org\\\/es\\\/actualidad\\\/catestiu2023cast\\\/\"]}]},{\"@type\":\"ImageObject\",\"inLanguage\":\"es\",\"@id\":\"https:\\\/\\\/www.casaldelsinfants.org\\\/es\\\/actualidad\\\/catestiu2023cast\\\/#primaryimage\",\"url\":\"https:\\\/\\\/www.casaldelsinfants.org\\\/wp-content\\\/uploads\\\/WhatsApp-Image-2023-07-31-at-12.51.25-4-1.webp\",\"contentUrl\":\"https:\\\/\\\/www.casaldelsinfants.org\\\/wp-content\\\/uploads\\\/WhatsApp-Image-2023-07-31-at-12.51.25-4-1.webp\",\"width\":1714,\"height\":1258,\"caption\":\"n\"},{\"@type\":\"BreadcrumbList\",\"@id\":\"https:\\\/\\\/www.casaldelsinfants.org\\\/es\\\/actualidad\\\/catestiu2023cast\\\/#breadcrumb\",\"itemListElement\":[{\"@type\":\"ListItem\",\"position\":1,\"name\":\"Inici\",\"item\":\"https:\\\/\\\/www.casaldelsinfants.org\\\/es\\\/\"},{\"@type\":\"ListItem\",\"position\":2,\"name\":\"Refuerzo escolar, educaci\u00f3n ambiental y m\u00fasica en CatEstiu\"}]},{\"@type\":\"WebSite\",\"@id\":\"https:\\\/\\\/www.casaldelsinfants.org\\\/es\\\/#website\",\"url\":\"https:\\\/\\\/www.casaldelsinfants.org\\\/es\\\/\",\"name\":\"Casal dels Infants\",\"description\":\"\",\"publisher\":{\"@id\":\"https:\\\/\\\/www.casaldelsinfants.org\\\/es\\\/#organization\"},\"potentialAction\":[{\"@type\":\"SearchAction\",\"target\":{\"@type\":\"EntryPoint\",\"urlTemplate\":\"https:\\\/\\\/www.casaldelsinfants.org\\\/es\\\/?s={search_term_string}\"},\"query-input\":{\"@type\":\"PropertyValueSpecification\",\"valueRequired\":true,\"valueName\":\"search_term_string\"}}],\"inLanguage\":\"es\"},{\"@type\":\"Organization\",\"@id\":\"https:\\\/\\\/www.casaldelsinfants.org\\\/es\\\/#organization\",\"name\":\"Casal dels Infants\",\"url\":\"https:\\\/\\\/www.casaldelsinfants.org\\\/es\\\/\",\"logo\":{\"@type\":\"ImageObject\",\"inLanguage\":\"es\",\"@id\":\"https:\\\/\\\/www.casaldelsinfants.org\\\/es\\\/#\\\/schema\\\/logo\\\/image\\\/\",\"url\":\"https:\\\/\\\/www.casaldelsinfants.org\\\/wp-content\\\/uploads\\\/logo-mail.png\",\"contentUrl\":\"https:\\\/\\\/www.casaldelsinfants.org\\\/wp-content\\\/uploads\\\/logo-mail.png\",\"width\":380,\"height\":158,\"caption\":\"Casal dels Infants\"},\"image\":{\"@id\":\"https:\\\/\\\/www.casaldelsinfants.org\\\/es\\\/#\\\/schema\\\/logo\\\/image\\\/\"},\"sameAs\":[\"https:\\\/\\\/www.facebook.com\\\/casalinfants\",\"https:\\\/\\\/x.com\\\/casalinfants\",\"https:\\\/\\\/www.youtube.com\\\/user\\\/CasaldelsInfants1\",\"https:\\\/\\\/www.instagram.com\\\/casalinfants\\\/\",\"https:\\\/\\\/www.linkedin.com\\\/company\\\/casaldelsinfants?trk=organization-update_share-update_actor-text\"]},{\"@type\":\"Person\",\"@id\":\"https:\\\/\\\/www.casaldelsinfants.org\\\/es\\\/#\\\/schema\\\/person\\\/e870791b50f03fd60f872e1cd83910fc\",\"name\":\"julia\"}]}<\/script>\n<!-- \/ Yoast SEO plugin. -->","yoast_head_json":{"title":"Refuerzo escolar, educaci\u00f3n ambiental y m\u00fasica en CatEstiu - Casal dels Infants","description":"Ni\u00f1os y ni\u00f1as del Raval han participado en CatEstiu, un servicio que les ofrece refuerzo escolar con el catal\u00e1n como eje transversal.","robots":{"index":"index","follow":"follow","max-snippet":"max-snippet:-1","max-image-preview":"max-image-preview:large","max-video-preview":"max-video-preview:-1"},"canonical":"https:\/\/www.casaldelsinfants.org\/es\/actualidad\/catestiu2023cast\/","og_locale":"es_ES","og_type":"article","og_title":"Refuerzo escolar, educaci\u00f3n ambiental y m\u00fasica en CatEstiu - Casal dels Infants","og_description":"Ni\u00f1os y ni\u00f1as del Raval han participado en CatEstiu, un servicio que les ofrece refuerzo escolar con el catal\u00e1n como eje transversal.","og_url":"https:\/\/www.casaldelsinfants.org\/es\/actualidad\/catestiu2023cast\/","og_site_name":"Casal dels Infants","article_publisher":"https:\/\/www.facebook.com\/casalinfants","article_published_time":"2023-08-07T15:43:12+00:00","article_modified_time":"2023-11-22T16:23:25+00:00","og_image":[{"width":1714,"height":1258,"url":"https:\/\/www.casaldelsinfants.org\/wp-content\/uploads\/WhatsApp-Image-2023-07-31-at-12.51.25-4-1.webp","type":"image\/jpeg"}],"author":"julia","twitter_card":"summary_large_image","twitter_creator":"@casalinfants","twitter_site":"@casalinfants","twitter_misc":{"Escrito por":"julia","Tiempo de lectura":"3 minutos"},"schema":{"@context":"https:\/\/schema.org","@graph":[{"@type":"Article","@id":"https:\/\/www.casaldelsinfants.org\/es\/actualidad\/catestiu2023cast\/#article","isPartOf":{"@id":"https:\/\/www.casaldelsinfants.org\/es\/actualidad\/catestiu2023cast\/"},"author":{"name":"julia","@id":"https:\/\/www.casaldelsinfants.org\/es\/#\/schema\/person\/e870791b50f03fd60f872e1cd83910fc"},"headline":"Refuerzo escolar, educaci\u00f3n ambiental y m\u00fasica en CatEstiu","datePublished":"2023-08-07T15:43:12+00:00","dateModified":"2023-11-22T16:23:25+00:00","mainEntityOfPage":{"@id":"https:\/\/www.casaldelsinfants.org\/es\/actualidad\/catestiu2023cast\/"},"wordCount":457,"commentCount":0,"publisher":{"@id":"https:\/\/www.casaldelsinfants.org\/es\/#organization"},"image":{"@id":"https:\/\/www.casaldelsinfants.org\/es\/actualidad\/catestiu2023cast\/#primaryimage"},"thumbnailUrl":"https:\/\/www.casaldelsinfants.org\/wp-content\/uploads\/WhatsApp-Image-2023-07-31-at-12.51.25-4-1.webp","articleSection":["Noticia"],"inLanguage":"es","potentialAction":[{"@type":"CommentAction","name":"Comment","target":["https:\/\/www.casaldelsinfants.org\/es\/actualidad\/catestiu2023cast\/#respond"]}]},{"@type":"WebPage","@id":"https:\/\/www.casaldelsinfants.org\/es\/actualidad\/catestiu2023cast\/","url":"https:\/\/www.casaldelsinfants.org\/es\/actualidad\/catestiu2023cast\/","name":"Refuerzo escolar, educaci\u00f3n ambiental y m\u00fasica en CatEstiu - Casal dels Infants","isPartOf":{"@id":"https:\/\/www.casaldelsinfants.org\/es\/#website"},"primaryImageOfPage":{"@id":"https:\/\/www.casaldelsinfants.org\/es\/actualidad\/catestiu2023cast\/#primaryimage"},"image":{"@id":"https:\/\/www.casaldelsinfants.org\/es\/actualidad\/catestiu2023cast\/#primaryimage"},"thumbnailUrl":"https:\/\/www.casaldelsinfants.org\/wp-content\/uploads\/WhatsApp-Image-2023-07-31-at-12.51.25-4-1.webp","datePublished":"2023-08-07T15:43:12+00:00","dateModified":"2023-11-22T16:23:25+00:00","description":"Ni\u00f1os y ni\u00f1as del Raval han participado en CatEstiu, un servicio que les ofrece refuerzo escolar con el catal\u00e1n como eje transversal.","breadcrumb":{"@id":"https:\/\/www.casaldelsinfants.org\/es\/actualidad\/catestiu2023cast\/#breadcrumb"},"inLanguage":"es","potentialAction":[{"@type":"ReadAction","target":["https:\/\/www.casaldelsinfants.org\/es\/actualidad\/catestiu2023cast\/"]}]},{"@type":"ImageObject","inLanguage":"es","@id":"https:\/\/www.casaldelsinfants.org\/es\/actualidad\/catestiu2023cast\/#primaryimage","url":"https:\/\/www.casaldelsinfants.org\/wp-content\/uploads\/WhatsApp-Image-2023-07-31-at-12.51.25-4-1.webp","contentUrl":"https:\/\/www.casaldelsinfants.org\/wp-content\/uploads\/WhatsApp-Image-2023-07-31-at-12.51.25-4-1.webp","width":1714,"height":1258,"caption":"n"},{"@type":"BreadcrumbList","@id":"https:\/\/www.casaldelsinfants.org\/es\/actualidad\/catestiu2023cast\/#breadcrumb","itemListElement":[{"@type":"ListItem","position":1,"name":"Inici","item":"https:\/\/www.casaldelsinfants.org\/es\/"},{"@type":"ListItem","position":2,"name":"Refuerzo escolar, educaci\u00f3n ambiental y m\u00fasica en CatEstiu"}]},{"@type":"WebSite","@id":"https:\/\/www.casaldelsinfants.org\/es\/#website","url":"https:\/\/www.casaldelsinfants.org\/es\/","name":"Casal dels Infants","description":"","publisher":{"@id":"https:\/\/www.casaldelsinfants.org\/es\/#organization"},"potentialAction":[{"@type":"SearchAction","target":{"@type":"EntryPoint","urlTemplate":"https:\/\/www.casaldelsinfants.org\/es\/?s={search_term_string}"},"query-input":{"@type":"PropertyValueSpecification","valueRequired":true,"valueName":"search_term_string"}}],"inLanguage":"es"},{"@type":"Organization","@id":"https:\/\/www.casaldelsinfants.org\/es\/#organization","name":"Casal dels Infants","url":"https:\/\/www.casaldelsinfants.org\/es\/","logo":{"@type":"ImageObject","inLanguage":"es","@id":"https:\/\/www.casaldelsinfants.org\/es\/#\/schema\/logo\/image\/","url":"https:\/\/www.casaldelsinfants.org\/wp-content\/uploads\/logo-mail.png","contentUrl":"https:\/\/www.casaldelsinfants.org\/wp-content\/uploads\/logo-mail.png","width":380,"height":158,"caption":"Casal dels Infants"},"image":{"@id":"https:\/\/www.casaldelsinfants.org\/es\/#\/schema\/logo\/image\/"},"sameAs":["https:\/\/www.facebook.com\/casalinfants","https:\/\/x.com\/casalinfants","https:\/\/www.youtube.com\/user\/CasaldelsInfants1","https:\/\/www.instagram.com\/casalinfants\/","https:\/\/www.linkedin.com\/company\/casaldelsinfants?trk=organization-update_share-update_actor-text"]},{"@type":"Person","@id":"https:\/\/www.casaldelsinfants.org\/es\/#\/schema\/person\/e870791b50f03fd60f872e1cd83910fc","name":"julia"}]}},"publishpress_future_action":{"enabled":false,"date":"2026-05-08 12:21:21","action":"change-status","newStatus":"draft","terms":[],"taxonomy":"category","extraData":[]},"publishpress_future_workflow_manual_trigger":{"enabledWorkflows":[]},"_links":{"self":[{"href":"https:\/\/www.casaldelsinfants.org\/es\/wp-json\/wp\/v2\/posts\/13313","targetHints":{"allow":["GET"]}}],"collection":[{"href":"https:\/\/www.casaldelsinfants.org\/es\/wp-json\/wp\/v2\/posts"}],"about":[{"href":"https:\/\/www.casaldelsinfants.org\/es\/wp-json\/wp\/v2\/types\/post"}],"author":[{"embeddable":true,"href":"https:\/\/www.casaldelsinfants.org\/es\/wp-json\/wp\/v2\/users\/9"}],"replies":[{"embeddable":true,"href":"https:\/\/www.casaldelsinfants.org\/es\/wp-json\/wp\/v2\/comments?post=13313"}],"version-history":[{"count":5,"href":"https:\/\/www.casaldelsinfants.org\/es\/wp-json\/wp\/v2\/posts\/13313\/revisions"}],"predecessor-version":[{"id":16009,"href":"https:\/\/www.casaldelsinfants.org\/es\/wp-json\/wp\/v2\/posts\/13313\/revisions\/16009"}],"wp:featuredmedia":[{"embeddable":true,"href":"https:\/\/www.casaldelsinfants.org\/es\/wp-json\/wp\/v2\/media\/13311"}],"wp:attachment":[{"href":"https:\/\/www.casaldelsinfants.org\/es\/wp-json\/wp\/v2\/media?parent=13313"}],"wp:term":[{"taxonomy":"category","embeddable":true,"href":"https:\/\/www.casaldelsinfants.org\/es\/wp-json\/wp\/v2\/categories?post=13313"},{"taxonomy":"post_tag","embeddable":true,"href":"https:\/\/www.casaldelsinfants.org\/es\/wp-json\/wp\/v2\/tags?post=13313"},{"taxonomy":"seus","embeddable":true,"href":"https:\/\/www.casaldelsinfants.org\/es\/wp-json\/wp\/v2\/seus?post=13313"},{"taxonomy":"eixos","embeddable":true,"href":"https:\/\/www.casaldelsinfants.org\/es\/wp-json\/wp\/v2\/eixos?post=13313"}],"curies":[{"name":"wp","href":"https:\/\/api.w.org\/{rel}","templated":true}]}}