{"id":13327,"date":"2023-08-08T13:18:54","date_gmt":"2023-08-08T11:18:54","guid":{"rendered":"https:\/\/www.casaldelsinfants.org\/?p=13327"},"modified":"2023-08-08T13:22:35","modified_gmt":"2023-08-08T11:22:35","slug":"entrevistakevincast","status":"publish","type":"post","link":"https:\/\/www.casaldelsinfants.org\/es\/actualidad\/entrevistakevincast\/","title":{"rendered":"Kevin Tarrega: \u00abVenir al Casal me ha dado una visi\u00f3n m\u00e1s social de mi alrededor\u00bb"},"content":{"rendered":"<p><iframe loading=\"lazy\" title=\"Kevin Tarrega: &quot;Venir al Casal me ha dado una visi\u00f3n m\u00e1s social de mi alrededor&quot;\" width=\"1080\" height=\"608\" src=\"https:\/\/www.youtube.com\/embed\/je1DOrpZg4s?feature=oembed&#038;enablejsapi=1&#038;origin=https:\/\/www.casaldelsinfants.org\"  allow=\"accelerometer; autoplay; clipboard-write; encrypted-media; gyroscope; picture-in-picture; web-share\" allowfullscreen><\/iframe><\/p>\n<p>&nbsp;<\/p>\n<p><span style=\"font-weight: 400;\">Al entrar en la escuela Mil\u00e0 i Fontanals, en el barrio del Raval de Barcelona, los ni\u00f1os y ni\u00f1as que participan en el <span style=\"text-decoration: underline;\"><a href=\"https:\/\/www.casaldelsinfants.org\/actualitat\/casalestiu2023\/\" target=\"_blank\" rel=\"noopener\">Casal de verano<\/a><\/span> est\u00e1n dispersos por los diferentes espacios que esta escuela ofrece en acoger las actividades de verano del <strong>Casal dels Infants en el barrio del Raval<\/strong>. La mayor\u00eda de ni\u00f1os y ni\u00f1as est\u00e1n en el patio, repartidos por los trozos ba\u00f1ados de sombra en este d\u00eda soleado de agosto. Un grupo m\u00e1s peque\u00f1o est\u00e1 dentro, en el gimnasio, decorando un futbol\u00edn y, despu\u00e9s, improvisando un partido de futbol a escala real.\u00a0<\/span><\/p>\n<p>En este \u00faltimo grupo se encuentra Kevin Tarrega, auxiliar educativo y velador, con el ni\u00f1o que acompa\u00f1a y otros. <strong>Despu\u00e9s de hacer voluntariado dos veranos seguidos, Kevin est\u00e1 trabajando como contratado en el Casal, pero hace a\u00f1os que forma parte de \u00e9l<\/strong>: desde los 6 a\u00f1os que participa en el Casal dels Infants en el barrio del Raval. Tiene dos hermanos, de 5 y 14 a\u00f1os, tambi\u00e9n vinculados al Casal en el Centro Abierto Infantil (COI) y el Adolescente (COA).<\/p>\n<p>&nbsp;<\/p>\n<p><span style=\"color: #00664f;\"><b>\u00bfQu\u00e9 recuerdo tienes del Casal dels Infants?<\/b><\/span><\/p>\n<p><span style=\"font-weight: 400;\">Me acuerdo del Casal de verano, cuando iba a Petits, a Mitjans, yo ven\u00eda a esta escuela y me gustaba much\u00edsimo ir al gimnasio a jugar al &#8216;mata conills&#8217;. Tambi\u00e9n me acuerdo de jugar aqu\u00ed, a pesar que no hab\u00eda esta pista. Me acuerdo que no quer\u00eda irme nunca de colonias por el trayecto, porque me mareaba y vomitaba, no me gustaba nada. Pero, despu\u00e9s, cuando llegaba, me lo pasaba genial. Durante el curso tambi\u00e9n ven\u00eda, <strong>me gustaba much\u00edsimo venir al Casal<\/strong>.<\/span><\/p>\n<p>El Casal me ha ayudado much\u00edsimo a estructurar mis problemas como ni\u00f1o. Quiz\u00f1as era que un l\u00e1piz se me hab\u00eda roto en la escuela, pero que el Casal estuviera all\u00ed y me dijera que no pasava nada, ya era suficiente. Y lo agradezco much\u00edsimo, porque a\u00fan que no hubiera sido un problema a los ojos de una persona adulta, como ni\u00f1o lo valoraba mucho. Y que <strong>el Casal tenga esta visi\u00f3n que los problemas que tiene el ni\u00f1o son importantes, se agradece<\/strong>.<\/p>\n<blockquote><p>\u00abQue el Casal tenga esta visi\u00f3n que los problemas que tiene el ni\u00f1o son importantes, se agradece\u00bb.<\/p><\/blockquote>\n<p>&nbsp;<\/p>\n<p><span style=\"color: #00664f;\"><b>\u00bfPor qu\u00e9 decidiste hacer voluntariado en el Casal?\u00a0<\/b><\/span><\/p>\n<p><span style=\"font-weight: 400;\">Cuando hice voluntariado, estaba de participante en Joves. Necesitaban un voluntario de urgencia para ir de colonias por una baja, y dije que s\u00ed sin dudarlo porque antes de acabar el Casal Jove ya sab\u00eda que quer\u00eda trabajar con el Casal. Fue una puerta que se abri\u00f3 y la aprovech\u00e9. El verano siguiente hice de voluntario para ir de colonias a Avi\u00e0 durante cinco d\u00edas, y me lo pas\u00e9 muy bien.<\/span><\/p>\n<p>&nbsp;<\/p>\n<p><span style=\"color: #00664f;\"><b>\u00bfC\u00f3mo es pasar de ser un ni\u00f1o a un referente?\u00a0<\/b><\/span><\/p>\n<p><span style=\"font-weight: 400;\">La diferencia de pasar a ser participante a un monitor y referente es <strong>la responsabilidad, saber poner l\u00edmites<\/strong>. Cuando eres un ni\u00f1o no pones l\u00edmites, pero como referente los tienes que poner para que no te falten al respeto. El ni\u00f1o viene a pas\u00e1rselo bien, y como monitor tambi\u00e9n, pero tambi\u00e9n vienes a trabajar.\u00a0<\/span><\/p>\n<p>Ahora estoy trabajando con Anna Solanas, que es la educadora responsable de COI Raval, y tambi\u00e9n la tuve de referente en COA en su primer a\u00f1o de intervenci\u00f3n. Tenerla como compa\u00f1era de trabajo es mucho m\u00e1s f\u00e1cil que si la tuviera de conocer ahora, porque ya s\u00e9 como es trabajar con ella, a\u00fan que no lo hubi\u00e9ramos hecho antes. Hay una comunicaci\u00f3n m\u00e1s cercana, y hay recuerdos compartidos que te remueven a veces.<\/p>\n<p>&nbsp;<\/p>\n<p><img decoding=\"async\" class=\" wp-image-13324 aligncenter\" src=\"https:\/\/www.casaldelsinfants.org\/wp-content\/uploads\/P1350076.MP4.00_00_11_48.Imagen-fija001-1.webp\" alt=\"Kevin i infants\" width=\"1049\" height=\"600\" srcset=\"https:\/\/www.casaldelsinfants.org\/wp-content\/uploads\/P1350076.MP4.00_00_11_48.Imagen-fija001-1-980x561.webp 980w, https:\/\/www.casaldelsinfants.org\/wp-content\/uploads\/P1350076.MP4.00_00_11_48.Imagen-fija001-1-480x275.webp 480w\" sizes=\"(min-width: 0px) and (max-width: 480px) 480px, (min-width: 481px) and (max-width: 980px) 980px, (min-width: 981px) 1049px, 100vw\" \/><\/p>\n<p>&nbsp;<\/p>\n<p><span style=\"color: #00664f;\"><b>\u00bfEn qu\u00e9 consiste tu rol de velador en el Casal de verano?\u00a0<\/b><\/span><\/p>\n<p><span style=\"font-weight: 400;\">Estoy trabajando de <strong>auxiliar educativo<\/strong>, y m\u00e1s concretamente de <strong>velador<\/strong> de un ni\u00f1o. Trabajar de velador consiste en estar todo el rato o gran parte del tiempo con el ni\u00f1o que tienes asignado. Esto funciona de manera que si el ni\u00f1o no quiere ir a comer con el grupo, tienes que estar con \u00e9l intentando que vaya con el grupo y si no quiere, estar con \u00e9l para que no se haga da\u00f1o y no le pase nada. Es cubrir sus necesidades. Lo acompa\u00f1as, es un <strong>acompa\u00f1amiento constante<\/strong>.\u00a0<\/span><\/p>\n<p>Un ni\u00f1o puede necesitar un acompa\u00f1amiento m\u00e1s individualizado a diferencia del resto del grupo, porque tendr\u00e1 diferentes necesidades especiales educativas o un diagnostico. Y por este diagn\u00f3stico o esta necesidad especial educativa no quiere decir que no pueda hacer el Casal de verano, entonces, hace el Casal de verano con un velador.<\/p>\n<p>&nbsp;<\/p>\n<p><span style=\"color: #00664f;\"><b>\u00bfC\u00f3mo supiste que te quer\u00edas dedicar al \u00e1mbito social?\u00a0<\/b><\/span><\/p>\n<p><span style=\"font-weight: 400;\">Venir al Casal me ha dado una <strong>visi\u00f3n m\u00e1s social<\/strong> de mi entorno. El hecho de estar aqu\u00ed y ver como trabajan me ha inculcado una visi\u00f3n m\u00e1s social. De hecho, hice el grado medio de Atenci\u00f3n a personas con sociodependencia porque quer\u00eda hacer Integraci\u00f3n Social, y lo supe gracias al Centro Abierto Adolescente. Una tarde hablando y haciendo los deberes, pens\u00e9 \u00abquiz\u00e1s quiero hacer Integraci\u00f3n y trabajar en el Centro Abierto\u00bb. Y as\u00ed fue, me saqu\u00e9 la ESO, hice el grado medio, este a\u00f1o he empezado Integraci\u00f3n Social y me queda otro. Durante las Navidades del a\u00f1o pasado, hice un curso intensivo de monitor de tiempo libre. Estoy haciendo las pr\u00e1cticas mientras estoy trabajando aqu\u00ed para sacarme el t\u00edtulo.\u00a0<\/span><\/p>\n<p>&nbsp;<\/p>\n<p><span style=\"color: #00664f;\"><b>\u00bfQu\u00e9 planes tienes para m\u00e1s adelante?<\/b><\/span><\/p>\n<p><span style=\"font-weight: 400;\">Ahora estoy haciendo Integraci\u00f3n Social, y tambi\u00e9n querr\u00eda hacer Educaci\u00f3n Social. <strong>Me quiero centrar en mis estudios para ir a la universidad<\/strong>, y el verano que viene volver a trabajar con el Casal dels Infants, si se puede. <\/span><\/p>\n<p>&nbsp;<\/p>\n","protected":false},"excerpt":{"rendered":"<p>&nbsp; Al entrar en la escuela Mil\u00e0 i Fontanals, en el barrio del Raval de Barcelona, los ni\u00f1os y ni\u00f1as que participan en el Casal de verano est\u00e1n dispersos por los diferentes espacios que esta escuela ofrece en acoger las actividades de verano del Casal dels Infants en el barrio del Raval. La mayor\u00eda de [&hellip;]<\/p>\n","protected":false},"author":9,"featured_media":0,"comment_status":"open","ping_status":"open","sticky":false,"template":"","format":"standard","meta":{"_acf_changed":false,"_et_pb_use_builder":"","_et_pb_old_content":"","_et_gb_content_width":"","inline_featured_image":false,"footnotes":""},"categories":[127],"tags":[],"seus":[157],"eixos":[102],"class_list":["post-13327","post","type-post","status-publish","format-standard","hentry","category-entrevista","seus-el-raval","eixos-jovenes"],"acf":[],"yoast_head":"<!-- This site is optimized with the Yoast SEO plugin v27.4 - https:\/\/yoast.com\/product\/yoast-seo-wordpress\/ -->\n<title>Entrevista Kevin Tarrega, ex participante y auxiliar educativo - Casal dels Infants<\/title>\n<meta name=\"description\" content=\"Entrevista a Kevin Tarrega, ex participante del Casal dels Infants en el Raval y ahora auxiliar educativo y velador en el Casal de verano.\" \/>\n<meta name=\"robots\" content=\"index, follow, max-snippet:-1, max-image-preview:large, max-video-preview:-1\" \/>\n<link rel=\"canonical\" href=\"https:\/\/www.casaldelsinfants.org\/es\/actualidad\/entrevistakevincast\/\" \/>\n<meta property=\"og:locale\" content=\"es_ES\" \/>\n<meta property=\"og:type\" content=\"article\" \/>\n<meta property=\"og:title\" content=\"Entrevista Kevin Tarrega, ex participante y auxiliar educativo - Casal dels Infants\" \/>\n<meta property=\"og:description\" content=\"Entrevista a Kevin Tarrega, ex participante del Casal dels Infants en el Raval y ahora auxiliar educativo y velador en el Casal de verano.\" \/>\n<meta property=\"og:url\" content=\"https:\/\/www.casaldelsinfants.org\/es\/actualidad\/entrevistakevincast\/\" \/>\n<meta property=\"og:site_name\" content=\"Casal dels Infants\" \/>\n<meta property=\"article:publisher\" content=\"https:\/\/www.facebook.com\/casalinfants\" \/>\n<meta property=\"article:published_time\" content=\"2023-08-08T11:18:54+00:00\" \/>\n<meta property=\"article:modified_time\" content=\"2023-08-08T11:22:35+00:00\" \/>\n<meta property=\"og:image\" content=\"https:\/\/www.casaldelsinfants.org\/wp-content\/uploads\/P1350076.MP4.00_00_11_48.Imagen-fija001-1.webp\" \/>\n<meta name=\"author\" content=\"julia\" \/>\n<meta name=\"twitter:card\" content=\"summary_large_image\" \/>\n<meta name=\"twitter:creator\" content=\"@casalinfants\" \/>\n<meta name=\"twitter:site\" content=\"@casalinfants\" \/>\n<meta name=\"twitter:label1\" content=\"Escrito por\" \/>\n\t<meta name=\"twitter:data1\" content=\"julia\" \/>\n\t<meta name=\"twitter:label2\" content=\"Tiempo de lectura\" \/>\n\t<meta name=\"twitter:data2\" content=\"5 minutos\" \/>\n<script type=\"application\/ld+json\" class=\"yoast-schema-graph\">{\"@context\":\"https:\\\/\\\/schema.org\",\"@graph\":[{\"@type\":\"Article\",\"@id\":\"https:\\\/\\\/www.casaldelsinfants.org\\\/es\\\/actualidad\\\/entrevistakevincast\\\/#article\",\"isPartOf\":{\"@id\":\"https:\\\/\\\/www.casaldelsinfants.org\\\/es\\\/actualidad\\\/entrevistakevincast\\\/\"},\"author\":{\"name\":\"julia\",\"@id\":\"https:\\\/\\\/www.casaldelsinfants.org\\\/es\\\/#\\\/schema\\\/person\\\/e870791b50f03fd60f872e1cd83910fc\"},\"headline\":\"Kevin Tarrega: \u00abVenir al Casal me ha dado una visi\u00f3n m\u00e1s social de mi alrededor\u00bb\",\"datePublished\":\"2023-08-08T11:18:54+00:00\",\"dateModified\":\"2023-08-08T11:22:35+00:00\",\"mainEntityOfPage\":{\"@id\":\"https:\\\/\\\/www.casaldelsinfants.org\\\/es\\\/actualidad\\\/entrevistakevincast\\\/\"},\"wordCount\":1031,\"commentCount\":0,\"publisher\":{\"@id\":\"https:\\\/\\\/www.casaldelsinfants.org\\\/es\\\/#organization\"},\"image\":{\"@id\":\"https:\\\/\\\/www.casaldelsinfants.org\\\/es\\\/actualidad\\\/entrevistakevincast\\\/#primaryimage\"},\"thumbnailUrl\":\"https:\\\/\\\/www.casaldelsinfants.org\\\/wp-content\\\/uploads\\\/P1350076.MP4.00_00_11_48.Imagen-fija001-1.webp\",\"articleSection\":[\"Entrevista\"],\"inLanguage\":\"es\",\"potentialAction\":[{\"@type\":\"CommentAction\",\"name\":\"Comment\",\"target\":[\"https:\\\/\\\/www.casaldelsinfants.org\\\/es\\\/actualidad\\\/entrevistakevincast\\\/#respond\"]}]},{\"@type\":\"WebPage\",\"@id\":\"https:\\\/\\\/www.casaldelsinfants.org\\\/es\\\/actualidad\\\/entrevistakevincast\\\/\",\"url\":\"https:\\\/\\\/www.casaldelsinfants.org\\\/es\\\/actualidad\\\/entrevistakevincast\\\/\",\"name\":\"Entrevista Kevin Tarrega, ex participante y auxiliar educativo - Casal dels Infants\",\"isPartOf\":{\"@id\":\"https:\\\/\\\/www.casaldelsinfants.org\\\/es\\\/#website\"},\"primaryImageOfPage\":{\"@id\":\"https:\\\/\\\/www.casaldelsinfants.org\\\/es\\\/actualidad\\\/entrevistakevincast\\\/#primaryimage\"},\"image\":{\"@id\":\"https:\\\/\\\/www.casaldelsinfants.org\\\/es\\\/actualidad\\\/entrevistakevincast\\\/#primaryimage\"},\"thumbnailUrl\":\"https:\\\/\\\/www.casaldelsinfants.org\\\/wp-content\\\/uploads\\\/P1350076.MP4.00_00_11_48.Imagen-fija001-1.webp\",\"datePublished\":\"2023-08-08T11:18:54+00:00\",\"dateModified\":\"2023-08-08T11:22:35+00:00\",\"description\":\"Entrevista a Kevin Tarrega, ex participante del Casal dels Infants en el Raval y ahora auxiliar educativo y velador en el Casal de verano.\",\"breadcrumb\":{\"@id\":\"https:\\\/\\\/www.casaldelsinfants.org\\\/es\\\/actualidad\\\/entrevistakevincast\\\/#breadcrumb\"},\"inLanguage\":\"es\",\"potentialAction\":[{\"@type\":\"ReadAction\",\"target\":[\"https:\\\/\\\/www.casaldelsinfants.org\\\/es\\\/actualidad\\\/entrevistakevincast\\\/\"]}]},{\"@type\":\"ImageObject\",\"inLanguage\":\"es\",\"@id\":\"https:\\\/\\\/www.casaldelsinfants.org\\\/es\\\/actualidad\\\/entrevistakevincast\\\/#primaryimage\",\"url\":\"https:\\\/\\\/www.casaldelsinfants.org\\\/wp-content\\\/uploads\\\/P1350076.MP4.00_00_11_48.Imagen-fija001-1.webp\",\"contentUrl\":\"https:\\\/\\\/www.casaldelsinfants.org\\\/wp-content\\\/uploads\\\/P1350076.MP4.00_00_11_48.Imagen-fija001-1.webp\"},{\"@type\":\"BreadcrumbList\",\"@id\":\"https:\\\/\\\/www.casaldelsinfants.org\\\/es\\\/actualidad\\\/entrevistakevincast\\\/#breadcrumb\",\"itemListElement\":[{\"@type\":\"ListItem\",\"position\":1,\"name\":\"Inici\",\"item\":\"https:\\\/\\\/www.casaldelsinfants.org\\\/es\\\/\"},{\"@type\":\"ListItem\",\"position\":2,\"name\":\"Kevin Tarrega: &#8220;Venir al Casal me ha dado una visi\u00f3n m\u00e1s social de mi alrededor&#8221;\"}]},{\"@type\":\"WebSite\",\"@id\":\"https:\\\/\\\/www.casaldelsinfants.org\\\/es\\\/#website\",\"url\":\"https:\\\/\\\/www.casaldelsinfants.org\\\/es\\\/\",\"name\":\"Casal dels Infants\",\"description\":\"\",\"publisher\":{\"@id\":\"https:\\\/\\\/www.casaldelsinfants.org\\\/es\\\/#organization\"},\"potentialAction\":[{\"@type\":\"SearchAction\",\"target\":{\"@type\":\"EntryPoint\",\"urlTemplate\":\"https:\\\/\\\/www.casaldelsinfants.org\\\/es\\\/?s={search_term_string}\"},\"query-input\":{\"@type\":\"PropertyValueSpecification\",\"valueRequired\":true,\"valueName\":\"search_term_string\"}}],\"inLanguage\":\"es\"},{\"@type\":\"Organization\",\"@id\":\"https:\\\/\\\/www.casaldelsinfants.org\\\/es\\\/#organization\",\"name\":\"Casal dels Infants\",\"url\":\"https:\\\/\\\/www.casaldelsinfants.org\\\/es\\\/\",\"logo\":{\"@type\":\"ImageObject\",\"inLanguage\":\"es\",\"@id\":\"https:\\\/\\\/www.casaldelsinfants.org\\\/es\\\/#\\\/schema\\\/logo\\\/image\\\/\",\"url\":\"https:\\\/\\\/www.casaldelsinfants.org\\\/wp-content\\\/uploads\\\/logo-mail.png\",\"contentUrl\":\"https:\\\/\\\/www.casaldelsinfants.org\\\/wp-content\\\/uploads\\\/logo-mail.png\",\"width\":380,\"height\":158,\"caption\":\"Casal dels Infants\"},\"image\":{\"@id\":\"https:\\\/\\\/www.casaldelsinfants.org\\\/es\\\/#\\\/schema\\\/logo\\\/image\\\/\"},\"sameAs\":[\"https:\\\/\\\/www.facebook.com\\\/casalinfants\",\"https:\\\/\\\/x.com\\\/casalinfants\",\"https:\\\/\\\/www.youtube.com\\\/user\\\/CasaldelsInfants1\",\"https:\\\/\\\/www.instagram.com\\\/casalinfants\\\/\",\"https:\\\/\\\/www.linkedin.com\\\/company\\\/casaldelsinfants?trk=organization-update_share-update_actor-text\"]},{\"@type\":\"Person\",\"@id\":\"https:\\\/\\\/www.casaldelsinfants.org\\\/es\\\/#\\\/schema\\\/person\\\/e870791b50f03fd60f872e1cd83910fc\",\"name\":\"julia\"}]}<\/script>\n<!-- \/ Yoast SEO plugin. -->","yoast_head_json":{"title":"Entrevista Kevin Tarrega, ex participante y auxiliar educativo - Casal dels Infants","description":"Entrevista a Kevin Tarrega, ex participante del Casal dels Infants en el Raval y ahora auxiliar educativo y velador en el Casal de verano.","robots":{"index":"index","follow":"follow","max-snippet":"max-snippet:-1","max-image-preview":"max-image-preview:large","max-video-preview":"max-video-preview:-1"},"canonical":"https:\/\/www.casaldelsinfants.org\/es\/actualidad\/entrevistakevincast\/","og_locale":"es_ES","og_type":"article","og_title":"Entrevista Kevin Tarrega, ex participante y auxiliar educativo - Casal dels Infants","og_description":"Entrevista a Kevin Tarrega, ex participante del Casal dels Infants en el Raval y ahora auxiliar educativo y velador en el Casal de verano.","og_url":"https:\/\/www.casaldelsinfants.org\/es\/actualidad\/entrevistakevincast\/","og_site_name":"Casal dels Infants","article_publisher":"https:\/\/www.facebook.com\/casalinfants","article_published_time":"2023-08-08T11:18:54+00:00","article_modified_time":"2023-08-08T11:22:35+00:00","og_image":[{"url":"https:\/\/www.casaldelsinfants.org\/wp-content\/uploads\/P1350076.MP4.00_00_11_48.Imagen-fija001-1.webp","type":"","width":"","height":""}],"author":"julia","twitter_card":"summary_large_image","twitter_creator":"@casalinfants","twitter_site":"@casalinfants","twitter_misc":{"Escrito por":"julia","Tiempo de lectura":"5 minutos"},"schema":{"@context":"https:\/\/schema.org","@graph":[{"@type":"Article","@id":"https:\/\/www.casaldelsinfants.org\/es\/actualidad\/entrevistakevincast\/#article","isPartOf":{"@id":"https:\/\/www.casaldelsinfants.org\/es\/actualidad\/entrevistakevincast\/"},"author":{"name":"julia","@id":"https:\/\/www.casaldelsinfants.org\/es\/#\/schema\/person\/e870791b50f03fd60f872e1cd83910fc"},"headline":"Kevin Tarrega: \u00abVenir al Casal me ha dado una visi\u00f3n m\u00e1s social de mi alrededor\u00bb","datePublished":"2023-08-08T11:18:54+00:00","dateModified":"2023-08-08T11:22:35+00:00","mainEntityOfPage":{"@id":"https:\/\/www.casaldelsinfants.org\/es\/actualidad\/entrevistakevincast\/"},"wordCount":1031,"commentCount":0,"publisher":{"@id":"https:\/\/www.casaldelsinfants.org\/es\/#organization"},"image":{"@id":"https:\/\/www.casaldelsinfants.org\/es\/actualidad\/entrevistakevincast\/#primaryimage"},"thumbnailUrl":"https:\/\/www.casaldelsinfants.org\/wp-content\/uploads\/P1350076.MP4.00_00_11_48.Imagen-fija001-1.webp","articleSection":["Entrevista"],"inLanguage":"es","potentialAction":[{"@type":"CommentAction","name":"Comment","target":["https:\/\/www.casaldelsinfants.org\/es\/actualidad\/entrevistakevincast\/#respond"]}]},{"@type":"WebPage","@id":"https:\/\/www.casaldelsinfants.org\/es\/actualidad\/entrevistakevincast\/","url":"https:\/\/www.casaldelsinfants.org\/es\/actualidad\/entrevistakevincast\/","name":"Entrevista Kevin Tarrega, ex participante y auxiliar educativo - Casal dels Infants","isPartOf":{"@id":"https:\/\/www.casaldelsinfants.org\/es\/#website"},"primaryImageOfPage":{"@id":"https:\/\/www.casaldelsinfants.org\/es\/actualidad\/entrevistakevincast\/#primaryimage"},"image":{"@id":"https:\/\/www.casaldelsinfants.org\/es\/actualidad\/entrevistakevincast\/#primaryimage"},"thumbnailUrl":"https:\/\/www.casaldelsinfants.org\/wp-content\/uploads\/P1350076.MP4.00_00_11_48.Imagen-fija001-1.webp","datePublished":"2023-08-08T11:18:54+00:00","dateModified":"2023-08-08T11:22:35+00:00","description":"Entrevista a Kevin Tarrega, ex participante del Casal dels Infants en el Raval y ahora auxiliar educativo y velador en el Casal de verano.","breadcrumb":{"@id":"https:\/\/www.casaldelsinfants.org\/es\/actualidad\/entrevistakevincast\/#breadcrumb"},"inLanguage":"es","potentialAction":[{"@type":"ReadAction","target":["https:\/\/www.casaldelsinfants.org\/es\/actualidad\/entrevistakevincast\/"]}]},{"@type":"ImageObject","inLanguage":"es","@id":"https:\/\/www.casaldelsinfants.org\/es\/actualidad\/entrevistakevincast\/#primaryimage","url":"https:\/\/www.casaldelsinfants.org\/wp-content\/uploads\/P1350076.MP4.00_00_11_48.Imagen-fija001-1.webp","contentUrl":"https:\/\/www.casaldelsinfants.org\/wp-content\/uploads\/P1350076.MP4.00_00_11_48.Imagen-fija001-1.webp"},{"@type":"BreadcrumbList","@id":"https:\/\/www.casaldelsinfants.org\/es\/actualidad\/entrevistakevincast\/#breadcrumb","itemListElement":[{"@type":"ListItem","position":1,"name":"Inici","item":"https:\/\/www.casaldelsinfants.org\/es\/"},{"@type":"ListItem","position":2,"name":"Kevin Tarrega: &#8220;Venir al Casal me ha dado una visi\u00f3n m\u00e1s social de mi alrededor&#8221;"}]},{"@type":"WebSite","@id":"https:\/\/www.casaldelsinfants.org\/es\/#website","url":"https:\/\/www.casaldelsinfants.org\/es\/","name":"Casal dels Infants","description":"","publisher":{"@id":"https:\/\/www.casaldelsinfants.org\/es\/#organization"},"potentialAction":[{"@type":"SearchAction","target":{"@type":"EntryPoint","urlTemplate":"https:\/\/www.casaldelsinfants.org\/es\/?s={search_term_string}"},"query-input":{"@type":"PropertyValueSpecification","valueRequired":true,"valueName":"search_term_string"}}],"inLanguage":"es"},{"@type":"Organization","@id":"https:\/\/www.casaldelsinfants.org\/es\/#organization","name":"Casal dels Infants","url":"https:\/\/www.casaldelsinfants.org\/es\/","logo":{"@type":"ImageObject","inLanguage":"es","@id":"https:\/\/www.casaldelsinfants.org\/es\/#\/schema\/logo\/image\/","url":"https:\/\/www.casaldelsinfants.org\/wp-content\/uploads\/logo-mail.png","contentUrl":"https:\/\/www.casaldelsinfants.org\/wp-content\/uploads\/logo-mail.png","width":380,"height":158,"caption":"Casal dels Infants"},"image":{"@id":"https:\/\/www.casaldelsinfants.org\/es\/#\/schema\/logo\/image\/"},"sameAs":["https:\/\/www.facebook.com\/casalinfants","https:\/\/x.com\/casalinfants","https:\/\/www.youtube.com\/user\/CasaldelsInfants1","https:\/\/www.instagram.com\/casalinfants\/","https:\/\/www.linkedin.com\/company\/casaldelsinfants?trk=organization-update_share-update_actor-text"]},{"@type":"Person","@id":"https:\/\/www.casaldelsinfants.org\/es\/#\/schema\/person\/e870791b50f03fd60f872e1cd83910fc","name":"julia"}]}},"publishpress_future_action":{"enabled":false,"date":"2026-05-07 11:03:42","action":"change-status","newStatus":"draft","terms":[],"taxonomy":"category","extraData":[]},"publishpress_future_workflow_manual_trigger":{"enabledWorkflows":[]},"_links":{"self":[{"href":"https:\/\/www.casaldelsinfants.org\/es\/wp-json\/wp\/v2\/posts\/13327","targetHints":{"allow":["GET"]}}],"collection":[{"href":"https:\/\/www.casaldelsinfants.org\/es\/wp-json\/wp\/v2\/posts"}],"about":[{"href":"https:\/\/www.casaldelsinfants.org\/es\/wp-json\/wp\/v2\/types\/post"}],"author":[{"embeddable":true,"href":"https:\/\/www.casaldelsinfants.org\/es\/wp-json\/wp\/v2\/users\/9"}],"replies":[{"embeddable":true,"href":"https:\/\/www.casaldelsinfants.org\/es\/wp-json\/wp\/v2\/comments?post=13327"}],"version-history":[{"count":1,"href":"https:\/\/www.casaldelsinfants.org\/es\/wp-json\/wp\/v2\/posts\/13327\/revisions"}],"predecessor-version":[{"id":13333,"href":"https:\/\/www.casaldelsinfants.org\/es\/wp-json\/wp\/v2\/posts\/13327\/revisions\/13333"}],"wp:attachment":[{"href":"https:\/\/www.casaldelsinfants.org\/es\/wp-json\/wp\/v2\/media?parent=13327"}],"wp:term":[{"taxonomy":"category","embeddable":true,"href":"https:\/\/www.casaldelsinfants.org\/es\/wp-json\/wp\/v2\/categories?post=13327"},{"taxonomy":"post_tag","embeddable":true,"href":"https:\/\/www.casaldelsinfants.org\/es\/wp-json\/wp\/v2\/tags?post=13327"},{"taxonomy":"seus","embeddable":true,"href":"https:\/\/www.casaldelsinfants.org\/es\/wp-json\/wp\/v2\/seus?post=13327"},{"taxonomy":"eixos","embeddable":true,"href":"https:\/\/www.casaldelsinfants.org\/es\/wp-json\/wp\/v2\/eixos?post=13327"}],"curies":[{"name":"wp","href":"https:\/\/api.w.org\/{rel}","templated":true}]}}